{"id":3131,"date":"2012-06-16T11:22:24","date_gmt":"2012-06-16T09:22:24","guid":{"rendered":"https:\/\/www.lactissima.com\/a-tire-d-ailes\/?p=3131"},"modified":"2022-10-14T16:16:15","modified_gmt":"2022-10-14T14:16:15","slug":"la-revue-de-presse-da-tire-dailes-19","status":"publish","type":"post","link":"https:\/\/www.lactissima.com\/a-tire-d-ailes\/la-revue-de-presse-da-tire-dailes-19\/","title":{"rendered":"La revue de presse d&rsquo;A tire d&rsquo;Ailes (19)"},"content":{"rendered":"<p style=\"text-align: justify;\"><a href=\"https:\/\/www.lactissima.com\/a-tire-d-ailes\/wp-content\/uploads\/journal.jpg\"><img loading=\"lazy\" decoding=\"async\" class=\"alignleft  wp-image-1613\" title=\"allaitement\" alt=\"\" src=\"https:\/\/www.lactissima.com\/a-tire-d-ailes\/wp-content\/uploads\/journal.jpg\" width=\"227\" height=\"294\" \/><\/a>Au cours du dernier <strong>mois<\/strong>, voici ce que j&rsquo;ai <strong>rep\u00e9r\u00e9<\/strong> pour vous :<\/p>\n<p style=\"text-align: justify;\">&#8211; <a href=\"http:\/\/www.lyoncapitale.fr\/Journal\/univers\/Politique\/Legislatives-2012\/Legislatives-3e-circonscription-Celine-Bos-veut-renouveler-la-classe-politique-francaise\" target=\"_blank\" rel=\"noopener noreferrer\">L&rsquo;allaitement <\/a>s&rsquo;invite dans la campagne des <strong>l\u00e9gislatives<\/strong> dans la bouche de C\u00e9line Bos :<br \/>\n\u00ab\u00a0Plus personnellement, je souhaiterai apporter une am\u00e9lioration au droit du <strong>travail<\/strong>, en mati\u00e8re de droit \u00e0 <strong>l&rsquo;allaitement<\/strong>. Je sais que certaines pensent que le soutien de l&rsquo;allaitement est un moyen d&rsquo;\u00e9loigner les femmes du march\u00e9 du travail. Afin que cela ne soit pas le cas, parce qu&rsquo;on peut vouloir allaiter son enfant et travailler, je souhaite r\u00e9duire le flou sur la question en ajoutant une mesure visant \u00e0 permettre \u00e0 la m\u00e8re, lorsque l&rsquo;allaitement n&rsquo;est pas possible, de mettre \u00e0 profit le temps pr\u00e9vu par la loi pour <strong>tirer son lait<\/strong>. Cette pr\u00e9cision n&rsquo;est pas faite, ce qui laisse les m\u00e8res sans d\u00e9fense, puisque m\u00eame l&rsquo;inspection du travail conseille dans un tel cas le cong\u00e9 parental. C&rsquo;est une mesure qui n&rsquo;a <strong>aucun co\u00fbt suppl\u00e9mentaire<\/strong>, ni pour la collectivit\u00e9, ni pour les entreprises qui doivent de toute fa\u00e7on accorder 1h par jour \u00e0 l&rsquo;allaitement (art. L1225-30).\u00a0\u00bb<\/p>\n<p style=\"text-align: justify;\">&#8211; Un bel article sur les m\u00e8res au foyer <strong>modernes<\/strong>.<\/p>\n<p style=\"text-align: justify;\">&#8211; <strong>Attention<\/strong> \u00e0 vous, <a href=\"http:\/\/www.magicmaman.com\/,allaitement-au-travail-une-jeune-maman-espionne-par-son-collegue,2224,2122861.asp\" target=\"_blank\" rel=\"noopener noreferrer\">tirer son lait<\/a> au travail peut stimuler les <strong>travers<\/strong> de vos coll\u00e8gues.<\/p>\n<p style=\"text-align: justify;\">&#8211; Un bon conseil d&rsquo;une <strong>coll\u00e8gue<\/strong> <a href=\"http:\/\/accompagnerlallaitement.blogspot.fr\/2012\/05\/et-si-vous-glissiez-une-cuiller-dans.html?spref=fb\" target=\"_blank\" rel=\"noopener noreferrer\">consultante en lactation<\/a>.<\/p>\n<p style=\"text-align: justify;\">&#8211; Maman Eprouvette nous offre un bon article sur l&rsquo;\u00e9volution du <a href=\"http:\/\/www.mamaneprouvette.com\/2012\/05\/la-composition-du-lait-maternel-pendant.html\" target=\"_blank\" rel=\"noopener noreferrer\">lait maternel<\/a> pendant la <strong>grossesse<\/strong>.<\/p>\n<p style=\"text-align: justify;\">&#8211; Une photo qui a fait <strong>scandale<\/strong> aux Etats-Unis mais que j&rsquo;aime beaucoup, montrant des femmes <strong>militaires<\/strong> allaitant leurs enfants.<\/p>\n<p style=\"text-align: justify;\">&#8211; L&rsquo;ajout d&rsquo;<strong>acides gras<\/strong> dans les laits infantiles n&rsquo;am\u00e9liore pas les capacit\u00e9s mentales des b\u00e9b\u00e9s alors que ces m\u00eames acides gras ont cet effet dans le lait maternel. Comme quoi, il ne suffit pas d&rsquo;ajouter un peu de poudre de perlimpinpin dans les laits artificiels pour que \u00e7a les fassent <strong>ressembler<\/strong> au lait maternel !<\/p>\n<p style=\"text-align: justify;\">&#8211; Un bon <strong>article<\/strong> sur le choix d&rsquo;allaiter.<\/p>\n<p style=\"text-align: justify;\">&#8211; Une tr\u00e8s belle <strong>lettre<\/strong> d&rsquo;une m\u00e8re \u00e0 son b\u00e9b\u00e9 allait\u00e9.<\/p>\n<p style=\"text-align: justify;\">&#8211; Une nouvelle \u00e9tude sur la pr\u00e9sence d&rsquo;<strong>omega 3<\/strong> dans le lait maternel.<\/p>\n<p style=\"text-align: justify;\">Bonne <strong>lecture<\/strong> ! Et surtout, n&rsquo;h\u00e9sitez pas \u00e0 nous faire <strong>partager<\/strong> vos d\u00e9couvertes <\/p>\n<p style=\"text-align: justify;\"><strong>Articles en rapport : <\/strong><\/p>\n<p style=\"text-align: justify;\">Voir l&rsquo;onglet <a title=\"Revues de presse\" href=\"https:\/\/www.lactissima.com\/a-tire-d-ailes\/revues-de-presse\/\" target=\"_blank\" rel=\"noopener noreferrer\">Revues de presse<\/a>.<\/p>\n<p style=\"text-align: justify;\">\n","protected":false},"excerpt":{"rendered":"<p>L&rsquo;allaitement s&rsquo;invite dans la campagne \u00e9lectorale des l\u00e9gislatives, de bons articles, une photo qui fait scandale, une \u00e9tude et une magnifique lettre d&rsquo;une m\u00e8re \u00e0 son b\u00e9b\u00e9.<\/p>\n","protected":false},"author":170,"featured_media":3483,"comment_status":"open","ping_status":"open","sticky":false,"template":"","format":"standard","meta":{"_et_pb_use_builder":"","_et_pb_old_content":"","_et_gb_content_width":"","footnotes":""},"categories":[242],"tags":[355,312,112,195,300,127,380,72],"class_list":["post-3131","post","type-post","status-publish","format-standard","has-post-thumbnail","hentry","category-revue-de-presse","tag-allaitant","tag-allaite","tag-allaiter","tag-consultante-en-lactation","tag-lallaitement","tag-lait-maternel","tag-meres-au-foyer","tag-tirer-son-lait"],"yoast_head":"<!-- This site is optimized with the Yoast SEO plugin v27.4 - https:\/\/yoast.com\/product\/yoast-seo-wordpress\/ -->\n<title>La revue de presse d&#039;A tire d&#039;Ailes (19)<\/title>\n<meta name=\"description\" content=\"L&#039;allaitement s&#039;invite dans la campagne \u00e9lectorale des l\u00e9gislatives, de bons articles, une photo qui fait scandale, une \u00e9tude et une magnifique lettre d&#039;une m\u00e8re \u00e0 son b\u00e9b\u00e9.\" \/>\n<meta name=\"robots\" content=\"index, follow, max-snippet:-1, max-image-preview:large, max-video-preview:-1\" \/>\n<link rel=\"canonical\" href=\"https:\/\/www.lactissima.com\/a-tire-d-ailes\/la-revue-de-presse-da-tire-dailes-19\/\" \/>\n<meta property=\"og:locale\" content=\"fr_FR\" \/>\n<meta property=\"og:type\" content=\"article\" \/>\n<meta property=\"og:title\" content=\"La revue de presse d&#039;A tire d&#039;Ailes (19)\" \/>\n<meta property=\"og:description\" content=\"L&#039;allaitement s&#039;invite dans la campagne \u00e9lectorale des l\u00e9gislatives, de bons articles, une photo qui fait scandale, une \u00e9tude et une magnifique lettre d&#039;une m\u00e8re \u00e0 son b\u00e9b\u00e9.\" \/>\n<meta property=\"og:url\" content=\"https:\/\/www.lactissima.com\/a-tire-d-ailes\/la-revue-de-presse-da-tire-dailes-19\/\" \/>\n<meta property=\"og:site_name\" content=\"A tire d&#039;Ailes\" \/>\n<meta property=\"article:publisher\" content=\"https:\/\/www.facebook.com\/consultante.en.lactation\" \/>\n<meta property=\"article:author\" content=\"www.facebook.com\/consultante.en.lactation\" \/>\n<meta property=\"article:published_time\" content=\"2012-06-16T09:22:24+00:00\" \/>\n<meta property=\"article:modified_time\" content=\"2022-10-14T14:16:15+00:00\" \/>\n<meta property=\"og:image\" content=\"https:\/\/www.lactissima.com\/a-tire-d-ailes\/wp-content\/uploads\/journal.jpg\" \/>\n\t<meta property=\"og:image:width\" content=\"336\" \/>\n\t<meta property=\"og:image:height\" content=\"436\" \/>\n\t<meta property=\"og:image:type\" content=\"image\/jpeg\" \/>\n<meta name=\"author\" content=\"V\u00e9ronique Darmangeat\" \/>\n<meta name=\"twitter:card\" content=\"summary_large_image\" \/>\n<meta name=\"twitter:creator\" content=\"@VeroniqueIBCLC\" \/>\n<meta name=\"twitter:site\" content=\"@VeroniqueIBCLC\" \/>\n<meta name=\"twitter:label1\" content=\"\u00c9crit par\" \/>\n\t<meta name=\"twitter:data1\" content=\"V\u00e9ronique Darmangeat\" \/>\n\t<meta name=\"twitter:label2\" content=\"Dur\u00e9e de lecture estim\u00e9e\" \/>\n\t<meta name=\"twitter:data2\" content=\"2 minutes\" \/>\n<script type=\"application\/ld+json\" class=\"yoast-schema-graph\">{\"@context\":\"https:\\\/\\\/schema.org\",\"@graph\":[{\"@type\":\"Article\",\"@id\":\"https:\\\/\\\/www.lactissima.com\\\/a-tire-d-ailes\\\/la-revue-de-presse-da-tire-dailes-19\\\/#article\",\"isPartOf\":{\"@id\":\"https:\\\/\\\/www.lactissima.com\\\/a-tire-d-ailes\\\/la-revue-de-presse-da-tire-dailes-19\\\/\"},\"author\":{\"name\":\"V\u00e9ronique Darmangeat\",\"@id\":\"https:\\\/\\\/www.lactissima.com\\\/a-tire-d-ailes\\\/#\\\/schema\\\/person\\\/8f98d3a89530861bc1240e6d53d44eed\"},\"headline\":\"La revue de presse d&rsquo;A tire d&rsquo;Ailes (19)\",\"datePublished\":\"2012-06-16T09:22:24+00:00\",\"dateModified\":\"2022-10-14T14:16:15+00:00\",\"mainEntityOfPage\":{\"@id\":\"https:\\\/\\\/www.lactissima.com\\\/a-tire-d-ailes\\\/la-revue-de-presse-da-tire-dailes-19\\\/\"},\"wordCount\":404,\"commentCount\":5,\"image\":{\"@id\":\"https:\\\/\\\/www.lactissima.com\\\/a-tire-d-ailes\\\/la-revue-de-presse-da-tire-dailes-19\\\/#primaryimage\"},\"thumbnailUrl\":\"https:\\\/\\\/www.lactissima.com\\\/a-tire-d-ailes\\\/wp-content\\\/uploads\\\/journal.jpg\",\"keywords\":[\"allaitant\",\"allaite\",\"allaiter\",\"consultante en lactation\",\"l'allaitement\",\"lait maternel\",\"m\u00e8res au foyer\",\"tirer son lait\"],\"articleSection\":[\"Revue de presse\"],\"inLanguage\":\"fr-FR\",\"potentialAction\":[{\"@type\":\"CommentAction\",\"name\":\"Comment\",\"target\":[\"https:\\\/\\\/www.lactissima.com\\\/a-tire-d-ailes\\\/la-revue-de-presse-da-tire-dailes-19\\\/#respond\"]}]},{\"@type\":\"WebPage\",\"@id\":\"https:\\\/\\\/www.lactissima.com\\\/a-tire-d-ailes\\\/la-revue-de-presse-da-tire-dailes-19\\\/\",\"url\":\"https:\\\/\\\/www.lactissima.com\\\/a-tire-d-ailes\\\/la-revue-de-presse-da-tire-dailes-19\\\/\",\"name\":\"La revue de presse d'A tire d'Ailes (19)\",\"isPartOf\":{\"@id\":\"https:\\\/\\\/www.lactissima.com\\\/a-tire-d-ailes\\\/#website\"},\"primaryImageOfPage\":{\"@id\":\"https:\\\/\\\/www.lactissima.com\\\/a-tire-d-ailes\\\/la-revue-de-presse-da-tire-dailes-19\\\/#primaryimage\"},\"image\":{\"@id\":\"https:\\\/\\\/www.lactissima.com\\\/a-tire-d-ailes\\\/la-revue-de-presse-da-tire-dailes-19\\\/#primaryimage\"},\"thumbnailUrl\":\"https:\\\/\\\/www.lactissima.com\\\/a-tire-d-ailes\\\/wp-content\\\/uploads\\\/journal.jpg\",\"datePublished\":\"2012-06-16T09:22:24+00:00\",\"dateModified\":\"2022-10-14T14:16:15+00:00\",\"author\":{\"@id\":\"https:\\\/\\\/www.lactissima.com\\\/a-tire-d-ailes\\\/#\\\/schema\\\/person\\\/8f98d3a89530861bc1240e6d53d44eed\"},\"description\":\"L'allaitement s'invite dans la campagne \u00e9lectorale des l\u00e9gislatives, de bons articles, une photo qui fait scandale, une \u00e9tude et une magnifique lettre d'une m\u00e8re \u00e0 son b\u00e9b\u00e9.\",\"breadcrumb\":{\"@id\":\"https:\\\/\\\/www.lactissima.com\\\/a-tire-d-ailes\\\/la-revue-de-presse-da-tire-dailes-19\\\/#breadcrumb\"},\"inLanguage\":\"fr-FR\",\"potentialAction\":[{\"@type\":\"ReadAction\",\"target\":[\"https:\\\/\\\/www.lactissima.com\\\/a-tire-d-ailes\\\/la-revue-de-presse-da-tire-dailes-19\\\/\"]}]},{\"@type\":\"ImageObject\",\"inLanguage\":\"fr-FR\",\"@id\":\"https:\\\/\\\/www.lactissima.com\\\/a-tire-d-ailes\\\/la-revue-de-presse-da-tire-dailes-19\\\/#primaryimage\",\"url\":\"https:\\\/\\\/www.lactissima.com\\\/a-tire-d-ailes\\\/wp-content\\\/uploads\\\/journal.jpg\",\"contentUrl\":\"https:\\\/\\\/www.lactissima.com\\\/a-tire-d-ailes\\\/wp-content\\\/uploads\\\/journal.jpg\",\"width\":\"336\",\"height\":\"436\"},{\"@type\":\"BreadcrumbList\",\"@id\":\"https:\\\/\\\/www.lactissima.com\\\/a-tire-d-ailes\\\/la-revue-de-presse-da-tire-dailes-19\\\/#breadcrumb\",\"itemListElement\":[{\"@type\":\"ListItem\",\"position\":1,\"name\":\"Accueil\",\"item\":\"https:\\\/\\\/www.lactissima.com\\\/a-tire-d-ailes\\\/\"},{\"@type\":\"ListItem\",\"position\":2,\"name\":\"La revue de presse d&rsquo;A tire d&rsquo;Ailes (19)\"}]},{\"@type\":\"WebSite\",\"@id\":\"https:\\\/\\\/www.lactissima.com\\\/a-tire-d-ailes\\\/#website\",\"url\":\"https:\\\/\\\/www.lactissima.com\\\/a-tire-d-ailes\\\/\",\"name\":\"A tire d&#039;Ailes\",\"description\":\"Le blog des femmes qui allaitent et travaillent.\",\"potentialAction\":[{\"@type\":\"SearchAction\",\"target\":{\"@type\":\"EntryPoint\",\"urlTemplate\":\"https:\\\/\\\/www.lactissima.com\\\/a-tire-d-ailes\\\/?s={search_term_string}\"},\"query-input\":{\"@type\":\"PropertyValueSpecification\",\"valueRequired\":true,\"valueName\":\"search_term_string\"}}],\"inLanguage\":\"fr-FR\"},{\"@type\":\"Person\",\"@id\":\"https:\\\/\\\/www.lactissima.com\\\/a-tire-d-ailes\\\/#\\\/schema\\\/person\\\/8f98d3a89530861bc1240e6d53d44eed\",\"name\":\"V\u00e9ronique Darmangeat\",\"image\":{\"@type\":\"ImageObject\",\"inLanguage\":\"fr-FR\",\"@id\":\"https:\\\/\\\/secure.gravatar.com\\\/avatar\\\/268c99344c89cebfe4f5df5fa8be43068a18884fc76a29f3206fae98465b9cab?s=96&d=identicon&r=g\",\"url\":\"https:\\\/\\\/secure.gravatar.com\\\/avatar\\\/268c99344c89cebfe4f5df5fa8be43068a18884fc76a29f3206fae98465b9cab?s=96&d=identicon&r=g\",\"contentUrl\":\"https:\\\/\\\/secure.gravatar.com\\\/avatar\\\/268c99344c89cebfe4f5df5fa8be43068a18884fc76a29f3206fae98465b9cab?s=96&d=identicon&r=g\",\"caption\":\"V\u00e9ronique Darmangeat\"},\"sameAs\":[\"https:\\\/\\\/www.lactissima.com\\\/a-tire-d-ailes\",\"www.facebook.com\\\/consultante.en.lactation\"]}]}<\/script>\n<!-- \/ Yoast SEO plugin. -->","yoast_head_json":{"title":"La revue de presse d'A tire d'Ailes (19)","description":"L'allaitement s'invite dans la campagne \u00e9lectorale des l\u00e9gislatives, de bons articles, une photo qui fait scandale, une \u00e9tude et une magnifique lettre d'une m\u00e8re \u00e0 son b\u00e9b\u00e9.","robots":{"index":"index","follow":"follow","max-snippet":"max-snippet:-1","max-image-preview":"max-image-preview:large","max-video-preview":"max-video-preview:-1"},"canonical":"https:\/\/www.lactissima.com\/a-tire-d-ailes\/la-revue-de-presse-da-tire-dailes-19\/","og_locale":"fr_FR","og_type":"article","og_title":"La revue de presse d'A tire d'Ailes (19)","og_description":"L'allaitement s'invite dans la campagne \u00e9lectorale des l\u00e9gislatives, de bons articles, une photo qui fait scandale, une \u00e9tude et une magnifique lettre d'une m\u00e8re \u00e0 son b\u00e9b\u00e9.","og_url":"https:\/\/www.lactissima.com\/a-tire-d-ailes\/la-revue-de-presse-da-tire-dailes-19\/","og_site_name":"A tire d&#039;Ailes","article_publisher":"https:\/\/www.facebook.com\/consultante.en.lactation","article_author":"www.facebook.com\/consultante.en.lactation","article_published_time":"2012-06-16T09:22:24+00:00","article_modified_time":"2022-10-14T14:16:15+00:00","og_image":[{"width":336,"height":436,"url":"https:\/\/www.lactissima.com\/a-tire-d-ailes\/wp-content\/uploads\/journal.jpg","type":"image\/jpeg"}],"author":"V\u00e9ronique Darmangeat","twitter_card":"summary_large_image","twitter_creator":"@VeroniqueIBCLC","twitter_site":"@VeroniqueIBCLC","twitter_misc":{"\u00c9crit par":"V\u00e9ronique Darmangeat","Dur\u00e9e de lecture estim\u00e9e":"2 minutes"},"schema":{"@context":"https:\/\/schema.org","@graph":[{"@type":"Article","@id":"https:\/\/www.lactissima.com\/a-tire-d-ailes\/la-revue-de-presse-da-tire-dailes-19\/#article","isPartOf":{"@id":"https:\/\/www.lactissima.com\/a-tire-d-ailes\/la-revue-de-presse-da-tire-dailes-19\/"},"author":{"name":"V\u00e9ronique Darmangeat","@id":"https:\/\/www.lactissima.com\/a-tire-d-ailes\/#\/schema\/person\/8f98d3a89530861bc1240e6d53d44eed"},"headline":"La revue de presse d&rsquo;A tire d&rsquo;Ailes (19)","datePublished":"2012-06-16T09:22:24+00:00","dateModified":"2022-10-14T14:16:15+00:00","mainEntityOfPage":{"@id":"https:\/\/www.lactissima.com\/a-tire-d-ailes\/la-revue-de-presse-da-tire-dailes-19\/"},"wordCount":404,"commentCount":5,"image":{"@id":"https:\/\/www.lactissima.com\/a-tire-d-ailes\/la-revue-de-presse-da-tire-dailes-19\/#primaryimage"},"thumbnailUrl":"https:\/\/www.lactissima.com\/a-tire-d-ailes\/wp-content\/uploads\/journal.jpg","keywords":["allaitant","allaite","allaiter","consultante en lactation","l'allaitement","lait maternel","m\u00e8res au foyer","tirer son lait"],"articleSection":["Revue de presse"],"inLanguage":"fr-FR","potentialAction":[{"@type":"CommentAction","name":"Comment","target":["https:\/\/www.lactissima.com\/a-tire-d-ailes\/la-revue-de-presse-da-tire-dailes-19\/#respond"]}]},{"@type":"WebPage","@id":"https:\/\/www.lactissima.com\/a-tire-d-ailes\/la-revue-de-presse-da-tire-dailes-19\/","url":"https:\/\/www.lactissima.com\/a-tire-d-ailes\/la-revue-de-presse-da-tire-dailes-19\/","name":"La revue de presse d'A tire d'Ailes (19)","isPartOf":{"@id":"https:\/\/www.lactissima.com\/a-tire-d-ailes\/#website"},"primaryImageOfPage":{"@id":"https:\/\/www.lactissima.com\/a-tire-d-ailes\/la-revue-de-presse-da-tire-dailes-19\/#primaryimage"},"image":{"@id":"https:\/\/www.lactissima.com\/a-tire-d-ailes\/la-revue-de-presse-da-tire-dailes-19\/#primaryimage"},"thumbnailUrl":"https:\/\/www.lactissima.com\/a-tire-d-ailes\/wp-content\/uploads\/journal.jpg","datePublished":"2012-06-16T09:22:24+00:00","dateModified":"2022-10-14T14:16:15+00:00","author":{"@id":"https:\/\/www.lactissima.com\/a-tire-d-ailes\/#\/schema\/person\/8f98d3a89530861bc1240e6d53d44eed"},"description":"L'allaitement s'invite dans la campagne \u00e9lectorale des l\u00e9gislatives, de bons articles, une photo qui fait scandale, une \u00e9tude et une magnifique lettre d'une m\u00e8re \u00e0 son b\u00e9b\u00e9.","breadcrumb":{"@id":"https:\/\/www.lactissima.com\/a-tire-d-ailes\/la-revue-de-presse-da-tire-dailes-19\/#breadcrumb"},"inLanguage":"fr-FR","potentialAction":[{"@type":"ReadAction","target":["https:\/\/www.lactissima.com\/a-tire-d-ailes\/la-revue-de-presse-da-tire-dailes-19\/"]}]},{"@type":"ImageObject","inLanguage":"fr-FR","@id":"https:\/\/www.lactissima.com\/a-tire-d-ailes\/la-revue-de-presse-da-tire-dailes-19\/#primaryimage","url":"https:\/\/www.lactissima.com\/a-tire-d-ailes\/wp-content\/uploads\/journal.jpg","contentUrl":"https:\/\/www.lactissima.com\/a-tire-d-ailes\/wp-content\/uploads\/journal.jpg","width":"336","height":"436"},{"@type":"BreadcrumbList","@id":"https:\/\/www.lactissima.com\/a-tire-d-ailes\/la-revue-de-presse-da-tire-dailes-19\/#breadcrumb","itemListElement":[{"@type":"ListItem","position":1,"name":"Accueil","item":"https:\/\/www.lactissima.com\/a-tire-d-ailes\/"},{"@type":"ListItem","position":2,"name":"La revue de presse d&rsquo;A tire d&rsquo;Ailes (19)"}]},{"@type":"WebSite","@id":"https:\/\/www.lactissima.com\/a-tire-d-ailes\/#website","url":"https:\/\/www.lactissima.com\/a-tire-d-ailes\/","name":"A tire d&#039;Ailes","description":"Le blog des femmes qui allaitent et travaillent.","potentialAction":[{"@type":"SearchAction","target":{"@type":"EntryPoint","urlTemplate":"https:\/\/www.lactissima.com\/a-tire-d-ailes\/?s={search_term_string}"},"query-input":{"@type":"PropertyValueSpecification","valueRequired":true,"valueName":"search_term_string"}}],"inLanguage":"fr-FR"},{"@type":"Person","@id":"https:\/\/www.lactissima.com\/a-tire-d-ailes\/#\/schema\/person\/8f98d3a89530861bc1240e6d53d44eed","name":"V\u00e9ronique Darmangeat","image":{"@type":"ImageObject","inLanguage":"fr-FR","@id":"https:\/\/secure.gravatar.com\/avatar\/268c99344c89cebfe4f5df5fa8be43068a18884fc76a29f3206fae98465b9cab?s=96&d=identicon&r=g","url":"https:\/\/secure.gravatar.com\/avatar\/268c99344c89cebfe4f5df5fa8be43068a18884fc76a29f3206fae98465b9cab?s=96&d=identicon&r=g","contentUrl":"https:\/\/secure.gravatar.com\/avatar\/268c99344c89cebfe4f5df5fa8be43068a18884fc76a29f3206fae98465b9cab?s=96&d=identicon&r=g","caption":"V\u00e9ronique Darmangeat"},"sameAs":["https:\/\/www.lactissima.com\/a-tire-d-ailes","www.facebook.com\/consultante.en.lactation"]}]}},"_links":{"self":[{"href":"https:\/\/www.lactissima.com\/a-tire-d-ailes\/wp-json\/wp\/v2\/posts\/3131","targetHints":{"allow":["GET"]}}],"collection":[{"href":"https:\/\/www.lactissima.com\/a-tire-d-ailes\/wp-json\/wp\/v2\/posts"}],"about":[{"href":"https:\/\/www.lactissima.com\/a-tire-d-ailes\/wp-json\/wp\/v2\/types\/post"}],"author":[{"embeddable":true,"href":"https:\/\/www.lactissima.com\/a-tire-d-ailes\/wp-json\/wp\/v2\/users\/170"}],"replies":[{"embeddable":true,"href":"https:\/\/www.lactissima.com\/a-tire-d-ailes\/wp-json\/wp\/v2\/comments?post=3131"}],"version-history":[{"count":14,"href":"https:\/\/www.lactissima.com\/a-tire-d-ailes\/wp-json\/wp\/v2\/posts\/3131\/revisions"}],"predecessor-version":[{"id":8725,"href":"https:\/\/www.lactissima.com\/a-tire-d-ailes\/wp-json\/wp\/v2\/posts\/3131\/revisions\/8725"}],"wp:featuredmedia":[{"embeddable":true,"href":"https:\/\/www.lactissima.com\/a-tire-d-ailes\/wp-json\/wp\/v2\/media\/3483"}],"wp:attachment":[{"href":"https:\/\/www.lactissima.com\/a-tire-d-ailes\/wp-json\/wp\/v2\/media?parent=3131"}],"wp:term":[{"taxonomy":"category","embeddable":true,"href":"https:\/\/www.lactissima.com\/a-tire-d-ailes\/wp-json\/wp\/v2\/categories?post=3131"},{"taxonomy":"post_tag","embeddable":true,"href":"https:\/\/www.lactissima.com\/a-tire-d-ailes\/wp-json\/wp\/v2\/tags?post=3131"}],"curies":[{"name":"wp","href":"https:\/\/api.w.org\/{rel}","templated":true}]}}