{"id":3094,"date":"2012-05-27T10:58:09","date_gmt":"2012-05-27T08:58:09","guid":{"rendered":"https:\/\/www.lactissima.com\/a-tire-d-ailes\/?p=3094"},"modified":"2014-03-15T16:42:35","modified_gmt":"2014-03-15T14:42:35","slug":"allaiter-et-travailler-le-temoignage-de-julie-2","status":"publish","type":"post","link":"https:\/\/www.lactissima.com\/a-tire-d-ailes\/allaiter-et-travailler-le-temoignage-de-julie-2\/","title":{"rendered":"Allaiter et travailler : le t\u00e9moignage de Julie"},"content":{"rendered":"<p style=\"text-align: justify;\"><strong><a href=\"https:\/\/www.lactissima.com\/a-tire-d-ailes\/wp-content\/uploads\/2012\/05\/allaitement-Paloma.jpg\"><img loading=\"lazy\" decoding=\"async\" class=\"alignright size-full wp-image-4467\" alt=\"allaitement Paloma\" src=\"https:\/\/www.lactissima.com\/a-tire-d-ailes\/wp-content\/uploads\/2012\/05\/allaitement-Paloma.jpg\" width=\"288\" height=\"288\" srcset=\"https:\/\/www.lactissima.com\/a-tire-d-ailes\/wp-content\/uploads\/2012\/05\/allaitement-Paloma.jpg 288w, https:\/\/www.lactissima.com\/a-tire-d-ailes\/wp-content\/uploads\/2012\/05\/allaitement-Paloma-150x150.jpg 150w\" sizes=\"(max-width: 288px) 100vw, 288px\" \/><\/a>Quel choix avez-vous fait au moment de la reprise du travail : sevrage ou poursuite de l&rsquo;allaitement ? Pourquoi ?<\/strong><\/p>\n<p style=\"text-align: justify;\"><strong><\/strong>Il n&rsquo;\u00e9tait m\u00eame pas envisageable de mettre un terme \u00e0 l&rsquo;<span style=\"color: #000000;\"><a title=\"l'allaitement\" href=\"http:\/\/www.allaiteraparis.fr\/aide-allaitement\" target=\"_blank\"><span style=\"color: #000000;\">allaitement<\/span><\/a><\/span>. J&rsquo;ai repris le boulot en novembre dernier, ma fille Paloma avait tout juste 4 mois. J&rsquo;avais d\u00e9j\u00e0 du mal \u00e0 m&rsquo;en s\u00e9parer pour retourner bosser, alors je ne voulais pas entendre parler de <a title=\"Le sevrage non souhait\u00e9 \u00e0 la reprise du travail\" href=\"https:\/\/www.lactissima.com\/a-tire-d-ailes\/?p=2319\" target=\"_blank\">sevrage<\/a>. D&rsquo;ailleurs, j&rsquo;avais fait une demande de place en <a title=\"Modes de garde et allaitement maternel\" href=\"https:\/\/www.lactissima.com\/a-tire-d-ailes\/?p=338\" target=\"_blank\">cr\u00e8che <\/a>dans ma ville et j&rsquo;ai \u00e9t\u00e9 re\u00e7ue par la directrice de l&rsquo;\u00e9tablissement qui m&rsquo;a pr\u00e9venue : pas question d&rsquo;accepter mon lait maternel, pour des questions de s\u00e9curit\u00e9 (et de cha\u00eene de froid, para\u00eet-il). J&rsquo;ai bien tent\u00e9 de lui expliquer que stocker du lait maternel dans son frigo n&rsquo;\u00e9tait pas plus dangereux que d&rsquo;y conserver des petits pots, mais elle n&rsquo;a rien voulu savoir. Bref, autant vous dire que j&rsquo;ai \u00e9t\u00e9 ravie de ne pas avoir de place en cr\u00e8che&#8230; Comme nous n&rsquo;avons pas trouv\u00e9 de mode de garde, c&rsquo;est finalement mon mari qui s&rsquo;est arr\u00eat\u00e9 de travailler pour s&rsquo;occuper de notre fille. Et comme il est lui aussi, \u00e0 200 % pro-allaitement, on peut dire que j&rsquo;ai \u00e9t\u00e9 super soutenue dans mon choix !<strong><br \/>\n<\/strong><\/p>\n<p style=\"text-align: justify;\"><strong>Comment vous \u00eates-vous organis\u00e9e ?<\/strong><\/p>\n<p style=\"text-align: justify;\"><strong><\/strong>Il para\u00eet que les femmes deviennent des pros de l&rsquo;organisation quand elles deviennent m\u00e8res. Pas moi. En gros, toutes mes copines me conseillaient de commencer \u00e0 faire des stocks de lait au moins un mois avant ma reprise, de congeler pour \u00eatre tranquille, de commencer \u00e0 donner \u00e0 Paloma un ou deux biberons de temps en temps, histoire de l&rsquo;habituer \u00e0 autre chose. Je les ai \u00e9cout\u00e9es, je me suis dit qu&rsquo;elles avaient trop raison&#8230; et j&rsquo;ai commenc\u00e9 \u00e0 tirer mon lait la veille de mon retour au boulot. Comme j&rsquo;\u00e9tais bien stress\u00e9e (j&rsquo;abandonne ma fille, elle va me manquer&#8230;), forc\u00e9ment, je n&rsquo;avais pas beaucoup de lait. Bref, j&rsquo;ai laborieusement tir\u00e9 deux petits biberons de 60 ml. La cata ! Heureusement, je travaille dans la presse et j&rsquo;ai des horaires plut\u00f4t cools. Du coup, d\u00e8s que mon b\u00e9b\u00e9 a aval\u00e9 ses deux biberons, mon mari m&rsquo;a pr\u00e9venue et j&rsquo;ai pu rentrer \u00e0 la maison avant qu&rsquo;elle ne redemande \u00e0 manger.<\/p>\n<p style=\"text-align: justify;\"><strong>Quelles ont \u00e9t\u00e9 vos principales difficult\u00e9s ?<\/strong><\/p>\n<p style=\"text-align: justify;\"><strong><\/strong>L&rsquo;organisation, vous l&rsquo;aurez compris, n&rsquo;est pas mon fort. Il a fallu que je m&rsquo;impose une discipline de fer pour int\u00e9grer la pause \u00ab\u00a0tire-lait\u00a0\u00bb \u00e0 mon emploi du temps. L&rsquo;avantage, c&rsquo;est que je dispose d&rsquo;un frigo au boulot pour stocker les biberons et que j&rsquo;ai la chance d&rsquo;avoir un bureau perso dans lequel je peux m&rsquo;enfermer en toute intimit\u00e9. Les premi\u00e8res semaines, je profitais de ma pause d\u00e9jeuner pour tirer mon lait. Mais comme je donne toujours une t\u00e9t\u00e9e \u00e0 ma fille avant de partir vers 10h00 le matin, c&rsquo;\u00e9tait un peu la p\u00e9nurie deux heures plus tard. J&rsquo;ai bien test\u00e9 plusieurs m\u00e9thodes pour <a title=\"Augmenter sa lactation avec le f\u00e9nugrec.\" href=\"https:\/\/www.lactissima.com\/a-tire-d-ailes\/?p=2109\" target=\"_blank\">favoriser la lactation<\/a>. L&rsquo;ovomaltine et les tisanes allaitement, d&rsquo;abord, que j&rsquo;ai trouv\u00e9 parfaitement immondes et pas vraiment efficaces. Et puis on m&rsquo;a parl\u00e9 de la bi\u00e8re sans alcool. L&rsquo;effet est exceptionnel. Il suffit d&rsquo;en boire une au moins une heure avant de tirer son lait et c&rsquo;est top.<\/p>\n<p style=\"text-align: justify;\">Aujourd&rsquo;hui, Paloma a 7 mois et je m&rsquo;organise un peu diff\u00e9remment. Je lui donne toujours une t\u00e9t\u00e9e vers 10h, puis je tire mon lait au boulot vers 17h30. En g\u00e9n\u00e9ral, j&rsquo;arrive \u00e0 pomper 300 \u00e0 450 ml en 15 minutes environ et gr\u00e2ce \u00e0 un double pompage. Si j&rsquo;ai rencontr\u00e9 des difficult\u00e9s au d\u00e9but, c&rsquo;est aussi parce que je n&rsquo;avais pas choisi le bon <a title=\"Le point sur les tire-lait\" href=\"https:\/\/www.lactissima.com\/a-tire-d-ailes\/?p=56\" target=\"_blank\">tire-lait \u00e9lectrique<\/a>. J&rsquo;avais achet\u00e9 le mod\u00e8le Harmony de chez Medela, parfait pour un pompage ponctuel (genre dans la voiture, avant d&rsquo;aller d\u00eener chez des potes, pour le biberon du soir parce que je n&rsquo;ai pas trop envie de sortir mon sein devant tout le monde. Je suis pudique, et oui) mais pas du tout adapt\u00e9 \u00e0 un pompage quotidien. J&rsquo;ai fini par louer le Symphony et j&rsquo;ai d\u00e9couvert la rolls des tire-laits ! J&rsquo;ai aussi achet\u00e9 un bustier \u00ab\u00a0mains-libres\u00a0\u00bb chez MamaNana ce qui me permet de continuer \u00e0 bosser (ou de surfer sur internet, j&rsquo;avoue) tout en tirant. Et croyez-moi, ne pas se focaliser sur le pompage (est-ce que je vais en tirer assez, pourquoi \u00e7a ne va pas plus vite&#8230;), c&rsquo;est le meilleur moyen de booster la lactation !<\/p>\n<p style=\"text-align: justify;\"><strong>Quels ont \u00e9t\u00e9 vos meilleurs moments ?<\/strong><\/p>\n<p style=\"text-align: justify;\">Le meilleur moment, c&rsquo;est quand je rentre \u00e0 la maison et que le visage de ma fille s&rsquo;illumine. Je la mets direct au sein et m\u00eame si elle n&rsquo;a pas faim, elle est ravie. Cela permet de nous retrouver toutes les deux, de faire un c\u00e2lin et je pense que j&rsquo;en ai autant besoin qu&rsquo;elle. Quand je ne bosse pas, pendant le weekend, les RTT et les vacances, pas question de lui donner des biberons, c&rsquo;est allaitement \u00e0 la demande. Mademoiselle a d&rsquo;ailleurs bien compris que c&rsquo;\u00e9tait open bar pour elle puisqu&rsquo;elle me r\u00e9veille souvent la nuit. Un peu fatiguant j&rsquo;avoue, mais \u00e7a permet d&rsquo;entretenir la lactation et ce lien tr\u00e8s fort entre nous. J&rsquo;aimerais l&rsquo;allaiter au moins deux ans et je pense que c&rsquo;est bien parti.<\/p>\n<p style=\"text-align: justify;\"><strong>Qu&rsquo;est-ce que vous souhaiteriez dire aux mamans qui doivent faire un choix dans les semaines \u00e0 venir ?<\/strong><\/p>\n<p style=\"text-align: justify;\">J&rsquo;encourage \u00e9videmment les mamans \u00e0 faire pareil mais j&rsquo;ai toutefois conscience d&rsquo;\u00eatre une privil\u00e9gi\u00e9e : j&rsquo;ai la chance d&rsquo;avoir un bureau confortable o\u00f9 je peux tirer mon lait (quand il faut faire \u00e7a aux toilettes, c&rsquo;est tout de suite plus compliqu\u00e9) et mes coll\u00e8gues sont hyper compr\u00e9hensifs (l&rsquo;une de mes coll\u00e9gues a allait\u00e9 sa fille deux ans et demi, c&rsquo;est dire). Si vous d\u00e9cidez de poursuivre l&rsquo;allaitement, je vous conseille surtout de louer un bon tire-lait \u00e9lectrique et d&rsquo;opter pour un double pompage, car cela vous fera gagner un temps pr\u00e9cieux.<\/p>\n<p style=\"text-align: justify;\"><strong>Ce serait \u00e0 refaire, vous referiez le m\u00eame choix ? Que changeriez-vous ?<\/strong><\/p>\n<p style=\"text-align: justify;\"><strong><\/strong>Je referai le m\u00eame choix pour mes autres enfants sans h\u00e9siter. J&rsquo;essaierai juste de mieux m&rsquo;organiser et de commencer \u00e0 stocker mon lait plusieurs semaines avant mon retour au boulot. J&rsquo;essaierai, hein&#8230;<\/p>\n<p style=\"text-align: justify;\"><strong>Julie, 32 ans, maman de Paloma, 7 mois<\/strong><\/p>\n<p style=\"text-align: justify;\"><strong>Articles en rapport :<\/strong><\/p>\n<ul>\n<li style=\"text-align: justify;\">Voir l&rsquo;onglet <a href=\"https:\/\/www.lactissima.com\/a-tire-d-ailes\/?page_id=1179\" target=\"_blank\">t\u00e9moignages<\/a><\/li>\n<\/ul>\n<p>&nbsp;<\/p>\n","protected":false},"excerpt":{"rendered":"<p>Julie ne voulait pas sevrer son b\u00e9b\u00e9. Elle a donc renonc\u00e9 \u00e0 une place en cr\u00e8che qui refusait le lait maternel et c&rsquo;est son mari qui a arr\u00eat\u00e9 de travailler pour s&rsquo;occuper de leur b\u00e9b\u00e9 et lui donner du lait maternel tir\u00e9.<\/p>\n","protected":false},"author":170,"featured_media":4467,"comment_status":"open","ping_status":"open","sticky":false,"template":"","format":"standard","meta":{"_et_pb_use_builder":"","_et_pb_old_content":"","_et_gb_content_width":"","footnotes":""},"categories":[36,150],"tags":[680,50,378,56,351],"class_list":["post-3094","post","type-post","status-publish","format-standard","has-post-thumbnail","hentry","category-allaitement-et-travail","category-temoignages","tag-allaitement","tag-creche","tag-favoriser-la-lactation","tag-sevrage","tag-tire-lait-electrique"],"yoast_head":"<!-- This site is optimized with the Yoast SEO plugin v27.4 - https:\/\/yoast.com\/product\/yoast-seo-wordpress\/ -->\n<title>Allaiter et travailler : le t\u00e9moignage de Julie<\/title>\n<meta name=\"description\" content=\"Julie ne voulait pas sevrer son b\u00e9b\u00e9. Elle a donc renonc\u00e9 \u00e0 une place en cr\u00e8che qui refusait le lait maternel et c&#039;est son mari qui a arr\u00eat\u00e9 de travailler pour s&#039;occuper de leur b\u00e9b\u00e9 et lui donner du lait maternel tir\u00e9.\" \/>\n<meta name=\"robots\" content=\"index, follow, max-snippet:-1, max-image-preview:large, max-video-preview:-1\" \/>\n<link rel=\"canonical\" href=\"https:\/\/www.lactissima.com\/a-tire-d-ailes\/allaiter-et-travailler-le-temoignage-de-julie-2\/\" \/>\n<meta property=\"og:locale\" content=\"fr_FR\" \/>\n<meta property=\"og:type\" content=\"article\" \/>\n<meta property=\"og:title\" content=\"Allaiter et travailler : le t\u00e9moignage de Julie\" \/>\n<meta property=\"og:description\" content=\"Julie ne voulait pas sevrer son b\u00e9b\u00e9. Elle a donc renonc\u00e9 \u00e0 une place en cr\u00e8che qui refusait le lait maternel et c&#039;est son mari qui a arr\u00eat\u00e9 de travailler pour s&#039;occuper de leur b\u00e9b\u00e9 et lui donner du lait maternel tir\u00e9.\" \/>\n<meta property=\"og:url\" content=\"https:\/\/www.lactissima.com\/a-tire-d-ailes\/allaiter-et-travailler-le-temoignage-de-julie-2\/\" \/>\n<meta property=\"og:site_name\" content=\"A tire d&#039;Ailes\" \/>\n<meta property=\"article:publisher\" content=\"https:\/\/www.facebook.com\/consultante.en.lactation\" \/>\n<meta property=\"article:author\" content=\"www.facebook.com\/consultante.en.lactation\" \/>\n<meta property=\"article:published_time\" content=\"2012-05-27T08:58:09+00:00\" \/>\n<meta property=\"article:modified_time\" content=\"2014-03-15T14:42:35+00:00\" \/>\n<meta property=\"og:image\" content=\"https:\/\/www.lactissima.com\/a-tire-d-ailes\/wp-content\/uploads\/2012\/05\/allaitement-Paloma.jpg\" \/>\n\t<meta property=\"og:image:width\" content=\"288\" \/>\n\t<meta property=\"og:image:height\" content=\"288\" \/>\n\t<meta property=\"og:image:type\" content=\"image\/jpeg\" \/>\n<meta name=\"author\" content=\"V\u00e9ronique Darmangeat\" \/>\n<meta name=\"twitter:card\" content=\"summary_large_image\" \/>\n<meta name=\"twitter:creator\" content=\"@VeroniqueIBCLC\" \/>\n<meta name=\"twitter:site\" content=\"@VeroniqueIBCLC\" \/>\n<meta name=\"twitter:label1\" content=\"\u00c9crit par\" \/>\n\t<meta name=\"twitter:data1\" content=\"V\u00e9ronique Darmangeat\" \/>\n\t<meta name=\"twitter:label2\" content=\"Dur\u00e9e de lecture estim\u00e9e\" \/>\n\t<meta name=\"twitter:data2\" content=\"5 minutes\" \/>\n<script type=\"application\/ld+json\" class=\"yoast-schema-graph\">{\"@context\":\"https:\\\/\\\/schema.org\",\"@graph\":[{\"@type\":\"Article\",\"@id\":\"https:\\\/\\\/www.lactissima.com\\\/a-tire-d-ailes\\\/allaiter-et-travailler-le-temoignage-de-julie-2\\\/#article\",\"isPartOf\":{\"@id\":\"https:\\\/\\\/www.lactissima.com\\\/a-tire-d-ailes\\\/allaiter-et-travailler-le-temoignage-de-julie-2\\\/\"},\"author\":{\"name\":\"V\u00e9ronique Darmangeat\",\"@id\":\"https:\\\/\\\/www.lactissima.com\\\/a-tire-d-ailes\\\/#\\\/schema\\\/person\\\/8f98d3a89530861bc1240e6d53d44eed\"},\"headline\":\"Allaiter et travailler : le t\u00e9moignage de Julie\",\"datePublished\":\"2012-05-27T08:58:09+00:00\",\"dateModified\":\"2014-03-15T14:42:35+00:00\",\"mainEntityOfPage\":{\"@id\":\"https:\\\/\\\/www.lactissima.com\\\/a-tire-d-ailes\\\/allaiter-et-travailler-le-temoignage-de-julie-2\\\/\"},\"wordCount\":1130,\"commentCount\":2,\"image\":{\"@id\":\"https:\\\/\\\/www.lactissima.com\\\/a-tire-d-ailes\\\/allaiter-et-travailler-le-temoignage-de-julie-2\\\/#primaryimage\"},\"thumbnailUrl\":\"https:\\\/\\\/www.lactissima.com\\\/a-tire-d-ailes\\\/wp-content\\\/uploads\\\/2012\\\/05\\\/allaitement-Paloma.jpg\",\"keywords\":[\"Allaitement\",\"cr\u00e8che\",\"favoriser la lactation\",\"Sevrage\",\"tire-lait \u00e9lectrique\"],\"articleSection\":[\"Allaitement et Travail\",\"t\u00e9moignages\"],\"inLanguage\":\"fr-FR\",\"potentialAction\":[{\"@type\":\"CommentAction\",\"name\":\"Comment\",\"target\":[\"https:\\\/\\\/www.lactissima.com\\\/a-tire-d-ailes\\\/allaiter-et-travailler-le-temoignage-de-julie-2\\\/#respond\"]}]},{\"@type\":\"WebPage\",\"@id\":\"https:\\\/\\\/www.lactissima.com\\\/a-tire-d-ailes\\\/allaiter-et-travailler-le-temoignage-de-julie-2\\\/\",\"url\":\"https:\\\/\\\/www.lactissima.com\\\/a-tire-d-ailes\\\/allaiter-et-travailler-le-temoignage-de-julie-2\\\/\",\"name\":\"Allaiter et travailler : le t\u00e9moignage de Julie\",\"isPartOf\":{\"@id\":\"https:\\\/\\\/www.lactissima.com\\\/a-tire-d-ailes\\\/#website\"},\"primaryImageOfPage\":{\"@id\":\"https:\\\/\\\/www.lactissima.com\\\/a-tire-d-ailes\\\/allaiter-et-travailler-le-temoignage-de-julie-2\\\/#primaryimage\"},\"image\":{\"@id\":\"https:\\\/\\\/www.lactissima.com\\\/a-tire-d-ailes\\\/allaiter-et-travailler-le-temoignage-de-julie-2\\\/#primaryimage\"},\"thumbnailUrl\":\"https:\\\/\\\/www.lactissima.com\\\/a-tire-d-ailes\\\/wp-content\\\/uploads\\\/2012\\\/05\\\/allaitement-Paloma.jpg\",\"datePublished\":\"2012-05-27T08:58:09+00:00\",\"dateModified\":\"2014-03-15T14:42:35+00:00\",\"author\":{\"@id\":\"https:\\\/\\\/www.lactissima.com\\\/a-tire-d-ailes\\\/#\\\/schema\\\/person\\\/8f98d3a89530861bc1240e6d53d44eed\"},\"description\":\"Julie ne voulait pas sevrer son b\u00e9b\u00e9. Elle a donc renonc\u00e9 \u00e0 une place en cr\u00e8che qui refusait le lait maternel et c'est son mari qui a arr\u00eat\u00e9 de travailler pour s'occuper de leur b\u00e9b\u00e9 et lui donner du lait maternel tir\u00e9.\",\"breadcrumb\":{\"@id\":\"https:\\\/\\\/www.lactissima.com\\\/a-tire-d-ailes\\\/allaiter-et-travailler-le-temoignage-de-julie-2\\\/#breadcrumb\"},\"inLanguage\":\"fr-FR\",\"potentialAction\":[{\"@type\":\"ReadAction\",\"target\":[\"https:\\\/\\\/www.lactissima.com\\\/a-tire-d-ailes\\\/allaiter-et-travailler-le-temoignage-de-julie-2\\\/\"]}]},{\"@type\":\"ImageObject\",\"inLanguage\":\"fr-FR\",\"@id\":\"https:\\\/\\\/www.lactissima.com\\\/a-tire-d-ailes\\\/allaiter-et-travailler-le-temoignage-de-julie-2\\\/#primaryimage\",\"url\":\"https:\\\/\\\/www.lactissima.com\\\/a-tire-d-ailes\\\/wp-content\\\/uploads\\\/2012\\\/05\\\/allaitement-Paloma.jpg\",\"contentUrl\":\"https:\\\/\\\/www.lactissima.com\\\/a-tire-d-ailes\\\/wp-content\\\/uploads\\\/2012\\\/05\\\/allaitement-Paloma.jpg\",\"width\":288,\"height\":288},{\"@type\":\"BreadcrumbList\",\"@id\":\"https:\\\/\\\/www.lactissima.com\\\/a-tire-d-ailes\\\/allaiter-et-travailler-le-temoignage-de-julie-2\\\/#breadcrumb\",\"itemListElement\":[{\"@type\":\"ListItem\",\"position\":1,\"name\":\"Accueil\",\"item\":\"https:\\\/\\\/www.lactissima.com\\\/a-tire-d-ailes\\\/\"},{\"@type\":\"ListItem\",\"position\":2,\"name\":\"Allaiter et travailler : le t\u00e9moignage de Julie\"}]},{\"@type\":\"WebSite\",\"@id\":\"https:\\\/\\\/www.lactissima.com\\\/a-tire-d-ailes\\\/#website\",\"url\":\"https:\\\/\\\/www.lactissima.com\\\/a-tire-d-ailes\\\/\",\"name\":\"A tire d&#039;Ailes\",\"description\":\"Le blog des femmes qui allaitent et travaillent.\",\"potentialAction\":[{\"@type\":\"SearchAction\",\"target\":{\"@type\":\"EntryPoint\",\"urlTemplate\":\"https:\\\/\\\/www.lactissima.com\\\/a-tire-d-ailes\\\/?s={search_term_string}\"},\"query-input\":{\"@type\":\"PropertyValueSpecification\",\"valueRequired\":true,\"valueName\":\"search_term_string\"}}],\"inLanguage\":\"fr-FR\"},{\"@type\":\"Person\",\"@id\":\"https:\\\/\\\/www.lactissima.com\\\/a-tire-d-ailes\\\/#\\\/schema\\\/person\\\/8f98d3a89530861bc1240e6d53d44eed\",\"name\":\"V\u00e9ronique Darmangeat\",\"image\":{\"@type\":\"ImageObject\",\"inLanguage\":\"fr-FR\",\"@id\":\"https:\\\/\\\/secure.gravatar.com\\\/avatar\\\/268c99344c89cebfe4f5df5fa8be43068a18884fc76a29f3206fae98465b9cab?s=96&d=identicon&r=g\",\"url\":\"https:\\\/\\\/secure.gravatar.com\\\/avatar\\\/268c99344c89cebfe4f5df5fa8be43068a18884fc76a29f3206fae98465b9cab?s=96&d=identicon&r=g\",\"contentUrl\":\"https:\\\/\\\/secure.gravatar.com\\\/avatar\\\/268c99344c89cebfe4f5df5fa8be43068a18884fc76a29f3206fae98465b9cab?s=96&d=identicon&r=g\",\"caption\":\"V\u00e9ronique Darmangeat\"},\"sameAs\":[\"https:\\\/\\\/www.lactissima.com\\\/a-tire-d-ailes\",\"www.facebook.com\\\/consultante.en.lactation\"]}]}<\/script>\n<!-- \/ Yoast SEO plugin. -->","yoast_head_json":{"title":"Allaiter et travailler : le t\u00e9moignage de Julie","description":"Julie ne voulait pas sevrer son b\u00e9b\u00e9. Elle a donc renonc\u00e9 \u00e0 une place en cr\u00e8che qui refusait le lait maternel et c'est son mari qui a arr\u00eat\u00e9 de travailler pour s'occuper de leur b\u00e9b\u00e9 et lui donner du lait maternel tir\u00e9.","robots":{"index":"index","follow":"follow","max-snippet":"max-snippet:-1","max-image-preview":"max-image-preview:large","max-video-preview":"max-video-preview:-1"},"canonical":"https:\/\/www.lactissima.com\/a-tire-d-ailes\/allaiter-et-travailler-le-temoignage-de-julie-2\/","og_locale":"fr_FR","og_type":"article","og_title":"Allaiter et travailler : le t\u00e9moignage de Julie","og_description":"Julie ne voulait pas sevrer son b\u00e9b\u00e9. Elle a donc renonc\u00e9 \u00e0 une place en cr\u00e8che qui refusait le lait maternel et c'est son mari qui a arr\u00eat\u00e9 de travailler pour s'occuper de leur b\u00e9b\u00e9 et lui donner du lait maternel tir\u00e9.","og_url":"https:\/\/www.lactissima.com\/a-tire-d-ailes\/allaiter-et-travailler-le-temoignage-de-julie-2\/","og_site_name":"A tire d&#039;Ailes","article_publisher":"https:\/\/www.facebook.com\/consultante.en.lactation","article_author":"www.facebook.com\/consultante.en.lactation","article_published_time":"2012-05-27T08:58:09+00:00","article_modified_time":"2014-03-15T14:42:35+00:00","og_image":[{"width":288,"height":288,"url":"https:\/\/www.lactissima.com\/a-tire-d-ailes\/wp-content\/uploads\/2012\/05\/allaitement-Paloma.jpg","type":"image\/jpeg"}],"author":"V\u00e9ronique Darmangeat","twitter_card":"summary_large_image","twitter_creator":"@VeroniqueIBCLC","twitter_site":"@VeroniqueIBCLC","twitter_misc":{"\u00c9crit par":"V\u00e9ronique Darmangeat","Dur\u00e9e de lecture estim\u00e9e":"5 minutes"},"schema":{"@context":"https:\/\/schema.org","@graph":[{"@type":"Article","@id":"https:\/\/www.lactissima.com\/a-tire-d-ailes\/allaiter-et-travailler-le-temoignage-de-julie-2\/#article","isPartOf":{"@id":"https:\/\/www.lactissima.com\/a-tire-d-ailes\/allaiter-et-travailler-le-temoignage-de-julie-2\/"},"author":{"name":"V\u00e9ronique Darmangeat","@id":"https:\/\/www.lactissima.com\/a-tire-d-ailes\/#\/schema\/person\/8f98d3a89530861bc1240e6d53d44eed"},"headline":"Allaiter et travailler : le t\u00e9moignage de Julie","datePublished":"2012-05-27T08:58:09+00:00","dateModified":"2014-03-15T14:42:35+00:00","mainEntityOfPage":{"@id":"https:\/\/www.lactissima.com\/a-tire-d-ailes\/allaiter-et-travailler-le-temoignage-de-julie-2\/"},"wordCount":1130,"commentCount":2,"image":{"@id":"https:\/\/www.lactissima.com\/a-tire-d-ailes\/allaiter-et-travailler-le-temoignage-de-julie-2\/#primaryimage"},"thumbnailUrl":"https:\/\/www.lactissima.com\/a-tire-d-ailes\/wp-content\/uploads\/2012\/05\/allaitement-Paloma.jpg","keywords":["Allaitement","cr\u00e8che","favoriser la lactation","Sevrage","tire-lait \u00e9lectrique"],"articleSection":["Allaitement et Travail","t\u00e9moignages"],"inLanguage":"fr-FR","potentialAction":[{"@type":"CommentAction","name":"Comment","target":["https:\/\/www.lactissima.com\/a-tire-d-ailes\/allaiter-et-travailler-le-temoignage-de-julie-2\/#respond"]}]},{"@type":"WebPage","@id":"https:\/\/www.lactissima.com\/a-tire-d-ailes\/allaiter-et-travailler-le-temoignage-de-julie-2\/","url":"https:\/\/www.lactissima.com\/a-tire-d-ailes\/allaiter-et-travailler-le-temoignage-de-julie-2\/","name":"Allaiter et travailler : le t\u00e9moignage de Julie","isPartOf":{"@id":"https:\/\/www.lactissima.com\/a-tire-d-ailes\/#website"},"primaryImageOfPage":{"@id":"https:\/\/www.lactissima.com\/a-tire-d-ailes\/allaiter-et-travailler-le-temoignage-de-julie-2\/#primaryimage"},"image":{"@id":"https:\/\/www.lactissima.com\/a-tire-d-ailes\/allaiter-et-travailler-le-temoignage-de-julie-2\/#primaryimage"},"thumbnailUrl":"https:\/\/www.lactissima.com\/a-tire-d-ailes\/wp-content\/uploads\/2012\/05\/allaitement-Paloma.jpg","datePublished":"2012-05-27T08:58:09+00:00","dateModified":"2014-03-15T14:42:35+00:00","author":{"@id":"https:\/\/www.lactissima.com\/a-tire-d-ailes\/#\/schema\/person\/8f98d3a89530861bc1240e6d53d44eed"},"description":"Julie ne voulait pas sevrer son b\u00e9b\u00e9. Elle a donc renonc\u00e9 \u00e0 une place en cr\u00e8che qui refusait le lait maternel et c'est son mari qui a arr\u00eat\u00e9 de travailler pour s'occuper de leur b\u00e9b\u00e9 et lui donner du lait maternel tir\u00e9.","breadcrumb":{"@id":"https:\/\/www.lactissima.com\/a-tire-d-ailes\/allaiter-et-travailler-le-temoignage-de-julie-2\/#breadcrumb"},"inLanguage":"fr-FR","potentialAction":[{"@type":"ReadAction","target":["https:\/\/www.lactissima.com\/a-tire-d-ailes\/allaiter-et-travailler-le-temoignage-de-julie-2\/"]}]},{"@type":"ImageObject","inLanguage":"fr-FR","@id":"https:\/\/www.lactissima.com\/a-tire-d-ailes\/allaiter-et-travailler-le-temoignage-de-julie-2\/#primaryimage","url":"https:\/\/www.lactissima.com\/a-tire-d-ailes\/wp-content\/uploads\/2012\/05\/allaitement-Paloma.jpg","contentUrl":"https:\/\/www.lactissima.com\/a-tire-d-ailes\/wp-content\/uploads\/2012\/05\/allaitement-Paloma.jpg","width":288,"height":288},{"@type":"BreadcrumbList","@id":"https:\/\/www.lactissima.com\/a-tire-d-ailes\/allaiter-et-travailler-le-temoignage-de-julie-2\/#breadcrumb","itemListElement":[{"@type":"ListItem","position":1,"name":"Accueil","item":"https:\/\/www.lactissima.com\/a-tire-d-ailes\/"},{"@type":"ListItem","position":2,"name":"Allaiter et travailler : le t\u00e9moignage de Julie"}]},{"@type":"WebSite","@id":"https:\/\/www.lactissima.com\/a-tire-d-ailes\/#website","url":"https:\/\/www.lactissima.com\/a-tire-d-ailes\/","name":"A tire d&#039;Ailes","description":"Le blog des femmes qui allaitent et travaillent.","potentialAction":[{"@type":"SearchAction","target":{"@type":"EntryPoint","urlTemplate":"https:\/\/www.lactissima.com\/a-tire-d-ailes\/?s={search_term_string}"},"query-input":{"@type":"PropertyValueSpecification","valueRequired":true,"valueName":"search_term_string"}}],"inLanguage":"fr-FR"},{"@type":"Person","@id":"https:\/\/www.lactissima.com\/a-tire-d-ailes\/#\/schema\/person\/8f98d3a89530861bc1240e6d53d44eed","name":"V\u00e9ronique Darmangeat","image":{"@type":"ImageObject","inLanguage":"fr-FR","@id":"https:\/\/secure.gravatar.com\/avatar\/268c99344c89cebfe4f5df5fa8be43068a18884fc76a29f3206fae98465b9cab?s=96&d=identicon&r=g","url":"https:\/\/secure.gravatar.com\/avatar\/268c99344c89cebfe4f5df5fa8be43068a18884fc76a29f3206fae98465b9cab?s=96&d=identicon&r=g","contentUrl":"https:\/\/secure.gravatar.com\/avatar\/268c99344c89cebfe4f5df5fa8be43068a18884fc76a29f3206fae98465b9cab?s=96&d=identicon&r=g","caption":"V\u00e9ronique Darmangeat"},"sameAs":["https:\/\/www.lactissima.com\/a-tire-d-ailes","www.facebook.com\/consultante.en.lactation"]}]}},"_links":{"self":[{"href":"https:\/\/www.lactissima.com\/a-tire-d-ailes\/wp-json\/wp\/v2\/posts\/3094","targetHints":{"allow":["GET"]}}],"collection":[{"href":"https:\/\/www.lactissima.com\/a-tire-d-ailes\/wp-json\/wp\/v2\/posts"}],"about":[{"href":"https:\/\/www.lactissima.com\/a-tire-d-ailes\/wp-json\/wp\/v2\/types\/post"}],"author":[{"embeddable":true,"href":"https:\/\/www.lactissima.com\/a-tire-d-ailes\/wp-json\/wp\/v2\/users\/170"}],"replies":[{"embeddable":true,"href":"https:\/\/www.lactissima.com\/a-tire-d-ailes\/wp-json\/wp\/v2\/comments?post=3094"}],"version-history":[{"count":8,"href":"https:\/\/www.lactissima.com\/a-tire-d-ailes\/wp-json\/wp\/v2\/posts\/3094\/revisions"}],"predecessor-version":[{"id":5278,"href":"https:\/\/www.lactissima.com\/a-tire-d-ailes\/wp-json\/wp\/v2\/posts\/3094\/revisions\/5278"}],"wp:featuredmedia":[{"embeddable":true,"href":"https:\/\/www.lactissima.com\/a-tire-d-ailes\/wp-json\/wp\/v2\/media\/4467"}],"wp:attachment":[{"href":"https:\/\/www.lactissima.com\/a-tire-d-ailes\/wp-json\/wp\/v2\/media?parent=3094"}],"wp:term":[{"taxonomy":"category","embeddable":true,"href":"https:\/\/www.lactissima.com\/a-tire-d-ailes\/wp-json\/wp\/v2\/categories?post=3094"},{"taxonomy":"post_tag","embeddable":true,"href":"https:\/\/www.lactissima.com\/a-tire-d-ailes\/wp-json\/wp\/v2\/tags?post=3094"}],"curies":[{"name":"wp","href":"https:\/\/api.w.org\/{rel}","templated":true}]}}