{"id":3085,"date":"2012-05-18T12:29:58","date_gmt":"2012-05-18T10:29:58","guid":{"rendered":"https:\/\/www.lactissima.com\/a-tire-d-ailes\/?p=3085"},"modified":"2017-05-03T14:31:28","modified_gmt":"2017-05-03T12:31:28","slug":"allaiter-et-travailler-le-temoignage-de-virginie-2","status":"publish","type":"post","link":"https:\/\/www.lactissima.com\/a-tire-d-ailes\/allaiter-et-travailler-le-temoignage-de-virginie-2\/","title":{"rendered":"Allaiter et travailler : le t\u00e9moignage de Virginie"},"content":{"rendered":"<p style=\"text-align: justify;\"><strong><a href=\"https:\/\/www.lactissima.com\/a-tire-d-ailes\/wp-content\/uploads\/allaitement-virginie.jpg\"><img loading=\"lazy\" decoding=\"async\" class=\"alignright  wp-image-3086\" title=\"allaitement virginie\" alt=\"\" src=\"https:\/\/www.lactissima.com\/a-tire-d-ailes\/wp-content\/uploads\/allaitement-virginie.jpg\" width=\"269\" height=\"358\" \/><\/a>Quel choix avez-vous fait au moment de la reprise du travail : sevrage ou poursuite de l&rsquo;allaitement ? Pourquoi ?<\/strong><\/p>\n<p style=\"text-align: justify;\">J&rsquo;ai repris le travail \u00e0 100% aux neuf mois de ma fille (mon premier enfant) apr\u00e8s un cong\u00e9 maternit\u00e9 et un cong\u00e9 parental de six mois. Nous avons choisi de poursuivre l&rsquo;<span style=\"color: #000000;\"><a title=\"allaitement maternel\" href=\"http:\/\/www.allaiteraparis.fr\/consultante-en-lactation\" target=\"_blank\"><span style=\"color: #000000;\">allaitement<\/span><\/a><\/span> malgr\u00e9 la reprise du travail car notre objectif est le <span style=\"color: #000000;\"><a title=\"sevrage\" href=\"http:\/\/www.allaiteraparis.fr\/aide-allaitement\" target=\"_blank\"><span style=\"color: #000000;\">sevrage naturel<\/span><\/a><\/span>. Tant que nous ne rencontrons pas de probl\u00e8mes majeurs, je ne vois pas d&rsquo;autre raison qui me pousserait \u00e0 sevrer ma fille. Cela fait donc un mois et demi que cela dure et nous avons trouv\u00e9 notre rythme.<\/p>\n<p style=\"text-align: justify;\"><strong>Comment vous \u00eates-vous organis\u00e9e ?<\/strong><\/p>\n<p style=\"text-align: justify;\">J&rsquo;ai lu attentivement l&rsquo;ouvrage de Claude-Suzanne Didierjean-Jouveau sur <a title=\"Parution d'un livre sur l'allaitement et le travail\" href=\"https:\/\/www.lactissima.com\/a-tire-d-ailes\/?p=813\" target=\"_blank\">l&rsquo;allaitement et la reprise du travail<\/a> ainsi que le num\u00e9ro sp\u00e9cial d&rsquo;Allaiter Aujourd&rsquo;hui sur le sujet. J&rsquo;ai pris rendez-vous avec ma <span style=\"color: #000000;\"><a title=\"conseill\u00e8re en allaitement\" href=\"http:\/\/www.allaiteraparis.fr\/consultante-en-lactation\" target=\"_blank\"><span style=\"color: #000000;\">consultante en lactation<\/span><\/a><\/span> peu avant la reprise pour pr\u00e9parer mon retour au travail. J&rsquo;ai lou\u00e9 un tire-lait \u00e9lectrique via Grandir Nature, toujours sur les conseils de ma consultante. J&rsquo;ai tent\u00e9 de donner des biberons de mon lait \u00e0 ma fille mais elle n&rsquo;en a jamais voulu donc j&rsquo;ai rapidement abandonn\u00e9 me disant -suite \u00e0 mes lectures- qu&rsquo;elle l&rsquo;accepterait le moment venu, ce qui a \u00e9t\u00e9 le cas. En effet, l&rsquo;assistante maternelle qui garde ma fille, apr\u00e8s divers essais avec diverses t\u00e9tines, a r\u00e9ussi \u00e0 lui faire accepter le biberon et depuis tout roule ! Enfin, gr\u00e2ce \u00e0 la pratique du \u00ab\u00a0cododo\u00a0\u00bb je peux donner les t\u00e9t\u00e9es nocturnes encore nombreuses sans me fatiguer et j&rsquo;arrive ainsi \u00e0 assurer mes journ\u00e9es de travail.<\/p>\n<p style=\"text-align: justify;\"><strong>Quelles ont \u00e9t\u00e9 vos principales difficult\u00e9s ?<\/strong><\/p>\n<p style=\"text-align: justify;\">Les premiers jours chez l&rsquo;assistante maternelle m&rsquo;ont fait un peu douter -et ont inqui\u00e9t\u00e9 la nounou \u00e9galement- car ma fille refusait cat\u00e9goriquement mon lait, mon petit stock de lait a fini tr\u00e8s souvent dans l&rsquo;\u00e9vier, \u00e0 mon grand regret. Mais au bout de quinze jours elle a bu son premier biberon complet et j&rsquo;ai \u00e9t\u00e9 rassur\u00e9e. Ce qu&rsquo;il faut pr\u00e9ciser c&rsquo;est qu&rsquo;elle t\u00e9tait \u00e9norm\u00e9ment \u00e0 la maison, en soir\u00e9e et pendant la nuit.<\/p>\n<p style=\"text-align: justify;\">Une autre difficult\u00e9 est le regard de certaines coll\u00e8gues de travail. Il m&rsquo;a \u00e9t\u00e9 difficile d&rsquo;obtenir ces pauses, quant \u00e0 les faire accepter ou comprendre, j&rsquo;ai abandonn\u00e9. Je n&rsquo;en parle plus, c&rsquo;est plus simple.<\/p>\n<p style=\"text-align: justify;\"><strong>Quels ont \u00e9t\u00e9 vos meilleurs moments ?<\/strong><\/p>\n<p style=\"text-align: justify;\">Le meilleur moment c&rsquo;est la t\u00e9t\u00e9e de retrouvailles apr\u00e8s une longue journ\u00e9e de travail, ma fille qui s&rsquo;arr\u00eate de t\u00e9ter, le sein toujours en bouche et qui me sourit c&rsquo;est un grand bonheur. Un autre moment que j&rsquo;appr\u00e9cie c&rsquo;est quand mon mari vient avec ma fille pendant une de mes pauses pour remplacer le tire-lait par une t\u00e9t\u00e9e.<\/p>\n<p style=\"text-align: justify;\"><strong>Qu&rsquo;est-ce que vous souhaiteriez dire aux mamans qui doivent faire un choix dans les semaines \u00e0 venir ?<\/strong><\/p>\n<p style=\"text-align: justify;\">Je pense qu&rsquo;il faut au moins essayer. \u00c3\u2030videmment je n&rsquo;ai  pas des horaires tr\u00e8s contraignants, je ne travaille pas de nuit, juste un soir par semaine jusque 22h. Je suis \u00e0 la maison le week-end et mon mari est tr\u00e8s pr\u00e9sent \u00e9galement. Nous avons trouv\u00e9 une assistante maternelle tr\u00e8s \u00e0 l&rsquo;\u00e9coute et qui respecte nos choix. Ce sont, je pense, de tr\u00e8s bonnes conditions pour r\u00e9ussir \u00e0 maintenir l&rsquo;allaitement. \u00c3\u2030videmment, cela implique un peu d&rsquo;organisation et parfois de l&rsquo;incompr\u00e9hension de la part des coll\u00e8gues, mais compar\u00e9 \u00e0 ce que cela apporte \u00e0 mon enfant, il n&rsquo;y a pas d&rsquo;h\u00e9sitation.<\/p>\n<p style=\"text-align: justify;\"><strong>Ce serait \u00e0 refaire, vous referiez le m\u00eame choix ? Que changeriez-vous ?<\/strong><\/p>\n<p style=\"text-align: justify;\">Je referai exactement la m\u00eame chose !<\/p>\n<p style=\"text-align: justify;\">Vous pouvez retrouver Virginie sur son blog.<\/p>\n<p style=\"text-align: justify;\"><strong>Articles en rapport :<\/strong><\/p>\n<ul>\n<li style=\"text-align: justify;\">Voir l&rsquo;onglet <a href=\"https:\/\/www.lactissima.com\/a-tire-d-ailes\/?page_id=1179\" target=\"_blank\">t\u00e9moignages<\/a><\/li>\n<\/ul>\n<p>&nbsp;<\/p>\n","protected":false},"excerpt":{"rendered":"<p>Virginie souhaite allaiter jusqu&rsquo;au sevrage naturel, elle tire donc son lait au travail pour que sa fille le boive chez l&rsquo;assistante maternelle.<\/p>\n","protected":false},"author":170,"featured_media":3086,"comment_status":"open","ping_status":"open","sticky":false,"template":"","format":"standard","meta":{"_et_pb_use_builder":"","_et_pb_old_content":"","_et_gb_content_width":"","footnotes":""},"categories":[36,150],"tags":[680,195,377,376],"class_list":["post-3085","post","type-post","status-publish","format-standard","has-post-thumbnail","hentry","category-allaitement-et-travail","category-temoignages","tag-allaitement","tag-consultante-en-lactation","tag-lallaitement-et-la-reprise-du-travail","tag-sevrage-naturel"],"yoast_head":"<!-- This site is optimized with the Yoast SEO plugin v27.4 - https:\/\/yoast.com\/product\/yoast-seo-wordpress\/ -->\n<title>Allaiter et travailler : le t\u00e9moignage de Virginie<\/title>\n<meta name=\"description\" content=\"Virginie souhaite allaiter jusqu&#039;au sevrage naturel, elle tire donc son lait au travail pour que sa fille le boive chez l&#039;assistante maternelle.\" \/>\n<meta name=\"robots\" content=\"index, follow, max-snippet:-1, max-image-preview:large, max-video-preview:-1\" \/>\n<link rel=\"canonical\" href=\"https:\/\/www.lactissima.com\/a-tire-d-ailes\/allaiter-et-travailler-le-temoignage-de-virginie-2\/\" \/>\n<meta property=\"og:locale\" content=\"fr_FR\" \/>\n<meta property=\"og:type\" content=\"article\" \/>\n<meta property=\"og:title\" content=\"Allaiter et travailler : le t\u00e9moignage de Virginie\" \/>\n<meta property=\"og:description\" content=\"Virginie souhaite allaiter jusqu&#039;au sevrage naturel, elle tire donc son lait au travail pour que sa fille le boive chez l&#039;assistante maternelle.\" \/>\n<meta property=\"og:url\" content=\"https:\/\/www.lactissima.com\/a-tire-d-ailes\/allaiter-et-travailler-le-temoignage-de-virginie-2\/\" \/>\n<meta property=\"og:site_name\" content=\"A tire d&#039;Ailes\" \/>\n<meta property=\"article:publisher\" content=\"https:\/\/www.facebook.com\/consultante.en.lactation\" \/>\n<meta property=\"article:author\" content=\"www.facebook.com\/consultante.en.lactation\" \/>\n<meta property=\"article:published_time\" content=\"2012-05-18T10:29:58+00:00\" \/>\n<meta property=\"article:modified_time\" content=\"2017-05-03T12:31:28+00:00\" \/>\n<meta property=\"og:image\" content=\"https:\/\/www.lactissima.com\/a-tire-d-ailes\/wp-content\/uploads\/allaitement-virginie.jpg\" \/>\n\t<meta property=\"og:image:width\" content=\"336\" \/>\n\t<meta property=\"og:image:height\" content=\"448\" \/>\n\t<meta property=\"og:image:type\" content=\"image\/jpeg\" \/>\n<meta name=\"author\" content=\"V\u00e9ronique Darmangeat\" \/>\n<meta name=\"twitter:card\" content=\"summary_large_image\" \/>\n<meta name=\"twitter:creator\" content=\"@VeroniqueIBCLC\" \/>\n<meta name=\"twitter:site\" content=\"@VeroniqueIBCLC\" \/>\n<meta name=\"twitter:label1\" content=\"\u00c9crit par\" \/>\n\t<meta name=\"twitter:data1\" content=\"V\u00e9ronique Darmangeat\" \/>\n\t<meta name=\"twitter:label2\" content=\"Dur\u00e9e de lecture estim\u00e9e\" \/>\n\t<meta name=\"twitter:data2\" content=\"3 minutes\" \/>\n<script type=\"application\/ld+json\" class=\"yoast-schema-graph\">{\"@context\":\"https:\\\/\\\/schema.org\",\"@graph\":[{\"@type\":\"Article\",\"@id\":\"https:\\\/\\\/www.lactissima.com\\\/a-tire-d-ailes\\\/allaiter-et-travailler-le-temoignage-de-virginie-2\\\/#article\",\"isPartOf\":{\"@id\":\"https:\\\/\\\/www.lactissima.com\\\/a-tire-d-ailes\\\/allaiter-et-travailler-le-temoignage-de-virginie-2\\\/\"},\"author\":{\"name\":\"V\u00e9ronique Darmangeat\",\"@id\":\"https:\\\/\\\/www.lactissima.com\\\/a-tire-d-ailes\\\/#\\\/schema\\\/person\\\/8f98d3a89530861bc1240e6d53d44eed\"},\"headline\":\"Allaiter et travailler : le t\u00e9moignage de Virginie\",\"datePublished\":\"2012-05-18T10:29:58+00:00\",\"dateModified\":\"2017-05-03T12:31:28+00:00\",\"mainEntityOfPage\":{\"@id\":\"https:\\\/\\\/www.lactissima.com\\\/a-tire-d-ailes\\\/allaiter-et-travailler-le-temoignage-de-virginie-2\\\/\"},\"wordCount\":655,\"commentCount\":2,\"image\":{\"@id\":\"https:\\\/\\\/www.lactissima.com\\\/a-tire-d-ailes\\\/allaiter-et-travailler-le-temoignage-de-virginie-2\\\/#primaryimage\"},\"thumbnailUrl\":\"https:\\\/\\\/www.lactissima.com\\\/a-tire-d-ailes\\\/wp-content\\\/uploads\\\/allaitement-virginie.jpg\",\"keywords\":[\"Allaitement\",\"consultante en lactation\",\"l'allaitement et la reprise du travail\",\"sevrage naturel\"],\"articleSection\":[\"Allaitement et Travail\",\"t\u00e9moignages\"],\"inLanguage\":\"fr-FR\",\"potentialAction\":[{\"@type\":\"CommentAction\",\"name\":\"Comment\",\"target\":[\"https:\\\/\\\/www.lactissima.com\\\/a-tire-d-ailes\\\/allaiter-et-travailler-le-temoignage-de-virginie-2\\\/#respond\"]}]},{\"@type\":\"WebPage\",\"@id\":\"https:\\\/\\\/www.lactissima.com\\\/a-tire-d-ailes\\\/allaiter-et-travailler-le-temoignage-de-virginie-2\\\/\",\"url\":\"https:\\\/\\\/www.lactissima.com\\\/a-tire-d-ailes\\\/allaiter-et-travailler-le-temoignage-de-virginie-2\\\/\",\"name\":\"Allaiter et travailler : le t\u00e9moignage de Virginie\",\"isPartOf\":{\"@id\":\"https:\\\/\\\/www.lactissima.com\\\/a-tire-d-ailes\\\/#website\"},\"primaryImageOfPage\":{\"@id\":\"https:\\\/\\\/www.lactissima.com\\\/a-tire-d-ailes\\\/allaiter-et-travailler-le-temoignage-de-virginie-2\\\/#primaryimage\"},\"image\":{\"@id\":\"https:\\\/\\\/www.lactissima.com\\\/a-tire-d-ailes\\\/allaiter-et-travailler-le-temoignage-de-virginie-2\\\/#primaryimage\"},\"thumbnailUrl\":\"https:\\\/\\\/www.lactissima.com\\\/a-tire-d-ailes\\\/wp-content\\\/uploads\\\/allaitement-virginie.jpg\",\"datePublished\":\"2012-05-18T10:29:58+00:00\",\"dateModified\":\"2017-05-03T12:31:28+00:00\",\"author\":{\"@id\":\"https:\\\/\\\/www.lactissima.com\\\/a-tire-d-ailes\\\/#\\\/schema\\\/person\\\/8f98d3a89530861bc1240e6d53d44eed\"},\"description\":\"Virginie souhaite allaiter jusqu'au sevrage naturel, elle tire donc son lait au travail pour que sa fille le boive chez l'assistante maternelle.\",\"breadcrumb\":{\"@id\":\"https:\\\/\\\/www.lactissima.com\\\/a-tire-d-ailes\\\/allaiter-et-travailler-le-temoignage-de-virginie-2\\\/#breadcrumb\"},\"inLanguage\":\"fr-FR\",\"potentialAction\":[{\"@type\":\"ReadAction\",\"target\":[\"https:\\\/\\\/www.lactissima.com\\\/a-tire-d-ailes\\\/allaiter-et-travailler-le-temoignage-de-virginie-2\\\/\"]}]},{\"@type\":\"ImageObject\",\"inLanguage\":\"fr-FR\",\"@id\":\"https:\\\/\\\/www.lactissima.com\\\/a-tire-d-ailes\\\/allaiter-et-travailler-le-temoignage-de-virginie-2\\\/#primaryimage\",\"url\":\"https:\\\/\\\/www.lactissima.com\\\/a-tire-d-ailes\\\/wp-content\\\/uploads\\\/allaitement-virginie.jpg\",\"contentUrl\":\"https:\\\/\\\/www.lactissima.com\\\/a-tire-d-ailes\\\/wp-content\\\/uploads\\\/allaitement-virginie.jpg\",\"width\":\"336\",\"height\":\"448\"},{\"@type\":\"BreadcrumbList\",\"@id\":\"https:\\\/\\\/www.lactissima.com\\\/a-tire-d-ailes\\\/allaiter-et-travailler-le-temoignage-de-virginie-2\\\/#breadcrumb\",\"itemListElement\":[{\"@type\":\"ListItem\",\"position\":1,\"name\":\"Accueil\",\"item\":\"https:\\\/\\\/www.lactissima.com\\\/a-tire-d-ailes\\\/\"},{\"@type\":\"ListItem\",\"position\":2,\"name\":\"Allaiter et travailler : le t\u00e9moignage de Virginie\"}]},{\"@type\":\"WebSite\",\"@id\":\"https:\\\/\\\/www.lactissima.com\\\/a-tire-d-ailes\\\/#website\",\"url\":\"https:\\\/\\\/www.lactissima.com\\\/a-tire-d-ailes\\\/\",\"name\":\"A tire d&#039;Ailes\",\"description\":\"Le blog des femmes qui allaitent et travaillent.\",\"potentialAction\":[{\"@type\":\"SearchAction\",\"target\":{\"@type\":\"EntryPoint\",\"urlTemplate\":\"https:\\\/\\\/www.lactissima.com\\\/a-tire-d-ailes\\\/?s={search_term_string}\"},\"query-input\":{\"@type\":\"PropertyValueSpecification\",\"valueRequired\":true,\"valueName\":\"search_term_string\"}}],\"inLanguage\":\"fr-FR\"},{\"@type\":\"Person\",\"@id\":\"https:\\\/\\\/www.lactissima.com\\\/a-tire-d-ailes\\\/#\\\/schema\\\/person\\\/8f98d3a89530861bc1240e6d53d44eed\",\"name\":\"V\u00e9ronique Darmangeat\",\"image\":{\"@type\":\"ImageObject\",\"inLanguage\":\"fr-FR\",\"@id\":\"https:\\\/\\\/secure.gravatar.com\\\/avatar\\\/268c99344c89cebfe4f5df5fa8be43068a18884fc76a29f3206fae98465b9cab?s=96&d=identicon&r=g\",\"url\":\"https:\\\/\\\/secure.gravatar.com\\\/avatar\\\/268c99344c89cebfe4f5df5fa8be43068a18884fc76a29f3206fae98465b9cab?s=96&d=identicon&r=g\",\"contentUrl\":\"https:\\\/\\\/secure.gravatar.com\\\/avatar\\\/268c99344c89cebfe4f5df5fa8be43068a18884fc76a29f3206fae98465b9cab?s=96&d=identicon&r=g\",\"caption\":\"V\u00e9ronique Darmangeat\"},\"sameAs\":[\"https:\\\/\\\/www.lactissima.com\\\/a-tire-d-ailes\",\"www.facebook.com\\\/consultante.en.lactation\"]}]}<\/script>\n<!-- \/ Yoast SEO plugin. -->","yoast_head_json":{"title":"Allaiter et travailler : le t\u00e9moignage de Virginie","description":"Virginie souhaite allaiter jusqu'au sevrage naturel, elle tire donc son lait au travail pour que sa fille le boive chez l'assistante maternelle.","robots":{"index":"index","follow":"follow","max-snippet":"max-snippet:-1","max-image-preview":"max-image-preview:large","max-video-preview":"max-video-preview:-1"},"canonical":"https:\/\/www.lactissima.com\/a-tire-d-ailes\/allaiter-et-travailler-le-temoignage-de-virginie-2\/","og_locale":"fr_FR","og_type":"article","og_title":"Allaiter et travailler : le t\u00e9moignage de Virginie","og_description":"Virginie souhaite allaiter jusqu'au sevrage naturel, elle tire donc son lait au travail pour que sa fille le boive chez l'assistante maternelle.","og_url":"https:\/\/www.lactissima.com\/a-tire-d-ailes\/allaiter-et-travailler-le-temoignage-de-virginie-2\/","og_site_name":"A tire d&#039;Ailes","article_publisher":"https:\/\/www.facebook.com\/consultante.en.lactation","article_author":"www.facebook.com\/consultante.en.lactation","article_published_time":"2012-05-18T10:29:58+00:00","article_modified_time":"2017-05-03T12:31:28+00:00","og_image":[{"width":336,"height":448,"url":"https:\/\/www.lactissima.com\/a-tire-d-ailes\/wp-content\/uploads\/allaitement-virginie.jpg","type":"image\/jpeg"}],"author":"V\u00e9ronique Darmangeat","twitter_card":"summary_large_image","twitter_creator":"@VeroniqueIBCLC","twitter_site":"@VeroniqueIBCLC","twitter_misc":{"\u00c9crit par":"V\u00e9ronique Darmangeat","Dur\u00e9e de lecture estim\u00e9e":"3 minutes"},"schema":{"@context":"https:\/\/schema.org","@graph":[{"@type":"Article","@id":"https:\/\/www.lactissima.com\/a-tire-d-ailes\/allaiter-et-travailler-le-temoignage-de-virginie-2\/#article","isPartOf":{"@id":"https:\/\/www.lactissima.com\/a-tire-d-ailes\/allaiter-et-travailler-le-temoignage-de-virginie-2\/"},"author":{"name":"V\u00e9ronique Darmangeat","@id":"https:\/\/www.lactissima.com\/a-tire-d-ailes\/#\/schema\/person\/8f98d3a89530861bc1240e6d53d44eed"},"headline":"Allaiter et travailler : le t\u00e9moignage de Virginie","datePublished":"2012-05-18T10:29:58+00:00","dateModified":"2017-05-03T12:31:28+00:00","mainEntityOfPage":{"@id":"https:\/\/www.lactissima.com\/a-tire-d-ailes\/allaiter-et-travailler-le-temoignage-de-virginie-2\/"},"wordCount":655,"commentCount":2,"image":{"@id":"https:\/\/www.lactissima.com\/a-tire-d-ailes\/allaiter-et-travailler-le-temoignage-de-virginie-2\/#primaryimage"},"thumbnailUrl":"https:\/\/www.lactissima.com\/a-tire-d-ailes\/wp-content\/uploads\/allaitement-virginie.jpg","keywords":["Allaitement","consultante en lactation","l'allaitement et la reprise du travail","sevrage naturel"],"articleSection":["Allaitement et Travail","t\u00e9moignages"],"inLanguage":"fr-FR","potentialAction":[{"@type":"CommentAction","name":"Comment","target":["https:\/\/www.lactissima.com\/a-tire-d-ailes\/allaiter-et-travailler-le-temoignage-de-virginie-2\/#respond"]}]},{"@type":"WebPage","@id":"https:\/\/www.lactissima.com\/a-tire-d-ailes\/allaiter-et-travailler-le-temoignage-de-virginie-2\/","url":"https:\/\/www.lactissima.com\/a-tire-d-ailes\/allaiter-et-travailler-le-temoignage-de-virginie-2\/","name":"Allaiter et travailler : le t\u00e9moignage de Virginie","isPartOf":{"@id":"https:\/\/www.lactissima.com\/a-tire-d-ailes\/#website"},"primaryImageOfPage":{"@id":"https:\/\/www.lactissima.com\/a-tire-d-ailes\/allaiter-et-travailler-le-temoignage-de-virginie-2\/#primaryimage"},"image":{"@id":"https:\/\/www.lactissima.com\/a-tire-d-ailes\/allaiter-et-travailler-le-temoignage-de-virginie-2\/#primaryimage"},"thumbnailUrl":"https:\/\/www.lactissima.com\/a-tire-d-ailes\/wp-content\/uploads\/allaitement-virginie.jpg","datePublished":"2012-05-18T10:29:58+00:00","dateModified":"2017-05-03T12:31:28+00:00","author":{"@id":"https:\/\/www.lactissima.com\/a-tire-d-ailes\/#\/schema\/person\/8f98d3a89530861bc1240e6d53d44eed"},"description":"Virginie souhaite allaiter jusqu'au sevrage naturel, elle tire donc son lait au travail pour que sa fille le boive chez l'assistante maternelle.","breadcrumb":{"@id":"https:\/\/www.lactissima.com\/a-tire-d-ailes\/allaiter-et-travailler-le-temoignage-de-virginie-2\/#breadcrumb"},"inLanguage":"fr-FR","potentialAction":[{"@type":"ReadAction","target":["https:\/\/www.lactissima.com\/a-tire-d-ailes\/allaiter-et-travailler-le-temoignage-de-virginie-2\/"]}]},{"@type":"ImageObject","inLanguage":"fr-FR","@id":"https:\/\/www.lactissima.com\/a-tire-d-ailes\/allaiter-et-travailler-le-temoignage-de-virginie-2\/#primaryimage","url":"https:\/\/www.lactissima.com\/a-tire-d-ailes\/wp-content\/uploads\/allaitement-virginie.jpg","contentUrl":"https:\/\/www.lactissima.com\/a-tire-d-ailes\/wp-content\/uploads\/allaitement-virginie.jpg","width":"336","height":"448"},{"@type":"BreadcrumbList","@id":"https:\/\/www.lactissima.com\/a-tire-d-ailes\/allaiter-et-travailler-le-temoignage-de-virginie-2\/#breadcrumb","itemListElement":[{"@type":"ListItem","position":1,"name":"Accueil","item":"https:\/\/www.lactissima.com\/a-tire-d-ailes\/"},{"@type":"ListItem","position":2,"name":"Allaiter et travailler : le t\u00e9moignage de Virginie"}]},{"@type":"WebSite","@id":"https:\/\/www.lactissima.com\/a-tire-d-ailes\/#website","url":"https:\/\/www.lactissima.com\/a-tire-d-ailes\/","name":"A tire d&#039;Ailes","description":"Le blog des femmes qui allaitent et travaillent.","potentialAction":[{"@type":"SearchAction","target":{"@type":"EntryPoint","urlTemplate":"https:\/\/www.lactissima.com\/a-tire-d-ailes\/?s={search_term_string}"},"query-input":{"@type":"PropertyValueSpecification","valueRequired":true,"valueName":"search_term_string"}}],"inLanguage":"fr-FR"},{"@type":"Person","@id":"https:\/\/www.lactissima.com\/a-tire-d-ailes\/#\/schema\/person\/8f98d3a89530861bc1240e6d53d44eed","name":"V\u00e9ronique Darmangeat","image":{"@type":"ImageObject","inLanguage":"fr-FR","@id":"https:\/\/secure.gravatar.com\/avatar\/268c99344c89cebfe4f5df5fa8be43068a18884fc76a29f3206fae98465b9cab?s=96&d=identicon&r=g","url":"https:\/\/secure.gravatar.com\/avatar\/268c99344c89cebfe4f5df5fa8be43068a18884fc76a29f3206fae98465b9cab?s=96&d=identicon&r=g","contentUrl":"https:\/\/secure.gravatar.com\/avatar\/268c99344c89cebfe4f5df5fa8be43068a18884fc76a29f3206fae98465b9cab?s=96&d=identicon&r=g","caption":"V\u00e9ronique Darmangeat"},"sameAs":["https:\/\/www.lactissima.com\/a-tire-d-ailes","www.facebook.com\/consultante.en.lactation"]}]}},"_links":{"self":[{"href":"https:\/\/www.lactissima.com\/a-tire-d-ailes\/wp-json\/wp\/v2\/posts\/3085","targetHints":{"allow":["GET"]}}],"collection":[{"href":"https:\/\/www.lactissima.com\/a-tire-d-ailes\/wp-json\/wp\/v2\/posts"}],"about":[{"href":"https:\/\/www.lactissima.com\/a-tire-d-ailes\/wp-json\/wp\/v2\/types\/post"}],"author":[{"embeddable":true,"href":"https:\/\/www.lactissima.com\/a-tire-d-ailes\/wp-json\/wp\/v2\/users\/170"}],"replies":[{"embeddable":true,"href":"https:\/\/www.lactissima.com\/a-tire-d-ailes\/wp-json\/wp\/v2\/comments?post=3085"}],"version-history":[{"count":8,"href":"https:\/\/www.lactissima.com\/a-tire-d-ailes\/wp-json\/wp\/v2\/posts\/3085\/revisions"}],"predecessor-version":[{"id":7153,"href":"https:\/\/www.lactissima.com\/a-tire-d-ailes\/wp-json\/wp\/v2\/posts\/3085\/revisions\/7153"}],"wp:featuredmedia":[{"embeddable":true,"href":"https:\/\/www.lactissima.com\/a-tire-d-ailes\/wp-json\/wp\/v2\/media\/3086"}],"wp:attachment":[{"href":"https:\/\/www.lactissima.com\/a-tire-d-ailes\/wp-json\/wp\/v2\/media?parent=3085"}],"wp:term":[{"taxonomy":"category","embeddable":true,"href":"https:\/\/www.lactissima.com\/a-tire-d-ailes\/wp-json\/wp\/v2\/categories?post=3085"},{"taxonomy":"post_tag","embeddable":true,"href":"https:\/\/www.lactissima.com\/a-tire-d-ailes\/wp-json\/wp\/v2\/tags?post=3085"}],"curies":[{"name":"wp","href":"https:\/\/api.w.org\/{rel}","templated":true}]}}