{"id":3062,"date":"2012-05-05T09:14:44","date_gmt":"2012-05-05T07:14:44","guid":{"rendered":"https:\/\/www.lactissima.com\/a-tire-d-ailes\/?p=3062"},"modified":"2014-03-15T16:43:30","modified_gmt":"2014-03-15T14:43:30","slug":"implication-au-travail-et-allaitement","status":"publish","type":"post","link":"https:\/\/www.lactissima.com\/a-tire-d-ailes\/implication-au-travail-et-allaitement\/","title":{"rendered":"Implication au travail et allaitement"},"content":{"rendered":"<p style=\"text-align: justify;\"><a href=\"https:\/\/www.lactissima.com\/a-tire-d-ailes\/wp-content\/uploads\/efficacit\u00e9.jpg\"><img loading=\"lazy\" decoding=\"async\" class=\"alignright  wp-image-3066\" title=\"Implication au travail et allaitement\" alt=\"Implication au travail et allaitement\" src=\"https:\/\/www.lactissima.com\/a-tire-d-ailes\/wp-content\/uploads\/efficacit\u00e9.jpg\" width=\"302\" height=\"302\" srcset=\"https:\/\/www.lactissima.com\/a-tire-d-ailes\/wp-content\/uploads\/efficacit\u00e9.jpg 336w, https:\/\/www.lactissima.com\/a-tire-d-ailes\/wp-content\/uploads\/efficacit\u00e9-150x150.jpg 150w, https:\/\/www.lactissima.com\/a-tire-d-ailes\/wp-content\/uploads\/efficacit\u00e9-300x300.jpg 300w\" sizes=\"(max-width: 302px) 100vw, 302px\" \/><\/a>Vous <span style=\"color: #000000;\"><a title=\"Tirer son lait\" href=\"https:\/\/www.lactissima.com\/a-tire-d-ailes\/?p=2286\" target=\"_blank\"><span style=\"color: #000000;\">tirez votre lait<\/span><\/a><\/span> au travail, une <strong>critique<\/strong> peut arriver rapidement dans la bouche de votre <strong>entourage<\/strong> professionnel : vous n&rsquo;\u00eates plus <strong>impliqu\u00e9e<\/strong> comme avant dans votre travail, vous avez la t\u00eate ailleurs ! Ah bon, implication au travail et allaitement sont incompatibles ?<\/p>\n<p style=\"text-align: justify;\">Essayons de voir ce qu&rsquo;il en est : tirer votre lait vous demande une ou deux <strong>pauses<\/strong> de quinze \u00e0 vingt minutes, auxquelles vous avez <strong>droit<\/strong> et pendant lesquelles vous <strong>ne travaillez pas<\/strong>. Quoique je sais que certaines d&rsquo;entre vous continuent \u00e0 travailler pendant ce temps&#8230; Le reste du temps, vous <strong>travaillez<\/strong> !<\/p>\n<p style=\"text-align: justify;\">En quoi cette ou ces pauses vous <strong>emp\u00eachent<\/strong> d&rsquo;\u00eatre impliqu\u00e9es au travail ? Est-ce que les <strong>fumeurs<\/strong> sont moins impliqu\u00e9s dans leur travail parce qu&rsquo;ils prennent des pauses cigarettes (qui elles ne sont pas pr\u00e9vues dans le <span style=\"color: #000000;\"><a title=\"allaitement et code du travail\" href=\"https:\/\/www.lactissima.com\/a-tire-d-ailes\/?p=494\" target=\"_blank\"><span style=\"color: #000000;\">code du travail<\/span><\/a><\/span>&#8230;) ?<\/p>\n<p style=\"text-align: justify;\">Au <strong>contraire<\/strong>, une <strong>\u00e9tude<\/strong> que j&rsquo;avais men\u00e9e avec une coll\u00e8gue il y a quelques ann\u00e9es montrait que les femmes interrog\u00e9es qui <strong>poursuivaient l&rsquo;allaitement<\/strong> apr\u00e8s la reprise du travail avaient l&rsquo;esprit plus <strong>tranquille<\/strong> et s&rsquo;inqui\u00e9taient moins au cours de la journ\u00e9e pour leur enfant que celles qui n&rsquo;allaitaient pas ou plus. Cette \u00e9tude incluait un \u00e9chantillon de cinquante m\u00e8res, ce qui est trop peu pour extrapoler. Ceci \u00e9tant dit c&rsquo;est un r\u00e9sultat int\u00e9ressant.<\/p>\n<p style=\"text-align: justify;\">La <strong>peur<\/strong> du milieu professionnel serait-elle li\u00e9e \u00e0 l&rsquo;intrusion sur le lieu de travail d&rsquo;une probl\u00e9matique jug\u00e9e <strong>intime<\/strong> ?<\/p>\n<p style=\"text-align: justify;\">Comment faire <strong>reculer<\/strong> cette id\u00e9e ? Certainement en vous montrant <strong>professionnelle<\/strong> jusqu&rsquo;au bout des ongles. Soyez correctement <strong>habill\u00e9e<\/strong> en fonction de votre poste, arrivez \u00e0 <strong>l&rsquo;heure<\/strong>, ne parlez pas de votre enfant en permanence \u00e0 vos coll\u00e8gues ou pour justifier tout retard ou absence.<br \/>\nEst-ce <strong>suffisant<\/strong> ?<\/p>\n<p style=\"text-align: justify;\">J&rsquo;attends que <strong>vous<\/strong> me disiez ce que vous en <strong>pensez<\/strong> et comment vous l&rsquo;avez <strong>v\u00e9cu<\/strong> !<\/p>\n<p style=\"text-align: justify;\"><strong><span style=\"color: #000000;\">Articles en rapport :<\/span><\/strong><\/p>\n<ul>\n<li style=\"text-align: justify;\"><a title=\"Allaiter et travailler, un facteur d'\u00e9galit\u00e9 homme-femme\" href=\"https:\/\/www.lactissima.com\/a-tire-d-ailes\/?p=278\" target=\"_blank\">Allaiter et travailler : un facteur d&rsquo;\u00e9galit\u00e9 homme-femme<\/a><\/li>\n<li style=\"text-align: justify;\"><a title=\"Et la loi ?\" href=\"https:\/\/www.lactissima.com\/a-tire-d-ailes\/?p=494\" target=\"_blank\">Et la loi ?<\/a><\/li>\n<li style=\"text-align: justify;\"><a title=\"8 id\u00e9es re\u00e7ues sur les femmes qui travaillent et allaitent.\" href=\"https:\/\/www.lactissima.com\/a-tire-d-ailes\/?p=1778\" target=\"_blank\">8 id\u00e9es re\u00e7ues sur les femmes qui travaillent et allaitent<\/a><\/li>\n<\/ul>\n<p>&nbsp;<\/p>\n","protected":false},"excerpt":{"rendered":"<p>Une femme qui tire son lait sur son lieu de travail n&rsquo;est pas moins impliqu\u00e9e dans son travail. C&rsquo;est une id\u00e9e pr\u00e9con\u00e7ue qui n&rsquo;a aucune r\u00e9alit\u00e9.<\/p>\n","protected":false},"author":170,"featured_media":3066,"comment_status":"open","ping_status":"open","sticky":false,"template":"","format":"standard","meta":{"_et_pb_use_builder":"","_et_pb_old_content":"","_et_gb_content_width":"","footnotes":""},"categories":[36,40],"tags":[116,72],"class_list":["post-3062","post","type-post","status-publish","format-standard","has-post-thumbnail","hentry","category-allaitement-et-travail","category-entreprises","tag-code-du-travail","tag-tirer-son-lait"],"yoast_head":"<!-- This site is optimized with the Yoast SEO plugin v27.4 - https:\/\/yoast.com\/product\/yoast-seo-wordpress\/ -->\n<title>Implication au travail et allaitement<\/title>\n<meta name=\"description\" content=\"Implication au travail et allaitement font bon m\u00e9nage. Une femme qui tire son lait sur son lieu de travail n&#039;est pas moins impliqu\u00e9e dans son travail. C&#039;est une id\u00e9e pr\u00e9con\u00e7ue qui n&#039;a aucune r\u00e9alit\u00e9.\" \/>\n<meta name=\"robots\" content=\"index, follow, max-snippet:-1, max-image-preview:large, max-video-preview:-1\" \/>\n<link rel=\"canonical\" href=\"https:\/\/www.lactissima.com\/a-tire-d-ailes\/implication-au-travail-et-allaitement\/\" \/>\n<meta property=\"og:locale\" content=\"fr_FR\" \/>\n<meta property=\"og:type\" content=\"article\" \/>\n<meta property=\"og:title\" content=\"Implication au travail et allaitement\" \/>\n<meta property=\"og:description\" content=\"Implication au travail et allaitement font bon m\u00e9nage. Une femme qui tire son lait sur son lieu de travail n&#039;est pas moins impliqu\u00e9e dans son travail. C&#039;est une id\u00e9e pr\u00e9con\u00e7ue qui n&#039;a aucune r\u00e9alit\u00e9.\" \/>\n<meta property=\"og:url\" content=\"https:\/\/www.lactissima.com\/a-tire-d-ailes\/implication-au-travail-et-allaitement\/\" \/>\n<meta property=\"og:site_name\" content=\"A tire d&#039;Ailes\" \/>\n<meta property=\"article:publisher\" content=\"https:\/\/www.facebook.com\/consultante.en.lactation\" \/>\n<meta property=\"article:author\" content=\"www.facebook.com\/consultante.en.lactation\" \/>\n<meta property=\"article:published_time\" content=\"2012-05-05T07:14:44+00:00\" \/>\n<meta property=\"article:modified_time\" content=\"2014-03-15T14:43:30+00:00\" \/>\n<meta property=\"og:image\" content=\"https:\/\/www.lactissima.com\/a-tire-d-ailes\/wp-content\/uploads\/efficacit\u00e9.jpg\" \/>\n\t<meta property=\"og:image:width\" content=\"336\" \/>\n\t<meta property=\"og:image:height\" content=\"336\" \/>\n\t<meta property=\"og:image:type\" content=\"image\/jpeg\" \/>\n<meta name=\"author\" content=\"V\u00e9ronique Darmangeat\" \/>\n<meta name=\"twitter:card\" content=\"summary_large_image\" \/>\n<meta name=\"twitter:creator\" content=\"@VeroniqueIBCLC\" \/>\n<meta name=\"twitter:site\" content=\"@VeroniqueIBCLC\" \/>\n<meta name=\"twitter:label1\" content=\"\u00c9crit par\" \/>\n\t<meta name=\"twitter:data1\" content=\"V\u00e9ronique Darmangeat\" \/>\n\t<meta name=\"twitter:label2\" content=\"Dur\u00e9e de lecture estim\u00e9e\" \/>\n\t<meta name=\"twitter:data2\" content=\"2 minutes\" \/>\n<script type=\"application\/ld+json\" class=\"yoast-schema-graph\">{\"@context\":\"https:\\\/\\\/schema.org\",\"@graph\":[{\"@type\":\"Article\",\"@id\":\"https:\\\/\\\/www.lactissima.com\\\/a-tire-d-ailes\\\/implication-au-travail-et-allaitement\\\/#article\",\"isPartOf\":{\"@id\":\"https:\\\/\\\/www.lactissima.com\\\/a-tire-d-ailes\\\/implication-au-travail-et-allaitement\\\/\"},\"author\":{\"name\":\"V\u00e9ronique Darmangeat\",\"@id\":\"https:\\\/\\\/www.lactissima.com\\\/a-tire-d-ailes\\\/#\\\/schema\\\/person\\\/8f98d3a89530861bc1240e6d53d44eed\"},\"headline\":\"Implication au travail et allaitement\",\"datePublished\":\"2012-05-05T07:14:44+00:00\",\"dateModified\":\"2014-03-15T14:43:30+00:00\",\"mainEntityOfPage\":{\"@id\":\"https:\\\/\\\/www.lactissima.com\\\/a-tire-d-ailes\\\/implication-au-travail-et-allaitement\\\/\"},\"wordCount\":347,\"commentCount\":23,\"image\":{\"@id\":\"https:\\\/\\\/www.lactissima.com\\\/a-tire-d-ailes\\\/implication-au-travail-et-allaitement\\\/#primaryimage\"},\"thumbnailUrl\":\"https:\\\/\\\/www.lactissima.com\\\/a-tire-d-ailes\\\/wp-content\\\/uploads\\\/efficacit\u00e9.jpg\",\"keywords\":[\"code du travail\",\"tirer son lait\"],\"articleSection\":[\"Allaitement et Travail\",\"Entreprises\"],\"inLanguage\":\"fr-FR\",\"potentialAction\":[{\"@type\":\"CommentAction\",\"name\":\"Comment\",\"target\":[\"https:\\\/\\\/www.lactissima.com\\\/a-tire-d-ailes\\\/implication-au-travail-et-allaitement\\\/#respond\"]}]},{\"@type\":\"WebPage\",\"@id\":\"https:\\\/\\\/www.lactissima.com\\\/a-tire-d-ailes\\\/implication-au-travail-et-allaitement\\\/\",\"url\":\"https:\\\/\\\/www.lactissima.com\\\/a-tire-d-ailes\\\/implication-au-travail-et-allaitement\\\/\",\"name\":\"Implication au travail et allaitement\",\"isPartOf\":{\"@id\":\"https:\\\/\\\/www.lactissima.com\\\/a-tire-d-ailes\\\/#website\"},\"primaryImageOfPage\":{\"@id\":\"https:\\\/\\\/www.lactissima.com\\\/a-tire-d-ailes\\\/implication-au-travail-et-allaitement\\\/#primaryimage\"},\"image\":{\"@id\":\"https:\\\/\\\/www.lactissima.com\\\/a-tire-d-ailes\\\/implication-au-travail-et-allaitement\\\/#primaryimage\"},\"thumbnailUrl\":\"https:\\\/\\\/www.lactissima.com\\\/a-tire-d-ailes\\\/wp-content\\\/uploads\\\/efficacit\u00e9.jpg\",\"datePublished\":\"2012-05-05T07:14:44+00:00\",\"dateModified\":\"2014-03-15T14:43:30+00:00\",\"author\":{\"@id\":\"https:\\\/\\\/www.lactissima.com\\\/a-tire-d-ailes\\\/#\\\/schema\\\/person\\\/8f98d3a89530861bc1240e6d53d44eed\"},\"description\":\"Implication au travail et allaitement font bon m\u00e9nage. Une femme qui tire son lait sur son lieu de travail n'est pas moins impliqu\u00e9e dans son travail. C'est une id\u00e9e pr\u00e9con\u00e7ue qui n'a aucune r\u00e9alit\u00e9.\",\"breadcrumb\":{\"@id\":\"https:\\\/\\\/www.lactissima.com\\\/a-tire-d-ailes\\\/implication-au-travail-et-allaitement\\\/#breadcrumb\"},\"inLanguage\":\"fr-FR\",\"potentialAction\":[{\"@type\":\"ReadAction\",\"target\":[\"https:\\\/\\\/www.lactissima.com\\\/a-tire-d-ailes\\\/implication-au-travail-et-allaitement\\\/\"]}]},{\"@type\":\"ImageObject\",\"inLanguage\":\"fr-FR\",\"@id\":\"https:\\\/\\\/www.lactissima.com\\\/a-tire-d-ailes\\\/implication-au-travail-et-allaitement\\\/#primaryimage\",\"url\":\"https:\\\/\\\/www.lactissima.com\\\/a-tire-d-ailes\\\/wp-content\\\/uploads\\\/efficacit\u00e9.jpg\",\"contentUrl\":\"https:\\\/\\\/www.lactissima.com\\\/a-tire-d-ailes\\\/wp-content\\\/uploads\\\/efficacit\u00e9.jpg\",\"width\":\"336\",\"height\":\"336\"},{\"@type\":\"BreadcrumbList\",\"@id\":\"https:\\\/\\\/www.lactissima.com\\\/a-tire-d-ailes\\\/implication-au-travail-et-allaitement\\\/#breadcrumb\",\"itemListElement\":[{\"@type\":\"ListItem\",\"position\":1,\"name\":\"Accueil\",\"item\":\"https:\\\/\\\/www.lactissima.com\\\/a-tire-d-ailes\\\/\"},{\"@type\":\"ListItem\",\"position\":2,\"name\":\"Implication au travail et allaitement\"}]},{\"@type\":\"WebSite\",\"@id\":\"https:\\\/\\\/www.lactissima.com\\\/a-tire-d-ailes\\\/#website\",\"url\":\"https:\\\/\\\/www.lactissima.com\\\/a-tire-d-ailes\\\/\",\"name\":\"A tire d&#039;Ailes\",\"description\":\"Le blog des femmes qui allaitent et travaillent.\",\"potentialAction\":[{\"@type\":\"SearchAction\",\"target\":{\"@type\":\"EntryPoint\",\"urlTemplate\":\"https:\\\/\\\/www.lactissima.com\\\/a-tire-d-ailes\\\/?s={search_term_string}\"},\"query-input\":{\"@type\":\"PropertyValueSpecification\",\"valueRequired\":true,\"valueName\":\"search_term_string\"}}],\"inLanguage\":\"fr-FR\"},{\"@type\":\"Person\",\"@id\":\"https:\\\/\\\/www.lactissima.com\\\/a-tire-d-ailes\\\/#\\\/schema\\\/person\\\/8f98d3a89530861bc1240e6d53d44eed\",\"name\":\"V\u00e9ronique Darmangeat\",\"image\":{\"@type\":\"ImageObject\",\"inLanguage\":\"fr-FR\",\"@id\":\"https:\\\/\\\/secure.gravatar.com\\\/avatar\\\/268c99344c89cebfe4f5df5fa8be43068a18884fc76a29f3206fae98465b9cab?s=96&d=identicon&r=g\",\"url\":\"https:\\\/\\\/secure.gravatar.com\\\/avatar\\\/268c99344c89cebfe4f5df5fa8be43068a18884fc76a29f3206fae98465b9cab?s=96&d=identicon&r=g\",\"contentUrl\":\"https:\\\/\\\/secure.gravatar.com\\\/avatar\\\/268c99344c89cebfe4f5df5fa8be43068a18884fc76a29f3206fae98465b9cab?s=96&d=identicon&r=g\",\"caption\":\"V\u00e9ronique Darmangeat\"},\"sameAs\":[\"https:\\\/\\\/www.lactissima.com\\\/a-tire-d-ailes\",\"www.facebook.com\\\/consultante.en.lactation\"]}]}<\/script>\n<!-- \/ Yoast SEO plugin. -->","yoast_head_json":{"title":"Implication au travail et allaitement","description":"Implication au travail et allaitement font bon m\u00e9nage. Une femme qui tire son lait sur son lieu de travail n'est pas moins impliqu\u00e9e dans son travail. C'est une id\u00e9e pr\u00e9con\u00e7ue qui n'a aucune r\u00e9alit\u00e9.","robots":{"index":"index","follow":"follow","max-snippet":"max-snippet:-1","max-image-preview":"max-image-preview:large","max-video-preview":"max-video-preview:-1"},"canonical":"https:\/\/www.lactissima.com\/a-tire-d-ailes\/implication-au-travail-et-allaitement\/","og_locale":"fr_FR","og_type":"article","og_title":"Implication au travail et allaitement","og_description":"Implication au travail et allaitement font bon m\u00e9nage. Une femme qui tire son lait sur son lieu de travail n'est pas moins impliqu\u00e9e dans son travail. C'est une id\u00e9e pr\u00e9con\u00e7ue qui n'a aucune r\u00e9alit\u00e9.","og_url":"https:\/\/www.lactissima.com\/a-tire-d-ailes\/implication-au-travail-et-allaitement\/","og_site_name":"A tire d&#039;Ailes","article_publisher":"https:\/\/www.facebook.com\/consultante.en.lactation","article_author":"www.facebook.com\/consultante.en.lactation","article_published_time":"2012-05-05T07:14:44+00:00","article_modified_time":"2014-03-15T14:43:30+00:00","og_image":[{"width":336,"height":336,"url":"https:\/\/www.lactissima.com\/a-tire-d-ailes\/wp-content\/uploads\/efficacit\u00e9.jpg","type":"image\/jpeg"}],"author":"V\u00e9ronique Darmangeat","twitter_card":"summary_large_image","twitter_creator":"@VeroniqueIBCLC","twitter_site":"@VeroniqueIBCLC","twitter_misc":{"\u00c9crit par":"V\u00e9ronique Darmangeat","Dur\u00e9e de lecture estim\u00e9e":"2 minutes"},"schema":{"@context":"https:\/\/schema.org","@graph":[{"@type":"Article","@id":"https:\/\/www.lactissima.com\/a-tire-d-ailes\/implication-au-travail-et-allaitement\/#article","isPartOf":{"@id":"https:\/\/www.lactissima.com\/a-tire-d-ailes\/implication-au-travail-et-allaitement\/"},"author":{"name":"V\u00e9ronique Darmangeat","@id":"https:\/\/www.lactissima.com\/a-tire-d-ailes\/#\/schema\/person\/8f98d3a89530861bc1240e6d53d44eed"},"headline":"Implication au travail et allaitement","datePublished":"2012-05-05T07:14:44+00:00","dateModified":"2014-03-15T14:43:30+00:00","mainEntityOfPage":{"@id":"https:\/\/www.lactissima.com\/a-tire-d-ailes\/implication-au-travail-et-allaitement\/"},"wordCount":347,"commentCount":23,"image":{"@id":"https:\/\/www.lactissima.com\/a-tire-d-ailes\/implication-au-travail-et-allaitement\/#primaryimage"},"thumbnailUrl":"https:\/\/www.lactissima.com\/a-tire-d-ailes\/wp-content\/uploads\/efficacit\u00e9.jpg","keywords":["code du travail","tirer son lait"],"articleSection":["Allaitement et Travail","Entreprises"],"inLanguage":"fr-FR","potentialAction":[{"@type":"CommentAction","name":"Comment","target":["https:\/\/www.lactissima.com\/a-tire-d-ailes\/implication-au-travail-et-allaitement\/#respond"]}]},{"@type":"WebPage","@id":"https:\/\/www.lactissima.com\/a-tire-d-ailes\/implication-au-travail-et-allaitement\/","url":"https:\/\/www.lactissima.com\/a-tire-d-ailes\/implication-au-travail-et-allaitement\/","name":"Implication au travail et allaitement","isPartOf":{"@id":"https:\/\/www.lactissima.com\/a-tire-d-ailes\/#website"},"primaryImageOfPage":{"@id":"https:\/\/www.lactissima.com\/a-tire-d-ailes\/implication-au-travail-et-allaitement\/#primaryimage"},"image":{"@id":"https:\/\/www.lactissima.com\/a-tire-d-ailes\/implication-au-travail-et-allaitement\/#primaryimage"},"thumbnailUrl":"https:\/\/www.lactissima.com\/a-tire-d-ailes\/wp-content\/uploads\/efficacit\u00e9.jpg","datePublished":"2012-05-05T07:14:44+00:00","dateModified":"2014-03-15T14:43:30+00:00","author":{"@id":"https:\/\/www.lactissima.com\/a-tire-d-ailes\/#\/schema\/person\/8f98d3a89530861bc1240e6d53d44eed"},"description":"Implication au travail et allaitement font bon m\u00e9nage. Une femme qui tire son lait sur son lieu de travail n'est pas moins impliqu\u00e9e dans son travail. C'est une id\u00e9e pr\u00e9con\u00e7ue qui n'a aucune r\u00e9alit\u00e9.","breadcrumb":{"@id":"https:\/\/www.lactissima.com\/a-tire-d-ailes\/implication-au-travail-et-allaitement\/#breadcrumb"},"inLanguage":"fr-FR","potentialAction":[{"@type":"ReadAction","target":["https:\/\/www.lactissima.com\/a-tire-d-ailes\/implication-au-travail-et-allaitement\/"]}]},{"@type":"ImageObject","inLanguage":"fr-FR","@id":"https:\/\/www.lactissima.com\/a-tire-d-ailes\/implication-au-travail-et-allaitement\/#primaryimage","url":"https:\/\/www.lactissima.com\/a-tire-d-ailes\/wp-content\/uploads\/efficacit\u00e9.jpg","contentUrl":"https:\/\/www.lactissima.com\/a-tire-d-ailes\/wp-content\/uploads\/efficacit\u00e9.jpg","width":"336","height":"336"},{"@type":"BreadcrumbList","@id":"https:\/\/www.lactissima.com\/a-tire-d-ailes\/implication-au-travail-et-allaitement\/#breadcrumb","itemListElement":[{"@type":"ListItem","position":1,"name":"Accueil","item":"https:\/\/www.lactissima.com\/a-tire-d-ailes\/"},{"@type":"ListItem","position":2,"name":"Implication au travail et allaitement"}]},{"@type":"WebSite","@id":"https:\/\/www.lactissima.com\/a-tire-d-ailes\/#website","url":"https:\/\/www.lactissima.com\/a-tire-d-ailes\/","name":"A tire d&#039;Ailes","description":"Le blog des femmes qui allaitent et travaillent.","potentialAction":[{"@type":"SearchAction","target":{"@type":"EntryPoint","urlTemplate":"https:\/\/www.lactissima.com\/a-tire-d-ailes\/?s={search_term_string}"},"query-input":{"@type":"PropertyValueSpecification","valueRequired":true,"valueName":"search_term_string"}}],"inLanguage":"fr-FR"},{"@type":"Person","@id":"https:\/\/www.lactissima.com\/a-tire-d-ailes\/#\/schema\/person\/8f98d3a89530861bc1240e6d53d44eed","name":"V\u00e9ronique Darmangeat","image":{"@type":"ImageObject","inLanguage":"fr-FR","@id":"https:\/\/secure.gravatar.com\/avatar\/268c99344c89cebfe4f5df5fa8be43068a18884fc76a29f3206fae98465b9cab?s=96&d=identicon&r=g","url":"https:\/\/secure.gravatar.com\/avatar\/268c99344c89cebfe4f5df5fa8be43068a18884fc76a29f3206fae98465b9cab?s=96&d=identicon&r=g","contentUrl":"https:\/\/secure.gravatar.com\/avatar\/268c99344c89cebfe4f5df5fa8be43068a18884fc76a29f3206fae98465b9cab?s=96&d=identicon&r=g","caption":"V\u00e9ronique Darmangeat"},"sameAs":["https:\/\/www.lactissima.com\/a-tire-d-ailes","www.facebook.com\/consultante.en.lactation"]}]}},"_links":{"self":[{"href":"https:\/\/www.lactissima.com\/a-tire-d-ailes\/wp-json\/wp\/v2\/posts\/3062","targetHints":{"allow":["GET"]}}],"collection":[{"href":"https:\/\/www.lactissima.com\/a-tire-d-ailes\/wp-json\/wp\/v2\/posts"}],"about":[{"href":"https:\/\/www.lactissima.com\/a-tire-d-ailes\/wp-json\/wp\/v2\/types\/post"}],"author":[{"embeddable":true,"href":"https:\/\/www.lactissima.com\/a-tire-d-ailes\/wp-json\/wp\/v2\/users\/170"}],"replies":[{"embeddable":true,"href":"https:\/\/www.lactissima.com\/a-tire-d-ailes\/wp-json\/wp\/v2\/comments?post=3062"}],"version-history":[{"count":11,"href":"https:\/\/www.lactissima.com\/a-tire-d-ailes\/wp-json\/wp\/v2\/posts\/3062\/revisions"}],"predecessor-version":[{"id":5284,"href":"https:\/\/www.lactissima.com\/a-tire-d-ailes\/wp-json\/wp\/v2\/posts\/3062\/revisions\/5284"}],"wp:featuredmedia":[{"embeddable":true,"href":"https:\/\/www.lactissima.com\/a-tire-d-ailes\/wp-json\/wp\/v2\/media\/3066"}],"wp:attachment":[{"href":"https:\/\/www.lactissima.com\/a-tire-d-ailes\/wp-json\/wp\/v2\/media?parent=3062"}],"wp:term":[{"taxonomy":"category","embeddable":true,"href":"https:\/\/www.lactissima.com\/a-tire-d-ailes\/wp-json\/wp\/v2\/categories?post=3062"},{"taxonomy":"post_tag","embeddable":true,"href":"https:\/\/www.lactissima.com\/a-tire-d-ailes\/wp-json\/wp\/v2\/tags?post=3062"}],"curies":[{"name":"wp","href":"https:\/\/api.w.org\/{rel}","templated":true}]}}