{"id":306,"date":"2009-04-17T15:08:22","date_gmt":"2009-04-17T14:08:22","guid":{"rendered":"https:\/\/www.lactissima.com\/a-tire-d-ailes\/?p=306"},"modified":"2014-07-12T10:43:19","modified_gmt":"2014-07-12T08:43:19","slug":"pere-et-allaitement","status":"publish","type":"post","link":"https:\/\/www.lactissima.com\/a-tire-d-ailes\/pere-et-allaitement\/","title":{"rendered":"Et le p\u00e8re ?"},"content":{"rendered":"<p style=\"text-align: justify;\"><a href=\"https:\/\/www.lactissima.com\/a-tire-d-ailes\/wp-content\/uploads\/2009\/04\/pere5.jpg\"><img loading=\"lazy\" decoding=\"async\" class=\"alignright size-full wp-image-3861\" title=\"p\u00e8re et allaitement\" alt=\"p\u00e8re et allaitement\" src=\"https:\/\/www.lactissima.com\/a-tire-d-ailes\/wp-content\/uploads\/2009\/04\/pere5.jpg\" width=\"350\" height=\"233\" srcset=\"https:\/\/www.lactissima.com\/a-tire-d-ailes\/wp-content\/uploads\/2009\/04\/pere5.jpg 350w, https:\/\/www.lactissima.com\/a-tire-d-ailes\/wp-content\/uploads\/2009\/04\/pere5-300x199.jpg 300w\" sizes=\"(max-width: 350px) 100vw, 350px\" \/><\/a>Depuis que j&rsquo;ai commenc\u00e9 \u00e0 \u00e9crire pour ce blog, j&rsquo;en ai tr\u00e8s peu parl\u00e9 : et <strong>le p\u00e8re<\/strong> dans toute cette aventure ?<br \/>\nJe ne suis pas la seule \u00e0 peu en parler, je n&rsquo;ai quasiment rien trouv\u00e9 sur la blogosph\u00e8re sur le sujet, sauf cet <a href=\"http:\/\/prunus.over-blog.com\/article-17519568.html\">article<\/a>.<br \/>\nL&rsquo;exp\u00e9rience m&rsquo;a montr\u00e9 que le p\u00e8re a une <strong>place primordiale<\/strong> dans la r\u00e9ussite d&rsquo;un allaitement. Et quand je parle de <strong>r\u00e9ussite<\/strong>, j&rsquo;entends un <a href=\"http:\/\/www.allaiteraparis.fr\/\" target=\"_blank\">allaitement <\/a>conforme \u00e0 ce que vous souhaitez, pas conforme \u00e0 une norme, quelle qu&rsquo;elle soit.<br \/>\nLe p\u00e8re donc est l&rsquo;acteur de l&rsquo;ombre sans qui tout est plus compliqu\u00e9. <a title=\"p\u00e8re et allaitement\" href=\"https:\/\/www.lactissima.com\/a-tire-d-ailes\/pere-et-allaitement\/\">P\u00e8re et allaitement<\/a>, toute une histoire.<\/p>\n<p style=\"text-align: justify;\">En effet, c&rsquo;est une <strong>source de soutien quotidienne<\/strong>. Si vous reprenez le travail et que vous souhaitez poursuivre l&rsquo;allaitement, c&rsquo;est \u00e0 votre homme que vous aurez certainement envie de raconter vos d\u00e9boires ou vos r\u00e9ussites le soir en rentrant du travail. Il est \u00e0 la fois un <strong>soutien psychologique<\/strong> : quand on tire son lait au travail, on est encore hors-norme en France (il faut esp\u00e9rer que cela change) et cela fait du bien de pouvoir en parler \u00e0 quelqu&rsquo;un qui comprend votre d\u00e9marche.<br \/>\nIl est \u00e9galement un <strong>soutien logistique<\/strong>. Les femmes qui conjuguent allaitement et travail au long cours sont en g\u00e9n\u00e9ral des femmes qui ont un soutien mat\u00e9riel important \u00e0 la maison. Les p\u00e8res sont l\u00e0 pour s&rsquo;occuper des enfants plus grands et prendre leur part de travail domestique : pr\u00e9paration des repas, gestion des lessives, vaisselle, etc&#8230;<\/p>\n<p style=\"text-align: justify;\">Les r\u00e9actions des p\u00e8res face \u00e0 la poursuite de l&rsquo;allaitement sont diverses. Certains sont <strong>tr\u00e8s fiers<\/strong> de ce que fait leur femme et sont les premiers \u00e0 tenter de prouver aux amis ou coll\u00e8gues que l&rsquo;allaitement c&rsquo;est mieux. D&rsquo;autres trouvent cela <strong>pratique<\/strong> pour la nuit : si b\u00e9b\u00e9 se r\u00e9veille, il t\u00e8te et ne r\u00e9veille pas son p\u00e8re&#8230;qui n&rsquo;a pas besoin de se lever.<br \/>\nPour que cela se passe bien il est n\u00e9cessaire d&rsquo;avoir un <strong>bon dialogue au sein du couple<\/strong> pour que chacun puisse exprimer <strong>ses besoins<\/strong> et se sente <strong>reconnu dans son r\u00f4le<\/strong>. Il faut \u00e9galement que le p\u00e8re ait pu nouer <strong>une relation avec son enfant<\/strong> qui ne d\u00e9pende pas du fait de le nourrir ou non, qu&rsquo;il sache jouer avec lui, le porter, le bercer, le baigner, le changer, bref tout ce qui fait la vie d&rsquo;un b\u00e9b\u00e9 en dehors du sein de sa m\u00e8re. Ainsi, il ne se sent pas exclu de la vie de son enfant.<\/p>\n<p style=\"text-align: justify;\">Cependant, certains p\u00e8res <strong>vivent mal<\/strong> la poursuite de l&rsquo;allaitement apr\u00e8s la reprise du travail. <strong>Le regard des autres<\/strong> est parfois difficile \u00e0 porter et si le p\u00e8re n&rsquo;est pas lui-m\u00eame convaincu des bienfaits de l&rsquo;allaitement, il peut prendre la d\u00e9marche de sa femme pour de l&rsquo;<strong>acharnement<\/strong>. Il peut \u00e9galement vivre un sentiment d&rsquo;<strong>exclusion<\/strong> : tant que mon enfant est allait\u00e9, je n&rsquo;ai pas de place aupr\u00e8s de lui. C&rsquo;est alors <strong>tr\u00e8s difficile pour les deux membres du couple<\/strong> : pour la m\u00e8re qui veut faire le meilleur pour son enfant et ne se sent ni soutenue, ni comprise ; pour le p\u00e8re qui a l&rsquo;impression d&rsquo;\u00eatre quantit\u00e9 n\u00e9gligeable.<\/p>\n<p style=\"text-align: justify;\">L&rsquo;allaitement est certes une d\u00e9cision de la m\u00e8re mais cet allaitement ne se passera bien que si le p\u00e8re est <strong>soutenant<\/strong> ou au minimum pas oppos\u00e9 \u00e0 cet allaitement. Encore une fois, tout est affaire de dialogue au sein du couple.<\/p>\n<p style=\"text-align: justify;\">Et <strong>chez vous<\/strong>, comment le p\u00e8re a-t-il v\u00e9cu l&rsquo;allaitement de son enfant ?<\/p>\n<p>&nbsp;<\/p>\n","protected":false},"excerpt":{"rendered":"<p>Et le p\u00e8re dans toute cette aventure ?<br \/>\nL&rsquo;exp\u00e9rience m&rsquo;a montr\u00e9 qu&rsquo;il a une place primordiale dans la r\u00e9ussite d&rsquo;un allaitement. <\/p>\n","protected":false},"author":170,"featured_media":3861,"comment_status":"open","ping_status":"open","sticky":false,"template":"","format":"standard","meta":{"_et_pb_use_builder":"","_et_pb_old_content":"","_et_gb_content_width":"","footnotes":""},"categories":[44],"tags":[539],"class_list":["post-306","post","type-post","status-publish","format-standard","has-post-thumbnail","hentry","category-peres","tag-pere-et-allaitement"],"yoast_head":"<!-- This site is optimized with the Yoast SEO plugin v27.4 - https:\/\/yoast.com\/product\/yoast-seo-wordpress\/ -->\n<title>p\u00e8re et allaitement<\/title>\n<meta name=\"description\" content=\"P\u00e8re et allaitement : l&#039;exp\u00e9rience m&#039;a montr\u00e9 qu&#039;il a une place primordiale dans la r\u00e9ussite d&#039;un allaitement.\" \/>\n<meta name=\"robots\" content=\"index, follow, max-snippet:-1, max-image-preview:large, max-video-preview:-1\" \/>\n<link rel=\"canonical\" href=\"https:\/\/www.lactissima.com\/a-tire-d-ailes\/pere-et-allaitement\/\" \/>\n<meta property=\"og:locale\" content=\"fr_FR\" \/>\n<meta property=\"og:type\" content=\"article\" \/>\n<meta property=\"og:title\" content=\"p\u00e8re et allaitement\" \/>\n<meta property=\"og:description\" content=\"P\u00e8re et allaitement : l&#039;exp\u00e9rience m&#039;a montr\u00e9 qu&#039;il a une place primordiale dans la r\u00e9ussite d&#039;un allaitement.\" \/>\n<meta property=\"og:url\" content=\"https:\/\/www.lactissima.com\/a-tire-d-ailes\/pere-et-allaitement\/\" \/>\n<meta property=\"og:site_name\" content=\"A tire d&#039;Ailes\" \/>\n<meta property=\"article:publisher\" content=\"https:\/\/www.facebook.com\/consultante.en.lactation\" \/>\n<meta property=\"article:author\" content=\"www.facebook.com\/consultante.en.lactation\" \/>\n<meta property=\"article:published_time\" content=\"2009-04-17T14:08:22+00:00\" \/>\n<meta property=\"article:modified_time\" content=\"2014-07-12T08:43:19+00:00\" \/>\n<meta property=\"og:image\" content=\"https:\/\/www.lactissima.com\/a-tire-d-ailes\/wp-content\/uploads\/2009\/04\/pere5.jpg\" \/>\n\t<meta property=\"og:image:width\" content=\"350\" \/>\n\t<meta property=\"og:image:height\" content=\"233\" \/>\n\t<meta property=\"og:image:type\" content=\"image\/jpeg\" \/>\n<meta name=\"author\" content=\"V\u00e9ronique Darmangeat\" \/>\n<meta name=\"twitter:card\" content=\"summary_large_image\" \/>\n<meta name=\"twitter:creator\" content=\"@VeroniqueIBCLC\" \/>\n<meta name=\"twitter:site\" content=\"@VeroniqueIBCLC\" \/>\n<meta name=\"twitter:label1\" content=\"\u00c9crit par\" \/>\n\t<meta name=\"twitter:data1\" content=\"V\u00e9ronique Darmangeat\" \/>\n\t<meta name=\"twitter:label2\" content=\"Dur\u00e9e de lecture estim\u00e9e\" \/>\n\t<meta name=\"twitter:data2\" content=\"3 minutes\" \/>\n<script type=\"application\/ld+json\" class=\"yoast-schema-graph\">{\"@context\":\"https:\\\/\\\/schema.org\",\"@graph\":[{\"@type\":\"Article\",\"@id\":\"https:\\\/\\\/www.lactissima.com\\\/a-tire-d-ailes\\\/pere-et-allaitement\\\/#article\",\"isPartOf\":{\"@id\":\"https:\\\/\\\/www.lactissima.com\\\/a-tire-d-ailes\\\/pere-et-allaitement\\\/\"},\"author\":{\"name\":\"V\u00e9ronique Darmangeat\",\"@id\":\"https:\\\/\\\/www.lactissima.com\\\/a-tire-d-ailes\\\/#\\\/schema\\\/person\\\/8f98d3a89530861bc1240e6d53d44eed\"},\"headline\":\"Et le p\u00e8re ?\",\"datePublished\":\"2009-04-17T14:08:22+00:00\",\"dateModified\":\"2014-07-12T08:43:19+00:00\",\"mainEntityOfPage\":{\"@id\":\"https:\\\/\\\/www.lactissima.com\\\/a-tire-d-ailes\\\/pere-et-allaitement\\\/\"},\"wordCount\":635,\"commentCount\":34,\"image\":{\"@id\":\"https:\\\/\\\/www.lactissima.com\\\/a-tire-d-ailes\\\/pere-et-allaitement\\\/#primaryimage\"},\"thumbnailUrl\":\"https:\\\/\\\/www.lactissima.com\\\/a-tire-d-ailes\\\/wp-content\\\/uploads\\\/2009\\\/04\\\/pere5.jpg\",\"keywords\":[\"p\u00e8re et allaitement\"],\"articleSection\":[\"P\u00e8res\"],\"inLanguage\":\"fr-FR\",\"potentialAction\":[{\"@type\":\"CommentAction\",\"name\":\"Comment\",\"target\":[\"https:\\\/\\\/www.lactissima.com\\\/a-tire-d-ailes\\\/pere-et-allaitement\\\/#respond\"]}]},{\"@type\":\"WebPage\",\"@id\":\"https:\\\/\\\/www.lactissima.com\\\/a-tire-d-ailes\\\/pere-et-allaitement\\\/\",\"url\":\"https:\\\/\\\/www.lactissima.com\\\/a-tire-d-ailes\\\/pere-et-allaitement\\\/\",\"name\":\"p\u00e8re et allaitement\",\"isPartOf\":{\"@id\":\"https:\\\/\\\/www.lactissima.com\\\/a-tire-d-ailes\\\/#website\"},\"primaryImageOfPage\":{\"@id\":\"https:\\\/\\\/www.lactissima.com\\\/a-tire-d-ailes\\\/pere-et-allaitement\\\/#primaryimage\"},\"image\":{\"@id\":\"https:\\\/\\\/www.lactissima.com\\\/a-tire-d-ailes\\\/pere-et-allaitement\\\/#primaryimage\"},\"thumbnailUrl\":\"https:\\\/\\\/www.lactissima.com\\\/a-tire-d-ailes\\\/wp-content\\\/uploads\\\/2009\\\/04\\\/pere5.jpg\",\"datePublished\":\"2009-04-17T14:08:22+00:00\",\"dateModified\":\"2014-07-12T08:43:19+00:00\",\"author\":{\"@id\":\"https:\\\/\\\/www.lactissima.com\\\/a-tire-d-ailes\\\/#\\\/schema\\\/person\\\/8f98d3a89530861bc1240e6d53d44eed\"},\"description\":\"P\u00e8re et allaitement : l'exp\u00e9rience m'a montr\u00e9 qu'il a une place primordiale dans la r\u00e9ussite d'un allaitement.\",\"breadcrumb\":{\"@id\":\"https:\\\/\\\/www.lactissima.com\\\/a-tire-d-ailes\\\/pere-et-allaitement\\\/#breadcrumb\"},\"inLanguage\":\"fr-FR\",\"potentialAction\":[{\"@type\":\"ReadAction\",\"target\":[\"https:\\\/\\\/www.lactissima.com\\\/a-tire-d-ailes\\\/pere-et-allaitement\\\/\"]}]},{\"@type\":\"ImageObject\",\"inLanguage\":\"fr-FR\",\"@id\":\"https:\\\/\\\/www.lactissima.com\\\/a-tire-d-ailes\\\/pere-et-allaitement\\\/#primaryimage\",\"url\":\"https:\\\/\\\/www.lactissima.com\\\/a-tire-d-ailes\\\/wp-content\\\/uploads\\\/2009\\\/04\\\/pere5.jpg\",\"contentUrl\":\"https:\\\/\\\/www.lactissima.com\\\/a-tire-d-ailes\\\/wp-content\\\/uploads\\\/2009\\\/04\\\/pere5.jpg\",\"width\":350,\"height\":233},{\"@type\":\"BreadcrumbList\",\"@id\":\"https:\\\/\\\/www.lactissima.com\\\/a-tire-d-ailes\\\/pere-et-allaitement\\\/#breadcrumb\",\"itemListElement\":[{\"@type\":\"ListItem\",\"position\":1,\"name\":\"Accueil\",\"item\":\"https:\\\/\\\/www.lactissima.com\\\/a-tire-d-ailes\\\/\"},{\"@type\":\"ListItem\",\"position\":2,\"name\":\"Et le p\u00e8re ?\"}]},{\"@type\":\"WebSite\",\"@id\":\"https:\\\/\\\/www.lactissima.com\\\/a-tire-d-ailes\\\/#website\",\"url\":\"https:\\\/\\\/www.lactissima.com\\\/a-tire-d-ailes\\\/\",\"name\":\"A tire d&#039;Ailes\",\"description\":\"Le blog des femmes qui allaitent et travaillent.\",\"potentialAction\":[{\"@type\":\"SearchAction\",\"target\":{\"@type\":\"EntryPoint\",\"urlTemplate\":\"https:\\\/\\\/www.lactissima.com\\\/a-tire-d-ailes\\\/?s={search_term_string}\"},\"query-input\":{\"@type\":\"PropertyValueSpecification\",\"valueRequired\":true,\"valueName\":\"search_term_string\"}}],\"inLanguage\":\"fr-FR\"},{\"@type\":\"Person\",\"@id\":\"https:\\\/\\\/www.lactissima.com\\\/a-tire-d-ailes\\\/#\\\/schema\\\/person\\\/8f98d3a89530861bc1240e6d53d44eed\",\"name\":\"V\u00e9ronique Darmangeat\",\"image\":{\"@type\":\"ImageObject\",\"inLanguage\":\"fr-FR\",\"@id\":\"https:\\\/\\\/secure.gravatar.com\\\/avatar\\\/268c99344c89cebfe4f5df5fa8be43068a18884fc76a29f3206fae98465b9cab?s=96&d=identicon&r=g\",\"url\":\"https:\\\/\\\/secure.gravatar.com\\\/avatar\\\/268c99344c89cebfe4f5df5fa8be43068a18884fc76a29f3206fae98465b9cab?s=96&d=identicon&r=g\",\"contentUrl\":\"https:\\\/\\\/secure.gravatar.com\\\/avatar\\\/268c99344c89cebfe4f5df5fa8be43068a18884fc76a29f3206fae98465b9cab?s=96&d=identicon&r=g\",\"caption\":\"V\u00e9ronique Darmangeat\"},\"sameAs\":[\"https:\\\/\\\/www.lactissima.com\\\/a-tire-d-ailes\",\"www.facebook.com\\\/consultante.en.lactation\"]}]}<\/script>\n<!-- \/ Yoast SEO plugin. -->","yoast_head_json":{"title":"p\u00e8re et allaitement","description":"P\u00e8re et allaitement : l'exp\u00e9rience m'a montr\u00e9 qu'il a une place primordiale dans la r\u00e9ussite d'un allaitement.","robots":{"index":"index","follow":"follow","max-snippet":"max-snippet:-1","max-image-preview":"max-image-preview:large","max-video-preview":"max-video-preview:-1"},"canonical":"https:\/\/www.lactissima.com\/a-tire-d-ailes\/pere-et-allaitement\/","og_locale":"fr_FR","og_type":"article","og_title":"p\u00e8re et allaitement","og_description":"P\u00e8re et allaitement : l'exp\u00e9rience m'a montr\u00e9 qu'il a une place primordiale dans la r\u00e9ussite d'un allaitement.","og_url":"https:\/\/www.lactissima.com\/a-tire-d-ailes\/pere-et-allaitement\/","og_site_name":"A tire d&#039;Ailes","article_publisher":"https:\/\/www.facebook.com\/consultante.en.lactation","article_author":"www.facebook.com\/consultante.en.lactation","article_published_time":"2009-04-17T14:08:22+00:00","article_modified_time":"2014-07-12T08:43:19+00:00","og_image":[{"width":350,"height":233,"url":"https:\/\/www.lactissima.com\/a-tire-d-ailes\/wp-content\/uploads\/2009\/04\/pere5.jpg","type":"image\/jpeg"}],"author":"V\u00e9ronique Darmangeat","twitter_card":"summary_large_image","twitter_creator":"@VeroniqueIBCLC","twitter_site":"@VeroniqueIBCLC","twitter_misc":{"\u00c9crit par":"V\u00e9ronique Darmangeat","Dur\u00e9e de lecture estim\u00e9e":"3 minutes"},"schema":{"@context":"https:\/\/schema.org","@graph":[{"@type":"Article","@id":"https:\/\/www.lactissima.com\/a-tire-d-ailes\/pere-et-allaitement\/#article","isPartOf":{"@id":"https:\/\/www.lactissima.com\/a-tire-d-ailes\/pere-et-allaitement\/"},"author":{"name":"V\u00e9ronique Darmangeat","@id":"https:\/\/www.lactissima.com\/a-tire-d-ailes\/#\/schema\/person\/8f98d3a89530861bc1240e6d53d44eed"},"headline":"Et le p\u00e8re ?","datePublished":"2009-04-17T14:08:22+00:00","dateModified":"2014-07-12T08:43:19+00:00","mainEntityOfPage":{"@id":"https:\/\/www.lactissima.com\/a-tire-d-ailes\/pere-et-allaitement\/"},"wordCount":635,"commentCount":34,"image":{"@id":"https:\/\/www.lactissima.com\/a-tire-d-ailes\/pere-et-allaitement\/#primaryimage"},"thumbnailUrl":"https:\/\/www.lactissima.com\/a-tire-d-ailes\/wp-content\/uploads\/2009\/04\/pere5.jpg","keywords":["p\u00e8re et allaitement"],"articleSection":["P\u00e8res"],"inLanguage":"fr-FR","potentialAction":[{"@type":"CommentAction","name":"Comment","target":["https:\/\/www.lactissima.com\/a-tire-d-ailes\/pere-et-allaitement\/#respond"]}]},{"@type":"WebPage","@id":"https:\/\/www.lactissima.com\/a-tire-d-ailes\/pere-et-allaitement\/","url":"https:\/\/www.lactissima.com\/a-tire-d-ailes\/pere-et-allaitement\/","name":"p\u00e8re et allaitement","isPartOf":{"@id":"https:\/\/www.lactissima.com\/a-tire-d-ailes\/#website"},"primaryImageOfPage":{"@id":"https:\/\/www.lactissima.com\/a-tire-d-ailes\/pere-et-allaitement\/#primaryimage"},"image":{"@id":"https:\/\/www.lactissima.com\/a-tire-d-ailes\/pere-et-allaitement\/#primaryimage"},"thumbnailUrl":"https:\/\/www.lactissima.com\/a-tire-d-ailes\/wp-content\/uploads\/2009\/04\/pere5.jpg","datePublished":"2009-04-17T14:08:22+00:00","dateModified":"2014-07-12T08:43:19+00:00","author":{"@id":"https:\/\/www.lactissima.com\/a-tire-d-ailes\/#\/schema\/person\/8f98d3a89530861bc1240e6d53d44eed"},"description":"P\u00e8re et allaitement : l'exp\u00e9rience m'a montr\u00e9 qu'il a une place primordiale dans la r\u00e9ussite d'un allaitement.","breadcrumb":{"@id":"https:\/\/www.lactissima.com\/a-tire-d-ailes\/pere-et-allaitement\/#breadcrumb"},"inLanguage":"fr-FR","potentialAction":[{"@type":"ReadAction","target":["https:\/\/www.lactissima.com\/a-tire-d-ailes\/pere-et-allaitement\/"]}]},{"@type":"ImageObject","inLanguage":"fr-FR","@id":"https:\/\/www.lactissima.com\/a-tire-d-ailes\/pere-et-allaitement\/#primaryimage","url":"https:\/\/www.lactissima.com\/a-tire-d-ailes\/wp-content\/uploads\/2009\/04\/pere5.jpg","contentUrl":"https:\/\/www.lactissima.com\/a-tire-d-ailes\/wp-content\/uploads\/2009\/04\/pere5.jpg","width":350,"height":233},{"@type":"BreadcrumbList","@id":"https:\/\/www.lactissima.com\/a-tire-d-ailes\/pere-et-allaitement\/#breadcrumb","itemListElement":[{"@type":"ListItem","position":1,"name":"Accueil","item":"https:\/\/www.lactissima.com\/a-tire-d-ailes\/"},{"@type":"ListItem","position":2,"name":"Et le p\u00e8re ?"}]},{"@type":"WebSite","@id":"https:\/\/www.lactissima.com\/a-tire-d-ailes\/#website","url":"https:\/\/www.lactissima.com\/a-tire-d-ailes\/","name":"A tire d&#039;Ailes","description":"Le blog des femmes qui allaitent et travaillent.","potentialAction":[{"@type":"SearchAction","target":{"@type":"EntryPoint","urlTemplate":"https:\/\/www.lactissima.com\/a-tire-d-ailes\/?s={search_term_string}"},"query-input":{"@type":"PropertyValueSpecification","valueRequired":true,"valueName":"search_term_string"}}],"inLanguage":"fr-FR"},{"@type":"Person","@id":"https:\/\/www.lactissima.com\/a-tire-d-ailes\/#\/schema\/person\/8f98d3a89530861bc1240e6d53d44eed","name":"V\u00e9ronique Darmangeat","image":{"@type":"ImageObject","inLanguage":"fr-FR","@id":"https:\/\/secure.gravatar.com\/avatar\/268c99344c89cebfe4f5df5fa8be43068a18884fc76a29f3206fae98465b9cab?s=96&d=identicon&r=g","url":"https:\/\/secure.gravatar.com\/avatar\/268c99344c89cebfe4f5df5fa8be43068a18884fc76a29f3206fae98465b9cab?s=96&d=identicon&r=g","contentUrl":"https:\/\/secure.gravatar.com\/avatar\/268c99344c89cebfe4f5df5fa8be43068a18884fc76a29f3206fae98465b9cab?s=96&d=identicon&r=g","caption":"V\u00e9ronique Darmangeat"},"sameAs":["https:\/\/www.lactissima.com\/a-tire-d-ailes","www.facebook.com\/consultante.en.lactation"]}]}},"_links":{"self":[{"href":"https:\/\/www.lactissima.com\/a-tire-d-ailes\/wp-json\/wp\/v2\/posts\/306","targetHints":{"allow":["GET"]}}],"collection":[{"href":"https:\/\/www.lactissima.com\/a-tire-d-ailes\/wp-json\/wp\/v2\/posts"}],"about":[{"href":"https:\/\/www.lactissima.com\/a-tire-d-ailes\/wp-json\/wp\/v2\/types\/post"}],"author":[{"embeddable":true,"href":"https:\/\/www.lactissima.com\/a-tire-d-ailes\/wp-json\/wp\/v2\/users\/170"}],"replies":[{"embeddable":true,"href":"https:\/\/www.lactissima.com\/a-tire-d-ailes\/wp-json\/wp\/v2\/comments?post=306"}],"version-history":[{"count":28,"href":"https:\/\/www.lactissima.com\/a-tire-d-ailes\/wp-json\/wp\/v2\/posts\/306\/revisions"}],"predecessor-version":[{"id":5839,"href":"https:\/\/www.lactissima.com\/a-tire-d-ailes\/wp-json\/wp\/v2\/posts\/306\/revisions\/5839"}],"wp:featuredmedia":[{"embeddable":true,"href":"https:\/\/www.lactissima.com\/a-tire-d-ailes\/wp-json\/wp\/v2\/media\/3861"}],"wp:attachment":[{"href":"https:\/\/www.lactissima.com\/a-tire-d-ailes\/wp-json\/wp\/v2\/media?parent=306"}],"wp:term":[{"taxonomy":"category","embeddable":true,"href":"https:\/\/www.lactissima.com\/a-tire-d-ailes\/wp-json\/wp\/v2\/categories?post=306"},{"taxonomy":"post_tag","embeddable":true,"href":"https:\/\/www.lactissima.com\/a-tire-d-ailes\/wp-json\/wp\/v2\/tags?post=306"}],"curies":[{"name":"wp","href":"https:\/\/api.w.org\/{rel}","templated":true}]}}