{"id":3056,"date":"2012-04-27T09:52:07","date_gmt":"2012-04-27T07:52:07","guid":{"rendered":"https:\/\/www.lactissima.com\/a-tire-d-ailes\/?p=3056"},"modified":"2014-03-15T16:43:41","modified_gmt":"2014-03-15T14:43:41","slug":"jai-besoin-de-vos-temoignages","status":"publish","type":"post","link":"https:\/\/www.lactissima.com\/a-tire-d-ailes\/jai-besoin-de-vos-temoignages\/","title":{"rendered":"J&rsquo;ai besoin de vos t\u00e9moignages !"},"content":{"rendered":"<p style=\"text-align: justify;\"><a href=\"https:\/\/www.lactissima.com\/a-tire-d-ailes\/wp-content\/uploads\/clavier.jpg\"><img loading=\"lazy\" decoding=\"async\" class=\"alignright  wp-image-269\" title=\"t\u00e9moignage\" alt=\"\" src=\"https:\/\/www.lactissima.com\/a-tire-d-ailes\/wp-content\/uploads\/clavier.jpg\" width=\"315\" height=\"209\" srcset=\"https:\/\/www.lactissima.com\/a-tire-d-ailes\/wp-content\/uploads\/clavier.jpg 500w, https:\/\/www.lactissima.com\/a-tire-d-ailes\/wp-content\/uploads\/clavier-300x199.jpg 300w\" sizes=\"(max-width: 315px) 100vw, 315px\" \/><\/a>En attendant la sortie de mon <strong>livre<\/strong> sur allaitement et reprise du travail au mois de mai, je suis en train <strong>d&rsquo;\u00e9crire<\/strong>, \u00e0 la demande des \u00e9ditions Leduc, un<strong> guide de l&rsquo;allaitement, de la grossesse au sevrage.<\/strong><br \/>\nJ&rsquo;ai besoin de <span style=\"color: #000000;\"><a href=\"https:\/\/www.lactissima.com\/a-tire-d-ailes\/?p=3056\"><span style=\"color: #000000;\"><strong>t\u00e9moignages<\/strong> d&rsquo;allaitement<\/span><\/a><\/span> de m\u00e8res sur beaucoup de sujets.<\/p>\n<p style=\"text-align: justify;\">Ce serait vraiment super de faire <strong>circuler<\/strong> et d&rsquo;envoyer les t\u00e9moignages \u00e0 <strong>allaiteraparis@wanadoo.fr<\/strong> !<\/p>\n<p style=\"text-align: justify;\"><strong>Sujets<\/strong> de t\u00e9moignages dont j&rsquo;ai besoin :<\/p>\n<ul style=\"text-align: justify;\">\n<li>comment avez-vous d\u00e9cid\u00e9 d&rsquo;allaiter ou de ne pas allaiter ?<\/li>\n<li>quelles sont les raisons qui vous ont fait choisir le biberon ou le sein ?<\/li>\n<li>vous \u00eates-vous pr\u00e9par\u00e9 \u00e0 l&rsquo;allaitement et comment ?<\/li>\n<li>comment s&rsquo;est pass\u00e9 le retour \u00e0 la maison avec l&rsquo;allaitement ?<\/li>\n<li>comment s&rsquo;est pass\u00e9e la premi\u00e8re t\u00e9t\u00e9e ?<\/li>\n<li>quel rythme avait votre b\u00e9b\u00e9 au sein ?<\/li>\n<li>avez-vous connu des difficult\u00e9s pendant votre allaitement ?<\/li>\n<li>Qui vous a aid\u00e9 ?<\/li>\n<li>avez-vous du sevrer sans l&rsquo;avoir voulu ?<\/li>\n<li>quelle place a pris le p\u00e8re aupr\u00e8s du b\u00e9b\u00e9 ?<\/li>\n<li>\u00e9tiez-vous inqui\u00e8te lorsque vous allaitiez, pourquoi ?<\/li>\n<li>avez-vous allait\u00e9 en dehors de chez vous ? Dans quelles situations ? Cela vous a -t-il pos\u00e9 probl\u00e8me ?<\/li>\n<li>avez-vous connu un probl\u00e8me de quantit\u00e9 de lait (trop ou pas assez) ?<\/li>\n<li>avez-vous utilis\u00e9 un tire-lait ? Pourquoi comment ?<\/li>\n<li>quelle contraception avez-vous choisie en allaitant ?<\/li>\n<li>l&rsquo;allaitement a t-il interf\u00e9r\u00e9 avec votre sexualit\u00e9 ? Comment ?<\/li>\n<li>comment avez-vous sevr\u00e9 ? A quel \u00e2ge ? Pour quelles raisons ?<\/li>\n<li>faisiez-vous du sport en p\u00e9riode d&rsquo;allaitement ?<\/li>\n<li>avez-vous allait\u00e9 un b\u00e9b\u00e9 malade ?<\/li>\n<li>avez-vous allait\u00e9 en \u00e9tant malade ?<\/li>\n<li>avez-vous allait\u00e9 un enfant adopt\u00e9 ?<\/li>\n<\/ul>\n<p style=\"text-align: justify;\">Je suis preneuse de<strong> tout type<\/strong> de t\u00e9moignage : court ou long, sur d&rsquo;autres sujets que ceux \u00e9voqu\u00e9s ici, &#8230;<\/p>\n<p style=\"text-align: justify;\"><strong>L\u00e2chez-vous<\/strong>, c&rsquo;est le moment !!!<\/p>\n<p>&nbsp;<\/p>\n","protected":false},"excerpt":{"rendered":"<p>J&rsquo;ai besoin de vos t\u00e9moignages d&rsquo;allaitement.<\/p>\n","protected":false},"author":170,"featured_media":269,"comment_status":"open","ping_status":"open","sticky":false,"template":"","format":"standard","meta":{"_et_pb_use_builder":"","_et_pb_old_content":"","_et_gb_content_width":"","footnotes":""},"categories":[67],"tags":[373],"class_list":["post-3056","post","type-post","status-publish","format-standard","has-post-thumbnail","hentry","category-vie-du-blog","tag-temoignages-dallaitement"],"yoast_head":"<!-- This site is optimized with the Yoast SEO plugin v27.4 - https:\/\/yoast.com\/product\/yoast-seo-wordpress\/ -->\n<title>J&#039;ai besoin de vos t\u00e9moignages !<\/title>\n<meta name=\"description\" content=\"J&#039;ai besoin de vos t\u00e9moignages d&#039;allaitement.\" \/>\n<meta name=\"robots\" content=\"index, follow, max-snippet:-1, max-image-preview:large, max-video-preview:-1\" \/>\n<link rel=\"canonical\" href=\"https:\/\/www.lactissima.com\/a-tire-d-ailes\/jai-besoin-de-vos-temoignages\/\" \/>\n<meta property=\"og:locale\" content=\"fr_FR\" \/>\n<meta property=\"og:type\" content=\"article\" \/>\n<meta property=\"og:title\" content=\"J&#039;ai besoin de vos t\u00e9moignages !\" \/>\n<meta property=\"og:description\" content=\"J&#039;ai besoin de vos t\u00e9moignages d&#039;allaitement.\" \/>\n<meta property=\"og:url\" content=\"https:\/\/www.lactissima.com\/a-tire-d-ailes\/jai-besoin-de-vos-temoignages\/\" \/>\n<meta property=\"og:site_name\" content=\"A tire d&#039;Ailes\" \/>\n<meta property=\"article:publisher\" content=\"https:\/\/www.facebook.com\/consultante.en.lactation\" \/>\n<meta property=\"article:author\" content=\"www.facebook.com\/consultante.en.lactation\" \/>\n<meta property=\"article:published_time\" content=\"2012-04-27T07:52:07+00:00\" \/>\n<meta property=\"article:modified_time\" content=\"2014-03-15T14:43:41+00:00\" \/>\n<meta property=\"og:image\" content=\"https:\/\/www.lactissima.com\/a-tire-d-ailes\/wp-content\/uploads\/clavier.jpg\" \/>\n\t<meta property=\"og:image:width\" content=\"500\" \/>\n\t<meta property=\"og:image:height\" content=\"332\" \/>\n\t<meta property=\"og:image:type\" content=\"image\/jpeg\" \/>\n<meta name=\"author\" content=\"V\u00e9ronique Darmangeat\" \/>\n<meta name=\"twitter:card\" content=\"summary_large_image\" \/>\n<meta name=\"twitter:creator\" content=\"@VeroniqueIBCLC\" \/>\n<meta name=\"twitter:site\" content=\"@VeroniqueIBCLC\" \/>\n<meta name=\"twitter:label1\" content=\"\u00c9crit par\" \/>\n\t<meta name=\"twitter:data1\" content=\"V\u00e9ronique Darmangeat\" \/>\n\t<meta name=\"twitter:label2\" content=\"Dur\u00e9e de lecture estim\u00e9e\" \/>\n\t<meta name=\"twitter:data2\" content=\"1 minute\" \/>\n<script type=\"application\/ld+json\" class=\"yoast-schema-graph\">{\"@context\":\"https:\\\/\\\/schema.org\",\"@graph\":[{\"@type\":\"Article\",\"@id\":\"https:\\\/\\\/www.lactissima.com\\\/a-tire-d-ailes\\\/jai-besoin-de-vos-temoignages\\\/#article\",\"isPartOf\":{\"@id\":\"https:\\\/\\\/www.lactissima.com\\\/a-tire-d-ailes\\\/jai-besoin-de-vos-temoignages\\\/\"},\"author\":{\"name\":\"V\u00e9ronique Darmangeat\",\"@id\":\"https:\\\/\\\/www.lactissima.com\\\/a-tire-d-ailes\\\/#\\\/schema\\\/person\\\/8f98d3a89530861bc1240e6d53d44eed\"},\"headline\":\"J&rsquo;ai besoin de vos t\u00e9moignages !\",\"datePublished\":\"2012-04-27T07:52:07+00:00\",\"dateModified\":\"2014-03-15T14:43:41+00:00\",\"mainEntityOfPage\":{\"@id\":\"https:\\\/\\\/www.lactissima.com\\\/a-tire-d-ailes\\\/jai-besoin-de-vos-temoignages\\\/\"},\"wordCount\":298,\"commentCount\":38,\"image\":{\"@id\":\"https:\\\/\\\/www.lactissima.com\\\/a-tire-d-ailes\\\/jai-besoin-de-vos-temoignages\\\/#primaryimage\"},\"thumbnailUrl\":\"https:\\\/\\\/www.lactissima.com\\\/a-tire-d-ailes\\\/wp-content\\\/uploads\\\/clavier.jpg\",\"keywords\":[\"t\u00e9moignages d'allaitement\"],\"articleSection\":[\"Vie du blog\"],\"inLanguage\":\"fr-FR\",\"potentialAction\":[{\"@type\":\"CommentAction\",\"name\":\"Comment\",\"target\":[\"https:\\\/\\\/www.lactissima.com\\\/a-tire-d-ailes\\\/jai-besoin-de-vos-temoignages\\\/#respond\"]}]},{\"@type\":\"WebPage\",\"@id\":\"https:\\\/\\\/www.lactissima.com\\\/a-tire-d-ailes\\\/jai-besoin-de-vos-temoignages\\\/\",\"url\":\"https:\\\/\\\/www.lactissima.com\\\/a-tire-d-ailes\\\/jai-besoin-de-vos-temoignages\\\/\",\"name\":\"J'ai besoin de vos t\u00e9moignages !\",\"isPartOf\":{\"@id\":\"https:\\\/\\\/www.lactissima.com\\\/a-tire-d-ailes\\\/#website\"},\"primaryImageOfPage\":{\"@id\":\"https:\\\/\\\/www.lactissima.com\\\/a-tire-d-ailes\\\/jai-besoin-de-vos-temoignages\\\/#primaryimage\"},\"image\":{\"@id\":\"https:\\\/\\\/www.lactissima.com\\\/a-tire-d-ailes\\\/jai-besoin-de-vos-temoignages\\\/#primaryimage\"},\"thumbnailUrl\":\"https:\\\/\\\/www.lactissima.com\\\/a-tire-d-ailes\\\/wp-content\\\/uploads\\\/clavier.jpg\",\"datePublished\":\"2012-04-27T07:52:07+00:00\",\"dateModified\":\"2014-03-15T14:43:41+00:00\",\"author\":{\"@id\":\"https:\\\/\\\/www.lactissima.com\\\/a-tire-d-ailes\\\/#\\\/schema\\\/person\\\/8f98d3a89530861bc1240e6d53d44eed\"},\"description\":\"J'ai besoin de vos t\u00e9moignages d'allaitement.\",\"breadcrumb\":{\"@id\":\"https:\\\/\\\/www.lactissima.com\\\/a-tire-d-ailes\\\/jai-besoin-de-vos-temoignages\\\/#breadcrumb\"},\"inLanguage\":\"fr-FR\",\"potentialAction\":[{\"@type\":\"ReadAction\",\"target\":[\"https:\\\/\\\/www.lactissima.com\\\/a-tire-d-ailes\\\/jai-besoin-de-vos-temoignages\\\/\"]}]},{\"@type\":\"ImageObject\",\"inLanguage\":\"fr-FR\",\"@id\":\"https:\\\/\\\/www.lactissima.com\\\/a-tire-d-ailes\\\/jai-besoin-de-vos-temoignages\\\/#primaryimage\",\"url\":\"https:\\\/\\\/www.lactissima.com\\\/a-tire-d-ailes\\\/wp-content\\\/uploads\\\/clavier.jpg\",\"contentUrl\":\"https:\\\/\\\/www.lactissima.com\\\/a-tire-d-ailes\\\/wp-content\\\/uploads\\\/clavier.jpg\",\"width\":\"500\",\"height\":\"332\"},{\"@type\":\"BreadcrumbList\",\"@id\":\"https:\\\/\\\/www.lactissima.com\\\/a-tire-d-ailes\\\/jai-besoin-de-vos-temoignages\\\/#breadcrumb\",\"itemListElement\":[{\"@type\":\"ListItem\",\"position\":1,\"name\":\"Accueil\",\"item\":\"https:\\\/\\\/www.lactissima.com\\\/a-tire-d-ailes\\\/\"},{\"@type\":\"ListItem\",\"position\":2,\"name\":\"J&rsquo;ai besoin de vos t\u00e9moignages !\"}]},{\"@type\":\"WebSite\",\"@id\":\"https:\\\/\\\/www.lactissima.com\\\/a-tire-d-ailes\\\/#website\",\"url\":\"https:\\\/\\\/www.lactissima.com\\\/a-tire-d-ailes\\\/\",\"name\":\"A tire d&#039;Ailes\",\"description\":\"Le blog des femmes qui allaitent et travaillent.\",\"potentialAction\":[{\"@type\":\"SearchAction\",\"target\":{\"@type\":\"EntryPoint\",\"urlTemplate\":\"https:\\\/\\\/www.lactissima.com\\\/a-tire-d-ailes\\\/?s={search_term_string}\"},\"query-input\":{\"@type\":\"PropertyValueSpecification\",\"valueRequired\":true,\"valueName\":\"search_term_string\"}}],\"inLanguage\":\"fr-FR\"},{\"@type\":\"Person\",\"@id\":\"https:\\\/\\\/www.lactissima.com\\\/a-tire-d-ailes\\\/#\\\/schema\\\/person\\\/8f98d3a89530861bc1240e6d53d44eed\",\"name\":\"V\u00e9ronique Darmangeat\",\"image\":{\"@type\":\"ImageObject\",\"inLanguage\":\"fr-FR\",\"@id\":\"https:\\\/\\\/secure.gravatar.com\\\/avatar\\\/268c99344c89cebfe4f5df5fa8be43068a18884fc76a29f3206fae98465b9cab?s=96&d=identicon&r=g\",\"url\":\"https:\\\/\\\/secure.gravatar.com\\\/avatar\\\/268c99344c89cebfe4f5df5fa8be43068a18884fc76a29f3206fae98465b9cab?s=96&d=identicon&r=g\",\"contentUrl\":\"https:\\\/\\\/secure.gravatar.com\\\/avatar\\\/268c99344c89cebfe4f5df5fa8be43068a18884fc76a29f3206fae98465b9cab?s=96&d=identicon&r=g\",\"caption\":\"V\u00e9ronique Darmangeat\"},\"sameAs\":[\"https:\\\/\\\/www.lactissima.com\\\/a-tire-d-ailes\",\"www.facebook.com\\\/consultante.en.lactation\"]}]}<\/script>\n<!-- \/ Yoast SEO plugin. -->","yoast_head_json":{"title":"J'ai besoin de vos t\u00e9moignages !","description":"J'ai besoin de vos t\u00e9moignages d'allaitement.","robots":{"index":"index","follow":"follow","max-snippet":"max-snippet:-1","max-image-preview":"max-image-preview:large","max-video-preview":"max-video-preview:-1"},"canonical":"https:\/\/www.lactissima.com\/a-tire-d-ailes\/jai-besoin-de-vos-temoignages\/","og_locale":"fr_FR","og_type":"article","og_title":"J'ai besoin de vos t\u00e9moignages !","og_description":"J'ai besoin de vos t\u00e9moignages d'allaitement.","og_url":"https:\/\/www.lactissima.com\/a-tire-d-ailes\/jai-besoin-de-vos-temoignages\/","og_site_name":"A tire d&#039;Ailes","article_publisher":"https:\/\/www.facebook.com\/consultante.en.lactation","article_author":"www.facebook.com\/consultante.en.lactation","article_published_time":"2012-04-27T07:52:07+00:00","article_modified_time":"2014-03-15T14:43:41+00:00","og_image":[{"width":500,"height":332,"url":"https:\/\/www.lactissima.com\/a-tire-d-ailes\/wp-content\/uploads\/clavier.jpg","type":"image\/jpeg"}],"author":"V\u00e9ronique Darmangeat","twitter_card":"summary_large_image","twitter_creator":"@VeroniqueIBCLC","twitter_site":"@VeroniqueIBCLC","twitter_misc":{"\u00c9crit par":"V\u00e9ronique Darmangeat","Dur\u00e9e de lecture estim\u00e9e":"1 minute"},"schema":{"@context":"https:\/\/schema.org","@graph":[{"@type":"Article","@id":"https:\/\/www.lactissima.com\/a-tire-d-ailes\/jai-besoin-de-vos-temoignages\/#article","isPartOf":{"@id":"https:\/\/www.lactissima.com\/a-tire-d-ailes\/jai-besoin-de-vos-temoignages\/"},"author":{"name":"V\u00e9ronique Darmangeat","@id":"https:\/\/www.lactissima.com\/a-tire-d-ailes\/#\/schema\/person\/8f98d3a89530861bc1240e6d53d44eed"},"headline":"J&rsquo;ai besoin de vos t\u00e9moignages !","datePublished":"2012-04-27T07:52:07+00:00","dateModified":"2014-03-15T14:43:41+00:00","mainEntityOfPage":{"@id":"https:\/\/www.lactissima.com\/a-tire-d-ailes\/jai-besoin-de-vos-temoignages\/"},"wordCount":298,"commentCount":38,"image":{"@id":"https:\/\/www.lactissima.com\/a-tire-d-ailes\/jai-besoin-de-vos-temoignages\/#primaryimage"},"thumbnailUrl":"https:\/\/www.lactissima.com\/a-tire-d-ailes\/wp-content\/uploads\/clavier.jpg","keywords":["t\u00e9moignages d'allaitement"],"articleSection":["Vie du blog"],"inLanguage":"fr-FR","potentialAction":[{"@type":"CommentAction","name":"Comment","target":["https:\/\/www.lactissima.com\/a-tire-d-ailes\/jai-besoin-de-vos-temoignages\/#respond"]}]},{"@type":"WebPage","@id":"https:\/\/www.lactissima.com\/a-tire-d-ailes\/jai-besoin-de-vos-temoignages\/","url":"https:\/\/www.lactissima.com\/a-tire-d-ailes\/jai-besoin-de-vos-temoignages\/","name":"J'ai besoin de vos t\u00e9moignages !","isPartOf":{"@id":"https:\/\/www.lactissima.com\/a-tire-d-ailes\/#website"},"primaryImageOfPage":{"@id":"https:\/\/www.lactissima.com\/a-tire-d-ailes\/jai-besoin-de-vos-temoignages\/#primaryimage"},"image":{"@id":"https:\/\/www.lactissima.com\/a-tire-d-ailes\/jai-besoin-de-vos-temoignages\/#primaryimage"},"thumbnailUrl":"https:\/\/www.lactissima.com\/a-tire-d-ailes\/wp-content\/uploads\/clavier.jpg","datePublished":"2012-04-27T07:52:07+00:00","dateModified":"2014-03-15T14:43:41+00:00","author":{"@id":"https:\/\/www.lactissima.com\/a-tire-d-ailes\/#\/schema\/person\/8f98d3a89530861bc1240e6d53d44eed"},"description":"J'ai besoin de vos t\u00e9moignages d'allaitement.","breadcrumb":{"@id":"https:\/\/www.lactissima.com\/a-tire-d-ailes\/jai-besoin-de-vos-temoignages\/#breadcrumb"},"inLanguage":"fr-FR","potentialAction":[{"@type":"ReadAction","target":["https:\/\/www.lactissima.com\/a-tire-d-ailes\/jai-besoin-de-vos-temoignages\/"]}]},{"@type":"ImageObject","inLanguage":"fr-FR","@id":"https:\/\/www.lactissima.com\/a-tire-d-ailes\/jai-besoin-de-vos-temoignages\/#primaryimage","url":"https:\/\/www.lactissima.com\/a-tire-d-ailes\/wp-content\/uploads\/clavier.jpg","contentUrl":"https:\/\/www.lactissima.com\/a-tire-d-ailes\/wp-content\/uploads\/clavier.jpg","width":"500","height":"332"},{"@type":"BreadcrumbList","@id":"https:\/\/www.lactissima.com\/a-tire-d-ailes\/jai-besoin-de-vos-temoignages\/#breadcrumb","itemListElement":[{"@type":"ListItem","position":1,"name":"Accueil","item":"https:\/\/www.lactissima.com\/a-tire-d-ailes\/"},{"@type":"ListItem","position":2,"name":"J&rsquo;ai besoin de vos t\u00e9moignages !"}]},{"@type":"WebSite","@id":"https:\/\/www.lactissima.com\/a-tire-d-ailes\/#website","url":"https:\/\/www.lactissima.com\/a-tire-d-ailes\/","name":"A tire d&#039;Ailes","description":"Le blog des femmes qui allaitent et travaillent.","potentialAction":[{"@type":"SearchAction","target":{"@type":"EntryPoint","urlTemplate":"https:\/\/www.lactissima.com\/a-tire-d-ailes\/?s={search_term_string}"},"query-input":{"@type":"PropertyValueSpecification","valueRequired":true,"valueName":"search_term_string"}}],"inLanguage":"fr-FR"},{"@type":"Person","@id":"https:\/\/www.lactissima.com\/a-tire-d-ailes\/#\/schema\/person\/8f98d3a89530861bc1240e6d53d44eed","name":"V\u00e9ronique Darmangeat","image":{"@type":"ImageObject","inLanguage":"fr-FR","@id":"https:\/\/secure.gravatar.com\/avatar\/268c99344c89cebfe4f5df5fa8be43068a18884fc76a29f3206fae98465b9cab?s=96&d=identicon&r=g","url":"https:\/\/secure.gravatar.com\/avatar\/268c99344c89cebfe4f5df5fa8be43068a18884fc76a29f3206fae98465b9cab?s=96&d=identicon&r=g","contentUrl":"https:\/\/secure.gravatar.com\/avatar\/268c99344c89cebfe4f5df5fa8be43068a18884fc76a29f3206fae98465b9cab?s=96&d=identicon&r=g","caption":"V\u00e9ronique Darmangeat"},"sameAs":["https:\/\/www.lactissima.com\/a-tire-d-ailes","www.facebook.com\/consultante.en.lactation"]}]}},"_links":{"self":[{"href":"https:\/\/www.lactissima.com\/a-tire-d-ailes\/wp-json\/wp\/v2\/posts\/3056","targetHints":{"allow":["GET"]}}],"collection":[{"href":"https:\/\/www.lactissima.com\/a-tire-d-ailes\/wp-json\/wp\/v2\/posts"}],"about":[{"href":"https:\/\/www.lactissima.com\/a-tire-d-ailes\/wp-json\/wp\/v2\/types\/post"}],"author":[{"embeddable":true,"href":"https:\/\/www.lactissima.com\/a-tire-d-ailes\/wp-json\/wp\/v2\/users\/170"}],"replies":[{"embeddable":true,"href":"https:\/\/www.lactissima.com\/a-tire-d-ailes\/wp-json\/wp\/v2\/comments?post=3056"}],"version-history":[{"count":8,"href":"https:\/\/www.lactissima.com\/a-tire-d-ailes\/wp-json\/wp\/v2\/posts\/3056\/revisions"}],"predecessor-version":[{"id":5286,"href":"https:\/\/www.lactissima.com\/a-tire-d-ailes\/wp-json\/wp\/v2\/posts\/3056\/revisions\/5286"}],"wp:featuredmedia":[{"embeddable":true,"href":"https:\/\/www.lactissima.com\/a-tire-d-ailes\/wp-json\/wp\/v2\/media\/269"}],"wp:attachment":[{"href":"https:\/\/www.lactissima.com\/a-tire-d-ailes\/wp-json\/wp\/v2\/media?parent=3056"}],"wp:term":[{"taxonomy":"category","embeddable":true,"href":"https:\/\/www.lactissima.com\/a-tire-d-ailes\/wp-json\/wp\/v2\/categories?post=3056"},{"taxonomy":"post_tag","embeddable":true,"href":"https:\/\/www.lactissima.com\/a-tire-d-ailes\/wp-json\/wp\/v2\/tags?post=3056"}],"curies":[{"name":"wp","href":"https:\/\/api.w.org\/{rel}","templated":true}]}}