{"id":3044,"date":"2012-04-26T14:57:22","date_gmt":"2012-04-26T12:57:22","guid":{"rendered":"https:\/\/www.lactissima.com\/a-tire-d-ailes\/?p=3044"},"modified":"2014-03-15T16:43:52","modified_gmt":"2014-03-15T14:43:52","slug":"allaiter-et-travailler-le-temoignage-demilie","status":"publish","type":"post","link":"https:\/\/www.lactissima.com\/a-tire-d-ailes\/allaiter-et-travailler-le-temoignage-demilie\/","title":{"rendered":"Allaiter et travailler : le t\u00e9moignage d&rsquo;Emilie"},"content":{"rendered":"<p style=\"text-align: justify;\"><a href=\"https:\/\/www.lactissima.com\/a-tire-d-ailes\/wp-content\/uploads\/2012\/04\/allaitement-Emilie.jpg\"><img loading=\"lazy\" decoding=\"async\" class=\"alignright size-full wp-image-4470\" alt=\"allaitement Emilie\" src=\"https:\/\/www.lactissima.com\/a-tire-d-ailes\/wp-content\/uploads\/2012\/04\/allaitement-Emilie.jpg\" width=\"325\" height=\"216\" srcset=\"https:\/\/www.lactissima.com\/a-tire-d-ailes\/wp-content\/uploads\/2012\/04\/allaitement-Emilie.jpg 325w, https:\/\/www.lactissima.com\/a-tire-d-ailes\/wp-content\/uploads\/2012\/04\/allaitement-Emilie-300x199.jpg 300w\" sizes=\"(max-width: 325px) 100vw, 325px\" \/><\/a>Quand mon <strong>deuxi\u00e8me<\/strong> gar\u00e7on est n\u00e9, il \u00e9tait tout a fait naturel pour moi de l&rsquo;allaiter. Ayant allaiter mon grand pendant trois mois exclusivement et puis encore deux mois et demi en mixte, je voulais retenter cette exp\u00e9rience avec mon petit deuz.<\/p>\n<p style=\"text-align: justify;\">Les d\u00e9buts d&rsquo;allaitement se sont merveilleusement <strong>bien pass\u00e9s<\/strong>. J&rsquo;avais la chance d&rsquo;avoir un b\u00e9b\u00e9 tr\u00e8s efficace au sein, il dormait bien, il t\u00e9tait bien, il \u00e9tait calme. Bref, le <strong>r\u00eave<\/strong>. Je pouvais profiter et me reposer pour la bonne poursuite de l&rsquo;allaitement.<\/p>\n<p style=\"text-align: justify;\">C&rsquo;est dans cet \u00e9tat d&rsquo;esprit qu&rsquo;il a fallu envisager la <strong>reprise du travail<\/strong> qui arrivait \u00e0 grands pas. Pour moi il \u00e9tait hors de question d&rsquo;arr\u00eater d&rsquo;allaiter Titouan, tout se passait tellement bien comme \u00e7a ! C&rsquo;est tout naturellement que je me suis dis qu&rsquo;il fallait que je <strong>continue<\/strong>. Je me suis alors <strong>renseign\u00e9e<\/strong>, notamment gr\u00e2ce \u00e0 vos articles et conseils. Et oui, il \u00e9tait tout a fait possible de <span style=\"color: #000000;\"><a title=\"Au coeur du sujet : allaiter et travailler\" href=\"https:\/\/www.lactissima.com\/a-tire-d-ailes\/?p=34\" target=\"_blank\"><span style=\"color: #000000;\">concilier travail et allaitement<\/span><\/a><\/span>. Si les autres mamans y arrivaient, pourquoi pas moi ?<\/p>\n<p style=\"text-align: justify;\">Je me suis donc \u00c2\u00ab \u00e9quip\u00e9e \u00c2\u00bb. Un <span style=\"color: #000000;\"><strong><a title=\"Le point sur les tire-lait\" href=\"https:\/\/www.lactissima.com\/a-tire-d-ailes\/?p=56\" target=\"_blank\"><span style=\"color: #000000;\">tire-lait \u00e9lectrique<\/span><\/a><\/strong><\/span> \u00e0 double pompe, le \u00c2\u00ab Lactaline de Ameda \u00c2\u00bb. Un tire-lait que je recommande. Il est vraiment tr\u00e8s pratique, confortable, facilement transportable avec sa sacoche isotherme.<\/p>\n<p style=\"text-align: justify;\">Apr\u00e8s quelques \u00c2\u00ab entra\u00eenements \u00c2\u00bb j&rsquo;ai pu r\u00e9ussir a me concocter une petite <span style=\"color: #000000;\"><strong><a title=\"Faire du stock de lait.\" href=\"https:\/\/www.lactissima.com\/a-tire-d-ailes\/?p=1321\" target=\"_blank\"><span style=\"color: #000000;\">r\u00e9serve<\/span><\/a><\/strong><\/span> au cong\u00e9lateur au cas o\u00f9, rien ne se passait comme pr\u00e9vu. J&rsquo;avais environ un litre de lait en r\u00e9serve, \u00e7a me rassurait. Quand \u00e0 Titouan, avant la reprise du travail, je lui ai donn\u00e9 quelques <strong>biberons<\/strong> histoire d&rsquo;\u00eatre s\u00fbre que tout se passe bien pour lui. Il a eu du mal a les prendre, mais a force de lui proposer un peu chaque jour pendant 15 jours, il a finit par les <strong>accepter<\/strong>.<\/p>\n<p style=\"text-align: justify;\">Aux <strong>trois mois<\/strong> de Titouan je suis retourn\u00e9e au travail. Grande s\u00e9paration pour nous deux, et malgr\u00e9 tous mes doutes, la premi\u00e8re journ\u00e9e c&rsquo;est <strong>tr\u00e8s bien pass\u00e9e<\/strong>.<\/p>\n<p style=\"text-align: justify;\">J&rsquo;avais d\u00e9cid\u00e9 de <strong>ne pas parler \u00e0 mon patron<\/strong> de l&rsquo;allaitement et donc de tirer mon lait en dehors des heures de travail. J&rsquo;\u00e9tais un peu g\u00ean\u00e9e d&rsquo;en parler, surtout que mon patron n&rsquo;est pas forc\u00e9ment tr\u00e8s r\u00e9ceptif \u00e0 ce genre d&rsquo;initiative. Du coup il fallait que je tire mon lait comme je pouvais le <strong>midi<\/strong> sur mon temps de pause d\u00e9jeuner. J&rsquo;ai donc pris d&rsquo;assaut tous les midis la <strong>douche<\/strong> de la soci\u00e9t\u00e9, pour m&rsquo;y enfermer afin d&rsquo;\u00eatre tranquille pour tirer mon lait.<\/p>\n<p style=\"text-align: justify;\">Tr\u00e8s vite mes <strong>coll\u00e8gues<\/strong> se sont demand\u00e9. Je leur ai expliqu\u00e9 que j&rsquo;allaitais toujours mon b\u00e9b\u00e9. Beaucoup n&rsquo;ont pas compris mes motivations. Je m&rsquo;en fichais, je n&rsquo;en parlais pas beaucoup au travail car malheureusement les mentalit\u00e9s n&rsquo;ont pas encore assez \u00e9volu\u00e9 vis \u00e0 vis de l&rsquo;allaitement.<\/p>\n<p style=\"text-align: justify;\">Mon <strong>rythme<\/strong> de tirages et de t\u00e9t\u00e9es c&rsquo;\u00e9tait :<\/p>\n<p style=\"text-align: justify;\">&#8211; Le matin b\u00e9b\u00e9 t\u00e9tait \u00e0 7h et je tirais mon lait <strong>en m\u00eame temps<\/strong> sur l&rsquo;autre sein.<\/p>\n<p style=\"text-align: justify;\">&#8211; Le midi, <strong>tirage<\/strong> sur les deux seins.<\/p>\n<p style=\"text-align: justify;\">&#8211; Le soir, \u00e0 18h30 <strong>t\u00e9t\u00e9e de retrouvailles<\/strong> et tirage sur l&rsquo;autre sein.<\/p>\n<p style=\"text-align: justify;\">&#8211; Puis t\u00e9t\u00e9e \u00e0 <strong>volont\u00e9<\/strong> apr\u00e8s le soir, et tous les jours de cong\u00e9s aussi.<\/p>\n<p style=\"text-align: justify;\">Je travaille \u00e0 <strong>80%<\/strong> gr\u00e2ce au cong\u00e9 parental et du coup j&rsquo;ai mes mercredi et vendredi apr\u00e8s-midi. Je dois dire que \u00e7a m&rsquo;a aussi beaucoup aid\u00e9 d&rsquo;avoir cette coupure pour me reposer et bouder un peu le tire-lait.<\/p>\n<p style=\"text-align: justify;\">Ce que j&rsquo;ai trouv\u00e9 le plus difficile dans tout \u00e7a c&rsquo;\u00e9tait le <strong>stress<\/strong> de ne pas avoir assez de lait pour le lendemain. Les jours o\u00f9 il m&rsquo;en manquait un peu je prennais sur mes <strong>r\u00e9serves<\/strong>. J&rsquo;ai eu une grosse <span style=\"color: #000000;\"><strong><a title=\"Faire face \u00e0 la baisse de lactation\" href=\"https:\/\/www.lactissima.com\/a-tire-d-ailes\/?p=1949\" target=\"_blank\"><span style=\"color: #000000;\">baisse de lait<\/span><\/a><\/strong><\/span> vers ses six mois, o\u00f9 l\u00e0 \u00e7a a \u00e9t\u00e9 tr\u00e8s dur et fatiguant. J&rsquo;ai eu recours \u00e0 <strong>l&rsquo;hom\u00e9opathie<\/strong> pour rebooster ma lactation et j&rsquo;ai tenu en regardant pleins de t\u00e9moignages et <strong>croyant<\/strong> fort que j&rsquo;allais passer ce cap. Et puis aussi le midi c&rsquo;\u00e9tait parfois p\u00e9nible d&rsquo;aller tirer mon lait au lieu de profiter tranquillement de ma pause, mais je faisais tout \u00e7a pas pour n&rsquo;importe qui et quand j&rsquo;avais une petite baisse de motivation je regardais mes <strong>photos<\/strong> de mes enfants sur mon portable et \u00e7a repartait. Et franchement quand je rentrais le soir et que je donnais la t\u00e9t\u00e9e de retrouvailles les yeux dans les yeux avec Titouan, \u00e7a c&rsquo;\u00e9tait la plus belle des <strong>r\u00e9compenses<\/strong> !<\/p>\n<p style=\"text-align: justify;\">J&rsquo;ai commenc\u00e9 \u00e0 <strong>diversifier<\/strong> son alimentation avec des pur\u00e9es \u00e0 ses cinq mois et demi. Ses besoins en lait ont peu \u00e0 peu <strong>diminu\u00e9<\/strong>.<\/p>\n<p style=\"text-align: justify;\">Aujourd&rsquo;hui Titouan a neuf mois et je ne suis pas peu <strong>fi\u00e8re<\/strong> de dire qu&rsquo;il n&rsquo;a <strong>jamais<\/strong> eu un biberon de lait en poudre ! Il est toujours <strong>allait\u00e9<\/strong> mais bien s\u00fbr ses besoins ont beaucoup diminu\u00e9 vu qu&rsquo;il mange des pur\u00e9es, yaourts, et compotes. Il a un peu pr\u00e8s <strong>trois t\u00e9t\u00e9es<\/strong> par jour et je n&rsquo;ai plus besoin de tirer mon lait depuis 15 jours car chez la nourrice il a des yaourts \u00e0 la place des biberons de lait. J&rsquo;ai rang\u00e9 mon tire-lait au <strong>placard<\/strong> et je dois dire que je commen\u00e7ais \u00e0 en avoir marre des tirages du midi.<\/p>\n<p style=\"text-align: justify;\">Par ce t\u00e9moignage je voulais dire aux mamans que l&rsquo;allaitement et le travail sont parfaitement <strong>compatibles<\/strong>. Bien que \u00e7a nous paraisse impossible avec tous les obstacles, je veux vous dire que <strong>\u00e7a vaut le coup<\/strong> de tenter l&rsquo;exp\u00e9rience. Et aussi que l&rsquo;<strong>allaitement long<\/strong> n&rsquo;est ni pervers ni malsain pour tous les gens qui pensent le contraire. C&rsquo;est juste une belle histoire de <strong>tendresse<\/strong> et d&rsquo;amour entre une maman et son b\u00e9b\u00e9.<\/p>\n<p style=\"text-align: justify;\"><strong>Articles en rapport :<\/strong><\/p>\n<ul>\n<li style=\"text-align: justify;\">Voir l&rsquo;onglet <a href=\"https:\/\/www.lactissima.com\/a-tire-d-ailes\/?page_id=1179\" target=\"_blank\">t\u00e9moignages<\/a><\/li>\n<\/ul>\n<p>&nbsp;<\/p>\n","protected":false},"excerpt":{"rendered":"<p>Emilie a r\u00e9ussi son pari : ne jamais donner de lait en poudre \u00e0 son b\u00e9b\u00e9 bien qu&rsquo;elle ait repris le travail lorsqu&rsquo;il avait trois mois. Elle a tir\u00e9 son lait puis lui a propos\u00e9 des laitages.<\/p>\n","protected":false},"author":170,"featured_media":4470,"comment_status":"open","ping_status":"open","sticky":false,"template":"","format":"standard","meta":{"_et_pb_use_builder":"","_et_pb_old_content":"","_et_gb_content_width":"","footnotes":""},"categories":[36,150],"tags":[296,345,372,351],"class_list":["post-3044","post","type-post","status-publish","format-standard","has-post-thumbnail","hentry","category-allaitement-et-travail","category-temoignages","tag-baisse-de-lait","tag-concilier-travail-et-allaitement","tag-reserve-de-lait","tag-tire-lait-electrique"],"yoast_head":"<!-- This site is optimized with the Yoast SEO plugin v27.4 - https:\/\/yoast.com\/product\/yoast-seo-wordpress\/ -->\n<title>Allaiter et travailler : le t\u00e9moignage d&#039;Emilie<\/title>\n<meta name=\"description\" content=\"Emilie a r\u00e9ussi son pari : ne jamais donner de lait en poudre \u00e0 son b\u00e9b\u00e9 bien qu&#039;elle ait repris le travail lorsqu&#039;il avait trois mois. Elle a tir\u00e9 son lait puis lui a propos\u00e9 des laitages.\" \/>\n<meta name=\"robots\" content=\"index, follow, max-snippet:-1, max-image-preview:large, max-video-preview:-1\" \/>\n<link rel=\"canonical\" href=\"https:\/\/www.lactissima.com\/a-tire-d-ailes\/allaiter-et-travailler-le-temoignage-demilie\/\" \/>\n<meta property=\"og:locale\" content=\"fr_FR\" \/>\n<meta property=\"og:type\" content=\"article\" \/>\n<meta property=\"og:title\" content=\"Allaiter et travailler : le t\u00e9moignage d&#039;Emilie\" \/>\n<meta property=\"og:description\" content=\"Emilie a r\u00e9ussi son pari : ne jamais donner de lait en poudre \u00e0 son b\u00e9b\u00e9 bien qu&#039;elle ait repris le travail lorsqu&#039;il avait trois mois. Elle a tir\u00e9 son lait puis lui a propos\u00e9 des laitages.\" \/>\n<meta property=\"og:url\" content=\"https:\/\/www.lactissima.com\/a-tire-d-ailes\/allaiter-et-travailler-le-temoignage-demilie\/\" \/>\n<meta property=\"og:site_name\" content=\"A tire d&#039;Ailes\" \/>\n<meta property=\"article:publisher\" content=\"https:\/\/www.facebook.com\/consultante.en.lactation\" \/>\n<meta property=\"article:author\" content=\"www.facebook.com\/consultante.en.lactation\" \/>\n<meta property=\"article:published_time\" content=\"2012-04-26T12:57:22+00:00\" \/>\n<meta property=\"article:modified_time\" content=\"2014-03-15T14:43:52+00:00\" \/>\n<meta property=\"og:image\" content=\"https:\/\/www.lactissima.com\/a-tire-d-ailes\/wp-content\/uploads\/2012\/04\/allaitement-Emilie.jpg\" \/>\n\t<meta property=\"og:image:width\" content=\"325\" \/>\n\t<meta property=\"og:image:height\" content=\"216\" \/>\n\t<meta property=\"og:image:type\" content=\"image\/jpeg\" \/>\n<meta name=\"author\" content=\"V\u00e9ronique Darmangeat\" \/>\n<meta name=\"twitter:card\" content=\"summary_large_image\" \/>\n<meta name=\"twitter:creator\" content=\"@VeroniqueIBCLC\" \/>\n<meta name=\"twitter:site\" content=\"@VeroniqueIBCLC\" \/>\n<meta name=\"twitter:label1\" content=\"\u00c9crit par\" \/>\n\t<meta name=\"twitter:data1\" content=\"V\u00e9ronique Darmangeat\" \/>\n\t<meta name=\"twitter:label2\" content=\"Dur\u00e9e de lecture estim\u00e9e\" \/>\n\t<meta name=\"twitter:data2\" content=\"5 minutes\" \/>\n<script type=\"application\/ld+json\" class=\"yoast-schema-graph\">{\"@context\":\"https:\\\/\\\/schema.org\",\"@graph\":[{\"@type\":\"Article\",\"@id\":\"https:\\\/\\\/www.lactissima.com\\\/a-tire-d-ailes\\\/allaiter-et-travailler-le-temoignage-demilie\\\/#article\",\"isPartOf\":{\"@id\":\"https:\\\/\\\/www.lactissima.com\\\/a-tire-d-ailes\\\/allaiter-et-travailler-le-temoignage-demilie\\\/\"},\"author\":{\"name\":\"V\u00e9ronique Darmangeat\",\"@id\":\"https:\\\/\\\/www.lactissima.com\\\/a-tire-d-ailes\\\/#\\\/schema\\\/person\\\/8f98d3a89530861bc1240e6d53d44eed\"},\"headline\":\"Allaiter et travailler : le t\u00e9moignage d&rsquo;Emilie\",\"datePublished\":\"2012-04-26T12:57:22+00:00\",\"dateModified\":\"2014-03-15T14:43:52+00:00\",\"mainEntityOfPage\":{\"@id\":\"https:\\\/\\\/www.lactissima.com\\\/a-tire-d-ailes\\\/allaiter-et-travailler-le-temoignage-demilie\\\/\"},\"wordCount\":1029,\"commentCount\":3,\"image\":{\"@id\":\"https:\\\/\\\/www.lactissima.com\\\/a-tire-d-ailes\\\/allaiter-et-travailler-le-temoignage-demilie\\\/#primaryimage\"},\"thumbnailUrl\":\"https:\\\/\\\/www.lactissima.com\\\/a-tire-d-ailes\\\/wp-content\\\/uploads\\\/2012\\\/04\\\/allaitement-Emilie.jpg\",\"keywords\":[\"baisse de lait\",\"concilier travail et allaitement\",\"r\u00e9serve de lait\",\"tire-lait \u00e9lectrique\"],\"articleSection\":[\"Allaitement et Travail\",\"t\u00e9moignages\"],\"inLanguage\":\"fr-FR\",\"potentialAction\":[{\"@type\":\"CommentAction\",\"name\":\"Comment\",\"target\":[\"https:\\\/\\\/www.lactissima.com\\\/a-tire-d-ailes\\\/allaiter-et-travailler-le-temoignage-demilie\\\/#respond\"]}]},{\"@type\":\"WebPage\",\"@id\":\"https:\\\/\\\/www.lactissima.com\\\/a-tire-d-ailes\\\/allaiter-et-travailler-le-temoignage-demilie\\\/\",\"url\":\"https:\\\/\\\/www.lactissima.com\\\/a-tire-d-ailes\\\/allaiter-et-travailler-le-temoignage-demilie\\\/\",\"name\":\"Allaiter et travailler : le t\u00e9moignage d'Emilie\",\"isPartOf\":{\"@id\":\"https:\\\/\\\/www.lactissima.com\\\/a-tire-d-ailes\\\/#website\"},\"primaryImageOfPage\":{\"@id\":\"https:\\\/\\\/www.lactissima.com\\\/a-tire-d-ailes\\\/allaiter-et-travailler-le-temoignage-demilie\\\/#primaryimage\"},\"image\":{\"@id\":\"https:\\\/\\\/www.lactissima.com\\\/a-tire-d-ailes\\\/allaiter-et-travailler-le-temoignage-demilie\\\/#primaryimage\"},\"thumbnailUrl\":\"https:\\\/\\\/www.lactissima.com\\\/a-tire-d-ailes\\\/wp-content\\\/uploads\\\/2012\\\/04\\\/allaitement-Emilie.jpg\",\"datePublished\":\"2012-04-26T12:57:22+00:00\",\"dateModified\":\"2014-03-15T14:43:52+00:00\",\"author\":{\"@id\":\"https:\\\/\\\/www.lactissima.com\\\/a-tire-d-ailes\\\/#\\\/schema\\\/person\\\/8f98d3a89530861bc1240e6d53d44eed\"},\"description\":\"Emilie a r\u00e9ussi son pari : ne jamais donner de lait en poudre \u00e0 son b\u00e9b\u00e9 bien qu'elle ait repris le travail lorsqu'il avait trois mois. Elle a tir\u00e9 son lait puis lui a propos\u00e9 des laitages.\",\"breadcrumb\":{\"@id\":\"https:\\\/\\\/www.lactissima.com\\\/a-tire-d-ailes\\\/allaiter-et-travailler-le-temoignage-demilie\\\/#breadcrumb\"},\"inLanguage\":\"fr-FR\",\"potentialAction\":[{\"@type\":\"ReadAction\",\"target\":[\"https:\\\/\\\/www.lactissima.com\\\/a-tire-d-ailes\\\/allaiter-et-travailler-le-temoignage-demilie\\\/\"]}]},{\"@type\":\"ImageObject\",\"inLanguage\":\"fr-FR\",\"@id\":\"https:\\\/\\\/www.lactissima.com\\\/a-tire-d-ailes\\\/allaiter-et-travailler-le-temoignage-demilie\\\/#primaryimage\",\"url\":\"https:\\\/\\\/www.lactissima.com\\\/a-tire-d-ailes\\\/wp-content\\\/uploads\\\/2012\\\/04\\\/allaitement-Emilie.jpg\",\"contentUrl\":\"https:\\\/\\\/www.lactissima.com\\\/a-tire-d-ailes\\\/wp-content\\\/uploads\\\/2012\\\/04\\\/allaitement-Emilie.jpg\",\"width\":325,\"height\":216},{\"@type\":\"BreadcrumbList\",\"@id\":\"https:\\\/\\\/www.lactissima.com\\\/a-tire-d-ailes\\\/allaiter-et-travailler-le-temoignage-demilie\\\/#breadcrumb\",\"itemListElement\":[{\"@type\":\"ListItem\",\"position\":1,\"name\":\"Accueil\",\"item\":\"https:\\\/\\\/www.lactissima.com\\\/a-tire-d-ailes\\\/\"},{\"@type\":\"ListItem\",\"position\":2,\"name\":\"Allaiter et travailler : le t\u00e9moignage d&rsquo;Emilie\"}]},{\"@type\":\"WebSite\",\"@id\":\"https:\\\/\\\/www.lactissima.com\\\/a-tire-d-ailes\\\/#website\",\"url\":\"https:\\\/\\\/www.lactissima.com\\\/a-tire-d-ailes\\\/\",\"name\":\"A tire d&#039;Ailes\",\"description\":\"Le blog des femmes qui allaitent et travaillent.\",\"potentialAction\":[{\"@type\":\"SearchAction\",\"target\":{\"@type\":\"EntryPoint\",\"urlTemplate\":\"https:\\\/\\\/www.lactissima.com\\\/a-tire-d-ailes\\\/?s={search_term_string}\"},\"query-input\":{\"@type\":\"PropertyValueSpecification\",\"valueRequired\":true,\"valueName\":\"search_term_string\"}}],\"inLanguage\":\"fr-FR\"},{\"@type\":\"Person\",\"@id\":\"https:\\\/\\\/www.lactissima.com\\\/a-tire-d-ailes\\\/#\\\/schema\\\/person\\\/8f98d3a89530861bc1240e6d53d44eed\",\"name\":\"V\u00e9ronique Darmangeat\",\"image\":{\"@type\":\"ImageObject\",\"inLanguage\":\"fr-FR\",\"@id\":\"https:\\\/\\\/secure.gravatar.com\\\/avatar\\\/268c99344c89cebfe4f5df5fa8be43068a18884fc76a29f3206fae98465b9cab?s=96&d=identicon&r=g\",\"url\":\"https:\\\/\\\/secure.gravatar.com\\\/avatar\\\/268c99344c89cebfe4f5df5fa8be43068a18884fc76a29f3206fae98465b9cab?s=96&d=identicon&r=g\",\"contentUrl\":\"https:\\\/\\\/secure.gravatar.com\\\/avatar\\\/268c99344c89cebfe4f5df5fa8be43068a18884fc76a29f3206fae98465b9cab?s=96&d=identicon&r=g\",\"caption\":\"V\u00e9ronique Darmangeat\"},\"sameAs\":[\"https:\\\/\\\/www.lactissima.com\\\/a-tire-d-ailes\",\"www.facebook.com\\\/consultante.en.lactation\"]}]}<\/script>\n<!-- \/ Yoast SEO plugin. -->","yoast_head_json":{"title":"Allaiter et travailler : le t\u00e9moignage d'Emilie","description":"Emilie a r\u00e9ussi son pari : ne jamais donner de lait en poudre \u00e0 son b\u00e9b\u00e9 bien qu'elle ait repris le travail lorsqu'il avait trois mois. Elle a tir\u00e9 son lait puis lui a propos\u00e9 des laitages.","robots":{"index":"index","follow":"follow","max-snippet":"max-snippet:-1","max-image-preview":"max-image-preview:large","max-video-preview":"max-video-preview:-1"},"canonical":"https:\/\/www.lactissima.com\/a-tire-d-ailes\/allaiter-et-travailler-le-temoignage-demilie\/","og_locale":"fr_FR","og_type":"article","og_title":"Allaiter et travailler : le t\u00e9moignage d'Emilie","og_description":"Emilie a r\u00e9ussi son pari : ne jamais donner de lait en poudre \u00e0 son b\u00e9b\u00e9 bien qu'elle ait repris le travail lorsqu'il avait trois mois. Elle a tir\u00e9 son lait puis lui a propos\u00e9 des laitages.","og_url":"https:\/\/www.lactissima.com\/a-tire-d-ailes\/allaiter-et-travailler-le-temoignage-demilie\/","og_site_name":"A tire d&#039;Ailes","article_publisher":"https:\/\/www.facebook.com\/consultante.en.lactation","article_author":"www.facebook.com\/consultante.en.lactation","article_published_time":"2012-04-26T12:57:22+00:00","article_modified_time":"2014-03-15T14:43:52+00:00","og_image":[{"width":325,"height":216,"url":"https:\/\/www.lactissima.com\/a-tire-d-ailes\/wp-content\/uploads\/2012\/04\/allaitement-Emilie.jpg","type":"image\/jpeg"}],"author":"V\u00e9ronique Darmangeat","twitter_card":"summary_large_image","twitter_creator":"@VeroniqueIBCLC","twitter_site":"@VeroniqueIBCLC","twitter_misc":{"\u00c9crit par":"V\u00e9ronique Darmangeat","Dur\u00e9e de lecture estim\u00e9e":"5 minutes"},"schema":{"@context":"https:\/\/schema.org","@graph":[{"@type":"Article","@id":"https:\/\/www.lactissima.com\/a-tire-d-ailes\/allaiter-et-travailler-le-temoignage-demilie\/#article","isPartOf":{"@id":"https:\/\/www.lactissima.com\/a-tire-d-ailes\/allaiter-et-travailler-le-temoignage-demilie\/"},"author":{"name":"V\u00e9ronique Darmangeat","@id":"https:\/\/www.lactissima.com\/a-tire-d-ailes\/#\/schema\/person\/8f98d3a89530861bc1240e6d53d44eed"},"headline":"Allaiter et travailler : le t\u00e9moignage d&rsquo;Emilie","datePublished":"2012-04-26T12:57:22+00:00","dateModified":"2014-03-15T14:43:52+00:00","mainEntityOfPage":{"@id":"https:\/\/www.lactissima.com\/a-tire-d-ailes\/allaiter-et-travailler-le-temoignage-demilie\/"},"wordCount":1029,"commentCount":3,"image":{"@id":"https:\/\/www.lactissima.com\/a-tire-d-ailes\/allaiter-et-travailler-le-temoignage-demilie\/#primaryimage"},"thumbnailUrl":"https:\/\/www.lactissima.com\/a-tire-d-ailes\/wp-content\/uploads\/2012\/04\/allaitement-Emilie.jpg","keywords":["baisse de lait","concilier travail et allaitement","r\u00e9serve de lait","tire-lait \u00e9lectrique"],"articleSection":["Allaitement et Travail","t\u00e9moignages"],"inLanguage":"fr-FR","potentialAction":[{"@type":"CommentAction","name":"Comment","target":["https:\/\/www.lactissima.com\/a-tire-d-ailes\/allaiter-et-travailler-le-temoignage-demilie\/#respond"]}]},{"@type":"WebPage","@id":"https:\/\/www.lactissima.com\/a-tire-d-ailes\/allaiter-et-travailler-le-temoignage-demilie\/","url":"https:\/\/www.lactissima.com\/a-tire-d-ailes\/allaiter-et-travailler-le-temoignage-demilie\/","name":"Allaiter et travailler : le t\u00e9moignage d'Emilie","isPartOf":{"@id":"https:\/\/www.lactissima.com\/a-tire-d-ailes\/#website"},"primaryImageOfPage":{"@id":"https:\/\/www.lactissima.com\/a-tire-d-ailes\/allaiter-et-travailler-le-temoignage-demilie\/#primaryimage"},"image":{"@id":"https:\/\/www.lactissima.com\/a-tire-d-ailes\/allaiter-et-travailler-le-temoignage-demilie\/#primaryimage"},"thumbnailUrl":"https:\/\/www.lactissima.com\/a-tire-d-ailes\/wp-content\/uploads\/2012\/04\/allaitement-Emilie.jpg","datePublished":"2012-04-26T12:57:22+00:00","dateModified":"2014-03-15T14:43:52+00:00","author":{"@id":"https:\/\/www.lactissima.com\/a-tire-d-ailes\/#\/schema\/person\/8f98d3a89530861bc1240e6d53d44eed"},"description":"Emilie a r\u00e9ussi son pari : ne jamais donner de lait en poudre \u00e0 son b\u00e9b\u00e9 bien qu'elle ait repris le travail lorsqu'il avait trois mois. Elle a tir\u00e9 son lait puis lui a propos\u00e9 des laitages.","breadcrumb":{"@id":"https:\/\/www.lactissima.com\/a-tire-d-ailes\/allaiter-et-travailler-le-temoignage-demilie\/#breadcrumb"},"inLanguage":"fr-FR","potentialAction":[{"@type":"ReadAction","target":["https:\/\/www.lactissima.com\/a-tire-d-ailes\/allaiter-et-travailler-le-temoignage-demilie\/"]}]},{"@type":"ImageObject","inLanguage":"fr-FR","@id":"https:\/\/www.lactissima.com\/a-tire-d-ailes\/allaiter-et-travailler-le-temoignage-demilie\/#primaryimage","url":"https:\/\/www.lactissima.com\/a-tire-d-ailes\/wp-content\/uploads\/2012\/04\/allaitement-Emilie.jpg","contentUrl":"https:\/\/www.lactissima.com\/a-tire-d-ailes\/wp-content\/uploads\/2012\/04\/allaitement-Emilie.jpg","width":325,"height":216},{"@type":"BreadcrumbList","@id":"https:\/\/www.lactissima.com\/a-tire-d-ailes\/allaiter-et-travailler-le-temoignage-demilie\/#breadcrumb","itemListElement":[{"@type":"ListItem","position":1,"name":"Accueil","item":"https:\/\/www.lactissima.com\/a-tire-d-ailes\/"},{"@type":"ListItem","position":2,"name":"Allaiter et travailler : le t\u00e9moignage d&rsquo;Emilie"}]},{"@type":"WebSite","@id":"https:\/\/www.lactissima.com\/a-tire-d-ailes\/#website","url":"https:\/\/www.lactissima.com\/a-tire-d-ailes\/","name":"A tire d&#039;Ailes","description":"Le blog des femmes qui allaitent et travaillent.","potentialAction":[{"@type":"SearchAction","target":{"@type":"EntryPoint","urlTemplate":"https:\/\/www.lactissima.com\/a-tire-d-ailes\/?s={search_term_string}"},"query-input":{"@type":"PropertyValueSpecification","valueRequired":true,"valueName":"search_term_string"}}],"inLanguage":"fr-FR"},{"@type":"Person","@id":"https:\/\/www.lactissima.com\/a-tire-d-ailes\/#\/schema\/person\/8f98d3a89530861bc1240e6d53d44eed","name":"V\u00e9ronique Darmangeat","image":{"@type":"ImageObject","inLanguage":"fr-FR","@id":"https:\/\/secure.gravatar.com\/avatar\/268c99344c89cebfe4f5df5fa8be43068a18884fc76a29f3206fae98465b9cab?s=96&d=identicon&r=g","url":"https:\/\/secure.gravatar.com\/avatar\/268c99344c89cebfe4f5df5fa8be43068a18884fc76a29f3206fae98465b9cab?s=96&d=identicon&r=g","contentUrl":"https:\/\/secure.gravatar.com\/avatar\/268c99344c89cebfe4f5df5fa8be43068a18884fc76a29f3206fae98465b9cab?s=96&d=identicon&r=g","caption":"V\u00e9ronique Darmangeat"},"sameAs":["https:\/\/www.lactissima.com\/a-tire-d-ailes","www.facebook.com\/consultante.en.lactation"]}]}},"_links":{"self":[{"href":"https:\/\/www.lactissima.com\/a-tire-d-ailes\/wp-json\/wp\/v2\/posts\/3044","targetHints":{"allow":["GET"]}}],"collection":[{"href":"https:\/\/www.lactissima.com\/a-tire-d-ailes\/wp-json\/wp\/v2\/posts"}],"about":[{"href":"https:\/\/www.lactissima.com\/a-tire-d-ailes\/wp-json\/wp\/v2\/types\/post"}],"author":[{"embeddable":true,"href":"https:\/\/www.lactissima.com\/a-tire-d-ailes\/wp-json\/wp\/v2\/users\/170"}],"replies":[{"embeddable":true,"href":"https:\/\/www.lactissima.com\/a-tire-d-ailes\/wp-json\/wp\/v2\/comments?post=3044"}],"version-history":[{"count":12,"href":"https:\/\/www.lactissima.com\/a-tire-d-ailes\/wp-json\/wp\/v2\/posts\/3044\/revisions"}],"predecessor-version":[{"id":5288,"href":"https:\/\/www.lactissima.com\/a-tire-d-ailes\/wp-json\/wp\/v2\/posts\/3044\/revisions\/5288"}],"wp:featuredmedia":[{"embeddable":true,"href":"https:\/\/www.lactissima.com\/a-tire-d-ailes\/wp-json\/wp\/v2\/media\/4470"}],"wp:attachment":[{"href":"https:\/\/www.lactissima.com\/a-tire-d-ailes\/wp-json\/wp\/v2\/media?parent=3044"}],"wp:term":[{"taxonomy":"category","embeddable":true,"href":"https:\/\/www.lactissima.com\/a-tire-d-ailes\/wp-json\/wp\/v2\/categories?post=3044"},{"taxonomy":"post_tag","embeddable":true,"href":"https:\/\/www.lactissima.com\/a-tire-d-ailes\/wp-json\/wp\/v2\/tags?post=3044"}],"curies":[{"name":"wp","href":"https:\/\/api.w.org\/{rel}","templated":true}]}}