{"id":3026,"date":"2012-04-21T08:55:52","date_gmt":"2012-04-21T06:55:52","guid":{"rendered":"https:\/\/www.lactissima.com\/a-tire-d-ailes\/?p=3026"},"modified":"2014-03-15T16:44:30","modified_gmt":"2014-03-15T14:44:30","slug":"allaiter-et-travailler-le-temoignage-de-solyane","status":"publish","type":"post","link":"https:\/\/www.lactissima.com\/a-tire-d-ailes\/allaiter-et-travailler-le-temoignage-de-solyane\/","title":{"rendered":"Allaiter et travailler : le t\u00e9moignage de Solyane"},"content":{"rendered":"<p style=\"text-align: justify;\"><a href=\"https:\/\/www.lactissima.com\/a-tire-d-ailes\/wp-content\/uploads\/2012\/04\/Floris.jpg\"><img loading=\"lazy\" decoding=\"async\" class=\"alignright size-full wp-image-4473\" alt=\"allaiter et travailler\" src=\"https:\/\/www.lactissima.com\/a-tire-d-ailes\/wp-content\/uploads\/2012\/04\/Floris.jpg\" width=\"291\" height=\"194\" \/><\/a>Au regard de tous vos jolis t\u00e9moignages, j&rsquo;ai eu aussi l&rsquo;envie de vous faire part de ma propre exp\u00e9rience, et vous dire que la reprise d&rsquo;une activit\u00e9 professionnelle est tout \u00e0 faire compatible avec un allaitement maternel.<\/p>\n<p style=\"text-align: justify;\"><strong>Quel choix avez-vous fait au moment de la reprise du travail : sevrage ou poursuite de l&rsquo;allaitement ? Pourquoi ?<\/strong><\/p>\n<p style=\"text-align: justify;\"><strong><\/strong>Je suis l&rsquo;heureuse maman de quatre enfants (7 ans, 5 ans, 2 ans et 8 mois). Gr\u00e2ce aux conseils avis\u00e9s de la PMI et de La Leche League, j&rsquo;ai allait\u00e9 ma fille, Mya, pendant 13 mois (\u00e2g\u00e9e aujourd&rsquo;hui de 2 ans), et je continue d&rsquo;allaiter le petit dernier, Floris, 8 mois. Pour info, j&rsquo;ai repris mon activit\u00e9 professionnelle lorsque Mya a eu 10 mois, et Floris 4,5 mois. Ma motivation de perdurer l&rsquo;allaitement \u00e0 la reprise du travail \u00e9tait telle que rien ni personne ne pouvait m&rsquo;en dissuader, d&rsquo;une mani\u00e8re ou d&rsquo;une autre (pression familiale, m\u00e9dicale). En effet, donner son lait signifie pour moi une preuve d&rsquo;amour suppl\u00e9mentaire qui se traduit par : une relation unique avec son b\u00e9b\u00e9, un regard complice pendant la t\u00e9t\u00e9e, des anticorps pour \u00e9chapper aux  maux des collectivit\u00e9s ; bref, du bonheur \u00e0 volont\u00e9 !<\/p>\n<p style=\"text-align: justify;\"><strong>Comment vous \u00eates-vous organis\u00e9e ?<\/strong><\/p>\n<p style=\"text-align: justify;\"><strong><\/strong>Une r\u00e9duction du temps de travail accord\u00e9e dans le cadre d&rsquo;un <span style=\"color: #000000;\"><a title=\"cong\u00e9 d'allaitement\" href=\"https:\/\/www.lactissima.com\/a-tire-d-ailes\/?p=494\" target=\"_blank\"><span style=\"color: #000000;\">cong\u00e9 d&rsquo;allaitement<\/span><\/a><\/span> (qui est aussi un droit au Luxembourg), me permet de passer plus de temps avec mon enfant, matin et soir. Il faut pr\u00e9ciser que je travaille \u00e0 plus d&rsquo;une heure et demi de mon domicile (soit trois heures de trajets par jour).<\/p>\n<p style=\"text-align: justify;\">L&rsquo;organisation de la journ\u00e9e est rythm\u00e9e de la fa\u00e7on suivante : t\u00e9t\u00e9e le matin d&rsquo;un sein (coupl\u00e9e avec tirage de lait \u00e0 l&rsquo;autre sein), tirage de lait entre midi et vers 16h30 au bureau (soit 400 ml au total, en moyenne), t\u00e9t\u00e9e de retrouvailles vers 18h30, ainsi que tout au long de la soir\u00e9e (\u00e0 volont\u00e9) jusqu&rsquo;au coucher (vers 23h30). Soit environ sept t\u00e9t\u00e9es par jour.<br \/>\nMon service m&rsquo;a donn\u00e9 libre acc\u00e8s \u00e0 l&rsquo;infirmerie pendant la pause d\u00e9jeuner. Je dispose donc de trente minutes pour <span style=\"color: #000000;\"><a title=\"Tirer son lait \" href=\"https:\/\/www.lactissima.com\/a-tire-d-ailes\/?p=2286\" target=\"_blank\"><span style=\"color: #000000;\">tirer mon lait<\/span><\/a><\/span> dans de bonnes conditions &#8211; sans la crainte de voir quelqu&rsquo;un d\u00e9barquer dans la salle pour une r\u00e9union ! &#8211; et nettoyer les accessoires dans la cuisine de proximit\u00e9. Je place alors le lait au frigo, le transporte le soir dans une boite isotherme, puis le donne \u00e0 la cr\u00e8che pour le lendemain. La cha\u00eene du froid est ainsi bien respect\u00e9e. Si jamais il reste du lait que Floris n&rsquo;a pas bu, je le donne \u00e0 ma fille dans un biberon.<\/p>\n<p style=\"text-align: justify;\">J&rsquo;utilise un tire-lait \u00e9lectrique \u00e0 double-pompage, pratique (l\u00e9ger, discret) et facile d&rsquo;entretien et d&rsquo;utilisation. Par ailleurs, Grandir-Nature, chez qui je me suis procur\u00e9e ce tire-lait, est \u00e0 l&rsquo;\u00e9coute du moindre probl\u00e8me (remplacement d&rsquo;accessoires ab\u00eem\u00e9s, conseils en cas de doutes), et fait en sorte de r\u00e9gler la situation tr\u00e8s rapidement.<\/p>\n<p style=\"text-align: justify;\"><strong>Quelles ont \u00e9t\u00e9 vos principales difficult\u00e9s ?<\/strong><\/p>\n<p style=\"text-align: justify;\"><strong><\/strong>A la reprise du travail, la principale difficult\u00e9 a \u00e9t\u00e9 de faire face \u00e0 une certaine fatigue. Floris, qui venait tout juste de commencer \u00e0 faire ses nuits, a quelquefois d\u00e9rog\u00e9 \u00e0 cette r\u00e8gle, ce qui m&rsquo;a valu des r\u00e9veils difficiles et des cernes sous les yeux !<br \/>\nD&rsquo;autre part, une \u00e9preuve tr\u00e8s douloureuse a failli compromettre tous mes projets : j&rsquo;ai attrap\u00e9 deux mastites (Mya a 6 mois, Floris \u00e0 3,5 mois), survenues sans signes avant-gardistes. Il est alors indispensable de consulter rapidement un m\u00e9decin qui vous administrera un traitement adapt\u00e9 (antibiotiques), et d&rsquo;\u00eatre d\u00e9termin\u00e9e, motiv\u00e9e et soutenue (par un cercle familial, des associations sp\u00e9cialis\u00e9es qui vous apporteront toutes les r\u00e9ponses \u00e0 vos questions, vos doutes).<br \/>\nEnfin, le revers de la m\u00e9daille de l&rsquo;allaitement est la disponibilit\u00e9, si rare avec quatre enfants \u00e0 la maison ! Heureusement, je peux compter sur mon mari pour les bains, les devoirs, g\u00e9rer les disputes, ainsi que les t\u00e2ches m\u00e9nag\u00e8res.<\/p>\n<p style=\"text-align: justify;\"><strong>Quels ont \u00e9t\u00e9 vos meilleurs moments ?<\/strong><\/p>\n<p style=\"text-align: justify;\"><strong><\/strong>Tous les moments pass\u00e9s \u00e0 donner le sein sont des moments privil\u00e9gi\u00e9s et merveilleux. Si je devais en choisir un en particulier, ce serait celui de la t\u00e9t\u00e9e c\u00e2lins, r\u00e9confort ; celui o\u00f9 votre b\u00e9b\u00e9 ne vous r\u00e9clame pas uniquement parce qu&rsquo;il a faim, mais parce qu&rsquo;il recherche le contact, le toucher, votre odeur, &#8230; La t\u00e9t\u00e9e retrouvailles n&rsquo;est pas mal non plus : b\u00e9b\u00e9 se jette sur votre sein, goulument, d\u00e8s qu&rsquo;il vous voit passer le pas de votre porte !<br \/>\nAllaiter son b\u00e9b\u00e9 n&rsquo;est donc pas que synonyme de t\u00e9t\u00e9es nourrici\u00e8res. Cela englobe aussi la notion de maternage, et un sentiment d&rsquo;exclusivit\u00e9.<\/p>\n<p style=\"text-align: justify;\"><strong>Ce serait \u00e0 refaire, referiez-vous le m\u00eame choix ? Que changeriez-vous ?<\/strong><\/p>\n<p style=\"text-align: justify;\"><strong><\/strong>La question ne se pose plus, vu que je ne peux plus avoir d&rsquo;enfant ! N\u00e9anmoins, je regrette profond\u00e9ment de ne pas avoir tent\u00e9 l&rsquo;aventure de l&rsquo;allaitement pour mes deux premiers gar\u00e7ons, ayant subi  \u00e0 l&rsquo;\u00e9poque  la pression des dictats familiaux (j&rsquo;ignorais alors tout de cette philosophie de la vie, et ob\u00e9issais sans me poser de questions outre mesure).<\/p>\n<p style=\"text-align: justify;\"><strong>Qu&rsquo;est-ce que vous souhaiteriez dire aux mamans qui doivent faire un choix dans les semaines \u00e0 venir ?<\/strong><\/p>\n<p style=\"text-align: justify;\"><strong><\/strong>Dans tous les cas, je conseillerais aux futures mamans qui h\u00e9sitent encore, de consid\u00e9rer l&rsquo;<span style=\"color: #000000;\"><a title=\"allaitement et travail\" href=\"https:\/\/www.lactissima.com\/a-tire-d-ailes\/?p=34\" target=\"_blank\"><span style=\"color: #000000;\">allaitement au travail<\/span><\/a><\/span> comme un pur plaisir, et non comme une contrainte. Prendre le temps de penser \u00e0 son b\u00e9b\u00e9 pendant la pause d\u00e9jeuner, tout en tirant son lait, n&rsquo;est pas insurmontable : imaginez-le en train de manger, de dormir, de sourire, de t\u00e9ter \u00e0 grandes gorg\u00e9es, et vous \u00e9prouverez alors un pur moment de bonheur.<\/p>\n<p style=\"text-align: justify;\">Courage !!<\/p>\n<p style=\"text-align: justify;\"><strong>Articles en rapport :<\/strong><\/p>\n<ul>\n<li style=\"text-align: justify;\">Voir l&rsquo;onglet <a href=\"https:\/\/www.lactissima.com\/a-tire-d-ailes\/?page_id=1179\" target=\"_blank\">t\u00e9moignages<\/a><\/li>\n<\/ul>\n<p>&nbsp;<\/p>\n","protected":false},"excerpt":{"rendered":"<p>Solyane allaite toujours son quatri\u00e8me enfant, apr\u00e8s la reprise du travail. Elle est tr\u00e8s motiv\u00e9e et n&rsquo;imagine pas faire autrement que tirer son lait pour son b\u00e9b\u00e9.<\/p>\n","protected":false},"author":170,"featured_media":4473,"comment_status":"open","ping_status":"open","sticky":false,"template":"","format":"standard","meta":{"_et_pb_use_builder":"","_et_pb_old_content":"","_et_gb_content_width":"","footnotes":""},"categories":[36,150],"tags":[681,369,72],"class_list":["post-3026","post","type-post","status-publish","format-standard","has-post-thumbnail","hentry","category-allaitement-et-travail","category-temoignages","tag-allaitement-et-travail","tag-conge-dallaitement","tag-tirer-son-lait"],"yoast_head":"<!-- This site is optimized with the Yoast SEO plugin v27.4 - https:\/\/yoast.com\/product\/yoast-seo-wordpress\/ -->\n<title>Allaiter et travailler : le t\u00e9moignage de Solyane<\/title>\n<meta name=\"description\" content=\"Solyane allaite toujours son quatri\u00e8me enfant, apr\u00e8s la reprise du travail. Elle est tr\u00e8s motiv\u00e9e et n&#039;imagine pas faire autrement que tirer son lait pour son b\u00e9b\u00e9.\" \/>\n<meta name=\"robots\" content=\"index, follow, max-snippet:-1, max-image-preview:large, max-video-preview:-1\" \/>\n<link rel=\"canonical\" href=\"https:\/\/www.lactissima.com\/a-tire-d-ailes\/allaiter-et-travailler-le-temoignage-de-solyane\/\" \/>\n<meta property=\"og:locale\" content=\"fr_FR\" \/>\n<meta property=\"og:type\" content=\"article\" \/>\n<meta property=\"og:title\" content=\"Allaiter et travailler : le t\u00e9moignage de Solyane\" \/>\n<meta property=\"og:description\" content=\"Solyane allaite toujours son quatri\u00e8me enfant, apr\u00e8s la reprise du travail. Elle est tr\u00e8s motiv\u00e9e et n&#039;imagine pas faire autrement que tirer son lait pour son b\u00e9b\u00e9.\" \/>\n<meta property=\"og:url\" content=\"https:\/\/www.lactissima.com\/a-tire-d-ailes\/allaiter-et-travailler-le-temoignage-de-solyane\/\" \/>\n<meta property=\"og:site_name\" content=\"A tire d&#039;Ailes\" \/>\n<meta property=\"article:publisher\" content=\"https:\/\/www.facebook.com\/consultante.en.lactation\" \/>\n<meta property=\"article:author\" content=\"www.facebook.com\/consultante.en.lactation\" \/>\n<meta property=\"article:published_time\" content=\"2012-04-21T06:55:52+00:00\" \/>\n<meta property=\"article:modified_time\" content=\"2014-03-15T14:44:30+00:00\" \/>\n<meta property=\"og:image\" content=\"https:\/\/www.lactissima.com\/a-tire-d-ailes\/wp-content\/uploads\/2012\/04\/Floris.jpg\" \/>\n\t<meta property=\"og:image:width\" content=\"291\" \/>\n\t<meta property=\"og:image:height\" content=\"194\" \/>\n\t<meta property=\"og:image:type\" content=\"image\/jpeg\" \/>\n<meta name=\"author\" content=\"V\u00e9ronique Darmangeat\" \/>\n<meta name=\"twitter:card\" content=\"summary_large_image\" \/>\n<meta name=\"twitter:creator\" content=\"@VeroniqueIBCLC\" \/>\n<meta name=\"twitter:site\" content=\"@VeroniqueIBCLC\" \/>\n<meta name=\"twitter:label1\" content=\"\u00c9crit par\" \/>\n\t<meta name=\"twitter:data1\" content=\"V\u00e9ronique Darmangeat\" \/>\n\t<meta name=\"twitter:label2\" content=\"Dur\u00e9e de lecture estim\u00e9e\" \/>\n\t<meta name=\"twitter:data2\" content=\"5 minutes\" \/>\n<script type=\"application\/ld+json\" class=\"yoast-schema-graph\">{\"@context\":\"https:\\\/\\\/schema.org\",\"@graph\":[{\"@type\":\"Article\",\"@id\":\"https:\\\/\\\/www.lactissima.com\\\/a-tire-d-ailes\\\/allaiter-et-travailler-le-temoignage-de-solyane\\\/#article\",\"isPartOf\":{\"@id\":\"https:\\\/\\\/www.lactissima.com\\\/a-tire-d-ailes\\\/allaiter-et-travailler-le-temoignage-de-solyane\\\/\"},\"author\":{\"name\":\"V\u00e9ronique Darmangeat\",\"@id\":\"https:\\\/\\\/www.lactissima.com\\\/a-tire-d-ailes\\\/#\\\/schema\\\/person\\\/8f98d3a89530861bc1240e6d53d44eed\"},\"headline\":\"Allaiter et travailler : le t\u00e9moignage de Solyane\",\"datePublished\":\"2012-04-21T06:55:52+00:00\",\"dateModified\":\"2014-03-15T14:44:30+00:00\",\"mainEntityOfPage\":{\"@id\":\"https:\\\/\\\/www.lactissima.com\\\/a-tire-d-ailes\\\/allaiter-et-travailler-le-temoignage-de-solyane\\\/\"},\"wordCount\":1004,\"commentCount\":0,\"image\":{\"@id\":\"https:\\\/\\\/www.lactissima.com\\\/a-tire-d-ailes\\\/allaiter-et-travailler-le-temoignage-de-solyane\\\/#primaryimage\"},\"thumbnailUrl\":\"https:\\\/\\\/www.lactissima.com\\\/a-tire-d-ailes\\\/wp-content\\\/uploads\\\/2012\\\/04\\\/Floris.jpg\",\"keywords\":[\"Allaitement et Travail\",\"cong\u00e9 d'allaitement\",\"tirer son lait\"],\"articleSection\":[\"Allaitement et Travail\",\"t\u00e9moignages\"],\"inLanguage\":\"fr-FR\",\"potentialAction\":[{\"@type\":\"CommentAction\",\"name\":\"Comment\",\"target\":[\"https:\\\/\\\/www.lactissima.com\\\/a-tire-d-ailes\\\/allaiter-et-travailler-le-temoignage-de-solyane\\\/#respond\"]}]},{\"@type\":\"WebPage\",\"@id\":\"https:\\\/\\\/www.lactissima.com\\\/a-tire-d-ailes\\\/allaiter-et-travailler-le-temoignage-de-solyane\\\/\",\"url\":\"https:\\\/\\\/www.lactissima.com\\\/a-tire-d-ailes\\\/allaiter-et-travailler-le-temoignage-de-solyane\\\/\",\"name\":\"Allaiter et travailler : le t\u00e9moignage de Solyane\",\"isPartOf\":{\"@id\":\"https:\\\/\\\/www.lactissima.com\\\/a-tire-d-ailes\\\/#website\"},\"primaryImageOfPage\":{\"@id\":\"https:\\\/\\\/www.lactissima.com\\\/a-tire-d-ailes\\\/allaiter-et-travailler-le-temoignage-de-solyane\\\/#primaryimage\"},\"image\":{\"@id\":\"https:\\\/\\\/www.lactissima.com\\\/a-tire-d-ailes\\\/allaiter-et-travailler-le-temoignage-de-solyane\\\/#primaryimage\"},\"thumbnailUrl\":\"https:\\\/\\\/www.lactissima.com\\\/a-tire-d-ailes\\\/wp-content\\\/uploads\\\/2012\\\/04\\\/Floris.jpg\",\"datePublished\":\"2012-04-21T06:55:52+00:00\",\"dateModified\":\"2014-03-15T14:44:30+00:00\",\"author\":{\"@id\":\"https:\\\/\\\/www.lactissima.com\\\/a-tire-d-ailes\\\/#\\\/schema\\\/person\\\/8f98d3a89530861bc1240e6d53d44eed\"},\"description\":\"Solyane allaite toujours son quatri\u00e8me enfant, apr\u00e8s la reprise du travail. Elle est tr\u00e8s motiv\u00e9e et n'imagine pas faire autrement que tirer son lait pour son b\u00e9b\u00e9.\",\"breadcrumb\":{\"@id\":\"https:\\\/\\\/www.lactissima.com\\\/a-tire-d-ailes\\\/allaiter-et-travailler-le-temoignage-de-solyane\\\/#breadcrumb\"},\"inLanguage\":\"fr-FR\",\"potentialAction\":[{\"@type\":\"ReadAction\",\"target\":[\"https:\\\/\\\/www.lactissima.com\\\/a-tire-d-ailes\\\/allaiter-et-travailler-le-temoignage-de-solyane\\\/\"]}]},{\"@type\":\"ImageObject\",\"inLanguage\":\"fr-FR\",\"@id\":\"https:\\\/\\\/www.lactissima.com\\\/a-tire-d-ailes\\\/allaiter-et-travailler-le-temoignage-de-solyane\\\/#primaryimage\",\"url\":\"https:\\\/\\\/www.lactissima.com\\\/a-tire-d-ailes\\\/wp-content\\\/uploads\\\/2012\\\/04\\\/Floris.jpg\",\"contentUrl\":\"https:\\\/\\\/www.lactissima.com\\\/a-tire-d-ailes\\\/wp-content\\\/uploads\\\/2012\\\/04\\\/Floris.jpg\",\"width\":291,\"height\":194,\"caption\":\"allaiter et travailler\"},{\"@type\":\"BreadcrumbList\",\"@id\":\"https:\\\/\\\/www.lactissima.com\\\/a-tire-d-ailes\\\/allaiter-et-travailler-le-temoignage-de-solyane\\\/#breadcrumb\",\"itemListElement\":[{\"@type\":\"ListItem\",\"position\":1,\"name\":\"Accueil\",\"item\":\"https:\\\/\\\/www.lactissima.com\\\/a-tire-d-ailes\\\/\"},{\"@type\":\"ListItem\",\"position\":2,\"name\":\"Allaiter et travailler : le t\u00e9moignage de Solyane\"}]},{\"@type\":\"WebSite\",\"@id\":\"https:\\\/\\\/www.lactissima.com\\\/a-tire-d-ailes\\\/#website\",\"url\":\"https:\\\/\\\/www.lactissima.com\\\/a-tire-d-ailes\\\/\",\"name\":\"A tire d&#039;Ailes\",\"description\":\"Le blog des femmes qui allaitent et travaillent.\",\"potentialAction\":[{\"@type\":\"SearchAction\",\"target\":{\"@type\":\"EntryPoint\",\"urlTemplate\":\"https:\\\/\\\/www.lactissima.com\\\/a-tire-d-ailes\\\/?s={search_term_string}\"},\"query-input\":{\"@type\":\"PropertyValueSpecification\",\"valueRequired\":true,\"valueName\":\"search_term_string\"}}],\"inLanguage\":\"fr-FR\"},{\"@type\":\"Person\",\"@id\":\"https:\\\/\\\/www.lactissima.com\\\/a-tire-d-ailes\\\/#\\\/schema\\\/person\\\/8f98d3a89530861bc1240e6d53d44eed\",\"name\":\"V\u00e9ronique Darmangeat\",\"image\":{\"@type\":\"ImageObject\",\"inLanguage\":\"fr-FR\",\"@id\":\"https:\\\/\\\/secure.gravatar.com\\\/avatar\\\/268c99344c89cebfe4f5df5fa8be43068a18884fc76a29f3206fae98465b9cab?s=96&d=identicon&r=g\",\"url\":\"https:\\\/\\\/secure.gravatar.com\\\/avatar\\\/268c99344c89cebfe4f5df5fa8be43068a18884fc76a29f3206fae98465b9cab?s=96&d=identicon&r=g\",\"contentUrl\":\"https:\\\/\\\/secure.gravatar.com\\\/avatar\\\/268c99344c89cebfe4f5df5fa8be43068a18884fc76a29f3206fae98465b9cab?s=96&d=identicon&r=g\",\"caption\":\"V\u00e9ronique Darmangeat\"},\"sameAs\":[\"https:\\\/\\\/www.lactissima.com\\\/a-tire-d-ailes\",\"www.facebook.com\\\/consultante.en.lactation\"]}]}<\/script>\n<!-- \/ Yoast SEO plugin. -->","yoast_head_json":{"title":"Allaiter et travailler : le t\u00e9moignage de Solyane","description":"Solyane allaite toujours son quatri\u00e8me enfant, apr\u00e8s la reprise du travail. Elle est tr\u00e8s motiv\u00e9e et n'imagine pas faire autrement que tirer son lait pour son b\u00e9b\u00e9.","robots":{"index":"index","follow":"follow","max-snippet":"max-snippet:-1","max-image-preview":"max-image-preview:large","max-video-preview":"max-video-preview:-1"},"canonical":"https:\/\/www.lactissima.com\/a-tire-d-ailes\/allaiter-et-travailler-le-temoignage-de-solyane\/","og_locale":"fr_FR","og_type":"article","og_title":"Allaiter et travailler : le t\u00e9moignage de Solyane","og_description":"Solyane allaite toujours son quatri\u00e8me enfant, apr\u00e8s la reprise du travail. Elle est tr\u00e8s motiv\u00e9e et n'imagine pas faire autrement que tirer son lait pour son b\u00e9b\u00e9.","og_url":"https:\/\/www.lactissima.com\/a-tire-d-ailes\/allaiter-et-travailler-le-temoignage-de-solyane\/","og_site_name":"A tire d&#039;Ailes","article_publisher":"https:\/\/www.facebook.com\/consultante.en.lactation","article_author":"www.facebook.com\/consultante.en.lactation","article_published_time":"2012-04-21T06:55:52+00:00","article_modified_time":"2014-03-15T14:44:30+00:00","og_image":[{"width":291,"height":194,"url":"https:\/\/www.lactissima.com\/a-tire-d-ailes\/wp-content\/uploads\/2012\/04\/Floris.jpg","type":"image\/jpeg"}],"author":"V\u00e9ronique Darmangeat","twitter_card":"summary_large_image","twitter_creator":"@VeroniqueIBCLC","twitter_site":"@VeroniqueIBCLC","twitter_misc":{"\u00c9crit par":"V\u00e9ronique Darmangeat","Dur\u00e9e de lecture estim\u00e9e":"5 minutes"},"schema":{"@context":"https:\/\/schema.org","@graph":[{"@type":"Article","@id":"https:\/\/www.lactissima.com\/a-tire-d-ailes\/allaiter-et-travailler-le-temoignage-de-solyane\/#article","isPartOf":{"@id":"https:\/\/www.lactissima.com\/a-tire-d-ailes\/allaiter-et-travailler-le-temoignage-de-solyane\/"},"author":{"name":"V\u00e9ronique Darmangeat","@id":"https:\/\/www.lactissima.com\/a-tire-d-ailes\/#\/schema\/person\/8f98d3a89530861bc1240e6d53d44eed"},"headline":"Allaiter et travailler : le t\u00e9moignage de Solyane","datePublished":"2012-04-21T06:55:52+00:00","dateModified":"2014-03-15T14:44:30+00:00","mainEntityOfPage":{"@id":"https:\/\/www.lactissima.com\/a-tire-d-ailes\/allaiter-et-travailler-le-temoignage-de-solyane\/"},"wordCount":1004,"commentCount":0,"image":{"@id":"https:\/\/www.lactissima.com\/a-tire-d-ailes\/allaiter-et-travailler-le-temoignage-de-solyane\/#primaryimage"},"thumbnailUrl":"https:\/\/www.lactissima.com\/a-tire-d-ailes\/wp-content\/uploads\/2012\/04\/Floris.jpg","keywords":["Allaitement et Travail","cong\u00e9 d'allaitement","tirer son lait"],"articleSection":["Allaitement et Travail","t\u00e9moignages"],"inLanguage":"fr-FR","potentialAction":[{"@type":"CommentAction","name":"Comment","target":["https:\/\/www.lactissima.com\/a-tire-d-ailes\/allaiter-et-travailler-le-temoignage-de-solyane\/#respond"]}]},{"@type":"WebPage","@id":"https:\/\/www.lactissima.com\/a-tire-d-ailes\/allaiter-et-travailler-le-temoignage-de-solyane\/","url":"https:\/\/www.lactissima.com\/a-tire-d-ailes\/allaiter-et-travailler-le-temoignage-de-solyane\/","name":"Allaiter et travailler : le t\u00e9moignage de Solyane","isPartOf":{"@id":"https:\/\/www.lactissima.com\/a-tire-d-ailes\/#website"},"primaryImageOfPage":{"@id":"https:\/\/www.lactissima.com\/a-tire-d-ailes\/allaiter-et-travailler-le-temoignage-de-solyane\/#primaryimage"},"image":{"@id":"https:\/\/www.lactissima.com\/a-tire-d-ailes\/allaiter-et-travailler-le-temoignage-de-solyane\/#primaryimage"},"thumbnailUrl":"https:\/\/www.lactissima.com\/a-tire-d-ailes\/wp-content\/uploads\/2012\/04\/Floris.jpg","datePublished":"2012-04-21T06:55:52+00:00","dateModified":"2014-03-15T14:44:30+00:00","author":{"@id":"https:\/\/www.lactissima.com\/a-tire-d-ailes\/#\/schema\/person\/8f98d3a89530861bc1240e6d53d44eed"},"description":"Solyane allaite toujours son quatri\u00e8me enfant, apr\u00e8s la reprise du travail. Elle est tr\u00e8s motiv\u00e9e et n'imagine pas faire autrement que tirer son lait pour son b\u00e9b\u00e9.","breadcrumb":{"@id":"https:\/\/www.lactissima.com\/a-tire-d-ailes\/allaiter-et-travailler-le-temoignage-de-solyane\/#breadcrumb"},"inLanguage":"fr-FR","potentialAction":[{"@type":"ReadAction","target":["https:\/\/www.lactissima.com\/a-tire-d-ailes\/allaiter-et-travailler-le-temoignage-de-solyane\/"]}]},{"@type":"ImageObject","inLanguage":"fr-FR","@id":"https:\/\/www.lactissima.com\/a-tire-d-ailes\/allaiter-et-travailler-le-temoignage-de-solyane\/#primaryimage","url":"https:\/\/www.lactissima.com\/a-tire-d-ailes\/wp-content\/uploads\/2012\/04\/Floris.jpg","contentUrl":"https:\/\/www.lactissima.com\/a-tire-d-ailes\/wp-content\/uploads\/2012\/04\/Floris.jpg","width":291,"height":194,"caption":"allaiter et travailler"},{"@type":"BreadcrumbList","@id":"https:\/\/www.lactissima.com\/a-tire-d-ailes\/allaiter-et-travailler-le-temoignage-de-solyane\/#breadcrumb","itemListElement":[{"@type":"ListItem","position":1,"name":"Accueil","item":"https:\/\/www.lactissima.com\/a-tire-d-ailes\/"},{"@type":"ListItem","position":2,"name":"Allaiter et travailler : le t\u00e9moignage de Solyane"}]},{"@type":"WebSite","@id":"https:\/\/www.lactissima.com\/a-tire-d-ailes\/#website","url":"https:\/\/www.lactissima.com\/a-tire-d-ailes\/","name":"A tire d&#039;Ailes","description":"Le blog des femmes qui allaitent et travaillent.","potentialAction":[{"@type":"SearchAction","target":{"@type":"EntryPoint","urlTemplate":"https:\/\/www.lactissima.com\/a-tire-d-ailes\/?s={search_term_string}"},"query-input":{"@type":"PropertyValueSpecification","valueRequired":true,"valueName":"search_term_string"}}],"inLanguage":"fr-FR"},{"@type":"Person","@id":"https:\/\/www.lactissima.com\/a-tire-d-ailes\/#\/schema\/person\/8f98d3a89530861bc1240e6d53d44eed","name":"V\u00e9ronique Darmangeat","image":{"@type":"ImageObject","inLanguage":"fr-FR","@id":"https:\/\/secure.gravatar.com\/avatar\/268c99344c89cebfe4f5df5fa8be43068a18884fc76a29f3206fae98465b9cab?s=96&d=identicon&r=g","url":"https:\/\/secure.gravatar.com\/avatar\/268c99344c89cebfe4f5df5fa8be43068a18884fc76a29f3206fae98465b9cab?s=96&d=identicon&r=g","contentUrl":"https:\/\/secure.gravatar.com\/avatar\/268c99344c89cebfe4f5df5fa8be43068a18884fc76a29f3206fae98465b9cab?s=96&d=identicon&r=g","caption":"V\u00e9ronique Darmangeat"},"sameAs":["https:\/\/www.lactissima.com\/a-tire-d-ailes","www.facebook.com\/consultante.en.lactation"]}]}},"_links":{"self":[{"href":"https:\/\/www.lactissima.com\/a-tire-d-ailes\/wp-json\/wp\/v2\/posts\/3026","targetHints":{"allow":["GET"]}}],"collection":[{"href":"https:\/\/www.lactissima.com\/a-tire-d-ailes\/wp-json\/wp\/v2\/posts"}],"about":[{"href":"https:\/\/www.lactissima.com\/a-tire-d-ailes\/wp-json\/wp\/v2\/types\/post"}],"author":[{"embeddable":true,"href":"https:\/\/www.lactissima.com\/a-tire-d-ailes\/wp-json\/wp\/v2\/users\/170"}],"replies":[{"embeddable":true,"href":"https:\/\/www.lactissima.com\/a-tire-d-ailes\/wp-json\/wp\/v2\/comments?post=3026"}],"version-history":[{"count":8,"href":"https:\/\/www.lactissima.com\/a-tire-d-ailes\/wp-json\/wp\/v2\/posts\/3026\/revisions"}],"predecessor-version":[{"id":5292,"href":"https:\/\/www.lactissima.com\/a-tire-d-ailes\/wp-json\/wp\/v2\/posts\/3026\/revisions\/5292"}],"wp:featuredmedia":[{"embeddable":true,"href":"https:\/\/www.lactissima.com\/a-tire-d-ailes\/wp-json\/wp\/v2\/media\/4473"}],"wp:attachment":[{"href":"https:\/\/www.lactissima.com\/a-tire-d-ailes\/wp-json\/wp\/v2\/media?parent=3026"}],"wp:term":[{"taxonomy":"category","embeddable":true,"href":"https:\/\/www.lactissima.com\/a-tire-d-ailes\/wp-json\/wp\/v2\/categories?post=3026"},{"taxonomy":"post_tag","embeddable":true,"href":"https:\/\/www.lactissima.com\/a-tire-d-ailes\/wp-json\/wp\/v2\/tags?post=3026"}],"curies":[{"name":"wp","href":"https:\/\/api.w.org\/{rel}","templated":true}]}}