{"id":2999,"date":"2012-03-31T16:16:14","date_gmt":"2012-03-31T14:16:14","guid":{"rendered":"https:\/\/www.lactissima.com\/a-tire-d-ailes\/?p=2999"},"modified":"2014-03-15T16:44:57","modified_gmt":"2014-03-15T14:44:57","slug":"allaiter-et-travailler-le-temoignage-de-florence-2","status":"publish","type":"post","link":"https:\/\/www.lactissima.com\/a-tire-d-ailes\/allaiter-et-travailler-le-temoignage-de-florence-2\/","title":{"rendered":"Allaiter et travailler : le t\u00e9moignage de Florence"},"content":{"rendered":"<p style=\"text-align: justify;\"><strong><a href=\"https:\/\/www.lactissima.com\/a-tire-d-ailes\/wp-content\/uploads\/florence2.jpeg\"><img loading=\"lazy\" decoding=\"async\" class=\"alignright size-full wp-image-3000\" title=\"allaitement et travail\" alt=\"\" src=\"https:\/\/www.lactissima.com\/a-tire-d-ailes\/wp-content\/uploads\/florence2.jpeg\" width=\"226\" height=\"151\" \/><\/a>Quel choix avez-vous fait au moment de la reprise du travail : sevrage ou poursuite de l&rsquo;allaitement ? Pourquoi ?<\/strong><\/p>\n<p style=\"text-align: justify;\">J&rsquo;allaite toujours ma petite fille de 14 mois.<\/p>\n<p style=\"text-align: justify;\">J&rsquo;ai d\u00e9cid\u00e9 d&rsquo;<span style=\"color: #000000;\"><a title=\"allaiter\" href=\"http:\/\/www.allaiteraparis.fr\/\" target=\"_blank\"><span style=\"color: #000000;\">allaiter<\/span><\/a><\/span> le jour o\u00f9 elle est n\u00e9e. C&rsquo;est devenu \u00e9vident pour moi d\u00e8s la premi\u00e8re t\u00e9t\u00e9e.<\/p>\n<p style=\"text-align: justify;\">J&rsquo;ai rencontr\u00e9 les premi\u00e8res difficult\u00e9s \u00e0 la maternit\u00e9 lorsque le personnel m\u00e9dical m&rsquo;a affirm\u00e9 que je n&rsquo;avais pas assez de lait car ma fille perdait trop de poids (en r\u00e9alit\u00e9 on m&rsquo;avait conseill\u00e9 de ne la laisser t\u00e9ter que toutes les trois heures, ce qui \u00e9tait probablement la cause de cette perte de poids). Heureusement, une fois revenue \u00e0 la maison, j&rsquo;ai allait\u00e9 \u00e0 la demande et n&rsquo;ai jamais eu besoin de lui donner un autre lait.<\/p>\n<p style=\"text-align: justify;\">A ma <span style=\"color: #000000;\"><a title=\"reprise du travail\" href=\"https:\/\/www.lactissima.com\/a-tire-d-ailes\/?p=2944\" target=\"_blank\"><span style=\"color: #000000;\">reprise du travail<\/span><\/a><\/span>, ma fille avait 6 mois et j&rsquo;ai d\u00e9cid\u00e9 de continuer \u00e0 l&rsquo;allaiter. Je ne me voyais pas arr\u00eater ce qui semblait nous convenir \u00e0 toutes les deux. J&rsquo;ai donc d\u00e9cid\u00e9 de <span style=\"color: #000000;\"><a title=\"tirer son lait\" href=\"https:\/\/www.lactissima.com\/a-tire-d-ailes\/?p=1254\" target=\"_blank\"><span style=\"color: #000000;\">tirer mon lait<\/span><\/a><\/span> deux fois par jour au travail, dans les toilettes (avec le Medela Freestyle et une brassi\u00e8re d&rsquo;allaitement). J&rsquo;avais fait des stocks de mon lait que j&rsquo;avais congel\u00e9s.<\/p>\n<p style=\"text-align: justify;\"><strong>Comment vous \u00eates-vous organis\u00e9e ?<\/strong><\/p>\n<p style=\"text-align: justify;\">A ce jour, ma fille est diversifi\u00e9e et nous fonctionnons toujours de la m\u00eame fa\u00e7on. Je donne le lait que je tire \u00e0 la nounou et elle le donne \u00e0 ma fille en mon absence. Je lui ai \u00e9galement laiss\u00e9 un peu de mon lait congel\u00e9, au cas o\u00f9.<\/p>\n<p style=\"text-align: justify;\"><strong>Quelles ont \u00e9t\u00e9 vos principales difficult\u00e9s ?<\/strong><\/p>\n<p style=\"text-align: justify;\">Les principales difficult\u00e9s ont surtout \u00e9t\u00e9 caus\u00e9es par de mauvais conseils donn\u00e9s \u00e0 la maternit\u00e9 et aussi quelques conseils d\u00e9courageants avant la reprise du travail (\u00c2\u00ab tu n&rsquo;auras jamais assez de lait \u00c2\u00bb, \u00c2\u00ab \u00e0 ta place je ne pourrais jamais \u00c2\u00bb, etc.). Ma fille a \u00e9galement <span style=\"color: #000000;\"><a title=\"refus du biberon\" href=\"https:\/\/www.lactissima.com\/a-tire-d-ailes\/?p=234\" target=\"_blank\"><span style=\"color: #000000;\">refus\u00e9 le biberon<\/span><\/a><\/span> pendant une semaine et demie \u00e0 ma reprise du travail (sa fa\u00e7on \u00e0 elle de dire qu&rsquo;elle pr\u00e9f\u00e9rait que je sois l\u00e0 , je suppose).<\/p>\n<p style=\"text-align: justify;\"><strong>Quels ont \u00e9t\u00e9 vos meilleurs moments ?<\/strong><\/p>\n<p style=\"text-align: justify;\">Les meilleurs moments ? Disons que je suis toujours en plein dedans ! Les moments de t\u00e9t\u00e9e avec ma fille, le fait de pouvoir la nourrir n&rsquo;importe o\u00f9 et tr\u00e8s facilement, la proximit\u00e9 de l&rsquo;allaitement et le fait de savoir que mon lait est parfaitement adapt\u00e9 \u00e0 mon enfant.<\/p>\n<p style=\"text-align: justify;\"><strong>Qu&rsquo;est-ce que vous souhaiteriez dire aux mamans qui doivent faire un choix dans les semaines \u00e0 venir ?<\/strong><\/p>\n<p style=\"text-align: justify;\">Aux mamans qui doivent faire un choix \u00e0 la reprise du travail, je dis toujours que c&rsquo;est possible de continuer \u00e0 allaiter si elles en ont envie, que le sevrage n&rsquo;est pas une fatalit\u00e9 mais qu&rsquo;il n&rsquo;y a pas non plus de honte \u00e0 vouloir arr\u00eater si l&rsquo;on trouve cela trop contraignant. A chacune de voir.<\/p>\n<p style=\"text-align: justify;\"><strong>Ce serait \u00e0 refaire, vous referiez le m\u00eame choix ? Que changeriez-vous ?<\/strong><\/p>\n<p style=\"text-align: justify;\">Mais pour ma part, si c&rsquo;\u00e9tait \u00e0 refaire, je recommencerais !<\/p>\n<p style=\"text-align: justify;\"><strong>Articles en rapport :<\/strong><\/p>\n<ul>\n<li style=\"text-align: justify;\">Voir l&rsquo;onglet <a href=\"https:\/\/www.lactissima.com\/a-tire-d-ailes\/?page_id=1179\" target=\"_blank\">t\u00e9moignages<\/a><\/li>\n<\/ul>\n<p>&nbsp;<\/p>\n","protected":false},"excerpt":{"rendered":"<p>Florence a repris le travail en tirant son lait pour son b\u00e9b\u00e9 de six mois. Elle continue \u00e0 le faire, sa fille a 14 mois et elle referait le m\u00eame choix si cela se pr\u00e9sentait.<\/p>\n","protected":false},"author":170,"featured_media":3000,"comment_status":"open","ping_status":"open","sticky":false,"template":"","format":"standard","meta":{"_et_pb_use_builder":"","_et_pb_old_content":"","_et_gb_content_width":"","footnotes":""},"categories":[36,150],"tags":[112,365,128,72],"class_list":["post-2999","post","type-post","status-publish","format-standard","has-post-thumbnail","hentry","category-allaitement-et-travail","category-temoignages","tag-allaiter","tag-refus-du-biberon","tag-reprise-du-travail","tag-tirer-son-lait"],"yoast_head":"<!-- This site is optimized with the Yoast SEO plugin v27.4 - https:\/\/yoast.com\/product\/yoast-seo-wordpress\/ -->\n<title>Allaiter et travailler : le t\u00e9moignage de Florence<\/title>\n<meta name=\"description\" content=\"Florence a repris le travail en tirant son lait pour son b\u00e9b\u00e9 de six mois. Elle continue \u00e0 le faire, sa fille a 14 mois et elle referait le m\u00eame choix si cela se pr\u00e9sentait.\" \/>\n<meta name=\"robots\" content=\"index, follow, max-snippet:-1, max-image-preview:large, max-video-preview:-1\" \/>\n<link rel=\"canonical\" href=\"https:\/\/www.lactissima.com\/a-tire-d-ailes\/allaiter-et-travailler-le-temoignage-de-florence-2\/\" \/>\n<meta property=\"og:locale\" content=\"fr_FR\" \/>\n<meta property=\"og:type\" content=\"article\" \/>\n<meta property=\"og:title\" content=\"Allaiter et travailler : le t\u00e9moignage de Florence\" \/>\n<meta property=\"og:description\" content=\"Florence a repris le travail en tirant son lait pour son b\u00e9b\u00e9 de six mois. Elle continue \u00e0 le faire, sa fille a 14 mois et elle referait le m\u00eame choix si cela se pr\u00e9sentait.\" \/>\n<meta property=\"og:url\" content=\"https:\/\/www.lactissima.com\/a-tire-d-ailes\/allaiter-et-travailler-le-temoignage-de-florence-2\/\" \/>\n<meta property=\"og:site_name\" content=\"A tire d&#039;Ailes\" \/>\n<meta property=\"article:publisher\" content=\"https:\/\/www.facebook.com\/consultante.en.lactation\" \/>\n<meta property=\"article:author\" content=\"www.facebook.com\/consultante.en.lactation\" \/>\n<meta property=\"article:published_time\" content=\"2012-03-31T14:16:14+00:00\" \/>\n<meta property=\"article:modified_time\" content=\"2014-03-15T14:44:57+00:00\" \/>\n<meta property=\"og:image\" content=\"https:\/\/www.lactissima.com\/a-tire-d-ailes\/wp-content\/uploads\/florence2.jpeg\" \/>\n\t<meta property=\"og:image:width\" content=\"226\" \/>\n\t<meta property=\"og:image:height\" content=\"151\" \/>\n\t<meta property=\"og:image:type\" content=\"image\/jpeg\" \/>\n<meta name=\"author\" content=\"V\u00e9ronique Darmangeat\" \/>\n<meta name=\"twitter:card\" content=\"summary_large_image\" \/>\n<meta name=\"twitter:creator\" content=\"@VeroniqueIBCLC\" \/>\n<meta name=\"twitter:site\" content=\"@VeroniqueIBCLC\" \/>\n<meta name=\"twitter:label1\" content=\"\u00c9crit par\" \/>\n\t<meta name=\"twitter:data1\" content=\"V\u00e9ronique Darmangeat\" \/>\n\t<meta name=\"twitter:label2\" content=\"Dur\u00e9e de lecture estim\u00e9e\" \/>\n\t<meta name=\"twitter:data2\" content=\"2 minutes\" \/>\n<script type=\"application\/ld+json\" class=\"yoast-schema-graph\">{\"@context\":\"https:\\\/\\\/schema.org\",\"@graph\":[{\"@type\":\"Article\",\"@id\":\"https:\\\/\\\/www.lactissima.com\\\/a-tire-d-ailes\\\/allaiter-et-travailler-le-temoignage-de-florence-2\\\/#article\",\"isPartOf\":{\"@id\":\"https:\\\/\\\/www.lactissima.com\\\/a-tire-d-ailes\\\/allaiter-et-travailler-le-temoignage-de-florence-2\\\/\"},\"author\":{\"name\":\"V\u00e9ronique Darmangeat\",\"@id\":\"https:\\\/\\\/www.lactissima.com\\\/a-tire-d-ailes\\\/#\\\/schema\\\/person\\\/8f98d3a89530861bc1240e6d53d44eed\"},\"headline\":\"Allaiter et travailler : le t\u00e9moignage de Florence\",\"datePublished\":\"2012-03-31T14:16:14+00:00\",\"dateModified\":\"2014-03-15T14:44:57+00:00\",\"mainEntityOfPage\":{\"@id\":\"https:\\\/\\\/www.lactissima.com\\\/a-tire-d-ailes\\\/allaiter-et-travailler-le-temoignage-de-florence-2\\\/\"},\"wordCount\":520,\"commentCount\":0,\"image\":{\"@id\":\"https:\\\/\\\/www.lactissima.com\\\/a-tire-d-ailes\\\/allaiter-et-travailler-le-temoignage-de-florence-2\\\/#primaryimage\"},\"thumbnailUrl\":\"https:\\\/\\\/www.lactissima.com\\\/a-tire-d-ailes\\\/wp-content\\\/uploads\\\/florence2.jpeg\",\"keywords\":[\"allaiter\",\"refus du biberon\",\"reprise du travail\",\"tirer son lait\"],\"articleSection\":[\"Allaitement et Travail\",\"t\u00e9moignages\"],\"inLanguage\":\"fr-FR\",\"potentialAction\":[{\"@type\":\"CommentAction\",\"name\":\"Comment\",\"target\":[\"https:\\\/\\\/www.lactissima.com\\\/a-tire-d-ailes\\\/allaiter-et-travailler-le-temoignage-de-florence-2\\\/#respond\"]}]},{\"@type\":\"WebPage\",\"@id\":\"https:\\\/\\\/www.lactissima.com\\\/a-tire-d-ailes\\\/allaiter-et-travailler-le-temoignage-de-florence-2\\\/\",\"url\":\"https:\\\/\\\/www.lactissima.com\\\/a-tire-d-ailes\\\/allaiter-et-travailler-le-temoignage-de-florence-2\\\/\",\"name\":\"Allaiter et travailler : le t\u00e9moignage de Florence\",\"isPartOf\":{\"@id\":\"https:\\\/\\\/www.lactissima.com\\\/a-tire-d-ailes\\\/#website\"},\"primaryImageOfPage\":{\"@id\":\"https:\\\/\\\/www.lactissima.com\\\/a-tire-d-ailes\\\/allaiter-et-travailler-le-temoignage-de-florence-2\\\/#primaryimage\"},\"image\":{\"@id\":\"https:\\\/\\\/www.lactissima.com\\\/a-tire-d-ailes\\\/allaiter-et-travailler-le-temoignage-de-florence-2\\\/#primaryimage\"},\"thumbnailUrl\":\"https:\\\/\\\/www.lactissima.com\\\/a-tire-d-ailes\\\/wp-content\\\/uploads\\\/florence2.jpeg\",\"datePublished\":\"2012-03-31T14:16:14+00:00\",\"dateModified\":\"2014-03-15T14:44:57+00:00\",\"author\":{\"@id\":\"https:\\\/\\\/www.lactissima.com\\\/a-tire-d-ailes\\\/#\\\/schema\\\/person\\\/8f98d3a89530861bc1240e6d53d44eed\"},\"description\":\"Florence a repris le travail en tirant son lait pour son b\u00e9b\u00e9 de six mois. Elle continue \u00e0 le faire, sa fille a 14 mois et elle referait le m\u00eame choix si cela se pr\u00e9sentait.\",\"breadcrumb\":{\"@id\":\"https:\\\/\\\/www.lactissima.com\\\/a-tire-d-ailes\\\/allaiter-et-travailler-le-temoignage-de-florence-2\\\/#breadcrumb\"},\"inLanguage\":\"fr-FR\",\"potentialAction\":[{\"@type\":\"ReadAction\",\"target\":[\"https:\\\/\\\/www.lactissima.com\\\/a-tire-d-ailes\\\/allaiter-et-travailler-le-temoignage-de-florence-2\\\/\"]}]},{\"@type\":\"ImageObject\",\"inLanguage\":\"fr-FR\",\"@id\":\"https:\\\/\\\/www.lactissima.com\\\/a-tire-d-ailes\\\/allaiter-et-travailler-le-temoignage-de-florence-2\\\/#primaryimage\",\"url\":\"https:\\\/\\\/www.lactissima.com\\\/a-tire-d-ailes\\\/wp-content\\\/uploads\\\/florence2.jpeg\",\"contentUrl\":\"https:\\\/\\\/www.lactissima.com\\\/a-tire-d-ailes\\\/wp-content\\\/uploads\\\/florence2.jpeg\",\"width\":\"226\",\"height\":\"151\"},{\"@type\":\"BreadcrumbList\",\"@id\":\"https:\\\/\\\/www.lactissima.com\\\/a-tire-d-ailes\\\/allaiter-et-travailler-le-temoignage-de-florence-2\\\/#breadcrumb\",\"itemListElement\":[{\"@type\":\"ListItem\",\"position\":1,\"name\":\"Accueil\",\"item\":\"https:\\\/\\\/www.lactissima.com\\\/a-tire-d-ailes\\\/\"},{\"@type\":\"ListItem\",\"position\":2,\"name\":\"Allaiter et travailler : le t\u00e9moignage de Florence\"}]},{\"@type\":\"WebSite\",\"@id\":\"https:\\\/\\\/www.lactissima.com\\\/a-tire-d-ailes\\\/#website\",\"url\":\"https:\\\/\\\/www.lactissima.com\\\/a-tire-d-ailes\\\/\",\"name\":\"A tire d&#039;Ailes\",\"description\":\"Le blog des femmes qui allaitent et travaillent.\",\"potentialAction\":[{\"@type\":\"SearchAction\",\"target\":{\"@type\":\"EntryPoint\",\"urlTemplate\":\"https:\\\/\\\/www.lactissima.com\\\/a-tire-d-ailes\\\/?s={search_term_string}\"},\"query-input\":{\"@type\":\"PropertyValueSpecification\",\"valueRequired\":true,\"valueName\":\"search_term_string\"}}],\"inLanguage\":\"fr-FR\"},{\"@type\":\"Person\",\"@id\":\"https:\\\/\\\/www.lactissima.com\\\/a-tire-d-ailes\\\/#\\\/schema\\\/person\\\/8f98d3a89530861bc1240e6d53d44eed\",\"name\":\"V\u00e9ronique Darmangeat\",\"image\":{\"@type\":\"ImageObject\",\"inLanguage\":\"fr-FR\",\"@id\":\"https:\\\/\\\/secure.gravatar.com\\\/avatar\\\/268c99344c89cebfe4f5df5fa8be43068a18884fc76a29f3206fae98465b9cab?s=96&d=identicon&r=g\",\"url\":\"https:\\\/\\\/secure.gravatar.com\\\/avatar\\\/268c99344c89cebfe4f5df5fa8be43068a18884fc76a29f3206fae98465b9cab?s=96&d=identicon&r=g\",\"contentUrl\":\"https:\\\/\\\/secure.gravatar.com\\\/avatar\\\/268c99344c89cebfe4f5df5fa8be43068a18884fc76a29f3206fae98465b9cab?s=96&d=identicon&r=g\",\"caption\":\"V\u00e9ronique Darmangeat\"},\"sameAs\":[\"https:\\\/\\\/www.lactissima.com\\\/a-tire-d-ailes\",\"www.facebook.com\\\/consultante.en.lactation\"]}]}<\/script>\n<!-- \/ Yoast SEO plugin. -->","yoast_head_json":{"title":"Allaiter et travailler : le t\u00e9moignage de Florence","description":"Florence a repris le travail en tirant son lait pour son b\u00e9b\u00e9 de six mois. Elle continue \u00e0 le faire, sa fille a 14 mois et elle referait le m\u00eame choix si cela se pr\u00e9sentait.","robots":{"index":"index","follow":"follow","max-snippet":"max-snippet:-1","max-image-preview":"max-image-preview:large","max-video-preview":"max-video-preview:-1"},"canonical":"https:\/\/www.lactissima.com\/a-tire-d-ailes\/allaiter-et-travailler-le-temoignage-de-florence-2\/","og_locale":"fr_FR","og_type":"article","og_title":"Allaiter et travailler : le t\u00e9moignage de Florence","og_description":"Florence a repris le travail en tirant son lait pour son b\u00e9b\u00e9 de six mois. Elle continue \u00e0 le faire, sa fille a 14 mois et elle referait le m\u00eame choix si cela se pr\u00e9sentait.","og_url":"https:\/\/www.lactissima.com\/a-tire-d-ailes\/allaiter-et-travailler-le-temoignage-de-florence-2\/","og_site_name":"A tire d&#039;Ailes","article_publisher":"https:\/\/www.facebook.com\/consultante.en.lactation","article_author":"www.facebook.com\/consultante.en.lactation","article_published_time":"2012-03-31T14:16:14+00:00","article_modified_time":"2014-03-15T14:44:57+00:00","og_image":[{"width":226,"height":151,"url":"https:\/\/www.lactissima.com\/a-tire-d-ailes\/wp-content\/uploads\/florence2.jpeg","type":"image\/jpeg"}],"author":"V\u00e9ronique Darmangeat","twitter_card":"summary_large_image","twitter_creator":"@VeroniqueIBCLC","twitter_site":"@VeroniqueIBCLC","twitter_misc":{"\u00c9crit par":"V\u00e9ronique Darmangeat","Dur\u00e9e de lecture estim\u00e9e":"2 minutes"},"schema":{"@context":"https:\/\/schema.org","@graph":[{"@type":"Article","@id":"https:\/\/www.lactissima.com\/a-tire-d-ailes\/allaiter-et-travailler-le-temoignage-de-florence-2\/#article","isPartOf":{"@id":"https:\/\/www.lactissima.com\/a-tire-d-ailes\/allaiter-et-travailler-le-temoignage-de-florence-2\/"},"author":{"name":"V\u00e9ronique Darmangeat","@id":"https:\/\/www.lactissima.com\/a-tire-d-ailes\/#\/schema\/person\/8f98d3a89530861bc1240e6d53d44eed"},"headline":"Allaiter et travailler : le t\u00e9moignage de Florence","datePublished":"2012-03-31T14:16:14+00:00","dateModified":"2014-03-15T14:44:57+00:00","mainEntityOfPage":{"@id":"https:\/\/www.lactissima.com\/a-tire-d-ailes\/allaiter-et-travailler-le-temoignage-de-florence-2\/"},"wordCount":520,"commentCount":0,"image":{"@id":"https:\/\/www.lactissima.com\/a-tire-d-ailes\/allaiter-et-travailler-le-temoignage-de-florence-2\/#primaryimage"},"thumbnailUrl":"https:\/\/www.lactissima.com\/a-tire-d-ailes\/wp-content\/uploads\/florence2.jpeg","keywords":["allaiter","refus du biberon","reprise du travail","tirer son lait"],"articleSection":["Allaitement et Travail","t\u00e9moignages"],"inLanguage":"fr-FR","potentialAction":[{"@type":"CommentAction","name":"Comment","target":["https:\/\/www.lactissima.com\/a-tire-d-ailes\/allaiter-et-travailler-le-temoignage-de-florence-2\/#respond"]}]},{"@type":"WebPage","@id":"https:\/\/www.lactissima.com\/a-tire-d-ailes\/allaiter-et-travailler-le-temoignage-de-florence-2\/","url":"https:\/\/www.lactissima.com\/a-tire-d-ailes\/allaiter-et-travailler-le-temoignage-de-florence-2\/","name":"Allaiter et travailler : le t\u00e9moignage de Florence","isPartOf":{"@id":"https:\/\/www.lactissima.com\/a-tire-d-ailes\/#website"},"primaryImageOfPage":{"@id":"https:\/\/www.lactissima.com\/a-tire-d-ailes\/allaiter-et-travailler-le-temoignage-de-florence-2\/#primaryimage"},"image":{"@id":"https:\/\/www.lactissima.com\/a-tire-d-ailes\/allaiter-et-travailler-le-temoignage-de-florence-2\/#primaryimage"},"thumbnailUrl":"https:\/\/www.lactissima.com\/a-tire-d-ailes\/wp-content\/uploads\/florence2.jpeg","datePublished":"2012-03-31T14:16:14+00:00","dateModified":"2014-03-15T14:44:57+00:00","author":{"@id":"https:\/\/www.lactissima.com\/a-tire-d-ailes\/#\/schema\/person\/8f98d3a89530861bc1240e6d53d44eed"},"description":"Florence a repris le travail en tirant son lait pour son b\u00e9b\u00e9 de six mois. Elle continue \u00e0 le faire, sa fille a 14 mois et elle referait le m\u00eame choix si cela se pr\u00e9sentait.","breadcrumb":{"@id":"https:\/\/www.lactissima.com\/a-tire-d-ailes\/allaiter-et-travailler-le-temoignage-de-florence-2\/#breadcrumb"},"inLanguage":"fr-FR","potentialAction":[{"@type":"ReadAction","target":["https:\/\/www.lactissima.com\/a-tire-d-ailes\/allaiter-et-travailler-le-temoignage-de-florence-2\/"]}]},{"@type":"ImageObject","inLanguage":"fr-FR","@id":"https:\/\/www.lactissima.com\/a-tire-d-ailes\/allaiter-et-travailler-le-temoignage-de-florence-2\/#primaryimage","url":"https:\/\/www.lactissima.com\/a-tire-d-ailes\/wp-content\/uploads\/florence2.jpeg","contentUrl":"https:\/\/www.lactissima.com\/a-tire-d-ailes\/wp-content\/uploads\/florence2.jpeg","width":"226","height":"151"},{"@type":"BreadcrumbList","@id":"https:\/\/www.lactissima.com\/a-tire-d-ailes\/allaiter-et-travailler-le-temoignage-de-florence-2\/#breadcrumb","itemListElement":[{"@type":"ListItem","position":1,"name":"Accueil","item":"https:\/\/www.lactissima.com\/a-tire-d-ailes\/"},{"@type":"ListItem","position":2,"name":"Allaiter et travailler : le t\u00e9moignage de Florence"}]},{"@type":"WebSite","@id":"https:\/\/www.lactissima.com\/a-tire-d-ailes\/#website","url":"https:\/\/www.lactissima.com\/a-tire-d-ailes\/","name":"A tire d&#039;Ailes","description":"Le blog des femmes qui allaitent et travaillent.","potentialAction":[{"@type":"SearchAction","target":{"@type":"EntryPoint","urlTemplate":"https:\/\/www.lactissima.com\/a-tire-d-ailes\/?s={search_term_string}"},"query-input":{"@type":"PropertyValueSpecification","valueRequired":true,"valueName":"search_term_string"}}],"inLanguage":"fr-FR"},{"@type":"Person","@id":"https:\/\/www.lactissima.com\/a-tire-d-ailes\/#\/schema\/person\/8f98d3a89530861bc1240e6d53d44eed","name":"V\u00e9ronique Darmangeat","image":{"@type":"ImageObject","inLanguage":"fr-FR","@id":"https:\/\/secure.gravatar.com\/avatar\/268c99344c89cebfe4f5df5fa8be43068a18884fc76a29f3206fae98465b9cab?s=96&d=identicon&r=g","url":"https:\/\/secure.gravatar.com\/avatar\/268c99344c89cebfe4f5df5fa8be43068a18884fc76a29f3206fae98465b9cab?s=96&d=identicon&r=g","contentUrl":"https:\/\/secure.gravatar.com\/avatar\/268c99344c89cebfe4f5df5fa8be43068a18884fc76a29f3206fae98465b9cab?s=96&d=identicon&r=g","caption":"V\u00e9ronique Darmangeat"},"sameAs":["https:\/\/www.lactissima.com\/a-tire-d-ailes","www.facebook.com\/consultante.en.lactation"]}]}},"_links":{"self":[{"href":"https:\/\/www.lactissima.com\/a-tire-d-ailes\/wp-json\/wp\/v2\/posts\/2999","targetHints":{"allow":["GET"]}}],"collection":[{"href":"https:\/\/www.lactissima.com\/a-tire-d-ailes\/wp-json\/wp\/v2\/posts"}],"about":[{"href":"https:\/\/www.lactissima.com\/a-tire-d-ailes\/wp-json\/wp\/v2\/types\/post"}],"author":[{"embeddable":true,"href":"https:\/\/www.lactissima.com\/a-tire-d-ailes\/wp-json\/wp\/v2\/users\/170"}],"replies":[{"embeddable":true,"href":"https:\/\/www.lactissima.com\/a-tire-d-ailes\/wp-json\/wp\/v2\/comments?post=2999"}],"version-history":[{"count":7,"href":"https:\/\/www.lactissima.com\/a-tire-d-ailes\/wp-json\/wp\/v2\/posts\/2999\/revisions"}],"predecessor-version":[{"id":5298,"href":"https:\/\/www.lactissima.com\/a-tire-d-ailes\/wp-json\/wp\/v2\/posts\/2999\/revisions\/5298"}],"wp:featuredmedia":[{"embeddable":true,"href":"https:\/\/www.lactissima.com\/a-tire-d-ailes\/wp-json\/wp\/v2\/media\/3000"}],"wp:attachment":[{"href":"https:\/\/www.lactissima.com\/a-tire-d-ailes\/wp-json\/wp\/v2\/media?parent=2999"}],"wp:term":[{"taxonomy":"category","embeddable":true,"href":"https:\/\/www.lactissima.com\/a-tire-d-ailes\/wp-json\/wp\/v2\/categories?post=2999"},{"taxonomy":"post_tag","embeddable":true,"href":"https:\/\/www.lactissima.com\/a-tire-d-ailes\/wp-json\/wp\/v2\/tags?post=2999"}],"curies":[{"name":"wp","href":"https:\/\/api.w.org\/{rel}","templated":true}]}}