{"id":2986,"date":"2012-03-24T16:12:27","date_gmt":"2012-03-24T14:12:27","guid":{"rendered":"https:\/\/www.lactissima.com\/a-tire-d-ailes\/?p=2986"},"modified":"2014-03-15T16:45:07","modified_gmt":"2014-03-15T14:45:07","slug":"allaiter-et-travailler-le-temoignage-de-perrine","status":"publish","type":"post","link":"https:\/\/www.lactissima.com\/a-tire-d-ailes\/allaiter-et-travailler-le-temoignage-de-perrine\/","title":{"rendered":"Allaiter et travailler : le t\u00e9moignage de Perrine"},"content":{"rendered":"<p style=\"text-align: justify;\"><a href=\"https:\/\/www.lactissima.com\/a-tire-d-ailes\/wp-content\/uploads\/3loustics.jpg\"><img loading=\"lazy\" decoding=\"async\" class=\"alignright size-full wp-image-2987\" title=\"travail et allaitement\" alt=\"\" src=\"https:\/\/www.lactissima.com\/a-tire-d-ailes\/wp-content\/uploads\/3loustics.jpg\" width=\"320\" height=\"213\" srcset=\"https:\/\/www.lactissima.com\/a-tire-d-ailes\/wp-content\/uploads\/3loustics.jpg 320w, https:\/\/www.lactissima.com\/a-tire-d-ailes\/wp-content\/uploads\/3loustics-300x199.jpg 300w\" sizes=\"(max-width: 320px) 100vw, 320px\" \/><\/a>J&rsquo;ai <strong>trois enfants<\/strong>. Ils ont aujourd&rsquo;hui 8 ans, 6 ans et 15 mois.<\/p>\n<p style=\"text-align: justify;\">Pour chacun j&rsquo;ai repris le <strong>travail<\/strong> (\u00e0 temps plein) tout en <strong>poursuivant<\/strong> <span style=\"color: #000000;\"><a title=\"allaitement\" href=\"http:\/\/www.allaiteraparis.fr\/\" target=\"_blank\"><span style=\"color: #000000;\">l&rsquo;allaitement<\/span><\/a><\/span>.<\/p>\n<p style=\"text-align: justify;\">J&rsquo;ai un <span style=\"color: #000000;\"><a title=\"tire-lait\" href=\"https:\/\/www.lactissima.com\/a-tire-d-ailes\/?p=56\" target=\"_blank\"><span style=\"color: #000000;\">tire-lait<\/span><\/a><\/span> manuel (Avent) qui ma \u00e9t\u00e9 offert par mes coll\u00e8gues de travail apr\u00e8s la naissance de mon premier enfant. Et \u00e0 la reprise du travail pour mon 3\u00c2\u00b0 enfant j&rsquo;ai <strong>lou\u00e9<\/strong> un tire-lait \u00e9lectrique double pompage (Symphonie de Medela).<\/p>\n<p style=\"text-align: justify;\">Pour n\u00c2\u00b01 et n\u00c2\u00b03, qui ont <strong>accept\u00e9<\/strong> le biberon, la p\u00e9riode o\u00f9 ils ne d\u00e9pendaient que de moi pour leur nourriture en journ\u00e9e fut courte : d\u00e8s la d\u00e9couverte de la nourriture solide ils ont refus\u00e9 le lait autrement qu&rsquo;au sein.<\/p>\n<p style=\"text-align: justify;\">Mon 2\u00c2\u00b0 enfant n&rsquo;a par contre<strong> jamais accept\u00e9 le biberon<\/strong>. Cet enfant pr\u00e9f\u00e9rait <strong>m&rsquo;attendre<\/strong> la journ\u00e9e et se rattraper lorsque nous \u00e9tions ensemble.<\/p>\n<p style=\"text-align: justify;\">Donc pour mes trois enfants la p\u00e9riode ou j&rsquo;ai eu besoin de <span style=\"color: #000000;\"><a title=\"tirer son lait\" href=\"https:\/\/www.lactissima.com\/a-tire-d-ailes\/?p=1146\" target=\"_blank\"><span style=\"color: #000000;\">tirer mon lait<\/span><\/a><\/span> fut assez <strong>courte<\/strong>.<\/p>\n<p style=\"text-align: justify;\">Personnellement j&rsquo;ai trouv\u00e9 la p\u00e9riode o\u00f9 l&rsquo;enfant d\u00e9pend enti\u00e8rement de la quantit\u00e9 de lait tir\u00e9 pour son alimentation en journ\u00e9e assez <strong>stressante<\/strong>. Ensuite d\u00e8s que l&rsquo;enfant ne d\u00e9pend plus que de nous et qu&rsquo;il peut s&rsquo;alimenter autrement la pression s&rsquo;all\u00e8ge consid\u00e9rablement. Si la quantit\u00e9 de lait tir\u00e9e est un peu limite ce n&rsquo;est pas grave, la nourriture <strong>solide<\/strong> lui apportera le compl\u00e9ment n\u00e9cessaire.<\/p>\n<p style=\"text-align: justify;\">Et puis ensuite la p\u00e9riode o\u00f9 on peut <strong>ranger<\/strong> d\u00e9finitivement le tire-lait c&rsquo;est chouette aussi, des contraintes en moins.<\/p>\n<p style=\"text-align: justify;\">J&rsquo;ai ensuite continu\u00e9 \u00e0 <span style=\"color: #000000;\"> <a title=\"allaiter\" href=\"http:\/\/www.allaiteraparis.fr\/aide-allaitement\" target=\"_blank\"><span style=\"color: #000000;\">allaiter<\/span><\/a><\/span> mes enfants bien au-del\u00e0 de l&rsquo;arr\u00eat du tire-lait. Personnellement continuer d&rsquo;allaiter m&rsquo;a <strong>aid\u00e9 \u00e0 reprendre le travail<\/strong>.<br \/>\nSavoir que mon enfant aurait mon lait en journ\u00e9e, c&rsquo;\u00e9tait <strong>r\u00e9confortant<\/strong>. Sentir la pr\u00e9sence de ce lien entre nous, m\u00eame si nous \u00e9tions s\u00e9par\u00e9s dans la journ\u00e9e, c&rsquo;\u00e9tait r\u00e9confortant.<br \/>\nEt pour <strong>l&rsquo;enfant<\/strong> c&rsquo;est r\u00e9confortant aussi de savoir que ce lien perdure.<\/p>\n<p style=\"text-align: justify;\">Je constate aussi que pour d\u00e9poser mon enfant \u00e0 la cr\u00e8che c&rsquo;est plus <strong>facile<\/strong>. Apr\u00e8s une petite t\u00e9t\u00e9e il est pr\u00eat et confiant pour aller retrouver les autres enfants et passer une bonne journ\u00e9e.<br \/>\nEt les t\u00e9t\u00e9es de <strong>retrouvailles<\/strong> sont des moments vraiment chouettes, c&rsquo;est la <strong>pause<\/strong> apr\u00e8s le travail, le <strong>sas<\/strong> entre le bureau et la maison (et les t\u00e9t\u00e9es de retrouvailles apr\u00e8s une semaine de d\u00e9placement c&rsquo;est encore plus chouette).<\/p>\n<p style=\"text-align: justify;\">C&rsquo;est un choix que j&rsquo;ai fait trois fois et si c&rsquo;\u00e9tait \u00e0 refaire <strong>je le referais sans h\u00e9siter<\/strong>.<\/p>\n<p style=\"text-align: justify;\">Aux autres mamans je dirais de <strong>tenter si \u00e7a vous dit<\/strong>. Oui allaiter et travailler c&rsquo;est possible alors si vous le souhaitez foncez.<br \/>\nJe dirais aussi que la p\u00e9riode un peu gal\u00e8re cot\u00e9 <strong>organisation<\/strong> avec le tire-lait et les quantit\u00e9s \u00e0 fournir, \u00e7a ne dure pas, alors \u00e7a vaut le coup de s&rsquo;accrocher.<br \/>\nEt puis allaiter en travaillant c&rsquo;est comme l&rsquo;allaitement en g\u00e9n\u00e9ral : plus on avance dans le temps, plus l&rsquo;enfant grandit, plus c&rsquo;est <strong>facile<\/strong>.<\/p>\n<p style=\"text-align: justify;\"><strong>Articles en rapport :<\/strong><\/p>\n<ul>\n<li style=\"text-align: justify;\">Voir l&rsquo;onglet <a href=\"https:\/\/www.lactissima.com\/a-tire-d-ailes\/?page_id=1179\" target=\"_blank\">t\u00e9moignages<\/a><\/li>\n<\/ul>\n<p>&nbsp;<\/p>\n","protected":false},"excerpt":{"rendered":"<p>Perrine a poursuivi l&rsquo;allaitement apr\u00e8s la reprise du travail pour chacun de ses trois enfants. Elle a appr\u00e9ci\u00e9 de ne pas avoir \u00e0 tirer son lait pendant tr\u00e8s longtemps et referais le m\u00eame choix, sans h\u00e9siter.<\/p>\n","protected":false},"author":170,"featured_media":2987,"comment_status":"open","ping_status":"open","sticky":false,"template":"","format":"standard","meta":{"_et_pb_use_builder":"","_et_pb_old_content":"","_et_gb_content_width":"","footnotes":""},"categories":[36,150],"tags":[112,300,57,301],"class_list":["post-2986","post","type-post","status-publish","format-standard","has-post-thumbnail","hentry","category-allaitement-et-travail","category-temoignages","tag-allaiter","tag-lallaitement","tag-tire-lait","tag-tirer-mon-lait"],"yoast_head":"<!-- This site is optimized with the Yoast SEO plugin v27.4 - https:\/\/yoast.com\/product\/yoast-seo-wordpress\/ -->\n<title>Allaiter et travailler : le t\u00e9moignage de Perrine<\/title>\n<meta name=\"description\" content=\"Perrine a poursuivi l&#039;allaitement apr\u00e8s la reprise du travail pour chacun de ses trois enfants. Elle a appr\u00e9ci\u00e9 de ne pas avoir \u00e0 tirer son lait pendant tr\u00e8s longtemps et referais le m\u00eame choix, sans h\u00e9siter.\" \/>\n<meta name=\"robots\" content=\"index, follow, max-snippet:-1, max-image-preview:large, max-video-preview:-1\" \/>\n<link rel=\"canonical\" href=\"https:\/\/www.lactissima.com\/a-tire-d-ailes\/allaiter-et-travailler-le-temoignage-de-perrine\/\" \/>\n<meta property=\"og:locale\" content=\"fr_FR\" \/>\n<meta property=\"og:type\" content=\"article\" \/>\n<meta property=\"og:title\" content=\"Allaiter et travailler : le t\u00e9moignage de Perrine\" \/>\n<meta property=\"og:description\" content=\"Perrine a poursuivi l&#039;allaitement apr\u00e8s la reprise du travail pour chacun de ses trois enfants. Elle a appr\u00e9ci\u00e9 de ne pas avoir \u00e0 tirer son lait pendant tr\u00e8s longtemps et referais le m\u00eame choix, sans h\u00e9siter.\" \/>\n<meta property=\"og:url\" content=\"https:\/\/www.lactissima.com\/a-tire-d-ailes\/allaiter-et-travailler-le-temoignage-de-perrine\/\" \/>\n<meta property=\"og:site_name\" content=\"A tire d&#039;Ailes\" \/>\n<meta property=\"article:publisher\" content=\"https:\/\/www.facebook.com\/consultante.en.lactation\" \/>\n<meta property=\"article:author\" content=\"www.facebook.com\/consultante.en.lactation\" \/>\n<meta property=\"article:published_time\" content=\"2012-03-24T14:12:27+00:00\" \/>\n<meta property=\"article:modified_time\" content=\"2014-03-15T14:45:07+00:00\" \/>\n<meta property=\"og:image\" content=\"https:\/\/www.lactissima.com\/a-tire-d-ailes\/wp-content\/uploads\/3loustics.jpg\" \/>\n\t<meta property=\"og:image:width\" content=\"320\" \/>\n\t<meta property=\"og:image:height\" content=\"213\" \/>\n\t<meta property=\"og:image:type\" content=\"image\/jpeg\" \/>\n<meta name=\"author\" content=\"V\u00e9ronique Darmangeat\" \/>\n<meta name=\"twitter:card\" content=\"summary_large_image\" \/>\n<meta name=\"twitter:creator\" content=\"@VeroniqueIBCLC\" \/>\n<meta name=\"twitter:site\" content=\"@VeroniqueIBCLC\" \/>\n<meta name=\"twitter:label1\" content=\"\u00c9crit par\" \/>\n\t<meta name=\"twitter:data1\" content=\"V\u00e9ronique Darmangeat\" \/>\n\t<meta name=\"twitter:label2\" content=\"Dur\u00e9e de lecture estim\u00e9e\" \/>\n\t<meta name=\"twitter:data2\" content=\"3 minutes\" \/>\n<script type=\"application\/ld+json\" class=\"yoast-schema-graph\">{\"@context\":\"https:\\\/\\\/schema.org\",\"@graph\":[{\"@type\":\"Article\",\"@id\":\"https:\\\/\\\/www.lactissima.com\\\/a-tire-d-ailes\\\/allaiter-et-travailler-le-temoignage-de-perrine\\\/#article\",\"isPartOf\":{\"@id\":\"https:\\\/\\\/www.lactissima.com\\\/a-tire-d-ailes\\\/allaiter-et-travailler-le-temoignage-de-perrine\\\/\"},\"author\":{\"name\":\"V\u00e9ronique Darmangeat\",\"@id\":\"https:\\\/\\\/www.lactissima.com\\\/a-tire-d-ailes\\\/#\\\/schema\\\/person\\\/8f98d3a89530861bc1240e6d53d44eed\"},\"headline\":\"Allaiter et travailler : le t\u00e9moignage de Perrine\",\"datePublished\":\"2012-03-24T14:12:27+00:00\",\"dateModified\":\"2014-03-15T14:45:07+00:00\",\"mainEntityOfPage\":{\"@id\":\"https:\\\/\\\/www.lactissima.com\\\/a-tire-d-ailes\\\/allaiter-et-travailler-le-temoignage-de-perrine\\\/\"},\"wordCount\":555,\"commentCount\":9,\"image\":{\"@id\":\"https:\\\/\\\/www.lactissima.com\\\/a-tire-d-ailes\\\/allaiter-et-travailler-le-temoignage-de-perrine\\\/#primaryimage\"},\"thumbnailUrl\":\"https:\\\/\\\/www.lactissima.com\\\/a-tire-d-ailes\\\/wp-content\\\/uploads\\\/3loustics.jpg\",\"keywords\":[\"allaiter\",\"l'allaitement\",\"tire-lait\",\"tirer mon lait\"],\"articleSection\":[\"Allaitement et Travail\",\"t\u00e9moignages\"],\"inLanguage\":\"fr-FR\",\"potentialAction\":[{\"@type\":\"CommentAction\",\"name\":\"Comment\",\"target\":[\"https:\\\/\\\/www.lactissima.com\\\/a-tire-d-ailes\\\/allaiter-et-travailler-le-temoignage-de-perrine\\\/#respond\"]}]},{\"@type\":\"WebPage\",\"@id\":\"https:\\\/\\\/www.lactissima.com\\\/a-tire-d-ailes\\\/allaiter-et-travailler-le-temoignage-de-perrine\\\/\",\"url\":\"https:\\\/\\\/www.lactissima.com\\\/a-tire-d-ailes\\\/allaiter-et-travailler-le-temoignage-de-perrine\\\/\",\"name\":\"Allaiter et travailler : le t\u00e9moignage de Perrine\",\"isPartOf\":{\"@id\":\"https:\\\/\\\/www.lactissima.com\\\/a-tire-d-ailes\\\/#website\"},\"primaryImageOfPage\":{\"@id\":\"https:\\\/\\\/www.lactissima.com\\\/a-tire-d-ailes\\\/allaiter-et-travailler-le-temoignage-de-perrine\\\/#primaryimage\"},\"image\":{\"@id\":\"https:\\\/\\\/www.lactissima.com\\\/a-tire-d-ailes\\\/allaiter-et-travailler-le-temoignage-de-perrine\\\/#primaryimage\"},\"thumbnailUrl\":\"https:\\\/\\\/www.lactissima.com\\\/a-tire-d-ailes\\\/wp-content\\\/uploads\\\/3loustics.jpg\",\"datePublished\":\"2012-03-24T14:12:27+00:00\",\"dateModified\":\"2014-03-15T14:45:07+00:00\",\"author\":{\"@id\":\"https:\\\/\\\/www.lactissima.com\\\/a-tire-d-ailes\\\/#\\\/schema\\\/person\\\/8f98d3a89530861bc1240e6d53d44eed\"},\"description\":\"Perrine a poursuivi l'allaitement apr\u00e8s la reprise du travail pour chacun de ses trois enfants. Elle a appr\u00e9ci\u00e9 de ne pas avoir \u00e0 tirer son lait pendant tr\u00e8s longtemps et referais le m\u00eame choix, sans h\u00e9siter.\",\"breadcrumb\":{\"@id\":\"https:\\\/\\\/www.lactissima.com\\\/a-tire-d-ailes\\\/allaiter-et-travailler-le-temoignage-de-perrine\\\/#breadcrumb\"},\"inLanguage\":\"fr-FR\",\"potentialAction\":[{\"@type\":\"ReadAction\",\"target\":[\"https:\\\/\\\/www.lactissima.com\\\/a-tire-d-ailes\\\/allaiter-et-travailler-le-temoignage-de-perrine\\\/\"]}]},{\"@type\":\"ImageObject\",\"inLanguage\":\"fr-FR\",\"@id\":\"https:\\\/\\\/www.lactissima.com\\\/a-tire-d-ailes\\\/allaiter-et-travailler-le-temoignage-de-perrine\\\/#primaryimage\",\"url\":\"https:\\\/\\\/www.lactissima.com\\\/a-tire-d-ailes\\\/wp-content\\\/uploads\\\/3loustics.jpg\",\"contentUrl\":\"https:\\\/\\\/www.lactissima.com\\\/a-tire-d-ailes\\\/wp-content\\\/uploads\\\/3loustics.jpg\",\"width\":\"320\",\"height\":\"213\"},{\"@type\":\"BreadcrumbList\",\"@id\":\"https:\\\/\\\/www.lactissima.com\\\/a-tire-d-ailes\\\/allaiter-et-travailler-le-temoignage-de-perrine\\\/#breadcrumb\",\"itemListElement\":[{\"@type\":\"ListItem\",\"position\":1,\"name\":\"Accueil\",\"item\":\"https:\\\/\\\/www.lactissima.com\\\/a-tire-d-ailes\\\/\"},{\"@type\":\"ListItem\",\"position\":2,\"name\":\"Allaiter et travailler : le t\u00e9moignage de Perrine\"}]},{\"@type\":\"WebSite\",\"@id\":\"https:\\\/\\\/www.lactissima.com\\\/a-tire-d-ailes\\\/#website\",\"url\":\"https:\\\/\\\/www.lactissima.com\\\/a-tire-d-ailes\\\/\",\"name\":\"A tire d&#039;Ailes\",\"description\":\"Le blog des femmes qui allaitent et travaillent.\",\"potentialAction\":[{\"@type\":\"SearchAction\",\"target\":{\"@type\":\"EntryPoint\",\"urlTemplate\":\"https:\\\/\\\/www.lactissima.com\\\/a-tire-d-ailes\\\/?s={search_term_string}\"},\"query-input\":{\"@type\":\"PropertyValueSpecification\",\"valueRequired\":true,\"valueName\":\"search_term_string\"}}],\"inLanguage\":\"fr-FR\"},{\"@type\":\"Person\",\"@id\":\"https:\\\/\\\/www.lactissima.com\\\/a-tire-d-ailes\\\/#\\\/schema\\\/person\\\/8f98d3a89530861bc1240e6d53d44eed\",\"name\":\"V\u00e9ronique Darmangeat\",\"image\":{\"@type\":\"ImageObject\",\"inLanguage\":\"fr-FR\",\"@id\":\"https:\\\/\\\/secure.gravatar.com\\\/avatar\\\/268c99344c89cebfe4f5df5fa8be43068a18884fc76a29f3206fae98465b9cab?s=96&d=identicon&r=g\",\"url\":\"https:\\\/\\\/secure.gravatar.com\\\/avatar\\\/268c99344c89cebfe4f5df5fa8be43068a18884fc76a29f3206fae98465b9cab?s=96&d=identicon&r=g\",\"contentUrl\":\"https:\\\/\\\/secure.gravatar.com\\\/avatar\\\/268c99344c89cebfe4f5df5fa8be43068a18884fc76a29f3206fae98465b9cab?s=96&d=identicon&r=g\",\"caption\":\"V\u00e9ronique Darmangeat\"},\"sameAs\":[\"https:\\\/\\\/www.lactissima.com\\\/a-tire-d-ailes\",\"www.facebook.com\\\/consultante.en.lactation\"]}]}<\/script>\n<!-- \/ Yoast SEO plugin. -->","yoast_head_json":{"title":"Allaiter et travailler : le t\u00e9moignage de Perrine","description":"Perrine a poursuivi l'allaitement apr\u00e8s la reprise du travail pour chacun de ses trois enfants. Elle a appr\u00e9ci\u00e9 de ne pas avoir \u00e0 tirer son lait pendant tr\u00e8s longtemps et referais le m\u00eame choix, sans h\u00e9siter.","robots":{"index":"index","follow":"follow","max-snippet":"max-snippet:-1","max-image-preview":"max-image-preview:large","max-video-preview":"max-video-preview:-1"},"canonical":"https:\/\/www.lactissima.com\/a-tire-d-ailes\/allaiter-et-travailler-le-temoignage-de-perrine\/","og_locale":"fr_FR","og_type":"article","og_title":"Allaiter et travailler : le t\u00e9moignage de Perrine","og_description":"Perrine a poursuivi l'allaitement apr\u00e8s la reprise du travail pour chacun de ses trois enfants. Elle a appr\u00e9ci\u00e9 de ne pas avoir \u00e0 tirer son lait pendant tr\u00e8s longtemps et referais le m\u00eame choix, sans h\u00e9siter.","og_url":"https:\/\/www.lactissima.com\/a-tire-d-ailes\/allaiter-et-travailler-le-temoignage-de-perrine\/","og_site_name":"A tire d&#039;Ailes","article_publisher":"https:\/\/www.facebook.com\/consultante.en.lactation","article_author":"www.facebook.com\/consultante.en.lactation","article_published_time":"2012-03-24T14:12:27+00:00","article_modified_time":"2014-03-15T14:45:07+00:00","og_image":[{"width":320,"height":213,"url":"https:\/\/www.lactissima.com\/a-tire-d-ailes\/wp-content\/uploads\/3loustics.jpg","type":"image\/jpeg"}],"author":"V\u00e9ronique Darmangeat","twitter_card":"summary_large_image","twitter_creator":"@VeroniqueIBCLC","twitter_site":"@VeroniqueIBCLC","twitter_misc":{"\u00c9crit par":"V\u00e9ronique Darmangeat","Dur\u00e9e de lecture estim\u00e9e":"3 minutes"},"schema":{"@context":"https:\/\/schema.org","@graph":[{"@type":"Article","@id":"https:\/\/www.lactissima.com\/a-tire-d-ailes\/allaiter-et-travailler-le-temoignage-de-perrine\/#article","isPartOf":{"@id":"https:\/\/www.lactissima.com\/a-tire-d-ailes\/allaiter-et-travailler-le-temoignage-de-perrine\/"},"author":{"name":"V\u00e9ronique Darmangeat","@id":"https:\/\/www.lactissima.com\/a-tire-d-ailes\/#\/schema\/person\/8f98d3a89530861bc1240e6d53d44eed"},"headline":"Allaiter et travailler : le t\u00e9moignage de Perrine","datePublished":"2012-03-24T14:12:27+00:00","dateModified":"2014-03-15T14:45:07+00:00","mainEntityOfPage":{"@id":"https:\/\/www.lactissima.com\/a-tire-d-ailes\/allaiter-et-travailler-le-temoignage-de-perrine\/"},"wordCount":555,"commentCount":9,"image":{"@id":"https:\/\/www.lactissima.com\/a-tire-d-ailes\/allaiter-et-travailler-le-temoignage-de-perrine\/#primaryimage"},"thumbnailUrl":"https:\/\/www.lactissima.com\/a-tire-d-ailes\/wp-content\/uploads\/3loustics.jpg","keywords":["allaiter","l'allaitement","tire-lait","tirer mon lait"],"articleSection":["Allaitement et Travail","t\u00e9moignages"],"inLanguage":"fr-FR","potentialAction":[{"@type":"CommentAction","name":"Comment","target":["https:\/\/www.lactissima.com\/a-tire-d-ailes\/allaiter-et-travailler-le-temoignage-de-perrine\/#respond"]}]},{"@type":"WebPage","@id":"https:\/\/www.lactissima.com\/a-tire-d-ailes\/allaiter-et-travailler-le-temoignage-de-perrine\/","url":"https:\/\/www.lactissima.com\/a-tire-d-ailes\/allaiter-et-travailler-le-temoignage-de-perrine\/","name":"Allaiter et travailler : le t\u00e9moignage de Perrine","isPartOf":{"@id":"https:\/\/www.lactissima.com\/a-tire-d-ailes\/#website"},"primaryImageOfPage":{"@id":"https:\/\/www.lactissima.com\/a-tire-d-ailes\/allaiter-et-travailler-le-temoignage-de-perrine\/#primaryimage"},"image":{"@id":"https:\/\/www.lactissima.com\/a-tire-d-ailes\/allaiter-et-travailler-le-temoignage-de-perrine\/#primaryimage"},"thumbnailUrl":"https:\/\/www.lactissima.com\/a-tire-d-ailes\/wp-content\/uploads\/3loustics.jpg","datePublished":"2012-03-24T14:12:27+00:00","dateModified":"2014-03-15T14:45:07+00:00","author":{"@id":"https:\/\/www.lactissima.com\/a-tire-d-ailes\/#\/schema\/person\/8f98d3a89530861bc1240e6d53d44eed"},"description":"Perrine a poursuivi l'allaitement apr\u00e8s la reprise du travail pour chacun de ses trois enfants. Elle a appr\u00e9ci\u00e9 de ne pas avoir \u00e0 tirer son lait pendant tr\u00e8s longtemps et referais le m\u00eame choix, sans h\u00e9siter.","breadcrumb":{"@id":"https:\/\/www.lactissima.com\/a-tire-d-ailes\/allaiter-et-travailler-le-temoignage-de-perrine\/#breadcrumb"},"inLanguage":"fr-FR","potentialAction":[{"@type":"ReadAction","target":["https:\/\/www.lactissima.com\/a-tire-d-ailes\/allaiter-et-travailler-le-temoignage-de-perrine\/"]}]},{"@type":"ImageObject","inLanguage":"fr-FR","@id":"https:\/\/www.lactissima.com\/a-tire-d-ailes\/allaiter-et-travailler-le-temoignage-de-perrine\/#primaryimage","url":"https:\/\/www.lactissima.com\/a-tire-d-ailes\/wp-content\/uploads\/3loustics.jpg","contentUrl":"https:\/\/www.lactissima.com\/a-tire-d-ailes\/wp-content\/uploads\/3loustics.jpg","width":"320","height":"213"},{"@type":"BreadcrumbList","@id":"https:\/\/www.lactissima.com\/a-tire-d-ailes\/allaiter-et-travailler-le-temoignage-de-perrine\/#breadcrumb","itemListElement":[{"@type":"ListItem","position":1,"name":"Accueil","item":"https:\/\/www.lactissima.com\/a-tire-d-ailes\/"},{"@type":"ListItem","position":2,"name":"Allaiter et travailler : le t\u00e9moignage de Perrine"}]},{"@type":"WebSite","@id":"https:\/\/www.lactissima.com\/a-tire-d-ailes\/#website","url":"https:\/\/www.lactissima.com\/a-tire-d-ailes\/","name":"A tire d&#039;Ailes","description":"Le blog des femmes qui allaitent et travaillent.","potentialAction":[{"@type":"SearchAction","target":{"@type":"EntryPoint","urlTemplate":"https:\/\/www.lactissima.com\/a-tire-d-ailes\/?s={search_term_string}"},"query-input":{"@type":"PropertyValueSpecification","valueRequired":true,"valueName":"search_term_string"}}],"inLanguage":"fr-FR"},{"@type":"Person","@id":"https:\/\/www.lactissima.com\/a-tire-d-ailes\/#\/schema\/person\/8f98d3a89530861bc1240e6d53d44eed","name":"V\u00e9ronique Darmangeat","image":{"@type":"ImageObject","inLanguage":"fr-FR","@id":"https:\/\/secure.gravatar.com\/avatar\/268c99344c89cebfe4f5df5fa8be43068a18884fc76a29f3206fae98465b9cab?s=96&d=identicon&r=g","url":"https:\/\/secure.gravatar.com\/avatar\/268c99344c89cebfe4f5df5fa8be43068a18884fc76a29f3206fae98465b9cab?s=96&d=identicon&r=g","contentUrl":"https:\/\/secure.gravatar.com\/avatar\/268c99344c89cebfe4f5df5fa8be43068a18884fc76a29f3206fae98465b9cab?s=96&d=identicon&r=g","caption":"V\u00e9ronique Darmangeat"},"sameAs":["https:\/\/www.lactissima.com\/a-tire-d-ailes","www.facebook.com\/consultante.en.lactation"]}]}},"_links":{"self":[{"href":"https:\/\/www.lactissima.com\/a-tire-d-ailes\/wp-json\/wp\/v2\/posts\/2986","targetHints":{"allow":["GET"]}}],"collection":[{"href":"https:\/\/www.lactissima.com\/a-tire-d-ailes\/wp-json\/wp\/v2\/posts"}],"about":[{"href":"https:\/\/www.lactissima.com\/a-tire-d-ailes\/wp-json\/wp\/v2\/types\/post"}],"author":[{"embeddable":true,"href":"https:\/\/www.lactissima.com\/a-tire-d-ailes\/wp-json\/wp\/v2\/users\/170"}],"replies":[{"embeddable":true,"href":"https:\/\/www.lactissima.com\/a-tire-d-ailes\/wp-json\/wp\/v2\/comments?post=2986"}],"version-history":[{"count":9,"href":"https:\/\/www.lactissima.com\/a-tire-d-ailes\/wp-json\/wp\/v2\/posts\/2986\/revisions"}],"predecessor-version":[{"id":5300,"href":"https:\/\/www.lactissima.com\/a-tire-d-ailes\/wp-json\/wp\/v2\/posts\/2986\/revisions\/5300"}],"wp:featuredmedia":[{"embeddable":true,"href":"https:\/\/www.lactissima.com\/a-tire-d-ailes\/wp-json\/wp\/v2\/media\/2987"}],"wp:attachment":[{"href":"https:\/\/www.lactissima.com\/a-tire-d-ailes\/wp-json\/wp\/v2\/media?parent=2986"}],"wp:term":[{"taxonomy":"category","embeddable":true,"href":"https:\/\/www.lactissima.com\/a-tire-d-ailes\/wp-json\/wp\/v2\/categories?post=2986"},{"taxonomy":"post_tag","embeddable":true,"href":"https:\/\/www.lactissima.com\/a-tire-d-ailes\/wp-json\/wp\/v2\/tags?post=2986"}],"curies":[{"name":"wp","href":"https:\/\/api.w.org\/{rel}","templated":true}]}}