{"id":2944,"date":"2012-03-03T17:50:12","date_gmt":"2012-03-03T15:50:12","guid":{"rendered":"https:\/\/www.lactissima.com\/a-tire-d-ailes\/?p=2944"},"modified":"2014-03-15T16:45:43","modified_gmt":"2014-03-15T14:45:43","slug":"allaiter-et-travailler-le-temoignage-de-july","status":"publish","type":"post","link":"https:\/\/www.lactissima.com\/a-tire-d-ailes\/allaiter-et-travailler-le-temoignage-de-july\/","title":{"rendered":"Allaiter et travailler : le t\u00e9moignage de July"},"content":{"rendered":"<p style=\"text-align: justify;\"><strong><img loading=\"lazy\" decoding=\"async\" class=\"alignright  wp-image-2948\" title=\"allaiter et travailler\" alt=\"\" src=\"https:\/\/www.lactissima.com\/a-tire-d-ailes\/wp-content\/uploads\/allaitement-July.jpg\" width=\"353\" height=\"302\" srcset=\"https:\/\/www.lactissima.com\/a-tire-d-ailes\/wp-content\/uploads\/allaitement-July.jpg 392w, https:\/\/www.lactissima.com\/a-tire-d-ailes\/wp-content\/uploads\/allaitement-July-300x257.jpg 300w\" sizes=\"(max-width: 353px) 100vw, 353px\" \/>Quel choix avez-vous fait au moment de la reprise du travail : sevrage ou poursuite de l&rsquo;allaitement ? Pourquoi ?<\/strong><\/p>\n<p style=\"text-align: justify;\">J&rsquo;allaite ma fille depuis six mois et j&rsquo;ai repris le travail \u00e0 ses quatre mois. Avant sa naissance, j&rsquo;avais d\u00e9cid\u00e9 d&rsquo;<span style=\"color: #000000;\"><a title=\"allaitement\" href=\"http:\/\/www.allaiteraparis.fr\" target=\"_blank\"><span style=\"color: #000000;\">allaiter<\/span><\/a><\/span> pour essayer, sans trop me prendre la t\u00eate, et au final, j&rsquo;ai ador\u00e9 ces moments, si bien qu&rsquo;\u00e0 l&rsquo;arriv\u00e9e de la reprise, il m&rsquo;\u00e9tait inenvisageable de ne pas continuer.<\/p>\n<p style=\"text-align: justify;\">J&rsquo;ai donc glan\u00e9 beaucoup d&rsquo;informations sur le net et aupr\u00e8s de <span style=\"color: #000000;\"><a title=\"consultante en lactation\" href=\"http:\/\/www.allaiteraparis.fr\/consultante-en-lactation\" target=\"_blank\"><span style=\"color: #000000;\">consultantes en lactation<\/span><\/a><\/span> (que je remercie !!), j&rsquo;ai lou\u00e9 un <span style=\"color: #000000;\"><a title=\"Le point sur les tire-lait\" href=\"https:\/\/www.lactissima.com\/a-tire-d-ailes\/?p=56\" target=\"_blank\"><span style=\"color: #000000;\">tire-lait \u00e9lectrique<\/span><\/a><\/span> double pompage et achet\u00e9 un tire-lait \u00e9lectrique manuel. J&rsquo;ai commenc\u00e9 \u00e0 me pr\u00e9parer un stock de lait plusieurs mois \u00e0 l&rsquo;avance en tirant une fois par jour et en constituant une r\u00e9serve de gla\u00e7ons de lait.<\/p>\n<p style=\"text-align: justify;\"><strong>Comment vous \u00eates-vous organis\u00e9e ?<\/strong><\/p>\n<p style=\"text-align: justify;\">Le jour de la reprise, j&rsquo;avais d\u00e9cid\u00e9 de tirer trois fois par jour : une fois pendant la t\u00e9t\u00e9e du matin, une fois entre midi et deux au bureau et une fois le soir avec la t\u00e9t\u00e9e retrouvailles. Ces diff\u00e9rents tirages me permettaient de fournir deux biberons de 150 ml de lait pour le lendemain. Je fonctionnais donc en flux tendu et avais un bon stock de lait en r\u00e9serve au cas o\u00f9.<\/p>\n<p style=\"text-align: justify;\">Au bureau, je n&rsquo;avais que les toilettes pour m&rsquo;accueillir, ce qui me d\u00e9rangeait au d\u00e9but donc j&rsquo;allais tirer mon lait tous les midis \u00e0 l&rsquo;espace nursery d&rsquo;un grand magasin. J&rsquo;aimais le cot\u00e9 intimitiste de cet espace d\u00e9di\u00e9 au b\u00e9b\u00e9 mais \u00e7a s&rsquo;est vite av\u00e9r\u00e9 compliqu\u00e9 et ing\u00e9rable. J&rsquo;ai fini par utiliser les toilettes de mon entreprise et je les utilise toujours entre midi et deux. Avec un tire-lait double pompage et une brassi\u00e8re <span style=\"color: #000000;\"><a title=\"Kit mains-libres pour tirer son lait en double pompage\" href=\"https:\/\/www.lactissima.com\/a-tire-d-ailes\/?p=2236\" target=\"_blank\"><span style=\"color: #000000;\">kit main libre<\/span><\/a><\/span>, c&rsquo;est tr\u00e8s simple et \u00e7a ne prend que vingt minutes. Avec le temps, j&rsquo;ai arr\u00eat\u00e9 de tirer mon lait le matin et je pioche dans mon stock de lait r\u00e9guli\u00e8rement pour compl\u00e9ter les biberons.<\/p>\n<p style=\"text-align: justify;\"><strong>Quelles ont \u00e9t\u00e9 vos principales difficult\u00e9s ?<\/strong><\/p>\n<p style=\"text-align: justify;\">Je n&rsquo;ai pas rencontr\u00e9 de vraies difficult\u00e9s car je m&rsquo;\u00e9tais tr\u00e8s bien renseign\u00e9e avant de me lancer et j&rsquo;avais investi dans le mat\u00e9riel n\u00e9cessaire, ce qui facilite beaucoup les choses. Le plus important est de bien s&rsquo;organiser \u00e0 l&rsquo;avance et de s&rsquo;y tenir chaque jour. Avec le temps, cela devient aussi naturel que de faire une pause caf\u00e9 ! La seule chose qui me manque par moment est de ne pas pouvoir profiter de ma pause d\u00e9jeuner pour d\u00e9jeuner \u00e0 l&rsquo;ext\u00e9rieur ou faire une grosse course car je dois tirer mon lait.<\/p>\n<p style=\"text-align: justify;\"><strong>Quels ont \u00e9t\u00e9 vos meilleurs moments ?<\/strong><\/p>\n<p style=\"text-align: justify;\">Le meilleur moment pour moi est la satisfaction de remplir les biberons de mon b\u00e9b\u00e9 chaque soir avec mon lait, de voir qu&rsquo;elle prend bien mon lait au biberon tous les jours et que l&rsquo;allaitement au lait maternel exclusif se poursuit malgr\u00e9 la reprise. La t\u00e9t\u00e9e du matin, la t\u00e9t\u00e9e retrouvailles et la t\u00e9t\u00e9e dodo sont des moments extr\u00eamement agr\u00e9ables, tr\u00e8s privil\u00e9gi\u00e9s que je ne suis pas pr\u00eate d&rsquo;arr\u00eater.<\/p>\n<p style=\"text-align: justify;\"><strong>Qu&rsquo;est-ce que vous souhaiteriez dire aux mamans qui doivent faire un choix dans les semaines \u00e0 venir ?<\/strong><\/p>\n<p style=\"text-align: justify;\">Aux mamans qui doivent faire un choix, je leur dirais de se renseigner \u00e0 fond sur cette possibilit\u00e9, d&rsquo;y penser et de se pr\u00e9parer \u00e0 l&rsquo;avance et d&rsquo;investir dans le bon mat\u00e9riel. Pr\u00e9parer un <span style=\"color: #000000;\"><a title=\"Faire du stock de lait.\" href=\"https:\/\/www.lactissima.com\/a-tire-d-ailes\/?p=1321\" target=\"_blank\"><span style=\"color: #000000;\">stock de lait<\/span><\/a><\/span> \u00e0 l&rsquo;avance est tr\u00e8s important car il permet d&rsquo;apprivoiser le tire-lait et toutes ses subtilit\u00e9s \u00e0 l&rsquo;avance et d&rsquo;\u00eatre sereine au moment de la reprise. Je leur dirais qu&rsquo;elles sont tout \u00e0 fait capables de poursuivre ce beau projet si elles le souhaitent et qu&rsquo;elles en tireront une tr\u00e8s grande satisfaction et fiert\u00e9. Il suffit d&rsquo;un peu d&rsquo;organisation et de pr\u00e9paration !<\/p>\n<p style=\"text-align: justify;\"><strong>Ce serait \u00e0 refaire, vous referiez le m\u00eame choix ? Que changeriez-vous ?<\/strong><\/p>\n<p style=\"text-align: justify;\">Si c&rsquo;\u00e9tait \u00e0 refaire, je referais exactement le m\u00eame choix car c&rsquo;est une d\u00e9cision qui m&rsquo;apporte beaucoup de plaisir et de bonheur au quotidien. Je suis tr\u00e8s contente de ne pas voir arr\u00eat\u00e9 l&rsquo;allaitement par contrainte (ce qui m&rsquo;aurait caus\u00e9 beaucoup de remords) mais de pouvoir le faire quand ce sera mon choix.<\/p>\n<p style=\"text-align: justify;\"><strong>Articles en rapport :<\/strong><\/p>\n<ul>\n<li style=\"text-align: justify;\">Voir l&rsquo;onglet <a href=\"https:\/\/www.lactissima.com\/a-tire-d-ailes\/?page_id=1179\" target=\"_blank\">t\u00e9moignages<\/a><\/li>\n<\/ul>\n<p>&nbsp;<\/p>\n","protected":false},"excerpt":{"rendered":"<p>July a choisi de faire un stock de lait avant la reprise du travail puis de tirer son lait au travail. Elle est satisfaite de son choix m\u00eame si elle doit utiliser les toilettes pour tirer son lait.<\/p>\n","protected":false},"author":170,"featured_media":2948,"comment_status":"open","ping_status":"open","sticky":false,"template":"","format":"standard","meta":{"_et_pb_use_builder":"","_et_pb_old_content":"","_et_gb_content_width":"","footnotes":""},"categories":[36,150],"tags":[112,195,366,216,351],"class_list":["post-2944","post","type-post","status-publish","format-standard","has-post-thumbnail","hentry","category-allaitement-et-travail","category-temoignages","tag-allaiter","tag-consultante-en-lactation","tag-kit-main-libre","tag-stock-de-lait","tag-tire-lait-electrique"],"yoast_head":"<!-- This site is optimized with the Yoast SEO plugin v27.4 - https:\/\/yoast.com\/product\/yoast-seo-wordpress\/ -->\n<title>Allaiter et travailler : le t\u00e9moignage de July<\/title>\n<meta name=\"description\" content=\"July a choisi de faire un stock de lait avant la reprise du travail puis de tirer son lait au travail. Elle est satisfaite de son choix m\u00eame si elle doit utiliser les toilettes pour tirer son lait.\" \/>\n<meta name=\"robots\" content=\"index, follow, max-snippet:-1, max-image-preview:large, max-video-preview:-1\" \/>\n<link rel=\"canonical\" href=\"https:\/\/www.lactissima.com\/a-tire-d-ailes\/allaiter-et-travailler-le-temoignage-de-july\/\" \/>\n<meta property=\"og:locale\" content=\"fr_FR\" \/>\n<meta property=\"og:type\" content=\"article\" \/>\n<meta property=\"og:title\" content=\"Allaiter et travailler : le t\u00e9moignage de July\" \/>\n<meta property=\"og:description\" content=\"July a choisi de faire un stock de lait avant la reprise du travail puis de tirer son lait au travail. Elle est satisfaite de son choix m\u00eame si elle doit utiliser les toilettes pour tirer son lait.\" \/>\n<meta property=\"og:url\" content=\"https:\/\/www.lactissima.com\/a-tire-d-ailes\/allaiter-et-travailler-le-temoignage-de-july\/\" \/>\n<meta property=\"og:site_name\" content=\"A tire d&#039;Ailes\" \/>\n<meta property=\"article:publisher\" content=\"https:\/\/www.facebook.com\/consultante.en.lactation\" \/>\n<meta property=\"article:author\" content=\"www.facebook.com\/consultante.en.lactation\" \/>\n<meta property=\"article:published_time\" content=\"2012-03-03T15:50:12+00:00\" \/>\n<meta property=\"article:modified_time\" content=\"2014-03-15T14:45:43+00:00\" \/>\n<meta property=\"og:image\" content=\"https:\/\/www.lactissima.com\/a-tire-d-ailes\/wp-content\/uploads\/allaitement-July.jpg\" \/>\n\t<meta property=\"og:image:width\" content=\"392\" \/>\n\t<meta property=\"og:image:height\" content=\"336\" \/>\n\t<meta property=\"og:image:type\" content=\"image\/jpeg\" \/>\n<meta name=\"author\" content=\"V\u00e9ronique Darmangeat\" \/>\n<meta name=\"twitter:card\" content=\"summary_large_image\" \/>\n<meta name=\"twitter:creator\" content=\"@VeroniqueIBCLC\" \/>\n<meta name=\"twitter:site\" content=\"@VeroniqueIBCLC\" \/>\n<meta name=\"twitter:label1\" content=\"\u00c9crit par\" \/>\n\t<meta name=\"twitter:data1\" content=\"V\u00e9ronique Darmangeat\" \/>\n\t<meta name=\"twitter:label2\" content=\"Dur\u00e9e de lecture estim\u00e9e\" \/>\n\t<meta name=\"twitter:data2\" content=\"4 minutes\" \/>\n<script type=\"application\/ld+json\" class=\"yoast-schema-graph\">{\"@context\":\"https:\\\/\\\/schema.org\",\"@graph\":[{\"@type\":\"Article\",\"@id\":\"https:\\\/\\\/www.lactissima.com\\\/a-tire-d-ailes\\\/allaiter-et-travailler-le-temoignage-de-july\\\/#article\",\"isPartOf\":{\"@id\":\"https:\\\/\\\/www.lactissima.com\\\/a-tire-d-ailes\\\/allaiter-et-travailler-le-temoignage-de-july\\\/\"},\"author\":{\"name\":\"V\u00e9ronique Darmangeat\",\"@id\":\"https:\\\/\\\/www.lactissima.com\\\/a-tire-d-ailes\\\/#\\\/schema\\\/person\\\/8f98d3a89530861bc1240e6d53d44eed\"},\"headline\":\"Allaiter et travailler : le t\u00e9moignage de July\",\"datePublished\":\"2012-03-03T15:50:12+00:00\",\"dateModified\":\"2014-03-15T14:45:43+00:00\",\"mainEntityOfPage\":{\"@id\":\"https:\\\/\\\/www.lactissima.com\\\/a-tire-d-ailes\\\/allaiter-et-travailler-le-temoignage-de-july\\\/\"},\"wordCount\":777,\"commentCount\":0,\"image\":{\"@id\":\"https:\\\/\\\/www.lactissima.com\\\/a-tire-d-ailes\\\/allaiter-et-travailler-le-temoignage-de-july\\\/#primaryimage\"},\"thumbnailUrl\":\"https:\\\/\\\/www.lactissima.com\\\/a-tire-d-ailes\\\/wp-content\\\/uploads\\\/allaitement-July.jpg\",\"keywords\":[\"allaiter\",\"consultante en lactation\",\"kit main libre\",\"stock de lait\",\"tire-lait \u00e9lectrique\"],\"articleSection\":[\"Allaitement et Travail\",\"t\u00e9moignages\"],\"inLanguage\":\"fr-FR\",\"potentialAction\":[{\"@type\":\"CommentAction\",\"name\":\"Comment\",\"target\":[\"https:\\\/\\\/www.lactissima.com\\\/a-tire-d-ailes\\\/allaiter-et-travailler-le-temoignage-de-july\\\/#respond\"]}]},{\"@type\":\"WebPage\",\"@id\":\"https:\\\/\\\/www.lactissima.com\\\/a-tire-d-ailes\\\/allaiter-et-travailler-le-temoignage-de-july\\\/\",\"url\":\"https:\\\/\\\/www.lactissima.com\\\/a-tire-d-ailes\\\/allaiter-et-travailler-le-temoignage-de-july\\\/\",\"name\":\"Allaiter et travailler : le t\u00e9moignage de July\",\"isPartOf\":{\"@id\":\"https:\\\/\\\/www.lactissima.com\\\/a-tire-d-ailes\\\/#website\"},\"primaryImageOfPage\":{\"@id\":\"https:\\\/\\\/www.lactissima.com\\\/a-tire-d-ailes\\\/allaiter-et-travailler-le-temoignage-de-july\\\/#primaryimage\"},\"image\":{\"@id\":\"https:\\\/\\\/www.lactissima.com\\\/a-tire-d-ailes\\\/allaiter-et-travailler-le-temoignage-de-july\\\/#primaryimage\"},\"thumbnailUrl\":\"https:\\\/\\\/www.lactissima.com\\\/a-tire-d-ailes\\\/wp-content\\\/uploads\\\/allaitement-July.jpg\",\"datePublished\":\"2012-03-03T15:50:12+00:00\",\"dateModified\":\"2014-03-15T14:45:43+00:00\",\"author\":{\"@id\":\"https:\\\/\\\/www.lactissima.com\\\/a-tire-d-ailes\\\/#\\\/schema\\\/person\\\/8f98d3a89530861bc1240e6d53d44eed\"},\"description\":\"July a choisi de faire un stock de lait avant la reprise du travail puis de tirer son lait au travail. Elle est satisfaite de son choix m\u00eame si elle doit utiliser les toilettes pour tirer son lait.\",\"breadcrumb\":{\"@id\":\"https:\\\/\\\/www.lactissima.com\\\/a-tire-d-ailes\\\/allaiter-et-travailler-le-temoignage-de-july\\\/#breadcrumb\"},\"inLanguage\":\"fr-FR\",\"potentialAction\":[{\"@type\":\"ReadAction\",\"target\":[\"https:\\\/\\\/www.lactissima.com\\\/a-tire-d-ailes\\\/allaiter-et-travailler-le-temoignage-de-july\\\/\"]}]},{\"@type\":\"ImageObject\",\"inLanguage\":\"fr-FR\",\"@id\":\"https:\\\/\\\/www.lactissima.com\\\/a-tire-d-ailes\\\/allaiter-et-travailler-le-temoignage-de-july\\\/#primaryimage\",\"url\":\"https:\\\/\\\/www.lactissima.com\\\/a-tire-d-ailes\\\/wp-content\\\/uploads\\\/allaitement-July.jpg\",\"contentUrl\":\"https:\\\/\\\/www.lactissima.com\\\/a-tire-d-ailes\\\/wp-content\\\/uploads\\\/allaitement-July.jpg\",\"width\":\"392\",\"height\":\"336\"},{\"@type\":\"BreadcrumbList\",\"@id\":\"https:\\\/\\\/www.lactissima.com\\\/a-tire-d-ailes\\\/allaiter-et-travailler-le-temoignage-de-july\\\/#breadcrumb\",\"itemListElement\":[{\"@type\":\"ListItem\",\"position\":1,\"name\":\"Accueil\",\"item\":\"https:\\\/\\\/www.lactissima.com\\\/a-tire-d-ailes\\\/\"},{\"@type\":\"ListItem\",\"position\":2,\"name\":\"Allaiter et travailler : le t\u00e9moignage de July\"}]},{\"@type\":\"WebSite\",\"@id\":\"https:\\\/\\\/www.lactissima.com\\\/a-tire-d-ailes\\\/#website\",\"url\":\"https:\\\/\\\/www.lactissima.com\\\/a-tire-d-ailes\\\/\",\"name\":\"A tire d&#039;Ailes\",\"description\":\"Le blog des femmes qui allaitent et travaillent.\",\"potentialAction\":[{\"@type\":\"SearchAction\",\"target\":{\"@type\":\"EntryPoint\",\"urlTemplate\":\"https:\\\/\\\/www.lactissima.com\\\/a-tire-d-ailes\\\/?s={search_term_string}\"},\"query-input\":{\"@type\":\"PropertyValueSpecification\",\"valueRequired\":true,\"valueName\":\"search_term_string\"}}],\"inLanguage\":\"fr-FR\"},{\"@type\":\"Person\",\"@id\":\"https:\\\/\\\/www.lactissima.com\\\/a-tire-d-ailes\\\/#\\\/schema\\\/person\\\/8f98d3a89530861bc1240e6d53d44eed\",\"name\":\"V\u00e9ronique Darmangeat\",\"image\":{\"@type\":\"ImageObject\",\"inLanguage\":\"fr-FR\",\"@id\":\"https:\\\/\\\/secure.gravatar.com\\\/avatar\\\/268c99344c89cebfe4f5df5fa8be43068a18884fc76a29f3206fae98465b9cab?s=96&d=identicon&r=g\",\"url\":\"https:\\\/\\\/secure.gravatar.com\\\/avatar\\\/268c99344c89cebfe4f5df5fa8be43068a18884fc76a29f3206fae98465b9cab?s=96&d=identicon&r=g\",\"contentUrl\":\"https:\\\/\\\/secure.gravatar.com\\\/avatar\\\/268c99344c89cebfe4f5df5fa8be43068a18884fc76a29f3206fae98465b9cab?s=96&d=identicon&r=g\",\"caption\":\"V\u00e9ronique Darmangeat\"},\"sameAs\":[\"https:\\\/\\\/www.lactissima.com\\\/a-tire-d-ailes\",\"www.facebook.com\\\/consultante.en.lactation\"]}]}<\/script>\n<!-- \/ Yoast SEO plugin. -->","yoast_head_json":{"title":"Allaiter et travailler : le t\u00e9moignage de July","description":"July a choisi de faire un stock de lait avant la reprise du travail puis de tirer son lait au travail. Elle est satisfaite de son choix m\u00eame si elle doit utiliser les toilettes pour tirer son lait.","robots":{"index":"index","follow":"follow","max-snippet":"max-snippet:-1","max-image-preview":"max-image-preview:large","max-video-preview":"max-video-preview:-1"},"canonical":"https:\/\/www.lactissima.com\/a-tire-d-ailes\/allaiter-et-travailler-le-temoignage-de-july\/","og_locale":"fr_FR","og_type":"article","og_title":"Allaiter et travailler : le t\u00e9moignage de July","og_description":"July a choisi de faire un stock de lait avant la reprise du travail puis de tirer son lait au travail. Elle est satisfaite de son choix m\u00eame si elle doit utiliser les toilettes pour tirer son lait.","og_url":"https:\/\/www.lactissima.com\/a-tire-d-ailes\/allaiter-et-travailler-le-temoignage-de-july\/","og_site_name":"A tire d&#039;Ailes","article_publisher":"https:\/\/www.facebook.com\/consultante.en.lactation","article_author":"www.facebook.com\/consultante.en.lactation","article_published_time":"2012-03-03T15:50:12+00:00","article_modified_time":"2014-03-15T14:45:43+00:00","og_image":[{"width":392,"height":336,"url":"https:\/\/www.lactissima.com\/a-tire-d-ailes\/wp-content\/uploads\/allaitement-July.jpg","type":"image\/jpeg"}],"author":"V\u00e9ronique Darmangeat","twitter_card":"summary_large_image","twitter_creator":"@VeroniqueIBCLC","twitter_site":"@VeroniqueIBCLC","twitter_misc":{"\u00c9crit par":"V\u00e9ronique Darmangeat","Dur\u00e9e de lecture estim\u00e9e":"4 minutes"},"schema":{"@context":"https:\/\/schema.org","@graph":[{"@type":"Article","@id":"https:\/\/www.lactissima.com\/a-tire-d-ailes\/allaiter-et-travailler-le-temoignage-de-july\/#article","isPartOf":{"@id":"https:\/\/www.lactissima.com\/a-tire-d-ailes\/allaiter-et-travailler-le-temoignage-de-july\/"},"author":{"name":"V\u00e9ronique Darmangeat","@id":"https:\/\/www.lactissima.com\/a-tire-d-ailes\/#\/schema\/person\/8f98d3a89530861bc1240e6d53d44eed"},"headline":"Allaiter et travailler : le t\u00e9moignage de July","datePublished":"2012-03-03T15:50:12+00:00","dateModified":"2014-03-15T14:45:43+00:00","mainEntityOfPage":{"@id":"https:\/\/www.lactissima.com\/a-tire-d-ailes\/allaiter-et-travailler-le-temoignage-de-july\/"},"wordCount":777,"commentCount":0,"image":{"@id":"https:\/\/www.lactissima.com\/a-tire-d-ailes\/allaiter-et-travailler-le-temoignage-de-july\/#primaryimage"},"thumbnailUrl":"https:\/\/www.lactissima.com\/a-tire-d-ailes\/wp-content\/uploads\/allaitement-July.jpg","keywords":["allaiter","consultante en lactation","kit main libre","stock de lait","tire-lait \u00e9lectrique"],"articleSection":["Allaitement et Travail","t\u00e9moignages"],"inLanguage":"fr-FR","potentialAction":[{"@type":"CommentAction","name":"Comment","target":["https:\/\/www.lactissima.com\/a-tire-d-ailes\/allaiter-et-travailler-le-temoignage-de-july\/#respond"]}]},{"@type":"WebPage","@id":"https:\/\/www.lactissima.com\/a-tire-d-ailes\/allaiter-et-travailler-le-temoignage-de-july\/","url":"https:\/\/www.lactissima.com\/a-tire-d-ailes\/allaiter-et-travailler-le-temoignage-de-july\/","name":"Allaiter et travailler : le t\u00e9moignage de July","isPartOf":{"@id":"https:\/\/www.lactissima.com\/a-tire-d-ailes\/#website"},"primaryImageOfPage":{"@id":"https:\/\/www.lactissima.com\/a-tire-d-ailes\/allaiter-et-travailler-le-temoignage-de-july\/#primaryimage"},"image":{"@id":"https:\/\/www.lactissima.com\/a-tire-d-ailes\/allaiter-et-travailler-le-temoignage-de-july\/#primaryimage"},"thumbnailUrl":"https:\/\/www.lactissima.com\/a-tire-d-ailes\/wp-content\/uploads\/allaitement-July.jpg","datePublished":"2012-03-03T15:50:12+00:00","dateModified":"2014-03-15T14:45:43+00:00","author":{"@id":"https:\/\/www.lactissima.com\/a-tire-d-ailes\/#\/schema\/person\/8f98d3a89530861bc1240e6d53d44eed"},"description":"July a choisi de faire un stock de lait avant la reprise du travail puis de tirer son lait au travail. Elle est satisfaite de son choix m\u00eame si elle doit utiliser les toilettes pour tirer son lait.","breadcrumb":{"@id":"https:\/\/www.lactissima.com\/a-tire-d-ailes\/allaiter-et-travailler-le-temoignage-de-july\/#breadcrumb"},"inLanguage":"fr-FR","potentialAction":[{"@type":"ReadAction","target":["https:\/\/www.lactissima.com\/a-tire-d-ailes\/allaiter-et-travailler-le-temoignage-de-july\/"]}]},{"@type":"ImageObject","inLanguage":"fr-FR","@id":"https:\/\/www.lactissima.com\/a-tire-d-ailes\/allaiter-et-travailler-le-temoignage-de-july\/#primaryimage","url":"https:\/\/www.lactissima.com\/a-tire-d-ailes\/wp-content\/uploads\/allaitement-July.jpg","contentUrl":"https:\/\/www.lactissima.com\/a-tire-d-ailes\/wp-content\/uploads\/allaitement-July.jpg","width":"392","height":"336"},{"@type":"BreadcrumbList","@id":"https:\/\/www.lactissima.com\/a-tire-d-ailes\/allaiter-et-travailler-le-temoignage-de-july\/#breadcrumb","itemListElement":[{"@type":"ListItem","position":1,"name":"Accueil","item":"https:\/\/www.lactissima.com\/a-tire-d-ailes\/"},{"@type":"ListItem","position":2,"name":"Allaiter et travailler : le t\u00e9moignage de July"}]},{"@type":"WebSite","@id":"https:\/\/www.lactissima.com\/a-tire-d-ailes\/#website","url":"https:\/\/www.lactissima.com\/a-tire-d-ailes\/","name":"A tire d&#039;Ailes","description":"Le blog des femmes qui allaitent et travaillent.","potentialAction":[{"@type":"SearchAction","target":{"@type":"EntryPoint","urlTemplate":"https:\/\/www.lactissima.com\/a-tire-d-ailes\/?s={search_term_string}"},"query-input":{"@type":"PropertyValueSpecification","valueRequired":true,"valueName":"search_term_string"}}],"inLanguage":"fr-FR"},{"@type":"Person","@id":"https:\/\/www.lactissima.com\/a-tire-d-ailes\/#\/schema\/person\/8f98d3a89530861bc1240e6d53d44eed","name":"V\u00e9ronique Darmangeat","image":{"@type":"ImageObject","inLanguage":"fr-FR","@id":"https:\/\/secure.gravatar.com\/avatar\/268c99344c89cebfe4f5df5fa8be43068a18884fc76a29f3206fae98465b9cab?s=96&d=identicon&r=g","url":"https:\/\/secure.gravatar.com\/avatar\/268c99344c89cebfe4f5df5fa8be43068a18884fc76a29f3206fae98465b9cab?s=96&d=identicon&r=g","contentUrl":"https:\/\/secure.gravatar.com\/avatar\/268c99344c89cebfe4f5df5fa8be43068a18884fc76a29f3206fae98465b9cab?s=96&d=identicon&r=g","caption":"V\u00e9ronique Darmangeat"},"sameAs":["https:\/\/www.lactissima.com\/a-tire-d-ailes","www.facebook.com\/consultante.en.lactation"]}]}},"_links":{"self":[{"href":"https:\/\/www.lactissima.com\/a-tire-d-ailes\/wp-json\/wp\/v2\/posts\/2944","targetHints":{"allow":["GET"]}}],"collection":[{"href":"https:\/\/www.lactissima.com\/a-tire-d-ailes\/wp-json\/wp\/v2\/posts"}],"about":[{"href":"https:\/\/www.lactissima.com\/a-tire-d-ailes\/wp-json\/wp\/v2\/types\/post"}],"author":[{"embeddable":true,"href":"https:\/\/www.lactissima.com\/a-tire-d-ailes\/wp-json\/wp\/v2\/users\/170"}],"replies":[{"embeddable":true,"href":"https:\/\/www.lactissima.com\/a-tire-d-ailes\/wp-json\/wp\/v2\/comments?post=2944"}],"version-history":[{"count":10,"href":"https:\/\/www.lactissima.com\/a-tire-d-ailes\/wp-json\/wp\/v2\/posts\/2944\/revisions"}],"predecessor-version":[{"id":5306,"href":"https:\/\/www.lactissima.com\/a-tire-d-ailes\/wp-json\/wp\/v2\/posts\/2944\/revisions\/5306"}],"wp:featuredmedia":[{"embeddable":true,"href":"https:\/\/www.lactissima.com\/a-tire-d-ailes\/wp-json\/wp\/v2\/media\/2948"}],"wp:attachment":[{"href":"https:\/\/www.lactissima.com\/a-tire-d-ailes\/wp-json\/wp\/v2\/media?parent=2944"}],"wp:term":[{"taxonomy":"category","embeddable":true,"href":"https:\/\/www.lactissima.com\/a-tire-d-ailes\/wp-json\/wp\/v2\/categories?post=2944"},{"taxonomy":"post_tag","embeddable":true,"href":"https:\/\/www.lactissima.com\/a-tire-d-ailes\/wp-json\/wp\/v2\/tags?post=2944"}],"curies":[{"name":"wp","href":"https:\/\/api.w.org\/{rel}","templated":true}]}}