{"id":2929,"date":"2012-02-24T20:33:28","date_gmt":"2012-02-24T18:33:28","guid":{"rendered":"https:\/\/www.lactissima.com\/a-tire-d-ailes\/?p=2929"},"modified":"2014-03-15T16:45:59","modified_gmt":"2014-03-15T14:45:59","slug":"allaiter-et-travailler-le-temoignage-de-geraldine","status":"publish","type":"post","link":"https:\/\/www.lactissima.com\/a-tire-d-ailes\/allaiter-et-travailler-le-temoignage-de-geraldine\/","title":{"rendered":"Allaiter et travailler : le t\u00e9moignage de G\u00e9raldine"},"content":{"rendered":"<p style=\"text-align: justify;\"><a href=\"https:\/\/www.lactissima.com\/a-tire-d-ailes\/wp-content\/uploads\/allaitement-G\u00e9raldine.jpg\"><img loading=\"lazy\" decoding=\"async\" class=\"alignright size-full wp-image-3521\" title=\"allaitement G\u00e9raldine\" alt=\"\" src=\"https:\/\/www.lactissima.com\/a-tire-d-ailes\/wp-content\/uploads\/allaitement-G\u00e9raldine.jpg\" width=\"448\" height=\"298\" srcset=\"https:\/\/www.lactissima.com\/a-tire-d-ailes\/wp-content\/uploads\/allaitement-G\u00e9raldine.jpg 448w, https:\/\/www.lactissima.com\/a-tire-d-ailes\/wp-content\/uploads\/allaitement-G\u00e9raldine-300x199.jpg 300w\" sizes=\"(max-width: 448px) 100vw, 448px\" \/><\/a>Un peu plus de six mois de <strong>bonheur<\/strong>, d&rsquo;<span style=\"color: #000000;\"><a title=\"allaitement\" href=\"https:\/\/www.lactissima.com\/a-tire-d-ailes\/?page_id=2443\" target=\"_blank\"><span style=\"color: #000000;\">allaitement<\/span><\/a><\/span> et de maternage en tout genre&#8230;<\/p>\n<p style=\"text-align: justify;\">Au fond de moi j&rsquo;ai toujours su que je <strong>souhaitais allaiter<\/strong> mes enfants et ce le plus longtemps possible pour plusieurs raisons (bienfaits, c\u00f4t\u00e9 naturel, une intol\u00e9rance au lait de vache de mon c\u00f4t\u00e9, praticit\u00e9&#8230;. ). Avant m\u00eame d&rsquo;avoir accouch\u00e9 je m&rsquo;\u00e9tais fix\u00e9 comme objectif de l&rsquo;allaiter jusqu&rsquo;\u00e0 ses <strong>six mois<\/strong> au moins. J&rsquo;avais donc trouv\u00e9 une <span style=\"color: #000000;\"><strong><a title=\"assistante maternelle\" href=\"https:\/\/www.lactissima.com\/a-tire-d-ailes\/?p=1292\" target=\"_blank\"><span style=\"color: #000000;\">assistante maternelle<\/span><\/a><\/strong><\/span> qui accepte de donner des biberons de mon lait.<\/p>\n<p style=\"text-align: justify;\">J&rsquo;ai eu la chance de reprendre le <strong>travail<\/strong> alors qu&rsquo;il avait 4 mois 1\/2. L&rsquo;allaitement \u00e9tait bien en place mais j&rsquo;\u00e9tais vraiment <strong>angoiss\u00e9e<\/strong> \u00e0 l&rsquo;id\u00e9e de le laisser chez la nounou, et surtout du fait que monsieur ne <strong>voulait absolument pas prendre le biberon<\/strong>. J&rsquo;avais commenc\u00e9 \u00e0 faire des <span style=\"color: #000000;\"><strong><a title=\"stock de lait.\" href=\"https:\/\/www.lactissima.com\/a-tire-d-ailes\/?p=1321\" target=\"_blank\"><span style=\"color: #000000;\">r\u00e9serves<\/span><\/a><\/strong><\/span> au cong\u00e9lateur quand j&rsquo;en avais le temps environ deux mois avant la reprise (j&rsquo;avoue que j&rsquo;\u00e9tais un peu stress\u00e9e et que je n&rsquo;\u00e9tais pas encore tomb\u00e9e sur ce blog) et \u00e0 essayer mille et une <strong>t\u00e9tines<\/strong> et fourberies pour qu&rsquo;il prenne le biberon mais toujours sans succ\u00e8s. J&rsquo;ai essay\u00e9 de me <strong>d\u00e9tendre<\/strong>, de lui parler mais rien n&rsquo;y faisait. La semaine avant la reprise nous avons fait la p\u00e9riode <strong>d&rsquo;adaptation<\/strong> chez la nounou mais mon petit bonhomme ne voulait <strong>rien manger<\/strong>. C&rsquo;est donc angoiss\u00e9e que j&rsquo;ai repris le travail avec mon <strong>tire-lait<\/strong> dans mon sac&#8230;<\/p>\n<p style=\"text-align: justify;\">C\u00f4t\u00e9 organisation j&rsquo;avais pr\u00e9vu un mois \u00e0 l&rsquo;avance de louer un <strong><span style=\"color: #000000;\"><a title=\"tire-lait\" href=\"https:\/\/www.lactissima.com\/a-tire-d-ailes\/?p=56\" target=\"_blank\"><span style=\"color: #000000;\">tire-lait \u00e9lectrique<\/span><\/a><\/span> double pompage<\/strong> (prescrit par ma p\u00e9diatre et rembours\u00e9 100% par la s\u00e9cu+mutuelle). Je m&rsquo;\u00e9tais entrain\u00e9e (\u00e7a aide et puis bien penser \u00e0 v\u00e9rifier la taille des t\u00e9terelles hein !), j&rsquo;avais presque 1.5 L au congel, il ne me restait plus qu&rsquo;\u00e0 trouver un <strong>local<\/strong> au boulot. De ce c\u00f4t\u00e9 l\u00e0 je n&rsquo;ai pas eu de souci car les locaux sont bien faits et il y a toujours une petite <strong>salle de r\u00e9union<\/strong> dispo. J&rsquo;ai juste pr\u00e9venu mon responsable que je prendrais mes <strong>pauses<\/strong> tire-lait deux fois dans la journ\u00e9e. Je suis <strong>ing\u00e9nieur<\/strong> donc autant vous dire que d&rsquo;une part il n&rsquo;y a pas beaucoup de femmes et que d&rsquo;autre part je suis la <strong>seule<\/strong> pour le moment \u00e0 m&rsquo;\u00eatre lanc\u00e9e dans l&rsquo;aventure. J&rsquo;essaie de le faire \u00e0 heures r\u00e9guli\u00e8res mais en fonction de ma charge de travail cela <strong>varie<\/strong>. Tout \u00e7a pour dire que m\u00eame avec un poste \u00e0 <strong>responsabilit\u00e9<\/strong> c&rsquo;est <strong>possible<\/strong>. Je stocke mon lait et mon mat\u00e9riel dans le frigo et mes <strong>coll\u00e8gues<\/strong> sont habitu\u00e9s \u00e0 voir mes biberons c\u00f4toyer leur tup&rsquo; pour le d\u00e9jeuner ! J&rsquo;avoue que cela est d&rsquo;une grande aide d&rsquo;avoir ce souci l\u00e0 en moins.<\/p>\n<p style=\"text-align: justify;\">Il faut quand m\u00eame \u00eatre bien <strong>organis\u00e9e<\/strong> et avoir un petit roulement de r\u00e9cipients. Mon <strong>compagnon<\/strong> m&rsquo;est d&rsquo;une grande aide car il soutient et participe \u00e0 ce projet \u00e0 100% du coup la r\u00e9partition des t\u00e2ches est plus facile et heureusement car les premi\u00e8res semaines ont \u00e9t\u00e9 tr\u00e8s tr\u00e8s <strong>sportives<\/strong> !<\/p>\n<p style=\"text-align: justify;\">Du c\u00f4t\u00e9 de mon petit bonhomme \u00e7a n&rsquo;a pas \u00e9t\u00e9 si simple car il a cat\u00e9goriquement <span style=\"color: #000000;\"><strong><a title=\"refus du biberon\" href=\"https:\/\/www.lactissima.com\/a-tire-d-ailes\/?p=234\" target=\"_blank\"><span style=\"color: #000000;\">refus\u00e9 le biberon<\/span><\/a><\/strong><\/span>&#8230; Ma nounou a r\u00e9ussi \u00e0 feinter et lui a donn\u00e9 mon lait \u00e0 la <strong>pipette<\/strong> !!! Ouf, il mangeait mais le coquinou mangeait juste assez pour tenir. Du coup le soir d\u00e8s que nous nous retrouvions, avec grand bonheur, <strong>je l&rsquo;avais au sein jusqu&rsquo;\u00e0 ce qu&rsquo;il se couche<\/strong> et puis deux ou trois fois dans la nuit&#8230; Dur <strong>dur<\/strong> avec la reprise ! D&rsquo;autant que le changement de rythme pour moi \u00e9tait palpable (et oui fini la sieste du d\u00e9but d&rsquo;aprem). Je me suis retrouv\u00e9e tr\u00e8s <strong>fatigu\u00e9e<\/strong> et j&rsquo;ai bien s\u00fbr eu droit aux <strong>commentaires<\/strong> suivants \u00ab\u00a0tu n&rsquo;as plus assez de lait\u00a0\u00bb, \u00ab\u00a0l&rsquo;allaitement fatigue\u00a0\u00bb&#8230; Dans ces cas l\u00e0 il faut tenir bon et faire fi des commentaires perfides des gens qui pensent nous aider et il faut passer du temps sur ce blog qui est une vraie mine d&rsquo;or et qui donne du <strong>courage<\/strong>. Comme j&rsquo;\u00e9tais <strong>malade<\/strong> avec un peu de fi\u00e8vre j&rsquo;ai fait une petite cure de <span style=\"color: #000000;\"><a title=\"f\u00e9nugrec\" href=\"https:\/\/www.lactissima.com\/a-tire-d-ailes\/?p=2109\" target=\"_blank\"><span style=\"color: #000000;\"><strong>f\u00e9nugrec<\/strong> <\/span><\/a><\/span>(avec du recul plus pour me <strong>rassurer<\/strong> que par manque de lait) et je l&rsquo;ai beaucoup port\u00e9.<\/p>\n<p style=\"text-align: justify;\">Nous avons donc continu\u00e9 l&rsquo;allaitement puis vers cinq mois nous avons d\u00e9cid\u00e9 de commencer la <strong>diversification<\/strong> car il \u00e9tait pr\u00eat et voulait manger \u00e0 la cuill\u00e8re (il est gard\u00e9 avec des plus grandes et ses petites dents \u00e9taient sorties). A partir de ce moment l\u00e0 les choses ont commenc\u00e9 \u00e0 rentrer dans l&rsquo;ordre et le rythme \u00e0 <strong>s&rsquo;installer<\/strong>.<\/p>\n<p style=\"text-align: justify;\">J&rsquo;ai pass\u00e9 le cap des six mois il y a quelques semaines et nous sommes vraiment <strong>heureux<\/strong> de ces moments partag\u00e9s. Nous attendons la t\u00e9t\u00e9e de <strong>retrouvailles<\/strong> avec impatience et le trajet de cinq minutes entre la nounou et la maison est souvent dur \u00e0 tenir&#8230;<\/p>\n<p style=\"text-align: justify;\">Aujourd&rsquo;hui je n&rsquo;ai plus de date en t\u00eate pour un \u00e9ventuel <strong>sevrage<\/strong>. L&rsquo;allaitement nous convient \u00e0 <strong>tous les trois<\/strong> alors pourquoi arr\u00eater quelque chose de naturel et de bon pour nous ? Nous sommes une famille de <strong>baroudeurs<\/strong> sportifs alors il y a en plus l&rsquo;aspect <strong>pratique<\/strong>. Je ne me sens pas du tout contrainte par celui-ci, au contraire c&rsquo;est pour moi une grande <strong>libert\u00e9<\/strong> et aussi une grande <strong>satisfaction<\/strong>. Au travail quand je tire mon lait (trouver la motivation n&rsquo;est pas toujours \u00e9vident) j&rsquo;ai l&rsquo;impression de passer du temps <strong>pour lui<\/strong> \u00e0 m&rsquo;occuper de lui et cela fait mieux passer le fait de ne pas passer ce temps l\u00e0 avec lui. Quel <strong>bonheur<\/strong> en tout cas de voir sa t\u00eate lorsqu&rsquo;il est repu et qu&rsquo;il s&rsquo;endort !<\/p>\n<p style=\"text-align: justify;\">Je pense que si c&rsquo;\u00e9tait \u00e0 refaire ce serait <strong>sans h\u00e9siter<\/strong> mais je me prendrai moins la t\u00eate avant la reprise du boulot. Je nous ferai plus <strong>confiance<\/strong> en notre capacit\u00e9 d&rsquo;adaptation. A toutes les mamans qui h\u00e9sitent je leur conseillerai de <strong>tenter<\/strong> l&rsquo;aventure et de voir. Il y a un cap d&rsquo;un mois \u00e0 passer pour que tout se rode et pour trouver le bon rythme mais apr\u00e8s si l&rsquo;allaitement vous convient \u00e0 tous les deux je pense que <strong>\u00e7a vaut le coup<\/strong>. Il faut quand m\u00eame \u00eatre bien entour\u00e9e et que votre <strong>compagnon<\/strong> soit aussi motiv\u00e9 car personnellement sans lui \u00e7a aurait \u00e9t\u00e9 plus compliqu\u00e9&#8230;<\/p>\n<p style=\"text-align: justify;\"><strong>Articles en rapport :<\/strong><\/p>\n<ul>\n<li style=\"text-align: justify;\">Voir l&rsquo;onglet <a href=\"https:\/\/www.lactissima.com\/a-tire-d-ailes\/?page_id=1179\" target=\"_blank\">t\u00e9moignages<\/a><\/li>\n<\/ul>\n<p>&nbsp;<\/p>\n","protected":false},"excerpt":{"rendered":"<p>G\u00e9raldine est ing\u00e9nieur, elle a choisi de tirer son lait au travail. Son b\u00e9b\u00e9 a refus\u00e9 le biberon et cela l&rsquo;a stress\u00e9e au d\u00e9but. Aujourd&rsquo;hui, le sevrage n&rsquo;est pas \u00e0 l&rsquo;ordre du jour.<\/p>\n","protected":false},"author":170,"featured_media":3521,"comment_status":"open","ping_status":"open","sticky":false,"template":"","format":"standard","meta":{"_et_pb_use_builder":"","_et_pb_old_content":"","_et_gb_content_width":"","footnotes":""},"categories":[36,150],"tags":[680,87,274,365,347,351],"class_list":["post-2929","post","type-post","status-publish","format-standard","has-post-thumbnail","hentry","category-allaitement-et-travail","category-temoignages","tag-allaitement","tag-assistante-maternelle","tag-fenugrec","tag-refus-du-biberon","tag-reserves","tag-tire-lait-electrique"],"yoast_head":"<!-- This site is optimized with the Yoast SEO plugin v27.4 - https:\/\/yoast.com\/product\/yoast-seo-wordpress\/ -->\n<title>Allaiter et travailler : le t\u00e9moignage de G\u00e9raldine<\/title>\n<meta name=\"description\" content=\"G\u00e9raldine est ing\u00e9nieur, elle a choisi de tirer son lait au travail. Son b\u00e9b\u00e9 a refus\u00e9 le biberon et cela l&#039;a stress\u00e9e au d\u00e9but. Aujourd&#039;hui, le sevrage n&#039;est pas \u00e0 l&#039;ordre du jour.\" \/>\n<meta name=\"robots\" content=\"index, follow, max-snippet:-1, max-image-preview:large, max-video-preview:-1\" \/>\n<link rel=\"canonical\" href=\"https:\/\/www.lactissima.com\/a-tire-d-ailes\/allaiter-et-travailler-le-temoignage-de-geraldine\/\" \/>\n<meta property=\"og:locale\" content=\"fr_FR\" \/>\n<meta property=\"og:type\" content=\"article\" \/>\n<meta property=\"og:title\" content=\"Allaiter et travailler : le t\u00e9moignage de G\u00e9raldine\" \/>\n<meta property=\"og:description\" content=\"G\u00e9raldine est ing\u00e9nieur, elle a choisi de tirer son lait au travail. Son b\u00e9b\u00e9 a refus\u00e9 le biberon et cela l&#039;a stress\u00e9e au d\u00e9but. Aujourd&#039;hui, le sevrage n&#039;est pas \u00e0 l&#039;ordre du jour.\" \/>\n<meta property=\"og:url\" content=\"https:\/\/www.lactissima.com\/a-tire-d-ailes\/allaiter-et-travailler-le-temoignage-de-geraldine\/\" \/>\n<meta property=\"og:site_name\" content=\"A tire d&#039;Ailes\" \/>\n<meta property=\"article:publisher\" content=\"https:\/\/www.facebook.com\/consultante.en.lactation\" \/>\n<meta property=\"article:author\" content=\"www.facebook.com\/consultante.en.lactation\" \/>\n<meta property=\"article:published_time\" content=\"2012-02-24T18:33:28+00:00\" \/>\n<meta property=\"article:modified_time\" content=\"2014-03-15T14:45:59+00:00\" \/>\n<meta property=\"og:image\" content=\"https:\/\/www.lactissima.com\/a-tire-d-ailes\/wp-content\/uploads\/allaitement-G\u00e9raldine.jpg\" \/>\n\t<meta property=\"og:image:width\" content=\"448\" \/>\n\t<meta property=\"og:image:height\" content=\"298\" \/>\n\t<meta property=\"og:image:type\" content=\"image\/jpeg\" \/>\n<meta name=\"author\" content=\"V\u00e9ronique Darmangeat\" \/>\n<meta name=\"twitter:card\" content=\"summary_large_image\" \/>\n<meta name=\"twitter:creator\" content=\"@VeroniqueIBCLC\" \/>\n<meta name=\"twitter:site\" content=\"@VeroniqueIBCLC\" \/>\n<meta name=\"twitter:label1\" content=\"\u00c9crit par\" \/>\n\t<meta name=\"twitter:data1\" content=\"V\u00e9ronique Darmangeat\" \/>\n\t<meta name=\"twitter:label2\" content=\"Dur\u00e9e de lecture estim\u00e9e\" \/>\n\t<meta name=\"twitter:data2\" content=\"5 minutes\" \/>\n<script type=\"application\/ld+json\" class=\"yoast-schema-graph\">{\"@context\":\"https:\\\/\\\/schema.org\",\"@graph\":[{\"@type\":\"Article\",\"@id\":\"https:\\\/\\\/www.lactissima.com\\\/a-tire-d-ailes\\\/allaiter-et-travailler-le-temoignage-de-geraldine\\\/#article\",\"isPartOf\":{\"@id\":\"https:\\\/\\\/www.lactissima.com\\\/a-tire-d-ailes\\\/allaiter-et-travailler-le-temoignage-de-geraldine\\\/\"},\"author\":{\"name\":\"V\u00e9ronique Darmangeat\",\"@id\":\"https:\\\/\\\/www.lactissima.com\\\/a-tire-d-ailes\\\/#\\\/schema\\\/person\\\/8f98d3a89530861bc1240e6d53d44eed\"},\"headline\":\"Allaiter et travailler : le t\u00e9moignage de G\u00e9raldine\",\"datePublished\":\"2012-02-24T18:33:28+00:00\",\"dateModified\":\"2014-03-15T14:45:59+00:00\",\"mainEntityOfPage\":{\"@id\":\"https:\\\/\\\/www.lactissima.com\\\/a-tire-d-ailes\\\/allaiter-et-travailler-le-temoignage-de-geraldine\\\/\"},\"wordCount\":1144,\"commentCount\":7,\"image\":{\"@id\":\"https:\\\/\\\/www.lactissima.com\\\/a-tire-d-ailes\\\/allaiter-et-travailler-le-temoignage-de-geraldine\\\/#primaryimage\"},\"thumbnailUrl\":\"https:\\\/\\\/www.lactissima.com\\\/a-tire-d-ailes\\\/wp-content\\\/uploads\\\/allaitement-G\u00e9raldine.jpg\",\"keywords\":[\"Allaitement\",\"assistante maternelle\",\"f\u00e9nugrec\",\"refus du biberon\",\"r\u00e9serves\",\"tire-lait \u00e9lectrique\"],\"articleSection\":[\"Allaitement et Travail\",\"t\u00e9moignages\"],\"inLanguage\":\"fr-FR\",\"potentialAction\":[{\"@type\":\"CommentAction\",\"name\":\"Comment\",\"target\":[\"https:\\\/\\\/www.lactissima.com\\\/a-tire-d-ailes\\\/allaiter-et-travailler-le-temoignage-de-geraldine\\\/#respond\"]}]},{\"@type\":\"WebPage\",\"@id\":\"https:\\\/\\\/www.lactissima.com\\\/a-tire-d-ailes\\\/allaiter-et-travailler-le-temoignage-de-geraldine\\\/\",\"url\":\"https:\\\/\\\/www.lactissima.com\\\/a-tire-d-ailes\\\/allaiter-et-travailler-le-temoignage-de-geraldine\\\/\",\"name\":\"Allaiter et travailler : le t\u00e9moignage de G\u00e9raldine\",\"isPartOf\":{\"@id\":\"https:\\\/\\\/www.lactissima.com\\\/a-tire-d-ailes\\\/#website\"},\"primaryImageOfPage\":{\"@id\":\"https:\\\/\\\/www.lactissima.com\\\/a-tire-d-ailes\\\/allaiter-et-travailler-le-temoignage-de-geraldine\\\/#primaryimage\"},\"image\":{\"@id\":\"https:\\\/\\\/www.lactissima.com\\\/a-tire-d-ailes\\\/allaiter-et-travailler-le-temoignage-de-geraldine\\\/#primaryimage\"},\"thumbnailUrl\":\"https:\\\/\\\/www.lactissima.com\\\/a-tire-d-ailes\\\/wp-content\\\/uploads\\\/allaitement-G\u00e9raldine.jpg\",\"datePublished\":\"2012-02-24T18:33:28+00:00\",\"dateModified\":\"2014-03-15T14:45:59+00:00\",\"author\":{\"@id\":\"https:\\\/\\\/www.lactissima.com\\\/a-tire-d-ailes\\\/#\\\/schema\\\/person\\\/8f98d3a89530861bc1240e6d53d44eed\"},\"description\":\"G\u00e9raldine est ing\u00e9nieur, elle a choisi de tirer son lait au travail. Son b\u00e9b\u00e9 a refus\u00e9 le biberon et cela l'a stress\u00e9e au d\u00e9but. Aujourd'hui, le sevrage n'est pas \u00e0 l'ordre du jour.\",\"breadcrumb\":{\"@id\":\"https:\\\/\\\/www.lactissima.com\\\/a-tire-d-ailes\\\/allaiter-et-travailler-le-temoignage-de-geraldine\\\/#breadcrumb\"},\"inLanguage\":\"fr-FR\",\"potentialAction\":[{\"@type\":\"ReadAction\",\"target\":[\"https:\\\/\\\/www.lactissima.com\\\/a-tire-d-ailes\\\/allaiter-et-travailler-le-temoignage-de-geraldine\\\/\"]}]},{\"@type\":\"ImageObject\",\"inLanguage\":\"fr-FR\",\"@id\":\"https:\\\/\\\/www.lactissima.com\\\/a-tire-d-ailes\\\/allaiter-et-travailler-le-temoignage-de-geraldine\\\/#primaryimage\",\"url\":\"https:\\\/\\\/www.lactissima.com\\\/a-tire-d-ailes\\\/wp-content\\\/uploads\\\/allaitement-G\u00e9raldine.jpg\",\"contentUrl\":\"https:\\\/\\\/www.lactissima.com\\\/a-tire-d-ailes\\\/wp-content\\\/uploads\\\/allaitement-G\u00e9raldine.jpg\",\"width\":\"448\",\"height\":\"298\"},{\"@type\":\"BreadcrumbList\",\"@id\":\"https:\\\/\\\/www.lactissima.com\\\/a-tire-d-ailes\\\/allaiter-et-travailler-le-temoignage-de-geraldine\\\/#breadcrumb\",\"itemListElement\":[{\"@type\":\"ListItem\",\"position\":1,\"name\":\"Accueil\",\"item\":\"https:\\\/\\\/www.lactissima.com\\\/a-tire-d-ailes\\\/\"},{\"@type\":\"ListItem\",\"position\":2,\"name\":\"Allaiter et travailler : le t\u00e9moignage de G\u00e9raldine\"}]},{\"@type\":\"WebSite\",\"@id\":\"https:\\\/\\\/www.lactissima.com\\\/a-tire-d-ailes\\\/#website\",\"url\":\"https:\\\/\\\/www.lactissima.com\\\/a-tire-d-ailes\\\/\",\"name\":\"A tire d&#039;Ailes\",\"description\":\"Le blog des femmes qui allaitent et travaillent.\",\"potentialAction\":[{\"@type\":\"SearchAction\",\"target\":{\"@type\":\"EntryPoint\",\"urlTemplate\":\"https:\\\/\\\/www.lactissima.com\\\/a-tire-d-ailes\\\/?s={search_term_string}\"},\"query-input\":{\"@type\":\"PropertyValueSpecification\",\"valueRequired\":true,\"valueName\":\"search_term_string\"}}],\"inLanguage\":\"fr-FR\"},{\"@type\":\"Person\",\"@id\":\"https:\\\/\\\/www.lactissima.com\\\/a-tire-d-ailes\\\/#\\\/schema\\\/person\\\/8f98d3a89530861bc1240e6d53d44eed\",\"name\":\"V\u00e9ronique Darmangeat\",\"image\":{\"@type\":\"ImageObject\",\"inLanguage\":\"fr-FR\",\"@id\":\"https:\\\/\\\/secure.gravatar.com\\\/avatar\\\/268c99344c89cebfe4f5df5fa8be43068a18884fc76a29f3206fae98465b9cab?s=96&d=identicon&r=g\",\"url\":\"https:\\\/\\\/secure.gravatar.com\\\/avatar\\\/268c99344c89cebfe4f5df5fa8be43068a18884fc76a29f3206fae98465b9cab?s=96&d=identicon&r=g\",\"contentUrl\":\"https:\\\/\\\/secure.gravatar.com\\\/avatar\\\/268c99344c89cebfe4f5df5fa8be43068a18884fc76a29f3206fae98465b9cab?s=96&d=identicon&r=g\",\"caption\":\"V\u00e9ronique Darmangeat\"},\"sameAs\":[\"https:\\\/\\\/www.lactissima.com\\\/a-tire-d-ailes\",\"www.facebook.com\\\/consultante.en.lactation\"]}]}<\/script>\n<!-- \/ Yoast SEO plugin. -->","yoast_head_json":{"title":"Allaiter et travailler : le t\u00e9moignage de G\u00e9raldine","description":"G\u00e9raldine est ing\u00e9nieur, elle a choisi de tirer son lait au travail. Son b\u00e9b\u00e9 a refus\u00e9 le biberon et cela l'a stress\u00e9e au d\u00e9but. Aujourd'hui, le sevrage n'est pas \u00e0 l'ordre du jour.","robots":{"index":"index","follow":"follow","max-snippet":"max-snippet:-1","max-image-preview":"max-image-preview:large","max-video-preview":"max-video-preview:-1"},"canonical":"https:\/\/www.lactissima.com\/a-tire-d-ailes\/allaiter-et-travailler-le-temoignage-de-geraldine\/","og_locale":"fr_FR","og_type":"article","og_title":"Allaiter et travailler : le t\u00e9moignage de G\u00e9raldine","og_description":"G\u00e9raldine est ing\u00e9nieur, elle a choisi de tirer son lait au travail. Son b\u00e9b\u00e9 a refus\u00e9 le biberon et cela l'a stress\u00e9e au d\u00e9but. Aujourd'hui, le sevrage n'est pas \u00e0 l'ordre du jour.","og_url":"https:\/\/www.lactissima.com\/a-tire-d-ailes\/allaiter-et-travailler-le-temoignage-de-geraldine\/","og_site_name":"A tire d&#039;Ailes","article_publisher":"https:\/\/www.facebook.com\/consultante.en.lactation","article_author":"www.facebook.com\/consultante.en.lactation","article_published_time":"2012-02-24T18:33:28+00:00","article_modified_time":"2014-03-15T14:45:59+00:00","og_image":[{"width":448,"height":298,"url":"https:\/\/www.lactissima.com\/a-tire-d-ailes\/wp-content\/uploads\/allaitement-G\u00e9raldine.jpg","type":"image\/jpeg"}],"author":"V\u00e9ronique Darmangeat","twitter_card":"summary_large_image","twitter_creator":"@VeroniqueIBCLC","twitter_site":"@VeroniqueIBCLC","twitter_misc":{"\u00c9crit par":"V\u00e9ronique Darmangeat","Dur\u00e9e de lecture estim\u00e9e":"5 minutes"},"schema":{"@context":"https:\/\/schema.org","@graph":[{"@type":"Article","@id":"https:\/\/www.lactissima.com\/a-tire-d-ailes\/allaiter-et-travailler-le-temoignage-de-geraldine\/#article","isPartOf":{"@id":"https:\/\/www.lactissima.com\/a-tire-d-ailes\/allaiter-et-travailler-le-temoignage-de-geraldine\/"},"author":{"name":"V\u00e9ronique Darmangeat","@id":"https:\/\/www.lactissima.com\/a-tire-d-ailes\/#\/schema\/person\/8f98d3a89530861bc1240e6d53d44eed"},"headline":"Allaiter et travailler : le t\u00e9moignage de G\u00e9raldine","datePublished":"2012-02-24T18:33:28+00:00","dateModified":"2014-03-15T14:45:59+00:00","mainEntityOfPage":{"@id":"https:\/\/www.lactissima.com\/a-tire-d-ailes\/allaiter-et-travailler-le-temoignage-de-geraldine\/"},"wordCount":1144,"commentCount":7,"image":{"@id":"https:\/\/www.lactissima.com\/a-tire-d-ailes\/allaiter-et-travailler-le-temoignage-de-geraldine\/#primaryimage"},"thumbnailUrl":"https:\/\/www.lactissima.com\/a-tire-d-ailes\/wp-content\/uploads\/allaitement-G\u00e9raldine.jpg","keywords":["Allaitement","assistante maternelle","f\u00e9nugrec","refus du biberon","r\u00e9serves","tire-lait \u00e9lectrique"],"articleSection":["Allaitement et Travail","t\u00e9moignages"],"inLanguage":"fr-FR","potentialAction":[{"@type":"CommentAction","name":"Comment","target":["https:\/\/www.lactissima.com\/a-tire-d-ailes\/allaiter-et-travailler-le-temoignage-de-geraldine\/#respond"]}]},{"@type":"WebPage","@id":"https:\/\/www.lactissima.com\/a-tire-d-ailes\/allaiter-et-travailler-le-temoignage-de-geraldine\/","url":"https:\/\/www.lactissima.com\/a-tire-d-ailes\/allaiter-et-travailler-le-temoignage-de-geraldine\/","name":"Allaiter et travailler : le t\u00e9moignage de G\u00e9raldine","isPartOf":{"@id":"https:\/\/www.lactissima.com\/a-tire-d-ailes\/#website"},"primaryImageOfPage":{"@id":"https:\/\/www.lactissima.com\/a-tire-d-ailes\/allaiter-et-travailler-le-temoignage-de-geraldine\/#primaryimage"},"image":{"@id":"https:\/\/www.lactissima.com\/a-tire-d-ailes\/allaiter-et-travailler-le-temoignage-de-geraldine\/#primaryimage"},"thumbnailUrl":"https:\/\/www.lactissima.com\/a-tire-d-ailes\/wp-content\/uploads\/allaitement-G\u00e9raldine.jpg","datePublished":"2012-02-24T18:33:28+00:00","dateModified":"2014-03-15T14:45:59+00:00","author":{"@id":"https:\/\/www.lactissima.com\/a-tire-d-ailes\/#\/schema\/person\/8f98d3a89530861bc1240e6d53d44eed"},"description":"G\u00e9raldine est ing\u00e9nieur, elle a choisi de tirer son lait au travail. Son b\u00e9b\u00e9 a refus\u00e9 le biberon et cela l'a stress\u00e9e au d\u00e9but. Aujourd'hui, le sevrage n'est pas \u00e0 l'ordre du jour.","breadcrumb":{"@id":"https:\/\/www.lactissima.com\/a-tire-d-ailes\/allaiter-et-travailler-le-temoignage-de-geraldine\/#breadcrumb"},"inLanguage":"fr-FR","potentialAction":[{"@type":"ReadAction","target":["https:\/\/www.lactissima.com\/a-tire-d-ailes\/allaiter-et-travailler-le-temoignage-de-geraldine\/"]}]},{"@type":"ImageObject","inLanguage":"fr-FR","@id":"https:\/\/www.lactissima.com\/a-tire-d-ailes\/allaiter-et-travailler-le-temoignage-de-geraldine\/#primaryimage","url":"https:\/\/www.lactissima.com\/a-tire-d-ailes\/wp-content\/uploads\/allaitement-G\u00e9raldine.jpg","contentUrl":"https:\/\/www.lactissima.com\/a-tire-d-ailes\/wp-content\/uploads\/allaitement-G\u00e9raldine.jpg","width":"448","height":"298"},{"@type":"BreadcrumbList","@id":"https:\/\/www.lactissima.com\/a-tire-d-ailes\/allaiter-et-travailler-le-temoignage-de-geraldine\/#breadcrumb","itemListElement":[{"@type":"ListItem","position":1,"name":"Accueil","item":"https:\/\/www.lactissima.com\/a-tire-d-ailes\/"},{"@type":"ListItem","position":2,"name":"Allaiter et travailler : le t\u00e9moignage de G\u00e9raldine"}]},{"@type":"WebSite","@id":"https:\/\/www.lactissima.com\/a-tire-d-ailes\/#website","url":"https:\/\/www.lactissima.com\/a-tire-d-ailes\/","name":"A tire d&#039;Ailes","description":"Le blog des femmes qui allaitent et travaillent.","potentialAction":[{"@type":"SearchAction","target":{"@type":"EntryPoint","urlTemplate":"https:\/\/www.lactissima.com\/a-tire-d-ailes\/?s={search_term_string}"},"query-input":{"@type":"PropertyValueSpecification","valueRequired":true,"valueName":"search_term_string"}}],"inLanguage":"fr-FR"},{"@type":"Person","@id":"https:\/\/www.lactissima.com\/a-tire-d-ailes\/#\/schema\/person\/8f98d3a89530861bc1240e6d53d44eed","name":"V\u00e9ronique Darmangeat","image":{"@type":"ImageObject","inLanguage":"fr-FR","@id":"https:\/\/secure.gravatar.com\/avatar\/268c99344c89cebfe4f5df5fa8be43068a18884fc76a29f3206fae98465b9cab?s=96&d=identicon&r=g","url":"https:\/\/secure.gravatar.com\/avatar\/268c99344c89cebfe4f5df5fa8be43068a18884fc76a29f3206fae98465b9cab?s=96&d=identicon&r=g","contentUrl":"https:\/\/secure.gravatar.com\/avatar\/268c99344c89cebfe4f5df5fa8be43068a18884fc76a29f3206fae98465b9cab?s=96&d=identicon&r=g","caption":"V\u00e9ronique Darmangeat"},"sameAs":["https:\/\/www.lactissima.com\/a-tire-d-ailes","www.facebook.com\/consultante.en.lactation"]}]}},"_links":{"self":[{"href":"https:\/\/www.lactissima.com\/a-tire-d-ailes\/wp-json\/wp\/v2\/posts\/2929","targetHints":{"allow":["GET"]}}],"collection":[{"href":"https:\/\/www.lactissima.com\/a-tire-d-ailes\/wp-json\/wp\/v2\/posts"}],"about":[{"href":"https:\/\/www.lactissima.com\/a-tire-d-ailes\/wp-json\/wp\/v2\/types\/post"}],"author":[{"embeddable":true,"href":"https:\/\/www.lactissima.com\/a-tire-d-ailes\/wp-json\/wp\/v2\/users\/170"}],"replies":[{"embeddable":true,"href":"https:\/\/www.lactissima.com\/a-tire-d-ailes\/wp-json\/wp\/v2\/comments?post=2929"}],"version-history":[{"count":19,"href":"https:\/\/www.lactissima.com\/a-tire-d-ailes\/wp-json\/wp\/v2\/posts\/2929\/revisions"}],"predecessor-version":[{"id":5308,"href":"https:\/\/www.lactissima.com\/a-tire-d-ailes\/wp-json\/wp\/v2\/posts\/2929\/revisions\/5308"}],"wp:featuredmedia":[{"embeddable":true,"href":"https:\/\/www.lactissima.com\/a-tire-d-ailes\/wp-json\/wp\/v2\/media\/3521"}],"wp:attachment":[{"href":"https:\/\/www.lactissima.com\/a-tire-d-ailes\/wp-json\/wp\/v2\/media?parent=2929"}],"wp:term":[{"taxonomy":"category","embeddable":true,"href":"https:\/\/www.lactissima.com\/a-tire-d-ailes\/wp-json\/wp\/v2\/categories?post=2929"},{"taxonomy":"post_tag","embeddable":true,"href":"https:\/\/www.lactissima.com\/a-tire-d-ailes\/wp-json\/wp\/v2\/tags?post=2929"}],"curies":[{"name":"wp","href":"https:\/\/api.w.org\/{rel}","templated":true}]}}