{"id":2887,"date":"2012-02-11T19:50:23","date_gmt":"2012-02-11T17:50:23","guid":{"rendered":"https:\/\/www.lactissima.com\/a-tire-d-ailes\/?p=2887"},"modified":"2014-03-15T16:46:22","modified_gmt":"2014-03-15T14:46:22","slug":"introduction-des-solides","status":"publish","type":"post","link":"https:\/\/www.lactissima.com\/a-tire-d-ailes\/introduction-des-solides\/","title":{"rendered":"L&rsquo;introduction des solides chez le b\u00e9b\u00e9 en garde."},"content":{"rendered":"<p style=\"text-align: justify;\"><a href=\"https:\/\/www.lactissima.com\/a-tire-d-ailes\/wp-content\/uploads\/b\u00e9b\u00e9-mange.jpg\"><img loading=\"lazy\" decoding=\"async\" class=\"alignright  wp-image-2891\" title=\"introduction des solides\" alt=\"introduction des solides\" src=\"https:\/\/www.lactissima.com\/a-tire-d-ailes\/wp-content\/uploads\/b\u00e9b\u00e9-mange.jpg\" width=\"320\" height=\"265\" srcset=\"https:\/\/www.lactissima.com\/a-tire-d-ailes\/wp-content\/uploads\/b\u00e9b\u00e9-mange.jpg 400w, https:\/\/www.lactissima.com\/a-tire-d-ailes\/wp-content\/uploads\/b\u00e9b\u00e9-mange-300x248.jpg 300w\" sizes=\"(max-width: 320px) 100vw, 320px\" \/><\/a>L&rsquo;introduction des <strong>solides<\/strong> est souvent v\u00e9cue comme une \u00e9tape <strong>importante<\/strong> par les parents. Le b\u00e9b\u00e9 grandit, il prend <strong>sa place<\/strong> \u00e0 table, ce n&rsquo;est plus un petit nourrisson. De ce fait, de nombreux parents ont peur de mal faire et se plient aux <strong>recommandations<\/strong> du p\u00e9diatre, de leur livre de pu\u00e9riculture, de la grand-m\u00e8re&#8230;en oubliant de regarder leur enfant et ce qu&rsquo;il manifeste.<\/p>\n<p style=\"text-align: justify;\">En effet, votre enfant <strong>sait<\/strong> ce dont il a besoin et sait vous le faire comprendre. S&rsquo;il n&rsquo;est pas pr\u00eat \u00e0 manger des solides, il <strong>repousse<\/strong> les aliments avec la langue. S&rsquo;il veut <strong>go\u00fbter<\/strong> \u00e0 ce que vous mangez, il essaie d&rsquo;attraper votre fourchette ou la suit assid\u00fbment des yeux. S&rsquo;il ne veut pas manger, il n&rsquo;ouvre pas la bouche, &#8230; Bref, vous pouvez lui faire <strong>confiance<\/strong> !<\/p>\n<p style=\"text-align: justify;\">L&rsquo;OMS recommande de ne pas introduire les solides avant les <strong>six mois<\/strong> de l&rsquo;enfant. Mais certains b\u00e9b\u00e9s sont <strong>pr\u00eats<\/strong> un peu avant. Jusqu&rsquo;\u00e0 un an, l&rsquo;essentiel de l&rsquo;alimentation reste le <strong>lait<\/strong>. Les solides ne sont que du <strong>compl\u00e9ment<\/strong>. Ne vous inqui\u00e9tez donc pas si votre enfant n&rsquo;est pas int\u00e9ress\u00e9 par la nourriture solide, il y viendra quand il sera pr\u00eat. Ce sera peut-\u00eatre \u00e0 onze mois, cela n&rsquo;a <strong>aucune importance<\/strong> !<\/p>\n<p style=\"text-align: justify;\">Il faut \u00e9galement garder \u00e0 l&rsquo;esprit que, en <strong>France<\/strong>, on commence en g\u00e9n\u00e9ral la <strong>diversification<\/strong> alimentaire par des <strong>fruits<\/strong> et des <strong>l\u00e9gumes<\/strong>. Or ce sont des aliments tr\u00e8s <strong>peu caloriques<\/strong> qui ne doivent en aucun cas remplacer le lait qui, lui, est un aliment <strong>complet<\/strong>. Il vaut donc mieux <strong>commencer<\/strong> tous les repas jusqu&rsquo;\u00e0 un an par une t\u00e9t\u00e9e et proposer les solides apr\u00e8s. Ainsi, vous \u00eates s\u00fbr que votre b\u00e9b\u00e9 a un <strong>apport calorique<\/strong> suffisant et complet.<\/p>\n<p style=\"text-align: justify;\">Vous n&rsquo;\u00eates pas oblig\u00e9e de concocter <strong>pur\u00e9es<\/strong> et <strong>compotes<\/strong> \u00e0 votre prog\u00e9niture. La plupart des enfants aiment commencer directement avec des <strong>morceaux<\/strong> qu&rsquo;ils m\u00e2chent avec les <strong>gencives<\/strong>. Vous choisirez bien s\u00fbr des aliments <strong>faciles<\/strong> \u00e0 m\u00e2cher sans dent : rondelles de courgettes bien cuites, morceaux de pommes cuites, haricots verts bien cuits,&#8230;<br \/>\nVous pouvez \u00e9galement mettre votre b\u00e9b\u00e9 <strong>\u00e0 table<\/strong> avec le reste de la famille et le laisser go\u00fbter aux plats pr\u00e9par\u00e9s pour tous. Dans ce cas, vous ferez attention \u00e0 tr\u00e8s peu <strong>saler<\/strong>.<\/p>\n<p style=\"text-align: justify;\">Un livre excellent existe sur ce sujet : <strong><em>Mon enfant ne mange pas<\/em> de Carlos Gonzales.<\/strong><\/p>\n<p style=\"text-align: justify;\">Si vous faites partie des femmes qui <strong><span style=\"color: #000000;\"><a title=\"Tirer son lait plus facilement.\" href=\"https:\/\/www.lactissima.com\/a-tire-d-ailes\/?p=2286\" target=\"_blank\"><span style=\"color: #000000;\">tirent leur lait<\/span><\/a><\/span><\/strong> au travail, vous avez peut-\u00eatre h\u00e2te que votre b\u00e9b\u00e9 commence les solides pour pouvoir <strong>diminuer<\/strong> les tirages de lait. Si votre b\u00e9b\u00e9 a du mal \u00e0 prendre les <strong>biberons<\/strong>, vous comptez peut-\u00eatre sur les <strong>solides<\/strong> pour qu&rsquo;il se nourrisse en votre absence. Ces situations incitent en g\u00e9n\u00e9ral \u00e0 insister un peu sur les solides. Si votre enfant l&rsquo;accepte, pas de probl\u00e8me ! Aucune situation n&rsquo;est id\u00e9ale et il faut trouver ce qui fonctionne le mieux pour votre enfant et vous. Si votre b\u00e9b\u00e9 <strong>refuse<\/strong> les solides, vous devrez changer votre fusil d&rsquo;\u00e9paule : s&rsquo;il n&rsquo;est pas pr\u00eat, il ne sert \u00e0 rien d&rsquo;insister, cela viendra <strong>plus tard<\/strong>.<\/p>\n<p style=\"text-align: justify;\">Quand votre enfant est en <strong>garde<\/strong>, que ce soit avec une assistante maternelle ou une <span style=\"color: #000000;\"><a title=\"cr\u00e8che\" href=\"https:\/\/www.lactissima.com\/a-tire-d-ailes\/?p=338\" target=\"_blank\"><span style=\"color: #000000;\">cr\u00e8che<\/span><\/a><\/span>, vous n&rsquo;\u00eates pas toujours pr\u00e9sente aux <strong>repas<\/strong>. Il est habituel que ce soit vous qui introduisiez les <strong>premiers solides<\/strong> et que le mode de garde suive ce que vous avez mis en place. Mais ce n&rsquo;est pas toujours le cas. Il est donc essentiel que vous ayez une <strong>discussion<\/strong> \u00e0 ce sujet avec les personnes qui s&rsquo;occupent de votre enfant.<\/p>\n<p style=\"text-align: justify;\">Si vous avez constat\u00e9 que votre enfant n&rsquo;est pas pr\u00eat pour les solides, <strong>dites-le<\/strong> ! Insistez pour obtenir que l&rsquo;on ne donne pas de solides \u00e0 votre enfant avant que vous ne <strong>signaliez<\/strong> qu&rsquo;il est pr\u00eat pour cela. C&rsquo;est \u00e0 vous de d\u00e9cider ce que vous <strong>souhaitez<\/strong> pour votre enfant, pas \u00e0 la cr\u00e8che ni \u00e0 l&rsquo;assistante maternelle ! Vous avez le droit de faire passer vos <strong>choix<\/strong>. Pour cela , il ne sert \u00e0 rien <strong>d&rsquo;affronter<\/strong> vos interlocuteurs. Par contre, <strong>expliquer<\/strong> votre mani\u00e8re de faire et vos raisons simplement peut \u00eatre beaucoup plus <strong>efficace<\/strong>. Par contre, il est tr\u00e8s rare qu&rsquo;une cr\u00e8che donne des <strong>morceaux<\/strong> \u00e0 des petits de sept mois, vous n&rsquo;y pourrez rien, c&rsquo;est l&rsquo;inconv\u00e9nient d&rsquo;un mode de garde collectif dans lequel vous devez vous plier \u00e0 des r\u00e8gles valables pour tous.<\/p>\n<p style=\"text-align: justify;\">En bref : mettre en place un <strong>dialogue de qualit\u00e9<\/strong> vous permettra de faire passer vos souhaits quand aux repas de votre enfant.<\/p>\n<p style=\"text-align: justify;\">Et pour <strong>votre enfant<\/strong>, comment s&rsquo;est pass\u00e9 l&rsquo;introduction des solides avec le <strong>mode de garde<\/strong> ?<\/p>\n<p style=\"text-align: justify;\"><strong>Articles en rapport :<\/strong><\/p>\n<ul>\n<li style=\"text-align: justify;\"><a href=\"https:\/\/www.lactissima.com\/a-tire-d-ailes\/?p=338\" target=\"_blank\">Modes de garde et allaitement maternel<\/a><\/li>\n<li style=\"text-align: justify;\"><a href=\"https:\/\/www.lactissima.com\/a-tire-d-ailes\/?p=234\" target=\"_blank\">Quand mon b\u00e9b\u00e9 refuse le biberon<\/a><\/li>\n<li style=\"text-align: justify;\"><a href=\"https:\/\/www.lactissima.com\/a-tire-d-ailes\/?p=1524\" target=\"_blank\">10 trucs pour avoir de bonnes relations avec sa nounou.<\/a><\/li>\n<li style=\"text-align: justify;\"><a href=\"https:\/\/www.lactissima.com\/a-tire-d-ailes\/?p=949\" target=\"_blank\">Quantit\u00e9 de lait bue par un b\u00e9b\u00e9.<\/a><\/li>\n<\/ul>\n<p>&nbsp;<\/p>\n","protected":false},"excerpt":{"rendered":"<p>L&rsquo;introduction des solides peut se faire en suivant ce que manifeste votre enfant. Si votre enfant est gard\u00e9, cela suppose la mise en place d&rsquo;un bon dialogue avec le mode de garde de votre enfant.<\/p>\n","protected":false},"author":170,"featured_media":2891,"comment_status":"open","ping_status":"open","sticky":false,"template":"","format":"standard","meta":{"_et_pb_use_builder":"","_et_pb_old_content":"","_et_gb_content_width":"","footnotes":""},"categories":[46],"tags":[50,72],"class_list":["post-2887","post","type-post","status-publish","format-standard","has-post-thumbnail","hentry","category-vie-de-famille","tag-creche","tag-tirer-son-lait"],"yoast_head":"<!-- This site is optimized with the Yoast SEO plugin v27.4 - https:\/\/yoast.com\/product\/yoast-seo-wordpress\/ -->\n<title>introduction des solides<\/title>\n<meta name=\"description\" content=\"L&#039;introduction des solides peut se faire en suivant ce que manifeste votre enfant. Si votre enfant est gard\u00e9, cela suppose la mise en place d&#039;un bon dialogue avec le mode de garde de votre enfant.\" \/>\n<meta name=\"robots\" content=\"index, follow, max-snippet:-1, max-image-preview:large, max-video-preview:-1\" \/>\n<link rel=\"canonical\" href=\"https:\/\/www.lactissima.com\/a-tire-d-ailes\/introduction-des-solides\/\" \/>\n<meta property=\"og:locale\" content=\"fr_FR\" \/>\n<meta property=\"og:type\" content=\"article\" \/>\n<meta property=\"og:title\" content=\"introduction des solides\" \/>\n<meta property=\"og:description\" content=\"L&#039;introduction des solides peut se faire en suivant ce que manifeste votre enfant. Si votre enfant est gard\u00e9, cela suppose la mise en place d&#039;un bon dialogue avec le mode de garde de votre enfant.\" \/>\n<meta property=\"og:url\" content=\"https:\/\/www.lactissima.com\/a-tire-d-ailes\/introduction-des-solides\/\" \/>\n<meta property=\"og:site_name\" content=\"A tire d&#039;Ailes\" \/>\n<meta property=\"article:publisher\" content=\"https:\/\/www.facebook.com\/consultante.en.lactation\" \/>\n<meta property=\"article:author\" content=\"www.facebook.com\/consultante.en.lactation\" \/>\n<meta property=\"article:published_time\" content=\"2012-02-11T17:50:23+00:00\" \/>\n<meta property=\"article:modified_time\" content=\"2014-03-15T14:46:22+00:00\" \/>\n<meta property=\"og:image\" content=\"https:\/\/www.lactissima.com\/a-tire-d-ailes\/wp-content\/uploads\/b\u00e9b\u00e9-mange.jpg\" \/>\n\t<meta property=\"og:image:width\" content=\"400\" \/>\n\t<meta property=\"og:image:height\" content=\"331\" \/>\n\t<meta property=\"og:image:type\" content=\"image\/jpeg\" \/>\n<meta name=\"author\" content=\"V\u00e9ronique Darmangeat\" \/>\n<meta name=\"twitter:card\" content=\"summary_large_image\" \/>\n<meta name=\"twitter:creator\" content=\"@VeroniqueIBCLC\" \/>\n<meta name=\"twitter:site\" content=\"@VeroniqueIBCLC\" \/>\n<meta name=\"twitter:label1\" content=\"\u00c9crit par\" \/>\n\t<meta name=\"twitter:data1\" content=\"V\u00e9ronique Darmangeat\" \/>\n\t<meta name=\"twitter:label2\" content=\"Dur\u00e9e de lecture estim\u00e9e\" \/>\n\t<meta name=\"twitter:data2\" content=\"4 minutes\" \/>\n<script type=\"application\/ld+json\" class=\"yoast-schema-graph\">{\"@context\":\"https:\\\/\\\/schema.org\",\"@graph\":[{\"@type\":\"Article\",\"@id\":\"https:\\\/\\\/www.lactissima.com\\\/a-tire-d-ailes\\\/introduction-des-solides\\\/#article\",\"isPartOf\":{\"@id\":\"https:\\\/\\\/www.lactissima.com\\\/a-tire-d-ailes\\\/introduction-des-solides\\\/\"},\"author\":{\"name\":\"V\u00e9ronique Darmangeat\",\"@id\":\"https:\\\/\\\/www.lactissima.com\\\/a-tire-d-ailes\\\/#\\\/schema\\\/person\\\/8f98d3a89530861bc1240e6d53d44eed\"},\"headline\":\"L&rsquo;introduction des solides chez le b\u00e9b\u00e9 en garde.\",\"datePublished\":\"2012-02-11T17:50:23+00:00\",\"dateModified\":\"2014-03-15T14:46:22+00:00\",\"mainEntityOfPage\":{\"@id\":\"https:\\\/\\\/www.lactissima.com\\\/a-tire-d-ailes\\\/introduction-des-solides\\\/\"},\"wordCount\":860,\"commentCount\":144,\"image\":{\"@id\":\"https:\\\/\\\/www.lactissima.com\\\/a-tire-d-ailes\\\/introduction-des-solides\\\/#primaryimage\"},\"thumbnailUrl\":\"https:\\\/\\\/www.lactissima.com\\\/a-tire-d-ailes\\\/wp-content\\\/uploads\\\/b\u00e9b\u00e9-mange.jpg\",\"keywords\":[\"cr\u00e8che\",\"tirer son lait\"],\"articleSection\":[\"Vie de famille\"],\"inLanguage\":\"fr-FR\",\"potentialAction\":[{\"@type\":\"CommentAction\",\"name\":\"Comment\",\"target\":[\"https:\\\/\\\/www.lactissima.com\\\/a-tire-d-ailes\\\/introduction-des-solides\\\/#respond\"]}]},{\"@type\":\"WebPage\",\"@id\":\"https:\\\/\\\/www.lactissima.com\\\/a-tire-d-ailes\\\/introduction-des-solides\\\/\",\"url\":\"https:\\\/\\\/www.lactissima.com\\\/a-tire-d-ailes\\\/introduction-des-solides\\\/\",\"name\":\"introduction des solides\",\"isPartOf\":{\"@id\":\"https:\\\/\\\/www.lactissima.com\\\/a-tire-d-ailes\\\/#website\"},\"primaryImageOfPage\":{\"@id\":\"https:\\\/\\\/www.lactissima.com\\\/a-tire-d-ailes\\\/introduction-des-solides\\\/#primaryimage\"},\"image\":{\"@id\":\"https:\\\/\\\/www.lactissima.com\\\/a-tire-d-ailes\\\/introduction-des-solides\\\/#primaryimage\"},\"thumbnailUrl\":\"https:\\\/\\\/www.lactissima.com\\\/a-tire-d-ailes\\\/wp-content\\\/uploads\\\/b\u00e9b\u00e9-mange.jpg\",\"datePublished\":\"2012-02-11T17:50:23+00:00\",\"dateModified\":\"2014-03-15T14:46:22+00:00\",\"author\":{\"@id\":\"https:\\\/\\\/www.lactissima.com\\\/a-tire-d-ailes\\\/#\\\/schema\\\/person\\\/8f98d3a89530861bc1240e6d53d44eed\"},\"description\":\"L'introduction des solides peut se faire en suivant ce que manifeste votre enfant. Si votre enfant est gard\u00e9, cela suppose la mise en place d'un bon dialogue avec le mode de garde de votre enfant.\",\"breadcrumb\":{\"@id\":\"https:\\\/\\\/www.lactissima.com\\\/a-tire-d-ailes\\\/introduction-des-solides\\\/#breadcrumb\"},\"inLanguage\":\"fr-FR\",\"potentialAction\":[{\"@type\":\"ReadAction\",\"target\":[\"https:\\\/\\\/www.lactissima.com\\\/a-tire-d-ailes\\\/introduction-des-solides\\\/\"]}]},{\"@type\":\"ImageObject\",\"inLanguage\":\"fr-FR\",\"@id\":\"https:\\\/\\\/www.lactissima.com\\\/a-tire-d-ailes\\\/introduction-des-solides\\\/#primaryimage\",\"url\":\"https:\\\/\\\/www.lactissima.com\\\/a-tire-d-ailes\\\/wp-content\\\/uploads\\\/b\u00e9b\u00e9-mange.jpg\",\"contentUrl\":\"https:\\\/\\\/www.lactissima.com\\\/a-tire-d-ailes\\\/wp-content\\\/uploads\\\/b\u00e9b\u00e9-mange.jpg\",\"width\":\"400\",\"height\":\"331\"},{\"@type\":\"BreadcrumbList\",\"@id\":\"https:\\\/\\\/www.lactissima.com\\\/a-tire-d-ailes\\\/introduction-des-solides\\\/#breadcrumb\",\"itemListElement\":[{\"@type\":\"ListItem\",\"position\":1,\"name\":\"Accueil\",\"item\":\"https:\\\/\\\/www.lactissima.com\\\/a-tire-d-ailes\\\/\"},{\"@type\":\"ListItem\",\"position\":2,\"name\":\"L&rsquo;introduction des solides chez le b\u00e9b\u00e9 en garde.\"}]},{\"@type\":\"WebSite\",\"@id\":\"https:\\\/\\\/www.lactissima.com\\\/a-tire-d-ailes\\\/#website\",\"url\":\"https:\\\/\\\/www.lactissima.com\\\/a-tire-d-ailes\\\/\",\"name\":\"A tire d&#039;Ailes\",\"description\":\"Le blog des femmes qui allaitent et travaillent.\",\"potentialAction\":[{\"@type\":\"SearchAction\",\"target\":{\"@type\":\"EntryPoint\",\"urlTemplate\":\"https:\\\/\\\/www.lactissima.com\\\/a-tire-d-ailes\\\/?s={search_term_string}\"},\"query-input\":{\"@type\":\"PropertyValueSpecification\",\"valueRequired\":true,\"valueName\":\"search_term_string\"}}],\"inLanguage\":\"fr-FR\"},{\"@type\":\"Person\",\"@id\":\"https:\\\/\\\/www.lactissima.com\\\/a-tire-d-ailes\\\/#\\\/schema\\\/person\\\/8f98d3a89530861bc1240e6d53d44eed\",\"name\":\"V\u00e9ronique Darmangeat\",\"image\":{\"@type\":\"ImageObject\",\"inLanguage\":\"fr-FR\",\"@id\":\"https:\\\/\\\/secure.gravatar.com\\\/avatar\\\/268c99344c89cebfe4f5df5fa8be43068a18884fc76a29f3206fae98465b9cab?s=96&d=identicon&r=g\",\"url\":\"https:\\\/\\\/secure.gravatar.com\\\/avatar\\\/268c99344c89cebfe4f5df5fa8be43068a18884fc76a29f3206fae98465b9cab?s=96&d=identicon&r=g\",\"contentUrl\":\"https:\\\/\\\/secure.gravatar.com\\\/avatar\\\/268c99344c89cebfe4f5df5fa8be43068a18884fc76a29f3206fae98465b9cab?s=96&d=identicon&r=g\",\"caption\":\"V\u00e9ronique Darmangeat\"},\"sameAs\":[\"https:\\\/\\\/www.lactissima.com\\\/a-tire-d-ailes\",\"www.facebook.com\\\/consultante.en.lactation\"]}]}<\/script>\n<!-- \/ Yoast SEO plugin. -->","yoast_head_json":{"title":"introduction des solides","description":"L'introduction des solides peut se faire en suivant ce que manifeste votre enfant. Si votre enfant est gard\u00e9, cela suppose la mise en place d'un bon dialogue avec le mode de garde de votre enfant.","robots":{"index":"index","follow":"follow","max-snippet":"max-snippet:-1","max-image-preview":"max-image-preview:large","max-video-preview":"max-video-preview:-1"},"canonical":"https:\/\/www.lactissima.com\/a-tire-d-ailes\/introduction-des-solides\/","og_locale":"fr_FR","og_type":"article","og_title":"introduction des solides","og_description":"L'introduction des solides peut se faire en suivant ce que manifeste votre enfant. Si votre enfant est gard\u00e9, cela suppose la mise en place d'un bon dialogue avec le mode de garde de votre enfant.","og_url":"https:\/\/www.lactissima.com\/a-tire-d-ailes\/introduction-des-solides\/","og_site_name":"A tire d&#039;Ailes","article_publisher":"https:\/\/www.facebook.com\/consultante.en.lactation","article_author":"www.facebook.com\/consultante.en.lactation","article_published_time":"2012-02-11T17:50:23+00:00","article_modified_time":"2014-03-15T14:46:22+00:00","og_image":[{"width":400,"height":331,"url":"https:\/\/www.lactissima.com\/a-tire-d-ailes\/wp-content\/uploads\/b\u00e9b\u00e9-mange.jpg","type":"image\/jpeg"}],"author":"V\u00e9ronique Darmangeat","twitter_card":"summary_large_image","twitter_creator":"@VeroniqueIBCLC","twitter_site":"@VeroniqueIBCLC","twitter_misc":{"\u00c9crit par":"V\u00e9ronique Darmangeat","Dur\u00e9e de lecture estim\u00e9e":"4 minutes"},"schema":{"@context":"https:\/\/schema.org","@graph":[{"@type":"Article","@id":"https:\/\/www.lactissima.com\/a-tire-d-ailes\/introduction-des-solides\/#article","isPartOf":{"@id":"https:\/\/www.lactissima.com\/a-tire-d-ailes\/introduction-des-solides\/"},"author":{"name":"V\u00e9ronique Darmangeat","@id":"https:\/\/www.lactissima.com\/a-tire-d-ailes\/#\/schema\/person\/8f98d3a89530861bc1240e6d53d44eed"},"headline":"L&rsquo;introduction des solides chez le b\u00e9b\u00e9 en garde.","datePublished":"2012-02-11T17:50:23+00:00","dateModified":"2014-03-15T14:46:22+00:00","mainEntityOfPage":{"@id":"https:\/\/www.lactissima.com\/a-tire-d-ailes\/introduction-des-solides\/"},"wordCount":860,"commentCount":144,"image":{"@id":"https:\/\/www.lactissima.com\/a-tire-d-ailes\/introduction-des-solides\/#primaryimage"},"thumbnailUrl":"https:\/\/www.lactissima.com\/a-tire-d-ailes\/wp-content\/uploads\/b\u00e9b\u00e9-mange.jpg","keywords":["cr\u00e8che","tirer son lait"],"articleSection":["Vie de famille"],"inLanguage":"fr-FR","potentialAction":[{"@type":"CommentAction","name":"Comment","target":["https:\/\/www.lactissima.com\/a-tire-d-ailes\/introduction-des-solides\/#respond"]}]},{"@type":"WebPage","@id":"https:\/\/www.lactissima.com\/a-tire-d-ailes\/introduction-des-solides\/","url":"https:\/\/www.lactissima.com\/a-tire-d-ailes\/introduction-des-solides\/","name":"introduction des solides","isPartOf":{"@id":"https:\/\/www.lactissima.com\/a-tire-d-ailes\/#website"},"primaryImageOfPage":{"@id":"https:\/\/www.lactissima.com\/a-tire-d-ailes\/introduction-des-solides\/#primaryimage"},"image":{"@id":"https:\/\/www.lactissima.com\/a-tire-d-ailes\/introduction-des-solides\/#primaryimage"},"thumbnailUrl":"https:\/\/www.lactissima.com\/a-tire-d-ailes\/wp-content\/uploads\/b\u00e9b\u00e9-mange.jpg","datePublished":"2012-02-11T17:50:23+00:00","dateModified":"2014-03-15T14:46:22+00:00","author":{"@id":"https:\/\/www.lactissima.com\/a-tire-d-ailes\/#\/schema\/person\/8f98d3a89530861bc1240e6d53d44eed"},"description":"L'introduction des solides peut se faire en suivant ce que manifeste votre enfant. Si votre enfant est gard\u00e9, cela suppose la mise en place d'un bon dialogue avec le mode de garde de votre enfant.","breadcrumb":{"@id":"https:\/\/www.lactissima.com\/a-tire-d-ailes\/introduction-des-solides\/#breadcrumb"},"inLanguage":"fr-FR","potentialAction":[{"@type":"ReadAction","target":["https:\/\/www.lactissima.com\/a-tire-d-ailes\/introduction-des-solides\/"]}]},{"@type":"ImageObject","inLanguage":"fr-FR","@id":"https:\/\/www.lactissima.com\/a-tire-d-ailes\/introduction-des-solides\/#primaryimage","url":"https:\/\/www.lactissima.com\/a-tire-d-ailes\/wp-content\/uploads\/b\u00e9b\u00e9-mange.jpg","contentUrl":"https:\/\/www.lactissima.com\/a-tire-d-ailes\/wp-content\/uploads\/b\u00e9b\u00e9-mange.jpg","width":"400","height":"331"},{"@type":"BreadcrumbList","@id":"https:\/\/www.lactissima.com\/a-tire-d-ailes\/introduction-des-solides\/#breadcrumb","itemListElement":[{"@type":"ListItem","position":1,"name":"Accueil","item":"https:\/\/www.lactissima.com\/a-tire-d-ailes\/"},{"@type":"ListItem","position":2,"name":"L&rsquo;introduction des solides chez le b\u00e9b\u00e9 en garde."}]},{"@type":"WebSite","@id":"https:\/\/www.lactissima.com\/a-tire-d-ailes\/#website","url":"https:\/\/www.lactissima.com\/a-tire-d-ailes\/","name":"A tire d&#039;Ailes","description":"Le blog des femmes qui allaitent et travaillent.","potentialAction":[{"@type":"SearchAction","target":{"@type":"EntryPoint","urlTemplate":"https:\/\/www.lactissima.com\/a-tire-d-ailes\/?s={search_term_string}"},"query-input":{"@type":"PropertyValueSpecification","valueRequired":true,"valueName":"search_term_string"}}],"inLanguage":"fr-FR"},{"@type":"Person","@id":"https:\/\/www.lactissima.com\/a-tire-d-ailes\/#\/schema\/person\/8f98d3a89530861bc1240e6d53d44eed","name":"V\u00e9ronique Darmangeat","image":{"@type":"ImageObject","inLanguage":"fr-FR","@id":"https:\/\/secure.gravatar.com\/avatar\/268c99344c89cebfe4f5df5fa8be43068a18884fc76a29f3206fae98465b9cab?s=96&d=identicon&r=g","url":"https:\/\/secure.gravatar.com\/avatar\/268c99344c89cebfe4f5df5fa8be43068a18884fc76a29f3206fae98465b9cab?s=96&d=identicon&r=g","contentUrl":"https:\/\/secure.gravatar.com\/avatar\/268c99344c89cebfe4f5df5fa8be43068a18884fc76a29f3206fae98465b9cab?s=96&d=identicon&r=g","caption":"V\u00e9ronique Darmangeat"},"sameAs":["https:\/\/www.lactissima.com\/a-tire-d-ailes","www.facebook.com\/consultante.en.lactation"]}]}},"_links":{"self":[{"href":"https:\/\/www.lactissima.com\/a-tire-d-ailes\/wp-json\/wp\/v2\/posts\/2887","targetHints":{"allow":["GET"]}}],"collection":[{"href":"https:\/\/www.lactissima.com\/a-tire-d-ailes\/wp-json\/wp\/v2\/posts"}],"about":[{"href":"https:\/\/www.lactissima.com\/a-tire-d-ailes\/wp-json\/wp\/v2\/types\/post"}],"author":[{"embeddable":true,"href":"https:\/\/www.lactissima.com\/a-tire-d-ailes\/wp-json\/wp\/v2\/users\/170"}],"replies":[{"embeddable":true,"href":"https:\/\/www.lactissima.com\/a-tire-d-ailes\/wp-json\/wp\/v2\/comments?post=2887"}],"version-history":[{"count":14,"href":"https:\/\/www.lactissima.com\/a-tire-d-ailes\/wp-json\/wp\/v2\/posts\/2887\/revisions"}],"predecessor-version":[{"id":5312,"href":"https:\/\/www.lactissima.com\/a-tire-d-ailes\/wp-json\/wp\/v2\/posts\/2887\/revisions\/5312"}],"wp:featuredmedia":[{"embeddable":true,"href":"https:\/\/www.lactissima.com\/a-tire-d-ailes\/wp-json\/wp\/v2\/media\/2891"}],"wp:attachment":[{"href":"https:\/\/www.lactissima.com\/a-tire-d-ailes\/wp-json\/wp\/v2\/media?parent=2887"}],"wp:term":[{"taxonomy":"category","embeddable":true,"href":"https:\/\/www.lactissima.com\/a-tire-d-ailes\/wp-json\/wp\/v2\/categories?post=2887"},{"taxonomy":"post_tag","embeddable":true,"href":"https:\/\/www.lactissima.com\/a-tire-d-ailes\/wp-json\/wp\/v2\/tags?post=2887"}],"curies":[{"name":"wp","href":"https:\/\/api.w.org\/{rel}","templated":true}]}}