{"id":2872,"date":"2012-02-03T20:42:37","date_gmt":"2012-02-03T18:42:37","guid":{"rendered":"https:\/\/www.lactissima.com\/a-tire-d-ailes\/?p=2872"},"modified":"2014-03-15T16:46:33","modified_gmt":"2014-03-15T14:46:33","slug":"allaiter-et-travailler-le-temoignage-de-fraisouille63","status":"publish","type":"post","link":"https:\/\/www.lactissima.com\/a-tire-d-ailes\/allaiter-et-travailler-le-temoignage-de-fraisouille63\/","title":{"rendered":"Allaiter et travailler : le t\u00e9moignage de Fraisouille63"},"content":{"rendered":"<p style=\"text-align: justify;\"><a href=\"https:\/\/www.lactissima.com\/a-tire-d-ailes\/wp-content\/uploads\/interview1.jpg\"><img loading=\"lazy\" decoding=\"async\" class=\"alignright size-full wp-image-3523\" title=\"interview\" alt=\"\" src=\"https:\/\/www.lactissima.com\/a-tire-d-ailes\/wp-content\/uploads\/interview1.jpg\" width=\"305\" height=\"235\" srcset=\"https:\/\/www.lactissima.com\/a-tire-d-ailes\/wp-content\/uploads\/interview1.jpg 305w, https:\/\/www.lactissima.com\/a-tire-d-ailes\/wp-content\/uploads\/interview1-300x231.jpg 300w\" sizes=\"(max-width: 305px) 100vw, 305px\" \/><\/a>Mon <strong>fils<\/strong> est n\u00e9 avec 3 semaines d&rsquo;avance dans un bon contexte : maternit\u00e9 qui aide \u00e0 <span style=\"color: #000000;\"><a href=\"http:\/\/www.allaiteraparis.fr\/\" target=\"_blank\"><span style=\"color: #000000;\">l&rsquo;allaitement<\/span><\/a><\/span>, j&rsquo;\u00e9tais <strong>confiante<\/strong>. Le d\u00e9marrage s&rsquo;est bien pass\u00e9 avec quelques petits soucis li\u00e9s \u00e0 une infection pour le petit et donc une grande fatigue pour lui qui <strong>s&rsquo;endormait<\/strong> au sein.<br \/>\nJ&rsquo;ai fait connaissance avec un premier <strong>tire-lait<\/strong>, qui se branchait au vide de l&rsquo;h\u00f4pital et qu&rsquo;il fallait actionner manuellement. Pouah quelle <strong>nullit\u00e9<\/strong> ce truc !<\/p>\n<p style=\"text-align: justify;\">Le retour \u00e0 la maison s&rsquo;est <strong>bien d\u00e9roul\u00e9<\/strong>, de bonnes t\u00e9t\u00e9es, plut\u00f4t fr\u00e9quentes, pas de <span style=\"color: #000000;\"><a href=\"http:\/\/www.allaiteraparis.fr\/aide-allaitement\" target=\"_blank\"><span style=\"color: #000000;\">crevasses<\/span><\/a><\/span>, pas de soucis. Le petit a bien grossi : impeccable.<\/p>\n<p style=\"text-align: justify;\">J&rsquo;ai pu obtenir un<strong> arr\u00eat compl\u00e9taire d&rsquo;un mois<\/strong> et j&rsquo;avais gard\u00e9 tous mes cong\u00e9s (c&rsquo;est mon premier, j&rsquo;ai pu me permettre cela). J&rsquo;ai donc repris le chemin du <strong>travail<\/strong> pour ses <strong>5 mois<\/strong>, alors qu&rsquo;il d\u00e9marrait la <strong>diversification<\/strong> (je suis informaticienne, je travaille dans des bureaux).<\/p>\n<p style=\"text-align: justify;\">Comme j&rsquo;ai un gros terrain <strong>atopique<\/strong>, et qu&rsquo;il avait d\u00e9j\u00e0 de l&rsquo;ecz\u00e9ma depuis ses 2 mois, je ne me suis pas pos\u00e9e la question et j&rsquo;ai souhait\u00e9 <strong><span style=\"color: #000000;\"><a title=\"Tirer son lait plus facilement.\" href=\"https:\/\/www.lactissima.com\/a-tire-d-ailes\/?p=2286\" target=\"_blank\"><span style=\"color: #000000;\">tirer mon lait<\/span><\/a><\/span><\/strong> plut\u00f4t que de lui en donner de l&rsquo;industriel.<br \/>\nMon <strong>patron<\/strong> \u00e9tant lui aussi p\u00e8re d&rsquo;un <strong>allergique<\/strong> alimentaire il connait les bienfaits du lait maternel. Il m&rsquo;a donc laiss\u00e9 faire comme je le souhaitais.<\/p>\n<p style=\"text-align: justify;\">J&rsquo;ai donc commenc\u00e9 \u00e0 tirer mon lait <strong>deux fois par jour<\/strong> dans la salle des archives, pour que mon fils aie des <strong>bouillies<\/strong> avec (il n&rsquo;a pas aim\u00e9 le boire au biberon). Je pensais que la situation serait <strong>temporaire<\/strong>, mais nous avons \u00e9tabli une corr\u00e9lation entre mon alimentation et les pouss\u00e9es d&rsquo;ecz\u00e9ma de mon fils. Nous en sommes arriv\u00e9s \u00e0 constater une <strong>allergie aux oeufs et au lait<\/strong> (tr\u00e8s fort urticaire de contact). Adieu les pr\u00e9visions d&rsquo;introduction de lait !<\/p>\n<p style=\"text-align: justify;\">J&rsquo;aurais pu choisir un <strong>lait sp\u00e9cial<\/strong> pour enfants allergiques, mais lequel ? Il s&rsquo;est av\u00e9r\u00e9 compliqu\u00e9 de choisir sans risquer une autre allergie (un peu long \u00e0 expliquer ici) alors avec la p\u00e9diatre nous avons choisi de <strong>poursuivre<\/strong> avec mon lait.<\/p>\n<p style=\"text-align: justify;\"><strong>Bilan<\/strong> : cela fait<strong> 6 mois que je tire mon lait<\/strong> deux fois par jour au boulot &#8230;<\/p>\n<p style=\"text-align: justify;\">J&rsquo;ai de la <strong>chance<\/strong>, j&rsquo;ai un patron <strong>compr\u00e9hensif<\/strong>, et un bon <span style=\"color: #000000;\"><a title=\"Le point sur les tire-lait\" href=\"https:\/\/www.lactissima.com\/a-tire-d-ailes\/?p=56\" target=\"_blank\"><span style=\"color: #000000;\">tire-lait<\/span><\/a><\/span>. J&rsquo;ai le <strong>Symphony<\/strong> de Medela, il est super doux et parfaitement silencieux. Je prend mon t\u00e9l\u00e9phone fixe avec moi et je peux <strong>r\u00e9pondre aux clients<\/strong> sans qu&rsquo;ils ne se rendent compte de quoi que ce soit.<\/p>\n<p style=\"text-align: justify;\">Mais tout cela est tr\u00e8s <strong>lourd<\/strong> et commence \u00e0 me <strong>peser<\/strong>.<\/p>\n<p style=\"text-align: justify;\">&#8211; D\u00e9j\u00e0 les <strong>vaisselles<\/strong> : laver, laver et encore laver. Je me suis bousill\u00e9e mes mains d&rsquo;ecz\u00e9mateuse, je mets d\u00e9sormais des gants (super glamour au boulot,les gants rose !)<\/p>\n<p style=\"text-align: justify;\">&#8211; Ensuite le <strong>temps pass\u00e9<\/strong> : 45 minutes par jour (en \u00e9tant super rod\u00e9e), que mon patron me <strong>paye<\/strong> malgr\u00e9 tout (merci, et m\u00eame si mon fils a maintenant plus d&rsquo;un an !).<\/p>\n<p style=\"text-align: justify;\">&#8211; La gestion du lait : <strong>cha\u00eene du froid<\/strong>, transmission \u00e0 la nounou, cong\u00e9lation du lait selon sa prochaine utilisation &#8230; compliqu\u00e9 !!<\/p>\n<p style=\"text-align: justify;\">&#8211; Enfin les <strong>d\u00e9placements<\/strong> : le site internet qui me loue le Medela a accept\u00e9 de me pr\u00eater en plus un petit tire-lait double pompage \u00e0 pile, pratique mais<strong> moins doux<\/strong>. J&rsquo;\u00e9vite au maximum les d\u00e9placements mais j&rsquo;en ai fait quelques uns : tirer son lait \u00e0 l&rsquo;h\u00f4tel, dans le train, chez le client &#8230; pfiou encore de sacr\u00e9s aventures :-).<\/p>\n<p style=\"text-align: justify;\">J&rsquo;ai fait ce qui me paraissait<strong> le mieux pour mon fils<\/strong>, mais maintenant <strong>j&rsquo;en ai marre<\/strong>, et j&rsquo;attends avec impatience le rendez-vous avec un p\u00e9diatre allergologue pour trouver quel lait lui donner en journ\u00e9e. Je ne souhaite pas arr\u00eater d&rsquo;allaiter, mais juste <strong>arr\u00eater de tirer mon lait<\/strong>.<br \/>\nCela sera une grand bouff\u00e9e d&rsquo;air !<\/p>\n<p style=\"text-align: justify;\">En tout cas il existe encore des <strong>entreprises<\/strong> o\u00f9 il fait bon tirer son lait. Mes <strong>coll\u00e8gues<\/strong> ont \u00e9t\u00e9 interpell\u00e9s mais <strong>compr\u00e9hensifs<\/strong>, la salle des archives a \u00e9t\u00e9 rebaptis\u00e9e \u00ab\u00a0laiterie\u00a0\u00bb et une autre coll\u00e8gue m&rsquo;a embo\u00eet\u00e9 le pas, visiblement rassur\u00e9e, pendant quelques mois. Il ne faut pas h\u00e9siter \u00e0  rappeler \u00e0 nos responsables les b\u00e9n\u00e9fices du lait maternel, et \u00e0 se procurer un bon tire-lait silencieux.<\/p>\n<p style=\"text-align: justify;\">Je ferais bien un peu de pub d&rsquo;ailleurs pour le site o\u00f9 je l&rsquo;ai lou\u00e9, car dans ma r\u00e9gion je n&rsquo;aurais jamais pu avoir le Symphony. C&rsquo;est le site<strong> Grandir Nature<\/strong>. Je pense que pleins de mamans seraient heureuses de savoir que ce genre de syst\u00e8me existe.<\/p>\n<p style=\"text-align: justify;\">Mise \u00e0 jour :<\/p>\n<p style=\"text-align: justify;\">En ce d\u00e9but <strong>f\u00e9vrier<\/strong> mon fils a <strong>15 mois<\/strong> &#8230; et je tire toujours mon lait. Nous avons bien obtenu un <strong>lait sp\u00e9cial<\/strong>, \u00e0 base de riz, mais au final ce n&rsquo;est pas le produit miraculeux dont je r\u00e9vais. Pas de <strong>lactose<\/strong> dans les laits pour allergiques ! Et les \u00e9tudes montrent que 40% des allergiques au lait finissent intol\u00e9rants au lactose. \u00c3\u2021a plus le risque, avec juste 2 t\u00e9t\u00e9es par jour, de voir mon lait se <strong>tarir<\/strong>, et nous avons d\u00e9cid\u00e9 de <strong>continuer<\/strong> les tirages. Enfin il y a quand m\u00eame 2 grosses <strong>avanc\u00e9es<\/strong> : je ne tire plus <strong>qu&rsquo;une<\/strong> fois par jour \u00e0 13h30 (plus d&rsquo;impact sur mon travail) et m\u00eame si j&rsquo;ai de petites quantit\u00e9s je peux toujours compl\u00e9ter avec le <strong>lait en poudre<\/strong> (un gros stress en moins).<br \/>\nVoil\u00e0 , jusqu&rsquo;\u00e0 quand cela durera, je ne sais pas ! Mais pour le moment c&rsquo;est ainsi et je fais avec. Heureusement les agr\u00e9ables <strong>t\u00e9t\u00e9es<\/strong> contrecarrent ce fichu tirage \ud83d\ude42<\/p>\n<p style=\"text-align: justify;\">\n<p style=\"text-align: justify;\"><strong>Articles en rapport :<\/strong><\/p>\n<ul>\n<li style=\"text-align: justify;\">Voir l&rsquo;onglet <a href=\"https:\/\/www.lactissima.com\/a-tire-d-ailes\/?page_id=1179\" target=\"_blank\">t\u00e9moignages<\/a><\/li>\n<\/ul>\n<p>&nbsp;<\/p>\n","protected":false},"excerpt":{"rendered":"<p>Fraisouille a choisi de tirer son lait mais elle a du continuer un peu malgr\u00e9 elle car son fils est allergique au lait de vache. D\u00e9sormais elle aimerait poursuivre l&rsquo;allaitement sans avoir \u00e0 tirer son lait.<\/p>\n","protected":false},"author":170,"featured_media":3523,"comment_status":"open","ping_status":"open","sticky":false,"template":"","format":"standard","meta":{"_et_pb_use_builder":"","_et_pb_old_content":"","_et_gb_content_width":"","footnotes":""},"categories":[36,150],"tags":[360,300,57,301],"class_list":["post-2872","post","type-post","status-publish","format-standard","has-post-thumbnail","hentry","category-allaitement-et-travail","category-temoignages","tag-crevasses","tag-lallaitement","tag-tire-lait","tag-tirer-mon-lait"],"yoast_head":"<!-- This site is optimized with the Yoast SEO plugin v27.4 - https:\/\/yoast.com\/product\/yoast-seo-wordpress\/ -->\n<title>Allaiter et travailler : le t\u00e9moignage de Fraisouille63<\/title>\n<meta name=\"description\" content=\"Fraisouille a choisi de tirer son lait mais elle a du continuer un peu malgr\u00e9 elle car son fils est allergique au lait de vache. D\u00e9sormais elle aimerait poursuivre l&#039;allaitement sans avoir \u00e0 tirer son lait.\" \/>\n<meta name=\"robots\" content=\"index, follow, max-snippet:-1, max-image-preview:large, max-video-preview:-1\" \/>\n<link rel=\"canonical\" href=\"https:\/\/www.lactissima.com\/a-tire-d-ailes\/allaiter-et-travailler-le-temoignage-de-fraisouille63\/\" \/>\n<meta property=\"og:locale\" content=\"fr_FR\" \/>\n<meta property=\"og:type\" content=\"article\" \/>\n<meta property=\"og:title\" content=\"Allaiter et travailler : le t\u00e9moignage de Fraisouille63\" \/>\n<meta property=\"og:description\" content=\"Fraisouille a choisi de tirer son lait mais elle a du continuer un peu malgr\u00e9 elle car son fils est allergique au lait de vache. D\u00e9sormais elle aimerait poursuivre l&#039;allaitement sans avoir \u00e0 tirer son lait.\" \/>\n<meta property=\"og:url\" content=\"https:\/\/www.lactissima.com\/a-tire-d-ailes\/allaiter-et-travailler-le-temoignage-de-fraisouille63\/\" \/>\n<meta property=\"og:site_name\" content=\"A tire d&#039;Ailes\" \/>\n<meta property=\"article:publisher\" content=\"https:\/\/www.facebook.com\/consultante.en.lactation\" \/>\n<meta property=\"article:author\" content=\"www.facebook.com\/consultante.en.lactation\" \/>\n<meta property=\"article:published_time\" content=\"2012-02-03T18:42:37+00:00\" \/>\n<meta property=\"article:modified_time\" content=\"2014-03-15T14:46:33+00:00\" \/>\n<meta property=\"og:image\" content=\"https:\/\/www.lactissima.com\/a-tire-d-ailes\/wp-content\/uploads\/interview1.jpg\" \/>\n\t<meta property=\"og:image:width\" content=\"305\" \/>\n\t<meta property=\"og:image:height\" content=\"235\" \/>\n\t<meta property=\"og:image:type\" content=\"image\/jpeg\" \/>\n<meta name=\"author\" content=\"V\u00e9ronique Darmangeat\" \/>\n<meta name=\"twitter:card\" content=\"summary_large_image\" \/>\n<meta name=\"twitter:creator\" content=\"@VeroniqueIBCLC\" \/>\n<meta name=\"twitter:site\" content=\"@VeroniqueIBCLC\" \/>\n<meta name=\"twitter:label1\" content=\"\u00c9crit par\" \/>\n\t<meta name=\"twitter:data1\" content=\"V\u00e9ronique Darmangeat\" \/>\n\t<meta name=\"twitter:label2\" content=\"Dur\u00e9e de lecture estim\u00e9e\" \/>\n\t<meta name=\"twitter:data2\" content=\"5 minutes\" \/>\n<script type=\"application\/ld+json\" class=\"yoast-schema-graph\">{\"@context\":\"https:\\\/\\\/schema.org\",\"@graph\":[{\"@type\":\"Article\",\"@id\":\"https:\\\/\\\/www.lactissima.com\\\/a-tire-d-ailes\\\/allaiter-et-travailler-le-temoignage-de-fraisouille63\\\/#article\",\"isPartOf\":{\"@id\":\"https:\\\/\\\/www.lactissima.com\\\/a-tire-d-ailes\\\/allaiter-et-travailler-le-temoignage-de-fraisouille63\\\/\"},\"author\":{\"name\":\"V\u00e9ronique Darmangeat\",\"@id\":\"https:\\\/\\\/www.lactissima.com\\\/a-tire-d-ailes\\\/#\\\/schema\\\/person\\\/8f98d3a89530861bc1240e6d53d44eed\"},\"headline\":\"Allaiter et travailler : le t\u00e9moignage de Fraisouille63\",\"datePublished\":\"2012-02-03T18:42:37+00:00\",\"dateModified\":\"2014-03-15T14:46:33+00:00\",\"mainEntityOfPage\":{\"@id\":\"https:\\\/\\\/www.lactissima.com\\\/a-tire-d-ailes\\\/allaiter-et-travailler-le-temoignage-de-fraisouille63\\\/\"},\"wordCount\":983,\"commentCount\":17,\"image\":{\"@id\":\"https:\\\/\\\/www.lactissima.com\\\/a-tire-d-ailes\\\/allaiter-et-travailler-le-temoignage-de-fraisouille63\\\/#primaryimage\"},\"thumbnailUrl\":\"https:\\\/\\\/www.lactissima.com\\\/a-tire-d-ailes\\\/wp-content\\\/uploads\\\/interview1.jpg\",\"keywords\":[\"crevasses\",\"l'allaitement\",\"tire-lait\",\"tirer mon lait\"],\"articleSection\":[\"Allaitement et Travail\",\"t\u00e9moignages\"],\"inLanguage\":\"fr-FR\",\"potentialAction\":[{\"@type\":\"CommentAction\",\"name\":\"Comment\",\"target\":[\"https:\\\/\\\/www.lactissima.com\\\/a-tire-d-ailes\\\/allaiter-et-travailler-le-temoignage-de-fraisouille63\\\/#respond\"]}]},{\"@type\":\"WebPage\",\"@id\":\"https:\\\/\\\/www.lactissima.com\\\/a-tire-d-ailes\\\/allaiter-et-travailler-le-temoignage-de-fraisouille63\\\/\",\"url\":\"https:\\\/\\\/www.lactissima.com\\\/a-tire-d-ailes\\\/allaiter-et-travailler-le-temoignage-de-fraisouille63\\\/\",\"name\":\"Allaiter et travailler : le t\u00e9moignage de Fraisouille63\",\"isPartOf\":{\"@id\":\"https:\\\/\\\/www.lactissima.com\\\/a-tire-d-ailes\\\/#website\"},\"primaryImageOfPage\":{\"@id\":\"https:\\\/\\\/www.lactissima.com\\\/a-tire-d-ailes\\\/allaiter-et-travailler-le-temoignage-de-fraisouille63\\\/#primaryimage\"},\"image\":{\"@id\":\"https:\\\/\\\/www.lactissima.com\\\/a-tire-d-ailes\\\/allaiter-et-travailler-le-temoignage-de-fraisouille63\\\/#primaryimage\"},\"thumbnailUrl\":\"https:\\\/\\\/www.lactissima.com\\\/a-tire-d-ailes\\\/wp-content\\\/uploads\\\/interview1.jpg\",\"datePublished\":\"2012-02-03T18:42:37+00:00\",\"dateModified\":\"2014-03-15T14:46:33+00:00\",\"author\":{\"@id\":\"https:\\\/\\\/www.lactissima.com\\\/a-tire-d-ailes\\\/#\\\/schema\\\/person\\\/8f98d3a89530861bc1240e6d53d44eed\"},\"description\":\"Fraisouille a choisi de tirer son lait mais elle a du continuer un peu malgr\u00e9 elle car son fils est allergique au lait de vache. D\u00e9sormais elle aimerait poursuivre l'allaitement sans avoir \u00e0 tirer son lait.\",\"breadcrumb\":{\"@id\":\"https:\\\/\\\/www.lactissima.com\\\/a-tire-d-ailes\\\/allaiter-et-travailler-le-temoignage-de-fraisouille63\\\/#breadcrumb\"},\"inLanguage\":\"fr-FR\",\"potentialAction\":[{\"@type\":\"ReadAction\",\"target\":[\"https:\\\/\\\/www.lactissima.com\\\/a-tire-d-ailes\\\/allaiter-et-travailler-le-temoignage-de-fraisouille63\\\/\"]}]},{\"@type\":\"ImageObject\",\"inLanguage\":\"fr-FR\",\"@id\":\"https:\\\/\\\/www.lactissima.com\\\/a-tire-d-ailes\\\/allaiter-et-travailler-le-temoignage-de-fraisouille63\\\/#primaryimage\",\"url\":\"https:\\\/\\\/www.lactissima.com\\\/a-tire-d-ailes\\\/wp-content\\\/uploads\\\/interview1.jpg\",\"contentUrl\":\"https:\\\/\\\/www.lactissima.com\\\/a-tire-d-ailes\\\/wp-content\\\/uploads\\\/interview1.jpg\",\"width\":\"305\",\"height\":\"235\"},{\"@type\":\"BreadcrumbList\",\"@id\":\"https:\\\/\\\/www.lactissima.com\\\/a-tire-d-ailes\\\/allaiter-et-travailler-le-temoignage-de-fraisouille63\\\/#breadcrumb\",\"itemListElement\":[{\"@type\":\"ListItem\",\"position\":1,\"name\":\"Accueil\",\"item\":\"https:\\\/\\\/www.lactissima.com\\\/a-tire-d-ailes\\\/\"},{\"@type\":\"ListItem\",\"position\":2,\"name\":\"Allaiter et travailler : le t\u00e9moignage de Fraisouille63\"}]},{\"@type\":\"WebSite\",\"@id\":\"https:\\\/\\\/www.lactissima.com\\\/a-tire-d-ailes\\\/#website\",\"url\":\"https:\\\/\\\/www.lactissima.com\\\/a-tire-d-ailes\\\/\",\"name\":\"A tire d&#039;Ailes\",\"description\":\"Le blog des femmes qui allaitent et travaillent.\",\"potentialAction\":[{\"@type\":\"SearchAction\",\"target\":{\"@type\":\"EntryPoint\",\"urlTemplate\":\"https:\\\/\\\/www.lactissima.com\\\/a-tire-d-ailes\\\/?s={search_term_string}\"},\"query-input\":{\"@type\":\"PropertyValueSpecification\",\"valueRequired\":true,\"valueName\":\"search_term_string\"}}],\"inLanguage\":\"fr-FR\"},{\"@type\":\"Person\",\"@id\":\"https:\\\/\\\/www.lactissima.com\\\/a-tire-d-ailes\\\/#\\\/schema\\\/person\\\/8f98d3a89530861bc1240e6d53d44eed\",\"name\":\"V\u00e9ronique Darmangeat\",\"image\":{\"@type\":\"ImageObject\",\"inLanguage\":\"fr-FR\",\"@id\":\"https:\\\/\\\/secure.gravatar.com\\\/avatar\\\/268c99344c89cebfe4f5df5fa8be43068a18884fc76a29f3206fae98465b9cab?s=96&d=identicon&r=g\",\"url\":\"https:\\\/\\\/secure.gravatar.com\\\/avatar\\\/268c99344c89cebfe4f5df5fa8be43068a18884fc76a29f3206fae98465b9cab?s=96&d=identicon&r=g\",\"contentUrl\":\"https:\\\/\\\/secure.gravatar.com\\\/avatar\\\/268c99344c89cebfe4f5df5fa8be43068a18884fc76a29f3206fae98465b9cab?s=96&d=identicon&r=g\",\"caption\":\"V\u00e9ronique Darmangeat\"},\"sameAs\":[\"https:\\\/\\\/www.lactissima.com\\\/a-tire-d-ailes\",\"www.facebook.com\\\/consultante.en.lactation\"]}]}<\/script>\n<!-- \/ Yoast SEO plugin. -->","yoast_head_json":{"title":"Allaiter et travailler : le t\u00e9moignage de Fraisouille63","description":"Fraisouille a choisi de tirer son lait mais elle a du continuer un peu malgr\u00e9 elle car son fils est allergique au lait de vache. D\u00e9sormais elle aimerait poursuivre l'allaitement sans avoir \u00e0 tirer son lait.","robots":{"index":"index","follow":"follow","max-snippet":"max-snippet:-1","max-image-preview":"max-image-preview:large","max-video-preview":"max-video-preview:-1"},"canonical":"https:\/\/www.lactissima.com\/a-tire-d-ailes\/allaiter-et-travailler-le-temoignage-de-fraisouille63\/","og_locale":"fr_FR","og_type":"article","og_title":"Allaiter et travailler : le t\u00e9moignage de Fraisouille63","og_description":"Fraisouille a choisi de tirer son lait mais elle a du continuer un peu malgr\u00e9 elle car son fils est allergique au lait de vache. D\u00e9sormais elle aimerait poursuivre l'allaitement sans avoir \u00e0 tirer son lait.","og_url":"https:\/\/www.lactissima.com\/a-tire-d-ailes\/allaiter-et-travailler-le-temoignage-de-fraisouille63\/","og_site_name":"A tire d&#039;Ailes","article_publisher":"https:\/\/www.facebook.com\/consultante.en.lactation","article_author":"www.facebook.com\/consultante.en.lactation","article_published_time":"2012-02-03T18:42:37+00:00","article_modified_time":"2014-03-15T14:46:33+00:00","og_image":[{"width":305,"height":235,"url":"https:\/\/www.lactissima.com\/a-tire-d-ailes\/wp-content\/uploads\/interview1.jpg","type":"image\/jpeg"}],"author":"V\u00e9ronique Darmangeat","twitter_card":"summary_large_image","twitter_creator":"@VeroniqueIBCLC","twitter_site":"@VeroniqueIBCLC","twitter_misc":{"\u00c9crit par":"V\u00e9ronique Darmangeat","Dur\u00e9e de lecture estim\u00e9e":"5 minutes"},"schema":{"@context":"https:\/\/schema.org","@graph":[{"@type":"Article","@id":"https:\/\/www.lactissima.com\/a-tire-d-ailes\/allaiter-et-travailler-le-temoignage-de-fraisouille63\/#article","isPartOf":{"@id":"https:\/\/www.lactissima.com\/a-tire-d-ailes\/allaiter-et-travailler-le-temoignage-de-fraisouille63\/"},"author":{"name":"V\u00e9ronique Darmangeat","@id":"https:\/\/www.lactissima.com\/a-tire-d-ailes\/#\/schema\/person\/8f98d3a89530861bc1240e6d53d44eed"},"headline":"Allaiter et travailler : le t\u00e9moignage de Fraisouille63","datePublished":"2012-02-03T18:42:37+00:00","dateModified":"2014-03-15T14:46:33+00:00","mainEntityOfPage":{"@id":"https:\/\/www.lactissima.com\/a-tire-d-ailes\/allaiter-et-travailler-le-temoignage-de-fraisouille63\/"},"wordCount":983,"commentCount":17,"image":{"@id":"https:\/\/www.lactissima.com\/a-tire-d-ailes\/allaiter-et-travailler-le-temoignage-de-fraisouille63\/#primaryimage"},"thumbnailUrl":"https:\/\/www.lactissima.com\/a-tire-d-ailes\/wp-content\/uploads\/interview1.jpg","keywords":["crevasses","l'allaitement","tire-lait","tirer mon lait"],"articleSection":["Allaitement et Travail","t\u00e9moignages"],"inLanguage":"fr-FR","potentialAction":[{"@type":"CommentAction","name":"Comment","target":["https:\/\/www.lactissima.com\/a-tire-d-ailes\/allaiter-et-travailler-le-temoignage-de-fraisouille63\/#respond"]}]},{"@type":"WebPage","@id":"https:\/\/www.lactissima.com\/a-tire-d-ailes\/allaiter-et-travailler-le-temoignage-de-fraisouille63\/","url":"https:\/\/www.lactissima.com\/a-tire-d-ailes\/allaiter-et-travailler-le-temoignage-de-fraisouille63\/","name":"Allaiter et travailler : le t\u00e9moignage de Fraisouille63","isPartOf":{"@id":"https:\/\/www.lactissima.com\/a-tire-d-ailes\/#website"},"primaryImageOfPage":{"@id":"https:\/\/www.lactissima.com\/a-tire-d-ailes\/allaiter-et-travailler-le-temoignage-de-fraisouille63\/#primaryimage"},"image":{"@id":"https:\/\/www.lactissima.com\/a-tire-d-ailes\/allaiter-et-travailler-le-temoignage-de-fraisouille63\/#primaryimage"},"thumbnailUrl":"https:\/\/www.lactissima.com\/a-tire-d-ailes\/wp-content\/uploads\/interview1.jpg","datePublished":"2012-02-03T18:42:37+00:00","dateModified":"2014-03-15T14:46:33+00:00","author":{"@id":"https:\/\/www.lactissima.com\/a-tire-d-ailes\/#\/schema\/person\/8f98d3a89530861bc1240e6d53d44eed"},"description":"Fraisouille a choisi de tirer son lait mais elle a du continuer un peu malgr\u00e9 elle car son fils est allergique au lait de vache. D\u00e9sormais elle aimerait poursuivre l'allaitement sans avoir \u00e0 tirer son lait.","breadcrumb":{"@id":"https:\/\/www.lactissima.com\/a-tire-d-ailes\/allaiter-et-travailler-le-temoignage-de-fraisouille63\/#breadcrumb"},"inLanguage":"fr-FR","potentialAction":[{"@type":"ReadAction","target":["https:\/\/www.lactissima.com\/a-tire-d-ailes\/allaiter-et-travailler-le-temoignage-de-fraisouille63\/"]}]},{"@type":"ImageObject","inLanguage":"fr-FR","@id":"https:\/\/www.lactissima.com\/a-tire-d-ailes\/allaiter-et-travailler-le-temoignage-de-fraisouille63\/#primaryimage","url":"https:\/\/www.lactissima.com\/a-tire-d-ailes\/wp-content\/uploads\/interview1.jpg","contentUrl":"https:\/\/www.lactissima.com\/a-tire-d-ailes\/wp-content\/uploads\/interview1.jpg","width":"305","height":"235"},{"@type":"BreadcrumbList","@id":"https:\/\/www.lactissima.com\/a-tire-d-ailes\/allaiter-et-travailler-le-temoignage-de-fraisouille63\/#breadcrumb","itemListElement":[{"@type":"ListItem","position":1,"name":"Accueil","item":"https:\/\/www.lactissima.com\/a-tire-d-ailes\/"},{"@type":"ListItem","position":2,"name":"Allaiter et travailler : le t\u00e9moignage de Fraisouille63"}]},{"@type":"WebSite","@id":"https:\/\/www.lactissima.com\/a-tire-d-ailes\/#website","url":"https:\/\/www.lactissima.com\/a-tire-d-ailes\/","name":"A tire d&#039;Ailes","description":"Le blog des femmes qui allaitent et travaillent.","potentialAction":[{"@type":"SearchAction","target":{"@type":"EntryPoint","urlTemplate":"https:\/\/www.lactissima.com\/a-tire-d-ailes\/?s={search_term_string}"},"query-input":{"@type":"PropertyValueSpecification","valueRequired":true,"valueName":"search_term_string"}}],"inLanguage":"fr-FR"},{"@type":"Person","@id":"https:\/\/www.lactissima.com\/a-tire-d-ailes\/#\/schema\/person\/8f98d3a89530861bc1240e6d53d44eed","name":"V\u00e9ronique Darmangeat","image":{"@type":"ImageObject","inLanguage":"fr-FR","@id":"https:\/\/secure.gravatar.com\/avatar\/268c99344c89cebfe4f5df5fa8be43068a18884fc76a29f3206fae98465b9cab?s=96&d=identicon&r=g","url":"https:\/\/secure.gravatar.com\/avatar\/268c99344c89cebfe4f5df5fa8be43068a18884fc76a29f3206fae98465b9cab?s=96&d=identicon&r=g","contentUrl":"https:\/\/secure.gravatar.com\/avatar\/268c99344c89cebfe4f5df5fa8be43068a18884fc76a29f3206fae98465b9cab?s=96&d=identicon&r=g","caption":"V\u00e9ronique Darmangeat"},"sameAs":["https:\/\/www.lactissima.com\/a-tire-d-ailes","www.facebook.com\/consultante.en.lactation"]}]}},"_links":{"self":[{"href":"https:\/\/www.lactissima.com\/a-tire-d-ailes\/wp-json\/wp\/v2\/posts\/2872","targetHints":{"allow":["GET"]}}],"collection":[{"href":"https:\/\/www.lactissima.com\/a-tire-d-ailes\/wp-json\/wp\/v2\/posts"}],"about":[{"href":"https:\/\/www.lactissima.com\/a-tire-d-ailes\/wp-json\/wp\/v2\/types\/post"}],"author":[{"embeddable":true,"href":"https:\/\/www.lactissima.com\/a-tire-d-ailes\/wp-json\/wp\/v2\/users\/170"}],"replies":[{"embeddable":true,"href":"https:\/\/www.lactissima.com\/a-tire-d-ailes\/wp-json\/wp\/v2\/comments?post=2872"}],"version-history":[{"count":13,"href":"https:\/\/www.lactissima.com\/a-tire-d-ailes\/wp-json\/wp\/v2\/posts\/2872\/revisions"}],"predecessor-version":[{"id":5314,"href":"https:\/\/www.lactissima.com\/a-tire-d-ailes\/wp-json\/wp\/v2\/posts\/2872\/revisions\/5314"}],"wp:featuredmedia":[{"embeddable":true,"href":"https:\/\/www.lactissima.com\/a-tire-d-ailes\/wp-json\/wp\/v2\/media\/3523"}],"wp:attachment":[{"href":"https:\/\/www.lactissima.com\/a-tire-d-ailes\/wp-json\/wp\/v2\/media?parent=2872"}],"wp:term":[{"taxonomy":"category","embeddable":true,"href":"https:\/\/www.lactissima.com\/a-tire-d-ailes\/wp-json\/wp\/v2\/categories?post=2872"},{"taxonomy":"post_tag","embeddable":true,"href":"https:\/\/www.lactissima.com\/a-tire-d-ailes\/wp-json\/wp\/v2\/tags?post=2872"}],"curies":[{"name":"wp","href":"https:\/\/api.w.org\/{rel}","templated":true}]}}