{"id":2806,"date":"2011-12-31T09:27:50","date_gmt":"2011-12-31T07:27:50","guid":{"rendered":"https:\/\/www.lactissima.com\/a-tire-d-ailes\/?p=2806"},"modified":"2014-03-15T16:47:21","modified_gmt":"2014-03-15T14:47:21","slug":"allaiter-et-travailler-le-temoignage-de-delphine","status":"publish","type":"post","link":"https:\/\/www.lactissima.com\/a-tire-d-ailes\/allaiter-et-travailler-le-temoignage-de-delphine\/","title":{"rendered":"Allaiter et travailler : le t\u00e9moignage de Delphine"},"content":{"rendered":"<p style=\"text-align: justify;\"><strong><a href=\"https:\/\/www.lactissima.com\/a-tire-d-ailes\/wp-content\/uploads\/2011\/12\/allaitement-Antton.jpg\"><img loading=\"lazy\" decoding=\"async\" class=\"alignright size-full wp-image-4478\" alt=\"allaitement Antton\" src=\"https:\/\/www.lactissima.com\/a-tire-d-ailes\/wp-content\/uploads\/2011\/12\/allaitement-Antton.jpg\" width=\"291\" height=\"218\" \/><\/a>Quel choix avez-vous fait au moment de la reprise du travail : sevrage ou poursuite de l&rsquo;allaitement ? Pourquoi ?<\/strong><\/p>\n<p style=\"text-align: justify;\">Je suis la maman d&rsquo;un petit Antton, 10 mois 1\/2 que j&rsquo;allaite avec un immense plaisir.<\/p>\n<p style=\"text-align: justify;\">Quand j&rsquo;ai repris le travail (kin\u00e9 lib\u00e9ral, associ\u00e9e dans un cabinet de ville), je voulais poursuivre mon <span style=\"color: #000000;\"><a title=\"l'allaitement\" href=\"http:\/\/www.allaiteraparis.fr\/\" target=\"_blank\"><span style=\"color: #000000;\">allaitement<\/span><\/a><\/span>, Antton avait alors 3 mois, pour plusieurs raisons : \u00e7a se passait bien, j&rsquo;y prenait beaucoup de plaisir, mon mari me soutenait et j&rsquo;\u00e9tais entour\u00e9e : la tante de mon mari est <span style=\"color: #000000;\"><a title=\"consultante en lactation\" href=\"http:\/\/www.allaiteraparis.fr\/consultante-en-lactation\" target=\"_blank\"><span style=\"color: #000000;\">conseill\u00e8re en allaitement<\/span><\/a><\/span> et \u00e9tait tr\u00e8s disponible pour me conseiller, r\u00e9pondre \u00e0 mes doutes et me guider par t\u00e9l\u00e9phone et par mail depuis le tout d\u00e9but.<\/p>\n<p style=\"text-align: justify;\"><strong>Comment vous \u00eates-vous organis\u00e9e ?<\/strong><\/p>\n<p style=\"text-align: justify;\">Pour l&rsquo;organisation, il a fallu r\u00e9fl\u00e9chir et nous adapter au fil des mois. Voil\u00e0 comment nous nous y sommes pris :<\/p>\n<p style=\"text-align: justify;\">&#8211; 15 jours avant la reprise j&rsquo;ai apprivois\u00e9 le <span style=\"color: #000000;\"><a title=\"Le point sur les tire-lait\" href=\"https:\/\/www.lactissima.com\/a-tire-d-ailes\/?p=56\" target=\"_blank\"><span style=\"color: #000000;\">tire-lait \u00e9lectrique<\/span><\/a><\/span> (Medela, double tirage) et commenc\u00e9 \u00e0 faire des stocks qui ne m&rsquo;ont finalement jamais servi. Au d\u00e9but je tirais apr\u00e8s la t\u00e9t\u00e9e, assise \u00e0 c\u00f4t\u00e9 de mon fils en lui parlant. Puis \u00e7a a \u00e9t\u00e9 en m\u00eame temps que la t\u00e9t\u00e9e, Antton \u00e0 un sein, le tire-lait \u00e0 l&rsquo;autre.<\/p>\n<p style=\"text-align: justify;\">&#8211; de 3 \u00e0 6 mois je rentrais tous les midis chez la nounou pour allaiter et <span style=\"color: #000000;\"><a title=\"Tirer son lait plus facilement.\" href=\"https:\/\/www.lactissima.com\/a-tire-d-ailes\/?p=2286\" target=\"_blank\"><span style=\"color: #000000;\">tirer le lait<\/span><\/a><\/span> en m\u00eame temps. On l&rsquo;a expliqu\u00e9 aux autres enfants dont la nounou avait la responsabilit\u00e9 et \u00e7a s&rsquo;est tr\u00e8s bien pass\u00e9 pour tout le monde. Les autres enfants se sont montr\u00e9s curieux, amus\u00e9s et respectueux.<\/p>\n<p style=\"text-align: justify;\">J&rsquo;amenais le lait frais dans une glaci\u00e8re que je d\u00e9posais le matin chez la nounou et nous r\u00e9cup\u00e9rions le soir ce qui n&rsquo;avait pas \u00e9t\u00e9 bu.<\/p>\n<p style=\"text-align: justify;\">&#8211; l&rsquo;apr\u00e8s-midi je tirais encore une fois sur les 2 seins en m\u00eame temps, j&rsquo;avais \u00ab\u00a0bloqu\u00e9\u00a0\u00bb un cr\u00e9neau sur mon planning.<\/p>\n<p style=\"text-align: justify;\">Nous avons une petite kitchenette au cabinet o\u00f9 je pouvais m&rsquo;isoler tranquillement.<\/p>\n<p style=\"text-align: justify;\">Le surplus tir\u00e9 qu&rsquo;Antton ne prenait pas \u00e9tait pour le Lactarium et l&rsquo;est toujours. Une collectrice passe \u00e0 la maison recueillir les biberons de lait congel\u00e9.<\/p>\n<p style=\"text-align: justify;\">&#8211; \u00e0 6 mois, nous avons commenc\u00e9 la diversification en douceur, le petit \u00e9tait demandeur depuis quelques semaines d\u00e9j\u00e0 et nous le mettions \u00e0 table avec nous depuis quasiment toujours. Malgr\u00e9 mes craintes devant l&rsquo;inconnu, le petit \u00e9tait ravi et a toujours mang\u00e9 avec app\u00e9tit.<\/p>\n<p style=\"text-align: justify;\">Mon mari est enseignant et c&rsquo;est tomb\u00e9 au moment des vacances d&rsquo;\u00e9t\u00e9. Je rentrais donc le midi pour continuer allaitement \/ tire-lait.<\/p>\n<p style=\"text-align: justify;\">En septembre le petit n&rsquo;a plus voulu de mon lait en biberon, mais uniquement au sein.<\/p>\n<p style=\"text-align: justify;\">Quand je travaille il t\u00e8te matin et 1-2 fois le soir, le lendemain je tire le midi les deux seins pendant qu&rsquo;il est chez la nounou.<\/p>\n<p style=\"text-align: justify;\">Quand je ne travaille pas : week-end et mercredi, il t\u00e8te de 4 \u00e0 7 fois et je ne tire pas.<\/p>\n<p style=\"text-align: justify;\"><strong>Quelles ont \u00e9t\u00e9 vos principales difficult\u00e9s ?<\/strong><\/p>\n<p style=\"text-align: justify;\">Voici les principales difficult\u00e9s que j&rsquo;ai rencontr\u00e9es :<\/p>\n<p style=\"text-align: justify;\">&#8211; \u00e0 la maternit\u00e9, Antton ne prenait pas bien le sein, j&rsquo;ai donc \u00e9t\u00e9 tr\u00e8s entour\u00e9e par l&rsquo;\u00e9quipe pendant 48h, jusqu&rsquo;\u00e0 la mont\u00e9e de lait et m\u00eame apr\u00e8s. Nous avons heureusement trouv\u00e9 la position \u00e0 califourchon qui a r\u00e9solu tous les petis soucis de prise du sein.<\/p>\n<p style=\"text-align: justify;\">&#8211; au tout d\u00e9but j&rsquo;ai d\u00fb affronter mes peurs : est-ce qu&rsquo;il prend bien? est-il rassasi\u00e9? il t\u00e8te de fa\u00e7on tr\u00e8s anarchique, mon lait est-il bon?<\/p>\n<p style=\"text-align: justify;\">&#8211; beaucoup de fatigue car je tirais trop souvent, voulant \u00eatre s\u00fbre qu&rsquo;Antton ait assez. J&rsquo;ai fait une pause de 3 semaines pour le Lactarium et en tirant moins souvent (au moment o\u00f9 Antton n&rsquo;a plus voulu de mon lait en biberon), \u00e7a s&rsquo;est r\u00e9gul\u00e9.<\/p>\n<p style=\"text-align: justify;\">&#8211; expliquer \u00e0 l&rsquo;entourage d&rsquo;amis ou plut\u00f4t me justifier d&rsquo;<span style=\"color: #000000;\"><a title=\"Au coeur du sujet : allaiter et travailler\" href=\"https:\/\/www.lactissima.com\/a-tire-d-ailes\/?p=34\" target=\"_blank\"><span style=\"color: #000000;\">allaiter en travaillant<\/span><\/a><\/span>.<\/p>\n<p style=\"text-align: justify;\">&#8211; beaucoup de communication avec mon mari qui ne pouvait donc pas pendant ses vacances partir 2-3 jours avec le petit alors qu&rsquo;il l&rsquo;aurait souhait\u00e9.<\/p>\n<p style=\"text-align: justify;\"><strong>Quels ont \u00e9t\u00e9 vos meilleurs moments ?<\/strong><\/p>\n<p style=\"text-align: justify;\">Les meilleurs moments sont en fait le moment o\u00f9 il t\u00e8te. Je ressens un immense bonheur \u00e0 le regarder t\u00e9ter. Surtout quand il glisse dans le sommeil.<\/p>\n<p style=\"text-align: justify;\"><strong>Qu&rsquo;est-ce que vous souhaiteriez dire aux mamans qui doivent faire un choix dans les semaines \u00e0 venir ?<\/strong><\/p>\n<p style=\"text-align: justify;\">Pour les mamans qui doivent se d\u00e9cider sur le choix du sein ou du biberon, je dirais d&rsquo;\u00e9couter quel est le vrai d\u00e9sir de chacune, en en parlant avec le conjoint.<\/p>\n<p style=\"text-align: justify;\">Allaiter n&rsquo;\u00e9tait pas mon r\u00eave de gamine. J&rsquo;ai eu envie d&rsquo;essayer et une fois ma d\u00e9cision prise j&rsquo;ai \u00e9t\u00e9 tr\u00e8s motiv\u00e9e. Mais je ne pensais pas que \u00e7a allait \u00e0 ce point me plaire. Je suis all\u00e9e de d\u00e9couverte en d\u00e9couverte et allaiter a \u00e9t\u00e9 une vraie r\u00e9v\u00e9lation.<\/p>\n<p style=\"text-align: justify;\">Quoiqu&rsquo;il en soit, une bonne m\u00e8re est, pour moi, une m\u00e8re aimante, qu&rsquo;elle donne le sein ou le biberon, l&rsquo;essentiel \u00e9tant d&rsquo;offrir \u00e0 son b\u00e9b\u00e9 des conditions de s\u00e9r\u00e9nit\u00e9.<\/p>\n<p style=\"text-align: justify;\"><strong>Ce serait \u00e0 refaire, vous referiez le m\u00eame choix ? Que changeriez-vous ?<\/strong><\/p>\n<p style=\"text-align: justify;\">Si c&rsquo;\u00e9tait \u00e0 refaire, je referais 100 fois ce choix, malgr\u00e9 les difficult\u00e9s \u00e0 la mise au sein du d\u00e9but, malgr\u00e9 la douleur des deux 1ers jours car pour chaque probl\u00e8me rencontr\u00e9 nous avons, en \u00e9quipe, trouv\u00e9 une solution, malgr\u00e9 les doutes personnels et les pr\u00e9jug\u00e9s de l&rsquo;entourage ignorant.<\/p>\n<p style=\"text-align: justify;\">Je n&rsquo;aurais jamais connu le bonheur d&rsquo;un allaitement long sans l&rsquo;accord de mon b\u00e9b\u00e9, l&rsquo;amour et l&rsquo;enti\u00e8re coop\u00e9ration de mon mari et le soutien inconditionnel et les conseils judicieux de la tante de mon mari, conseill\u00e8re en allaitement.<\/p>\n<p style=\"text-align: justify;\">Chaque maman qui allaite devrait avoir une r\u00e9f\u00e9rente qu&rsquo;elle pourrait joindre tout au long de cette fantastique exp\u00e9rience.<\/p>\n<p style=\"text-align: justify;\">Je ne me suis jamais dit \u00ab\u00a0je vais allaiter jusqu&rsquo;\u00e0 telle date\u00a0\u00bb car je ne voulais pas me mettre de pression et je n&rsquo;ai pas voulu entendre ceux qui m&rsquo;ont dit \u00ab\u00a0attends-toi \u00e0 avoir moins de lait quand tu vas reprendre le travail\u00a0\u00bb car c&rsquo;est faux. La preuve, je donne encore au Lactarium.<\/p>\n<p style=\"text-align: justify;\">Je me suis dit : s&rsquo;il t\u00e8te jusqu&rsquo;\u00e0 ma reprise du travail \u00e0 3 mois ce serait bien, s&rsquo;il t\u00e8te jusqu&rsquo;\u00e0 ses 6 mois ce serait vraiment super, s&rsquo;il t\u00e8te jusqu&rsquo;\u00e0 mes vacances d&rsquo;\u00e9t\u00e9 ce serait extraordinaire. Maintenant qu&rsquo;il t\u00e8te toujours \u00e0 10 mois 1\/2, je r\u00e9ponds \u00e0 la question qu&rsquo;on me pose si souvent : \u00ab\u00a0mais jusqu&rsquo;\u00e0 quand comptes-tu allaiter?\u00a0\u00bb, \u00ab\u00a0jusqu&rsquo;\u00e0 ce que mon b\u00e9b\u00e9 le d\u00e9sire\u00a0\u00bb. Lorsqu&rsquo;il ne le souhaitera plus, il me faudra alors accepter sereinement le sevrage, acceptation d&rsquo;autant plus sereine que le sevrage sera naturel.<\/p>\n<p style=\"text-align: justify;\"><strong>Articles en rapport :<\/strong><\/p>\n<ul>\n<li style=\"text-align: justify;\">Voir l&rsquo;onglet <a href=\"https:\/\/www.lactissima.com\/a-tire-d-ailes\/?page_id=1179\" target=\"_blank\">t\u00e9moignages<\/a><\/li>\n<\/ul>\n<p>&nbsp;<\/p>\n","protected":false},"excerpt":{"rendered":"<p>Delphine a d\u00e9cid\u00e9 de poursuivre l&rsquo;allaitement apr\u00e8s la reprise du travail. Pour cela elle a toujours tir\u00e9 son lait, donn\u00e9 \u00e0 son b\u00e9b\u00e9 par la nounou ou le papa. De plus, elle continue \u00e0 donner du lait au lactarium. Elle souhaite poursuivre l&rsquo;allaitement jusqu&rsquo;\u00e0 ce que son b\u00e9b\u00e9 d\u00e9cide d&rsquo;arr\u00eater.<\/p>\n","protected":false},"author":170,"featured_media":4478,"comment_status":"open","ping_status":"open","sticky":false,"template":"","format":"standard","meta":{"_et_pb_use_builder":"","_et_pb_old_content":"","_et_gb_content_width":"","footnotes":""},"categories":[36,150],"tags":[680,343,352,351,218],"class_list":["post-2806","post","type-post","status-publish","format-standard","has-post-thumbnail","hentry","category-allaitement-et-travail","category-temoignages","tag-allaitement","tag-allaiter-en-travaillant","tag-conseillere-en-allaitement","tag-tire-lait-electrique","tag-tirer-le-lait"],"yoast_head":"<!-- This site is optimized with the Yoast SEO plugin v27.4 - https:\/\/yoast.com\/product\/yoast-seo-wordpress\/ -->\n<title>Allaiter et travailler : le t\u00e9moignage de Delphine<\/title>\n<meta name=\"description\" content=\"Delphine a d\u00e9cid\u00e9 de poursuivre l&#039;allaitement apr\u00e8s la reprise du travail. Pour cela elle a toujours tir\u00e9 son lait, donn\u00e9 \u00e0 son b\u00e9b\u00e9 par la nounou ou le papa.\" \/>\n<meta name=\"robots\" content=\"index, follow, max-snippet:-1, max-image-preview:large, max-video-preview:-1\" \/>\n<link rel=\"canonical\" href=\"https:\/\/www.lactissima.com\/a-tire-d-ailes\/allaiter-et-travailler-le-temoignage-de-delphine\/\" \/>\n<meta property=\"og:locale\" content=\"fr_FR\" \/>\n<meta property=\"og:type\" content=\"article\" \/>\n<meta property=\"og:title\" content=\"Allaiter et travailler : le t\u00e9moignage de Delphine\" \/>\n<meta property=\"og:description\" content=\"Delphine a d\u00e9cid\u00e9 de poursuivre l&#039;allaitement apr\u00e8s la reprise du travail. Pour cela elle a toujours tir\u00e9 son lait, donn\u00e9 \u00e0 son b\u00e9b\u00e9 par la nounou ou le papa.\" \/>\n<meta property=\"og:url\" content=\"https:\/\/www.lactissima.com\/a-tire-d-ailes\/allaiter-et-travailler-le-temoignage-de-delphine\/\" \/>\n<meta property=\"og:site_name\" content=\"A tire d&#039;Ailes\" \/>\n<meta property=\"article:publisher\" content=\"https:\/\/www.facebook.com\/consultante.en.lactation\" \/>\n<meta property=\"article:author\" content=\"www.facebook.com\/consultante.en.lactation\" \/>\n<meta property=\"article:published_time\" content=\"2011-12-31T07:27:50+00:00\" \/>\n<meta property=\"article:modified_time\" content=\"2014-03-15T14:47:21+00:00\" \/>\n<meta property=\"og:image\" content=\"https:\/\/www.lactissima.com\/a-tire-d-ailes\/wp-content\/uploads\/2011\/12\/allaitement-Antton.jpg\" \/>\n\t<meta property=\"og:image:width\" content=\"291\" \/>\n\t<meta property=\"og:image:height\" content=\"218\" \/>\n\t<meta property=\"og:image:type\" content=\"image\/jpeg\" \/>\n<meta name=\"author\" content=\"V\u00e9ronique Darmangeat\" \/>\n<meta name=\"twitter:card\" content=\"summary_large_image\" \/>\n<meta name=\"twitter:creator\" content=\"@VeroniqueIBCLC\" \/>\n<meta name=\"twitter:site\" content=\"@VeroniqueIBCLC\" \/>\n<meta name=\"twitter:label1\" content=\"\u00c9crit par\" \/>\n\t<meta name=\"twitter:data1\" content=\"V\u00e9ronique Darmangeat\" \/>\n\t<meta name=\"twitter:label2\" content=\"Dur\u00e9e de lecture estim\u00e9e\" \/>\n\t<meta name=\"twitter:data2\" content=\"6 minutes\" \/>\n<script type=\"application\/ld+json\" class=\"yoast-schema-graph\">{\"@context\":\"https:\\\/\\\/schema.org\",\"@graph\":[{\"@type\":\"Article\",\"@id\":\"https:\\\/\\\/www.lactissima.com\\\/a-tire-d-ailes\\\/allaiter-et-travailler-le-temoignage-de-delphine\\\/#article\",\"isPartOf\":{\"@id\":\"https:\\\/\\\/www.lactissima.com\\\/a-tire-d-ailes\\\/allaiter-et-travailler-le-temoignage-de-delphine\\\/\"},\"author\":{\"name\":\"V\u00e9ronique Darmangeat\",\"@id\":\"https:\\\/\\\/www.lactissima.com\\\/a-tire-d-ailes\\\/#\\\/schema\\\/person\\\/8f98d3a89530861bc1240e6d53d44eed\"},\"headline\":\"Allaiter et travailler : le t\u00e9moignage de Delphine\",\"datePublished\":\"2011-12-31T07:27:50+00:00\",\"dateModified\":\"2014-03-15T14:47:21+00:00\",\"mainEntityOfPage\":{\"@id\":\"https:\\\/\\\/www.lactissima.com\\\/a-tire-d-ailes\\\/allaiter-et-travailler-le-temoignage-de-delphine\\\/\"},\"wordCount\":1174,\"commentCount\":6,\"image\":{\"@id\":\"https:\\\/\\\/www.lactissima.com\\\/a-tire-d-ailes\\\/allaiter-et-travailler-le-temoignage-de-delphine\\\/#primaryimage\"},\"thumbnailUrl\":\"https:\\\/\\\/www.lactissima.com\\\/a-tire-d-ailes\\\/wp-content\\\/uploads\\\/2011\\\/12\\\/allaitement-Antton.jpg\",\"keywords\":[\"Allaitement\",\"allaiter en travaillant\",\"conseill\u00e8re en allaitement\",\"tire-lait \u00e9lectrique\",\"tirer le lait\"],\"articleSection\":[\"Allaitement et Travail\",\"t\u00e9moignages\"],\"inLanguage\":\"fr-FR\",\"potentialAction\":[{\"@type\":\"CommentAction\",\"name\":\"Comment\",\"target\":[\"https:\\\/\\\/www.lactissima.com\\\/a-tire-d-ailes\\\/allaiter-et-travailler-le-temoignage-de-delphine\\\/#respond\"]}]},{\"@type\":\"WebPage\",\"@id\":\"https:\\\/\\\/www.lactissima.com\\\/a-tire-d-ailes\\\/allaiter-et-travailler-le-temoignage-de-delphine\\\/\",\"url\":\"https:\\\/\\\/www.lactissima.com\\\/a-tire-d-ailes\\\/allaiter-et-travailler-le-temoignage-de-delphine\\\/\",\"name\":\"Allaiter et travailler : le t\u00e9moignage de Delphine\",\"isPartOf\":{\"@id\":\"https:\\\/\\\/www.lactissima.com\\\/a-tire-d-ailes\\\/#website\"},\"primaryImageOfPage\":{\"@id\":\"https:\\\/\\\/www.lactissima.com\\\/a-tire-d-ailes\\\/allaiter-et-travailler-le-temoignage-de-delphine\\\/#primaryimage\"},\"image\":{\"@id\":\"https:\\\/\\\/www.lactissima.com\\\/a-tire-d-ailes\\\/allaiter-et-travailler-le-temoignage-de-delphine\\\/#primaryimage\"},\"thumbnailUrl\":\"https:\\\/\\\/www.lactissima.com\\\/a-tire-d-ailes\\\/wp-content\\\/uploads\\\/2011\\\/12\\\/allaitement-Antton.jpg\",\"datePublished\":\"2011-12-31T07:27:50+00:00\",\"dateModified\":\"2014-03-15T14:47:21+00:00\",\"author\":{\"@id\":\"https:\\\/\\\/www.lactissima.com\\\/a-tire-d-ailes\\\/#\\\/schema\\\/person\\\/8f98d3a89530861bc1240e6d53d44eed\"},\"description\":\"Delphine a d\u00e9cid\u00e9 de poursuivre l'allaitement apr\u00e8s la reprise du travail. Pour cela elle a toujours tir\u00e9 son lait, donn\u00e9 \u00e0 son b\u00e9b\u00e9 par la nounou ou le papa.\",\"breadcrumb\":{\"@id\":\"https:\\\/\\\/www.lactissima.com\\\/a-tire-d-ailes\\\/allaiter-et-travailler-le-temoignage-de-delphine\\\/#breadcrumb\"},\"inLanguage\":\"fr-FR\",\"potentialAction\":[{\"@type\":\"ReadAction\",\"target\":[\"https:\\\/\\\/www.lactissima.com\\\/a-tire-d-ailes\\\/allaiter-et-travailler-le-temoignage-de-delphine\\\/\"]}]},{\"@type\":\"ImageObject\",\"inLanguage\":\"fr-FR\",\"@id\":\"https:\\\/\\\/www.lactissima.com\\\/a-tire-d-ailes\\\/allaiter-et-travailler-le-temoignage-de-delphine\\\/#primaryimage\",\"url\":\"https:\\\/\\\/www.lactissima.com\\\/a-tire-d-ailes\\\/wp-content\\\/uploads\\\/2011\\\/12\\\/allaitement-Antton.jpg\",\"contentUrl\":\"https:\\\/\\\/www.lactissima.com\\\/a-tire-d-ailes\\\/wp-content\\\/uploads\\\/2011\\\/12\\\/allaitement-Antton.jpg\",\"width\":291,\"height\":218},{\"@type\":\"BreadcrumbList\",\"@id\":\"https:\\\/\\\/www.lactissima.com\\\/a-tire-d-ailes\\\/allaiter-et-travailler-le-temoignage-de-delphine\\\/#breadcrumb\",\"itemListElement\":[{\"@type\":\"ListItem\",\"position\":1,\"name\":\"Accueil\",\"item\":\"https:\\\/\\\/www.lactissima.com\\\/a-tire-d-ailes\\\/\"},{\"@type\":\"ListItem\",\"position\":2,\"name\":\"Allaiter et travailler : le t\u00e9moignage de Delphine\"}]},{\"@type\":\"WebSite\",\"@id\":\"https:\\\/\\\/www.lactissima.com\\\/a-tire-d-ailes\\\/#website\",\"url\":\"https:\\\/\\\/www.lactissima.com\\\/a-tire-d-ailes\\\/\",\"name\":\"A tire d&#039;Ailes\",\"description\":\"Le blog des femmes qui allaitent et travaillent.\",\"potentialAction\":[{\"@type\":\"SearchAction\",\"target\":{\"@type\":\"EntryPoint\",\"urlTemplate\":\"https:\\\/\\\/www.lactissima.com\\\/a-tire-d-ailes\\\/?s={search_term_string}\"},\"query-input\":{\"@type\":\"PropertyValueSpecification\",\"valueRequired\":true,\"valueName\":\"search_term_string\"}}],\"inLanguage\":\"fr-FR\"},{\"@type\":\"Person\",\"@id\":\"https:\\\/\\\/www.lactissima.com\\\/a-tire-d-ailes\\\/#\\\/schema\\\/person\\\/8f98d3a89530861bc1240e6d53d44eed\",\"name\":\"V\u00e9ronique Darmangeat\",\"image\":{\"@type\":\"ImageObject\",\"inLanguage\":\"fr-FR\",\"@id\":\"https:\\\/\\\/secure.gravatar.com\\\/avatar\\\/268c99344c89cebfe4f5df5fa8be43068a18884fc76a29f3206fae98465b9cab?s=96&d=identicon&r=g\",\"url\":\"https:\\\/\\\/secure.gravatar.com\\\/avatar\\\/268c99344c89cebfe4f5df5fa8be43068a18884fc76a29f3206fae98465b9cab?s=96&d=identicon&r=g\",\"contentUrl\":\"https:\\\/\\\/secure.gravatar.com\\\/avatar\\\/268c99344c89cebfe4f5df5fa8be43068a18884fc76a29f3206fae98465b9cab?s=96&d=identicon&r=g\",\"caption\":\"V\u00e9ronique Darmangeat\"},\"sameAs\":[\"https:\\\/\\\/www.lactissima.com\\\/a-tire-d-ailes\",\"www.facebook.com\\\/consultante.en.lactation\"]}]}<\/script>\n<!-- \/ Yoast SEO plugin. -->","yoast_head_json":{"title":"Allaiter et travailler : le t\u00e9moignage de Delphine","description":"Delphine a d\u00e9cid\u00e9 de poursuivre l'allaitement apr\u00e8s la reprise du travail. Pour cela elle a toujours tir\u00e9 son lait, donn\u00e9 \u00e0 son b\u00e9b\u00e9 par la nounou ou le papa.","robots":{"index":"index","follow":"follow","max-snippet":"max-snippet:-1","max-image-preview":"max-image-preview:large","max-video-preview":"max-video-preview:-1"},"canonical":"https:\/\/www.lactissima.com\/a-tire-d-ailes\/allaiter-et-travailler-le-temoignage-de-delphine\/","og_locale":"fr_FR","og_type":"article","og_title":"Allaiter et travailler : le t\u00e9moignage de Delphine","og_description":"Delphine a d\u00e9cid\u00e9 de poursuivre l'allaitement apr\u00e8s la reprise du travail. Pour cela elle a toujours tir\u00e9 son lait, donn\u00e9 \u00e0 son b\u00e9b\u00e9 par la nounou ou le papa.","og_url":"https:\/\/www.lactissima.com\/a-tire-d-ailes\/allaiter-et-travailler-le-temoignage-de-delphine\/","og_site_name":"A tire d&#039;Ailes","article_publisher":"https:\/\/www.facebook.com\/consultante.en.lactation","article_author":"www.facebook.com\/consultante.en.lactation","article_published_time":"2011-12-31T07:27:50+00:00","article_modified_time":"2014-03-15T14:47:21+00:00","og_image":[{"width":291,"height":218,"url":"https:\/\/www.lactissima.com\/a-tire-d-ailes\/wp-content\/uploads\/2011\/12\/allaitement-Antton.jpg","type":"image\/jpeg"}],"author":"V\u00e9ronique Darmangeat","twitter_card":"summary_large_image","twitter_creator":"@VeroniqueIBCLC","twitter_site":"@VeroniqueIBCLC","twitter_misc":{"\u00c9crit par":"V\u00e9ronique Darmangeat","Dur\u00e9e de lecture estim\u00e9e":"6 minutes"},"schema":{"@context":"https:\/\/schema.org","@graph":[{"@type":"Article","@id":"https:\/\/www.lactissima.com\/a-tire-d-ailes\/allaiter-et-travailler-le-temoignage-de-delphine\/#article","isPartOf":{"@id":"https:\/\/www.lactissima.com\/a-tire-d-ailes\/allaiter-et-travailler-le-temoignage-de-delphine\/"},"author":{"name":"V\u00e9ronique Darmangeat","@id":"https:\/\/www.lactissima.com\/a-tire-d-ailes\/#\/schema\/person\/8f98d3a89530861bc1240e6d53d44eed"},"headline":"Allaiter et travailler : le t\u00e9moignage de Delphine","datePublished":"2011-12-31T07:27:50+00:00","dateModified":"2014-03-15T14:47:21+00:00","mainEntityOfPage":{"@id":"https:\/\/www.lactissima.com\/a-tire-d-ailes\/allaiter-et-travailler-le-temoignage-de-delphine\/"},"wordCount":1174,"commentCount":6,"image":{"@id":"https:\/\/www.lactissima.com\/a-tire-d-ailes\/allaiter-et-travailler-le-temoignage-de-delphine\/#primaryimage"},"thumbnailUrl":"https:\/\/www.lactissima.com\/a-tire-d-ailes\/wp-content\/uploads\/2011\/12\/allaitement-Antton.jpg","keywords":["Allaitement","allaiter en travaillant","conseill\u00e8re en allaitement","tire-lait \u00e9lectrique","tirer le lait"],"articleSection":["Allaitement et Travail","t\u00e9moignages"],"inLanguage":"fr-FR","potentialAction":[{"@type":"CommentAction","name":"Comment","target":["https:\/\/www.lactissima.com\/a-tire-d-ailes\/allaiter-et-travailler-le-temoignage-de-delphine\/#respond"]}]},{"@type":"WebPage","@id":"https:\/\/www.lactissima.com\/a-tire-d-ailes\/allaiter-et-travailler-le-temoignage-de-delphine\/","url":"https:\/\/www.lactissima.com\/a-tire-d-ailes\/allaiter-et-travailler-le-temoignage-de-delphine\/","name":"Allaiter et travailler : le t\u00e9moignage de Delphine","isPartOf":{"@id":"https:\/\/www.lactissima.com\/a-tire-d-ailes\/#website"},"primaryImageOfPage":{"@id":"https:\/\/www.lactissima.com\/a-tire-d-ailes\/allaiter-et-travailler-le-temoignage-de-delphine\/#primaryimage"},"image":{"@id":"https:\/\/www.lactissima.com\/a-tire-d-ailes\/allaiter-et-travailler-le-temoignage-de-delphine\/#primaryimage"},"thumbnailUrl":"https:\/\/www.lactissima.com\/a-tire-d-ailes\/wp-content\/uploads\/2011\/12\/allaitement-Antton.jpg","datePublished":"2011-12-31T07:27:50+00:00","dateModified":"2014-03-15T14:47:21+00:00","author":{"@id":"https:\/\/www.lactissima.com\/a-tire-d-ailes\/#\/schema\/person\/8f98d3a89530861bc1240e6d53d44eed"},"description":"Delphine a d\u00e9cid\u00e9 de poursuivre l'allaitement apr\u00e8s la reprise du travail. Pour cela elle a toujours tir\u00e9 son lait, donn\u00e9 \u00e0 son b\u00e9b\u00e9 par la nounou ou le papa.","breadcrumb":{"@id":"https:\/\/www.lactissima.com\/a-tire-d-ailes\/allaiter-et-travailler-le-temoignage-de-delphine\/#breadcrumb"},"inLanguage":"fr-FR","potentialAction":[{"@type":"ReadAction","target":["https:\/\/www.lactissima.com\/a-tire-d-ailes\/allaiter-et-travailler-le-temoignage-de-delphine\/"]}]},{"@type":"ImageObject","inLanguage":"fr-FR","@id":"https:\/\/www.lactissima.com\/a-tire-d-ailes\/allaiter-et-travailler-le-temoignage-de-delphine\/#primaryimage","url":"https:\/\/www.lactissima.com\/a-tire-d-ailes\/wp-content\/uploads\/2011\/12\/allaitement-Antton.jpg","contentUrl":"https:\/\/www.lactissima.com\/a-tire-d-ailes\/wp-content\/uploads\/2011\/12\/allaitement-Antton.jpg","width":291,"height":218},{"@type":"BreadcrumbList","@id":"https:\/\/www.lactissima.com\/a-tire-d-ailes\/allaiter-et-travailler-le-temoignage-de-delphine\/#breadcrumb","itemListElement":[{"@type":"ListItem","position":1,"name":"Accueil","item":"https:\/\/www.lactissima.com\/a-tire-d-ailes\/"},{"@type":"ListItem","position":2,"name":"Allaiter et travailler : le t\u00e9moignage de Delphine"}]},{"@type":"WebSite","@id":"https:\/\/www.lactissima.com\/a-tire-d-ailes\/#website","url":"https:\/\/www.lactissima.com\/a-tire-d-ailes\/","name":"A tire d&#039;Ailes","description":"Le blog des femmes qui allaitent et travaillent.","potentialAction":[{"@type":"SearchAction","target":{"@type":"EntryPoint","urlTemplate":"https:\/\/www.lactissima.com\/a-tire-d-ailes\/?s={search_term_string}"},"query-input":{"@type":"PropertyValueSpecification","valueRequired":true,"valueName":"search_term_string"}}],"inLanguage":"fr-FR"},{"@type":"Person","@id":"https:\/\/www.lactissima.com\/a-tire-d-ailes\/#\/schema\/person\/8f98d3a89530861bc1240e6d53d44eed","name":"V\u00e9ronique Darmangeat","image":{"@type":"ImageObject","inLanguage":"fr-FR","@id":"https:\/\/secure.gravatar.com\/avatar\/268c99344c89cebfe4f5df5fa8be43068a18884fc76a29f3206fae98465b9cab?s=96&d=identicon&r=g","url":"https:\/\/secure.gravatar.com\/avatar\/268c99344c89cebfe4f5df5fa8be43068a18884fc76a29f3206fae98465b9cab?s=96&d=identicon&r=g","contentUrl":"https:\/\/secure.gravatar.com\/avatar\/268c99344c89cebfe4f5df5fa8be43068a18884fc76a29f3206fae98465b9cab?s=96&d=identicon&r=g","caption":"V\u00e9ronique Darmangeat"},"sameAs":["https:\/\/www.lactissima.com\/a-tire-d-ailes","www.facebook.com\/consultante.en.lactation"]}]}},"_links":{"self":[{"href":"https:\/\/www.lactissima.com\/a-tire-d-ailes\/wp-json\/wp\/v2\/posts\/2806","targetHints":{"allow":["GET"]}}],"collection":[{"href":"https:\/\/www.lactissima.com\/a-tire-d-ailes\/wp-json\/wp\/v2\/posts"}],"about":[{"href":"https:\/\/www.lactissima.com\/a-tire-d-ailes\/wp-json\/wp\/v2\/types\/post"}],"author":[{"embeddable":true,"href":"https:\/\/www.lactissima.com\/a-tire-d-ailes\/wp-json\/wp\/v2\/users\/170"}],"replies":[{"embeddable":true,"href":"https:\/\/www.lactissima.com\/a-tire-d-ailes\/wp-json\/wp\/v2\/comments?post=2806"}],"version-history":[{"count":11,"href":"https:\/\/www.lactissima.com\/a-tire-d-ailes\/wp-json\/wp\/v2\/posts\/2806\/revisions"}],"predecessor-version":[{"id":5323,"href":"https:\/\/www.lactissima.com\/a-tire-d-ailes\/wp-json\/wp\/v2\/posts\/2806\/revisions\/5323"}],"wp:featuredmedia":[{"embeddable":true,"href":"https:\/\/www.lactissima.com\/a-tire-d-ailes\/wp-json\/wp\/v2\/media\/4478"}],"wp:attachment":[{"href":"https:\/\/www.lactissima.com\/a-tire-d-ailes\/wp-json\/wp\/v2\/media?parent=2806"}],"wp:term":[{"taxonomy":"category","embeddable":true,"href":"https:\/\/www.lactissima.com\/a-tire-d-ailes\/wp-json\/wp\/v2\/categories?post=2806"},{"taxonomy":"post_tag","embeddable":true,"href":"https:\/\/www.lactissima.com\/a-tire-d-ailes\/wp-json\/wp\/v2\/tags?post=2806"}],"curies":[{"name":"wp","href":"https:\/\/api.w.org\/{rel}","templated":true}]}}