{"id":2543,"date":"2011-12-15T10:22:13","date_gmt":"2011-12-15T08:22:13","guid":{"rendered":"https:\/\/www.lactissima.com\/a-tire-d-ailes\/?p=2543"},"modified":"2014-03-15T16:47:32","modified_gmt":"2014-03-15T14:47:32","slug":"allaiter-et-travailler-le-temoignage-daudrey","status":"publish","type":"post","link":"https:\/\/www.lactissima.com\/a-tire-d-ailes\/allaiter-et-travailler-le-temoignage-daudrey\/","title":{"rendered":"Allaiter et travailler : le t\u00e9moignage d&rsquo;Audrey"},"content":{"rendered":"<p><a href=\"https:\/\/www.lactissima.com\/a-tire-d-ailes\/wp-content\/uploads\/allaitement-Audrey3.jpg\"><img loading=\"lazy\" decoding=\"async\" class=\"alignright size-full wp-image-3527\" title=\"allaitement-Audrey\" alt=\"\" src=\"https:\/\/www.lactissima.com\/a-tire-d-ailes\/wp-content\/uploads\/allaitement-Audrey3.jpg\" width=\"314\" height=\"209\" srcset=\"https:\/\/www.lactissima.com\/a-tire-d-ailes\/wp-content\/uploads\/allaitement-Audrey3.jpg 314w, https:\/\/www.lactissima.com\/a-tire-d-ailes\/wp-content\/uploads\/allaitement-Audrey3-300x199.jpg 300w\" sizes=\"(max-width: 314px) 100vw, 314px\" \/><\/a><\/p>\n<p style=\"text-align: justify;\"><strong>Quel choix avez-vous fait au moment de la reprise du travail : sevrage ou <\/strong><br \/>\n<strong>poursuite de l&rsquo;allaitement ? Pourquoi ?<\/strong><\/p>\n<p style=\"text-align: justify;\">Je suis la maman d&rsquo;une petite fille qui a aujourd&rsquo;hui un peu plus de deux ans. Lorsqu&rsquo;elle a eu 3 mois, je n&rsquo;ai pas eu d&rsquo;autres choix que de reprendre le travail. Si c&rsquo;\u00e9tait \u00e0 refaire, je pense que je ne le referais pas. M\u00eame si \u00e0 l&rsquo;\u00e9poque, je n&rsquo;avais pas vraiment le choix, pour moi, quitter ma fille si t\u00f4t \u00e9tait une v\u00e9ritable d\u00e9chirure. C&rsquo;est encore une grande frustration aujourd&rsquo;hui. Avant de reprendre le travail, je savais que je continuerais \u00e0 <span style=\"color: #000000;\"><a title=\"allaiter et travailler\" href=\"https:\/\/www.lactissima.com\/a-tire-d-ailes\/?p=34\" target=\"_blank\"><span style=\"color: #000000;\">allaiter<\/span><\/a><\/span>. Il \u00e9tait pour moi hors de question de <a title=\"sevrage\" href=\"https:\/\/www.lactissima.com\/a-tire-d-ailes\/?p=216\" target=\"_blank\">sevrer <\/a>ma fille. L&rsquo;allaitement se passait bien, je fais partie de celles qui n&rsquo;ont rencontr\u00e9 aucune difficult\u00e9 lors de<a title=\"allaitement\" href=\"http:\/\/www.allaiteraparis.fr\" target=\"_blank\"> l&rsquo;allaitement<\/a>. J&rsquo;ai eu un accouchement respect\u00e9, sans p\u00e9ridurale, j&rsquo;ai accueilli mon enfant dans une certaine intimit\u00e9 (toute relative en maternit\u00e9 mais quand m\u00eame) et ma fille a dans les minutes qui ont suivi sa naissance trouv\u00e9 le sein sans difficult\u00e9. Ma fille t\u00e9tait bien, j&rsquo;ai refus\u00e9 de regarder ma montre et de noter les horaires et dur\u00e9es de t\u00e9t\u00e9e, ma fille t\u00e9tait quand elle le voulait et autant qu&rsquo;elle le voulait (autant dire souvent !). Elle prenait bien le sein, elle prenait du poids. Tout roulait. J&rsquo;avais tout de m\u00eame pris soin durant ma grossesse de bien me renseigner et de bien me pr\u00e9parer \u00e0 l&rsquo;allaitement pour parer aux difficult\u00e9s (mon livre de chevet \u00e9tait l&rsquo;allaitement du Dr Thirion). Les premiers pics de croissance ne m&rsquo;ont donc pas \u00e9tonn\u00e9, et je n&rsquo;ai jamais dout\u00e9 de ma capacit\u00e9 \u00e0 nourrir mon enfant et \u00e0 subvenir \u00e0 tous ses besoins.<\/p>\n<p style=\"text-align: justify;\">Au bout d&rsquo;\u00e0 peine d&rsquo;un mois et demi, je devais d\u00e9j\u00e0 me pr\u00e9parer \u00e0 la reprise du travail. On me parlait d\u00e9j\u00e0 de <span style=\"color: #000000;\"><a title=\"sevrage\" href=\"https:\/\/www.lactissima.com\/a-tire-d-ailes\/?page_id=1179\" target=\"_blank\"><span style=\"color: #000000;\">sevrage<\/span><\/a><\/span>.  Je suis all\u00e9e \u00e0 une r\u00e9union de la Leche League et des mamans m&rsquo;ont racont\u00e9 leur exp\u00e9rience de reprise du travail. Une des mamans pr\u00e9sentes m&rsquo;a propos\u00e9 de la contacter par mail si j&rsquo;avais des questions. On a longuement \u00e9chang\u00e9 par mail. J&rsquo;ai appris que je n&rsquo;avais pas \u00e0 sevrer ma fille de mon sein, que je pouvais continuer \u00e0 lui proposer tant que j&rsquo;\u00e9tais avec elle. (Quel soulagement!)  Et qu&rsquo;elle prendrait le biberon de mon lait avec sa nounou. Nous avons essay\u00e9 le biberon \u00e0 plusieurs reprises, en mon absence, avant ma reprise du travail. Ma fille l&rsquo;a accept\u00e9 sans probl\u00e8me, tant qu&rsquo;elle mangeait, \u00e7a lui allait ! Certains b\u00e9b\u00e9s refusent le biberon et pr\u00e9f\u00e8rent attendre leur maman (ce qui m&rsquo;aurait flatt\u00e9 huhu) mais la mienne non.<\/p>\n<p style=\"text-align: justify;\"><strong>Comment vous \u00eates-vous organis\u00e9e ?<\/strong><\/p>\n<p style=\"text-align: justify;\">J&rsquo;ai demand\u00e9 \u00e0 mon gyn\u00e9co une ordonnance pour un <span style=\"color: #000000;\"><a title=\"tire-lait\" href=\"https:\/\/www.lactissima.com\/a-tire-d-ailes\/?p=56\" target=\"_blank\"><span style=\"color: #000000;\">tire-lait \u00e9lectrique<\/span><\/a><\/span> (sans limitation de dur\u00e9e &#8211; jusqu&rsquo;\u00e0 arr\u00eat de l&rsquo;allaitement). J&rsquo;ai commenc\u00e9 \u00e0 tirer mon lait, d&rsquo;abord avec un tire-lait manuel, pour faire quelques r\u00e9serves au cong\u00e9lateur. Puis j&rsquo;ai obtenu un Tire-lait \u00e9lectrique Lactina de Medela double-pompage (j&rsquo;avais demand\u00e9 un Symphony mais tous \u00e9taient lou\u00e9s).<\/p>\n<p style=\"text-align: justify;\">Voici comment je m&rsquo;\u00e9tais organis\u00e9e. Je travaillais \u00e0 100 km de chez moi, une heure de route matin et soir mais avec des horaires assez souples et la possibilit\u00e9 de tirer mon lait et de le stocker au frais sur mon lieu de travail. Je tirais mon lait le matin en m\u00eame temps que la premi\u00e8re t\u00e9t\u00e9e du matin (je n&rsquo;aimais pas l&rsquo;id\u00e9e au d\u00e9part puis il s&rsquo;est av\u00e9r\u00e9 que c&rsquo;\u00e9tait ce qu&rsquo;il y avait de plus efficace et de plus rapide). Ma fille t\u00e9tait une fois au r\u00e9veil vers 07h30, puis une fois vers 08h30 avant le<br \/>\nd\u00e9part chez la nounou. Je tirais ensuite mon lait au travail durant ma pause d\u00e9jeuner en regardant des photos et des vid\u00e9os de ma puce (les premi\u00e8res semaines, je tirais aussi mon lait vers 10h30 puis 16h). Je ramenais le lait chez moi dans un sac isotherme et je le donnais \u00e0 la nounou le lendemain. Et je tirais ensuite pendant la t\u00e9t\u00e9e de retrouvailles vers 18h30.<\/p>\n<p style=\"text-align: justify;\"><strong>Quelles ont \u00e9t\u00e9 vos principales difficult\u00e9s ?<\/strong><\/p>\n<p style=\"text-align: justify;\">Je tiens \u00e0 pr\u00e9ciser que ma fille a fait ses nuits \u00e0 1 mois donc je n&rsquo;avais plus de t\u00e9t\u00e9es nocturnes. Elle devait donc faire le plein la<br \/>\njourn\u00e9e et je devais tirer beaucoup beaucoup de lait. Au bout de quelques mois, je n&rsquo;avais plus de r\u00e9serves de lait et j&rsquo;avais de plus en plus de mal \u00e0 en faire le week-end. Je refusais de lui donner du lait industriel donc je me suis mis une grosse pression pour r\u00e9ussir \u00e0 tirer assez de lait. Ce qui a eu l&rsquo;inverse de l&rsquo;effet escompt\u00e9, stress, fatigue, etc. Et j&rsquo;ai d\u00fb compl\u00e9ter par un biberon de lait industriel par jour. (On a appris \u00e0 ce moment l\u00e0 que ma fille \u00e9tait intol\u00e9rante aux prot\u00e9ines de lait de vache [IPLV], et elle n&rsquo;\u00e9tait pas fan des yaourts et fromages \u00e0 ce moment l\u00e0 . Elle prenait donc du lait industriel sp\u00e9cial IPLV).<\/p>\n<p style=\"text-align: justify;\">J&rsquo;avais de plus en plus de mal \u00e0 tirer des quantit\u00e9s de lait suffisantes pour nourrir ma fille sur la journ\u00e9e. Et \u00e9tant IPLV, la diversification ne m&rsquo;a pas permis de compl\u00e9ter par d&rsquo;autres laitages. Je devais donc tirer et encore tirer pour qu&rsquo;elle n&rsquo;ait pas \u00e0 prendre trop de lait industriel.<\/p>\n<p style=\"text-align: justify;\">Quand ma fille a eu 11 mois, j&rsquo;ai arr\u00eat\u00e9 de tirer mon lait au travail. Je n&rsquo;arrivais plus \u00e0 tirer sufisamment et j&rsquo;\u00e9tais fatigu\u00e9e de tirer mon lait. Je savais que je prenais le risque pour le maintien de ma lactation mais \u00e7a devenait trop compliqu\u00e9 \u00e0 g\u00e9rer pour moi (la fatigue des trajets quotidiens n&rsquo;a pas aid\u00e9). Elle prenait donc une t\u00e9t\u00e9e le matin et une le soir. J&rsquo;essayais de la mettre au sein +++ le week-end mais elle s&rsquo;\u00e9nervait vite car \u00e7a ne venait pas assez rapidement et j&rsquo;ai donc d\u00fb compl\u00e9ter par des biberons m\u00eame le week-end alors que j&rsquo;\u00e9tais l\u00e0 . Petit \u00e0 petit, elle a donc progressivement arr\u00eat\u00e9 de t\u00e9ter pour pr\u00e9f\u00e9rer le biberon. Sur le moment, je me suis faite \u00e0 l&rsquo;id\u00e9e et la fatigue du travail, l&rsquo;organisation de la maison \u00e0 g\u00e9rer, je n&rsquo;ai pas r\u00e9ussi \u00e0 trouver la solution pour faire durer mon allaitement. Ma fille ne prenait plus de plaisir \u00e0 t\u00e9ter (\u00e0 la fin il fallait que je ruse, que je me mette au lit dans le noir, allong\u00e9e avec elle pour qu&rsquo;elle veuille bien de la t\u00e9t\u00e9e du soir). Le sevrage s&rsquo;est donc fait tout en douceur,<br \/>\nmais j&rsquo;ai eu du mal \u00e0 l&rsquo;accepter tout de m\u00eame. J&rsquo;aurais ador\u00e9 que \u00e7a dure plus longtemps. Encore aujourd&rsquo;hui, \u00e7a me manque parfois&#8230; Mais je relativise en me disant que \u00e7a a tout de m\u00eame d\u00e9j\u00e0 dur\u00e9 13 mois et que j&rsquo;ai fait du mieux que je pouvais pour lui donner le meilleur de moi-m\u00eame.<\/p>\n<p style=\"text-align: justify;\"><strong>Ce serait \u00e0 refaire, vous referiez le m\u00eame choix ? Que changeriez-vous ?<\/strong><\/p>\n<p style=\"text-align: justify;\">Continuer l&rsquo;allaitement, si c&rsquo;\u00e9tait \u00e0 refaire, je le referais sans h\u00e9siter, j&rsquo;insisterais peut-\u00eatre m\u00eame encore plus pour que \u00e7a dure le<br \/>\nplus longtemps possible (peut-\u00eatre que je demanderais conseil \u00e0 une conseill\u00e8re en lactation par exemple ?). En revanche, j&rsquo;ai organis\u00e9 autrement ma vie professionnelle. J&rsquo;ai mont\u00e9 mon entreprise il y a 6 mois, je travaille de chez moi. Ma fille va chez la nounou 4 jours par semaine. J&rsquo;ai du temps pour elle et j&rsquo;en profite un maximum. Une chose est s\u00fbre, mon prochain b\u00e9b\u00e9 sera allait\u00e9 oui, le plus longtemps possible, mais il ne sera pas s\u00e9par\u00e9 de sa maman au bout de 3 mois, \u00e7a non.<\/p>\n<p style=\"text-align: justify;\">Donc allaiter et travailler, le plus souvent, oui c&rsquo;est possible. C&rsquo;est pas mal d&rsquo;organisation, surtout si on reprend le travail tr\u00e8s t\u00f4t mais c&rsquo;est un vrai bonheur de pouvoir conserver cette relation si privil\u00e9gi\u00e9e avec son enfant. Mes meilleurs moments sont les t\u00e9t\u00e9es de retrouvailles ! Quand ma fille se jetait sur mon sein apr\u00e8s ma journ\u00e9e au travail. Que je pouvais enfin l&rsquo;avoir tout contre moi en ayant la certitude de lui donner ce qu&rsquo;il y avait de meilleur pour elle.<\/p>\n<p style=\"text-align: justify;\">Audrey (Maman-Nature 49)<br \/>\n<a href=\"http:\/\/www.mamanature49.blogspot.com\/\">www.mamanature49.blogspot.com<\/a><\/p>\n<p style=\"text-align: justify;\">Mes articles sur mon allaitement et ma reprise du travail:<br \/>\n<a href=\"http:\/\/mamanature49.blogspot.com\/2011\/06\/allaiter-cetait-mon-dada.html\">http:\/\/mamanature49.blogspot.com\/2011\/06\/allaiter-cetait-mon-dada.html<\/a><br \/>\n<a href=\"http:\/\/mamanature49.blogspot.com\/2011\/06\/allez-hop-au-boulot-la-mere.html\">http:\/\/mamanature49.blogspot.com\/2011\/06\/allez-hop-au-boulot-la-mere.html<\/a><\/p>\n<p style=\"text-align: justify;\"><strong>Articles en rapport :<\/strong><\/p>\n<ul>\n<li style=\"text-align: justify;\">Voir l&rsquo;onglet <a href=\"https:\/\/www.lactissima.com\/a-tire-d-ailes\/?page_id=1179\" target=\"_blank\">t\u00e9moignages<\/a><\/li>\n<\/ul>\n<p>&nbsp;<\/p>\n","protected":false},"excerpt":{"rendered":"<p>Audrey a choisi de tirer son lait lors de sa reprise du travail. Elle est satisfaite de ce choix mais pas de sa s\u00e9paration d&rsquo;avec son b\u00e9b\u00e9 \u00e0 trois mois.<\/p>\n","protected":false},"author":170,"featured_media":3527,"comment_status":"open","ping_status":"open","sticky":false,"template":"","format":"standard","meta":{"_et_pb_use_builder":"","_et_pb_old_content":"","_et_gb_content_width":"","footnotes":""},"categories":[36,150],"tags":[112,300,56,138,351],"class_list":["post-2543","post","type-post","status-publish","format-standard","has-post-thumbnail","hentry","category-allaitement-et-travail","category-temoignages","tag-allaiter","tag-lallaitement","tag-sevrage","tag-sevrer","tag-tire-lait-electrique"],"yoast_head":"<!-- This site is optimized with the Yoast SEO plugin v27.4 - https:\/\/yoast.com\/product\/yoast-seo-wordpress\/ -->\n<title>Allaiter et travailler : le t\u00e9moignage d&#039;Audrey<\/title>\n<meta name=\"description\" content=\"Audrey a choisi de tirer son lait lors de sa reprise du travail. Elle est satisfaite de ce choix mais pas de sa s\u00e9paration d&#039;avec son b\u00e9b\u00e9 \u00e0 trois mois.\" \/>\n<meta name=\"robots\" content=\"index, follow, max-snippet:-1, max-image-preview:large, max-video-preview:-1\" \/>\n<link rel=\"canonical\" href=\"https:\/\/www.lactissima.com\/a-tire-d-ailes\/allaiter-et-travailler-le-temoignage-daudrey\/\" \/>\n<meta property=\"og:locale\" content=\"fr_FR\" \/>\n<meta property=\"og:type\" content=\"article\" \/>\n<meta property=\"og:title\" content=\"Allaiter et travailler : le t\u00e9moignage d&#039;Audrey\" \/>\n<meta property=\"og:description\" content=\"Audrey a choisi de tirer son lait lors de sa reprise du travail. Elle est satisfaite de ce choix mais pas de sa s\u00e9paration d&#039;avec son b\u00e9b\u00e9 \u00e0 trois mois.\" \/>\n<meta property=\"og:url\" content=\"https:\/\/www.lactissima.com\/a-tire-d-ailes\/allaiter-et-travailler-le-temoignage-daudrey\/\" \/>\n<meta property=\"og:site_name\" content=\"A tire d&#039;Ailes\" \/>\n<meta property=\"article:publisher\" content=\"https:\/\/www.facebook.com\/consultante.en.lactation\" \/>\n<meta property=\"article:author\" content=\"www.facebook.com\/consultante.en.lactation\" \/>\n<meta property=\"article:published_time\" content=\"2011-12-15T08:22:13+00:00\" \/>\n<meta property=\"article:modified_time\" content=\"2014-03-15T14:47:32+00:00\" \/>\n<meta property=\"og:image\" content=\"https:\/\/www.lactissima.com\/a-tire-d-ailes\/wp-content\/uploads\/allaitement-Audrey3.jpg\" \/>\n\t<meta property=\"og:image:width\" content=\"314\" \/>\n\t<meta property=\"og:image:height\" content=\"209\" \/>\n\t<meta property=\"og:image:type\" content=\"image\/jpeg\" \/>\n<meta name=\"author\" content=\"V\u00e9ronique Darmangeat\" \/>\n<meta name=\"twitter:card\" content=\"summary_large_image\" \/>\n<meta name=\"twitter:creator\" content=\"@VeroniqueIBCLC\" \/>\n<meta name=\"twitter:site\" content=\"@VeroniqueIBCLC\" \/>\n<meta name=\"twitter:label1\" content=\"\u00c9crit par\" \/>\n\t<meta name=\"twitter:data1\" content=\"V\u00e9ronique Darmangeat\" \/>\n\t<meta name=\"twitter:label2\" content=\"Dur\u00e9e de lecture estim\u00e9e\" \/>\n\t<meta name=\"twitter:data2\" content=\"7 minutes\" \/>\n<script type=\"application\/ld+json\" class=\"yoast-schema-graph\">{\"@context\":\"https:\\\/\\\/schema.org\",\"@graph\":[{\"@type\":\"Article\",\"@id\":\"https:\\\/\\\/www.lactissima.com\\\/a-tire-d-ailes\\\/allaiter-et-travailler-le-temoignage-daudrey\\\/#article\",\"isPartOf\":{\"@id\":\"https:\\\/\\\/www.lactissima.com\\\/a-tire-d-ailes\\\/allaiter-et-travailler-le-temoignage-daudrey\\\/\"},\"author\":{\"name\":\"V\u00e9ronique Darmangeat\",\"@id\":\"https:\\\/\\\/www.lactissima.com\\\/a-tire-d-ailes\\\/#\\\/schema\\\/person\\\/8f98d3a89530861bc1240e6d53d44eed\"},\"headline\":\"Allaiter et travailler : le t\u00e9moignage d&rsquo;Audrey\",\"datePublished\":\"2011-12-15T08:22:13+00:00\",\"dateModified\":\"2014-03-15T14:47:32+00:00\",\"mainEntityOfPage\":{\"@id\":\"https:\\\/\\\/www.lactissima.com\\\/a-tire-d-ailes\\\/allaiter-et-travailler-le-temoignage-daudrey\\\/\"},\"wordCount\":1498,\"commentCount\":6,\"image\":{\"@id\":\"https:\\\/\\\/www.lactissima.com\\\/a-tire-d-ailes\\\/allaiter-et-travailler-le-temoignage-daudrey\\\/#primaryimage\"},\"thumbnailUrl\":\"https:\\\/\\\/www.lactissima.com\\\/a-tire-d-ailes\\\/wp-content\\\/uploads\\\/allaitement-Audrey3.jpg\",\"keywords\":[\"allaiter\",\"l'allaitement\",\"Sevrage\",\"sevrer\",\"tire-lait \u00e9lectrique\"],\"articleSection\":[\"Allaitement et Travail\",\"t\u00e9moignages\"],\"inLanguage\":\"fr-FR\",\"potentialAction\":[{\"@type\":\"CommentAction\",\"name\":\"Comment\",\"target\":[\"https:\\\/\\\/www.lactissima.com\\\/a-tire-d-ailes\\\/allaiter-et-travailler-le-temoignage-daudrey\\\/#respond\"]}]},{\"@type\":\"WebPage\",\"@id\":\"https:\\\/\\\/www.lactissima.com\\\/a-tire-d-ailes\\\/allaiter-et-travailler-le-temoignage-daudrey\\\/\",\"url\":\"https:\\\/\\\/www.lactissima.com\\\/a-tire-d-ailes\\\/allaiter-et-travailler-le-temoignage-daudrey\\\/\",\"name\":\"Allaiter et travailler : le t\u00e9moignage d'Audrey\",\"isPartOf\":{\"@id\":\"https:\\\/\\\/www.lactissima.com\\\/a-tire-d-ailes\\\/#website\"},\"primaryImageOfPage\":{\"@id\":\"https:\\\/\\\/www.lactissima.com\\\/a-tire-d-ailes\\\/allaiter-et-travailler-le-temoignage-daudrey\\\/#primaryimage\"},\"image\":{\"@id\":\"https:\\\/\\\/www.lactissima.com\\\/a-tire-d-ailes\\\/allaiter-et-travailler-le-temoignage-daudrey\\\/#primaryimage\"},\"thumbnailUrl\":\"https:\\\/\\\/www.lactissima.com\\\/a-tire-d-ailes\\\/wp-content\\\/uploads\\\/allaitement-Audrey3.jpg\",\"datePublished\":\"2011-12-15T08:22:13+00:00\",\"dateModified\":\"2014-03-15T14:47:32+00:00\",\"author\":{\"@id\":\"https:\\\/\\\/www.lactissima.com\\\/a-tire-d-ailes\\\/#\\\/schema\\\/person\\\/8f98d3a89530861bc1240e6d53d44eed\"},\"description\":\"Audrey a choisi de tirer son lait lors de sa reprise du travail. Elle est satisfaite de ce choix mais pas de sa s\u00e9paration d'avec son b\u00e9b\u00e9 \u00e0 trois mois.\",\"breadcrumb\":{\"@id\":\"https:\\\/\\\/www.lactissima.com\\\/a-tire-d-ailes\\\/allaiter-et-travailler-le-temoignage-daudrey\\\/#breadcrumb\"},\"inLanguage\":\"fr-FR\",\"potentialAction\":[{\"@type\":\"ReadAction\",\"target\":[\"https:\\\/\\\/www.lactissima.com\\\/a-tire-d-ailes\\\/allaiter-et-travailler-le-temoignage-daudrey\\\/\"]}]},{\"@type\":\"ImageObject\",\"inLanguage\":\"fr-FR\",\"@id\":\"https:\\\/\\\/www.lactissima.com\\\/a-tire-d-ailes\\\/allaiter-et-travailler-le-temoignage-daudrey\\\/#primaryimage\",\"url\":\"https:\\\/\\\/www.lactissima.com\\\/a-tire-d-ailes\\\/wp-content\\\/uploads\\\/allaitement-Audrey3.jpg\",\"contentUrl\":\"https:\\\/\\\/www.lactissima.com\\\/a-tire-d-ailes\\\/wp-content\\\/uploads\\\/allaitement-Audrey3.jpg\",\"width\":\"314\",\"height\":\"209\"},{\"@type\":\"BreadcrumbList\",\"@id\":\"https:\\\/\\\/www.lactissima.com\\\/a-tire-d-ailes\\\/allaiter-et-travailler-le-temoignage-daudrey\\\/#breadcrumb\",\"itemListElement\":[{\"@type\":\"ListItem\",\"position\":1,\"name\":\"Accueil\",\"item\":\"https:\\\/\\\/www.lactissima.com\\\/a-tire-d-ailes\\\/\"},{\"@type\":\"ListItem\",\"position\":2,\"name\":\"Allaiter et travailler : le t\u00e9moignage d&rsquo;Audrey\"}]},{\"@type\":\"WebSite\",\"@id\":\"https:\\\/\\\/www.lactissima.com\\\/a-tire-d-ailes\\\/#website\",\"url\":\"https:\\\/\\\/www.lactissima.com\\\/a-tire-d-ailes\\\/\",\"name\":\"A tire d&#039;Ailes\",\"description\":\"Le blog des femmes qui allaitent et travaillent.\",\"potentialAction\":[{\"@type\":\"SearchAction\",\"target\":{\"@type\":\"EntryPoint\",\"urlTemplate\":\"https:\\\/\\\/www.lactissima.com\\\/a-tire-d-ailes\\\/?s={search_term_string}\"},\"query-input\":{\"@type\":\"PropertyValueSpecification\",\"valueRequired\":true,\"valueName\":\"search_term_string\"}}],\"inLanguage\":\"fr-FR\"},{\"@type\":\"Person\",\"@id\":\"https:\\\/\\\/www.lactissima.com\\\/a-tire-d-ailes\\\/#\\\/schema\\\/person\\\/8f98d3a89530861bc1240e6d53d44eed\",\"name\":\"V\u00e9ronique Darmangeat\",\"image\":{\"@type\":\"ImageObject\",\"inLanguage\":\"fr-FR\",\"@id\":\"https:\\\/\\\/secure.gravatar.com\\\/avatar\\\/268c99344c89cebfe4f5df5fa8be43068a18884fc76a29f3206fae98465b9cab?s=96&d=identicon&r=g\",\"url\":\"https:\\\/\\\/secure.gravatar.com\\\/avatar\\\/268c99344c89cebfe4f5df5fa8be43068a18884fc76a29f3206fae98465b9cab?s=96&d=identicon&r=g\",\"contentUrl\":\"https:\\\/\\\/secure.gravatar.com\\\/avatar\\\/268c99344c89cebfe4f5df5fa8be43068a18884fc76a29f3206fae98465b9cab?s=96&d=identicon&r=g\",\"caption\":\"V\u00e9ronique Darmangeat\"},\"sameAs\":[\"https:\\\/\\\/www.lactissima.com\\\/a-tire-d-ailes\",\"www.facebook.com\\\/consultante.en.lactation\"]}]}<\/script>\n<!-- \/ Yoast SEO plugin. -->","yoast_head_json":{"title":"Allaiter et travailler : le t\u00e9moignage d'Audrey","description":"Audrey a choisi de tirer son lait lors de sa reprise du travail. Elle est satisfaite de ce choix mais pas de sa s\u00e9paration d'avec son b\u00e9b\u00e9 \u00e0 trois mois.","robots":{"index":"index","follow":"follow","max-snippet":"max-snippet:-1","max-image-preview":"max-image-preview:large","max-video-preview":"max-video-preview:-1"},"canonical":"https:\/\/www.lactissima.com\/a-tire-d-ailes\/allaiter-et-travailler-le-temoignage-daudrey\/","og_locale":"fr_FR","og_type":"article","og_title":"Allaiter et travailler : le t\u00e9moignage d'Audrey","og_description":"Audrey a choisi de tirer son lait lors de sa reprise du travail. Elle est satisfaite de ce choix mais pas de sa s\u00e9paration d'avec son b\u00e9b\u00e9 \u00e0 trois mois.","og_url":"https:\/\/www.lactissima.com\/a-tire-d-ailes\/allaiter-et-travailler-le-temoignage-daudrey\/","og_site_name":"A tire d&#039;Ailes","article_publisher":"https:\/\/www.facebook.com\/consultante.en.lactation","article_author":"www.facebook.com\/consultante.en.lactation","article_published_time":"2011-12-15T08:22:13+00:00","article_modified_time":"2014-03-15T14:47:32+00:00","og_image":[{"width":314,"height":209,"url":"https:\/\/www.lactissima.com\/a-tire-d-ailes\/wp-content\/uploads\/allaitement-Audrey3.jpg","type":"image\/jpeg"}],"author":"V\u00e9ronique Darmangeat","twitter_card":"summary_large_image","twitter_creator":"@VeroniqueIBCLC","twitter_site":"@VeroniqueIBCLC","twitter_misc":{"\u00c9crit par":"V\u00e9ronique Darmangeat","Dur\u00e9e de lecture estim\u00e9e":"7 minutes"},"schema":{"@context":"https:\/\/schema.org","@graph":[{"@type":"Article","@id":"https:\/\/www.lactissima.com\/a-tire-d-ailes\/allaiter-et-travailler-le-temoignage-daudrey\/#article","isPartOf":{"@id":"https:\/\/www.lactissima.com\/a-tire-d-ailes\/allaiter-et-travailler-le-temoignage-daudrey\/"},"author":{"name":"V\u00e9ronique Darmangeat","@id":"https:\/\/www.lactissima.com\/a-tire-d-ailes\/#\/schema\/person\/8f98d3a89530861bc1240e6d53d44eed"},"headline":"Allaiter et travailler : le t\u00e9moignage d&rsquo;Audrey","datePublished":"2011-12-15T08:22:13+00:00","dateModified":"2014-03-15T14:47:32+00:00","mainEntityOfPage":{"@id":"https:\/\/www.lactissima.com\/a-tire-d-ailes\/allaiter-et-travailler-le-temoignage-daudrey\/"},"wordCount":1498,"commentCount":6,"image":{"@id":"https:\/\/www.lactissima.com\/a-tire-d-ailes\/allaiter-et-travailler-le-temoignage-daudrey\/#primaryimage"},"thumbnailUrl":"https:\/\/www.lactissima.com\/a-tire-d-ailes\/wp-content\/uploads\/allaitement-Audrey3.jpg","keywords":["allaiter","l'allaitement","Sevrage","sevrer","tire-lait \u00e9lectrique"],"articleSection":["Allaitement et Travail","t\u00e9moignages"],"inLanguage":"fr-FR","potentialAction":[{"@type":"CommentAction","name":"Comment","target":["https:\/\/www.lactissima.com\/a-tire-d-ailes\/allaiter-et-travailler-le-temoignage-daudrey\/#respond"]}]},{"@type":"WebPage","@id":"https:\/\/www.lactissima.com\/a-tire-d-ailes\/allaiter-et-travailler-le-temoignage-daudrey\/","url":"https:\/\/www.lactissima.com\/a-tire-d-ailes\/allaiter-et-travailler-le-temoignage-daudrey\/","name":"Allaiter et travailler : le t\u00e9moignage d'Audrey","isPartOf":{"@id":"https:\/\/www.lactissima.com\/a-tire-d-ailes\/#website"},"primaryImageOfPage":{"@id":"https:\/\/www.lactissima.com\/a-tire-d-ailes\/allaiter-et-travailler-le-temoignage-daudrey\/#primaryimage"},"image":{"@id":"https:\/\/www.lactissima.com\/a-tire-d-ailes\/allaiter-et-travailler-le-temoignage-daudrey\/#primaryimage"},"thumbnailUrl":"https:\/\/www.lactissima.com\/a-tire-d-ailes\/wp-content\/uploads\/allaitement-Audrey3.jpg","datePublished":"2011-12-15T08:22:13+00:00","dateModified":"2014-03-15T14:47:32+00:00","author":{"@id":"https:\/\/www.lactissima.com\/a-tire-d-ailes\/#\/schema\/person\/8f98d3a89530861bc1240e6d53d44eed"},"description":"Audrey a choisi de tirer son lait lors de sa reprise du travail. Elle est satisfaite de ce choix mais pas de sa s\u00e9paration d'avec son b\u00e9b\u00e9 \u00e0 trois mois.","breadcrumb":{"@id":"https:\/\/www.lactissima.com\/a-tire-d-ailes\/allaiter-et-travailler-le-temoignage-daudrey\/#breadcrumb"},"inLanguage":"fr-FR","potentialAction":[{"@type":"ReadAction","target":["https:\/\/www.lactissima.com\/a-tire-d-ailes\/allaiter-et-travailler-le-temoignage-daudrey\/"]}]},{"@type":"ImageObject","inLanguage":"fr-FR","@id":"https:\/\/www.lactissima.com\/a-tire-d-ailes\/allaiter-et-travailler-le-temoignage-daudrey\/#primaryimage","url":"https:\/\/www.lactissima.com\/a-tire-d-ailes\/wp-content\/uploads\/allaitement-Audrey3.jpg","contentUrl":"https:\/\/www.lactissima.com\/a-tire-d-ailes\/wp-content\/uploads\/allaitement-Audrey3.jpg","width":"314","height":"209"},{"@type":"BreadcrumbList","@id":"https:\/\/www.lactissima.com\/a-tire-d-ailes\/allaiter-et-travailler-le-temoignage-daudrey\/#breadcrumb","itemListElement":[{"@type":"ListItem","position":1,"name":"Accueil","item":"https:\/\/www.lactissima.com\/a-tire-d-ailes\/"},{"@type":"ListItem","position":2,"name":"Allaiter et travailler : le t\u00e9moignage d&rsquo;Audrey"}]},{"@type":"WebSite","@id":"https:\/\/www.lactissima.com\/a-tire-d-ailes\/#website","url":"https:\/\/www.lactissima.com\/a-tire-d-ailes\/","name":"A tire d&#039;Ailes","description":"Le blog des femmes qui allaitent et travaillent.","potentialAction":[{"@type":"SearchAction","target":{"@type":"EntryPoint","urlTemplate":"https:\/\/www.lactissima.com\/a-tire-d-ailes\/?s={search_term_string}"},"query-input":{"@type":"PropertyValueSpecification","valueRequired":true,"valueName":"search_term_string"}}],"inLanguage":"fr-FR"},{"@type":"Person","@id":"https:\/\/www.lactissima.com\/a-tire-d-ailes\/#\/schema\/person\/8f98d3a89530861bc1240e6d53d44eed","name":"V\u00e9ronique Darmangeat","image":{"@type":"ImageObject","inLanguage":"fr-FR","@id":"https:\/\/secure.gravatar.com\/avatar\/268c99344c89cebfe4f5df5fa8be43068a18884fc76a29f3206fae98465b9cab?s=96&d=identicon&r=g","url":"https:\/\/secure.gravatar.com\/avatar\/268c99344c89cebfe4f5df5fa8be43068a18884fc76a29f3206fae98465b9cab?s=96&d=identicon&r=g","contentUrl":"https:\/\/secure.gravatar.com\/avatar\/268c99344c89cebfe4f5df5fa8be43068a18884fc76a29f3206fae98465b9cab?s=96&d=identicon&r=g","caption":"V\u00e9ronique Darmangeat"},"sameAs":["https:\/\/www.lactissima.com\/a-tire-d-ailes","www.facebook.com\/consultante.en.lactation"]}]}},"_links":{"self":[{"href":"https:\/\/www.lactissima.com\/a-tire-d-ailes\/wp-json\/wp\/v2\/posts\/2543","targetHints":{"allow":["GET"]}}],"collection":[{"href":"https:\/\/www.lactissima.com\/a-tire-d-ailes\/wp-json\/wp\/v2\/posts"}],"about":[{"href":"https:\/\/www.lactissima.com\/a-tire-d-ailes\/wp-json\/wp\/v2\/types\/post"}],"author":[{"embeddable":true,"href":"https:\/\/www.lactissima.com\/a-tire-d-ailes\/wp-json\/wp\/v2\/users\/170"}],"replies":[{"embeddable":true,"href":"https:\/\/www.lactissima.com\/a-tire-d-ailes\/wp-json\/wp\/v2\/comments?post=2543"}],"version-history":[{"count":13,"href":"https:\/\/www.lactissima.com\/a-tire-d-ailes\/wp-json\/wp\/v2\/posts\/2543\/revisions"}],"predecessor-version":[{"id":5325,"href":"https:\/\/www.lactissima.com\/a-tire-d-ailes\/wp-json\/wp\/v2\/posts\/2543\/revisions\/5325"}],"wp:featuredmedia":[{"embeddable":true,"href":"https:\/\/www.lactissima.com\/a-tire-d-ailes\/wp-json\/wp\/v2\/media\/3527"}],"wp:attachment":[{"href":"https:\/\/www.lactissima.com\/a-tire-d-ailes\/wp-json\/wp\/v2\/media?parent=2543"}],"wp:term":[{"taxonomy":"category","embeddable":true,"href":"https:\/\/www.lactissima.com\/a-tire-d-ailes\/wp-json\/wp\/v2\/categories?post=2543"},{"taxonomy":"post_tag","embeddable":true,"href":"https:\/\/www.lactissima.com\/a-tire-d-ailes\/wp-json\/wp\/v2\/tags?post=2543"}],"curies":[{"name":"wp","href":"https:\/\/api.w.org\/{rel}","templated":true}]}}