{"id":2494,"date":"2011-11-24T09:53:58","date_gmt":"2011-11-24T07:53:58","guid":{"rendered":"https:\/\/www.lactissima.com\/a-tire-d-ailes\/?p=2494"},"modified":"2014-03-15T16:48:04","modified_gmt":"2014-03-15T14:48:04","slug":"allaiter-et-travailler-le-temoignage-de-saveria","status":"publish","type":"post","link":"https:\/\/www.lactissima.com\/a-tire-d-ailes\/allaiter-et-travailler-le-temoignage-de-saveria\/","title":{"rendered":"Allaiter et travailler : le t\u00e9moignage de Saveria"},"content":{"rendered":"<p style=\"text-align: justify;\"><a href=\"https:\/\/www.lactissima.com\/a-tire-d-ailes\/wp-content\/uploads\/Allaitement1.jpg\"><img loading=\"lazy\" decoding=\"async\" class=\"alignright size-full wp-image-2498\" title=\"Allaitement\" alt=\"\" src=\"https:\/\/www.lactissima.com\/a-tire-d-ailes\/wp-content\/uploads\/Allaitement1.jpg\" width=\"336\" height=\"276\" srcset=\"https:\/\/www.lactissima.com\/a-tire-d-ailes\/wp-content\/uploads\/Allaitement1.jpg 336w, https:\/\/www.lactissima.com\/a-tire-d-ailes\/wp-content\/uploads\/Allaitement1-300x246.jpg 300w\" sizes=\"(max-width: 336px) 100vw, 336px\" \/><\/a>Voici le t\u00e9moignage (condens\u00e9) de mes<strong> deux <span style=\"text-decoration: underline;\"><span style=\"color: #000000; text-decoration: underline;\"><a title=\"Allaitement\" href=\"https:\/\/www.lactissima.com\/a-tire-d-ailes\/?p=2073\" target=\"_blank\"><span style=\"color: #000000; text-decoration: underline;\">allaitements<\/span><\/a> <\/span><\/span><\/strong>en travaillant.<\/p>\n<p style=\"text-align: justify;\">Pour mon <strong>a\u00een\u00e9<\/strong>, sur les conseils de la <strong>PMI<\/strong>, j&rsquo;ai tent\u00e9 de le <span style=\"text-decoration: underline;\"><strong><span style=\"color: #000000;\"><a title=\"sevrage\" href=\"https:\/\/www.lactissima.com\/a-tire-d-ailes\/?p=216\" target=\"_blank\"><span style=\"color: #000000; text-decoration: underline;\">sevrer<\/span><\/a><\/span><\/strong><\/span> \u00e0 la reprise du travail alors qu&rsquo;il avait 4 mois. J&rsquo;ai timidement \u00e9mis l&rsquo;id\u00e9e de <strong>continuer \u00e0 <\/strong><span style=\"text-decoration: underline;\"><span style=\"color: #000000; text-decoration: underline;\"><strong><a title=\"allaiter et travailler\" href=\"https:\/\/www.lactissima.com\/a-tire-d-ailes\/?p=34\" target=\"_blank\"><span style=\"color: #000000; text-decoration: underline;\">allaiter<\/span><\/a><\/strong><a title=\"allaiter et travailler\" href=\"https:\/\/www.lactissima.com\/a-tire-d-ailes\/?p=34\" target=\"_blank\"><span style=\"color: #000000; text-decoration: underline;\"> en travaillant<\/span><\/a><\/span><\/span>, l&rsquo;infirmi\u00e8re de la PMI m&rsquo;a alors dit que j&rsquo;\u00e9tais <strong>folle<\/strong> (oui \u00c2\u00ab folle \u00c2\u00bb, elle n&rsquo;a pas employ\u00e9 un autre mot) et qui si mon b\u00e9b\u00e9 continuait \u00e0 <strong><span style=\"text-decoration: underline;\"><span style=\"color: #000000;\"><a title=\"refus du biberon\" href=\"https:\/\/www.lactissima.com\/a-tire-d-ailes\/?p=234\" target=\"_blank\"><span style=\"color: #000000; text-decoration: underline;\">refuser <\/span><\/a><\/span><\/span><\/strong><span style=\"text-decoration: underline;\"><span style=\"color: #000000;\"><a title=\"refus du biberon\" href=\"https:\/\/www.lactissima.com\/a-tire-d-ailes\/?p=234\" target=\"_blank\"><span style=\"color: #000000; text-decoration: underline;\">le biberon<\/span><\/a><\/span><\/span> (de lait de substitution), nous devrions aller consulter un <strong>p\u00e9dopsy<\/strong>.<\/p>\n<p style=\"text-align: justify;\">Tout \u00e7a s&rsquo;est sold\u00e9 par les <strong>urgences p\u00e9diatriques<\/strong> : il \u00e9tait <strong>intol\u00e9rant<\/strong> au lait ! Apr\u00e8s cet \u00e9pisode, j&rsquo;ai d\u00e9cid\u00e9 de ne lui donner plus <strong>que mon lait<\/strong> : je refusais de lui donner un lait de substitution.<\/p>\n<p style=\"text-align: justify;\">Sauf que, je n&rsquo;\u00e9tais <strong>pas pr\u00e9par\u00e9e<\/strong> et que \u00e7a a \u00e9t\u00e9 tr\u00e8s <strong>\u00e9prouvant<\/strong> : je tirais mon lait \u00e0 la <strong>maison<\/strong>, j&rsquo;avais toujours <strong>peur<\/strong> de ne pas en tirer suffisamment (ce qui \u00e9tait souvent le cas), mon fils se <strong>r\u00e9veillait<\/strong> toutes les deux heures pour compenser&#8230;<br \/>\nJe me sentais oblig\u00e9e de <strong>justifier<\/strong> mon manque de disponibilit\u00e9 et mes cernes \u00e0 mes coll\u00e8gues qui ne comprenaient pas pourquoi je m&rsquo;infligeais de telles contraintes.<\/p>\n<p style=\"text-align: justify;\">Puis est arriv\u00e9e la <strong>diversification<\/strong> alimentaire, il n&rsquo;a t\u00e9t\u00e9 plus que le matin et le soir jusqu&rsquo;\u00e0 ses 18 mois, et rien que pour \u00e7a, tout le reste <strong>valait le coup<\/strong> !<\/p>\n<p style=\"text-align: justify;\">Pour mon <strong>second fils<\/strong> que j&rsquo;allaite actuellement en travaillant (il a 6 mois), <span style=\"text-decoration: underline;\"><span style=\"color: #000000;\"><a title=\"travail et allaitement\" href=\"https:\/\/www.lactissima.com\/a-tire-d-ailes\/?p=183\" target=\"_blank\"><span style=\"color: #000000; text-decoration: underline;\">concilier travail et allaitement<\/span><\/a><\/span><\/span> a \u00e9t\u00e9 beaucoup plus <strong>facile<\/strong>. En grande partie gr\u00e2ce aux conseils de V\u00e9ronique : j&rsquo;ai lou\u00e9 un <strong><span style=\"text-decoration: underline;\"><span style=\"color: #000000;\"><a title=\"tire-lait\" href=\"https:\/\/www.lactissima.com\/a-tire-d-ailes\/?p=56\" target=\"_blank\"><span style=\"color: #000000; text-decoration: underline;\">tire-lait<\/span><\/a><\/span><\/span><\/strong> portable, double pompage, me suis \u00e9quip\u00e9e du \u00c2\u00ab<strong><span style=\"text-decoration: underline;\"><span style=\"color: #000000;\"><a title=\"Kit mains-libres\" href=\"https:\/\/www.lactissima.com\/a-tire-d-ailes\/?p=2236\" target=\"_blank\"><span style=\"color: #000000; text-decoration: underline;\"> kit mains libres<\/span><\/a><\/span><\/span><\/strong> \u00c2\u00bb, j&rsquo;ai fait des r\u00e9serves de lait au congel&#8230;<\/p>\n<p style=\"text-align: justify;\">Je suis beaucoup plus <strong>sereine<\/strong>, je ne cherche plus \u00e0 me justifier. J&rsquo;ai du lait pour mon b\u00e9b\u00e9, je n&rsquo;ai pas besoin de lui donner autre chose, voil\u00e0 tout.<\/p>\n<p style=\"text-align: justify;\">Bien s\u00fbr que c&rsquo;est <strong>contraignant<\/strong> ! Il y a toujours des <strong>difficult\u00e9s<\/strong> qu&rsquo;on n&rsquo;avait pas pr\u00e9vues : l&rsquo;infirmerie en travaux&#8230;<br \/>\nIl me semble qu&rsquo;il faut tenir un discours le plus <strong>r\u00e9aliste<\/strong> (et le moins dogmatique) possible aux m\u00e8res qui ont ce projet. J&rsquo;ai entendu et lu \u00c2\u00ab si votre b\u00e9b\u00e9 ne prends pas suffisamment la journ\u00e9e, ce n&rsquo;est pas grave, il t\u00e9tera plus la nuit \u00c2\u00bb.<br \/>\nComment \u00e7a, ce n&rsquo;est <strong>pas grave<\/strong> ??? Ce genre de discours est aussi peu r\u00e9aliste que de dire \u00e0 une maman qui veut continuer d&rsquo;allaiter en travaillant qu&rsquo;elle est folle&#8230;<\/p>\n<p style=\"text-align: justify;\"><strong>Merci<\/strong> Saveria !<\/p>\n<p style=\"text-align: justify;\"><strong>Articles en rapport :<\/strong><\/p>\n<ul>\n<li style=\"text-align: justify;\">Voir l&rsquo;onglet <a href=\"https:\/\/www.lactissima.com\/a-tire-d-ailes\/?page_id=1179\" target=\"_blank\">t\u00e9moignages<\/a><\/li>\n<\/ul>\n<p>&nbsp;<\/p>\n","protected":false},"excerpt":{"rendered":"<p>Saveria a eu des difficult\u00e9s pour poursuivre son allaitement quand elle a repris le travail pour son a\u00een\u00e9. Pour son second fils, elle s&rsquo;est organis\u00e9e et parvient \u00e0 concilier travail et allaitement.<\/p>\n","protected":false},"author":170,"featured_media":2498,"comment_status":"open","ping_status":"open","sticky":false,"template":"","format":"standard","meta":{"_et_pb_use_builder":"","_et_pb_old_content":"","_et_gb_content_width":"","footnotes":""},"categories":[36,150],"tags":[680,343,345,346,344,138,57],"class_list":["post-2494","post","type-post","status-publish","format-standard","has-post-thumbnail","hentry","category-allaitement-et-travail","category-temoignages","tag-allaitement","tag-allaiter-en-travaillant","tag-concilier-travail-et-allaitement","tag-kit-mains-libres","tag-refuser-le-biberon","tag-sevrer","tag-tire-lait"],"yoast_head":"<!-- This site is optimized with the Yoast SEO plugin v27.4 - https:\/\/yoast.com\/product\/yoast-seo-wordpress\/ -->\n<title>Allaiter et travailler : le t\u00e9moignage de Saveria<\/title>\n<meta name=\"description\" content=\"Saveria a eu des difficult\u00e9s pour poursuivre son allaitement quand elle a repris le travail pour son a\u00een\u00e9. Pour son second fils, elle s&#039;est organis\u00e9e et parvient \u00e0 concilier travail et allaitement.\" \/>\n<meta name=\"robots\" content=\"index, follow, max-snippet:-1, max-image-preview:large, max-video-preview:-1\" \/>\n<link rel=\"canonical\" href=\"https:\/\/www.lactissima.com\/a-tire-d-ailes\/allaiter-et-travailler-le-temoignage-de-saveria\/\" \/>\n<meta property=\"og:locale\" content=\"fr_FR\" \/>\n<meta property=\"og:type\" content=\"article\" \/>\n<meta property=\"og:title\" content=\"Allaiter et travailler : le t\u00e9moignage de Saveria\" \/>\n<meta property=\"og:description\" content=\"Saveria a eu des difficult\u00e9s pour poursuivre son allaitement quand elle a repris le travail pour son a\u00een\u00e9. Pour son second fils, elle s&#039;est organis\u00e9e et parvient \u00e0 concilier travail et allaitement.\" \/>\n<meta property=\"og:url\" content=\"https:\/\/www.lactissima.com\/a-tire-d-ailes\/allaiter-et-travailler-le-temoignage-de-saveria\/\" \/>\n<meta property=\"og:site_name\" content=\"A tire d&#039;Ailes\" \/>\n<meta property=\"article:publisher\" content=\"https:\/\/www.facebook.com\/consultante.en.lactation\" \/>\n<meta property=\"article:author\" content=\"www.facebook.com\/consultante.en.lactation\" \/>\n<meta property=\"article:published_time\" content=\"2011-11-24T07:53:58+00:00\" \/>\n<meta property=\"article:modified_time\" content=\"2014-03-15T14:48:04+00:00\" \/>\n<meta property=\"og:image\" content=\"https:\/\/www.lactissima.com\/a-tire-d-ailes\/wp-content\/uploads\/Allaitement1.jpg\" \/>\n\t<meta property=\"og:image:width\" content=\"336\" \/>\n\t<meta property=\"og:image:height\" content=\"276\" \/>\n\t<meta property=\"og:image:type\" content=\"image\/jpeg\" \/>\n<meta name=\"author\" content=\"V\u00e9ronique Darmangeat\" \/>\n<meta name=\"twitter:card\" content=\"summary_large_image\" \/>\n<meta name=\"twitter:creator\" content=\"@VeroniqueIBCLC\" \/>\n<meta name=\"twitter:site\" content=\"@VeroniqueIBCLC\" \/>\n<meta name=\"twitter:label1\" content=\"\u00c9crit par\" \/>\n\t<meta name=\"twitter:data1\" content=\"V\u00e9ronique Darmangeat\" \/>\n\t<meta name=\"twitter:label2\" content=\"Dur\u00e9e de lecture estim\u00e9e\" \/>\n\t<meta name=\"twitter:data2\" content=\"2 minutes\" \/>\n<script type=\"application\/ld+json\" class=\"yoast-schema-graph\">{\"@context\":\"https:\\\/\\\/schema.org\",\"@graph\":[{\"@type\":\"Article\",\"@id\":\"https:\\\/\\\/www.lactissima.com\\\/a-tire-d-ailes\\\/allaiter-et-travailler-le-temoignage-de-saveria\\\/#article\",\"isPartOf\":{\"@id\":\"https:\\\/\\\/www.lactissima.com\\\/a-tire-d-ailes\\\/allaiter-et-travailler-le-temoignage-de-saveria\\\/\"},\"author\":{\"name\":\"V\u00e9ronique Darmangeat\",\"@id\":\"https:\\\/\\\/www.lactissima.com\\\/a-tire-d-ailes\\\/#\\\/schema\\\/person\\\/8f98d3a89530861bc1240e6d53d44eed\"},\"headline\":\"Allaiter et travailler : le t\u00e9moignage de Saveria\",\"datePublished\":\"2011-11-24T07:53:58+00:00\",\"dateModified\":\"2014-03-15T14:48:04+00:00\",\"mainEntityOfPage\":{\"@id\":\"https:\\\/\\\/www.lactissima.com\\\/a-tire-d-ailes\\\/allaiter-et-travailler-le-temoignage-de-saveria\\\/\"},\"wordCount\":462,\"commentCount\":2,\"image\":{\"@id\":\"https:\\\/\\\/www.lactissima.com\\\/a-tire-d-ailes\\\/allaiter-et-travailler-le-temoignage-de-saveria\\\/#primaryimage\"},\"thumbnailUrl\":\"https:\\\/\\\/www.lactissima.com\\\/a-tire-d-ailes\\\/wp-content\\\/uploads\\\/Allaitement1.jpg\",\"keywords\":[\"Allaitement\",\"allaiter en travaillant\",\"concilier travail et allaitement\",\"kit mains libres\",\"refuser le biberon\",\"sevrer\",\"tire-lait\"],\"articleSection\":[\"Allaitement et Travail\",\"t\u00e9moignages\"],\"inLanguage\":\"fr-FR\",\"potentialAction\":[{\"@type\":\"CommentAction\",\"name\":\"Comment\",\"target\":[\"https:\\\/\\\/www.lactissima.com\\\/a-tire-d-ailes\\\/allaiter-et-travailler-le-temoignage-de-saveria\\\/#respond\"]}]},{\"@type\":\"WebPage\",\"@id\":\"https:\\\/\\\/www.lactissima.com\\\/a-tire-d-ailes\\\/allaiter-et-travailler-le-temoignage-de-saveria\\\/\",\"url\":\"https:\\\/\\\/www.lactissima.com\\\/a-tire-d-ailes\\\/allaiter-et-travailler-le-temoignage-de-saveria\\\/\",\"name\":\"Allaiter et travailler : le t\u00e9moignage de Saveria\",\"isPartOf\":{\"@id\":\"https:\\\/\\\/www.lactissima.com\\\/a-tire-d-ailes\\\/#website\"},\"primaryImageOfPage\":{\"@id\":\"https:\\\/\\\/www.lactissima.com\\\/a-tire-d-ailes\\\/allaiter-et-travailler-le-temoignage-de-saveria\\\/#primaryimage\"},\"image\":{\"@id\":\"https:\\\/\\\/www.lactissima.com\\\/a-tire-d-ailes\\\/allaiter-et-travailler-le-temoignage-de-saveria\\\/#primaryimage\"},\"thumbnailUrl\":\"https:\\\/\\\/www.lactissima.com\\\/a-tire-d-ailes\\\/wp-content\\\/uploads\\\/Allaitement1.jpg\",\"datePublished\":\"2011-11-24T07:53:58+00:00\",\"dateModified\":\"2014-03-15T14:48:04+00:00\",\"author\":{\"@id\":\"https:\\\/\\\/www.lactissima.com\\\/a-tire-d-ailes\\\/#\\\/schema\\\/person\\\/8f98d3a89530861bc1240e6d53d44eed\"},\"description\":\"Saveria a eu des difficult\u00e9s pour poursuivre son allaitement quand elle a repris le travail pour son a\u00een\u00e9. Pour son second fils, elle s'est organis\u00e9e et parvient \u00e0 concilier travail et allaitement.\",\"breadcrumb\":{\"@id\":\"https:\\\/\\\/www.lactissima.com\\\/a-tire-d-ailes\\\/allaiter-et-travailler-le-temoignage-de-saveria\\\/#breadcrumb\"},\"inLanguage\":\"fr-FR\",\"potentialAction\":[{\"@type\":\"ReadAction\",\"target\":[\"https:\\\/\\\/www.lactissima.com\\\/a-tire-d-ailes\\\/allaiter-et-travailler-le-temoignage-de-saveria\\\/\"]}]},{\"@type\":\"ImageObject\",\"inLanguage\":\"fr-FR\",\"@id\":\"https:\\\/\\\/www.lactissima.com\\\/a-tire-d-ailes\\\/allaiter-et-travailler-le-temoignage-de-saveria\\\/#primaryimage\",\"url\":\"https:\\\/\\\/www.lactissima.com\\\/a-tire-d-ailes\\\/wp-content\\\/uploads\\\/Allaitement1.jpg\",\"contentUrl\":\"https:\\\/\\\/www.lactissima.com\\\/a-tire-d-ailes\\\/wp-content\\\/uploads\\\/Allaitement1.jpg\",\"width\":\"336\",\"height\":\"276\"},{\"@type\":\"BreadcrumbList\",\"@id\":\"https:\\\/\\\/www.lactissima.com\\\/a-tire-d-ailes\\\/allaiter-et-travailler-le-temoignage-de-saveria\\\/#breadcrumb\",\"itemListElement\":[{\"@type\":\"ListItem\",\"position\":1,\"name\":\"Accueil\",\"item\":\"https:\\\/\\\/www.lactissima.com\\\/a-tire-d-ailes\\\/\"},{\"@type\":\"ListItem\",\"position\":2,\"name\":\"Allaiter et travailler : le t\u00e9moignage de Saveria\"}]},{\"@type\":\"WebSite\",\"@id\":\"https:\\\/\\\/www.lactissima.com\\\/a-tire-d-ailes\\\/#website\",\"url\":\"https:\\\/\\\/www.lactissima.com\\\/a-tire-d-ailes\\\/\",\"name\":\"A tire d&#039;Ailes\",\"description\":\"Le blog des femmes qui allaitent et travaillent.\",\"potentialAction\":[{\"@type\":\"SearchAction\",\"target\":{\"@type\":\"EntryPoint\",\"urlTemplate\":\"https:\\\/\\\/www.lactissima.com\\\/a-tire-d-ailes\\\/?s={search_term_string}\"},\"query-input\":{\"@type\":\"PropertyValueSpecification\",\"valueRequired\":true,\"valueName\":\"search_term_string\"}}],\"inLanguage\":\"fr-FR\"},{\"@type\":\"Person\",\"@id\":\"https:\\\/\\\/www.lactissima.com\\\/a-tire-d-ailes\\\/#\\\/schema\\\/person\\\/8f98d3a89530861bc1240e6d53d44eed\",\"name\":\"V\u00e9ronique Darmangeat\",\"image\":{\"@type\":\"ImageObject\",\"inLanguage\":\"fr-FR\",\"@id\":\"https:\\\/\\\/secure.gravatar.com\\\/avatar\\\/268c99344c89cebfe4f5df5fa8be43068a18884fc76a29f3206fae98465b9cab?s=96&d=identicon&r=g\",\"url\":\"https:\\\/\\\/secure.gravatar.com\\\/avatar\\\/268c99344c89cebfe4f5df5fa8be43068a18884fc76a29f3206fae98465b9cab?s=96&d=identicon&r=g\",\"contentUrl\":\"https:\\\/\\\/secure.gravatar.com\\\/avatar\\\/268c99344c89cebfe4f5df5fa8be43068a18884fc76a29f3206fae98465b9cab?s=96&d=identicon&r=g\",\"caption\":\"V\u00e9ronique Darmangeat\"},\"sameAs\":[\"https:\\\/\\\/www.lactissima.com\\\/a-tire-d-ailes\",\"www.facebook.com\\\/consultante.en.lactation\"]}]}<\/script>\n<!-- \/ Yoast SEO plugin. -->","yoast_head_json":{"title":"Allaiter et travailler : le t\u00e9moignage de Saveria","description":"Saveria a eu des difficult\u00e9s pour poursuivre son allaitement quand elle a repris le travail pour son a\u00een\u00e9. Pour son second fils, elle s'est organis\u00e9e et parvient \u00e0 concilier travail et allaitement.","robots":{"index":"index","follow":"follow","max-snippet":"max-snippet:-1","max-image-preview":"max-image-preview:large","max-video-preview":"max-video-preview:-1"},"canonical":"https:\/\/www.lactissima.com\/a-tire-d-ailes\/allaiter-et-travailler-le-temoignage-de-saveria\/","og_locale":"fr_FR","og_type":"article","og_title":"Allaiter et travailler : le t\u00e9moignage de Saveria","og_description":"Saveria a eu des difficult\u00e9s pour poursuivre son allaitement quand elle a repris le travail pour son a\u00een\u00e9. Pour son second fils, elle s'est organis\u00e9e et parvient \u00e0 concilier travail et allaitement.","og_url":"https:\/\/www.lactissima.com\/a-tire-d-ailes\/allaiter-et-travailler-le-temoignage-de-saveria\/","og_site_name":"A tire d&#039;Ailes","article_publisher":"https:\/\/www.facebook.com\/consultante.en.lactation","article_author":"www.facebook.com\/consultante.en.lactation","article_published_time":"2011-11-24T07:53:58+00:00","article_modified_time":"2014-03-15T14:48:04+00:00","og_image":[{"width":336,"height":276,"url":"https:\/\/www.lactissima.com\/a-tire-d-ailes\/wp-content\/uploads\/Allaitement1.jpg","type":"image\/jpeg"}],"author":"V\u00e9ronique Darmangeat","twitter_card":"summary_large_image","twitter_creator":"@VeroniqueIBCLC","twitter_site":"@VeroniqueIBCLC","twitter_misc":{"\u00c9crit par":"V\u00e9ronique Darmangeat","Dur\u00e9e de lecture estim\u00e9e":"2 minutes"},"schema":{"@context":"https:\/\/schema.org","@graph":[{"@type":"Article","@id":"https:\/\/www.lactissima.com\/a-tire-d-ailes\/allaiter-et-travailler-le-temoignage-de-saveria\/#article","isPartOf":{"@id":"https:\/\/www.lactissima.com\/a-tire-d-ailes\/allaiter-et-travailler-le-temoignage-de-saveria\/"},"author":{"name":"V\u00e9ronique Darmangeat","@id":"https:\/\/www.lactissima.com\/a-tire-d-ailes\/#\/schema\/person\/8f98d3a89530861bc1240e6d53d44eed"},"headline":"Allaiter et travailler : le t\u00e9moignage de Saveria","datePublished":"2011-11-24T07:53:58+00:00","dateModified":"2014-03-15T14:48:04+00:00","mainEntityOfPage":{"@id":"https:\/\/www.lactissima.com\/a-tire-d-ailes\/allaiter-et-travailler-le-temoignage-de-saveria\/"},"wordCount":462,"commentCount":2,"image":{"@id":"https:\/\/www.lactissima.com\/a-tire-d-ailes\/allaiter-et-travailler-le-temoignage-de-saveria\/#primaryimage"},"thumbnailUrl":"https:\/\/www.lactissima.com\/a-tire-d-ailes\/wp-content\/uploads\/Allaitement1.jpg","keywords":["Allaitement","allaiter en travaillant","concilier travail et allaitement","kit mains libres","refuser le biberon","sevrer","tire-lait"],"articleSection":["Allaitement et Travail","t\u00e9moignages"],"inLanguage":"fr-FR","potentialAction":[{"@type":"CommentAction","name":"Comment","target":["https:\/\/www.lactissima.com\/a-tire-d-ailes\/allaiter-et-travailler-le-temoignage-de-saveria\/#respond"]}]},{"@type":"WebPage","@id":"https:\/\/www.lactissima.com\/a-tire-d-ailes\/allaiter-et-travailler-le-temoignage-de-saveria\/","url":"https:\/\/www.lactissima.com\/a-tire-d-ailes\/allaiter-et-travailler-le-temoignage-de-saveria\/","name":"Allaiter et travailler : le t\u00e9moignage de Saveria","isPartOf":{"@id":"https:\/\/www.lactissima.com\/a-tire-d-ailes\/#website"},"primaryImageOfPage":{"@id":"https:\/\/www.lactissima.com\/a-tire-d-ailes\/allaiter-et-travailler-le-temoignage-de-saveria\/#primaryimage"},"image":{"@id":"https:\/\/www.lactissima.com\/a-tire-d-ailes\/allaiter-et-travailler-le-temoignage-de-saveria\/#primaryimage"},"thumbnailUrl":"https:\/\/www.lactissima.com\/a-tire-d-ailes\/wp-content\/uploads\/Allaitement1.jpg","datePublished":"2011-11-24T07:53:58+00:00","dateModified":"2014-03-15T14:48:04+00:00","author":{"@id":"https:\/\/www.lactissima.com\/a-tire-d-ailes\/#\/schema\/person\/8f98d3a89530861bc1240e6d53d44eed"},"description":"Saveria a eu des difficult\u00e9s pour poursuivre son allaitement quand elle a repris le travail pour son a\u00een\u00e9. Pour son second fils, elle s'est organis\u00e9e et parvient \u00e0 concilier travail et allaitement.","breadcrumb":{"@id":"https:\/\/www.lactissima.com\/a-tire-d-ailes\/allaiter-et-travailler-le-temoignage-de-saveria\/#breadcrumb"},"inLanguage":"fr-FR","potentialAction":[{"@type":"ReadAction","target":["https:\/\/www.lactissima.com\/a-tire-d-ailes\/allaiter-et-travailler-le-temoignage-de-saveria\/"]}]},{"@type":"ImageObject","inLanguage":"fr-FR","@id":"https:\/\/www.lactissima.com\/a-tire-d-ailes\/allaiter-et-travailler-le-temoignage-de-saveria\/#primaryimage","url":"https:\/\/www.lactissima.com\/a-tire-d-ailes\/wp-content\/uploads\/Allaitement1.jpg","contentUrl":"https:\/\/www.lactissima.com\/a-tire-d-ailes\/wp-content\/uploads\/Allaitement1.jpg","width":"336","height":"276"},{"@type":"BreadcrumbList","@id":"https:\/\/www.lactissima.com\/a-tire-d-ailes\/allaiter-et-travailler-le-temoignage-de-saveria\/#breadcrumb","itemListElement":[{"@type":"ListItem","position":1,"name":"Accueil","item":"https:\/\/www.lactissima.com\/a-tire-d-ailes\/"},{"@type":"ListItem","position":2,"name":"Allaiter et travailler : le t\u00e9moignage de Saveria"}]},{"@type":"WebSite","@id":"https:\/\/www.lactissima.com\/a-tire-d-ailes\/#website","url":"https:\/\/www.lactissima.com\/a-tire-d-ailes\/","name":"A tire d&#039;Ailes","description":"Le blog des femmes qui allaitent et travaillent.","potentialAction":[{"@type":"SearchAction","target":{"@type":"EntryPoint","urlTemplate":"https:\/\/www.lactissima.com\/a-tire-d-ailes\/?s={search_term_string}"},"query-input":{"@type":"PropertyValueSpecification","valueRequired":true,"valueName":"search_term_string"}}],"inLanguage":"fr-FR"},{"@type":"Person","@id":"https:\/\/www.lactissima.com\/a-tire-d-ailes\/#\/schema\/person\/8f98d3a89530861bc1240e6d53d44eed","name":"V\u00e9ronique Darmangeat","image":{"@type":"ImageObject","inLanguage":"fr-FR","@id":"https:\/\/secure.gravatar.com\/avatar\/268c99344c89cebfe4f5df5fa8be43068a18884fc76a29f3206fae98465b9cab?s=96&d=identicon&r=g","url":"https:\/\/secure.gravatar.com\/avatar\/268c99344c89cebfe4f5df5fa8be43068a18884fc76a29f3206fae98465b9cab?s=96&d=identicon&r=g","contentUrl":"https:\/\/secure.gravatar.com\/avatar\/268c99344c89cebfe4f5df5fa8be43068a18884fc76a29f3206fae98465b9cab?s=96&d=identicon&r=g","caption":"V\u00e9ronique Darmangeat"},"sameAs":["https:\/\/www.lactissima.com\/a-tire-d-ailes","www.facebook.com\/consultante.en.lactation"]}]}},"_links":{"self":[{"href":"https:\/\/www.lactissima.com\/a-tire-d-ailes\/wp-json\/wp\/v2\/posts\/2494","targetHints":{"allow":["GET"]}}],"collection":[{"href":"https:\/\/www.lactissima.com\/a-tire-d-ailes\/wp-json\/wp\/v2\/posts"}],"about":[{"href":"https:\/\/www.lactissima.com\/a-tire-d-ailes\/wp-json\/wp\/v2\/types\/post"}],"author":[{"embeddable":true,"href":"https:\/\/www.lactissima.com\/a-tire-d-ailes\/wp-json\/wp\/v2\/users\/170"}],"replies":[{"embeddable":true,"href":"https:\/\/www.lactissima.com\/a-tire-d-ailes\/wp-json\/wp\/v2\/comments?post=2494"}],"version-history":[{"count":20,"href":"https:\/\/www.lactissima.com\/a-tire-d-ailes\/wp-json\/wp\/v2\/posts\/2494\/revisions"}],"predecessor-version":[{"id":5331,"href":"https:\/\/www.lactissima.com\/a-tire-d-ailes\/wp-json\/wp\/v2\/posts\/2494\/revisions\/5331"}],"wp:featuredmedia":[{"embeddable":true,"href":"https:\/\/www.lactissima.com\/a-tire-d-ailes\/wp-json\/wp\/v2\/media\/2498"}],"wp:attachment":[{"href":"https:\/\/www.lactissima.com\/a-tire-d-ailes\/wp-json\/wp\/v2\/media?parent=2494"}],"wp:term":[{"taxonomy":"category","embeddable":true,"href":"https:\/\/www.lactissima.com\/a-tire-d-ailes\/wp-json\/wp\/v2\/categories?post=2494"},{"taxonomy":"post_tag","embeddable":true,"href":"https:\/\/www.lactissima.com\/a-tire-d-ailes\/wp-json\/wp\/v2\/tags?post=2494"}],"curies":[{"name":"wp","href":"https:\/\/api.w.org\/{rel}","templated":true}]}}