{"id":2463,"date":"2011-11-11T09:57:07","date_gmt":"2011-11-11T07:57:07","guid":{"rendered":"https:\/\/www.lactissima.com\/a-tire-d-ailes\/?p=2463"},"modified":"2014-03-15T16:48:15","modified_gmt":"2014-03-15T14:48:15","slug":"allaitement-travail-et-bebe-malade","status":"publish","type":"post","link":"https:\/\/www.lactissima.com\/a-tire-d-ailes\/allaitement-travail-et-bebe-malade\/","title":{"rendered":"Allaitement, travail et b\u00e9b\u00e9 malade"},"content":{"rendered":"<p style=\"text-align: justify;\"><a href=\"https:\/\/www.lactissima.com\/a-tire-d-ailes\/wp-content\/uploads\/2011\/11\/b\u00e9b\u00e9-malade.jpg\"><img loading=\"lazy\" decoding=\"async\" class=\"alignright size-full wp-image-4481\" alt=\"travail et b\u00e9b\u00e9 malade.\" src=\"https:\/\/www.lactissima.com\/a-tire-d-ailes\/wp-content\/uploads\/2011\/11\/b\u00e9b\u00e9-malade.jpg\" width=\"300\" height=\"200\" \/><\/a>Les b\u00e9b\u00e9s au <strong>lait artificiel<\/strong> sont statistiquement <strong>plus malades<\/strong> que les b\u00e9b\u00e9s <strong>allait\u00e9s<\/strong>, de nombreuses <strong>\u00e9tudes<\/strong> le montrent. Ce qui ne veut pas dire que <span style=\"text-decoration: underline; color: #000000;\"><a title=\"allaitement\" href=\"http:\/\/www.allaiteraparis.fr\" target=\"_blank\"><span style=\"color: #000000; text-decoration: underline;\">l&rsquo;allaitement<\/span><\/a><\/span> soit une <strong>assurance tout risque<\/strong> et que votre b\u00e9b\u00e9 allait\u00e9 ne sera jamais malade !<\/p>\n<p style=\"text-align: justify;\">Vous avez donc <strong>repris le travail<\/strong>, vous avez choisi de<span style=\"color: #000000;\"> <a title=\"tirer son lait\" href=\"https:\/\/www.lactissima.com\/a-tire-d-ailes\/?p=1305\" target=\"_blank\"><span style=\"color: #000000;\">tirer votre lait<\/span><\/a><\/span>&#8230;et votre b\u00e9b\u00e9 qui vient d&rsquo;entrer en <strong>cr\u00e8che<\/strong> tombe malade : situation banale s&rsquo;il en est.<\/p>\n<p style=\"text-align: justify;\">Premi\u00e8re <strong>question<\/strong> : qui prend des <strong>cong\u00e9s<\/strong> pour garder votre bout de chou \u00e0 la maison ? Vous ou le <strong>p\u00e8re<\/strong> ? C&rsquo;est encore en majorit\u00e9 les m\u00e8res qui s&rsquo;absentent de leur travail en cas de maladie de l&rsquo;enfant. Cela les <strong>p\u00e9nalise<\/strong> \u00e0 long terme pour leur d\u00e9roul\u00e9 de carri\u00e8re. Il serait donc temps que ce genre d&rsquo;absence soit <strong>\u00e9quitablement partag\u00e9<\/strong> entre le p\u00e8re et la m\u00e8re. D&rsquo;autant plus que si vous tirez votre lait, votre conjoint peut tr\u00e8s bien le donner au biberon comme le fait la cr\u00e8che !<\/p>\n<p style=\"text-align: justify;\">Deuxi\u00e8me <strong>question<\/strong> : devez-vous changer le <strong>rythme<\/strong> instaur\u00e9 entre biberons et t\u00e9t\u00e9es ? Si c&rsquo;est le papa qui s&rsquo;occupe de votre enfant \u00e0 la maison, vous n&rsquo;avez rien \u00e0 changer, sauf que votre enfant risque de <strong>t\u00e9ter beaucoup plus<\/strong> en votre pr\u00e9sence pour faire le plein <strong>d&rsquo;anticorps<\/strong>. Si c&rsquo;est vous qui prenez des jours enfant malade, je vous sugg\u00e8re fortement d&rsquo;<span style=\"color: #000000;\"><a title=\"Allaiter\" href=\"http:\/\/allaiteraparis.fr\" target=\"_blank\"><span style=\"color: #000000;\">allaiter<\/span><\/a><\/span> votre enfant \u00e0 la <strong>demande<\/strong> car il risque de ne pas vouloir prendre ses biberons si vos seins sont \u00e0 port\u00e9e de bouche car un enfant malade demande en g\u00e9n\u00e9ral <strong>beaucoup<\/strong> \u00e0 t\u00e9ter.<br \/>\nDonc vous pouvez ranger votre <span style=\"color: #000000;\"><a title=\"tire-lait\" href=\"https:\/\/www.lactissima.com\/a-tire-d-ailes\/?p=56\" target=\"_blank\"><span style=\"color: #000000;\">tire-lait<\/span><\/a><\/span> jusqu&rsquo;\u00e0 ce qu&rsquo;il aille mieux.<\/p>\n<p style=\"text-align: justify;\">Si vous faites habituellement un allaitement <strong>mixte<\/strong>, vous pouvez proposer le sein \u00e0 <strong>volont\u00e9<\/strong> \u00e0 votre b\u00e9b\u00e9 pendant qu&rsquo;il est malade : vous ferez le <strong>meilleur<\/strong> pour lui !<\/p>\n<p style=\"text-align: justify;\">Troisi\u00e8me <strong>question<\/strong> : comment g\u00e9rer la <strong>fatigue<\/strong> ? Un b\u00e9b\u00e9 malade dort mal en g\u00e9n\u00e9ral. Si c&rsquo;est son papa qui s&rsquo;en occupe la journ\u00e9e, vos nuits ne seront pas bonnes pour autant et il va falloir <strong>assurer au travail<\/strong> la journ\u00e9e. Prenez les mesures qui s&rsquo;imposent pour vous lever le moins possible. En bref, gardez votre b\u00e9b\u00e9 <strong>\u00e0 port\u00e9e de main<\/strong> !<br \/>\nSi c&rsquo;est vous qui restez \u00e0 la maison, optez pour la <strong>sieste<\/strong> en journ\u00e9e, vous en avez bien <strong>besoin<\/strong> !<\/p>\n<p style=\"text-align: justify;\">Et <strong>vous<\/strong>, comment g\u00e9rez-vous allaitement, travail et b\u00e9b\u00e9 malade ?<\/p>\n<p style=\"text-align: justify;\"><strong>Articles en rapport :<\/strong><\/p>\n<ul>\n<li style=\"text-align: justify;\"><a title=\"L'organisation familiale\" href=\"https:\/\/www.lactissima.com\/a-tire-d-ailes\/?p=463\" target=\"_blank\">L&rsquo;organisation familiale<\/a><\/li>\n<li style=\"text-align: justify;\"><a title=\"Allaiter et travailler, un facteur d'\u00e9galit\u00e9 homme-femme\" href=\"https:\/\/www.lactissima.com\/a-tire-d-ailes\/?p=278\" target=\"_blank\">Allaiter et travailler, un facteur d&rsquo;\u00e9galit\u00e9 homme-femme<\/a><\/li>\n<li style=\"text-align: justify;\"><a title=\"Poursuivre l'allaitement apr\u00e8s la reprise du travail, vous avez dit fatigant ?\" href=\"https:\/\/www.lactissima.com\/a-tire-d-ailes\/?p=183\" target=\"_blank\">Poursuivre l&rsquo;allaitement apr\u00e8s la reprise du travail, vous avez dit fatigant ?<\/a><\/li>\n<\/ul>\n<p>&nbsp;<\/p>\n","protected":false},"excerpt":{"rendered":"<p>Les bonnes questions \u00e0 se poser pour conjuguer au mieux allaitement, travail et b\u00e9b\u00e9 malade.<\/p>\n","protected":false},"author":170,"featured_media":4481,"comment_status":"open","ping_status":"open","sticky":false,"template":"","format":"standard","meta":{"_et_pb_use_builder":"","_et_pb_old_content":"","_et_gb_content_width":"","footnotes":""},"categories":[36,37,41],"tags":[112,300,57,326],"class_list":["post-2463","post","type-post","status-publish","format-standard","has-post-thumbnail","hentry","category-allaitement-et-travail","category-articulation-vie-professionnelle-vie-famille","category-femmes-et-societe","tag-allaiter","tag-lallaitement","tag-tire-lait","tag-tirer-votre-lait"],"yoast_head":"<!-- This site is optimized with the Yoast SEO plugin v27.4 - https:\/\/yoast.com\/product\/yoast-seo-wordpress\/ -->\n<title>travail et b\u00e9b\u00e9 malade<\/title>\n<meta name=\"description\" content=\"Les bonnes questions \u00e0 se poser pour conjuguer au mieux allaitement, travail et b\u00e9b\u00e9 malade.\" \/>\n<meta name=\"robots\" content=\"index, follow, max-snippet:-1, max-image-preview:large, max-video-preview:-1\" \/>\n<link rel=\"canonical\" href=\"https:\/\/www.lactissima.com\/a-tire-d-ailes\/allaitement-travail-et-bebe-malade\/\" \/>\n<meta property=\"og:locale\" content=\"fr_FR\" \/>\n<meta property=\"og:type\" content=\"article\" \/>\n<meta property=\"og:title\" content=\"travail et b\u00e9b\u00e9 malade\" \/>\n<meta property=\"og:description\" content=\"Les bonnes questions \u00e0 se poser pour conjuguer au mieux allaitement, travail et b\u00e9b\u00e9 malade.\" \/>\n<meta property=\"og:url\" content=\"https:\/\/www.lactissima.com\/a-tire-d-ailes\/allaitement-travail-et-bebe-malade\/\" \/>\n<meta property=\"og:site_name\" content=\"A tire d&#039;Ailes\" \/>\n<meta property=\"article:publisher\" content=\"https:\/\/www.facebook.com\/consultante.en.lactation\" \/>\n<meta property=\"article:author\" content=\"www.facebook.com\/consultante.en.lactation\" \/>\n<meta property=\"article:published_time\" content=\"2011-11-11T07:57:07+00:00\" \/>\n<meta property=\"article:modified_time\" content=\"2014-03-15T14:48:15+00:00\" \/>\n<meta property=\"og:image\" content=\"https:\/\/www.lactissima.com\/a-tire-d-ailes\/wp-content\/uploads\/2011\/11\/b\u00e9b\u00e9-malade.jpg\" \/>\n\t<meta property=\"og:image:width\" content=\"300\" \/>\n\t<meta property=\"og:image:height\" content=\"200\" \/>\n\t<meta property=\"og:image:type\" content=\"image\/jpeg\" \/>\n<meta name=\"author\" content=\"V\u00e9ronique Darmangeat\" \/>\n<meta name=\"twitter:card\" content=\"summary_large_image\" \/>\n<meta name=\"twitter:creator\" content=\"@VeroniqueIBCLC\" \/>\n<meta name=\"twitter:site\" content=\"@VeroniqueIBCLC\" \/>\n<meta name=\"twitter:label1\" content=\"\u00c9crit par\" \/>\n\t<meta name=\"twitter:data1\" content=\"V\u00e9ronique Darmangeat\" \/>\n\t<meta name=\"twitter:label2\" content=\"Dur\u00e9e de lecture estim\u00e9e\" \/>\n\t<meta name=\"twitter:data2\" content=\"2 minutes\" \/>\n<script type=\"application\/ld+json\" class=\"yoast-schema-graph\">{\"@context\":\"https:\\\/\\\/schema.org\",\"@graph\":[{\"@type\":\"Article\",\"@id\":\"https:\\\/\\\/www.lactissima.com\\\/a-tire-d-ailes\\\/allaitement-travail-et-bebe-malade\\\/#article\",\"isPartOf\":{\"@id\":\"https:\\\/\\\/www.lactissima.com\\\/a-tire-d-ailes\\\/allaitement-travail-et-bebe-malade\\\/\"},\"author\":{\"name\":\"V\u00e9ronique Darmangeat\",\"@id\":\"https:\\\/\\\/www.lactissima.com\\\/a-tire-d-ailes\\\/#\\\/schema\\\/person\\\/8f98d3a89530861bc1240e6d53d44eed\"},\"headline\":\"Allaitement, travail et b\u00e9b\u00e9 malade\",\"datePublished\":\"2011-11-11T07:57:07+00:00\",\"dateModified\":\"2014-03-15T14:48:15+00:00\",\"mainEntityOfPage\":{\"@id\":\"https:\\\/\\\/www.lactissima.com\\\/a-tire-d-ailes\\\/allaitement-travail-et-bebe-malade\\\/\"},\"wordCount\":456,\"commentCount\":19,\"image\":{\"@id\":\"https:\\\/\\\/www.lactissima.com\\\/a-tire-d-ailes\\\/allaitement-travail-et-bebe-malade\\\/#primaryimage\"},\"thumbnailUrl\":\"https:\\\/\\\/www.lactissima.com\\\/a-tire-d-ailes\\\/wp-content\\\/uploads\\\/2011\\\/11\\\/b\u00e9b\u00e9-malade.jpg\",\"keywords\":[\"allaiter\",\"l'allaitement\",\"tire-lait\",\"tirer votre lait\"],\"articleSection\":[\"Allaitement et Travail\",\"Articulation Vie Professionnelle Vie Famille\",\"Femmes et Soci\u00e9t\u00e9\"],\"inLanguage\":\"fr-FR\",\"potentialAction\":[{\"@type\":\"CommentAction\",\"name\":\"Comment\",\"target\":[\"https:\\\/\\\/www.lactissima.com\\\/a-tire-d-ailes\\\/allaitement-travail-et-bebe-malade\\\/#respond\"]}]},{\"@type\":\"WebPage\",\"@id\":\"https:\\\/\\\/www.lactissima.com\\\/a-tire-d-ailes\\\/allaitement-travail-et-bebe-malade\\\/\",\"url\":\"https:\\\/\\\/www.lactissima.com\\\/a-tire-d-ailes\\\/allaitement-travail-et-bebe-malade\\\/\",\"name\":\"travail et b\u00e9b\u00e9 malade\",\"isPartOf\":{\"@id\":\"https:\\\/\\\/www.lactissima.com\\\/a-tire-d-ailes\\\/#website\"},\"primaryImageOfPage\":{\"@id\":\"https:\\\/\\\/www.lactissima.com\\\/a-tire-d-ailes\\\/allaitement-travail-et-bebe-malade\\\/#primaryimage\"},\"image\":{\"@id\":\"https:\\\/\\\/www.lactissima.com\\\/a-tire-d-ailes\\\/allaitement-travail-et-bebe-malade\\\/#primaryimage\"},\"thumbnailUrl\":\"https:\\\/\\\/www.lactissima.com\\\/a-tire-d-ailes\\\/wp-content\\\/uploads\\\/2011\\\/11\\\/b\u00e9b\u00e9-malade.jpg\",\"datePublished\":\"2011-11-11T07:57:07+00:00\",\"dateModified\":\"2014-03-15T14:48:15+00:00\",\"author\":{\"@id\":\"https:\\\/\\\/www.lactissima.com\\\/a-tire-d-ailes\\\/#\\\/schema\\\/person\\\/8f98d3a89530861bc1240e6d53d44eed\"},\"description\":\"Les bonnes questions \u00e0 se poser pour conjuguer au mieux allaitement, travail et b\u00e9b\u00e9 malade.\",\"breadcrumb\":{\"@id\":\"https:\\\/\\\/www.lactissima.com\\\/a-tire-d-ailes\\\/allaitement-travail-et-bebe-malade\\\/#breadcrumb\"},\"inLanguage\":\"fr-FR\",\"potentialAction\":[{\"@type\":\"ReadAction\",\"target\":[\"https:\\\/\\\/www.lactissima.com\\\/a-tire-d-ailes\\\/allaitement-travail-et-bebe-malade\\\/\"]}]},{\"@type\":\"ImageObject\",\"inLanguage\":\"fr-FR\",\"@id\":\"https:\\\/\\\/www.lactissima.com\\\/a-tire-d-ailes\\\/allaitement-travail-et-bebe-malade\\\/#primaryimage\",\"url\":\"https:\\\/\\\/www.lactissima.com\\\/a-tire-d-ailes\\\/wp-content\\\/uploads\\\/2011\\\/11\\\/b\u00e9b\u00e9-malade.jpg\",\"contentUrl\":\"https:\\\/\\\/www.lactissima.com\\\/a-tire-d-ailes\\\/wp-content\\\/uploads\\\/2011\\\/11\\\/b\u00e9b\u00e9-malade.jpg\",\"width\":300,\"height\":200,\"caption\":\"b\u00e9b\u00e9 malade\"},{\"@type\":\"BreadcrumbList\",\"@id\":\"https:\\\/\\\/www.lactissima.com\\\/a-tire-d-ailes\\\/allaitement-travail-et-bebe-malade\\\/#breadcrumb\",\"itemListElement\":[{\"@type\":\"ListItem\",\"position\":1,\"name\":\"Accueil\",\"item\":\"https:\\\/\\\/www.lactissima.com\\\/a-tire-d-ailes\\\/\"},{\"@type\":\"ListItem\",\"position\":2,\"name\":\"Allaitement, travail et b\u00e9b\u00e9 malade\"}]},{\"@type\":\"WebSite\",\"@id\":\"https:\\\/\\\/www.lactissima.com\\\/a-tire-d-ailes\\\/#website\",\"url\":\"https:\\\/\\\/www.lactissima.com\\\/a-tire-d-ailes\\\/\",\"name\":\"A tire d&#039;Ailes\",\"description\":\"Le blog des femmes qui allaitent et travaillent.\",\"potentialAction\":[{\"@type\":\"SearchAction\",\"target\":{\"@type\":\"EntryPoint\",\"urlTemplate\":\"https:\\\/\\\/www.lactissima.com\\\/a-tire-d-ailes\\\/?s={search_term_string}\"},\"query-input\":{\"@type\":\"PropertyValueSpecification\",\"valueRequired\":true,\"valueName\":\"search_term_string\"}}],\"inLanguage\":\"fr-FR\"},{\"@type\":\"Person\",\"@id\":\"https:\\\/\\\/www.lactissima.com\\\/a-tire-d-ailes\\\/#\\\/schema\\\/person\\\/8f98d3a89530861bc1240e6d53d44eed\",\"name\":\"V\u00e9ronique Darmangeat\",\"image\":{\"@type\":\"ImageObject\",\"inLanguage\":\"fr-FR\",\"@id\":\"https:\\\/\\\/secure.gravatar.com\\\/avatar\\\/268c99344c89cebfe4f5df5fa8be43068a18884fc76a29f3206fae98465b9cab?s=96&d=identicon&r=g\",\"url\":\"https:\\\/\\\/secure.gravatar.com\\\/avatar\\\/268c99344c89cebfe4f5df5fa8be43068a18884fc76a29f3206fae98465b9cab?s=96&d=identicon&r=g\",\"contentUrl\":\"https:\\\/\\\/secure.gravatar.com\\\/avatar\\\/268c99344c89cebfe4f5df5fa8be43068a18884fc76a29f3206fae98465b9cab?s=96&d=identicon&r=g\",\"caption\":\"V\u00e9ronique Darmangeat\"},\"sameAs\":[\"https:\\\/\\\/www.lactissima.com\\\/a-tire-d-ailes\",\"www.facebook.com\\\/consultante.en.lactation\"]}]}<\/script>\n<!-- \/ Yoast SEO plugin. -->","yoast_head_json":{"title":"travail et b\u00e9b\u00e9 malade","description":"Les bonnes questions \u00e0 se poser pour conjuguer au mieux allaitement, travail et b\u00e9b\u00e9 malade.","robots":{"index":"index","follow":"follow","max-snippet":"max-snippet:-1","max-image-preview":"max-image-preview:large","max-video-preview":"max-video-preview:-1"},"canonical":"https:\/\/www.lactissima.com\/a-tire-d-ailes\/allaitement-travail-et-bebe-malade\/","og_locale":"fr_FR","og_type":"article","og_title":"travail et b\u00e9b\u00e9 malade","og_description":"Les bonnes questions \u00e0 se poser pour conjuguer au mieux allaitement, travail et b\u00e9b\u00e9 malade.","og_url":"https:\/\/www.lactissima.com\/a-tire-d-ailes\/allaitement-travail-et-bebe-malade\/","og_site_name":"A tire d&#039;Ailes","article_publisher":"https:\/\/www.facebook.com\/consultante.en.lactation","article_author":"www.facebook.com\/consultante.en.lactation","article_published_time":"2011-11-11T07:57:07+00:00","article_modified_time":"2014-03-15T14:48:15+00:00","og_image":[{"width":300,"height":200,"url":"https:\/\/www.lactissima.com\/a-tire-d-ailes\/wp-content\/uploads\/2011\/11\/b\u00e9b\u00e9-malade.jpg","type":"image\/jpeg"}],"author":"V\u00e9ronique Darmangeat","twitter_card":"summary_large_image","twitter_creator":"@VeroniqueIBCLC","twitter_site":"@VeroniqueIBCLC","twitter_misc":{"\u00c9crit par":"V\u00e9ronique Darmangeat","Dur\u00e9e de lecture estim\u00e9e":"2 minutes"},"schema":{"@context":"https:\/\/schema.org","@graph":[{"@type":"Article","@id":"https:\/\/www.lactissima.com\/a-tire-d-ailes\/allaitement-travail-et-bebe-malade\/#article","isPartOf":{"@id":"https:\/\/www.lactissima.com\/a-tire-d-ailes\/allaitement-travail-et-bebe-malade\/"},"author":{"name":"V\u00e9ronique Darmangeat","@id":"https:\/\/www.lactissima.com\/a-tire-d-ailes\/#\/schema\/person\/8f98d3a89530861bc1240e6d53d44eed"},"headline":"Allaitement, travail et b\u00e9b\u00e9 malade","datePublished":"2011-11-11T07:57:07+00:00","dateModified":"2014-03-15T14:48:15+00:00","mainEntityOfPage":{"@id":"https:\/\/www.lactissima.com\/a-tire-d-ailes\/allaitement-travail-et-bebe-malade\/"},"wordCount":456,"commentCount":19,"image":{"@id":"https:\/\/www.lactissima.com\/a-tire-d-ailes\/allaitement-travail-et-bebe-malade\/#primaryimage"},"thumbnailUrl":"https:\/\/www.lactissima.com\/a-tire-d-ailes\/wp-content\/uploads\/2011\/11\/b\u00e9b\u00e9-malade.jpg","keywords":["allaiter","l'allaitement","tire-lait","tirer votre lait"],"articleSection":["Allaitement et Travail","Articulation Vie Professionnelle Vie Famille","Femmes et Soci\u00e9t\u00e9"],"inLanguage":"fr-FR","potentialAction":[{"@type":"CommentAction","name":"Comment","target":["https:\/\/www.lactissima.com\/a-tire-d-ailes\/allaitement-travail-et-bebe-malade\/#respond"]}]},{"@type":"WebPage","@id":"https:\/\/www.lactissima.com\/a-tire-d-ailes\/allaitement-travail-et-bebe-malade\/","url":"https:\/\/www.lactissima.com\/a-tire-d-ailes\/allaitement-travail-et-bebe-malade\/","name":"travail et b\u00e9b\u00e9 malade","isPartOf":{"@id":"https:\/\/www.lactissima.com\/a-tire-d-ailes\/#website"},"primaryImageOfPage":{"@id":"https:\/\/www.lactissima.com\/a-tire-d-ailes\/allaitement-travail-et-bebe-malade\/#primaryimage"},"image":{"@id":"https:\/\/www.lactissima.com\/a-tire-d-ailes\/allaitement-travail-et-bebe-malade\/#primaryimage"},"thumbnailUrl":"https:\/\/www.lactissima.com\/a-tire-d-ailes\/wp-content\/uploads\/2011\/11\/b\u00e9b\u00e9-malade.jpg","datePublished":"2011-11-11T07:57:07+00:00","dateModified":"2014-03-15T14:48:15+00:00","author":{"@id":"https:\/\/www.lactissima.com\/a-tire-d-ailes\/#\/schema\/person\/8f98d3a89530861bc1240e6d53d44eed"},"description":"Les bonnes questions \u00e0 se poser pour conjuguer au mieux allaitement, travail et b\u00e9b\u00e9 malade.","breadcrumb":{"@id":"https:\/\/www.lactissima.com\/a-tire-d-ailes\/allaitement-travail-et-bebe-malade\/#breadcrumb"},"inLanguage":"fr-FR","potentialAction":[{"@type":"ReadAction","target":["https:\/\/www.lactissima.com\/a-tire-d-ailes\/allaitement-travail-et-bebe-malade\/"]}]},{"@type":"ImageObject","inLanguage":"fr-FR","@id":"https:\/\/www.lactissima.com\/a-tire-d-ailes\/allaitement-travail-et-bebe-malade\/#primaryimage","url":"https:\/\/www.lactissima.com\/a-tire-d-ailes\/wp-content\/uploads\/2011\/11\/b\u00e9b\u00e9-malade.jpg","contentUrl":"https:\/\/www.lactissima.com\/a-tire-d-ailes\/wp-content\/uploads\/2011\/11\/b\u00e9b\u00e9-malade.jpg","width":300,"height":200,"caption":"b\u00e9b\u00e9 malade"},{"@type":"BreadcrumbList","@id":"https:\/\/www.lactissima.com\/a-tire-d-ailes\/allaitement-travail-et-bebe-malade\/#breadcrumb","itemListElement":[{"@type":"ListItem","position":1,"name":"Accueil","item":"https:\/\/www.lactissima.com\/a-tire-d-ailes\/"},{"@type":"ListItem","position":2,"name":"Allaitement, travail et b\u00e9b\u00e9 malade"}]},{"@type":"WebSite","@id":"https:\/\/www.lactissima.com\/a-tire-d-ailes\/#website","url":"https:\/\/www.lactissima.com\/a-tire-d-ailes\/","name":"A tire d&#039;Ailes","description":"Le blog des femmes qui allaitent et travaillent.","potentialAction":[{"@type":"SearchAction","target":{"@type":"EntryPoint","urlTemplate":"https:\/\/www.lactissima.com\/a-tire-d-ailes\/?s={search_term_string}"},"query-input":{"@type":"PropertyValueSpecification","valueRequired":true,"valueName":"search_term_string"}}],"inLanguage":"fr-FR"},{"@type":"Person","@id":"https:\/\/www.lactissima.com\/a-tire-d-ailes\/#\/schema\/person\/8f98d3a89530861bc1240e6d53d44eed","name":"V\u00e9ronique Darmangeat","image":{"@type":"ImageObject","inLanguage":"fr-FR","@id":"https:\/\/secure.gravatar.com\/avatar\/268c99344c89cebfe4f5df5fa8be43068a18884fc76a29f3206fae98465b9cab?s=96&d=identicon&r=g","url":"https:\/\/secure.gravatar.com\/avatar\/268c99344c89cebfe4f5df5fa8be43068a18884fc76a29f3206fae98465b9cab?s=96&d=identicon&r=g","contentUrl":"https:\/\/secure.gravatar.com\/avatar\/268c99344c89cebfe4f5df5fa8be43068a18884fc76a29f3206fae98465b9cab?s=96&d=identicon&r=g","caption":"V\u00e9ronique Darmangeat"},"sameAs":["https:\/\/www.lactissima.com\/a-tire-d-ailes","www.facebook.com\/consultante.en.lactation"]}]}},"_links":{"self":[{"href":"https:\/\/www.lactissima.com\/a-tire-d-ailes\/wp-json\/wp\/v2\/posts\/2463","targetHints":{"allow":["GET"]}}],"collection":[{"href":"https:\/\/www.lactissima.com\/a-tire-d-ailes\/wp-json\/wp\/v2\/posts"}],"about":[{"href":"https:\/\/www.lactissima.com\/a-tire-d-ailes\/wp-json\/wp\/v2\/types\/post"}],"author":[{"embeddable":true,"href":"https:\/\/www.lactissima.com\/a-tire-d-ailes\/wp-json\/wp\/v2\/users\/170"}],"replies":[{"embeddable":true,"href":"https:\/\/www.lactissima.com\/a-tire-d-ailes\/wp-json\/wp\/v2\/comments?post=2463"}],"version-history":[{"count":21,"href":"https:\/\/www.lactissima.com\/a-tire-d-ailes\/wp-json\/wp\/v2\/posts\/2463\/revisions"}],"predecessor-version":[{"id":5333,"href":"https:\/\/www.lactissima.com\/a-tire-d-ailes\/wp-json\/wp\/v2\/posts\/2463\/revisions\/5333"}],"wp:featuredmedia":[{"embeddable":true,"href":"https:\/\/www.lactissima.com\/a-tire-d-ailes\/wp-json\/wp\/v2\/media\/4481"}],"wp:attachment":[{"href":"https:\/\/www.lactissima.com\/a-tire-d-ailes\/wp-json\/wp\/v2\/media?parent=2463"}],"wp:term":[{"taxonomy":"category","embeddable":true,"href":"https:\/\/www.lactissima.com\/a-tire-d-ailes\/wp-json\/wp\/v2\/categories?post=2463"},{"taxonomy":"post_tag","embeddable":true,"href":"https:\/\/www.lactissima.com\/a-tire-d-ailes\/wp-json\/wp\/v2\/tags?post=2463"}],"curies":[{"name":"wp","href":"https:\/\/api.w.org\/{rel}","templated":true}]}}