{"id":2390,"date":"2011-10-20T14:42:59","date_gmt":"2011-10-20T12:42:59","guid":{"rendered":"https:\/\/www.lactissima.com\/a-tire-d-ailes\/?p=2390"},"modified":"2014-03-15T16:48:53","modified_gmt":"2014-03-15T14:48:53","slug":"regles-et-allaitement","status":"publish","type":"post","link":"https:\/\/www.lactissima.com\/a-tire-d-ailes\/regles-et-allaitement\/","title":{"rendered":"Avoir ses r\u00e8gles pendant l&rsquo;allaitement"},"content":{"rendered":"<p style=\"text-align: justify;\"><a href=\"https:\/\/www.lactissima.com\/a-tire-d-ailes\/wp-content\/uploads\/Cybele1.jpg\"><img loading=\"lazy\" decoding=\"async\" class=\"alignright size-full wp-image-2394\" title=\"fertilit\u00e9\" alt=\"r\u00e8gles et allaitement\" src=\"https:\/\/www.lactissima.com\/a-tire-d-ailes\/wp-content\/uploads\/Cybele1.jpg\" width=\"259\" height=\"358\" srcset=\"https:\/\/www.lactissima.com\/a-tire-d-ailes\/wp-content\/uploads\/Cybele1.jpg 324w, https:\/\/www.lactissima.com\/a-tire-d-ailes\/wp-content\/uploads\/Cybele1-216x300.jpg 216w\" sizes=\"(max-width: 259px) 100vw, 259px\" \/><\/a>Un sujet l\u00e9g\u00e8rement&#8230; hors sujet ?<br \/>\nOui et non car quand on reprend le travail et que l&rsquo;on continue l&rsquo;allaitement, il n&rsquo;est pas rare d&rsquo;avoir son <strong>retour de couches<\/strong>. Et beaucoup de femmes me demandent si cela va avoir une <strong>influence<\/strong> sur <span style=\"color: #000000;\"><a title=\"l'allaitement\" href=\"http:\/\/www.allaiteraparis.fr\" target=\"_blank\"><span style=\"color: #000000;\">l&rsquo;allaitement<\/span><\/a><\/span>.<br \/>\nCet article r\u00e9pond \u00e9galement \u00e0 l&rsquo;attente de certaines <strong>lectrices<\/strong> de ce blog qui m&rsquo;ont demand\u00e9 un article sur le sujet r\u00e8gles et allaitement.<\/p>\n<p style=\"text-align: justify;\">Au hit parade des<strong> id\u00e9es re\u00e7ues<\/strong> :<\/p>\n<ul style=\"text-align: justify;\">\n<li>\u00ab\u00a0Il faut <strong><span style=\"color: #000000;\"><a title=\"sevrage\" href=\"https:\/\/www.lactissima.com\/a-tire-d-ailes\/?p=216\" target=\"_blank\"><span style=\"color: #000000;\">sevrer <\/span><\/a><\/span><\/strong>quand on a son retour de couches car le lait <strong>n&rsquo;est plus bon<\/strong> pour le b\u00e9b\u00e9.\u00a0\u00bb<\/li>\n<li>\u00ab\u00a0On ne peut pas avoir de <strong>retour de couches<\/strong> quand on allaite.\u00a0\u00bb<\/li>\n<li>\u00ab\u00a0Quand on a ses <strong>r\u00e8gles<\/strong>, la lactation <strong>s&rsquo;arr\u00eate<\/strong>.\u00a0\u00bb<\/li>\n<li>Et je suis s\u00fbre que <strong>vous<\/strong> en avez entendu d&rsquo;autres&#8230;<\/li>\n<\/ul>\n<p style=\"text-align: justify;\">Alors remettons tout de suite les choses au point.<br \/>\nL&rsquo;allaitement est un bon moyen de <strong>contraception<\/strong>, efficace \u00e0 <strong>98%<\/strong> (soit aussi bien que la pilule microdos\u00e9e) dans les <strong>conditions<\/strong> suivantes :<\/p>\n<ul style=\"text-align: justify;\">\n<li>Votre b\u00e9b\u00e9 a <strong>moins de six mois<\/strong>.<\/li>\n<li>Il est <strong>exclusivement<\/strong> allait\u00e9 et n&rsquo;a jamais pris autre chose que votre lait.<\/li>\n<li>Vous n&rsquo;avez pas eu de<strong> retour de couches<\/strong>.<\/li>\n<\/ul>\n<p style=\"text-align: justify;\">Pour plus d&rsquo;information sur cet effet <strong>contraceptif<\/strong>, je vous renvoie \u00e0 cet <a title=\"MAMA\" href=\"http:\/\/accompagnerlallaitement.blogspot.com\/2010\/12\/la-mama-vous-connaissez.html\" target=\"_blank\">article <\/a>du blog de ma coll\u00e8gue Isabelle Steffan Robert.<\/p>\n<p style=\"text-align: justify;\">Ce qui veut dire que <strong>beaucoup de femmes<\/strong> peuvent avoir leur retour de couches pendant qu&rsquo;elles <strong>allaitent<\/strong>.<\/p>\n<p style=\"text-align: justify;\">Si vous avez eu votre retour de couches, vous avez vos r\u00e8gles <strong>r\u00e9guli\u00e8rement<\/strong>&#8230;ou pas. En effet l&rsquo;allaitement peut diminuer votre fertilit\u00e9, m\u00eame si vous avez d\u00e9j\u00e0 eu votre retour de couches.<\/p>\n<p style=\"text-align: justify;\"><strong>Certaines femmes<\/strong> remarquent que pendant les deux ou trois premiers jours des r\u00e8gles, leur b\u00e9b\u00e9 s&rsquo;\u00e9nerve au sein, ou bien elles tirent <strong>moins de lait<\/strong>. Ce ph\u00e9nom\u00e8ne est <strong>normal<\/strong>, non expliqu\u00e9 pour le moment, et <strong>transitoire<\/strong> puisque la lactation reprend son rythme <strong>habituel<\/strong> apr\u00e8s des deux ou trois jours. De ce fait, certaines femmes ressentent des <strong>sensations<\/strong> d\u00e9sagr\u00e9ables au niveau des seins pendant les t\u00e9t\u00e9es car elles peuvent avoir l&rsquo;impression que leur b\u00e9b\u00e9 <strong>\u00ab\u00a0t\u00e8te \u00e0 vide\u00a0\u00bb<\/strong>. Ce ph\u00e9nom\u00e8ne ne touche qu&rsquo;une<strong> petite partie<\/strong> des femmes.<br \/>\nCependant, si c&rsquo;est le cas pour vous et que vous <a title=\"tirer son lait\" href=\"https:\/\/www.lactissima.com\/a-tire-d-ailes\/?p=56\" target=\"_blank\"><strong><span style=\"color: #000000;\">t<\/span><span style=\"color: #000000;\"><strong>ir<\/strong>ez votre lait<\/span><\/strong><\/a> au travail, cela peut vous poser un <strong>probl\u00e8me<\/strong>.<\/p>\n<p style=\"text-align: justify;\">En dehors de ces quelques jours, la <strong>lactation<\/strong> n&rsquo;est absolument <strong>pas affect\u00e9e<\/strong> par le retour de votre fertilit\u00e9.<\/p>\n<p style=\"text-align: justify;\">Votre <strong>lait<\/strong> ne change pas de <strong>composition<\/strong> parce que vous avez eu votre retour de couches, il continue \u00e0 <strong>\u00e9voluer<\/strong> pour s&rsquo;adapter parfaitement \u00e0 votre b\u00e9b\u00e9.<\/p>\n<p style=\"text-align: justify;\"><span style=\"color: #000000;\"><strong><a title=\"r\u00e8gles et allaitement\" href=\"https:\/\/www.lactissima.com\/a-tire-d-ailes\/?p=2390\"><span style=\"color: #000000;\">R\u00e8gles et allaitement<\/span><\/a><\/strong><\/span> font donc <strong>bon m\u00e9nage<\/strong> et il est inutile de s&rsquo;inqui\u00e9ter \u00e0 ce sujet.<\/p>\n<p style=\"text-align: justify;\">Et <strong>vous<\/strong>, avez-vous ressenti des choses <strong>particuli\u00e8res<\/strong> pendant cette p\u00e9riode ?<\/p>\n<p style=\"text-align: justify;\">La photo repr\u00e9sente la statue de Cyb\u00e8le &#8211; la d\u00e9esse de la fertilit\u00e9 &#8211; sculpt\u00e9e par Mihail Chemiakin, qui accueille les visiteurs devant la Mimi Ferzt Gallery de Soho (New York).<\/p>\n<p style=\"text-align: justify;\"><strong>Article en rapport :<\/strong><\/p>\n<ul>\n<li style=\"text-align: justify;\"><a title=\"Faire face \u00e0 la baisse de lactation\" href=\"https:\/\/www.lactissima.com\/a-tire-d-ailes\/?p=1949\" target=\"_blank\">Faire face \u00e0 la baisse de lactation<\/a><\/li>\n<\/ul>\n<p>&nbsp;<\/p>\n","protected":false},"excerpt":{"rendered":"<p>Avoir ses r\u00e8gles pendant l&rsquo;allaitement ne pose aucun probl\u00e8me et ne devrait pas inqui\u00e9ter les femmes qui allaitent.<\/p>\n","protected":false},"author":170,"featured_media":2394,"comment_status":"open","ping_status":"open","sticky":false,"template":"","format":"standard","meta":{"_et_pb_use_builder":"","_et_pb_old_content":"","_et_gb_content_width":"","footnotes":""},"categories":[35,41],"tags":[300,338,138,337],"class_list":["post-2390","post","type-post","status-publish","format-standard","has-post-thumbnail","hentry","category-allaitement","category-femmes-et-societe","tag-lallaitement","tag-regles-et-allaitement","tag-sevrer","tag-tirez-votre-lait"],"yoast_head":"<!-- This site is optimized with the Yoast SEO plugin v27.4 - https:\/\/yoast.com\/product\/yoast-seo-wordpress\/ -->\n<title>r\u00e8gles et allaitement<\/title>\n<meta name=\"description\" content=\"R\u00e8gles et allaitement ne posent aucun probl\u00e8me et cela ne devrait pas inqui\u00e9ter les femmes qui allaitent.\" \/>\n<meta name=\"robots\" content=\"index, follow, max-snippet:-1, max-image-preview:large, max-video-preview:-1\" \/>\n<link rel=\"canonical\" href=\"https:\/\/www.lactissima.com\/a-tire-d-ailes\/regles-et-allaitement\/\" \/>\n<meta property=\"og:locale\" content=\"fr_FR\" \/>\n<meta property=\"og:type\" content=\"article\" \/>\n<meta property=\"og:title\" content=\"r\u00e8gles et allaitement\" \/>\n<meta property=\"og:description\" content=\"R\u00e8gles et allaitement ne posent aucun probl\u00e8me et cela ne devrait pas inqui\u00e9ter les femmes qui allaitent.\" \/>\n<meta property=\"og:url\" content=\"https:\/\/www.lactissima.com\/a-tire-d-ailes\/regles-et-allaitement\/\" \/>\n<meta property=\"og:site_name\" content=\"A tire d&#039;Ailes\" \/>\n<meta property=\"article:publisher\" content=\"https:\/\/www.facebook.com\/consultante.en.lactation\" \/>\n<meta property=\"article:author\" content=\"www.facebook.com\/consultante.en.lactation\" \/>\n<meta property=\"article:published_time\" content=\"2011-10-20T12:42:59+00:00\" \/>\n<meta property=\"article:modified_time\" content=\"2014-03-15T14:48:53+00:00\" \/>\n<meta property=\"og:image\" content=\"https:\/\/www.lactissima.com\/a-tire-d-ailes\/wp-content\/uploads\/Cybele1.jpg\" \/>\n\t<meta property=\"og:image:width\" content=\"324\" \/>\n\t<meta property=\"og:image:height\" content=\"448\" \/>\n\t<meta property=\"og:image:type\" content=\"image\/jpeg\" \/>\n<meta name=\"author\" content=\"V\u00e9ronique Darmangeat\" \/>\n<meta name=\"twitter:card\" content=\"summary_large_image\" \/>\n<meta name=\"twitter:creator\" content=\"@VeroniqueIBCLC\" \/>\n<meta name=\"twitter:site\" content=\"@VeroniqueIBCLC\" \/>\n<meta name=\"twitter:label1\" content=\"\u00c9crit par\" \/>\n\t<meta name=\"twitter:data1\" content=\"V\u00e9ronique Darmangeat\" \/>\n\t<meta name=\"twitter:label2\" content=\"Dur\u00e9e de lecture estim\u00e9e\" \/>\n\t<meta name=\"twitter:data2\" content=\"3 minutes\" \/>\n<script type=\"application\/ld+json\" class=\"yoast-schema-graph\">{\"@context\":\"https:\\\/\\\/schema.org\",\"@graph\":[{\"@type\":\"Article\",\"@id\":\"https:\\\/\\\/www.lactissima.com\\\/a-tire-d-ailes\\\/regles-et-allaitement\\\/#article\",\"isPartOf\":{\"@id\":\"https:\\\/\\\/www.lactissima.com\\\/a-tire-d-ailes\\\/regles-et-allaitement\\\/\"},\"author\":{\"name\":\"V\u00e9ronique Darmangeat\",\"@id\":\"https:\\\/\\\/www.lactissima.com\\\/a-tire-d-ailes\\\/#\\\/schema\\\/person\\\/8f98d3a89530861bc1240e6d53d44eed\"},\"headline\":\"Avoir ses r\u00e8gles pendant l&rsquo;allaitement\",\"datePublished\":\"2011-10-20T12:42:59+00:00\",\"dateModified\":\"2014-03-15T14:48:53+00:00\",\"mainEntityOfPage\":{\"@id\":\"https:\\\/\\\/www.lactissima.com\\\/a-tire-d-ailes\\\/regles-et-allaitement\\\/\"},\"wordCount\":531,\"commentCount\":428,\"image\":{\"@id\":\"https:\\\/\\\/www.lactissima.com\\\/a-tire-d-ailes\\\/regles-et-allaitement\\\/#primaryimage\"},\"thumbnailUrl\":\"https:\\\/\\\/www.lactissima.com\\\/a-tire-d-ailes\\\/wp-content\\\/uploads\\\/Cybele1.jpg\",\"keywords\":[\"l'allaitement\",\"r\u00e8gles et allaitement\",\"sevrer\",\"tirez votre lait\"],\"articleSection\":[\"Allaitement\",\"Femmes et Soci\u00e9t\u00e9\"],\"inLanguage\":\"fr-FR\",\"potentialAction\":[{\"@type\":\"CommentAction\",\"name\":\"Comment\",\"target\":[\"https:\\\/\\\/www.lactissima.com\\\/a-tire-d-ailes\\\/regles-et-allaitement\\\/#respond\"]}]},{\"@type\":\"WebPage\",\"@id\":\"https:\\\/\\\/www.lactissima.com\\\/a-tire-d-ailes\\\/regles-et-allaitement\\\/\",\"url\":\"https:\\\/\\\/www.lactissima.com\\\/a-tire-d-ailes\\\/regles-et-allaitement\\\/\",\"name\":\"r\u00e8gles et allaitement\",\"isPartOf\":{\"@id\":\"https:\\\/\\\/www.lactissima.com\\\/a-tire-d-ailes\\\/#website\"},\"primaryImageOfPage\":{\"@id\":\"https:\\\/\\\/www.lactissima.com\\\/a-tire-d-ailes\\\/regles-et-allaitement\\\/#primaryimage\"},\"image\":{\"@id\":\"https:\\\/\\\/www.lactissima.com\\\/a-tire-d-ailes\\\/regles-et-allaitement\\\/#primaryimage\"},\"thumbnailUrl\":\"https:\\\/\\\/www.lactissima.com\\\/a-tire-d-ailes\\\/wp-content\\\/uploads\\\/Cybele1.jpg\",\"datePublished\":\"2011-10-20T12:42:59+00:00\",\"dateModified\":\"2014-03-15T14:48:53+00:00\",\"author\":{\"@id\":\"https:\\\/\\\/www.lactissima.com\\\/a-tire-d-ailes\\\/#\\\/schema\\\/person\\\/8f98d3a89530861bc1240e6d53d44eed\"},\"description\":\"R\u00e8gles et allaitement ne posent aucun probl\u00e8me et cela ne devrait pas inqui\u00e9ter les femmes qui allaitent.\",\"breadcrumb\":{\"@id\":\"https:\\\/\\\/www.lactissima.com\\\/a-tire-d-ailes\\\/regles-et-allaitement\\\/#breadcrumb\"},\"inLanguage\":\"fr-FR\",\"potentialAction\":[{\"@type\":\"ReadAction\",\"target\":[\"https:\\\/\\\/www.lactissima.com\\\/a-tire-d-ailes\\\/regles-et-allaitement\\\/\"]}]},{\"@type\":\"ImageObject\",\"inLanguage\":\"fr-FR\",\"@id\":\"https:\\\/\\\/www.lactissima.com\\\/a-tire-d-ailes\\\/regles-et-allaitement\\\/#primaryimage\",\"url\":\"https:\\\/\\\/www.lactissima.com\\\/a-tire-d-ailes\\\/wp-content\\\/uploads\\\/Cybele1.jpg\",\"contentUrl\":\"https:\\\/\\\/www.lactissima.com\\\/a-tire-d-ailes\\\/wp-content\\\/uploads\\\/Cybele1.jpg\",\"width\":\"324\",\"height\":\"448\"},{\"@type\":\"BreadcrumbList\",\"@id\":\"https:\\\/\\\/www.lactissima.com\\\/a-tire-d-ailes\\\/regles-et-allaitement\\\/#breadcrumb\",\"itemListElement\":[{\"@type\":\"ListItem\",\"position\":1,\"name\":\"Accueil\",\"item\":\"https:\\\/\\\/www.lactissima.com\\\/a-tire-d-ailes\\\/\"},{\"@type\":\"ListItem\",\"position\":2,\"name\":\"Avoir ses r\u00e8gles pendant l&rsquo;allaitement\"}]},{\"@type\":\"WebSite\",\"@id\":\"https:\\\/\\\/www.lactissima.com\\\/a-tire-d-ailes\\\/#website\",\"url\":\"https:\\\/\\\/www.lactissima.com\\\/a-tire-d-ailes\\\/\",\"name\":\"A tire d&#039;Ailes\",\"description\":\"Le blog des femmes qui allaitent et travaillent.\",\"potentialAction\":[{\"@type\":\"SearchAction\",\"target\":{\"@type\":\"EntryPoint\",\"urlTemplate\":\"https:\\\/\\\/www.lactissima.com\\\/a-tire-d-ailes\\\/?s={search_term_string}\"},\"query-input\":{\"@type\":\"PropertyValueSpecification\",\"valueRequired\":true,\"valueName\":\"search_term_string\"}}],\"inLanguage\":\"fr-FR\"},{\"@type\":\"Person\",\"@id\":\"https:\\\/\\\/www.lactissima.com\\\/a-tire-d-ailes\\\/#\\\/schema\\\/person\\\/8f98d3a89530861bc1240e6d53d44eed\",\"name\":\"V\u00e9ronique Darmangeat\",\"image\":{\"@type\":\"ImageObject\",\"inLanguage\":\"fr-FR\",\"@id\":\"https:\\\/\\\/secure.gravatar.com\\\/avatar\\\/268c99344c89cebfe4f5df5fa8be43068a18884fc76a29f3206fae98465b9cab?s=96&d=identicon&r=g\",\"url\":\"https:\\\/\\\/secure.gravatar.com\\\/avatar\\\/268c99344c89cebfe4f5df5fa8be43068a18884fc76a29f3206fae98465b9cab?s=96&d=identicon&r=g\",\"contentUrl\":\"https:\\\/\\\/secure.gravatar.com\\\/avatar\\\/268c99344c89cebfe4f5df5fa8be43068a18884fc76a29f3206fae98465b9cab?s=96&d=identicon&r=g\",\"caption\":\"V\u00e9ronique Darmangeat\"},\"sameAs\":[\"https:\\\/\\\/www.lactissima.com\\\/a-tire-d-ailes\",\"www.facebook.com\\\/consultante.en.lactation\"]}]}<\/script>\n<!-- \/ Yoast SEO plugin. -->","yoast_head_json":{"title":"r\u00e8gles et allaitement","description":"R\u00e8gles et allaitement ne posent aucun probl\u00e8me et cela ne devrait pas inqui\u00e9ter les femmes qui allaitent.","robots":{"index":"index","follow":"follow","max-snippet":"max-snippet:-1","max-image-preview":"max-image-preview:large","max-video-preview":"max-video-preview:-1"},"canonical":"https:\/\/www.lactissima.com\/a-tire-d-ailes\/regles-et-allaitement\/","og_locale":"fr_FR","og_type":"article","og_title":"r\u00e8gles et allaitement","og_description":"R\u00e8gles et allaitement ne posent aucun probl\u00e8me et cela ne devrait pas inqui\u00e9ter les femmes qui allaitent.","og_url":"https:\/\/www.lactissima.com\/a-tire-d-ailes\/regles-et-allaitement\/","og_site_name":"A tire d&#039;Ailes","article_publisher":"https:\/\/www.facebook.com\/consultante.en.lactation","article_author":"www.facebook.com\/consultante.en.lactation","article_published_time":"2011-10-20T12:42:59+00:00","article_modified_time":"2014-03-15T14:48:53+00:00","og_image":[{"width":324,"height":448,"url":"https:\/\/www.lactissima.com\/a-tire-d-ailes\/wp-content\/uploads\/Cybele1.jpg","type":"image\/jpeg"}],"author":"V\u00e9ronique Darmangeat","twitter_card":"summary_large_image","twitter_creator":"@VeroniqueIBCLC","twitter_site":"@VeroniqueIBCLC","twitter_misc":{"\u00c9crit par":"V\u00e9ronique Darmangeat","Dur\u00e9e de lecture estim\u00e9e":"3 minutes"},"schema":{"@context":"https:\/\/schema.org","@graph":[{"@type":"Article","@id":"https:\/\/www.lactissima.com\/a-tire-d-ailes\/regles-et-allaitement\/#article","isPartOf":{"@id":"https:\/\/www.lactissima.com\/a-tire-d-ailes\/regles-et-allaitement\/"},"author":{"name":"V\u00e9ronique Darmangeat","@id":"https:\/\/www.lactissima.com\/a-tire-d-ailes\/#\/schema\/person\/8f98d3a89530861bc1240e6d53d44eed"},"headline":"Avoir ses r\u00e8gles pendant l&rsquo;allaitement","datePublished":"2011-10-20T12:42:59+00:00","dateModified":"2014-03-15T14:48:53+00:00","mainEntityOfPage":{"@id":"https:\/\/www.lactissima.com\/a-tire-d-ailes\/regles-et-allaitement\/"},"wordCount":531,"commentCount":428,"image":{"@id":"https:\/\/www.lactissima.com\/a-tire-d-ailes\/regles-et-allaitement\/#primaryimage"},"thumbnailUrl":"https:\/\/www.lactissima.com\/a-tire-d-ailes\/wp-content\/uploads\/Cybele1.jpg","keywords":["l'allaitement","r\u00e8gles et allaitement","sevrer","tirez votre lait"],"articleSection":["Allaitement","Femmes et Soci\u00e9t\u00e9"],"inLanguage":"fr-FR","potentialAction":[{"@type":"CommentAction","name":"Comment","target":["https:\/\/www.lactissima.com\/a-tire-d-ailes\/regles-et-allaitement\/#respond"]}]},{"@type":"WebPage","@id":"https:\/\/www.lactissima.com\/a-tire-d-ailes\/regles-et-allaitement\/","url":"https:\/\/www.lactissima.com\/a-tire-d-ailes\/regles-et-allaitement\/","name":"r\u00e8gles et allaitement","isPartOf":{"@id":"https:\/\/www.lactissima.com\/a-tire-d-ailes\/#website"},"primaryImageOfPage":{"@id":"https:\/\/www.lactissima.com\/a-tire-d-ailes\/regles-et-allaitement\/#primaryimage"},"image":{"@id":"https:\/\/www.lactissima.com\/a-tire-d-ailes\/regles-et-allaitement\/#primaryimage"},"thumbnailUrl":"https:\/\/www.lactissima.com\/a-tire-d-ailes\/wp-content\/uploads\/Cybele1.jpg","datePublished":"2011-10-20T12:42:59+00:00","dateModified":"2014-03-15T14:48:53+00:00","author":{"@id":"https:\/\/www.lactissima.com\/a-tire-d-ailes\/#\/schema\/person\/8f98d3a89530861bc1240e6d53d44eed"},"description":"R\u00e8gles et allaitement ne posent aucun probl\u00e8me et cela ne devrait pas inqui\u00e9ter les femmes qui allaitent.","breadcrumb":{"@id":"https:\/\/www.lactissima.com\/a-tire-d-ailes\/regles-et-allaitement\/#breadcrumb"},"inLanguage":"fr-FR","potentialAction":[{"@type":"ReadAction","target":["https:\/\/www.lactissima.com\/a-tire-d-ailes\/regles-et-allaitement\/"]}]},{"@type":"ImageObject","inLanguage":"fr-FR","@id":"https:\/\/www.lactissima.com\/a-tire-d-ailes\/regles-et-allaitement\/#primaryimage","url":"https:\/\/www.lactissima.com\/a-tire-d-ailes\/wp-content\/uploads\/Cybele1.jpg","contentUrl":"https:\/\/www.lactissima.com\/a-tire-d-ailes\/wp-content\/uploads\/Cybele1.jpg","width":"324","height":"448"},{"@type":"BreadcrumbList","@id":"https:\/\/www.lactissima.com\/a-tire-d-ailes\/regles-et-allaitement\/#breadcrumb","itemListElement":[{"@type":"ListItem","position":1,"name":"Accueil","item":"https:\/\/www.lactissima.com\/a-tire-d-ailes\/"},{"@type":"ListItem","position":2,"name":"Avoir ses r\u00e8gles pendant l&rsquo;allaitement"}]},{"@type":"WebSite","@id":"https:\/\/www.lactissima.com\/a-tire-d-ailes\/#website","url":"https:\/\/www.lactissima.com\/a-tire-d-ailes\/","name":"A tire d&#039;Ailes","description":"Le blog des femmes qui allaitent et travaillent.","potentialAction":[{"@type":"SearchAction","target":{"@type":"EntryPoint","urlTemplate":"https:\/\/www.lactissima.com\/a-tire-d-ailes\/?s={search_term_string}"},"query-input":{"@type":"PropertyValueSpecification","valueRequired":true,"valueName":"search_term_string"}}],"inLanguage":"fr-FR"},{"@type":"Person","@id":"https:\/\/www.lactissima.com\/a-tire-d-ailes\/#\/schema\/person\/8f98d3a89530861bc1240e6d53d44eed","name":"V\u00e9ronique Darmangeat","image":{"@type":"ImageObject","inLanguage":"fr-FR","@id":"https:\/\/secure.gravatar.com\/avatar\/268c99344c89cebfe4f5df5fa8be43068a18884fc76a29f3206fae98465b9cab?s=96&d=identicon&r=g","url":"https:\/\/secure.gravatar.com\/avatar\/268c99344c89cebfe4f5df5fa8be43068a18884fc76a29f3206fae98465b9cab?s=96&d=identicon&r=g","contentUrl":"https:\/\/secure.gravatar.com\/avatar\/268c99344c89cebfe4f5df5fa8be43068a18884fc76a29f3206fae98465b9cab?s=96&d=identicon&r=g","caption":"V\u00e9ronique Darmangeat"},"sameAs":["https:\/\/www.lactissima.com\/a-tire-d-ailes","www.facebook.com\/consultante.en.lactation"]}]}},"_links":{"self":[{"href":"https:\/\/www.lactissima.com\/a-tire-d-ailes\/wp-json\/wp\/v2\/posts\/2390","targetHints":{"allow":["GET"]}}],"collection":[{"href":"https:\/\/www.lactissima.com\/a-tire-d-ailes\/wp-json\/wp\/v2\/posts"}],"about":[{"href":"https:\/\/www.lactissima.com\/a-tire-d-ailes\/wp-json\/wp\/v2\/types\/post"}],"author":[{"embeddable":true,"href":"https:\/\/www.lactissima.com\/a-tire-d-ailes\/wp-json\/wp\/v2\/users\/170"}],"replies":[{"embeddable":true,"href":"https:\/\/www.lactissima.com\/a-tire-d-ailes\/wp-json\/wp\/v2\/comments?post=2390"}],"version-history":[{"count":12,"href":"https:\/\/www.lactissima.com\/a-tire-d-ailes\/wp-json\/wp\/v2\/posts\/2390\/revisions"}],"predecessor-version":[{"id":5339,"href":"https:\/\/www.lactissima.com\/a-tire-d-ailes\/wp-json\/wp\/v2\/posts\/2390\/revisions\/5339"}],"wp:featuredmedia":[{"embeddable":true,"href":"https:\/\/www.lactissima.com\/a-tire-d-ailes\/wp-json\/wp\/v2\/media\/2394"}],"wp:attachment":[{"href":"https:\/\/www.lactissima.com\/a-tire-d-ailes\/wp-json\/wp\/v2\/media?parent=2390"}],"wp:term":[{"taxonomy":"category","embeddable":true,"href":"https:\/\/www.lactissima.com\/a-tire-d-ailes\/wp-json\/wp\/v2\/categories?post=2390"},{"taxonomy":"post_tag","embeddable":true,"href":"https:\/\/www.lactissima.com\/a-tire-d-ailes\/wp-json\/wp\/v2\/tags?post=2390"}],"curies":[{"name":"wp","href":"https:\/\/api.w.org\/{rel}","templated":true}]}}