{"id":234,"date":"2009-03-20T12:03:53","date_gmt":"2009-03-20T11:03:53","guid":{"rendered":"https:\/\/www.lactissima.com\/a-tire-d-ailes\/?p=234"},"modified":"2016-08-03T19:27:00","modified_gmt":"2016-08-03T17:27:00","slug":"bebe-refuse-le-biberon","status":"publish","type":"post","link":"https:\/\/www.lactissima.com\/a-tire-d-ailes\/bebe-refuse-le-biberon\/","title":{"rendered":"Quand mon b\u00e9b\u00e9 refuse le biberon"},"content":{"rendered":"<p style=\"text-align: justify;\"><a href=\"https:\/\/www.lactissima.com\/a-tire-d-ailes\/wp-content\/uploads\/2009\/03\/pleurs2.jpg\"><img loading=\"lazy\" decoding=\"async\" class=\"alignright size-full wp-image-3818\" title=\"b\u00e9b\u00e9 refuse le biberon\" src=\"https:\/\/www.lactissima.com\/a-tire-d-ailes\/wp-content\/uploads\/2009\/03\/pleurs2.jpg\" alt=\"b\u00e9b\u00e9 refuse le biberon\" width=\"350\" height=\"233\" srcset=\"https:\/\/www.lactissima.com\/a-tire-d-ailes\/wp-content\/uploads\/2009\/03\/pleurs2.jpg 350w, https:\/\/www.lactissima.com\/a-tire-d-ailes\/wp-content\/uploads\/2009\/03\/pleurs2-300x199.jpg 300w\" sizes=\"(max-width: 350px) 100vw, 350px\" \/><\/a>Voici l&rsquo;article <strong>le plus lu<\/strong> depuis la cr\u00e9ation de ce blog. Surtout n&rsquo;h\u00e9sitez pas \u00e0 parcourir les <strong>commentaires<\/strong> dans lesquelles de nombreuses personnes t\u00e9moignent du <a title=\"8 trucs pour faire face au refus du biberon\" href=\"https:\/\/www.lactissima.com\/a-tire-d-ailes\/8-trucs-pour-faire-face-au-refus-du-biberon\/\" target=\"_blank\">refus du biberon<\/a> avant la reprise mais de la <strong>r\u00e9solution<\/strong> de la situation avec la personne qui garde le b\u00e9b\u00e9.<\/p>\n<p class=\"MsoNormal\" style=\"margin: 0cm 0cm 0pt; text-align: justify;\">\u00c3\u2021a y est, <strong>vous reprenez le travail<\/strong> dans quinze jours et vous avez d\u00e9cid\u00e9 d&rsquo;introduire les <strong>premiers biberons<\/strong> pour que votre admirable poupon s&rsquo;y habitue et ne pose pas de probl\u00e8me chez l&rsquo;assistante maternelle.<br \/>\nOui mais vous n&rsquo;aviez pas pr\u00e9vu que ce b\u00e9b\u00e9 devienne soudain moins admirable : <strong>il refuse cat\u00e9goriquement de prendre un biberon&#8230;<\/strong><\/p>\n<p style=\"text-align: justify;\">Voil\u00e0 une situation finalement <strong>assez fr\u00e9quente<\/strong> \u00e0 laquelle la plupart des parents ne sont pas pr\u00e9par\u00e9s. Ils sont donc tr\u00e8s souvent <strong>d\u00e9munis<\/strong> et ne savent pas comment y faire face : b\u00e9b\u00e9 refuse le biberon.<\/p>\n<p style=\"text-align: justify;\">Le b\u00e9b\u00e9 refuse le biberon, ou bien il accepte mais ne prend que 5 ml de lait, il se <strong>recule et pleure<\/strong>, voir hurle. Soit sa maman est l\u00e0 et il ne se calme qu&rsquo;au sein, soit il pleure de d\u00e9tresse jusqu&rsquo;au retour de celle-ci.<br \/>\nLa personne qui s&rsquo;en occupe  et les parents sont <strong>destabilis\u00e9s<\/strong>. Prendre un biberon semble quelque-chose de normal pour un b\u00e9b\u00e9 dans notre culture occidentale, pourquoi mon enfant refuse-t-il ?<br \/>\nEn g\u00e9n\u00e9ral, en tant que m\u00e8re, on se dit que <strong>l&rsquo;on a rat\u00e9 quelque-chose<\/strong>: on aurait d\u00fb lui proposer un biberon plus t\u00f4t, les autres ont raison, je suis trop fusionnelle,&#8230; De plus, <strong>la reprise du travail approche<\/strong>, il faut trouver une solution rapidement sinon cela va mal se passer. Ou bien la personne qui va garder le b\u00e9b\u00e9 ne veut le prendre que s&rsquo;il est d\u00e9j\u00e0 habitu\u00e9 au biberon et ne pose pas de probl\u00e8me. <strong>La pression est forte<\/strong>&#8230;et ce b\u00e9b\u00e9 qui refuse de prendre un biberon&#8230; C&rsquo;est une <strong>situation tr\u00e8s stressante<\/strong> pour les parents et en particulier pour la m\u00e8re qui a tendance \u00e0 culpabiliser.<\/p>\n<p style=\"text-align: justify;\">Essayons de comprendre ce qui se passe et<strong> comment se sortir de cette situation.<\/strong><\/p>\n<p style=\"text-align: justify;\">Du c\u00f4t\u00e9 du b\u00e9b\u00e9, la situation est tout \u00e0 fait <strong>compr\u00e9hensible<\/strong>. Celui-ci est allait\u00e9 depuis sa naissance, il ne connait rien d&rsquo;autre ou bien a compl\u00e8tement oubli\u00e9 les quelques biberons qui lui ont \u00e9t\u00e9 donn\u00e9s \u00e0 la maternit\u00e9. On lui explique (ou pas) qu&rsquo;il va devoir prendre des biberons car sa maman reprend le travail. <strong>Cela a-t-il un sens pour lui ? <\/strong>On lui pr\u00e9sente ce fameux biberon qu&rsquo;il est cens\u00e9 prendre en bouche alors qu&rsquo;il ne connait que <strong>la douceur du sein<\/strong>. Il a faim, on lui demande de changer de comportement alors qu&rsquo;il n&rsquo;aspire qu&rsquo;\u00e0 t\u00e9ter. Tout ceci est incompr\u00e9hensible. Pour un b\u00e9b\u00e9 il est <strong>normal de pr\u00e9f\u00e9rer le sein<\/strong> (essayez de prendre une t\u00e9tine de biberon en bouche, ce n&rsquo;est pas l&rsquo;exp\u00e9rience la plus agr\u00e9able) et il ne comprend pas pourquoi tout d&rsquo;un coup il ne peut plus t\u00e9ter.<\/p>\n<p style=\"text-align: justify;\">Rassurez-vous, cette situation est transitoire et <strong>on trouve toujours une solution.<\/strong><\/p>\n<p style=\"text-align: justify;\">La premi\u00e8re chose \u00e0 faire est de <strong>se d\u00e9tendre<\/strong>. En g\u00e9n\u00e9ral, plus le b\u00e9b\u00e9 sent la pression monter autour du biberon, moins il accepte de le prendre. Vous pouvez <strong>faire confiance \u00e0 votre enfant<\/strong>, il va trouver sa solution pour s&rsquo;adapter \u00e0 sa nouvelle situation lorsque vous serez retourn\u00e9e au travail. Tous les b\u00e9b\u00e9s s&rsquo;adaptent (ils n&rsquo;ont d&rsquo;ailleurs pas vraiment le choix). La personne qui va s&rsquo;occuper de votre enfant pendant votre absence va \u00e9galement s&rsquo;adapter. Si elle refuse de r\u00e9fl\u00e9chir \u00e0 une solution avec vous, \u00eates-vous pr\u00eate \u00e0 lui confier votre tout petit ?<br \/>\nCette situation n&rsquo;\u00e9tant probl\u00e9matique que peu de temps, autant <strong>ne pas la dramatiser<\/strong>.<\/p>\n<p style=\"text-align: justify;\">Ensuite, vous pouvez essayer de <strong>rep\u00e9rer si votre b\u00e9b\u00e9 refuse le lait ou la t\u00e9tine du biberon.<\/strong> Si vous lui proposez votre lait fraichement tir\u00e9 dans ce m\u00eame biberon, l&rsquo;accepte-t-il ? Si oui, alors vous avez la r\u00e9ponse, c&rsquo;est le lait en poudre qu&rsquo;il n&rsquo;aime pas. Vous pouvez alors commencer par tirer un peu votre lait. Dans le premier biberon, vous lui donnez 100% de lait maternel, dans le second 75% de lait maternel et 25% de lait artificiel <strong>pour qu&rsquo;il s&rsquo;habitue au go\u00fbt<\/strong> petit \u00e0 petit. D\u00e8s qu&rsquo;il accepte ce m\u00e9lange, vous pouvez passer \u00e0 50% de lait maternel et 50% de lait artificiel et ainsi de suite jusqu&rsquo;au 100% de lait artificiel. C&rsquo;est finalement une situation assez simple.<br \/>\nAttention, chez certaines femmes le lait tir\u00e9 se \u00ab\u00a0pr\u00e9-dig\u00e8re\u00a0\u00bb et prend <strong>un go\u00fbt et une odeur tr\u00e8s forts<\/strong>. Ce lait est toujours bon mais certains b\u00e9b\u00e9s le refusent (alors que d&rsquo;autres le prennent sans probl\u00e8me). Dans ce cas, il suffit de chauffer le lait \u00e0 60\u00c2\u00b0 juste apr\u00e8s l&rsquo;avoir tir\u00e9 pour arr\u00eater le processus. Il n&rsquo;y a alors plus de probl\u00e8me de go\u00fbt.<br \/>\nEncore une petite chose, certains b\u00e9b\u00e9s ont une <strong>pr\u00e9f\u00e9rence pour le lait froid ou le lait chaud ou ti\u00e8de<\/strong>&#8230;<\/p>\n<p style=\"text-align: justify;\">Si votre b\u00e9b\u00e9 refuse la t\u00e9tine, vous pouvez essayer de <strong>varier l&rsquo;offre<\/strong>. Essayez diff\u00e9rentes sortes de t\u00e9tines, certains b\u00e9b\u00e9s ayant leurs pr\u00e9f\u00e9rences (silicone ou caoutchouc, diff\u00e9rentes formes ou tailles). Si vous trouvez la t\u00e9tine que votre b\u00e9b\u00e9 accepte, vous avez gagn\u00e9 et r\u00e9solu votre probl\u00e8me !<br \/>\nMais certains b\u00e9b\u00e9s refusent toutes les t\u00e9tines. Vous pouvez alors essayer<strong> le <a title=\"Donner son lait autrement qu'au biberon\" href=\"https:\/\/www.lactissima.com\/a-tire-d-ailes\/donner-son-lait-autrementquau-biberon\/\" target=\"_blank\">verre<\/a><\/strong> car on se contente de poser le bord du verre sur la l\u00e8vre inf\u00e9rieure et on n&rsquo;introduit rien dans la bouche du b\u00e9b\u00e9, cela convient mieux pour certains.<\/p>\n<p style=\"text-align: justify;\">Pour tous ces essais, il vaut mieux <strong>ne pas attendre que votre b\u00e9b\u00e9 ait tr\u00e8s faim<\/strong> car il n&rsquo;est plus en \u00e9tat de faire un effort d&rsquo;apprentissage.<\/p>\n<p style=\"text-align: justify;\">Enfin, si votre enfant a plus de six mois, vous n&rsquo;\u00eates pas oblig\u00e9e de lui faire prendre des biberons, il peut prendre <strong>des <a title=\"L'introduction des solides chez le b\u00e9b\u00e9 en garde.\" href=\"https:\/\/www.lactissima.com\/a-tire-d-ailes\/lintroduction-des-solides-chez-le-bebe-en-garde\/\" target=\"_blank\">solides<\/a><\/strong>(s&rsquo;il les aime) lorsque vous \u00eates absente et t\u00e9ter quand vous \u00eates avec lui. Cela r\u00e9sout le probl\u00e8me facilement.<\/p>\n<p style=\"text-align: justify;\">Il faut savoir que de nombreux b\u00e9b\u00e9s refusent le biberon lorsqu&rsquo;on essaie de les habituer avant la reprise du travail mais les acceptent lorsque c&rsquo;est \u00ab\u00a0<strong>pour de vrai\u00a0\u00bb.<\/strong> Quand vous \u00eates absente, votre b\u00e9b\u00e9 se rend bien compte qu&rsquo;il ne peut plus t\u00e9ter et accepte les biberons soit le jour m\u00eame, soit dans les jours qui suivent.<br \/>\nUn b\u00e9b\u00e9 qui refuse de manger toute la journ\u00e9e <strong>n&rsquo;est pas en danger<\/strong>, de m\u00eame qu&rsquo;un b\u00e9b\u00e9 qui dort toute la nuit sans manger. Simplement il <strong>compensera<\/strong> quand il vous retrouvera.<br \/>\nVous pouvez alors <strong>rassurer la personne qui le garde en votre absence<\/strong> : si votre enfant n&rsquo;a rien mang\u00e9 de la journ\u00e9e, vous ne serez ni inqui\u00e8te ni f\u00e2ch\u00e9e, vous savez que cela peut arriver et que c&rsquo;est transitoire et sans danger.<br \/>\nDans de tr\u00e8s rares cas, un b\u00e9b\u00e9 va refuser de manger la journ\u00e9e pendant plusieurs semaines. C&rsquo;est fatigant pour la m\u00e8re car il va alors compenser en t\u00e9tant la nuit mais ce n&rsquo;est pas inqui\u00e9tant pour la sant\u00e9 de l&rsquo;enfant. Je le r\u00e9p\u00e8te, c&rsquo;est tr\u00e8s <strong>rare<\/strong>.<br \/>\nEnfin pour un enfant, refuser de manger peut \u00eatre une fa\u00e7on de <strong>protester contre l&rsquo;absence de sa m\u00e8re.<\/strong> Un b\u00e9b\u00e9 n&rsquo;est jamais content de ne plus avoir sa m\u00e8re avec lui et il a peu de moyens de le faire savoir. Le refus du biberon en est un.<\/p>\n<p style=\"text-align: justify;\">Dans tous les cas, la crispation accentue le probl\u00e8me et on gagne \u00e0 d\u00e9dramatiser la situation. Toutes les familles sans exception s&rsquo;adaptent \u00e0 la reprise du travail et il suffit souvent de faire confiance \u00e0 la capacit\u00e9 d&rsquo;adaptation du b\u00e9b\u00e9 et de prendre le temps de l&rsquo;\u00e9couter.<\/p>\n<p style=\"text-align: justify;\">Et pour votre enfant, comment s&rsquo;est pass\u00e9 le passage au biberon ?<\/p>\n<p>&nbsp;<\/p>\n","protected":false},"excerpt":{"rendered":"<p>Le b\u00e9b\u00e9 refuse de prendre le biberon en bouche, ou bien il accepte mais ne prend que 5 ml de lait, il se recule et pleure, voir hurle.<br \/>\nToutes les familles sans exception s&rsquo;adaptent \u00e0 la reprise du travail et il suffit souvent de faire confiance \u00e0 la capacit\u00e9 d&rsquo;adaptation du b\u00e9b\u00e9 et de prendre le temps de l&rsquo;\u00e9couter.<\/p>\n","protected":false},"author":170,"featured_media":3818,"comment_status":"open","ping_status":"open","sticky":false,"template":"","format":"standard","meta":{"_et_pb_use_builder":"","_et_pb_old_content":"","_et_gb_content_width":"","footnotes":""},"categories":[35,36,37,43,711,44,45,46],"tags":[365,454,65],"class_list":["post-234","post","type-post","status-publish","format-standard","has-post-thumbnail","hentry","category-allaitement","category-allaitement-et-travail","category-articulation-vie-professionnelle-vie-famille","category-materiel","category-passage-au-biberon","category-peres","category-travail-des-femmes","category-vie-de-famille","tag-refus-du-biberon","tag-solides","tag-verre"],"yoast_head":"<!-- This site is optimized with the Yoast SEO plugin v27.4 - https:\/\/yoast.com\/product\/yoast-seo-wordpress\/ -->\n<title>b\u00e9b\u00e9 refuse le biberon<\/title>\n<meta name=\"description\" content=\"Toutes les familles s&#039;adaptent \u00e0 la reprise du travail et il suffit souvent de faire confiance au b\u00e9b\u00e9, surtout quand b\u00e9b\u00e9 refuse le biberon.\" \/>\n<meta name=\"robots\" content=\"index, follow, max-snippet:-1, max-image-preview:large, max-video-preview:-1\" \/>\n<link rel=\"canonical\" href=\"https:\/\/www.lactissima.com\/a-tire-d-ailes\/bebe-refuse-le-biberon\/\" \/>\n<meta property=\"og:locale\" content=\"fr_FR\" \/>\n<meta property=\"og:type\" content=\"article\" \/>\n<meta property=\"og:title\" content=\"b\u00e9b\u00e9 refuse le biberon\" \/>\n<meta property=\"og:description\" content=\"Toutes les familles s&#039;adaptent \u00e0 la reprise du travail et il suffit souvent de faire confiance au b\u00e9b\u00e9, surtout quand b\u00e9b\u00e9 refuse le biberon.\" \/>\n<meta property=\"og:url\" content=\"https:\/\/www.lactissima.com\/a-tire-d-ailes\/bebe-refuse-le-biberon\/\" \/>\n<meta property=\"og:site_name\" content=\"A tire d&#039;Ailes\" \/>\n<meta property=\"article:publisher\" content=\"https:\/\/www.facebook.com\/consultante.en.lactation\" \/>\n<meta property=\"article:author\" content=\"www.facebook.com\/consultante.en.lactation\" \/>\n<meta property=\"article:published_time\" content=\"2009-03-20T11:03:53+00:00\" \/>\n<meta property=\"article:modified_time\" content=\"2016-08-03T17:27:00+00:00\" \/>\n<meta property=\"og:image\" content=\"https:\/\/www.lactissima.com\/a-tire-d-ailes\/wp-content\/uploads\/2009\/03\/pleurs2.jpg\" \/>\n\t<meta property=\"og:image:width\" content=\"350\" \/>\n\t<meta property=\"og:image:height\" content=\"233\" \/>\n\t<meta property=\"og:image:type\" content=\"image\/jpeg\" \/>\n<meta name=\"author\" content=\"V\u00e9ronique Darmangeat\" \/>\n<meta name=\"twitter:card\" content=\"summary_large_image\" \/>\n<meta name=\"twitter:creator\" content=\"@VeroniqueIBCLC\" \/>\n<meta name=\"twitter:site\" content=\"@VeroniqueIBCLC\" \/>\n<meta name=\"twitter:label1\" content=\"\u00c9crit par\" \/>\n\t<meta name=\"twitter:data1\" content=\"V\u00e9ronique Darmangeat\" \/>\n\t<meta name=\"twitter:label2\" content=\"Dur\u00e9e de lecture estim\u00e9e\" \/>\n\t<meta name=\"twitter:data2\" content=\"7 minutes\" \/>\n<script type=\"application\/ld+json\" class=\"yoast-schema-graph\">{\"@context\":\"https:\\\/\\\/schema.org\",\"@graph\":[{\"@type\":\"Article\",\"@id\":\"https:\\\/\\\/www.lactissima.com\\\/a-tire-d-ailes\\\/bebe-refuse-le-biberon\\\/#article\",\"isPartOf\":{\"@id\":\"https:\\\/\\\/www.lactissima.com\\\/a-tire-d-ailes\\\/bebe-refuse-le-biberon\\\/\"},\"author\":{\"name\":\"V\u00e9ronique Darmangeat\",\"@id\":\"https:\\\/\\\/www.lactissima.com\\\/a-tire-d-ailes\\\/#\\\/schema\\\/person\\\/8f98d3a89530861bc1240e6d53d44eed\"},\"headline\":\"Quand mon b\u00e9b\u00e9 refuse le biberon\",\"datePublished\":\"2009-03-20T11:03:53+00:00\",\"dateModified\":\"2016-08-03T17:27:00+00:00\",\"mainEntityOfPage\":{\"@id\":\"https:\\\/\\\/www.lactissima.com\\\/a-tire-d-ailes\\\/bebe-refuse-le-biberon\\\/\"},\"wordCount\":1407,\"commentCount\":1504,\"image\":{\"@id\":\"https:\\\/\\\/www.lactissima.com\\\/a-tire-d-ailes\\\/bebe-refuse-le-biberon\\\/#primaryimage\"},\"thumbnailUrl\":\"https:\\\/\\\/www.lactissima.com\\\/a-tire-d-ailes\\\/wp-content\\\/uploads\\\/2009\\\/03\\\/pleurs2.jpg\",\"keywords\":[\"refus du biberon\",\"solides\",\"verre\"],\"articleSection\":[\"Allaitement\",\"Allaitement et Travail\",\"Articulation Vie Professionnelle Vie Famille\",\"Mat\u00e9riel\",\"Passage au biberon\",\"P\u00e8res\",\"Travail des femmes\",\"Vie de famille\"],\"inLanguage\":\"fr-FR\",\"potentialAction\":[{\"@type\":\"CommentAction\",\"name\":\"Comment\",\"target\":[\"https:\\\/\\\/www.lactissima.com\\\/a-tire-d-ailes\\\/bebe-refuse-le-biberon\\\/#respond\"]}]},{\"@type\":\"WebPage\",\"@id\":\"https:\\\/\\\/www.lactissima.com\\\/a-tire-d-ailes\\\/bebe-refuse-le-biberon\\\/\",\"url\":\"https:\\\/\\\/www.lactissima.com\\\/a-tire-d-ailes\\\/bebe-refuse-le-biberon\\\/\",\"name\":\"b\u00e9b\u00e9 refuse le biberon\",\"isPartOf\":{\"@id\":\"https:\\\/\\\/www.lactissima.com\\\/a-tire-d-ailes\\\/#website\"},\"primaryImageOfPage\":{\"@id\":\"https:\\\/\\\/www.lactissima.com\\\/a-tire-d-ailes\\\/bebe-refuse-le-biberon\\\/#primaryimage\"},\"image\":{\"@id\":\"https:\\\/\\\/www.lactissima.com\\\/a-tire-d-ailes\\\/bebe-refuse-le-biberon\\\/#primaryimage\"},\"thumbnailUrl\":\"https:\\\/\\\/www.lactissima.com\\\/a-tire-d-ailes\\\/wp-content\\\/uploads\\\/2009\\\/03\\\/pleurs2.jpg\",\"datePublished\":\"2009-03-20T11:03:53+00:00\",\"dateModified\":\"2016-08-03T17:27:00+00:00\",\"author\":{\"@id\":\"https:\\\/\\\/www.lactissima.com\\\/a-tire-d-ailes\\\/#\\\/schema\\\/person\\\/8f98d3a89530861bc1240e6d53d44eed\"},\"description\":\"Toutes les familles s'adaptent \u00e0 la reprise du travail et il suffit souvent de faire confiance au b\u00e9b\u00e9, surtout quand b\u00e9b\u00e9 refuse le biberon.\",\"breadcrumb\":{\"@id\":\"https:\\\/\\\/www.lactissima.com\\\/a-tire-d-ailes\\\/bebe-refuse-le-biberon\\\/#breadcrumb\"},\"inLanguage\":\"fr-FR\",\"potentialAction\":[{\"@type\":\"ReadAction\",\"target\":[\"https:\\\/\\\/www.lactissima.com\\\/a-tire-d-ailes\\\/bebe-refuse-le-biberon\\\/\"]}]},{\"@type\":\"ImageObject\",\"inLanguage\":\"fr-FR\",\"@id\":\"https:\\\/\\\/www.lactissima.com\\\/a-tire-d-ailes\\\/bebe-refuse-le-biberon\\\/#primaryimage\",\"url\":\"https:\\\/\\\/www.lactissima.com\\\/a-tire-d-ailes\\\/wp-content\\\/uploads\\\/2009\\\/03\\\/pleurs2.jpg\",\"contentUrl\":\"https:\\\/\\\/www.lactissima.com\\\/a-tire-d-ailes\\\/wp-content\\\/uploads\\\/2009\\\/03\\\/pleurs2.jpg\",\"width\":350,\"height\":233},{\"@type\":\"BreadcrumbList\",\"@id\":\"https:\\\/\\\/www.lactissima.com\\\/a-tire-d-ailes\\\/bebe-refuse-le-biberon\\\/#breadcrumb\",\"itemListElement\":[{\"@type\":\"ListItem\",\"position\":1,\"name\":\"Accueil\",\"item\":\"https:\\\/\\\/www.lactissima.com\\\/a-tire-d-ailes\\\/\"},{\"@type\":\"ListItem\",\"position\":2,\"name\":\"Quand mon b\u00e9b\u00e9 refuse le biberon\"}]},{\"@type\":\"WebSite\",\"@id\":\"https:\\\/\\\/www.lactissima.com\\\/a-tire-d-ailes\\\/#website\",\"url\":\"https:\\\/\\\/www.lactissima.com\\\/a-tire-d-ailes\\\/\",\"name\":\"A tire d&#039;Ailes\",\"description\":\"Le blog des femmes qui allaitent et travaillent.\",\"potentialAction\":[{\"@type\":\"SearchAction\",\"target\":{\"@type\":\"EntryPoint\",\"urlTemplate\":\"https:\\\/\\\/www.lactissima.com\\\/a-tire-d-ailes\\\/?s={search_term_string}\"},\"query-input\":{\"@type\":\"PropertyValueSpecification\",\"valueRequired\":true,\"valueName\":\"search_term_string\"}}],\"inLanguage\":\"fr-FR\"},{\"@type\":\"Person\",\"@id\":\"https:\\\/\\\/www.lactissima.com\\\/a-tire-d-ailes\\\/#\\\/schema\\\/person\\\/8f98d3a89530861bc1240e6d53d44eed\",\"name\":\"V\u00e9ronique Darmangeat\",\"image\":{\"@type\":\"ImageObject\",\"inLanguage\":\"fr-FR\",\"@id\":\"https:\\\/\\\/secure.gravatar.com\\\/avatar\\\/268c99344c89cebfe4f5df5fa8be43068a18884fc76a29f3206fae98465b9cab?s=96&d=identicon&r=g\",\"url\":\"https:\\\/\\\/secure.gravatar.com\\\/avatar\\\/268c99344c89cebfe4f5df5fa8be43068a18884fc76a29f3206fae98465b9cab?s=96&d=identicon&r=g\",\"contentUrl\":\"https:\\\/\\\/secure.gravatar.com\\\/avatar\\\/268c99344c89cebfe4f5df5fa8be43068a18884fc76a29f3206fae98465b9cab?s=96&d=identicon&r=g\",\"caption\":\"V\u00e9ronique Darmangeat\"},\"sameAs\":[\"https:\\\/\\\/www.lactissima.com\\\/a-tire-d-ailes\",\"www.facebook.com\\\/consultante.en.lactation\"]}]}<\/script>\n<!-- \/ Yoast SEO plugin. -->","yoast_head_json":{"title":"b\u00e9b\u00e9 refuse le biberon","description":"Toutes les familles s'adaptent \u00e0 la reprise du travail et il suffit souvent de faire confiance au b\u00e9b\u00e9, surtout quand b\u00e9b\u00e9 refuse le biberon.","robots":{"index":"index","follow":"follow","max-snippet":"max-snippet:-1","max-image-preview":"max-image-preview:large","max-video-preview":"max-video-preview:-1"},"canonical":"https:\/\/www.lactissima.com\/a-tire-d-ailes\/bebe-refuse-le-biberon\/","og_locale":"fr_FR","og_type":"article","og_title":"b\u00e9b\u00e9 refuse le biberon","og_description":"Toutes les familles s'adaptent \u00e0 la reprise du travail et il suffit souvent de faire confiance au b\u00e9b\u00e9, surtout quand b\u00e9b\u00e9 refuse le biberon.","og_url":"https:\/\/www.lactissima.com\/a-tire-d-ailes\/bebe-refuse-le-biberon\/","og_site_name":"A tire d&#039;Ailes","article_publisher":"https:\/\/www.facebook.com\/consultante.en.lactation","article_author":"www.facebook.com\/consultante.en.lactation","article_published_time":"2009-03-20T11:03:53+00:00","article_modified_time":"2016-08-03T17:27:00+00:00","og_image":[{"width":350,"height":233,"url":"https:\/\/www.lactissima.com\/a-tire-d-ailes\/wp-content\/uploads\/2009\/03\/pleurs2.jpg","type":"image\/jpeg"}],"author":"V\u00e9ronique Darmangeat","twitter_card":"summary_large_image","twitter_creator":"@VeroniqueIBCLC","twitter_site":"@VeroniqueIBCLC","twitter_misc":{"\u00c9crit par":"V\u00e9ronique Darmangeat","Dur\u00e9e de lecture estim\u00e9e":"7 minutes"},"schema":{"@context":"https:\/\/schema.org","@graph":[{"@type":"Article","@id":"https:\/\/www.lactissima.com\/a-tire-d-ailes\/bebe-refuse-le-biberon\/#article","isPartOf":{"@id":"https:\/\/www.lactissima.com\/a-tire-d-ailes\/bebe-refuse-le-biberon\/"},"author":{"name":"V\u00e9ronique Darmangeat","@id":"https:\/\/www.lactissima.com\/a-tire-d-ailes\/#\/schema\/person\/8f98d3a89530861bc1240e6d53d44eed"},"headline":"Quand mon b\u00e9b\u00e9 refuse le biberon","datePublished":"2009-03-20T11:03:53+00:00","dateModified":"2016-08-03T17:27:00+00:00","mainEntityOfPage":{"@id":"https:\/\/www.lactissima.com\/a-tire-d-ailes\/bebe-refuse-le-biberon\/"},"wordCount":1407,"commentCount":1504,"image":{"@id":"https:\/\/www.lactissima.com\/a-tire-d-ailes\/bebe-refuse-le-biberon\/#primaryimage"},"thumbnailUrl":"https:\/\/www.lactissima.com\/a-tire-d-ailes\/wp-content\/uploads\/2009\/03\/pleurs2.jpg","keywords":["refus du biberon","solides","verre"],"articleSection":["Allaitement","Allaitement et Travail","Articulation Vie Professionnelle Vie Famille","Mat\u00e9riel","Passage au biberon","P\u00e8res","Travail des femmes","Vie de famille"],"inLanguage":"fr-FR","potentialAction":[{"@type":"CommentAction","name":"Comment","target":["https:\/\/www.lactissima.com\/a-tire-d-ailes\/bebe-refuse-le-biberon\/#respond"]}]},{"@type":"WebPage","@id":"https:\/\/www.lactissima.com\/a-tire-d-ailes\/bebe-refuse-le-biberon\/","url":"https:\/\/www.lactissima.com\/a-tire-d-ailes\/bebe-refuse-le-biberon\/","name":"b\u00e9b\u00e9 refuse le biberon","isPartOf":{"@id":"https:\/\/www.lactissima.com\/a-tire-d-ailes\/#website"},"primaryImageOfPage":{"@id":"https:\/\/www.lactissima.com\/a-tire-d-ailes\/bebe-refuse-le-biberon\/#primaryimage"},"image":{"@id":"https:\/\/www.lactissima.com\/a-tire-d-ailes\/bebe-refuse-le-biberon\/#primaryimage"},"thumbnailUrl":"https:\/\/www.lactissima.com\/a-tire-d-ailes\/wp-content\/uploads\/2009\/03\/pleurs2.jpg","datePublished":"2009-03-20T11:03:53+00:00","dateModified":"2016-08-03T17:27:00+00:00","author":{"@id":"https:\/\/www.lactissima.com\/a-tire-d-ailes\/#\/schema\/person\/8f98d3a89530861bc1240e6d53d44eed"},"description":"Toutes les familles s'adaptent \u00e0 la reprise du travail et il suffit souvent de faire confiance au b\u00e9b\u00e9, surtout quand b\u00e9b\u00e9 refuse le biberon.","breadcrumb":{"@id":"https:\/\/www.lactissima.com\/a-tire-d-ailes\/bebe-refuse-le-biberon\/#breadcrumb"},"inLanguage":"fr-FR","potentialAction":[{"@type":"ReadAction","target":["https:\/\/www.lactissima.com\/a-tire-d-ailes\/bebe-refuse-le-biberon\/"]}]},{"@type":"ImageObject","inLanguage":"fr-FR","@id":"https:\/\/www.lactissima.com\/a-tire-d-ailes\/bebe-refuse-le-biberon\/#primaryimage","url":"https:\/\/www.lactissima.com\/a-tire-d-ailes\/wp-content\/uploads\/2009\/03\/pleurs2.jpg","contentUrl":"https:\/\/www.lactissima.com\/a-tire-d-ailes\/wp-content\/uploads\/2009\/03\/pleurs2.jpg","width":350,"height":233},{"@type":"BreadcrumbList","@id":"https:\/\/www.lactissima.com\/a-tire-d-ailes\/bebe-refuse-le-biberon\/#breadcrumb","itemListElement":[{"@type":"ListItem","position":1,"name":"Accueil","item":"https:\/\/www.lactissima.com\/a-tire-d-ailes\/"},{"@type":"ListItem","position":2,"name":"Quand mon b\u00e9b\u00e9 refuse le biberon"}]},{"@type":"WebSite","@id":"https:\/\/www.lactissima.com\/a-tire-d-ailes\/#website","url":"https:\/\/www.lactissima.com\/a-tire-d-ailes\/","name":"A tire d&#039;Ailes","description":"Le blog des femmes qui allaitent et travaillent.","potentialAction":[{"@type":"SearchAction","target":{"@type":"EntryPoint","urlTemplate":"https:\/\/www.lactissima.com\/a-tire-d-ailes\/?s={search_term_string}"},"query-input":{"@type":"PropertyValueSpecification","valueRequired":true,"valueName":"search_term_string"}}],"inLanguage":"fr-FR"},{"@type":"Person","@id":"https:\/\/www.lactissima.com\/a-tire-d-ailes\/#\/schema\/person\/8f98d3a89530861bc1240e6d53d44eed","name":"V\u00e9ronique Darmangeat","image":{"@type":"ImageObject","inLanguage":"fr-FR","@id":"https:\/\/secure.gravatar.com\/avatar\/268c99344c89cebfe4f5df5fa8be43068a18884fc76a29f3206fae98465b9cab?s=96&d=identicon&r=g","url":"https:\/\/secure.gravatar.com\/avatar\/268c99344c89cebfe4f5df5fa8be43068a18884fc76a29f3206fae98465b9cab?s=96&d=identicon&r=g","contentUrl":"https:\/\/secure.gravatar.com\/avatar\/268c99344c89cebfe4f5df5fa8be43068a18884fc76a29f3206fae98465b9cab?s=96&d=identicon&r=g","caption":"V\u00e9ronique Darmangeat"},"sameAs":["https:\/\/www.lactissima.com\/a-tire-d-ailes","www.facebook.com\/consultante.en.lactation"]}]}},"_links":{"self":[{"href":"https:\/\/www.lactissima.com\/a-tire-d-ailes\/wp-json\/wp\/v2\/posts\/234","targetHints":{"allow":["GET"]}}],"collection":[{"href":"https:\/\/www.lactissima.com\/a-tire-d-ailes\/wp-json\/wp\/v2\/posts"}],"about":[{"href":"https:\/\/www.lactissima.com\/a-tire-d-ailes\/wp-json\/wp\/v2\/types\/post"}],"author":[{"embeddable":true,"href":"https:\/\/www.lactissima.com\/a-tire-d-ailes\/wp-json\/wp\/v2\/users\/170"}],"replies":[{"embeddable":true,"href":"https:\/\/www.lactissima.com\/a-tire-d-ailes\/wp-json\/wp\/v2\/comments?post=234"}],"version-history":[{"count":20,"href":"https:\/\/www.lactissima.com\/a-tire-d-ailes\/wp-json\/wp\/v2\/posts\/234\/revisions"}],"predecessor-version":[{"id":6851,"href":"https:\/\/www.lactissima.com\/a-tire-d-ailes\/wp-json\/wp\/v2\/posts\/234\/revisions\/6851"}],"wp:featuredmedia":[{"embeddable":true,"href":"https:\/\/www.lactissima.com\/a-tire-d-ailes\/wp-json\/wp\/v2\/media\/3818"}],"wp:attachment":[{"href":"https:\/\/www.lactissima.com\/a-tire-d-ailes\/wp-json\/wp\/v2\/media?parent=234"}],"wp:term":[{"taxonomy":"category","embeddable":true,"href":"https:\/\/www.lactissima.com\/a-tire-d-ailes\/wp-json\/wp\/v2\/categories?post=234"},{"taxonomy":"post_tag","embeddable":true,"href":"https:\/\/www.lactissima.com\/a-tire-d-ailes\/wp-json\/wp\/v2\/tags?post=234"}],"curies":[{"name":"wp","href":"https:\/\/api.w.org\/{rel}","templated":true}]}}