{"id":2319,"date":"2011-09-15T19:36:29","date_gmt":"2011-09-15T17:36:29","guid":{"rendered":"https:\/\/www.lactissima.com\/a-tire-d-ailes\/?p=2319"},"modified":"2016-08-03T19:18:33","modified_gmt":"2016-08-03T17:18:33","slug":"sevrage-allaitement","status":"publish","type":"post","link":"https:\/\/www.lactissima.com\/a-tire-d-ailes\/sevrage-allaitement\/","title":{"rendered":"Le sevrage non souhait\u00e9 \u00e0 la reprise du travail"},"content":{"rendered":"<p style=\"text-align: justify;\"><a href=\"https:\/\/www.lactissima.com\/a-tire-d-ailes\/wp-content\/uploads\/2011\/09\/nicolas-refuse-sein.jpg\"><img loading=\"lazy\" decoding=\"async\" class=\"alignright size-full wp-image-4487\" src=\"https:\/\/www.lactissima.com\/a-tire-d-ailes\/wp-content\/uploads\/2011\/09\/nicolas-refuse-sein.jpg\" alt=\"sevrage allaitement\" width=\"238\" height=\"314\" srcset=\"https:\/\/www.lactissima.com\/a-tire-d-ailes\/wp-content\/uploads\/2011\/09\/nicolas-refuse-sein.jpg 238w, https:\/\/www.lactissima.com\/a-tire-d-ailes\/wp-content\/uploads\/2011\/09\/nicolas-refuse-sein-227x300.jpg 227w\" sizes=\"(max-width: 238px) 100vw, 238px\" \/><\/a>Vous avez tout pr\u00e9vu pour votre<strong> reprise de travail<\/strong> : vous avez pu prolonger votre cong\u00e9 d&rsquo;un mois, vous avez fait un <span style=\"color: #000000;\"><a title=\"Faire du stock de lait.\" href=\"https:\/\/www.lactissima.com\/a-tire-d-ailes\/?p=1321\" target=\"_blank\"><span style=\"color: #000000;\">stock de lait<\/span><\/a><\/span> (facile vous d\u00e9bordez de lait la plupart du temps), pr\u00e9vu les <strong>pauses<\/strong> pour tirer votre lait au travail, pr\u00e9venu votre <strong>patron<\/strong> qui vous a trouv\u00e9 une pi\u00e8ce pour <span style=\"color: #000000;\"><a title=\"tirer lait maternel\" href=\"https:\/\/www.lactissima.com\/a-tire-d-ailes\/?p=2236\" target=\"_blank\"><span style=\"color: #000000;\">tirer le lait<\/span><\/a><\/span>, la <strong>nounou<\/strong> est d&rsquo;accord pour donner votre lait et votre <strong>mari<\/strong> vous soutient dans votre projet.<\/p>\n<p style=\"text-align: justify;\">Arrive le jour de la <strong>reprise<\/strong>. Vous \u00eates quand m\u00eame un peu <strong>inqui\u00e8te<\/strong> car votre b\u00e9b\u00e9 n&rsquo;a jamais pris de <strong>biberon<\/strong>&#8230; Mais forte de la lecture de ce blog, vous vous dites que \u00e7a devrait bien se passer, surtout que l&rsquo;assistante maternelle n&rsquo;est, elle, pas inqui\u00e8te du tout.<br \/>\nVous lui passez un petit coup de <strong>t\u00e9l\u00e9phone<\/strong> lors de votre <strong>pause<\/strong> de midi : petit gar\u00e7on ador\u00e9 a accept\u00e9 le biberon sans aucun probl\u00e8me et il est en train de s&rsquo;endormir dans les bras de l&rsquo;assistante maternelle. Parfait, vous reprenez votre travail le sourire aux l\u00e8vres, votre b\u00e9b\u00e9 est vraiment un ange&#8230;<\/p>\n<p style=\"text-align: justify;\">Il est 18h, vous courez chercher votre cher petit ange qui vous a quand m\u00eame un peu manqu\u00e9 aujourd&rsquo;hui.<br \/>\nDe retour \u00e0 la <strong>maison<\/strong>, vous vous installez dans votre canap\u00e9 pour lui donner \u00e0 <strong>t\u00e9ter<\/strong> : il est temps car vos seins sont quand m\u00eame tr\u00e8s tendus.<\/p>\n<p style=\"text-align: justify;\">Catastrophe : votre cher petit ange qui a accept\u00e9 le biberon sans probl\u00e8me avec la nounou <strong>refuse<\/strong> brusquement le sein !&#8230; Et plus vous insistez, plus il pleure et repousse le sein. Vous n&rsquo;aviez pas pr\u00e9vu ce <span style=\"color: #333333;\"><a title=\"sevrage allaitement\" href=\"https:\/\/www.lactissima.com\/a-tire-d-ailes\/sevrage-allaitement\/\"><span style=\"color: #333333;\">sevrage allaitement<\/span><\/a><\/span>.<\/p>\n<p style=\"text-align: justify;\">Cette situation est malheureusement parfois vraie&#8230; Certains enfants pr\u00e9f\u00e8rent le biberon&#8230; Je vous engage d&rsquo;ailleurs \u00e0 aller lire cet <a title=\"Quand mon b\u00e9b\u00e9 refuse le sein\" href=\"https:\/\/www.lactissima.com\/a-tire-d-ailes\/?p=254\" target=\"_blank\">article<\/a>.<\/p>\n<p style=\"text-align: justify;\">Certains enfants vont finir par <strong>reprendre<\/strong> le sein&#8230;et d&rsquo;autre non. C&rsquo;est en g\u00e9n\u00e9ral tr\u00e8s <strong>difficile<\/strong> pour vous car c&rsquo;est une surprise. Comment un enfant peut-il pr\u00e9f\u00e9rer une t\u00e9tine en silicone \u00e0 mon sein ???<br \/>\nIl faut garder \u00e0 l&rsquo;esprit qu&rsquo;un b\u00e9b\u00e9  peut faire un <strong>choix<\/strong> qui n&rsquo;est pas le v\u00f4tre, et vous devez le respecter. Ceci dit, vous n&rsquo;avez pas trop le choix car il est impossible de <strong>forcer<\/strong> un b\u00e9b\u00e9 \u00e0 prendre le sein :-).<\/p>\n<p style=\"text-align: justify;\"><strong>Refuser de t\u00e9ter<\/strong> ne veut pas dire que votre b\u00e9b\u00e9 ne vous aime plus ! Vous \u00eates toujours sa <strong>m\u00e8re<\/strong> et vous \u00eates toujours une bonne m\u00e8re ! L&rsquo;assistante maternelle ne va pas vous remplacer car vous \u00eates <strong>irrempla\u00e7able<\/strong> !!! Vous allez apprendre \u00e0 <strong>materner<\/strong> votre petit bout sans l&rsquo;aide <span style=\"color: #000000;\"><a title=\"Assistante maternelle et b\u00e9b\u00e9 allait\u00e9\" href=\"https:\/\/www.lactissima.com\/a-tire-d-ailes\/?p=1024\" target=\"_blank\"><span style=\"color: #000000;\">l&rsquo;allaitement<\/span><\/a><\/span>.<br \/>\nC&rsquo;est souvent difficile au d\u00e9but car il faut trouver de nouveaux <strong>gestes<\/strong> pour <strong>consoler<\/strong> son enfant, le <strong>nourrir<\/strong>, <strong>l&rsquo;endormir<\/strong>, le rendormir s&rsquo;il se r\u00e9veille la nuit. Comme vous venez de reprendre votre travail, votre vie se trouve compl\u00e8tement <strong>chamboul\u00e9e<\/strong>. Courage ! Ce n&rsquo;est pas parce que votre enfant <span style=\"color: #000000;\"><a title=\"Quand mon b\u00e9b\u00e9 refuse le sein\" href=\"https:\/\/www.lactissima.com\/a-tire-d-ailes\/?p=254\" target=\"_blank\"><span style=\"color: #000000;\">refuse le sein<\/span><\/a><\/span> qu&rsquo;il n&rsquo;a plus besoin de <strong>contacts physiques<\/strong>, au contraire&#8230; et vous aussi ! Alors \u00e0 vous les <strong>c\u00e2lins <\/strong>prolong\u00e9s, le <strong>portage<\/strong> et les <strong>massages<\/strong>. N&rsquo;h\u00e9sitez pas, testez de nouvelles mani\u00e8res d&rsquo;avoir ce contact physique avec votre b\u00e9b\u00e9 !<\/p>\n<p style=\"text-align: justify;\">Enfin, si vous n&rsquo;avez plus la t\u00e9t\u00e9e de <strong>retrouvailles<\/strong> le soir, n&rsquo;en profitez pas pour faire le repas ou le m\u00e9nage, gardez ce temps de retrouvailles sous forme de <strong>c\u00e2lins et de jeux<\/strong>&#8230;<\/p>\n<p style=\"text-align: justify;\">Et <strong>vous<\/strong>, votre enfant a-t-il <strong>refus\u00e9<\/strong> le sein ? L&rsquo;a-t-il <strong>repris<\/strong> ou pas ?<\/p>\n<p style=\"text-align: justify;\"><strong>Article en rapport<\/strong> : <a title=\"Quand mon b\u00e9b\u00e9 refuse le sein\" href=\"https:\/\/www.lactissima.com\/a-tire-d-ailes\/?p=254\" target=\"_blank\">Quand mon b\u00e9b\u00e9 refuse le sein<\/a>.<\/p>\n<p style=\"text-align: justify;\">L&rsquo;illustration : Saint-Nicolas refuse le sein de sa m\u00e8re, fresque fin XI\u00c2\u00b0, abbaye de Novalera, Piemont italien.<\/p>\n<p>&nbsp;<\/p>\n","protected":false},"excerpt":{"rendered":"<p>Certains enfants se s\u00e8vrent \u00e0 la reprise du travail et font le choix du biberon pour diff\u00e9rentes raisons : difficile pour la maman !<\/p>\n","protected":false},"author":170,"featured_media":4487,"comment_status":"open","ping_status":"open","sticky":false,"template":"","format":"standard","meta":{"_et_pb_use_builder":"","_et_pb_old_content":"","_et_gb_content_width":"","footnotes":""},"categories":[36,665,46],"tags":[300,328,216,218],"class_list":["post-2319","post","type-post","status-publish","format-standard","has-post-thumbnail","hentry","category-allaitement-et-travail","category-sevrage","category-vie-de-famille","tag-lallaitement","tag-refuse-le-sein","tag-stock-de-lait","tag-tirer-le-lait"],"yoast_head":"<!-- This site is optimized with the Yoast SEO plugin v27.4 - https:\/\/yoast.com\/product\/yoast-seo-wordpress\/ -->\n<title>sevrage allaitement<\/title>\n<meta name=\"description\" content=\"Certains enfants se s\u00e8vrent \u00e0 la reprise du travail pour diff\u00e9rentes raisons : difficile pour la maman quand elle n&#039;a pas choisi le sevrage allaitement.\" \/>\n<meta name=\"robots\" content=\"index, follow, max-snippet:-1, max-image-preview:large, max-video-preview:-1\" \/>\n<link rel=\"canonical\" href=\"https:\/\/www.lactissima.com\/a-tire-d-ailes\/sevrage-allaitement\/\" \/>\n<meta property=\"og:locale\" content=\"fr_FR\" \/>\n<meta property=\"og:type\" content=\"article\" \/>\n<meta property=\"og:title\" content=\"sevrage allaitement\" \/>\n<meta property=\"og:description\" content=\"Certains enfants se s\u00e8vrent \u00e0 la reprise du travail pour diff\u00e9rentes raisons : difficile pour la maman quand elle n&#039;a pas choisi le sevrage allaitement.\" \/>\n<meta property=\"og:url\" content=\"https:\/\/www.lactissima.com\/a-tire-d-ailes\/sevrage-allaitement\/\" \/>\n<meta property=\"og:site_name\" content=\"A tire d&#039;Ailes\" \/>\n<meta property=\"article:publisher\" content=\"https:\/\/www.facebook.com\/consultante.en.lactation\" \/>\n<meta property=\"article:author\" content=\"www.facebook.com\/consultante.en.lactation\" \/>\n<meta property=\"article:published_time\" content=\"2011-09-15T17:36:29+00:00\" \/>\n<meta property=\"article:modified_time\" content=\"2016-08-03T17:18:33+00:00\" \/>\n<meta property=\"og:image\" content=\"https:\/\/www.lactissima.com\/a-tire-d-ailes\/wp-content\/uploads\/2011\/09\/nicolas-refuse-sein.jpg\" \/>\n\t<meta property=\"og:image:width\" content=\"238\" \/>\n\t<meta property=\"og:image:height\" content=\"314\" \/>\n\t<meta property=\"og:image:type\" content=\"image\/jpeg\" \/>\n<meta name=\"author\" content=\"V\u00e9ronique Darmangeat\" \/>\n<meta name=\"twitter:card\" content=\"summary_large_image\" \/>\n<meta name=\"twitter:creator\" content=\"@VeroniqueIBCLC\" \/>\n<meta name=\"twitter:site\" content=\"@VeroniqueIBCLC\" \/>\n<meta name=\"twitter:label1\" content=\"\u00c9crit par\" \/>\n\t<meta name=\"twitter:data1\" content=\"V\u00e9ronique Darmangeat\" \/>\n\t<meta name=\"twitter:label2\" content=\"Dur\u00e9e de lecture estim\u00e9e\" \/>\n\t<meta name=\"twitter:data2\" content=\"3 minutes\" \/>\n<script type=\"application\/ld+json\" class=\"yoast-schema-graph\">{\"@context\":\"https:\\\/\\\/schema.org\",\"@graph\":[{\"@type\":\"Article\",\"@id\":\"https:\\\/\\\/www.lactissima.com\\\/a-tire-d-ailes\\\/sevrage-allaitement\\\/#article\",\"isPartOf\":{\"@id\":\"https:\\\/\\\/www.lactissima.com\\\/a-tire-d-ailes\\\/sevrage-allaitement\\\/\"},\"author\":{\"name\":\"V\u00e9ronique Darmangeat\",\"@id\":\"https:\\\/\\\/www.lactissima.com\\\/a-tire-d-ailes\\\/#\\\/schema\\\/person\\\/8f98d3a89530861bc1240e6d53d44eed\"},\"headline\":\"Le sevrage non souhait\u00e9 \u00e0 la reprise du travail\",\"datePublished\":\"2011-09-15T17:36:29+00:00\",\"dateModified\":\"2016-08-03T17:18:33+00:00\",\"mainEntityOfPage\":{\"@id\":\"https:\\\/\\\/www.lactissima.com\\\/a-tire-d-ailes\\\/sevrage-allaitement\\\/\"},\"wordCount\":639,\"commentCount\":18,\"image\":{\"@id\":\"https:\\\/\\\/www.lactissima.com\\\/a-tire-d-ailes\\\/sevrage-allaitement\\\/#primaryimage\"},\"thumbnailUrl\":\"https:\\\/\\\/www.lactissima.com\\\/a-tire-d-ailes\\\/wp-content\\\/uploads\\\/2011\\\/09\\\/nicolas-refuse-sein.jpg\",\"keywords\":[\"l'allaitement\",\"refuse le sein\",\"stock de lait\",\"tirer le lait\"],\"articleSection\":[\"Allaitement et Travail\",\"Sevrage\",\"Vie de famille\"],\"inLanguage\":\"fr-FR\",\"potentialAction\":[{\"@type\":\"CommentAction\",\"name\":\"Comment\",\"target\":[\"https:\\\/\\\/www.lactissima.com\\\/a-tire-d-ailes\\\/sevrage-allaitement\\\/#respond\"]}]},{\"@type\":\"WebPage\",\"@id\":\"https:\\\/\\\/www.lactissima.com\\\/a-tire-d-ailes\\\/sevrage-allaitement\\\/\",\"url\":\"https:\\\/\\\/www.lactissima.com\\\/a-tire-d-ailes\\\/sevrage-allaitement\\\/\",\"name\":\"sevrage allaitement\",\"isPartOf\":{\"@id\":\"https:\\\/\\\/www.lactissima.com\\\/a-tire-d-ailes\\\/#website\"},\"primaryImageOfPage\":{\"@id\":\"https:\\\/\\\/www.lactissima.com\\\/a-tire-d-ailes\\\/sevrage-allaitement\\\/#primaryimage\"},\"image\":{\"@id\":\"https:\\\/\\\/www.lactissima.com\\\/a-tire-d-ailes\\\/sevrage-allaitement\\\/#primaryimage\"},\"thumbnailUrl\":\"https:\\\/\\\/www.lactissima.com\\\/a-tire-d-ailes\\\/wp-content\\\/uploads\\\/2011\\\/09\\\/nicolas-refuse-sein.jpg\",\"datePublished\":\"2011-09-15T17:36:29+00:00\",\"dateModified\":\"2016-08-03T17:18:33+00:00\",\"author\":{\"@id\":\"https:\\\/\\\/www.lactissima.com\\\/a-tire-d-ailes\\\/#\\\/schema\\\/person\\\/8f98d3a89530861bc1240e6d53d44eed\"},\"description\":\"Certains enfants se s\u00e8vrent \u00e0 la reprise du travail pour diff\u00e9rentes raisons : difficile pour la maman quand elle n'a pas choisi le sevrage allaitement.\",\"breadcrumb\":{\"@id\":\"https:\\\/\\\/www.lactissima.com\\\/a-tire-d-ailes\\\/sevrage-allaitement\\\/#breadcrumb\"},\"inLanguage\":\"fr-FR\",\"potentialAction\":[{\"@type\":\"ReadAction\",\"target\":[\"https:\\\/\\\/www.lactissima.com\\\/a-tire-d-ailes\\\/sevrage-allaitement\\\/\"]}]},{\"@type\":\"ImageObject\",\"inLanguage\":\"fr-FR\",\"@id\":\"https:\\\/\\\/www.lactissima.com\\\/a-tire-d-ailes\\\/sevrage-allaitement\\\/#primaryimage\",\"url\":\"https:\\\/\\\/www.lactissima.com\\\/a-tire-d-ailes\\\/wp-content\\\/uploads\\\/2011\\\/09\\\/nicolas-refuse-sein.jpg\",\"contentUrl\":\"https:\\\/\\\/www.lactissima.com\\\/a-tire-d-ailes\\\/wp-content\\\/uploads\\\/2011\\\/09\\\/nicolas-refuse-sein.jpg\",\"width\":238,\"height\":314,\"caption\":\"Saint-Nicolas refuse le sein de sa m\u00e8re, fresque fin XI\u00b0, abbaye de Novalera, Piemont italien.\"},{\"@type\":\"BreadcrumbList\",\"@id\":\"https:\\\/\\\/www.lactissima.com\\\/a-tire-d-ailes\\\/sevrage-allaitement\\\/#breadcrumb\",\"itemListElement\":[{\"@type\":\"ListItem\",\"position\":1,\"name\":\"Accueil\",\"item\":\"https:\\\/\\\/www.lactissima.com\\\/a-tire-d-ailes\\\/\"},{\"@type\":\"ListItem\",\"position\":2,\"name\":\"Le sevrage non souhait\u00e9 \u00e0 la reprise du travail\"}]},{\"@type\":\"WebSite\",\"@id\":\"https:\\\/\\\/www.lactissima.com\\\/a-tire-d-ailes\\\/#website\",\"url\":\"https:\\\/\\\/www.lactissima.com\\\/a-tire-d-ailes\\\/\",\"name\":\"A tire d&#039;Ailes\",\"description\":\"Le blog des femmes qui allaitent et travaillent.\",\"potentialAction\":[{\"@type\":\"SearchAction\",\"target\":{\"@type\":\"EntryPoint\",\"urlTemplate\":\"https:\\\/\\\/www.lactissima.com\\\/a-tire-d-ailes\\\/?s={search_term_string}\"},\"query-input\":{\"@type\":\"PropertyValueSpecification\",\"valueRequired\":true,\"valueName\":\"search_term_string\"}}],\"inLanguage\":\"fr-FR\"},{\"@type\":\"Person\",\"@id\":\"https:\\\/\\\/www.lactissima.com\\\/a-tire-d-ailes\\\/#\\\/schema\\\/person\\\/8f98d3a89530861bc1240e6d53d44eed\",\"name\":\"V\u00e9ronique Darmangeat\",\"image\":{\"@type\":\"ImageObject\",\"inLanguage\":\"fr-FR\",\"@id\":\"https:\\\/\\\/secure.gravatar.com\\\/avatar\\\/268c99344c89cebfe4f5df5fa8be43068a18884fc76a29f3206fae98465b9cab?s=96&d=identicon&r=g\",\"url\":\"https:\\\/\\\/secure.gravatar.com\\\/avatar\\\/268c99344c89cebfe4f5df5fa8be43068a18884fc76a29f3206fae98465b9cab?s=96&d=identicon&r=g\",\"contentUrl\":\"https:\\\/\\\/secure.gravatar.com\\\/avatar\\\/268c99344c89cebfe4f5df5fa8be43068a18884fc76a29f3206fae98465b9cab?s=96&d=identicon&r=g\",\"caption\":\"V\u00e9ronique Darmangeat\"},\"sameAs\":[\"https:\\\/\\\/www.lactissima.com\\\/a-tire-d-ailes\",\"www.facebook.com\\\/consultante.en.lactation\"]}]}<\/script>\n<!-- \/ Yoast SEO plugin. -->","yoast_head_json":{"title":"sevrage allaitement","description":"Certains enfants se s\u00e8vrent \u00e0 la reprise du travail pour diff\u00e9rentes raisons : difficile pour la maman quand elle n'a pas choisi le sevrage allaitement.","robots":{"index":"index","follow":"follow","max-snippet":"max-snippet:-1","max-image-preview":"max-image-preview:large","max-video-preview":"max-video-preview:-1"},"canonical":"https:\/\/www.lactissima.com\/a-tire-d-ailes\/sevrage-allaitement\/","og_locale":"fr_FR","og_type":"article","og_title":"sevrage allaitement","og_description":"Certains enfants se s\u00e8vrent \u00e0 la reprise du travail pour diff\u00e9rentes raisons : difficile pour la maman quand elle n'a pas choisi le sevrage allaitement.","og_url":"https:\/\/www.lactissima.com\/a-tire-d-ailes\/sevrage-allaitement\/","og_site_name":"A tire d&#039;Ailes","article_publisher":"https:\/\/www.facebook.com\/consultante.en.lactation","article_author":"www.facebook.com\/consultante.en.lactation","article_published_time":"2011-09-15T17:36:29+00:00","article_modified_time":"2016-08-03T17:18:33+00:00","og_image":[{"width":238,"height":314,"url":"https:\/\/www.lactissima.com\/a-tire-d-ailes\/wp-content\/uploads\/2011\/09\/nicolas-refuse-sein.jpg","type":"image\/jpeg"}],"author":"V\u00e9ronique Darmangeat","twitter_card":"summary_large_image","twitter_creator":"@VeroniqueIBCLC","twitter_site":"@VeroniqueIBCLC","twitter_misc":{"\u00c9crit par":"V\u00e9ronique Darmangeat","Dur\u00e9e de lecture estim\u00e9e":"3 minutes"},"schema":{"@context":"https:\/\/schema.org","@graph":[{"@type":"Article","@id":"https:\/\/www.lactissima.com\/a-tire-d-ailes\/sevrage-allaitement\/#article","isPartOf":{"@id":"https:\/\/www.lactissima.com\/a-tire-d-ailes\/sevrage-allaitement\/"},"author":{"name":"V\u00e9ronique Darmangeat","@id":"https:\/\/www.lactissima.com\/a-tire-d-ailes\/#\/schema\/person\/8f98d3a89530861bc1240e6d53d44eed"},"headline":"Le sevrage non souhait\u00e9 \u00e0 la reprise du travail","datePublished":"2011-09-15T17:36:29+00:00","dateModified":"2016-08-03T17:18:33+00:00","mainEntityOfPage":{"@id":"https:\/\/www.lactissima.com\/a-tire-d-ailes\/sevrage-allaitement\/"},"wordCount":639,"commentCount":18,"image":{"@id":"https:\/\/www.lactissima.com\/a-tire-d-ailes\/sevrage-allaitement\/#primaryimage"},"thumbnailUrl":"https:\/\/www.lactissima.com\/a-tire-d-ailes\/wp-content\/uploads\/2011\/09\/nicolas-refuse-sein.jpg","keywords":["l'allaitement","refuse le sein","stock de lait","tirer le lait"],"articleSection":["Allaitement et Travail","Sevrage","Vie de famille"],"inLanguage":"fr-FR","potentialAction":[{"@type":"CommentAction","name":"Comment","target":["https:\/\/www.lactissima.com\/a-tire-d-ailes\/sevrage-allaitement\/#respond"]}]},{"@type":"WebPage","@id":"https:\/\/www.lactissima.com\/a-tire-d-ailes\/sevrage-allaitement\/","url":"https:\/\/www.lactissima.com\/a-tire-d-ailes\/sevrage-allaitement\/","name":"sevrage allaitement","isPartOf":{"@id":"https:\/\/www.lactissima.com\/a-tire-d-ailes\/#website"},"primaryImageOfPage":{"@id":"https:\/\/www.lactissima.com\/a-tire-d-ailes\/sevrage-allaitement\/#primaryimage"},"image":{"@id":"https:\/\/www.lactissima.com\/a-tire-d-ailes\/sevrage-allaitement\/#primaryimage"},"thumbnailUrl":"https:\/\/www.lactissima.com\/a-tire-d-ailes\/wp-content\/uploads\/2011\/09\/nicolas-refuse-sein.jpg","datePublished":"2011-09-15T17:36:29+00:00","dateModified":"2016-08-03T17:18:33+00:00","author":{"@id":"https:\/\/www.lactissima.com\/a-tire-d-ailes\/#\/schema\/person\/8f98d3a89530861bc1240e6d53d44eed"},"description":"Certains enfants se s\u00e8vrent \u00e0 la reprise du travail pour diff\u00e9rentes raisons : difficile pour la maman quand elle n'a pas choisi le sevrage allaitement.","breadcrumb":{"@id":"https:\/\/www.lactissima.com\/a-tire-d-ailes\/sevrage-allaitement\/#breadcrumb"},"inLanguage":"fr-FR","potentialAction":[{"@type":"ReadAction","target":["https:\/\/www.lactissima.com\/a-tire-d-ailes\/sevrage-allaitement\/"]}]},{"@type":"ImageObject","inLanguage":"fr-FR","@id":"https:\/\/www.lactissima.com\/a-tire-d-ailes\/sevrage-allaitement\/#primaryimage","url":"https:\/\/www.lactissima.com\/a-tire-d-ailes\/wp-content\/uploads\/2011\/09\/nicolas-refuse-sein.jpg","contentUrl":"https:\/\/www.lactissima.com\/a-tire-d-ailes\/wp-content\/uploads\/2011\/09\/nicolas-refuse-sein.jpg","width":238,"height":314,"caption":"Saint-Nicolas refuse le sein de sa m\u00e8re, fresque fin XI\u00b0, abbaye de Novalera, Piemont italien."},{"@type":"BreadcrumbList","@id":"https:\/\/www.lactissima.com\/a-tire-d-ailes\/sevrage-allaitement\/#breadcrumb","itemListElement":[{"@type":"ListItem","position":1,"name":"Accueil","item":"https:\/\/www.lactissima.com\/a-tire-d-ailes\/"},{"@type":"ListItem","position":2,"name":"Le sevrage non souhait\u00e9 \u00e0 la reprise du travail"}]},{"@type":"WebSite","@id":"https:\/\/www.lactissima.com\/a-tire-d-ailes\/#website","url":"https:\/\/www.lactissima.com\/a-tire-d-ailes\/","name":"A tire d&#039;Ailes","description":"Le blog des femmes qui allaitent et travaillent.","potentialAction":[{"@type":"SearchAction","target":{"@type":"EntryPoint","urlTemplate":"https:\/\/www.lactissima.com\/a-tire-d-ailes\/?s={search_term_string}"},"query-input":{"@type":"PropertyValueSpecification","valueRequired":true,"valueName":"search_term_string"}}],"inLanguage":"fr-FR"},{"@type":"Person","@id":"https:\/\/www.lactissima.com\/a-tire-d-ailes\/#\/schema\/person\/8f98d3a89530861bc1240e6d53d44eed","name":"V\u00e9ronique Darmangeat","image":{"@type":"ImageObject","inLanguage":"fr-FR","@id":"https:\/\/secure.gravatar.com\/avatar\/268c99344c89cebfe4f5df5fa8be43068a18884fc76a29f3206fae98465b9cab?s=96&d=identicon&r=g","url":"https:\/\/secure.gravatar.com\/avatar\/268c99344c89cebfe4f5df5fa8be43068a18884fc76a29f3206fae98465b9cab?s=96&d=identicon&r=g","contentUrl":"https:\/\/secure.gravatar.com\/avatar\/268c99344c89cebfe4f5df5fa8be43068a18884fc76a29f3206fae98465b9cab?s=96&d=identicon&r=g","caption":"V\u00e9ronique Darmangeat"},"sameAs":["https:\/\/www.lactissima.com\/a-tire-d-ailes","www.facebook.com\/consultante.en.lactation"]}]}},"_links":{"self":[{"href":"https:\/\/www.lactissima.com\/a-tire-d-ailes\/wp-json\/wp\/v2\/posts\/2319","targetHints":{"allow":["GET"]}}],"collection":[{"href":"https:\/\/www.lactissima.com\/a-tire-d-ailes\/wp-json\/wp\/v2\/posts"}],"about":[{"href":"https:\/\/www.lactissima.com\/a-tire-d-ailes\/wp-json\/wp\/v2\/types\/post"}],"author":[{"embeddable":true,"href":"https:\/\/www.lactissima.com\/a-tire-d-ailes\/wp-json\/wp\/v2\/users\/170"}],"replies":[{"embeddable":true,"href":"https:\/\/www.lactissima.com\/a-tire-d-ailes\/wp-json\/wp\/v2\/comments?post=2319"}],"version-history":[{"count":24,"href":"https:\/\/www.lactissima.com\/a-tire-d-ailes\/wp-json\/wp\/v2\/posts\/2319\/revisions"}],"predecessor-version":[{"id":6824,"href":"https:\/\/www.lactissima.com\/a-tire-d-ailes\/wp-json\/wp\/v2\/posts\/2319\/revisions\/6824"}],"wp:featuredmedia":[{"embeddable":true,"href":"https:\/\/www.lactissima.com\/a-tire-d-ailes\/wp-json\/wp\/v2\/media\/4487"}],"wp:attachment":[{"href":"https:\/\/www.lactissima.com\/a-tire-d-ailes\/wp-json\/wp\/v2\/media?parent=2319"}],"wp:term":[{"taxonomy":"category","embeddable":true,"href":"https:\/\/www.lactissima.com\/a-tire-d-ailes\/wp-json\/wp\/v2\/categories?post=2319"},{"taxonomy":"post_tag","embeddable":true,"href":"https:\/\/www.lactissima.com\/a-tire-d-ailes\/wp-json\/wp\/v2\/tags?post=2319"}],"curies":[{"name":"wp","href":"https:\/\/api.w.org\/{rel}","templated":true}]}}