{"id":2254,"date":"2011-07-09T11:37:25","date_gmt":"2011-07-09T09:37:25","guid":{"rendered":"https:\/\/www.lactissima.com\/a-tire-d-ailes\/?p=2254"},"modified":"2024-04-22T16:28:31","modified_gmt":"2024-04-22T14:28:31","slug":"les-blogs-que-jaime","status":"publish","type":"post","link":"https:\/\/www.lactissima.com\/a-tire-d-ailes\/les-blogs-que-jaime\/","title":{"rendered":"Les blogs que j&rsquo;aime"},"content":{"rendered":"<p style=\"text-align: justify;\"><a href=\"https:\/\/www.lactissima.com\/a-tire-d-ailes\/wp-content\/uploads\/travail-et-allaitement.jpg\"><img loading=\"lazy\" decoding=\"async\" class=\"alignright size-full wp-image-2256\" title=\"allaitement et travail\" alt=\"\" src=\"https:\/\/www.lactissima.com\/a-tire-d-ailes\/wp-content\/uploads\/travail-et-allaitement.jpg\" width=\"240\" height=\"206\" \/><\/a>Sujet d&rsquo;\u00e9t\u00e9, sujet l\u00e9ger \ud83d\ude42<\/p>\n<p style=\"text-align: justify;\">J&rsquo;ai envie de vous parler aujourd&rsquo;hui des <strong>blogs <\/strong>qui parlent <a title=\"l'allaitement\" href=\"http:\/\/allaiteraparis.fr\/\" target=\"_blank\" rel=\"noopener\"><span style=\"color: #000000;\">allaitement <\/span><\/a>ou <span style=\"text-decoration: underline;\"><a title=\"conciliation vie familiale\/vie professionnelle\" href=\"https:\/\/www.lactissima.com\/\" target=\"_blank\" rel=\"noopener\"><span style=\"color: #000000;\">conciliation vie familiale\/vie professionnelle<\/span><\/a><\/span>.<\/p>\n<p style=\"text-align: justify;\">Commen\u00e7ons avec le blog de Mamanana : c&rsquo;est le blog \u00e9crit par S\u00e9gol\u00e8ne Finet. Les informations sur <strong>l&rsquo;allaitement <\/strong>y sont toujours <strong>exactes <\/strong>et j&rsquo;aime le ton de ses billets.<\/p>\n<p style=\"text-align: justify;\">La basse cour de la poule pondeuse ne parle pas que d&rsquo;allaitement mais quand elle en parle ses billets sont tr\u00e8s <strong>complets <\/strong>et document\u00e9s (comme l&rsquo;ensemble de ses articles d&rsquo;ailleurs).<\/p>\n<p style=\"text-align: justify;\"><a href=\"http:\/\/accompagnerlallaitement.blogspot.com\/\" target=\"_blank\" rel=\"noopener\">Accompagner l&rsquo;allaitement<\/a>, c&rsquo;est le blog d&rsquo;une coll\u00e8gue <strong>consultante en lactation<\/strong>, \u00e0 lire !<\/p>\n<p style=\"text-align: justify;\">J&rsquo;adore lire les articles de <a href=\"http:\/\/www.mamanstestent.com\/\" target=\"_blank\" rel=\"noopener\">Les mamans testent<\/a> qui parlent <strong>d&rsquo;allaitement <\/strong>r\u00e9guli\u00e8rement. Le ton est dr\u00f4le et d\u00e9cal\u00e9.<\/p>\n<p style=\"text-align: justify;\">Vers une articulation des temps de vie est un blog tr\u00e8s fouill\u00e9, avec des articles tr\u00e8s <strong>complets <\/strong>sur l&rsquo;articulation vie familiale\/vie professionnelle.<\/p>\n<p style=\"text-align: justify;\">Je suis depuis tr\u00e8s longtemps le blog En apart\u00e9 qui nous parle de cette m\u00eame articulation, avec beaucoup de <strong>t\u00e9moignages <\/strong>et de bonnes id\u00e9es de <strong>lectures<\/strong>. J&rsquo;appr\u00e9cie tout particuli\u00e8rement ses revues de presse.<\/p>\n<p style=\"text-align: justify;\"><a href=\"http:\/\/mamantravaille.typepad.fr\/maman_travaille\/\" target=\"_blank\" rel=\"noopener\">Maman travaille<\/a> est l&rsquo;incontournable. Ce blog est tr\u00e8s lu et tr\u00e8s comment\u00e9, il fourmille <strong>d&rsquo;informations <\/strong>en tout genre.<\/p>\n<p style=\"text-align: justify;\">Et <strong>vous<\/strong>, quels sont vos <strong>blogs <\/strong>incontournables ?<\/p>\n<p style=\"text-align: justify;\">\n<p>&nbsp;<\/p>\n","protected":false},"excerpt":{"rendered":"<p>Une petite revue des blogs que j&rsquo;aime autour de notre sujet.<\/p>\n","protected":false},"author":170,"featured_media":2256,"comment_status":"open","ping_status":"open","sticky":false,"template":"","format":"standard","meta":{"_et_pb_use_builder":"","_et_pb_old_content":"","_et_gb_content_width":"","footnotes":""},"categories":[34,37,41],"tags":[680,322],"class_list":["post-2254","post","type-post","status-publish","format-standard","has-post-thumbnail","hentry","category-actualites","category-articulation-vie-professionnelle-vie-famille","category-femmes-et-societe","tag-allaitement","tag-conciliation-vie-familialevie-professionnelle"],"yoast_head":"<!-- This site is optimized with the Yoast SEO plugin v27.4 - https:\/\/yoast.com\/product\/yoast-seo-wordpress\/ -->\n<title>Les blogs que j&#039;aime<\/title>\n<meta name=\"description\" content=\"Une petite revue des blogs que j&#039;aime autour de notre sujet.\" \/>\n<meta name=\"robots\" content=\"index, follow, max-snippet:-1, max-image-preview:large, max-video-preview:-1\" \/>\n<link rel=\"canonical\" href=\"https:\/\/www.lactissima.com\/a-tire-d-ailes\/les-blogs-que-jaime\/\" \/>\n<meta property=\"og:locale\" content=\"fr_FR\" \/>\n<meta property=\"og:type\" content=\"article\" \/>\n<meta property=\"og:title\" content=\"Les blogs que j&#039;aime\" \/>\n<meta property=\"og:description\" content=\"Une petite revue des blogs que j&#039;aime autour de notre sujet.\" \/>\n<meta property=\"og:url\" content=\"https:\/\/www.lactissima.com\/a-tire-d-ailes\/les-blogs-que-jaime\/\" \/>\n<meta property=\"og:site_name\" content=\"A tire d&#039;Ailes\" \/>\n<meta property=\"article:publisher\" content=\"https:\/\/www.facebook.com\/consultante.en.lactation\" \/>\n<meta property=\"article:author\" content=\"www.facebook.com\/consultante.en.lactation\" \/>\n<meta property=\"article:published_time\" content=\"2011-07-09T09:37:25+00:00\" \/>\n<meta property=\"article:modified_time\" content=\"2024-04-22T14:28:31+00:00\" \/>\n<meta property=\"og:image\" content=\"https:\/\/www.lactissima.com\/a-tire-d-ailes\/wp-content\/uploads\/travail-et-allaitement.jpg\" \/>\n\t<meta property=\"og:image:width\" content=\"240\" \/>\n\t<meta property=\"og:image:height\" content=\"206\" \/>\n\t<meta property=\"og:image:type\" content=\"image\/jpeg\" \/>\n<meta name=\"author\" content=\"V\u00e9ronique Darmangeat\" \/>\n<meta name=\"twitter:card\" content=\"summary_large_image\" \/>\n<meta name=\"twitter:creator\" content=\"@VeroniqueIBCLC\" \/>\n<meta name=\"twitter:site\" content=\"@VeroniqueIBCLC\" \/>\n<meta name=\"twitter:label1\" content=\"\u00c9crit par\" \/>\n\t<meta name=\"twitter:data1\" content=\"V\u00e9ronique Darmangeat\" \/>\n\t<meta name=\"twitter:label2\" content=\"Dur\u00e9e de lecture estim\u00e9e\" \/>\n\t<meta name=\"twitter:data2\" content=\"1 minute\" \/>\n<script type=\"application\/ld+json\" class=\"yoast-schema-graph\">{\"@context\":\"https:\\\/\\\/schema.org\",\"@graph\":[{\"@type\":\"Article\",\"@id\":\"https:\\\/\\\/www.lactissima.com\\\/a-tire-d-ailes\\\/les-blogs-que-jaime\\\/#article\",\"isPartOf\":{\"@id\":\"https:\\\/\\\/www.lactissima.com\\\/a-tire-d-ailes\\\/les-blogs-que-jaime\\\/\"},\"author\":{\"name\":\"V\u00e9ronique Darmangeat\",\"@id\":\"https:\\\/\\\/www.lactissima.com\\\/a-tire-d-ailes\\\/#\\\/schema\\\/person\\\/8f98d3a89530861bc1240e6d53d44eed\"},\"headline\":\"Les blogs que j&rsquo;aime\",\"datePublished\":\"2011-07-09T09:37:25+00:00\",\"dateModified\":\"2024-04-22T14:28:31+00:00\",\"mainEntityOfPage\":{\"@id\":\"https:\\\/\\\/www.lactissima.com\\\/a-tire-d-ailes\\\/les-blogs-que-jaime\\\/\"},\"wordCount\":235,\"commentCount\":15,\"image\":{\"@id\":\"https:\\\/\\\/www.lactissima.com\\\/a-tire-d-ailes\\\/les-blogs-que-jaime\\\/#primaryimage\"},\"thumbnailUrl\":\"https:\\\/\\\/www.lactissima.com\\\/a-tire-d-ailes\\\/wp-content\\\/uploads\\\/travail-et-allaitement.jpg\",\"keywords\":[\"Allaitement\",\"conciliation vie familiale\\\/vie professionnelle\"],\"articleSection\":[\"Actualit\u00e9s\",\"Articulation Vie Professionnelle Vie Famille\",\"Femmes et Soci\u00e9t\u00e9\"],\"inLanguage\":\"fr-FR\",\"potentialAction\":[{\"@type\":\"CommentAction\",\"name\":\"Comment\",\"target\":[\"https:\\\/\\\/www.lactissima.com\\\/a-tire-d-ailes\\\/les-blogs-que-jaime\\\/#respond\"]}]},{\"@type\":\"WebPage\",\"@id\":\"https:\\\/\\\/www.lactissima.com\\\/a-tire-d-ailes\\\/les-blogs-que-jaime\\\/\",\"url\":\"https:\\\/\\\/www.lactissima.com\\\/a-tire-d-ailes\\\/les-blogs-que-jaime\\\/\",\"name\":\"Les blogs que j'aime\",\"isPartOf\":{\"@id\":\"https:\\\/\\\/www.lactissima.com\\\/a-tire-d-ailes\\\/#website\"},\"primaryImageOfPage\":{\"@id\":\"https:\\\/\\\/www.lactissima.com\\\/a-tire-d-ailes\\\/les-blogs-que-jaime\\\/#primaryimage\"},\"image\":{\"@id\":\"https:\\\/\\\/www.lactissima.com\\\/a-tire-d-ailes\\\/les-blogs-que-jaime\\\/#primaryimage\"},\"thumbnailUrl\":\"https:\\\/\\\/www.lactissima.com\\\/a-tire-d-ailes\\\/wp-content\\\/uploads\\\/travail-et-allaitement.jpg\",\"datePublished\":\"2011-07-09T09:37:25+00:00\",\"dateModified\":\"2024-04-22T14:28:31+00:00\",\"author\":{\"@id\":\"https:\\\/\\\/www.lactissima.com\\\/a-tire-d-ailes\\\/#\\\/schema\\\/person\\\/8f98d3a89530861bc1240e6d53d44eed\"},\"description\":\"Une petite revue des blogs que j'aime autour de notre sujet.\",\"breadcrumb\":{\"@id\":\"https:\\\/\\\/www.lactissima.com\\\/a-tire-d-ailes\\\/les-blogs-que-jaime\\\/#breadcrumb\"},\"inLanguage\":\"fr-FR\",\"potentialAction\":[{\"@type\":\"ReadAction\",\"target\":[\"https:\\\/\\\/www.lactissima.com\\\/a-tire-d-ailes\\\/les-blogs-que-jaime\\\/\"]}]},{\"@type\":\"ImageObject\",\"inLanguage\":\"fr-FR\",\"@id\":\"https:\\\/\\\/www.lactissima.com\\\/a-tire-d-ailes\\\/les-blogs-que-jaime\\\/#primaryimage\",\"url\":\"https:\\\/\\\/www.lactissima.com\\\/a-tire-d-ailes\\\/wp-content\\\/uploads\\\/travail-et-allaitement.jpg\",\"contentUrl\":\"https:\\\/\\\/www.lactissima.com\\\/a-tire-d-ailes\\\/wp-content\\\/uploads\\\/travail-et-allaitement.jpg\",\"width\":\"240\",\"height\":\"206\"},{\"@type\":\"BreadcrumbList\",\"@id\":\"https:\\\/\\\/www.lactissima.com\\\/a-tire-d-ailes\\\/les-blogs-que-jaime\\\/#breadcrumb\",\"itemListElement\":[{\"@type\":\"ListItem\",\"position\":1,\"name\":\"Accueil\",\"item\":\"https:\\\/\\\/www.lactissima.com\\\/a-tire-d-ailes\\\/\"},{\"@type\":\"ListItem\",\"position\":2,\"name\":\"Les blogs que j&rsquo;aime\"}]},{\"@type\":\"WebSite\",\"@id\":\"https:\\\/\\\/www.lactissima.com\\\/a-tire-d-ailes\\\/#website\",\"url\":\"https:\\\/\\\/www.lactissima.com\\\/a-tire-d-ailes\\\/\",\"name\":\"A tire d&#039;Ailes\",\"description\":\"Le blog des femmes qui allaitent et travaillent.\",\"potentialAction\":[{\"@type\":\"SearchAction\",\"target\":{\"@type\":\"EntryPoint\",\"urlTemplate\":\"https:\\\/\\\/www.lactissima.com\\\/a-tire-d-ailes\\\/?s={search_term_string}\"},\"query-input\":{\"@type\":\"PropertyValueSpecification\",\"valueRequired\":true,\"valueName\":\"search_term_string\"}}],\"inLanguage\":\"fr-FR\"},{\"@type\":\"Person\",\"@id\":\"https:\\\/\\\/www.lactissima.com\\\/a-tire-d-ailes\\\/#\\\/schema\\\/person\\\/8f98d3a89530861bc1240e6d53d44eed\",\"name\":\"V\u00e9ronique Darmangeat\",\"image\":{\"@type\":\"ImageObject\",\"inLanguage\":\"fr-FR\",\"@id\":\"https:\\\/\\\/secure.gravatar.com\\\/avatar\\\/268c99344c89cebfe4f5df5fa8be43068a18884fc76a29f3206fae98465b9cab?s=96&d=identicon&r=g\",\"url\":\"https:\\\/\\\/secure.gravatar.com\\\/avatar\\\/268c99344c89cebfe4f5df5fa8be43068a18884fc76a29f3206fae98465b9cab?s=96&d=identicon&r=g\",\"contentUrl\":\"https:\\\/\\\/secure.gravatar.com\\\/avatar\\\/268c99344c89cebfe4f5df5fa8be43068a18884fc76a29f3206fae98465b9cab?s=96&d=identicon&r=g\",\"caption\":\"V\u00e9ronique Darmangeat\"},\"sameAs\":[\"https:\\\/\\\/www.lactissima.com\\\/a-tire-d-ailes\",\"www.facebook.com\\\/consultante.en.lactation\"]}]}<\/script>\n<!-- \/ Yoast SEO plugin. -->","yoast_head_json":{"title":"Les blogs que j'aime","description":"Une petite revue des blogs que j'aime autour de notre sujet.","robots":{"index":"index","follow":"follow","max-snippet":"max-snippet:-1","max-image-preview":"max-image-preview:large","max-video-preview":"max-video-preview:-1"},"canonical":"https:\/\/www.lactissima.com\/a-tire-d-ailes\/les-blogs-que-jaime\/","og_locale":"fr_FR","og_type":"article","og_title":"Les blogs que j'aime","og_description":"Une petite revue des blogs que j'aime autour de notre sujet.","og_url":"https:\/\/www.lactissima.com\/a-tire-d-ailes\/les-blogs-que-jaime\/","og_site_name":"A tire d&#039;Ailes","article_publisher":"https:\/\/www.facebook.com\/consultante.en.lactation","article_author":"www.facebook.com\/consultante.en.lactation","article_published_time":"2011-07-09T09:37:25+00:00","article_modified_time":"2024-04-22T14:28:31+00:00","og_image":[{"width":240,"height":206,"url":"https:\/\/www.lactissima.com\/a-tire-d-ailes\/wp-content\/uploads\/travail-et-allaitement.jpg","type":"image\/jpeg"}],"author":"V\u00e9ronique Darmangeat","twitter_card":"summary_large_image","twitter_creator":"@VeroniqueIBCLC","twitter_site":"@VeroniqueIBCLC","twitter_misc":{"\u00c9crit par":"V\u00e9ronique Darmangeat","Dur\u00e9e de lecture estim\u00e9e":"1 minute"},"schema":{"@context":"https:\/\/schema.org","@graph":[{"@type":"Article","@id":"https:\/\/www.lactissima.com\/a-tire-d-ailes\/les-blogs-que-jaime\/#article","isPartOf":{"@id":"https:\/\/www.lactissima.com\/a-tire-d-ailes\/les-blogs-que-jaime\/"},"author":{"name":"V\u00e9ronique Darmangeat","@id":"https:\/\/www.lactissima.com\/a-tire-d-ailes\/#\/schema\/person\/8f98d3a89530861bc1240e6d53d44eed"},"headline":"Les blogs que j&rsquo;aime","datePublished":"2011-07-09T09:37:25+00:00","dateModified":"2024-04-22T14:28:31+00:00","mainEntityOfPage":{"@id":"https:\/\/www.lactissima.com\/a-tire-d-ailes\/les-blogs-que-jaime\/"},"wordCount":235,"commentCount":15,"image":{"@id":"https:\/\/www.lactissima.com\/a-tire-d-ailes\/les-blogs-que-jaime\/#primaryimage"},"thumbnailUrl":"https:\/\/www.lactissima.com\/a-tire-d-ailes\/wp-content\/uploads\/travail-et-allaitement.jpg","keywords":["Allaitement","conciliation vie familiale\/vie professionnelle"],"articleSection":["Actualit\u00e9s","Articulation Vie Professionnelle Vie Famille","Femmes et Soci\u00e9t\u00e9"],"inLanguage":"fr-FR","potentialAction":[{"@type":"CommentAction","name":"Comment","target":["https:\/\/www.lactissima.com\/a-tire-d-ailes\/les-blogs-que-jaime\/#respond"]}]},{"@type":"WebPage","@id":"https:\/\/www.lactissima.com\/a-tire-d-ailes\/les-blogs-que-jaime\/","url":"https:\/\/www.lactissima.com\/a-tire-d-ailes\/les-blogs-que-jaime\/","name":"Les blogs que j'aime","isPartOf":{"@id":"https:\/\/www.lactissima.com\/a-tire-d-ailes\/#website"},"primaryImageOfPage":{"@id":"https:\/\/www.lactissima.com\/a-tire-d-ailes\/les-blogs-que-jaime\/#primaryimage"},"image":{"@id":"https:\/\/www.lactissima.com\/a-tire-d-ailes\/les-blogs-que-jaime\/#primaryimage"},"thumbnailUrl":"https:\/\/www.lactissima.com\/a-tire-d-ailes\/wp-content\/uploads\/travail-et-allaitement.jpg","datePublished":"2011-07-09T09:37:25+00:00","dateModified":"2024-04-22T14:28:31+00:00","author":{"@id":"https:\/\/www.lactissima.com\/a-tire-d-ailes\/#\/schema\/person\/8f98d3a89530861bc1240e6d53d44eed"},"description":"Une petite revue des blogs que j'aime autour de notre sujet.","breadcrumb":{"@id":"https:\/\/www.lactissima.com\/a-tire-d-ailes\/les-blogs-que-jaime\/#breadcrumb"},"inLanguage":"fr-FR","potentialAction":[{"@type":"ReadAction","target":["https:\/\/www.lactissima.com\/a-tire-d-ailes\/les-blogs-que-jaime\/"]}]},{"@type":"ImageObject","inLanguage":"fr-FR","@id":"https:\/\/www.lactissima.com\/a-tire-d-ailes\/les-blogs-que-jaime\/#primaryimage","url":"https:\/\/www.lactissima.com\/a-tire-d-ailes\/wp-content\/uploads\/travail-et-allaitement.jpg","contentUrl":"https:\/\/www.lactissima.com\/a-tire-d-ailes\/wp-content\/uploads\/travail-et-allaitement.jpg","width":"240","height":"206"},{"@type":"BreadcrumbList","@id":"https:\/\/www.lactissima.com\/a-tire-d-ailes\/les-blogs-que-jaime\/#breadcrumb","itemListElement":[{"@type":"ListItem","position":1,"name":"Accueil","item":"https:\/\/www.lactissima.com\/a-tire-d-ailes\/"},{"@type":"ListItem","position":2,"name":"Les blogs que j&rsquo;aime"}]},{"@type":"WebSite","@id":"https:\/\/www.lactissima.com\/a-tire-d-ailes\/#website","url":"https:\/\/www.lactissima.com\/a-tire-d-ailes\/","name":"A tire d&#039;Ailes","description":"Le blog des femmes qui allaitent et travaillent.","potentialAction":[{"@type":"SearchAction","target":{"@type":"EntryPoint","urlTemplate":"https:\/\/www.lactissima.com\/a-tire-d-ailes\/?s={search_term_string}"},"query-input":{"@type":"PropertyValueSpecification","valueRequired":true,"valueName":"search_term_string"}}],"inLanguage":"fr-FR"},{"@type":"Person","@id":"https:\/\/www.lactissima.com\/a-tire-d-ailes\/#\/schema\/person\/8f98d3a89530861bc1240e6d53d44eed","name":"V\u00e9ronique Darmangeat","image":{"@type":"ImageObject","inLanguage":"fr-FR","@id":"https:\/\/secure.gravatar.com\/avatar\/268c99344c89cebfe4f5df5fa8be43068a18884fc76a29f3206fae98465b9cab?s=96&d=identicon&r=g","url":"https:\/\/secure.gravatar.com\/avatar\/268c99344c89cebfe4f5df5fa8be43068a18884fc76a29f3206fae98465b9cab?s=96&d=identicon&r=g","contentUrl":"https:\/\/secure.gravatar.com\/avatar\/268c99344c89cebfe4f5df5fa8be43068a18884fc76a29f3206fae98465b9cab?s=96&d=identicon&r=g","caption":"V\u00e9ronique Darmangeat"},"sameAs":["https:\/\/www.lactissima.com\/a-tire-d-ailes","www.facebook.com\/consultante.en.lactation"]}]}},"_links":{"self":[{"href":"https:\/\/www.lactissima.com\/a-tire-d-ailes\/wp-json\/wp\/v2\/posts\/2254","targetHints":{"allow":["GET"]}}],"collection":[{"href":"https:\/\/www.lactissima.com\/a-tire-d-ailes\/wp-json\/wp\/v2\/posts"}],"about":[{"href":"https:\/\/www.lactissima.com\/a-tire-d-ailes\/wp-json\/wp\/v2\/types\/post"}],"author":[{"embeddable":true,"href":"https:\/\/www.lactissima.com\/a-tire-d-ailes\/wp-json\/wp\/v2\/users\/170"}],"replies":[{"embeddable":true,"href":"https:\/\/www.lactissima.com\/a-tire-d-ailes\/wp-json\/wp\/v2\/comments?post=2254"}],"version-history":[{"count":13,"href":"https:\/\/www.lactissima.com\/a-tire-d-ailes\/wp-json\/wp\/v2\/posts\/2254\/revisions"}],"predecessor-version":[{"id":9529,"href":"https:\/\/www.lactissima.com\/a-tire-d-ailes\/wp-json\/wp\/v2\/posts\/2254\/revisions\/9529"}],"wp:featuredmedia":[{"embeddable":true,"href":"https:\/\/www.lactissima.com\/a-tire-d-ailes\/wp-json\/wp\/v2\/media\/2256"}],"wp:attachment":[{"href":"https:\/\/www.lactissima.com\/a-tire-d-ailes\/wp-json\/wp\/v2\/media?parent=2254"}],"wp:term":[{"taxonomy":"category","embeddable":true,"href":"https:\/\/www.lactissima.com\/a-tire-d-ailes\/wp-json\/wp\/v2\/categories?post=2254"},{"taxonomy":"post_tag","embeddable":true,"href":"https:\/\/www.lactissima.com\/a-tire-d-ailes\/wp-json\/wp\/v2\/tags?post=2254"}],"curies":[{"name":"wp","href":"https:\/\/api.w.org\/{rel}","templated":true}]}}