{"id":2193,"date":"2011-06-10T20:05:42","date_gmt":"2011-06-10T18:05:42","guid":{"rendered":"https:\/\/www.lactissima.com\/a-tire-d-ailes\/?p=2193"},"modified":"2014-03-15T16:51:41","modified_gmt":"2014-03-15T14:51:41","slug":"allaiter-et-travailler-le-temoignage-de-leslie","status":"publish","type":"post","link":"https:\/\/www.lactissima.com\/a-tire-d-ailes\/allaiter-et-travailler-le-temoignage-de-leslie\/","title":{"rendered":"Allaiter et travailler : le t\u00e9moignage de Leslie"},"content":{"rendered":"<ul>\n<li style=\"text-align: justify;\"><strong><a href=\"https:\/\/www.lactissima.com\/a-tire-d-ailes\/wp-content\/uploads\/2011\/06\/tirer-du-lait.jpg\"><img loading=\"lazy\" decoding=\"async\" class=\"alignright size-full wp-image-4492\" alt=\"tirer du lait\" src=\"https:\/\/www.lactissima.com\/a-tire-d-ailes\/wp-content\/uploads\/2011\/06\/tirer-du-lait.jpg\" width=\"256\" height=\"384\" srcset=\"https:\/\/www.lactissima.com\/a-tire-d-ailes\/wp-content\/uploads\/2011\/06\/tirer-du-lait.jpg 256w, https:\/\/www.lactissima.com\/a-tire-d-ailes\/wp-content\/uploads\/2011\/06\/tirer-du-lait-200x300.jpg 200w\" sizes=\"(max-width: 256px) 100vw, 256px\" \/><\/a>Quel choix avez-vous fait au moment de la reprise du travail : sevrage ou <\/strong><strong>poursuite de l&rsquo;allaitement ?<\/strong><\/li>\n<\/ul>\n<p style=\"text-align: justify;\">J&rsquo;ai repris le travail \u00e0 80% quand ma fille a eu 5 mois, pas question pour moi \u00e0 ce moment l\u00e0 d&rsquo;arr\u00eater l&rsquo;allaitement. J&rsquo;ai sans h\u00e9siter une seule seconde choisi de poursuivre l&rsquo;allaitement.<\/p>\n<ul style=\"text-align: justify;\">\n<li><strong>Pourquoi ?<\/strong><\/li>\n<\/ul>\n<p style=\"text-align: justify;\">L&rsquo;allaitement \u00e9tait bien \u00ab\u00a0install\u00e9\u00a0\u00bb, ma fille avait l&rsquo;air heureuse de ces moments et moi aussi ! Alors pourquoi s&rsquo;en priver ?<br \/>\nEn plus, je m&rsquo;\u00e9tais un peu fix\u00e9 les 6 mois d&rsquo;allaitement exclusif comme un \u00ab\u00a0objectif\u00a0\u00bb, je voulais vraiment suivre les recommandations de l&rsquo;OMS.<\/p>\n<ul style=\"text-align: justify;\">\n<li><strong>Comment vous \u00eates-vous organis\u00e9e ?<\/strong><\/li>\n<\/ul>\n<p style=\"text-align: justify;\">J&rsquo;avais commenc\u00e9 \u00e0 <a title=\"Comment tirer son lait\" href=\"https:\/\/www.lactissima.com\/a-tire-d-ailes\/?p=1146\" target=\"_blank\">tirer mon lait<\/a> d\u00e8s le 2e mois de ma fille pour pouvoir la laisser de temps en temps \u00e0 ma famille pour que l&rsquo;on puisse sortir un peu en amoureux avec son papa et aussi pour que son papa puisse lui donner le biberon de temps en temps. Donc j&rsquo;avais un petit <a title=\"Faire du stock de lait.\" href=\"https:\/\/www.lactissima.com\/a-tire-d-ailes\/?p=1321\" target=\"_blank\">stock de lait maternel<\/a> au cong\u00e9lateur et je savais que notre fille serait \u00e0 l&rsquo;aise avec les biberons.<\/p>\n<p style=\"text-align: justify;\">La cr\u00e8che \u00e9tait OK pour prendre le lait maternel, elle ne souhaitait juste pas \u00ab\u00a0manipuler\u00a0\u00bb le lait, j&rsquo;amenais donc les biberons de mon lait tous les matins \u00e0 la cr\u00e8che.<\/p>\n<p style=\"text-align: justify;\">En semaine, nous avons continu\u00e9 les t\u00e9t\u00e9es matin et soir et introduit deux biberons de 150ml de lait maternel \u00e0 la cr\u00e8che, le week-end c&rsquo;\u00e9tait 100% allaitement.<\/p>\n<p style=\"text-align: justify;\">Ma seule appr\u00e9hension \u00e0 la reprise du travail concernant l&rsquo;allaitement \u00e9tait de savoir o\u00f9 et quand j&rsquo;allais pouvoir tirer mon lait au bureau : je travaille dans une petite structure o\u00f9 je n&rsquo;ai pas de bureau ind\u00e9pendant &#8230; Pour mes premiers \u00ab\u00a0tirages\u00a0\u00bb je suis all\u00e9e aux archives de l&rsquo;entreprise et l\u00e0 je me suis dit que je n&rsquo;arriverais pas \u00e0 tenir. J&rsquo;ai fini par en parler \u00e0 une coll\u00e8gue qui m&rsquo;a propos\u00e9 de me mettre dans son bureau (un petit bureau qui ne fermait pas \u00e0 cl\u00e9, mais elle \u00ab\u00a0surveillait\u00a0\u00bb la porte pendant que je tirais mon lait), c&rsquo;\u00e9tait vraiment une bonne solution.<\/p>\n<ul style=\"text-align: justify;\">\n<li><strong>Quelles ont \u00e9t\u00e9 vos principales difficult\u00e9s ?<\/strong><\/li>\n<\/ul>\n<p style=\"text-align: justify;\">Le regard des \u00ab\u00a0coll\u00e8gues\u00a0\u00bb au bureau ou de mon entourage n&rsquo;\u00e9tait pas toujours bienveillant, beaucoup de personnes \u00ab\u00a0acceptent\u00a0\u00bb que l&rsquo;on allaite un tout petit b\u00e9b\u00e9, mais vers 5-6 mois, certaines personnes m&rsquo;ont demand\u00e9 si je pensais continuer longtemps, si ce n&rsquo;\u00e9tait pas \u00ab\u00a0bizarre\u00a0\u00bb d&rsquo;allaiter un grand b\u00e9b\u00e9 !<\/p>\n<p style=\"text-align: justify;\">Niveau timing, j&rsquo;avais vraiment du mal \u00e0 prendre les 30 \u00e0 40 minutes pour tirer mon lait le midi ; j&rsquo;ai \u00e9t\u00e9 rapidement happ\u00e9e par le rythme du travail. Heureusement j&rsquo;avais un bon tire-lait double pompage, vraiment rapide, donc je tirais environ 300 ml par tirage (150ml sur chaque sein).<\/p>\n<p style=\"text-align: justify;\">Plus que la reprise du travail en elle m\u00eame, la plus grosse \u00ab\u00a0difficult\u00e9\u00a0\u00bb pour moi a \u00e9t\u00e9 mon manque de pr\u00e9paration au <a title=\"Et le sevrage ?\" href=\"https:\/\/www.lactissima.com\/a-tire-d-ailes\/?p=216\" target=\"_blank\">sevrage <\/a>; ma fille s&rsquo;est rapidement habitu\u00e9e \u00e0 avoir ses deux biberons de lait maternel lorsqu&rsquo;elle \u00e9tait \u00e0 la cr\u00e8che, et elle s&rsquo;est, au fur et \u00e0 mesure, d\u00e9tourn\u00e9e du sein, sans doute sa mani\u00e8re de me dire que c&rsquo;\u00e9tait la fin de l&rsquo;allaitement pour elle, qu&rsquo;elle avait envie de passer \u00e0 autre chose !<\/p>\n<p style=\"text-align: justify;\">Moi je pense que je n&rsquo;y \u00e9tais pas pr\u00e9par\u00e9e, j&rsquo;avais vraiment envie de continuer l&rsquo;allaitement (elle avait alors 7 mois) et j&rsquo;ai eu du mal \u00e0 accepter que le sevrage pouvait venir de mon b\u00e9b\u00e9 et non pas de moi&#8230; J&rsquo;ai mis quelques semaines \u00e0 accepter que c&rsquo;\u00e9tait la fin de notre allaitement !<\/p>\n<ul style=\"text-align: justify;\">\n<li><strong>Quels ont \u00e9t\u00e9 vos meilleurs moments ?<\/strong><\/li>\n<\/ul>\n<p style=\"text-align: justify;\">Les \u00e9changes de regards avec ma fille pendant que je l&rsquo;allaitais ; le plaisir de la sentir repue apr\u00e8s une t\u00e9t\u00e9e, toute groggy par le plaisir d&rsquo;avoir bu mon lait!<\/p>\n<ul style=\"text-align: justify;\">\n<li><strong>Qu&rsquo;est-ce que vous souhaiteriez dire aux mamans qui doivent faire un choix dans les semaines \u00e0 venir ?<\/strong><\/li>\n<\/ul>\n<p style=\"text-align: justify;\">Je crois qu&rsquo;il faut \u00eatre :<\/p>\n<p style=\"text-align: justify;\">&#8211; bien entour\u00e9e : le <a title=\"Allaiter et travailler : le soutien\" href=\"https:\/\/www.lactissima.com\/a-tire-d-ailes\/?p=427\" target=\"_blank\">soutien <\/a>de mon mari a \u00e9t\u00e9 tr\u00e8s important, il m&rsquo;a toujours encourag\u00e9e et soutenue !<\/p>\n<p style=\"text-align: justify;\">Il faut savoir demander des conseils \u00e0 des professionnels comme les consultants en lactation pour pouvoir demander des conseils ; le site \u00ab\u00a0\u00e0 tire d&rsquo;ailes\u00a0\u00bb est une mine d&rsquo;informations (<a title=\"La conservation du lait maternel\" href=\"https:\/\/www.lactissima.com\/a-tire-d-ailes\/?p=291\" target=\"_blank\">conservation du lait<\/a>, choix du tire-lait &#8230;)<\/p>\n<p style=\"text-align: justify;\">et<\/p>\n<p style=\"text-align: justify;\">&#8211; bien \u00e9quip\u00e9e : avoir un bon tire-lait permet vraiment de gagner du temps lors des tirages, c&rsquo;est vraiment indispensable. Je conseillerais aussi de prendre un tire-lait compact car facilement transportable et pas bruyant si on veut faire \u00e7a un peu discr\u00e8tement au bureau sans rameuter tous les coll\u00e8gues! (regardez la page sur les <a title=\"Le point sur les tire-lait\" href=\"https:\/\/www.lactissima.com\/a-tire-d-ailes\/?p=56\" target=\"_blank\">tire-lait<\/a> du site de V\u00e9ronique). J&rsquo;avais le tire lait \u00ab\u00a0ameda lactaline\u00a0\u00bb, hyper pratique, il ne m&rsquo;a rien co\u00fbt\u00e9 en location avec une ordonnance de mon m\u00e9decin.<\/p>\n<ul style=\"text-align: justify;\">\n<li><strong>Ce serait \u00e0 refaire, vous referiez le m\u00eame choix ? Que changeriez-vous ?<\/strong><\/li>\n<\/ul>\n<p style=\"text-align: justify;\">Oui, sans h\u00e9siter je referais le choix de poursuivre <a title=\"l'allaitement\" href=\"http:\/\/www.allaiteraparis.fr\" target=\"_blank\">l&rsquo;allaitement<\/a> \u00e0 la reprise du travail ! Mais honn\u00eatement, si j&rsquo;avais pu j&rsquo;aurais pris un cong\u00e9 parental plus long pour pouvoir vraiment profiter \u00e0 fond de mon b\u00e9b\u00e9 pendant sa premi\u00e8re ann\u00e9e&#8230;et je saurais maintenant que le sevrage ne se fait pas que dans un sens, ce n&rsquo;est pas juste un choix de la maman, mais aussi un choix de b\u00e9b\u00e9 ; il faut l&rsquo;accepter !<\/p>\n<p style=\"text-align: justify;\"><strong>Articles en rapport :<\/strong><\/p>\n<ul>\n<li style=\"text-align: justify;\">Voir l&rsquo;onglet <a href=\"https:\/\/www.lactissima.com\/a-tire-d-ailes\/?page_id=1179\" target=\"_blank\">t\u00e9moignages<\/a><\/li>\n<\/ul>\n<p>&nbsp;<\/p>\n","protected":false},"excerpt":{"rendered":"<p>Leslie a choisi de poursuivre l&rsquo;allaitement \u00e0 la reprise du travail. Elle a r\u00e9ussi \u00e0 tirer son lait gr\u00e2ce au soutien de son mari. Sa fille a choisi de ne plus t\u00e9ter \u00e0 7 mois, cela a \u00e9t\u00e9 dur pour Leslie qui ne s&rsquo;y attendait pas.<\/p>\n","protected":false},"author":170,"featured_media":4492,"comment_status":"open","ping_status":"open","sticky":false,"template":"","format":"standard","meta":{"_et_pb_use_builder":"","_et_pb_old_content":"","_et_gb_content_width":"","footnotes":""},"categories":[36,150],"tags":[212,300,56,98,309,57,301],"class_list":["post-2193","post","type-post","status-publish","format-standard","has-post-thumbnail","hentry","category-allaitement-et-travail","category-temoignages","tag-conservation-du-lait","tag-lallaitement","tag-sevrage","tag-soutien","tag-stock-de-lait-maternel","tag-tire-lait","tag-tirer-mon-lait"],"yoast_head":"<!-- This site is optimized with the Yoast SEO plugin v27.4 - https:\/\/yoast.com\/product\/yoast-seo-wordpress\/ -->\n<title>Allaiter et travailler : le t\u00e9moignage de Leslie<\/title>\n<meta name=\"description\" content=\"Leslie a choisi de poursuivre l&#039;allaitement \u00e0 la reprise du travail. Elle a r\u00e9ussi \u00e0 tirer son lait gr\u00e2ce au soutien de son mari. Sa fille a choisi de ne plus t\u00e9ter \u00e0 7 mois, cela a \u00e9t\u00e9 dur pour Leslie qui ne s&#039;y attendait pas.\" \/>\n<meta name=\"robots\" content=\"index, follow, max-snippet:-1, max-image-preview:large, max-video-preview:-1\" \/>\n<link rel=\"canonical\" href=\"https:\/\/www.lactissima.com\/a-tire-d-ailes\/allaiter-et-travailler-le-temoignage-de-leslie\/\" \/>\n<meta property=\"og:locale\" content=\"fr_FR\" \/>\n<meta property=\"og:type\" content=\"article\" \/>\n<meta property=\"og:title\" content=\"Allaiter et travailler : le t\u00e9moignage de Leslie\" \/>\n<meta property=\"og:description\" content=\"Leslie a choisi de poursuivre l&#039;allaitement \u00e0 la reprise du travail. Elle a r\u00e9ussi \u00e0 tirer son lait gr\u00e2ce au soutien de son mari. Sa fille a choisi de ne plus t\u00e9ter \u00e0 7 mois, cela a \u00e9t\u00e9 dur pour Leslie qui ne s&#039;y attendait pas.\" \/>\n<meta property=\"og:url\" content=\"https:\/\/www.lactissima.com\/a-tire-d-ailes\/allaiter-et-travailler-le-temoignage-de-leslie\/\" \/>\n<meta property=\"og:site_name\" content=\"A tire d&#039;Ailes\" \/>\n<meta property=\"article:publisher\" content=\"https:\/\/www.facebook.com\/consultante.en.lactation\" \/>\n<meta property=\"article:author\" content=\"www.facebook.com\/consultante.en.lactation\" \/>\n<meta property=\"article:published_time\" content=\"2011-06-10T18:05:42+00:00\" \/>\n<meta property=\"article:modified_time\" content=\"2014-03-15T14:51:41+00:00\" \/>\n<meta property=\"og:image\" content=\"https:\/\/www.lactissima.com\/a-tire-d-ailes\/wp-content\/uploads\/2011\/06\/tirer-du-lait.jpg\" \/>\n\t<meta property=\"og:image:width\" content=\"256\" \/>\n\t<meta property=\"og:image:height\" content=\"384\" \/>\n\t<meta property=\"og:image:type\" content=\"image\/jpeg\" \/>\n<meta name=\"author\" content=\"V\u00e9ronique Darmangeat\" \/>\n<meta name=\"twitter:card\" content=\"summary_large_image\" \/>\n<meta name=\"twitter:creator\" content=\"@VeroniqueIBCLC\" \/>\n<meta name=\"twitter:site\" content=\"@VeroniqueIBCLC\" \/>\n<meta name=\"twitter:label1\" content=\"\u00c9crit par\" \/>\n\t<meta name=\"twitter:data1\" content=\"V\u00e9ronique Darmangeat\" \/>\n\t<meta name=\"twitter:label2\" content=\"Dur\u00e9e de lecture estim\u00e9e\" \/>\n\t<meta name=\"twitter:data2\" content=\"4 minutes\" \/>\n<script type=\"application\/ld+json\" class=\"yoast-schema-graph\">{\"@context\":\"https:\\\/\\\/schema.org\",\"@graph\":[{\"@type\":\"Article\",\"@id\":\"https:\\\/\\\/www.lactissima.com\\\/a-tire-d-ailes\\\/allaiter-et-travailler-le-temoignage-de-leslie\\\/#article\",\"isPartOf\":{\"@id\":\"https:\\\/\\\/www.lactissima.com\\\/a-tire-d-ailes\\\/allaiter-et-travailler-le-temoignage-de-leslie\\\/\"},\"author\":{\"name\":\"V\u00e9ronique Darmangeat\",\"@id\":\"https:\\\/\\\/www.lactissima.com\\\/a-tire-d-ailes\\\/#\\\/schema\\\/person\\\/8f98d3a89530861bc1240e6d53d44eed\"},\"headline\":\"Allaiter et travailler : le t\u00e9moignage de Leslie\",\"datePublished\":\"2011-06-10T18:05:42+00:00\",\"dateModified\":\"2014-03-15T14:51:41+00:00\",\"mainEntityOfPage\":{\"@id\":\"https:\\\/\\\/www.lactissima.com\\\/a-tire-d-ailes\\\/allaiter-et-travailler-le-temoignage-de-leslie\\\/\"},\"wordCount\":923,\"commentCount\":0,\"image\":{\"@id\":\"https:\\\/\\\/www.lactissima.com\\\/a-tire-d-ailes\\\/allaiter-et-travailler-le-temoignage-de-leslie\\\/#primaryimage\"},\"thumbnailUrl\":\"https:\\\/\\\/www.lactissima.com\\\/a-tire-d-ailes\\\/wp-content\\\/uploads\\\/2011\\\/06\\\/tirer-du-lait.jpg\",\"keywords\":[\"conservation du lait\",\"l'allaitement\",\"Sevrage\",\"soutien\",\"stock de lait maternel\",\"tire-lait\",\"tirer mon lait\"],\"articleSection\":[\"Allaitement et Travail\",\"t\u00e9moignages\"],\"inLanguage\":\"fr-FR\",\"potentialAction\":[{\"@type\":\"CommentAction\",\"name\":\"Comment\",\"target\":[\"https:\\\/\\\/www.lactissima.com\\\/a-tire-d-ailes\\\/allaiter-et-travailler-le-temoignage-de-leslie\\\/#respond\"]}]},{\"@type\":\"WebPage\",\"@id\":\"https:\\\/\\\/www.lactissima.com\\\/a-tire-d-ailes\\\/allaiter-et-travailler-le-temoignage-de-leslie\\\/\",\"url\":\"https:\\\/\\\/www.lactissima.com\\\/a-tire-d-ailes\\\/allaiter-et-travailler-le-temoignage-de-leslie\\\/\",\"name\":\"Allaiter et travailler : le t\u00e9moignage de Leslie\",\"isPartOf\":{\"@id\":\"https:\\\/\\\/www.lactissima.com\\\/a-tire-d-ailes\\\/#website\"},\"primaryImageOfPage\":{\"@id\":\"https:\\\/\\\/www.lactissima.com\\\/a-tire-d-ailes\\\/allaiter-et-travailler-le-temoignage-de-leslie\\\/#primaryimage\"},\"image\":{\"@id\":\"https:\\\/\\\/www.lactissima.com\\\/a-tire-d-ailes\\\/allaiter-et-travailler-le-temoignage-de-leslie\\\/#primaryimage\"},\"thumbnailUrl\":\"https:\\\/\\\/www.lactissima.com\\\/a-tire-d-ailes\\\/wp-content\\\/uploads\\\/2011\\\/06\\\/tirer-du-lait.jpg\",\"datePublished\":\"2011-06-10T18:05:42+00:00\",\"dateModified\":\"2014-03-15T14:51:41+00:00\",\"author\":{\"@id\":\"https:\\\/\\\/www.lactissima.com\\\/a-tire-d-ailes\\\/#\\\/schema\\\/person\\\/8f98d3a89530861bc1240e6d53d44eed\"},\"description\":\"Leslie a choisi de poursuivre l'allaitement \u00e0 la reprise du travail. Elle a r\u00e9ussi \u00e0 tirer son lait gr\u00e2ce au soutien de son mari. Sa fille a choisi de ne plus t\u00e9ter \u00e0 7 mois, cela a \u00e9t\u00e9 dur pour Leslie qui ne s'y attendait pas.\",\"breadcrumb\":{\"@id\":\"https:\\\/\\\/www.lactissima.com\\\/a-tire-d-ailes\\\/allaiter-et-travailler-le-temoignage-de-leslie\\\/#breadcrumb\"},\"inLanguage\":\"fr-FR\",\"potentialAction\":[{\"@type\":\"ReadAction\",\"target\":[\"https:\\\/\\\/www.lactissima.com\\\/a-tire-d-ailes\\\/allaiter-et-travailler-le-temoignage-de-leslie\\\/\"]}]},{\"@type\":\"ImageObject\",\"inLanguage\":\"fr-FR\",\"@id\":\"https:\\\/\\\/www.lactissima.com\\\/a-tire-d-ailes\\\/allaiter-et-travailler-le-temoignage-de-leslie\\\/#primaryimage\",\"url\":\"https:\\\/\\\/www.lactissima.com\\\/a-tire-d-ailes\\\/wp-content\\\/uploads\\\/2011\\\/06\\\/tirer-du-lait.jpg\",\"contentUrl\":\"https:\\\/\\\/www.lactissima.com\\\/a-tire-d-ailes\\\/wp-content\\\/uploads\\\/2011\\\/06\\\/tirer-du-lait.jpg\",\"width\":256,\"height\":384,\"caption\":\"tirer du lait\"},{\"@type\":\"BreadcrumbList\",\"@id\":\"https:\\\/\\\/www.lactissima.com\\\/a-tire-d-ailes\\\/allaiter-et-travailler-le-temoignage-de-leslie\\\/#breadcrumb\",\"itemListElement\":[{\"@type\":\"ListItem\",\"position\":1,\"name\":\"Accueil\",\"item\":\"https:\\\/\\\/www.lactissima.com\\\/a-tire-d-ailes\\\/\"},{\"@type\":\"ListItem\",\"position\":2,\"name\":\"Allaiter et travailler : le t\u00e9moignage de Leslie\"}]},{\"@type\":\"WebSite\",\"@id\":\"https:\\\/\\\/www.lactissima.com\\\/a-tire-d-ailes\\\/#website\",\"url\":\"https:\\\/\\\/www.lactissima.com\\\/a-tire-d-ailes\\\/\",\"name\":\"A tire d&#039;Ailes\",\"description\":\"Le blog des femmes qui allaitent et travaillent.\",\"potentialAction\":[{\"@type\":\"SearchAction\",\"target\":{\"@type\":\"EntryPoint\",\"urlTemplate\":\"https:\\\/\\\/www.lactissima.com\\\/a-tire-d-ailes\\\/?s={search_term_string}\"},\"query-input\":{\"@type\":\"PropertyValueSpecification\",\"valueRequired\":true,\"valueName\":\"search_term_string\"}}],\"inLanguage\":\"fr-FR\"},{\"@type\":\"Person\",\"@id\":\"https:\\\/\\\/www.lactissima.com\\\/a-tire-d-ailes\\\/#\\\/schema\\\/person\\\/8f98d3a89530861bc1240e6d53d44eed\",\"name\":\"V\u00e9ronique Darmangeat\",\"image\":{\"@type\":\"ImageObject\",\"inLanguage\":\"fr-FR\",\"@id\":\"https:\\\/\\\/secure.gravatar.com\\\/avatar\\\/268c99344c89cebfe4f5df5fa8be43068a18884fc76a29f3206fae98465b9cab?s=96&d=identicon&r=g\",\"url\":\"https:\\\/\\\/secure.gravatar.com\\\/avatar\\\/268c99344c89cebfe4f5df5fa8be43068a18884fc76a29f3206fae98465b9cab?s=96&d=identicon&r=g\",\"contentUrl\":\"https:\\\/\\\/secure.gravatar.com\\\/avatar\\\/268c99344c89cebfe4f5df5fa8be43068a18884fc76a29f3206fae98465b9cab?s=96&d=identicon&r=g\",\"caption\":\"V\u00e9ronique Darmangeat\"},\"sameAs\":[\"https:\\\/\\\/www.lactissima.com\\\/a-tire-d-ailes\",\"www.facebook.com\\\/consultante.en.lactation\"]}]}<\/script>\n<!-- \/ Yoast SEO plugin. -->","yoast_head_json":{"title":"Allaiter et travailler : le t\u00e9moignage de Leslie","description":"Leslie a choisi de poursuivre l'allaitement \u00e0 la reprise du travail. Elle a r\u00e9ussi \u00e0 tirer son lait gr\u00e2ce au soutien de son mari. Sa fille a choisi de ne plus t\u00e9ter \u00e0 7 mois, cela a \u00e9t\u00e9 dur pour Leslie qui ne s'y attendait pas.","robots":{"index":"index","follow":"follow","max-snippet":"max-snippet:-1","max-image-preview":"max-image-preview:large","max-video-preview":"max-video-preview:-1"},"canonical":"https:\/\/www.lactissima.com\/a-tire-d-ailes\/allaiter-et-travailler-le-temoignage-de-leslie\/","og_locale":"fr_FR","og_type":"article","og_title":"Allaiter et travailler : le t\u00e9moignage de Leslie","og_description":"Leslie a choisi de poursuivre l'allaitement \u00e0 la reprise du travail. Elle a r\u00e9ussi \u00e0 tirer son lait gr\u00e2ce au soutien de son mari. Sa fille a choisi de ne plus t\u00e9ter \u00e0 7 mois, cela a \u00e9t\u00e9 dur pour Leslie qui ne s'y attendait pas.","og_url":"https:\/\/www.lactissima.com\/a-tire-d-ailes\/allaiter-et-travailler-le-temoignage-de-leslie\/","og_site_name":"A tire d&#039;Ailes","article_publisher":"https:\/\/www.facebook.com\/consultante.en.lactation","article_author":"www.facebook.com\/consultante.en.lactation","article_published_time":"2011-06-10T18:05:42+00:00","article_modified_time":"2014-03-15T14:51:41+00:00","og_image":[{"width":256,"height":384,"url":"https:\/\/www.lactissima.com\/a-tire-d-ailes\/wp-content\/uploads\/2011\/06\/tirer-du-lait.jpg","type":"image\/jpeg"}],"author":"V\u00e9ronique Darmangeat","twitter_card":"summary_large_image","twitter_creator":"@VeroniqueIBCLC","twitter_site":"@VeroniqueIBCLC","twitter_misc":{"\u00c9crit par":"V\u00e9ronique Darmangeat","Dur\u00e9e de lecture estim\u00e9e":"4 minutes"},"schema":{"@context":"https:\/\/schema.org","@graph":[{"@type":"Article","@id":"https:\/\/www.lactissima.com\/a-tire-d-ailes\/allaiter-et-travailler-le-temoignage-de-leslie\/#article","isPartOf":{"@id":"https:\/\/www.lactissima.com\/a-tire-d-ailes\/allaiter-et-travailler-le-temoignage-de-leslie\/"},"author":{"name":"V\u00e9ronique Darmangeat","@id":"https:\/\/www.lactissima.com\/a-tire-d-ailes\/#\/schema\/person\/8f98d3a89530861bc1240e6d53d44eed"},"headline":"Allaiter et travailler : le t\u00e9moignage de Leslie","datePublished":"2011-06-10T18:05:42+00:00","dateModified":"2014-03-15T14:51:41+00:00","mainEntityOfPage":{"@id":"https:\/\/www.lactissima.com\/a-tire-d-ailes\/allaiter-et-travailler-le-temoignage-de-leslie\/"},"wordCount":923,"commentCount":0,"image":{"@id":"https:\/\/www.lactissima.com\/a-tire-d-ailes\/allaiter-et-travailler-le-temoignage-de-leslie\/#primaryimage"},"thumbnailUrl":"https:\/\/www.lactissima.com\/a-tire-d-ailes\/wp-content\/uploads\/2011\/06\/tirer-du-lait.jpg","keywords":["conservation du lait","l'allaitement","Sevrage","soutien","stock de lait maternel","tire-lait","tirer mon lait"],"articleSection":["Allaitement et Travail","t\u00e9moignages"],"inLanguage":"fr-FR","potentialAction":[{"@type":"CommentAction","name":"Comment","target":["https:\/\/www.lactissima.com\/a-tire-d-ailes\/allaiter-et-travailler-le-temoignage-de-leslie\/#respond"]}]},{"@type":"WebPage","@id":"https:\/\/www.lactissima.com\/a-tire-d-ailes\/allaiter-et-travailler-le-temoignage-de-leslie\/","url":"https:\/\/www.lactissima.com\/a-tire-d-ailes\/allaiter-et-travailler-le-temoignage-de-leslie\/","name":"Allaiter et travailler : le t\u00e9moignage de Leslie","isPartOf":{"@id":"https:\/\/www.lactissima.com\/a-tire-d-ailes\/#website"},"primaryImageOfPage":{"@id":"https:\/\/www.lactissima.com\/a-tire-d-ailes\/allaiter-et-travailler-le-temoignage-de-leslie\/#primaryimage"},"image":{"@id":"https:\/\/www.lactissima.com\/a-tire-d-ailes\/allaiter-et-travailler-le-temoignage-de-leslie\/#primaryimage"},"thumbnailUrl":"https:\/\/www.lactissima.com\/a-tire-d-ailes\/wp-content\/uploads\/2011\/06\/tirer-du-lait.jpg","datePublished":"2011-06-10T18:05:42+00:00","dateModified":"2014-03-15T14:51:41+00:00","author":{"@id":"https:\/\/www.lactissima.com\/a-tire-d-ailes\/#\/schema\/person\/8f98d3a89530861bc1240e6d53d44eed"},"description":"Leslie a choisi de poursuivre l'allaitement \u00e0 la reprise du travail. Elle a r\u00e9ussi \u00e0 tirer son lait gr\u00e2ce au soutien de son mari. Sa fille a choisi de ne plus t\u00e9ter \u00e0 7 mois, cela a \u00e9t\u00e9 dur pour Leslie qui ne s'y attendait pas.","breadcrumb":{"@id":"https:\/\/www.lactissima.com\/a-tire-d-ailes\/allaiter-et-travailler-le-temoignage-de-leslie\/#breadcrumb"},"inLanguage":"fr-FR","potentialAction":[{"@type":"ReadAction","target":["https:\/\/www.lactissima.com\/a-tire-d-ailes\/allaiter-et-travailler-le-temoignage-de-leslie\/"]}]},{"@type":"ImageObject","inLanguage":"fr-FR","@id":"https:\/\/www.lactissima.com\/a-tire-d-ailes\/allaiter-et-travailler-le-temoignage-de-leslie\/#primaryimage","url":"https:\/\/www.lactissima.com\/a-tire-d-ailes\/wp-content\/uploads\/2011\/06\/tirer-du-lait.jpg","contentUrl":"https:\/\/www.lactissima.com\/a-tire-d-ailes\/wp-content\/uploads\/2011\/06\/tirer-du-lait.jpg","width":256,"height":384,"caption":"tirer du lait"},{"@type":"BreadcrumbList","@id":"https:\/\/www.lactissima.com\/a-tire-d-ailes\/allaiter-et-travailler-le-temoignage-de-leslie\/#breadcrumb","itemListElement":[{"@type":"ListItem","position":1,"name":"Accueil","item":"https:\/\/www.lactissima.com\/a-tire-d-ailes\/"},{"@type":"ListItem","position":2,"name":"Allaiter et travailler : le t\u00e9moignage de Leslie"}]},{"@type":"WebSite","@id":"https:\/\/www.lactissima.com\/a-tire-d-ailes\/#website","url":"https:\/\/www.lactissima.com\/a-tire-d-ailes\/","name":"A tire d&#039;Ailes","description":"Le blog des femmes qui allaitent et travaillent.","potentialAction":[{"@type":"SearchAction","target":{"@type":"EntryPoint","urlTemplate":"https:\/\/www.lactissima.com\/a-tire-d-ailes\/?s={search_term_string}"},"query-input":{"@type":"PropertyValueSpecification","valueRequired":true,"valueName":"search_term_string"}}],"inLanguage":"fr-FR"},{"@type":"Person","@id":"https:\/\/www.lactissima.com\/a-tire-d-ailes\/#\/schema\/person\/8f98d3a89530861bc1240e6d53d44eed","name":"V\u00e9ronique Darmangeat","image":{"@type":"ImageObject","inLanguage":"fr-FR","@id":"https:\/\/secure.gravatar.com\/avatar\/268c99344c89cebfe4f5df5fa8be43068a18884fc76a29f3206fae98465b9cab?s=96&d=identicon&r=g","url":"https:\/\/secure.gravatar.com\/avatar\/268c99344c89cebfe4f5df5fa8be43068a18884fc76a29f3206fae98465b9cab?s=96&d=identicon&r=g","contentUrl":"https:\/\/secure.gravatar.com\/avatar\/268c99344c89cebfe4f5df5fa8be43068a18884fc76a29f3206fae98465b9cab?s=96&d=identicon&r=g","caption":"V\u00e9ronique Darmangeat"},"sameAs":["https:\/\/www.lactissima.com\/a-tire-d-ailes","www.facebook.com\/consultante.en.lactation"]}]}},"_links":{"self":[{"href":"https:\/\/www.lactissima.com\/a-tire-d-ailes\/wp-json\/wp\/v2\/posts\/2193","targetHints":{"allow":["GET"]}}],"collection":[{"href":"https:\/\/www.lactissima.com\/a-tire-d-ailes\/wp-json\/wp\/v2\/posts"}],"about":[{"href":"https:\/\/www.lactissima.com\/a-tire-d-ailes\/wp-json\/wp\/v2\/types\/post"}],"author":[{"embeddable":true,"href":"https:\/\/www.lactissima.com\/a-tire-d-ailes\/wp-json\/wp\/v2\/users\/170"}],"replies":[{"embeddable":true,"href":"https:\/\/www.lactissima.com\/a-tire-d-ailes\/wp-json\/wp\/v2\/comments?post=2193"}],"version-history":[{"count":13,"href":"https:\/\/www.lactissima.com\/a-tire-d-ailes\/wp-json\/wp\/v2\/posts\/2193\/revisions"}],"predecessor-version":[{"id":5367,"href":"https:\/\/www.lactissima.com\/a-tire-d-ailes\/wp-json\/wp\/v2\/posts\/2193\/revisions\/5367"}],"wp:featuredmedia":[{"embeddable":true,"href":"https:\/\/www.lactissima.com\/a-tire-d-ailes\/wp-json\/wp\/v2\/media\/4492"}],"wp:attachment":[{"href":"https:\/\/www.lactissima.com\/a-tire-d-ailes\/wp-json\/wp\/v2\/media?parent=2193"}],"wp:term":[{"taxonomy":"category","embeddable":true,"href":"https:\/\/www.lactissima.com\/a-tire-d-ailes\/wp-json\/wp\/v2\/categories?post=2193"},{"taxonomy":"post_tag","embeddable":true,"href":"https:\/\/www.lactissima.com\/a-tire-d-ailes\/wp-json\/wp\/v2\/tags?post=2193"}],"curies":[{"name":"wp","href":"https:\/\/api.w.org\/{rel}","templated":true}]}}