{"id":2175,"date":"2011-05-27T14:56:11","date_gmt":"2011-05-27T12:56:11","guid":{"rendered":"https:\/\/www.lactissima.com\/a-tire-d-ailes\/?p=2175"},"modified":"2019-01-16T11:22:40","modified_gmt":"2019-01-16T10:22:40","slug":"allaiter-et-travailler-le-temoignage-de-gaelle","status":"publish","type":"post","link":"https:\/\/www.lactissima.com\/a-tire-d-ailes\/allaiter-et-travailler-le-temoignage-de-gaelle\/","title":{"rendered":"Allaiter et travailler : le t\u00e9moignage de Ga\u00c3\u00ablle"},"content":{"rendered":"<ul>\n<li style=\"text-align: justify;\"><strong><a href=\"https:\/\/www.lactissima.com\/a-tire-d-ailes\/wp-content\/uploads\/2011\/05\/tirer-le-lait.jpg\"><img loading=\"lazy\" decoding=\"async\" class=\"alignright size-full wp-image-4497\" alt=\"tirer le lait\" src=\"https:\/\/www.lactissima.com\/a-tire-d-ailes\/wp-content\/uploads\/2011\/05\/tirer-le-lait.jpg\" width=\"230\" height=\"307\" srcset=\"https:\/\/www.lactissima.com\/a-tire-d-ailes\/wp-content\/uploads\/2011\/05\/tirer-le-lait.jpg 230w, https:\/\/www.lactissima.com\/a-tire-d-ailes\/wp-content\/uploads\/2011\/05\/tirer-le-lait-224x300.jpg 224w\" sizes=\"(max-width: 230px) 100vw, 230px\" \/><\/a>Quel choix avez-vous fait au moment de la reprise du travail : sevrage ou poursuite de l&rsquo;allaitement ? Pourquoi ?<\/strong><\/li>\n<\/ul>\n<p style=\"text-align: justify;\">Pour moi la question ne se posait m\u00eame pas. J&rsquo;avais d\u00e9cid\u00e9 au d\u00e9but de ma grossesse d&rsquo;allaiter exclusivement mon b\u00e9b\u00e9 pendant au moins 6 mois et il n&rsquo;\u00e9tait pas question d&rsquo;arr\u00eater au moment de la reprise alors que <a title=\"l&#039;allaitement\" href=\"http:\/\/www.allaiteraparis.fr\/aide-allaitement\" target=\"_blank\">l&rsquo;allaitement<\/a> se passait bien et que je n&rsquo;\u00e9tais pas pour le lait artificiel.<\/p>\n<ul style=\"text-align: justify;\">\n<li><strong>Comment vous \u00eates-vous organis\u00e9e ?<\/strong><\/li>\n<\/ul>\n<p style=\"text-align: justify;\">Un mois avant la reprise du travail, j&rsquo;ai commenc\u00e9 \u00e0 <a title=\"Comment tirer son lait\" href=\"https:\/\/www.lactissima.com\/a-tire-d-ailes\/?p=1146\" target=\"_blank\">tirer mon lait<\/a> et mon mari donnait de temps en temps \u00e0 notre fille, un biberon de lait maternel pour qu&rsquo;elle s&rsquo;?habitue.<br \/>\nJ&rsquo;ai contact\u00e9 ma responsable administrative qui m&rsquo;a expliqu\u00e9 que le <a title=\"Et la loi ?\" href=\"https:\/\/www.lactissima.com\/a-tire-d-ailes\/?p=494\" target=\"_blank\">code du travail<\/a> pr\u00e9voit effectivement que la salari\u00e9e allaitant son enfant dispose d&rsquo;une heure par jour durant les heures de travail pendant un an, mais cela ne fait pas partie des dispositions appliqu\u00e9es dans la fonction publique. J&rsquo;ai quand m\u00eame d\u00e9cid\u00e9 de tirer mon lait sur mon temps de pause.<br \/>\nMa fille avait trois mois quand j&rsquo;ai repris le travail.<br \/>\nJ&rsquo;ai la chance d&rsquo;avoir des coll\u00e8gues compr\u00e9hensifs et un bureau seul dans lequel je m&rsquo;enferme 20 minutes le matin et l&rsquo;apr\u00e8s midi. Je parle tr\u00e8s ouvertement du fait que je tire mon lait et personne n&rsquo;a l&rsquo;air choqu\u00e9 ni surpris. J&rsquo;ai m\u00eame eu un petit surnom !<br \/>\nNous avons une <a title=\"10 trucs pour avoir de bonnes relations avec sa nounou...\" href=\"https:\/\/www.lactissima.com\/a-tire-d-ailes\/?p=1524\" target=\"_blank\">assistante maternelle<\/a> qui a accept\u00e9 d\u00e8s le d\u00e9but le lait maternel. Elle avait elle-m\u00eame allait\u00e9 ses enfants et comprenait que cela me tienne \u00e0 coeur.<\/p>\n<ul style=\"text-align: justify;\">\n<li><strong>Quelles ont \u00e9t\u00e9 vos principales difficult\u00e9s ?<\/strong><\/li>\n<\/ul>\n<p style=\"text-align: justify;\">Aucune grosse difficult\u00e9, juste par moment un peu de <a title=\"Poursuivre l'allaitement apr\u00e8s la reprise du travail, vous avez dit fatigant ?\" href=\"https:\/\/www.lactissima.com\/a-tire-d-ailes\/?p=183\" target=\"_blank\">fatigue<\/a>.<\/p>\n<ul style=\"text-align: justify;\">\n<li><strong>Quels ont \u00e9t\u00e9 vos meilleurs moments ?<\/strong><\/li>\n<\/ul>\n<p style=\"text-align: justify;\">Les t\u00e9t\u00e9es retrouvailles avec ma fille o\u00f9 elle me regarde et me fait de gros sourires.<br \/>\nCela me r\u00e9conforte dans ma d\u00e9cision et m&rsquo;encourage \u00e0 continuer.<br \/>\nJ&rsquo;aime la voir grandir et s&rsquo;\u00e9panouir un peu plus chaque jour.<br \/>\nJe remercie mon mari, mon entourage, l&rsquo;assistante maternelle et mes coll\u00e8gues pour le soutien qu&rsquo;ils m&rsquo;apportent au quotidien.<\/p>\n<ul style=\"text-align: justify;\">\n<li><strong>Qu&rsquo;est-ce que vous souhaiteriez dire aux mamans qui doivent faire un choix dans les semaines \u00e0 venir ?<\/strong><\/li>\n<\/ul>\n<p style=\"text-align: justify;\">ECOUTEZ VOUS et faites ce que vous bon vous semble. C&rsquo;est une d\u00e9cision qui vous appartient. N&rsquo;h\u00e9sitez pas \u00e0 en parler et \u00e0 vous renseigner aupr\u00e8s de <a title=\"consultante en lactation\" href=\"https:\/\/www.lactissima.com\/a-tire-d-ailes\/allaiter-et-travailler-le-temoignage-de-gaelle\" target=\"_blank\">consultante en lactation<\/a>, amies, parents.<br \/>\nLa fatigue \u00e9tant pr\u00e9sente, ce n&rsquo;est pas toujours facile de concilier allaitement et travail. Il faut le vouloir mais cela en vaut la peine et c&rsquo;est tr\u00e8s gratifiant !<\/p>\n<ul style=\"text-align: justify;\">\n<li><strong>Ce serait \u00e0 refaire, vous referiez le m\u00eame choix ? Que changeriez-vous ?<\/strong><\/li>\n<\/ul>\n<p style=\"text-align: justify;\">Je referais le m\u00eame choix. Je ne regrette pas, au contraire, j&rsquo;en suis tr\u00e8s fi\u00e8re quand je vois ma petite fille grandir et en bonne sant\u00e9. Cela n&rsquo;a jamais \u00e9t\u00e9 une contrainte, mais plut\u00f4t un geste naturel. Ma fille a maintenant 7 mois et je ne m&rsquo;imagine pas pour l&rsquo;instant arr\u00eater !<\/p>\n<p style=\"text-align: justify;\"><strong>Articles en rapport :<\/strong><\/p>\n<ul>\n<li style=\"text-align: justify;\">Voir l&rsquo;onglet <a href=\"https:\/\/www.lactissima.com\/a-tire-d-ailes\/?page_id=1179\" target=\"_blank\">t\u00e9moignages<\/a><\/li>\n<\/ul>\n<p>&nbsp;<\/p>\n","protected":false},"excerpt":{"rendered":"<p>Ga\u00c3\u00ablle a choisi de tirer son lait sur son lieu de travail bien qu&rsquo;on lui ai dit que ce n&rsquo;\u00e9tait pas possible. Elle a r\u00e9ussi et son b\u00e9b\u00e9 est toujours allait\u00e9.<\/p>\n","protected":false},"author":170,"featured_media":4497,"comment_status":"open","ping_status":"open","sticky":false,"template":"","format":"standard","meta":{"_et_pb_use_builder":"","_et_pb_old_content":"","_et_gb_content_width":"","footnotes":""},"categories":[36,150],"tags":[87,116,195,51,300,301],"class_list":["post-2175","post","type-post","status-publish","format-standard","has-post-thumbnail","hentry","category-allaitement-et-travail","category-temoignages","tag-assistante-maternelle","tag-code-du-travail","tag-consultante-en-lactation","tag-fatigue","tag-lallaitement","tag-tirer-mon-lait"],"yoast_head":"<!-- This site is optimized with the Yoast SEO plugin v27.4 - https:\/\/yoast.com\/product\/yoast-seo-wordpress\/ -->\n<title>Allaiter et travailler : le t\u00e9moignage de Ga\u00c3\u00ablle<\/title>\n<meta name=\"description\" content=\"Ga\u00c3\u00ablle a choisi de tirer son lait sur son lieu de travail bien qu&#039;on lui ai dit que ce n&#039;\u00e9tait pas possible. Elle a r\u00e9ussi et son b\u00e9b\u00e9 est toujours allait\u00e9.\" \/>\n<meta name=\"robots\" content=\"index, follow, max-snippet:-1, max-image-preview:large, max-video-preview:-1\" \/>\n<link rel=\"canonical\" href=\"https:\/\/www.lactissima.com\/a-tire-d-ailes\/allaiter-et-travailler-le-temoignage-de-gaelle\/\" \/>\n<meta property=\"og:locale\" content=\"fr_FR\" \/>\n<meta property=\"og:type\" content=\"article\" \/>\n<meta property=\"og:title\" content=\"Allaiter et travailler : le t\u00e9moignage de Ga\u00c3\u00ablle\" \/>\n<meta property=\"og:description\" content=\"Ga\u00c3\u00ablle a choisi de tirer son lait sur son lieu de travail bien qu&#039;on lui ai dit que ce n&#039;\u00e9tait pas possible. Elle a r\u00e9ussi et son b\u00e9b\u00e9 est toujours allait\u00e9.\" \/>\n<meta property=\"og:url\" content=\"https:\/\/www.lactissima.com\/a-tire-d-ailes\/allaiter-et-travailler-le-temoignage-de-gaelle\/\" \/>\n<meta property=\"og:site_name\" content=\"A tire d&#039;Ailes\" \/>\n<meta property=\"article:publisher\" content=\"https:\/\/www.facebook.com\/consultante.en.lactation\" \/>\n<meta property=\"article:author\" content=\"www.facebook.com\/consultante.en.lactation\" \/>\n<meta property=\"article:published_time\" content=\"2011-05-27T12:56:11+00:00\" \/>\n<meta property=\"article:modified_time\" content=\"2019-01-16T10:22:40+00:00\" \/>\n<meta property=\"og:image\" content=\"https:\/\/www.lactissima.com\/a-tire-d-ailes\/wp-content\/uploads\/2011\/05\/tirer-le-lait.jpg\" \/>\n\t<meta property=\"og:image:width\" content=\"230\" \/>\n\t<meta property=\"og:image:height\" content=\"307\" \/>\n\t<meta property=\"og:image:type\" content=\"image\/jpeg\" \/>\n<meta name=\"author\" content=\"V\u00e9ronique Darmangeat\" \/>\n<meta name=\"twitter:card\" content=\"summary_large_image\" \/>\n<meta name=\"twitter:creator\" content=\"@VeroniqueIBCLC\" \/>\n<meta name=\"twitter:site\" content=\"@VeroniqueIBCLC\" \/>\n<meta name=\"twitter:label1\" content=\"\u00c9crit par\" \/>\n\t<meta name=\"twitter:data1\" content=\"V\u00e9ronique Darmangeat\" \/>\n\t<meta name=\"twitter:label2\" content=\"Dur\u00e9e de lecture estim\u00e9e\" \/>\n\t<meta name=\"twitter:data2\" content=\"3 minutes\" \/>\n<script type=\"application\/ld+json\" class=\"yoast-schema-graph\">{\"@context\":\"https:\\\/\\\/schema.org\",\"@graph\":[{\"@type\":\"Article\",\"@id\":\"https:\\\/\\\/www.lactissima.com\\\/a-tire-d-ailes\\\/allaiter-et-travailler-le-temoignage-de-gaelle\\\/#article\",\"isPartOf\":{\"@id\":\"https:\\\/\\\/www.lactissima.com\\\/a-tire-d-ailes\\\/allaiter-et-travailler-le-temoignage-de-gaelle\\\/\"},\"author\":{\"name\":\"V\u00e9ronique Darmangeat\",\"@id\":\"https:\\\/\\\/www.lactissima.com\\\/a-tire-d-ailes\\\/#\\\/schema\\\/person\\\/8f98d3a89530861bc1240e6d53d44eed\"},\"headline\":\"Allaiter et travailler : le t\u00e9moignage de Ga\u00c3\u00ablle\",\"datePublished\":\"2011-05-27T12:56:11+00:00\",\"dateModified\":\"2019-01-16T10:22:40+00:00\",\"mainEntityOfPage\":{\"@id\":\"https:\\\/\\\/www.lactissima.com\\\/a-tire-d-ailes\\\/allaiter-et-travailler-le-temoignage-de-gaelle\\\/\"},\"wordCount\":544,\"commentCount\":4,\"image\":{\"@id\":\"https:\\\/\\\/www.lactissima.com\\\/a-tire-d-ailes\\\/allaiter-et-travailler-le-temoignage-de-gaelle\\\/#primaryimage\"},\"thumbnailUrl\":\"https:\\\/\\\/www.lactissima.com\\\/a-tire-d-ailes\\\/wp-content\\\/uploads\\\/2011\\\/05\\\/tirer-le-lait.jpg\",\"keywords\":[\"assistante maternelle\",\"code du travail\",\"consultante en lactation\",\"fatigue\",\"l'allaitement\",\"tirer mon lait\"],\"articleSection\":[\"Allaitement et Travail\",\"t\u00e9moignages\"],\"inLanguage\":\"fr-FR\",\"potentialAction\":[{\"@type\":\"CommentAction\",\"name\":\"Comment\",\"target\":[\"https:\\\/\\\/www.lactissima.com\\\/a-tire-d-ailes\\\/allaiter-et-travailler-le-temoignage-de-gaelle\\\/#respond\"]}]},{\"@type\":\"WebPage\",\"@id\":\"https:\\\/\\\/www.lactissima.com\\\/a-tire-d-ailes\\\/allaiter-et-travailler-le-temoignage-de-gaelle\\\/\",\"url\":\"https:\\\/\\\/www.lactissima.com\\\/a-tire-d-ailes\\\/allaiter-et-travailler-le-temoignage-de-gaelle\\\/\",\"name\":\"Allaiter et travailler : le t\u00e9moignage de Ga\u00c3\u00ablle\",\"isPartOf\":{\"@id\":\"https:\\\/\\\/www.lactissima.com\\\/a-tire-d-ailes\\\/#website\"},\"primaryImageOfPage\":{\"@id\":\"https:\\\/\\\/www.lactissima.com\\\/a-tire-d-ailes\\\/allaiter-et-travailler-le-temoignage-de-gaelle\\\/#primaryimage\"},\"image\":{\"@id\":\"https:\\\/\\\/www.lactissima.com\\\/a-tire-d-ailes\\\/allaiter-et-travailler-le-temoignage-de-gaelle\\\/#primaryimage\"},\"thumbnailUrl\":\"https:\\\/\\\/www.lactissima.com\\\/a-tire-d-ailes\\\/wp-content\\\/uploads\\\/2011\\\/05\\\/tirer-le-lait.jpg\",\"datePublished\":\"2011-05-27T12:56:11+00:00\",\"dateModified\":\"2019-01-16T10:22:40+00:00\",\"author\":{\"@id\":\"https:\\\/\\\/www.lactissima.com\\\/a-tire-d-ailes\\\/#\\\/schema\\\/person\\\/8f98d3a89530861bc1240e6d53d44eed\"},\"description\":\"Ga\u00c3\u00ablle a choisi de tirer son lait sur son lieu de travail bien qu'on lui ai dit que ce n'\u00e9tait pas possible. Elle a r\u00e9ussi et son b\u00e9b\u00e9 est toujours allait\u00e9.\",\"breadcrumb\":{\"@id\":\"https:\\\/\\\/www.lactissima.com\\\/a-tire-d-ailes\\\/allaiter-et-travailler-le-temoignage-de-gaelle\\\/#breadcrumb\"},\"inLanguage\":\"fr-FR\",\"potentialAction\":[{\"@type\":\"ReadAction\",\"target\":[\"https:\\\/\\\/www.lactissima.com\\\/a-tire-d-ailes\\\/allaiter-et-travailler-le-temoignage-de-gaelle\\\/\"]}]},{\"@type\":\"ImageObject\",\"inLanguage\":\"fr-FR\",\"@id\":\"https:\\\/\\\/www.lactissima.com\\\/a-tire-d-ailes\\\/allaiter-et-travailler-le-temoignage-de-gaelle\\\/#primaryimage\",\"url\":\"https:\\\/\\\/www.lactissima.com\\\/a-tire-d-ailes\\\/wp-content\\\/uploads\\\/2011\\\/05\\\/tirer-le-lait.jpg\",\"contentUrl\":\"https:\\\/\\\/www.lactissima.com\\\/a-tire-d-ailes\\\/wp-content\\\/uploads\\\/2011\\\/05\\\/tirer-le-lait.jpg\",\"width\":230,\"height\":307,\"caption\":\"tirer le lait\"},{\"@type\":\"BreadcrumbList\",\"@id\":\"https:\\\/\\\/www.lactissima.com\\\/a-tire-d-ailes\\\/allaiter-et-travailler-le-temoignage-de-gaelle\\\/#breadcrumb\",\"itemListElement\":[{\"@type\":\"ListItem\",\"position\":1,\"name\":\"Accueil\",\"item\":\"https:\\\/\\\/www.lactissima.com\\\/a-tire-d-ailes\\\/\"},{\"@type\":\"ListItem\",\"position\":2,\"name\":\"Allaiter et travailler : le t\u00e9moignage de Ga\u00c3\u00ablle\"}]},{\"@type\":\"WebSite\",\"@id\":\"https:\\\/\\\/www.lactissima.com\\\/a-tire-d-ailes\\\/#website\",\"url\":\"https:\\\/\\\/www.lactissima.com\\\/a-tire-d-ailes\\\/\",\"name\":\"A tire d&#039;Ailes\",\"description\":\"Le blog des femmes qui allaitent et travaillent.\",\"potentialAction\":[{\"@type\":\"SearchAction\",\"target\":{\"@type\":\"EntryPoint\",\"urlTemplate\":\"https:\\\/\\\/www.lactissima.com\\\/a-tire-d-ailes\\\/?s={search_term_string}\"},\"query-input\":{\"@type\":\"PropertyValueSpecification\",\"valueRequired\":true,\"valueName\":\"search_term_string\"}}],\"inLanguage\":\"fr-FR\"},{\"@type\":\"Person\",\"@id\":\"https:\\\/\\\/www.lactissima.com\\\/a-tire-d-ailes\\\/#\\\/schema\\\/person\\\/8f98d3a89530861bc1240e6d53d44eed\",\"name\":\"V\u00e9ronique Darmangeat\",\"image\":{\"@type\":\"ImageObject\",\"inLanguage\":\"fr-FR\",\"@id\":\"https:\\\/\\\/secure.gravatar.com\\\/avatar\\\/268c99344c89cebfe4f5df5fa8be43068a18884fc76a29f3206fae98465b9cab?s=96&d=identicon&r=g\",\"url\":\"https:\\\/\\\/secure.gravatar.com\\\/avatar\\\/268c99344c89cebfe4f5df5fa8be43068a18884fc76a29f3206fae98465b9cab?s=96&d=identicon&r=g\",\"contentUrl\":\"https:\\\/\\\/secure.gravatar.com\\\/avatar\\\/268c99344c89cebfe4f5df5fa8be43068a18884fc76a29f3206fae98465b9cab?s=96&d=identicon&r=g\",\"caption\":\"V\u00e9ronique Darmangeat\"},\"sameAs\":[\"https:\\\/\\\/www.lactissima.com\\\/a-tire-d-ailes\",\"www.facebook.com\\\/consultante.en.lactation\"]}]}<\/script>\n<!-- \/ Yoast SEO plugin. -->","yoast_head_json":{"title":"Allaiter et travailler : le t\u00e9moignage de Ga\u00c3\u00ablle","description":"Ga\u00c3\u00ablle a choisi de tirer son lait sur son lieu de travail bien qu'on lui ai dit que ce n'\u00e9tait pas possible. Elle a r\u00e9ussi et son b\u00e9b\u00e9 est toujours allait\u00e9.","robots":{"index":"index","follow":"follow","max-snippet":"max-snippet:-1","max-image-preview":"max-image-preview:large","max-video-preview":"max-video-preview:-1"},"canonical":"https:\/\/www.lactissima.com\/a-tire-d-ailes\/allaiter-et-travailler-le-temoignage-de-gaelle\/","og_locale":"fr_FR","og_type":"article","og_title":"Allaiter et travailler : le t\u00e9moignage de Ga\u00c3\u00ablle","og_description":"Ga\u00c3\u00ablle a choisi de tirer son lait sur son lieu de travail bien qu'on lui ai dit que ce n'\u00e9tait pas possible. Elle a r\u00e9ussi et son b\u00e9b\u00e9 est toujours allait\u00e9.","og_url":"https:\/\/www.lactissima.com\/a-tire-d-ailes\/allaiter-et-travailler-le-temoignage-de-gaelle\/","og_site_name":"A tire d&#039;Ailes","article_publisher":"https:\/\/www.facebook.com\/consultante.en.lactation","article_author":"www.facebook.com\/consultante.en.lactation","article_published_time":"2011-05-27T12:56:11+00:00","article_modified_time":"2019-01-16T10:22:40+00:00","og_image":[{"width":230,"height":307,"url":"https:\/\/www.lactissima.com\/a-tire-d-ailes\/wp-content\/uploads\/2011\/05\/tirer-le-lait.jpg","type":"image\/jpeg"}],"author":"V\u00e9ronique Darmangeat","twitter_card":"summary_large_image","twitter_creator":"@VeroniqueIBCLC","twitter_site":"@VeroniqueIBCLC","twitter_misc":{"\u00c9crit par":"V\u00e9ronique Darmangeat","Dur\u00e9e de lecture estim\u00e9e":"3 minutes"},"schema":{"@context":"https:\/\/schema.org","@graph":[{"@type":"Article","@id":"https:\/\/www.lactissima.com\/a-tire-d-ailes\/allaiter-et-travailler-le-temoignage-de-gaelle\/#article","isPartOf":{"@id":"https:\/\/www.lactissima.com\/a-tire-d-ailes\/allaiter-et-travailler-le-temoignage-de-gaelle\/"},"author":{"name":"V\u00e9ronique Darmangeat","@id":"https:\/\/www.lactissima.com\/a-tire-d-ailes\/#\/schema\/person\/8f98d3a89530861bc1240e6d53d44eed"},"headline":"Allaiter et travailler : le t\u00e9moignage de Ga\u00c3\u00ablle","datePublished":"2011-05-27T12:56:11+00:00","dateModified":"2019-01-16T10:22:40+00:00","mainEntityOfPage":{"@id":"https:\/\/www.lactissima.com\/a-tire-d-ailes\/allaiter-et-travailler-le-temoignage-de-gaelle\/"},"wordCount":544,"commentCount":4,"image":{"@id":"https:\/\/www.lactissima.com\/a-tire-d-ailes\/allaiter-et-travailler-le-temoignage-de-gaelle\/#primaryimage"},"thumbnailUrl":"https:\/\/www.lactissima.com\/a-tire-d-ailes\/wp-content\/uploads\/2011\/05\/tirer-le-lait.jpg","keywords":["assistante maternelle","code du travail","consultante en lactation","fatigue","l'allaitement","tirer mon lait"],"articleSection":["Allaitement et Travail","t\u00e9moignages"],"inLanguage":"fr-FR","potentialAction":[{"@type":"CommentAction","name":"Comment","target":["https:\/\/www.lactissima.com\/a-tire-d-ailes\/allaiter-et-travailler-le-temoignage-de-gaelle\/#respond"]}]},{"@type":"WebPage","@id":"https:\/\/www.lactissima.com\/a-tire-d-ailes\/allaiter-et-travailler-le-temoignage-de-gaelle\/","url":"https:\/\/www.lactissima.com\/a-tire-d-ailes\/allaiter-et-travailler-le-temoignage-de-gaelle\/","name":"Allaiter et travailler : le t\u00e9moignage de Ga\u00c3\u00ablle","isPartOf":{"@id":"https:\/\/www.lactissima.com\/a-tire-d-ailes\/#website"},"primaryImageOfPage":{"@id":"https:\/\/www.lactissima.com\/a-tire-d-ailes\/allaiter-et-travailler-le-temoignage-de-gaelle\/#primaryimage"},"image":{"@id":"https:\/\/www.lactissima.com\/a-tire-d-ailes\/allaiter-et-travailler-le-temoignage-de-gaelle\/#primaryimage"},"thumbnailUrl":"https:\/\/www.lactissima.com\/a-tire-d-ailes\/wp-content\/uploads\/2011\/05\/tirer-le-lait.jpg","datePublished":"2011-05-27T12:56:11+00:00","dateModified":"2019-01-16T10:22:40+00:00","author":{"@id":"https:\/\/www.lactissima.com\/a-tire-d-ailes\/#\/schema\/person\/8f98d3a89530861bc1240e6d53d44eed"},"description":"Ga\u00c3\u00ablle a choisi de tirer son lait sur son lieu de travail bien qu'on lui ai dit que ce n'\u00e9tait pas possible. Elle a r\u00e9ussi et son b\u00e9b\u00e9 est toujours allait\u00e9.","breadcrumb":{"@id":"https:\/\/www.lactissima.com\/a-tire-d-ailes\/allaiter-et-travailler-le-temoignage-de-gaelle\/#breadcrumb"},"inLanguage":"fr-FR","potentialAction":[{"@type":"ReadAction","target":["https:\/\/www.lactissima.com\/a-tire-d-ailes\/allaiter-et-travailler-le-temoignage-de-gaelle\/"]}]},{"@type":"ImageObject","inLanguage":"fr-FR","@id":"https:\/\/www.lactissima.com\/a-tire-d-ailes\/allaiter-et-travailler-le-temoignage-de-gaelle\/#primaryimage","url":"https:\/\/www.lactissima.com\/a-tire-d-ailes\/wp-content\/uploads\/2011\/05\/tirer-le-lait.jpg","contentUrl":"https:\/\/www.lactissima.com\/a-tire-d-ailes\/wp-content\/uploads\/2011\/05\/tirer-le-lait.jpg","width":230,"height":307,"caption":"tirer le lait"},{"@type":"BreadcrumbList","@id":"https:\/\/www.lactissima.com\/a-tire-d-ailes\/allaiter-et-travailler-le-temoignage-de-gaelle\/#breadcrumb","itemListElement":[{"@type":"ListItem","position":1,"name":"Accueil","item":"https:\/\/www.lactissima.com\/a-tire-d-ailes\/"},{"@type":"ListItem","position":2,"name":"Allaiter et travailler : le t\u00e9moignage de Ga\u00c3\u00ablle"}]},{"@type":"WebSite","@id":"https:\/\/www.lactissima.com\/a-tire-d-ailes\/#website","url":"https:\/\/www.lactissima.com\/a-tire-d-ailes\/","name":"A tire d&#039;Ailes","description":"Le blog des femmes qui allaitent et travaillent.","potentialAction":[{"@type":"SearchAction","target":{"@type":"EntryPoint","urlTemplate":"https:\/\/www.lactissima.com\/a-tire-d-ailes\/?s={search_term_string}"},"query-input":{"@type":"PropertyValueSpecification","valueRequired":true,"valueName":"search_term_string"}}],"inLanguage":"fr-FR"},{"@type":"Person","@id":"https:\/\/www.lactissima.com\/a-tire-d-ailes\/#\/schema\/person\/8f98d3a89530861bc1240e6d53d44eed","name":"V\u00e9ronique Darmangeat","image":{"@type":"ImageObject","inLanguage":"fr-FR","@id":"https:\/\/secure.gravatar.com\/avatar\/268c99344c89cebfe4f5df5fa8be43068a18884fc76a29f3206fae98465b9cab?s=96&d=identicon&r=g","url":"https:\/\/secure.gravatar.com\/avatar\/268c99344c89cebfe4f5df5fa8be43068a18884fc76a29f3206fae98465b9cab?s=96&d=identicon&r=g","contentUrl":"https:\/\/secure.gravatar.com\/avatar\/268c99344c89cebfe4f5df5fa8be43068a18884fc76a29f3206fae98465b9cab?s=96&d=identicon&r=g","caption":"V\u00e9ronique Darmangeat"},"sameAs":["https:\/\/www.lactissima.com\/a-tire-d-ailes","www.facebook.com\/consultante.en.lactation"]}]}},"_links":{"self":[{"href":"https:\/\/www.lactissima.com\/a-tire-d-ailes\/wp-json\/wp\/v2\/posts\/2175","targetHints":{"allow":["GET"]}}],"collection":[{"href":"https:\/\/www.lactissima.com\/a-tire-d-ailes\/wp-json\/wp\/v2\/posts"}],"about":[{"href":"https:\/\/www.lactissima.com\/a-tire-d-ailes\/wp-json\/wp\/v2\/types\/post"}],"author":[{"embeddable":true,"href":"https:\/\/www.lactissima.com\/a-tire-d-ailes\/wp-json\/wp\/v2\/users\/170"}],"replies":[{"embeddable":true,"href":"https:\/\/www.lactissima.com\/a-tire-d-ailes\/wp-json\/wp\/v2\/comments?post=2175"}],"version-history":[{"count":11,"href":"https:\/\/www.lactissima.com\/a-tire-d-ailes\/wp-json\/wp\/v2\/posts\/2175\/revisions"}],"predecessor-version":[{"id":7990,"href":"https:\/\/www.lactissima.com\/a-tire-d-ailes\/wp-json\/wp\/v2\/posts\/2175\/revisions\/7990"}],"wp:featuredmedia":[{"embeddable":true,"href":"https:\/\/www.lactissima.com\/a-tire-d-ailes\/wp-json\/wp\/v2\/media\/4497"}],"wp:attachment":[{"href":"https:\/\/www.lactissima.com\/a-tire-d-ailes\/wp-json\/wp\/v2\/media?parent=2175"}],"wp:term":[{"taxonomy":"category","embeddable":true,"href":"https:\/\/www.lactissima.com\/a-tire-d-ailes\/wp-json\/wp\/v2\/categories?post=2175"},{"taxonomy":"post_tag","embeddable":true,"href":"https:\/\/www.lactissima.com\/a-tire-d-ailes\/wp-json\/wp\/v2\/tags?post=2175"}],"curies":[{"name":"wp","href":"https:\/\/api.w.org\/{rel}","templated":true}]}}