{"id":2148,"date":"2011-05-14T13:37:36","date_gmt":"2011-05-14T11:37:36","guid":{"rendered":"https:\/\/www.lactissima.com\/a-tire-d-ailes\/?p=2148"},"modified":"2019-01-18T09:36:39","modified_gmt":"2019-01-18T08:36:39","slug":"allaiter-et-travailler-le-temoignage-de-marina","status":"publish","type":"post","link":"https:\/\/www.lactissima.com\/a-tire-d-ailes\/allaiter-et-travailler-le-temoignage-de-marina\/","title":{"rendered":"Allaiter et travailler : le t\u00e9moignage de Marina"},"content":{"rendered":"<ul>\n<li style=\"text-align: justify;\"><strong><a href=\"https:\/\/www.lactissima.com\/a-tire-d-ailes\/wp-content\/uploads\/travail-allaitement.jpg\"><img loading=\"lazy\" decoding=\"async\" class=\"alignright size-full wp-image-2152\" title=\"travail et allaitement\" alt=\"\" src=\"https:\/\/www.lactissima.com\/a-tire-d-ailes\/wp-content\/uploads\/travail-allaitement.jpg\" width=\"345\" height=\"259\" srcset=\"https:\/\/www.lactissima.com\/a-tire-d-ailes\/wp-content\/uploads\/travail-allaitement.jpg 448w, https:\/\/www.lactissima.com\/a-tire-d-ailes\/wp-content\/uploads\/travail-allaitement-300x224.jpg 300w\" sizes=\"(max-width: 345px) 100vw, 345px\" \/><\/a>Quel choix avez-vous fait au moment de la reprise du travail : sevrage ou poursuite de l&rsquo;allaitement ? Pourquoi ?<\/strong><\/li>\n<\/ul>\n<p style=\"text-align: justify;\">J&rsquo;ai appris ma grossesse pendant que nous \u00e9tions en cr\u00e9ation d&rsquo;entreprise (d\u00e9p\u00f4t vente sp\u00e9cialis\u00e9 en v\u00eatements d&rsquo;enfants). Je savais que mon cong\u00e9 maternit\u00e9 serait court, mais je tenais \u00e0 <a title=\"allaiter\" href=\"http:\/\/www.allaiteraparis.fr\" target=\"_blank\">allaiter <\/a>Ambre tant que cela nous conviendrait \u00e0 toutes les deux.<\/p>\n<p style=\"text-align: justify;\"><a title=\"L&#039;allaitement\" href=\"http:\/\/www.allaiteraparis.fr\/aide-allaitement\" target=\"_blank\">L&rsquo;allaitement<\/a> a toujours \u00e9t\u00e9 une \u00e9vidence pour moi, et j&rsquo;avais beaucoup souffert de ne pas r\u00e9ussir \u00e0 allaiter son grand fr\u00e8re, malgr\u00e9 toute l&rsquo;aide que j&rsquo;avais \u00e0 l&rsquo;\u00e9poque (sage femme pro allaitement, association Allo Allaitement 44, le lactarium de Nantes&#8230;).<\/p>\n<p style=\"text-align: justify;\">C&rsquo;est pourquoi j&rsquo;ai donc d\u00e9cid\u00e9 de l&rsquo;amener avec moi au magasin (je travaille seule) dans un premier temps, et de <a title=\"Comment tirer son lait\" href=\"https:\/\/www.lactissima.com\/a-tire-d-ailes\/?p=1146\" target=\"_blank\">tirer mon lait<\/a> lorsqu&rsquo;elle serait gard\u00e9e.<\/p>\n<ul style=\"text-align: justify;\">\n<li><strong>Comment vous \u00eates-vous organis\u00e9e ?<\/strong><\/li>\n<\/ul>\n<p style=\"text-align: justify;\">J&rsquo;avais am\u00e9nag\u00e9 un petit coin un peu \u00e0 l&rsquo;\u00e9cart, avec un berceau, au magasin pour les siestes de ma puce. Je n&rsquo;avais pas de fauteuil ou d&rsquo;endroit o\u00f9 me poser \u00e0 l&rsquo;aise pour l&rsquo;allaiter, c&rsquo;\u00e9tait donc, tout simplement, sur ma chaise de bureau devant le pc&#8230;. Il m&rsquo;est souvent arriv\u00e9e de l&rsquo;allaiter devant des clients, c&rsquo;est quelque chose qui ne m&rsquo;a jamais g\u00ean\u00e9e, car je m&rsquo;arrangeais pour que mes v\u00eatements permettent d&rsquo;allaiter \u00ab\u00a0discr\u00e8tement\u00a0\u00bb (pour info, je n&rsquo;ai pas achet\u00e9 de v\u00eatements sp\u00e9cial allaitement- \u00e0 part la lingerie, juste quelques d\u00e9bardeurs et cache-coeur).<\/p>\n<p style=\"text-align: justify;\">Ambre a \u00e9t\u00e9 gard\u00e9e en nourrice \u00e0 partir de 3 mois. Elle avait d\u00e9j\u00e0 pris quelques biberons avec ma m\u00e8re, je savais donc que \u00e7a n&rsquo;\u00e9tait pas un probl\u00e8me. J&rsquo;ai commenc\u00e9 \u00e0 tirer mon lait \u00e0 ce moment l\u00e0 .<\/p>\n<p style=\"text-align: justify;\">Je tirais mon lait 5 fois par jour&#8230; le matin avec elle sur l&rsquo;autre sein, dans la matin\u00e9e au magasin, le midi chez mes parents, dans l&rsquo;apr\u00e8s-midi au magasin, et le soir pendant qu&rsquo;elle dormait.<\/p>\n<ul style=\"text-align: justify;\">\n<li><strong>Quelles ont \u00e9t\u00e9 vos principales difficult\u00e9s ?<\/strong><\/li>\n<\/ul>\n<p style=\"text-align: justify;\">Les \u00ab\u00a0s\u00e9ances tirage\u00a0\u00bb au magasin \u00e9taient assez p\u00e9nibles. Je laissais le magasin ouvert, je tirais mon lait dans la r\u00e9serve en guettant si personne n&rsquo;arrivait&#8230; J&rsquo;ai rapidement eu du mal \u00e0 tirer en quantit\u00e9 suffisante, malgr\u00e9 le tire-lait double pompage, et j&rsquo;en suis venue au lait artificiel en compl\u00e9ment.<\/p>\n<ul style=\"text-align: justify;\">\n<li><strong>Quels ont \u00e9t\u00e9 vos meilleurs moments ?<\/strong><\/li>\n<\/ul>\n<p style=\"text-align: justify;\">Il y a les t\u00e9t\u00e9es nocturnes o\u00f9, malgr\u00e9 la fatigue, je fonds de voir ma puce se rendormir contre moi.<\/p>\n<p style=\"text-align: justify;\">Il y a indiscutablement la t\u00e9t\u00e9e de retrouvailles, celle o\u00f9 elle n&rsquo;a de cesse de r\u00e2ler tant que je ne lui donne pas le sein.<\/p>\n<p style=\"text-align: justify;\">Il y a aussi tous ces moments durant la t\u00e9t\u00e9e o\u00f9 Ambre commence \u00e0 me regarder, me sourire et fini par s&rsquo;arr\u00eater de t\u00e9ter pour me faire de grands sourires, jouer avec mes cheveux, mon visage&#8230;. ou regarder son p\u00e8re et lui faire de grands \u00e9clats de rire !<\/p>\n<ul style=\"text-align: justify;\">\n<li><strong>Qu&rsquo;est-ce que vous souhaiteriez dire aux mamans qui doivent faire un choix dans les semaines \u00e0 venir ?<\/strong><\/li>\n<\/ul>\n<p style=\"text-align: justify;\">Que cela vaut vraiment le coup d&rsquo;essayer, au moins essayer. <a title=\"Faire du stock de lait.\" href=\"https:\/\/www.lactissima.com\/a-tire-d-ailes\/?p=1321\" target=\"_blank\">Tirer son lait<\/a> peut \u00eatre contraignant, mais cela permet de conserver ces moments privil\u00e9gi\u00e9s avec son enfant. Et plus on avance dans l&rsquo;allaitement, plus il y a de moments complices avec son b\u00e9b\u00e9&#8230;. Et de bien s&rsquo;entourer, d&rsquo;\u00eatre soutenue.<\/p>\n<ul style=\"text-align: justify;\">\n<li><strong>Ce serait \u00e0 refaire, vous referiez le m\u00eame choix ? Que changeriez-vous ?<\/strong><\/li>\n<\/ul>\n<p style=\"text-align: justify;\">Sans h\u00e9sitation, je referais de m\u00eame&#8230; enfin, si je pouvais, je prendrais un vrai cong\u00e9 maternit\u00e9, voire m\u00eame un cong\u00e9 parental&#8230; Et si je pouvais, j&rsquo;essayerais de moins me prendre la t\u00eate avec les quantit\u00e9s de lait tir\u00e9es&#8230;<\/p>\n<p style=\"text-align: justify;\">Aujourd&rsquo;hui, Ambre a 6 mois pass\u00e9s, je l&rsquo;allaite toujours matin, soir et nuit (elle r\u00e9clame encore une t\u00e9t\u00e9e, c&rsquo;est raisonnable je trouve). Vers ses 5 mois j&rsquo;ai stopp\u00e9 tous les tirages sauf celui du midi, que je viens de supprimer.<\/p>\n<p style=\"text-align: justify;\">J&rsquo;esp\u00e8re que nous pourrons conserver encore quelque temps les t\u00e9t\u00e9es du matin et du soir, je ne suis pas encore pr\u00eate \u00e0 la sevrer totalement.<\/p>\n<p style=\"text-align: justify;\"><strong>Articles en rapport :<\/strong><\/p>\n<ul>\n<li style=\"text-align: justify;\">Voir l&rsquo;onglet <a href=\"https:\/\/www.lactissima.com\/a-tire-d-ailes\/?page_id=1179\" target=\"_blank\">t\u00e9moignages<\/a><\/li>\n<\/ul>\n<p>&nbsp;<\/p>\n","protected":false},"excerpt":{"rendered":"<p>Marina a choisi d&rsquo;amener son b\u00e9b\u00e9 avec elle dans sa boutique pour pouvoir poursuivre l&rsquo;allaitement \u00e0 la reprise du travail.<\/p>\n","protected":false},"author":170,"featured_media":2152,"comment_status":"open","ping_status":"open","sticky":false,"template":"","format":"standard","meta":{"_et_pb_use_builder":"","_et_pb_old_content":"","_et_gb_content_width":"","footnotes":""},"categories":[36,150],"tags":[112,300,301,72],"class_list":["post-2148","post","type-post","status-publish","format-standard","has-post-thumbnail","hentry","category-allaitement-et-travail","category-temoignages","tag-allaiter","tag-lallaitement","tag-tirer-mon-lait","tag-tirer-son-lait"],"yoast_head":"<!-- This site is optimized with the Yoast SEO plugin v27.4 - https:\/\/yoast.com\/product\/yoast-seo-wordpress\/ -->\n<title>Allaiter et travailler : le t\u00e9moignage de Marina<\/title>\n<meta name=\"description\" content=\"Marina a choisi d&#039;amener son b\u00e9b\u00e9 avec elle dans sa boutique pour pouvoir poursuivre l&#039;allaitement \u00e0 la reprise du travail.\" \/>\n<meta name=\"robots\" content=\"index, follow, max-snippet:-1, max-image-preview:large, max-video-preview:-1\" \/>\n<link rel=\"canonical\" href=\"https:\/\/www.lactissima.com\/a-tire-d-ailes\/allaiter-et-travailler-le-temoignage-de-marina\/\" \/>\n<meta property=\"og:locale\" content=\"fr_FR\" \/>\n<meta property=\"og:type\" content=\"article\" \/>\n<meta property=\"og:title\" content=\"Allaiter et travailler : le t\u00e9moignage de Marina\" \/>\n<meta property=\"og:description\" content=\"Marina a choisi d&#039;amener son b\u00e9b\u00e9 avec elle dans sa boutique pour pouvoir poursuivre l&#039;allaitement \u00e0 la reprise du travail.\" \/>\n<meta property=\"og:url\" content=\"https:\/\/www.lactissima.com\/a-tire-d-ailes\/allaiter-et-travailler-le-temoignage-de-marina\/\" \/>\n<meta property=\"og:site_name\" content=\"A tire d&#039;Ailes\" \/>\n<meta property=\"article:publisher\" content=\"https:\/\/www.facebook.com\/consultante.en.lactation\" \/>\n<meta property=\"article:author\" content=\"www.facebook.com\/consultante.en.lactation\" \/>\n<meta property=\"article:published_time\" content=\"2011-05-14T11:37:36+00:00\" \/>\n<meta property=\"article:modified_time\" content=\"2019-01-18T08:36:39+00:00\" \/>\n<meta property=\"og:image\" content=\"https:\/\/www.lactissima.com\/a-tire-d-ailes\/wp-content\/uploads\/travail-allaitement.jpg\" \/>\n\t<meta property=\"og:image:width\" content=\"448\" \/>\n\t<meta property=\"og:image:height\" content=\"336\" \/>\n\t<meta property=\"og:image:type\" content=\"image\/jpeg\" \/>\n<meta name=\"author\" content=\"V\u00e9ronique Darmangeat\" \/>\n<meta name=\"twitter:card\" content=\"summary_large_image\" \/>\n<meta name=\"twitter:creator\" content=\"@VeroniqueIBCLC\" \/>\n<meta name=\"twitter:site\" content=\"@VeroniqueIBCLC\" \/>\n<meta name=\"twitter:label1\" content=\"\u00c9crit par\" \/>\n\t<meta name=\"twitter:data1\" content=\"V\u00e9ronique Darmangeat\" \/>\n\t<meta name=\"twitter:label2\" content=\"Dur\u00e9e de lecture estim\u00e9e\" \/>\n\t<meta name=\"twitter:data2\" content=\"3 minutes\" \/>\n<script type=\"application\/ld+json\" class=\"yoast-schema-graph\">{\"@context\":\"https:\\\/\\\/schema.org\",\"@graph\":[{\"@type\":\"Article\",\"@id\":\"https:\\\/\\\/www.lactissima.com\\\/a-tire-d-ailes\\\/allaiter-et-travailler-le-temoignage-de-marina\\\/#article\",\"isPartOf\":{\"@id\":\"https:\\\/\\\/www.lactissima.com\\\/a-tire-d-ailes\\\/allaiter-et-travailler-le-temoignage-de-marina\\\/\"},\"author\":{\"name\":\"V\u00e9ronique Darmangeat\",\"@id\":\"https:\\\/\\\/www.lactissima.com\\\/a-tire-d-ailes\\\/#\\\/schema\\\/person\\\/8f98d3a89530861bc1240e6d53d44eed\"},\"headline\":\"Allaiter et travailler : le t\u00e9moignage de Marina\",\"datePublished\":\"2011-05-14T11:37:36+00:00\",\"dateModified\":\"2019-01-18T08:36:39+00:00\",\"mainEntityOfPage\":{\"@id\":\"https:\\\/\\\/www.lactissima.com\\\/a-tire-d-ailes\\\/allaiter-et-travailler-le-temoignage-de-marina\\\/\"},\"wordCount\":730,\"commentCount\":0,\"image\":{\"@id\":\"https:\\\/\\\/www.lactissima.com\\\/a-tire-d-ailes\\\/allaiter-et-travailler-le-temoignage-de-marina\\\/#primaryimage\"},\"thumbnailUrl\":\"https:\\\/\\\/www.lactissima.com\\\/a-tire-d-ailes\\\/wp-content\\\/uploads\\\/travail-allaitement.jpg\",\"keywords\":[\"allaiter\",\"l'allaitement\",\"tirer mon lait\",\"tirer son lait\"],\"articleSection\":[\"Allaitement et Travail\",\"t\u00e9moignages\"],\"inLanguage\":\"fr-FR\",\"potentialAction\":[{\"@type\":\"CommentAction\",\"name\":\"Comment\",\"target\":[\"https:\\\/\\\/www.lactissima.com\\\/a-tire-d-ailes\\\/allaiter-et-travailler-le-temoignage-de-marina\\\/#respond\"]}]},{\"@type\":\"WebPage\",\"@id\":\"https:\\\/\\\/www.lactissima.com\\\/a-tire-d-ailes\\\/allaiter-et-travailler-le-temoignage-de-marina\\\/\",\"url\":\"https:\\\/\\\/www.lactissima.com\\\/a-tire-d-ailes\\\/allaiter-et-travailler-le-temoignage-de-marina\\\/\",\"name\":\"Allaiter et travailler : le t\u00e9moignage de Marina\",\"isPartOf\":{\"@id\":\"https:\\\/\\\/www.lactissima.com\\\/a-tire-d-ailes\\\/#website\"},\"primaryImageOfPage\":{\"@id\":\"https:\\\/\\\/www.lactissima.com\\\/a-tire-d-ailes\\\/allaiter-et-travailler-le-temoignage-de-marina\\\/#primaryimage\"},\"image\":{\"@id\":\"https:\\\/\\\/www.lactissima.com\\\/a-tire-d-ailes\\\/allaiter-et-travailler-le-temoignage-de-marina\\\/#primaryimage\"},\"thumbnailUrl\":\"https:\\\/\\\/www.lactissima.com\\\/a-tire-d-ailes\\\/wp-content\\\/uploads\\\/travail-allaitement.jpg\",\"datePublished\":\"2011-05-14T11:37:36+00:00\",\"dateModified\":\"2019-01-18T08:36:39+00:00\",\"author\":{\"@id\":\"https:\\\/\\\/www.lactissima.com\\\/a-tire-d-ailes\\\/#\\\/schema\\\/person\\\/8f98d3a89530861bc1240e6d53d44eed\"},\"description\":\"Marina a choisi d'amener son b\u00e9b\u00e9 avec elle dans sa boutique pour pouvoir poursuivre l'allaitement \u00e0 la reprise du travail.\",\"breadcrumb\":{\"@id\":\"https:\\\/\\\/www.lactissima.com\\\/a-tire-d-ailes\\\/allaiter-et-travailler-le-temoignage-de-marina\\\/#breadcrumb\"},\"inLanguage\":\"fr-FR\",\"potentialAction\":[{\"@type\":\"ReadAction\",\"target\":[\"https:\\\/\\\/www.lactissima.com\\\/a-tire-d-ailes\\\/allaiter-et-travailler-le-temoignage-de-marina\\\/\"]}]},{\"@type\":\"ImageObject\",\"inLanguage\":\"fr-FR\",\"@id\":\"https:\\\/\\\/www.lactissima.com\\\/a-tire-d-ailes\\\/allaiter-et-travailler-le-temoignage-de-marina\\\/#primaryimage\",\"url\":\"https:\\\/\\\/www.lactissima.com\\\/a-tire-d-ailes\\\/wp-content\\\/uploads\\\/travail-allaitement.jpg\",\"contentUrl\":\"https:\\\/\\\/www.lactissima.com\\\/a-tire-d-ailes\\\/wp-content\\\/uploads\\\/travail-allaitement.jpg\",\"width\":\"448\",\"height\":\"336\"},{\"@type\":\"BreadcrumbList\",\"@id\":\"https:\\\/\\\/www.lactissima.com\\\/a-tire-d-ailes\\\/allaiter-et-travailler-le-temoignage-de-marina\\\/#breadcrumb\",\"itemListElement\":[{\"@type\":\"ListItem\",\"position\":1,\"name\":\"Accueil\",\"item\":\"https:\\\/\\\/www.lactissima.com\\\/a-tire-d-ailes\\\/\"},{\"@type\":\"ListItem\",\"position\":2,\"name\":\"Allaiter et travailler : le t\u00e9moignage de Marina\"}]},{\"@type\":\"WebSite\",\"@id\":\"https:\\\/\\\/www.lactissima.com\\\/a-tire-d-ailes\\\/#website\",\"url\":\"https:\\\/\\\/www.lactissima.com\\\/a-tire-d-ailes\\\/\",\"name\":\"A tire d&#039;Ailes\",\"description\":\"Le blog des femmes qui allaitent et travaillent.\",\"potentialAction\":[{\"@type\":\"SearchAction\",\"target\":{\"@type\":\"EntryPoint\",\"urlTemplate\":\"https:\\\/\\\/www.lactissima.com\\\/a-tire-d-ailes\\\/?s={search_term_string}\"},\"query-input\":{\"@type\":\"PropertyValueSpecification\",\"valueRequired\":true,\"valueName\":\"search_term_string\"}}],\"inLanguage\":\"fr-FR\"},{\"@type\":\"Person\",\"@id\":\"https:\\\/\\\/www.lactissima.com\\\/a-tire-d-ailes\\\/#\\\/schema\\\/person\\\/8f98d3a89530861bc1240e6d53d44eed\",\"name\":\"V\u00e9ronique Darmangeat\",\"image\":{\"@type\":\"ImageObject\",\"inLanguage\":\"fr-FR\",\"@id\":\"https:\\\/\\\/secure.gravatar.com\\\/avatar\\\/268c99344c89cebfe4f5df5fa8be43068a18884fc76a29f3206fae98465b9cab?s=96&d=identicon&r=g\",\"url\":\"https:\\\/\\\/secure.gravatar.com\\\/avatar\\\/268c99344c89cebfe4f5df5fa8be43068a18884fc76a29f3206fae98465b9cab?s=96&d=identicon&r=g\",\"contentUrl\":\"https:\\\/\\\/secure.gravatar.com\\\/avatar\\\/268c99344c89cebfe4f5df5fa8be43068a18884fc76a29f3206fae98465b9cab?s=96&d=identicon&r=g\",\"caption\":\"V\u00e9ronique Darmangeat\"},\"sameAs\":[\"https:\\\/\\\/www.lactissima.com\\\/a-tire-d-ailes\",\"www.facebook.com\\\/consultante.en.lactation\"]}]}<\/script>\n<!-- \/ Yoast SEO plugin. -->","yoast_head_json":{"title":"Allaiter et travailler : le t\u00e9moignage de Marina","description":"Marina a choisi d'amener son b\u00e9b\u00e9 avec elle dans sa boutique pour pouvoir poursuivre l'allaitement \u00e0 la reprise du travail.","robots":{"index":"index","follow":"follow","max-snippet":"max-snippet:-1","max-image-preview":"max-image-preview:large","max-video-preview":"max-video-preview:-1"},"canonical":"https:\/\/www.lactissima.com\/a-tire-d-ailes\/allaiter-et-travailler-le-temoignage-de-marina\/","og_locale":"fr_FR","og_type":"article","og_title":"Allaiter et travailler : le t\u00e9moignage de Marina","og_description":"Marina a choisi d'amener son b\u00e9b\u00e9 avec elle dans sa boutique pour pouvoir poursuivre l'allaitement \u00e0 la reprise du travail.","og_url":"https:\/\/www.lactissima.com\/a-tire-d-ailes\/allaiter-et-travailler-le-temoignage-de-marina\/","og_site_name":"A tire d&#039;Ailes","article_publisher":"https:\/\/www.facebook.com\/consultante.en.lactation","article_author":"www.facebook.com\/consultante.en.lactation","article_published_time":"2011-05-14T11:37:36+00:00","article_modified_time":"2019-01-18T08:36:39+00:00","og_image":[{"width":448,"height":336,"url":"https:\/\/www.lactissima.com\/a-tire-d-ailes\/wp-content\/uploads\/travail-allaitement.jpg","type":"image\/jpeg"}],"author":"V\u00e9ronique Darmangeat","twitter_card":"summary_large_image","twitter_creator":"@VeroniqueIBCLC","twitter_site":"@VeroniqueIBCLC","twitter_misc":{"\u00c9crit par":"V\u00e9ronique Darmangeat","Dur\u00e9e de lecture estim\u00e9e":"3 minutes"},"schema":{"@context":"https:\/\/schema.org","@graph":[{"@type":"Article","@id":"https:\/\/www.lactissima.com\/a-tire-d-ailes\/allaiter-et-travailler-le-temoignage-de-marina\/#article","isPartOf":{"@id":"https:\/\/www.lactissima.com\/a-tire-d-ailes\/allaiter-et-travailler-le-temoignage-de-marina\/"},"author":{"name":"V\u00e9ronique Darmangeat","@id":"https:\/\/www.lactissima.com\/a-tire-d-ailes\/#\/schema\/person\/8f98d3a89530861bc1240e6d53d44eed"},"headline":"Allaiter et travailler : le t\u00e9moignage de Marina","datePublished":"2011-05-14T11:37:36+00:00","dateModified":"2019-01-18T08:36:39+00:00","mainEntityOfPage":{"@id":"https:\/\/www.lactissima.com\/a-tire-d-ailes\/allaiter-et-travailler-le-temoignage-de-marina\/"},"wordCount":730,"commentCount":0,"image":{"@id":"https:\/\/www.lactissima.com\/a-tire-d-ailes\/allaiter-et-travailler-le-temoignage-de-marina\/#primaryimage"},"thumbnailUrl":"https:\/\/www.lactissima.com\/a-tire-d-ailes\/wp-content\/uploads\/travail-allaitement.jpg","keywords":["allaiter","l'allaitement","tirer mon lait","tirer son lait"],"articleSection":["Allaitement et Travail","t\u00e9moignages"],"inLanguage":"fr-FR","potentialAction":[{"@type":"CommentAction","name":"Comment","target":["https:\/\/www.lactissima.com\/a-tire-d-ailes\/allaiter-et-travailler-le-temoignage-de-marina\/#respond"]}]},{"@type":"WebPage","@id":"https:\/\/www.lactissima.com\/a-tire-d-ailes\/allaiter-et-travailler-le-temoignage-de-marina\/","url":"https:\/\/www.lactissima.com\/a-tire-d-ailes\/allaiter-et-travailler-le-temoignage-de-marina\/","name":"Allaiter et travailler : le t\u00e9moignage de Marina","isPartOf":{"@id":"https:\/\/www.lactissima.com\/a-tire-d-ailes\/#website"},"primaryImageOfPage":{"@id":"https:\/\/www.lactissima.com\/a-tire-d-ailes\/allaiter-et-travailler-le-temoignage-de-marina\/#primaryimage"},"image":{"@id":"https:\/\/www.lactissima.com\/a-tire-d-ailes\/allaiter-et-travailler-le-temoignage-de-marina\/#primaryimage"},"thumbnailUrl":"https:\/\/www.lactissima.com\/a-tire-d-ailes\/wp-content\/uploads\/travail-allaitement.jpg","datePublished":"2011-05-14T11:37:36+00:00","dateModified":"2019-01-18T08:36:39+00:00","author":{"@id":"https:\/\/www.lactissima.com\/a-tire-d-ailes\/#\/schema\/person\/8f98d3a89530861bc1240e6d53d44eed"},"description":"Marina a choisi d'amener son b\u00e9b\u00e9 avec elle dans sa boutique pour pouvoir poursuivre l'allaitement \u00e0 la reprise du travail.","breadcrumb":{"@id":"https:\/\/www.lactissima.com\/a-tire-d-ailes\/allaiter-et-travailler-le-temoignage-de-marina\/#breadcrumb"},"inLanguage":"fr-FR","potentialAction":[{"@type":"ReadAction","target":["https:\/\/www.lactissima.com\/a-tire-d-ailes\/allaiter-et-travailler-le-temoignage-de-marina\/"]}]},{"@type":"ImageObject","inLanguage":"fr-FR","@id":"https:\/\/www.lactissima.com\/a-tire-d-ailes\/allaiter-et-travailler-le-temoignage-de-marina\/#primaryimage","url":"https:\/\/www.lactissima.com\/a-tire-d-ailes\/wp-content\/uploads\/travail-allaitement.jpg","contentUrl":"https:\/\/www.lactissima.com\/a-tire-d-ailes\/wp-content\/uploads\/travail-allaitement.jpg","width":"448","height":"336"},{"@type":"BreadcrumbList","@id":"https:\/\/www.lactissima.com\/a-tire-d-ailes\/allaiter-et-travailler-le-temoignage-de-marina\/#breadcrumb","itemListElement":[{"@type":"ListItem","position":1,"name":"Accueil","item":"https:\/\/www.lactissima.com\/a-tire-d-ailes\/"},{"@type":"ListItem","position":2,"name":"Allaiter et travailler : le t\u00e9moignage de Marina"}]},{"@type":"WebSite","@id":"https:\/\/www.lactissima.com\/a-tire-d-ailes\/#website","url":"https:\/\/www.lactissima.com\/a-tire-d-ailes\/","name":"A tire d&#039;Ailes","description":"Le blog des femmes qui allaitent et travaillent.","potentialAction":[{"@type":"SearchAction","target":{"@type":"EntryPoint","urlTemplate":"https:\/\/www.lactissima.com\/a-tire-d-ailes\/?s={search_term_string}"},"query-input":{"@type":"PropertyValueSpecification","valueRequired":true,"valueName":"search_term_string"}}],"inLanguage":"fr-FR"},{"@type":"Person","@id":"https:\/\/www.lactissima.com\/a-tire-d-ailes\/#\/schema\/person\/8f98d3a89530861bc1240e6d53d44eed","name":"V\u00e9ronique Darmangeat","image":{"@type":"ImageObject","inLanguage":"fr-FR","@id":"https:\/\/secure.gravatar.com\/avatar\/268c99344c89cebfe4f5df5fa8be43068a18884fc76a29f3206fae98465b9cab?s=96&d=identicon&r=g","url":"https:\/\/secure.gravatar.com\/avatar\/268c99344c89cebfe4f5df5fa8be43068a18884fc76a29f3206fae98465b9cab?s=96&d=identicon&r=g","contentUrl":"https:\/\/secure.gravatar.com\/avatar\/268c99344c89cebfe4f5df5fa8be43068a18884fc76a29f3206fae98465b9cab?s=96&d=identicon&r=g","caption":"V\u00e9ronique Darmangeat"},"sameAs":["https:\/\/www.lactissima.com\/a-tire-d-ailes","www.facebook.com\/consultante.en.lactation"]}]}},"_links":{"self":[{"href":"https:\/\/www.lactissima.com\/a-tire-d-ailes\/wp-json\/wp\/v2\/posts\/2148","targetHints":{"allow":["GET"]}}],"collection":[{"href":"https:\/\/www.lactissima.com\/a-tire-d-ailes\/wp-json\/wp\/v2\/posts"}],"about":[{"href":"https:\/\/www.lactissima.com\/a-tire-d-ailes\/wp-json\/wp\/v2\/types\/post"}],"author":[{"embeddable":true,"href":"https:\/\/www.lactissima.com\/a-tire-d-ailes\/wp-json\/wp\/v2\/users\/170"}],"replies":[{"embeddable":true,"href":"https:\/\/www.lactissima.com\/a-tire-d-ailes\/wp-json\/wp\/v2\/comments?post=2148"}],"version-history":[{"count":15,"href":"https:\/\/www.lactissima.com\/a-tire-d-ailes\/wp-json\/wp\/v2\/posts\/2148\/revisions"}],"predecessor-version":[{"id":8002,"href":"https:\/\/www.lactissima.com\/a-tire-d-ailes\/wp-json\/wp\/v2\/posts\/2148\/revisions\/8002"}],"wp:featuredmedia":[{"embeddable":true,"href":"https:\/\/www.lactissima.com\/a-tire-d-ailes\/wp-json\/wp\/v2\/media\/2152"}],"wp:attachment":[{"href":"https:\/\/www.lactissima.com\/a-tire-d-ailes\/wp-json\/wp\/v2\/media?parent=2148"}],"wp:term":[{"taxonomy":"category","embeddable":true,"href":"https:\/\/www.lactissima.com\/a-tire-d-ailes\/wp-json\/wp\/v2\/categories?post=2148"},{"taxonomy":"post_tag","embeddable":true,"href":"https:\/\/www.lactissima.com\/a-tire-d-ailes\/wp-json\/wp\/v2\/tags?post=2148"}],"curies":[{"name":"wp","href":"https:\/\/api.w.org\/{rel}","templated":true}]}}