{"id":2129,"date":"2011-05-06T16:30:12","date_gmt":"2011-05-06T14:30:12","guid":{"rendered":"https:\/\/www.lactissima.com\/a-tire-d-ailes\/?p=2129"},"modified":"2019-01-16T11:23:37","modified_gmt":"2019-01-16T10:23:37","slug":"allaiter-et-travailler-le-temoignage-de-prune","status":"publish","type":"post","link":"https:\/\/www.lactissima.com\/a-tire-d-ailes\/allaiter-et-travailler-le-temoignage-de-prune\/","title":{"rendered":"Allaiter et travailler : le t\u00e9moignage de Prune"},"content":{"rendered":"<ul>\n<li style=\"text-align: justify;\"><strong><a href=\"https:\/\/www.lactissima.com\/a-tire-d-ailes\/wp-content\/uploads\/refus-du-biberon1.jpg\"><img loading=\"lazy\" decoding=\"async\" class=\"alignright size-full wp-image-2132\" title=\"refus biberon\" alt=\"\" src=\"https:\/\/www.lactissima.com\/a-tire-d-ailes\/wp-content\/uploads\/refus-du-biberon1.jpg\" width=\"336\" height=\"448\" srcset=\"https:\/\/www.lactissima.com\/a-tire-d-ailes\/wp-content\/uploads\/refus-du-biberon1.jpg 336w, https:\/\/www.lactissima.com\/a-tire-d-ailes\/wp-content\/uploads\/refus-du-biberon1-224x300.jpg 224w\" sizes=\"(max-width: 336px) 100vw, 336px\" \/><\/a>Quel choix avez-vous fait au moment de lareprise du travail : sevrage ou poursuite de l&rsquo;allaitement ? Pourquoi ?<\/strong><\/li>\n<\/ul>\n<p style=\"text-align: justify;\">Lorsque j&rsquo;avais repris le travail pour ma premi\u00e8re fille en 2008, elle avait 3 mois 1\/2 et je n&rsquo;arrivais pas \u00e0 me r\u00e9soudre \u00e0 la sevrer ou m\u00eame \u00e0 passer \u00e0 l&rsquo;<a title=\"allaitement mixte\" href=\"https:\/\/www.lactissima.com\/a-tire-d-ailes\/?p=398\" target=\"_blank\">allaitement mixte<\/a> avant les 6 mois recommand\u00e9s. J&rsquo;ai donc tir\u00e9 mon lait jusqu&rsquo;\u00e0 ses 9 mois puis continu\u00e9 de l&rsquo;allaiter sans tirer jusqu&rsquo;\u00e0 ses 18 mois. Ca a \u00e9t\u00e9 une chouette exp\u00e9rience, m\u00eame si c&rsquo;\u00e9tait contraignant d&rsquo;un point de vue logistique et parfois stressant car j&rsquo;avais du mal \u00e0 tirer suffisamment pour couvrir ses besoins toujours plus importants en lait.<\/p>\n<p style=\"text-align: justify;\">Pour la naissance de ma seconde fille Violette, j&rsquo;ai quitt\u00e9 mon boulot pour reprendre des \u00e9tudes. J&rsquo;ai \u00e9t\u00e9 en cong\u00e9 de sa naissance \u00e0 ses 7 mois, p\u00e9riode de la rentr\u00e9e scolaire.<\/p>\n<p style=\"text-align: justify;\">Pour moi, les conditions \u00e9taient id\u00e9ales pour poursuivre un <a title=\"allaitement maternel\" href=\"http:\/\/www.allaiteraparis.fr\/aide-allaitement\" target=\"_blank\">allaitement <\/a>\u00e0 la reprise des cours : un rythme moins soutenu pour moi, des journ\u00e9es de garde plus courtes pour Violette donc moins de repas \u00e0 fournir, la diversification d\u00e9j\u00e0 bien amorc\u00e9e&#8230;<\/p>\n<ul style=\"text-align: justify;\">\n<li><strong>Comment vous \u00eates-vous organis\u00e9e ?<\/strong><\/li>\n<\/ul>\n<p style=\"text-align: justify;\">J&rsquo;ai tir\u00e9 mon lait tr\u00e8s \u00e0 l&rsquo;avance et je l&rsquo;ai congel\u00e9, pour compenser d&rsquo;\u00e9ventuelles baisses de tirage et me sentir plus zen. J&rsquo;avais d\u00e9j\u00e0 tout le mat\u00e9riel n\u00e9cessaire de mon premier allaitement : <a title=\"tire-lait\" href=\"https:\/\/www.lactissima.com\/a-tire-d-ailes\/?p=56\" target=\"_blank\">tire-lait<\/a> double pompage Ameda, bustier mains libres, de quoi transporter, conserver et faire donner mon lait&#8230;<\/p>\n<p style=\"text-align: justify;\">Comme mon lieu de formation est \u00e0 5 minutes de chez moi, je rentre d\u00e9jeuner \u00e0 la maison donc je pensais tirer mon lait \u00e0 ce moment l\u00e0 , \u00e9tant donn\u00e9 que sur place il n&rsquo;y a pas vraiment d&rsquo;endroit o\u00f9 s&rsquo;isoler \u00e0 part des toilettes pas tr\u00e8s confortables.<\/p>\n<ul style=\"text-align: justify;\">\n<li><strong>Quelles ont \u00e9t\u00e9 vos principales difficult\u00e9s ?<\/strong><\/li>\n<\/ul>\n<p style=\"text-align: justify;\">Pendant mon cong\u00e9, j&rsquo;ai tent\u00e9 plusieurs fois de laisser Violette en garde avec une tasse ou un biberon de mon lait tir\u00e9, comme je l&rsquo;avais fait pour sa soeur. Surprise&#8230; elle n&rsquo;en voulait pas ! Au d\u00e9but j&rsquo;\u00e9tais confiante, je me disais qu&rsquo;on avait le temps de l&rsquo;habituer, que ma reprise \u00e9tait loin&#8230; les mois passaient et l&rsquo;\u00e9ch\u00e9ance de la rentr\u00e9e approchait, elle ne buvait toujours rien en mon absence.<\/p>\n<p style=\"text-align: justify;\">Je l&rsquo;ai laiss\u00e9e \u00e0 son p\u00e8re, \u00e0 ma m\u00e8re, \u00e0 une baby sitter, rien \u00e0 faire&#8230; On a essay\u00e9 d&rsquo;autres contenants : \u00e0 la pipette, au verre, avec diff\u00e9rentes marques de tasse \u00e0 bec et m\u00eame des biberons (\u00e0 ce stade, je n&rsquo;\u00e9tais plus tellement pr\u00e9occup\u00e9e par la confusion sein-t\u00e9tine !!!). J&rsquo;ai aussi essay\u00e9 vers 5-6 mois de lui donner du lait sous forme solide, des bouillies \u00e0 base de c\u00e9r\u00e9ales infantiles, ou mon lait g\u00e9lifi\u00e9 avec de l&rsquo;agar-agar, sans succ\u00e8s \u00e9galement. Parfois elle prenait son mal en patience, parfois elle hurlait de rage jusqu&rsquo;\u00e0 ce que je rentre&#8230;<\/p>\n<p style=\"text-align: justify;\">J&rsquo;ai re\u00e7u beaucoup de conseils contradictoires, du \u00a0\u00bb il faut absolument lui donner tous les jours le biberon jusqu&rsquo;\u00e0 ce qu&rsquo;elle l&rsquo;accepte \u00a0\u00bb au \u00a0\u00bb ne t&rsquo;en occupe pas, c&rsquo;est le probl\u00e8me de la nounou, quand tu seras vraiment partie pour la journ\u00e9e \u00e7a se passera tr\u00e8s bien \u00ab\u00a0. Quelqu&rsquo;un m&rsquo;a m\u00eame sugg\u00e9r\u00e9 de la laisser tout un week-end, alors qu&rsquo;elle n&rsquo;\u00e9tait pas encore diversifi\u00e9e, argumentant que si elle \u00e9tait vraiment affam\u00e9e, elle finirait par boire ce qu&rsquo;on lui proposait, j&rsquo;\u00e9tais juste horrifi\u00e9e !!!<\/p>\n<p style=\"text-align: justify;\">A quelques semaines de la reprise, j&rsquo;ai essay\u00e9 de lui <a title=\"donner un biberon\" href=\"https:\/\/www.lactissima.com\/a-tire-d-ailes\/?p=596\" target=\"_blank\">donner un biberon<\/a> de mon lait tir\u00e9 \u00e0 l&rsquo;heure o\u00f9 elle l&rsquo;aurait chez la nounou, \u00e0 la place de la t\u00e9t\u00e9e, rien \u00e0 faire. Violette attendait juste patiemment la t\u00e9t\u00e9e suivante. Finalement je me suis dit que comme elle commen\u00e7ait \u00e0 \u00eatre diversifi\u00e9e, on s&rsquo;en sortirait avec des pur\u00e9es, compotes et laitages.<\/p>\n<p style=\"text-align: justify;\">L&rsquo;adaptation chez la nounou a \u00e9t\u00e9 catastrophique. Non seulement elle ne voulait toujours pas boire de lait au biberon, ou quelque soit le contenant, mais elle refusait aussi toute nourriture solide, qu&rsquo;elle mangeait pourtant bien \u00e0 la maison. Elle pleurait tout le temps, semblait ne pas vouloir que sa nounou s&rsquo;occupe d&rsquo;elle. Les jours passaient, la reprise approchait, et \u00e7a ne se passait toujours pas bien. La nounou a fini par penser que notre fille l&rsquo;avait prise en grippe.<\/p>\n<p style=\"text-align: justify;\">Au niveau prise alimentaire, on ne s&rsquo;est pas trop inqui\u00e9t\u00e9 au d\u00e9but car elle restait chez la nounou quelques heures seulement. Mais au fur et \u00e0 mesure que les plages de garde s&rsquo;allongeaient, l&rsquo;assistante maternelle s&rsquo;est inqui\u00e9t\u00e9e du fait qu&rsquo;elle ne s&rsquo;alimente pas, et qu&rsquo;elle ne boive pas du tout, ni lait ni eau. Apparemment la PMI ici conseille aux assistantes maternelles de refuser de garder les b\u00e9b\u00e9s ne s&rsquo;alimentant pas en garde, \u00e0 cause des risques de d\u00e9shydratation. Cela me paraissait un peu excessif vu la dur\u00e9e de la garde (7 heures maximum) et la saison, mais bon&#8230;<\/p>\n<p style=\"text-align: justify;\">Apr\u00e8s 3 semaines d&rsquo;adaptation et trois jour avant ma reprise, l&rsquo;assistante maternelle nous a inform\u00e9 que si les choses ne s&rsquo;arrangeaient pas rapidement elle ne garderait plus Violette. Panique \u00e0 la maison, sachant que nos deux filles \u00e9taient chez cette nounou, et que le mois d&rsquo;octobre n&rsquo;est pas le plus propice pour trouver au pied lev\u00e9 une assistante maternelle disposant de 2 places vacantes. Au fond de moi, j&rsquo;\u00e9tais persuad\u00e9e que ce n&rsquo;\u00e9tait pas un probl\u00e8me de personne mais d&rsquo;acceptation de ma reprise pour Violette. Donc \u00e7a m&rsquo;inqui\u00e9tait de lui imposer un changement de nounou, j&rsquo;\u00e9tais persuad\u00e9e que \u00e7a ne pouvait qu&rsquo;\u00eatre pire.<\/p>\n<p style=\"text-align: justify;\">Toute la p\u00e9riode d&rsquo;incertitude a \u00e9t\u00e9 tr\u00e8s difficile : changer de nounou ou pas ? Remettre en cause mon projet de formation ou pas ? Sachant que je ne pouvais pas repousser, juste abandonner mon projet&#8230;<\/p>\n<p style=\"text-align: justify;\">Nous nous sommes quand m\u00eame mis \u00e0 la recherche d&rsquo;une nouvelle nounou, et en parall\u00e8le nous avons sollicit\u00e9 ma m\u00e8re pour qu&rsquo;elle vienne garder nos filles par 1\/2 journ\u00e9es, de mani\u00e8re \u00e0 ce que notre nounou n&rsquo;ait pas \u00e0 supporter de trop longues plages avec un b\u00e9b\u00e9 hurlant, parce qu&rsquo;effectivement je comprends que cela ait \u00e9t\u00e9 tr\u00e8s \u00e9prouvant pour elle. Avec ma m\u00e8re, \u00e7a se passait mieux et Violette prenait des repas solides. Tant bien que mal, cette organisation a tenu un peu plus de 3 semaines&#8230; Et du jour au lendemain, \u00e7a s&rsquo;est arrang\u00e9 chez la nounou. Elle a cess\u00e9 de pleurer, s&rsquo;est mise \u00e0 manger ses pur\u00e9es et compotes, et nous avons conserv\u00e9 la m\u00eame nounou. Aujourd&rsquo;hui tout se passe vraiment bien chez elle.<\/p>\n<ul style=\"text-align: justify;\">\n<li><strong>Quels ont \u00e9t\u00e9 vos meilleurs moments ?<\/strong><\/li>\n<\/ul>\n<p style=\"text-align: justify;\">Une fois le stress de l&rsquo;adaptation pass\u00e9, j&rsquo;ai vraiment appr\u00e9ci\u00e9 le fait de poursuivre mon allaitement sans aucune contrainte : je suis l\u00e0 , ma fille t\u00e8te, je ne suis pas l\u00e0 , elle mange autre chose. Je n&rsquo;ai pas \u00e0 tirer mon lait, donc pas de mat\u00e9riel \u00e0 laver, pas de biberons \u00e0 pr\u00e9parer, pas de stress sur les quantit\u00e9s, je n&rsquo;ai pas non plus besoin d&rsquo;acheter du lait 2\u00e8me \u00e2ge ou de croissance&#8230; Aujourd&rsquo;hui ma fille a 14 mois, elle t\u00e8te toujours matin, go\u00fbter (je la r\u00e9cup\u00e8re vers 16h30) et soir les jours de semaine, et parfois un peu plus le week-end ou pendant les vacances.<\/p>\n<ul style=\"text-align: justify;\">\n<li><strong>Qu&rsquo;est-ce que vous souhaiteriez dire aux mamans qui doivent faire un choix dans les semaines \u00e0 venir ?<\/strong><\/li>\n<\/ul>\n<p style=\"text-align: justify;\">Je pense qu&rsquo;il faut choisir la solution que l&rsquo;on \u00ab\u00a0sent\u00a0\u00bb le plus, et se faire confiance&#8230; Continuer \u00e0 allaiter apr\u00e8s la reprise du travail, il faut le faire par envie et non par contrainte, sinon ce n&rsquo;est pas vivable. Mais l&rsquo;envie fait d\u00e9placer des montagnes ! Pour ma fille a\u00een\u00e9e, on m&rsquo;a beaucoup dit que j&rsquo;\u00e9tais folle, et que j&rsquo;allais m&rsquo;\u00e9puiser ou baisser les bras tr\u00e8s vite devant la difficult\u00e9, \u00e7a n&rsquo;a pas \u00e9t\u00e9 le cas. Et cette exp\u00e9rience positive m&rsquo;a beaucoup aid\u00e9e lorsque j&rsquo;\u00e9tais en difficult\u00e9 avec ma seconde fille.<\/p>\n<ul style=\"text-align: justify;\">\n<li><strong>Ce serait \u00e0 refaire, vous referiez le m\u00eame choix ? Que changeriez-vous ?<\/strong><\/li>\n<\/ul>\n<p style=\"text-align: justify;\">Je ne sais pas si pour un 3\u00e8me b\u00e9b\u00e9 j&rsquo;aurais le courage de <a href=\"https:\/\/www.lactissima.com\/a-tire-d-ailes\/\" target=\"_blank\">reprendre le travail en allaitant<\/a> un b\u00e9b\u00e9 de moins de 6 mois, et donc beaucoup de biberons de lait \u00e0 fournir, et avec la crainte que comme Violette il refuse le lait en garde&#8230; Mais on verra en temps voulu&#8230;<\/p>\n<p style=\"text-align: justify;\">Pour Violette, je ne pense pas qu&rsquo;il \u00e9tait possible de faire quoi que ce soit diff\u00e9remment. Elle ne nous a pas laiss\u00e9 beaucoup de choix.<\/p>\n<p style=\"text-align: justify;\"><strong>Articles en rapport :<\/strong><\/p>\n<ul>\n<li style=\"text-align: justify;\">Voir l&rsquo;onglet <a href=\"https:\/\/www.lactissima.com\/a-tire-d-ailes\/?page_id=1179\" target=\"_blank\">t\u00e9moignages<\/a><\/li>\n<\/ul>\n<p>&nbsp;<\/p>\n","protected":false},"excerpt":{"rendered":"<p>Prune a choisi de poursuivre l&rsquo;allaitement \u00e0 la reprise du travail. Sa fille a pr\u00e9sent\u00e9 un refus du biberon et de manger de mani\u00e8re g\u00e9n\u00e9rale en son absence.<\/p>\n","protected":false},"author":170,"featured_media":2132,"comment_status":"open","ping_status":"open","sticky":false,"template":"","format":"standard","meta":{"_et_pb_use_builder":"","_et_pb_old_content":"","_et_gb_content_width":"","footnotes":""},"categories":[36,150],"tags":[680,89,298,299,57],"class_list":["post-2129","post","type-post","status-publish","format-standard","has-post-thumbnail","hentry","category-allaitement-et-travail","category-temoignages","tag-allaitement","tag-allaitement-mixte","tag-donner-un-biberon","tag-reprendre-le-travail-en-allaitant","tag-tire-lait"],"yoast_head":"<!-- This site is optimized with the Yoast SEO plugin v27.4 - https:\/\/yoast.com\/product\/yoast-seo-wordpress\/ -->\n<title>Allaiter et travailler : le t\u00e9moignage de Prune<\/title>\n<meta name=\"description\" content=\"Prune a choisi de poursuivre l&#039;allaitement \u00e0 la reprise du travail. Sa fille a pr\u00e9sent\u00e9 un refus du biberon et de manger de mani\u00e8re g\u00e9n\u00e9rale en son absence.\" \/>\n<meta name=\"robots\" content=\"index, follow, max-snippet:-1, max-image-preview:large, max-video-preview:-1\" \/>\n<link rel=\"canonical\" href=\"https:\/\/www.lactissima.com\/a-tire-d-ailes\/allaiter-et-travailler-le-temoignage-de-prune\/\" \/>\n<meta property=\"og:locale\" content=\"fr_FR\" \/>\n<meta property=\"og:type\" content=\"article\" \/>\n<meta property=\"og:title\" content=\"Allaiter et travailler : le t\u00e9moignage de Prune\" \/>\n<meta property=\"og:description\" content=\"Prune a choisi de poursuivre l&#039;allaitement \u00e0 la reprise du travail. Sa fille a pr\u00e9sent\u00e9 un refus du biberon et de manger de mani\u00e8re g\u00e9n\u00e9rale en son absence.\" \/>\n<meta property=\"og:url\" content=\"https:\/\/www.lactissima.com\/a-tire-d-ailes\/allaiter-et-travailler-le-temoignage-de-prune\/\" \/>\n<meta property=\"og:site_name\" content=\"A tire d&#039;Ailes\" \/>\n<meta property=\"article:publisher\" content=\"https:\/\/www.facebook.com\/consultante.en.lactation\" \/>\n<meta property=\"article:author\" content=\"www.facebook.com\/consultante.en.lactation\" \/>\n<meta property=\"article:published_time\" content=\"2011-05-06T14:30:12+00:00\" \/>\n<meta property=\"article:modified_time\" content=\"2019-01-16T10:23:37+00:00\" \/>\n<meta property=\"og:image\" content=\"https:\/\/www.lactissima.com\/a-tire-d-ailes\/wp-content\/uploads\/refus-du-biberon1.jpg\" \/>\n\t<meta property=\"og:image:width\" content=\"336\" \/>\n\t<meta property=\"og:image:height\" content=\"448\" \/>\n\t<meta property=\"og:image:type\" content=\"image\/jpeg\" \/>\n<meta name=\"author\" content=\"V\u00e9ronique Darmangeat\" \/>\n<meta name=\"twitter:card\" content=\"summary_large_image\" \/>\n<meta name=\"twitter:creator\" content=\"@VeroniqueIBCLC\" \/>\n<meta name=\"twitter:site\" content=\"@VeroniqueIBCLC\" \/>\n<meta name=\"twitter:label1\" content=\"\u00c9crit par\" \/>\n\t<meta name=\"twitter:data1\" content=\"V\u00e9ronique Darmangeat\" \/>\n\t<meta name=\"twitter:label2\" content=\"Dur\u00e9e de lecture estim\u00e9e\" \/>\n\t<meta name=\"twitter:data2\" content=\"7 minutes\" \/>\n<script type=\"application\/ld+json\" class=\"yoast-schema-graph\">{\"@context\":\"https:\\\/\\\/schema.org\",\"@graph\":[{\"@type\":\"Article\",\"@id\":\"https:\\\/\\\/www.lactissima.com\\\/a-tire-d-ailes\\\/allaiter-et-travailler-le-temoignage-de-prune\\\/#article\",\"isPartOf\":{\"@id\":\"https:\\\/\\\/www.lactissima.com\\\/a-tire-d-ailes\\\/allaiter-et-travailler-le-temoignage-de-prune\\\/\"},\"author\":{\"name\":\"V\u00e9ronique Darmangeat\",\"@id\":\"https:\\\/\\\/www.lactissima.com\\\/a-tire-d-ailes\\\/#\\\/schema\\\/person\\\/8f98d3a89530861bc1240e6d53d44eed\"},\"headline\":\"Allaiter et travailler : le t\u00e9moignage de Prune\",\"datePublished\":\"2011-05-06T14:30:12+00:00\",\"dateModified\":\"2019-01-16T10:23:37+00:00\",\"mainEntityOfPage\":{\"@id\":\"https:\\\/\\\/www.lactissima.com\\\/a-tire-d-ailes\\\/allaiter-et-travailler-le-temoignage-de-prune\\\/\"},\"wordCount\":1495,\"commentCount\":6,\"image\":{\"@id\":\"https:\\\/\\\/www.lactissima.com\\\/a-tire-d-ailes\\\/allaiter-et-travailler-le-temoignage-de-prune\\\/#primaryimage\"},\"thumbnailUrl\":\"https:\\\/\\\/www.lactissima.com\\\/a-tire-d-ailes\\\/wp-content\\\/uploads\\\/refus-du-biberon1.jpg\",\"keywords\":[\"Allaitement\",\"allaitement mixte\",\"donner un biberon\",\"reprendre le travail en allaitant\",\"tire-lait\"],\"articleSection\":[\"Allaitement et Travail\",\"t\u00e9moignages\"],\"inLanguage\":\"fr-FR\",\"potentialAction\":[{\"@type\":\"CommentAction\",\"name\":\"Comment\",\"target\":[\"https:\\\/\\\/www.lactissima.com\\\/a-tire-d-ailes\\\/allaiter-et-travailler-le-temoignage-de-prune\\\/#respond\"]}]},{\"@type\":\"WebPage\",\"@id\":\"https:\\\/\\\/www.lactissima.com\\\/a-tire-d-ailes\\\/allaiter-et-travailler-le-temoignage-de-prune\\\/\",\"url\":\"https:\\\/\\\/www.lactissima.com\\\/a-tire-d-ailes\\\/allaiter-et-travailler-le-temoignage-de-prune\\\/\",\"name\":\"Allaiter et travailler : le t\u00e9moignage de Prune\",\"isPartOf\":{\"@id\":\"https:\\\/\\\/www.lactissima.com\\\/a-tire-d-ailes\\\/#website\"},\"primaryImageOfPage\":{\"@id\":\"https:\\\/\\\/www.lactissima.com\\\/a-tire-d-ailes\\\/allaiter-et-travailler-le-temoignage-de-prune\\\/#primaryimage\"},\"image\":{\"@id\":\"https:\\\/\\\/www.lactissima.com\\\/a-tire-d-ailes\\\/allaiter-et-travailler-le-temoignage-de-prune\\\/#primaryimage\"},\"thumbnailUrl\":\"https:\\\/\\\/www.lactissima.com\\\/a-tire-d-ailes\\\/wp-content\\\/uploads\\\/refus-du-biberon1.jpg\",\"datePublished\":\"2011-05-06T14:30:12+00:00\",\"dateModified\":\"2019-01-16T10:23:37+00:00\",\"author\":{\"@id\":\"https:\\\/\\\/www.lactissima.com\\\/a-tire-d-ailes\\\/#\\\/schema\\\/person\\\/8f98d3a89530861bc1240e6d53d44eed\"},\"description\":\"Prune a choisi de poursuivre l'allaitement \u00e0 la reprise du travail. Sa fille a pr\u00e9sent\u00e9 un refus du biberon et de manger de mani\u00e8re g\u00e9n\u00e9rale en son absence.\",\"breadcrumb\":{\"@id\":\"https:\\\/\\\/www.lactissima.com\\\/a-tire-d-ailes\\\/allaiter-et-travailler-le-temoignage-de-prune\\\/#breadcrumb\"},\"inLanguage\":\"fr-FR\",\"potentialAction\":[{\"@type\":\"ReadAction\",\"target\":[\"https:\\\/\\\/www.lactissima.com\\\/a-tire-d-ailes\\\/allaiter-et-travailler-le-temoignage-de-prune\\\/\"]}]},{\"@type\":\"ImageObject\",\"inLanguage\":\"fr-FR\",\"@id\":\"https:\\\/\\\/www.lactissima.com\\\/a-tire-d-ailes\\\/allaiter-et-travailler-le-temoignage-de-prune\\\/#primaryimage\",\"url\":\"https:\\\/\\\/www.lactissima.com\\\/a-tire-d-ailes\\\/wp-content\\\/uploads\\\/refus-du-biberon1.jpg\",\"contentUrl\":\"https:\\\/\\\/www.lactissima.com\\\/a-tire-d-ailes\\\/wp-content\\\/uploads\\\/refus-du-biberon1.jpg\",\"width\":\"336\",\"height\":\"448\"},{\"@type\":\"BreadcrumbList\",\"@id\":\"https:\\\/\\\/www.lactissima.com\\\/a-tire-d-ailes\\\/allaiter-et-travailler-le-temoignage-de-prune\\\/#breadcrumb\",\"itemListElement\":[{\"@type\":\"ListItem\",\"position\":1,\"name\":\"Accueil\",\"item\":\"https:\\\/\\\/www.lactissima.com\\\/a-tire-d-ailes\\\/\"},{\"@type\":\"ListItem\",\"position\":2,\"name\":\"Allaiter et travailler : le t\u00e9moignage de Prune\"}]},{\"@type\":\"WebSite\",\"@id\":\"https:\\\/\\\/www.lactissima.com\\\/a-tire-d-ailes\\\/#website\",\"url\":\"https:\\\/\\\/www.lactissima.com\\\/a-tire-d-ailes\\\/\",\"name\":\"A tire d&#039;Ailes\",\"description\":\"Le blog des femmes qui allaitent et travaillent.\",\"potentialAction\":[{\"@type\":\"SearchAction\",\"target\":{\"@type\":\"EntryPoint\",\"urlTemplate\":\"https:\\\/\\\/www.lactissima.com\\\/a-tire-d-ailes\\\/?s={search_term_string}\"},\"query-input\":{\"@type\":\"PropertyValueSpecification\",\"valueRequired\":true,\"valueName\":\"search_term_string\"}}],\"inLanguage\":\"fr-FR\"},{\"@type\":\"Person\",\"@id\":\"https:\\\/\\\/www.lactissima.com\\\/a-tire-d-ailes\\\/#\\\/schema\\\/person\\\/8f98d3a89530861bc1240e6d53d44eed\",\"name\":\"V\u00e9ronique Darmangeat\",\"image\":{\"@type\":\"ImageObject\",\"inLanguage\":\"fr-FR\",\"@id\":\"https:\\\/\\\/secure.gravatar.com\\\/avatar\\\/268c99344c89cebfe4f5df5fa8be43068a18884fc76a29f3206fae98465b9cab?s=96&d=identicon&r=g\",\"url\":\"https:\\\/\\\/secure.gravatar.com\\\/avatar\\\/268c99344c89cebfe4f5df5fa8be43068a18884fc76a29f3206fae98465b9cab?s=96&d=identicon&r=g\",\"contentUrl\":\"https:\\\/\\\/secure.gravatar.com\\\/avatar\\\/268c99344c89cebfe4f5df5fa8be43068a18884fc76a29f3206fae98465b9cab?s=96&d=identicon&r=g\",\"caption\":\"V\u00e9ronique Darmangeat\"},\"sameAs\":[\"https:\\\/\\\/www.lactissima.com\\\/a-tire-d-ailes\",\"www.facebook.com\\\/consultante.en.lactation\"]}]}<\/script>\n<!-- \/ Yoast SEO plugin. -->","yoast_head_json":{"title":"Allaiter et travailler : le t\u00e9moignage de Prune","description":"Prune a choisi de poursuivre l'allaitement \u00e0 la reprise du travail. Sa fille a pr\u00e9sent\u00e9 un refus du biberon et de manger de mani\u00e8re g\u00e9n\u00e9rale en son absence.","robots":{"index":"index","follow":"follow","max-snippet":"max-snippet:-1","max-image-preview":"max-image-preview:large","max-video-preview":"max-video-preview:-1"},"canonical":"https:\/\/www.lactissima.com\/a-tire-d-ailes\/allaiter-et-travailler-le-temoignage-de-prune\/","og_locale":"fr_FR","og_type":"article","og_title":"Allaiter et travailler : le t\u00e9moignage de Prune","og_description":"Prune a choisi de poursuivre l'allaitement \u00e0 la reprise du travail. Sa fille a pr\u00e9sent\u00e9 un refus du biberon et de manger de mani\u00e8re g\u00e9n\u00e9rale en son absence.","og_url":"https:\/\/www.lactissima.com\/a-tire-d-ailes\/allaiter-et-travailler-le-temoignage-de-prune\/","og_site_name":"A tire d&#039;Ailes","article_publisher":"https:\/\/www.facebook.com\/consultante.en.lactation","article_author":"www.facebook.com\/consultante.en.lactation","article_published_time":"2011-05-06T14:30:12+00:00","article_modified_time":"2019-01-16T10:23:37+00:00","og_image":[{"width":336,"height":448,"url":"https:\/\/www.lactissima.com\/a-tire-d-ailes\/wp-content\/uploads\/refus-du-biberon1.jpg","type":"image\/jpeg"}],"author":"V\u00e9ronique Darmangeat","twitter_card":"summary_large_image","twitter_creator":"@VeroniqueIBCLC","twitter_site":"@VeroniqueIBCLC","twitter_misc":{"\u00c9crit par":"V\u00e9ronique Darmangeat","Dur\u00e9e de lecture estim\u00e9e":"7 minutes"},"schema":{"@context":"https:\/\/schema.org","@graph":[{"@type":"Article","@id":"https:\/\/www.lactissima.com\/a-tire-d-ailes\/allaiter-et-travailler-le-temoignage-de-prune\/#article","isPartOf":{"@id":"https:\/\/www.lactissima.com\/a-tire-d-ailes\/allaiter-et-travailler-le-temoignage-de-prune\/"},"author":{"name":"V\u00e9ronique Darmangeat","@id":"https:\/\/www.lactissima.com\/a-tire-d-ailes\/#\/schema\/person\/8f98d3a89530861bc1240e6d53d44eed"},"headline":"Allaiter et travailler : le t\u00e9moignage de Prune","datePublished":"2011-05-06T14:30:12+00:00","dateModified":"2019-01-16T10:23:37+00:00","mainEntityOfPage":{"@id":"https:\/\/www.lactissima.com\/a-tire-d-ailes\/allaiter-et-travailler-le-temoignage-de-prune\/"},"wordCount":1495,"commentCount":6,"image":{"@id":"https:\/\/www.lactissima.com\/a-tire-d-ailes\/allaiter-et-travailler-le-temoignage-de-prune\/#primaryimage"},"thumbnailUrl":"https:\/\/www.lactissima.com\/a-tire-d-ailes\/wp-content\/uploads\/refus-du-biberon1.jpg","keywords":["Allaitement","allaitement mixte","donner un biberon","reprendre le travail en allaitant","tire-lait"],"articleSection":["Allaitement et Travail","t\u00e9moignages"],"inLanguage":"fr-FR","potentialAction":[{"@type":"CommentAction","name":"Comment","target":["https:\/\/www.lactissima.com\/a-tire-d-ailes\/allaiter-et-travailler-le-temoignage-de-prune\/#respond"]}]},{"@type":"WebPage","@id":"https:\/\/www.lactissima.com\/a-tire-d-ailes\/allaiter-et-travailler-le-temoignage-de-prune\/","url":"https:\/\/www.lactissima.com\/a-tire-d-ailes\/allaiter-et-travailler-le-temoignage-de-prune\/","name":"Allaiter et travailler : le t\u00e9moignage de Prune","isPartOf":{"@id":"https:\/\/www.lactissima.com\/a-tire-d-ailes\/#website"},"primaryImageOfPage":{"@id":"https:\/\/www.lactissima.com\/a-tire-d-ailes\/allaiter-et-travailler-le-temoignage-de-prune\/#primaryimage"},"image":{"@id":"https:\/\/www.lactissima.com\/a-tire-d-ailes\/allaiter-et-travailler-le-temoignage-de-prune\/#primaryimage"},"thumbnailUrl":"https:\/\/www.lactissima.com\/a-tire-d-ailes\/wp-content\/uploads\/refus-du-biberon1.jpg","datePublished":"2011-05-06T14:30:12+00:00","dateModified":"2019-01-16T10:23:37+00:00","author":{"@id":"https:\/\/www.lactissima.com\/a-tire-d-ailes\/#\/schema\/person\/8f98d3a89530861bc1240e6d53d44eed"},"description":"Prune a choisi de poursuivre l'allaitement \u00e0 la reprise du travail. Sa fille a pr\u00e9sent\u00e9 un refus du biberon et de manger de mani\u00e8re g\u00e9n\u00e9rale en son absence.","breadcrumb":{"@id":"https:\/\/www.lactissima.com\/a-tire-d-ailes\/allaiter-et-travailler-le-temoignage-de-prune\/#breadcrumb"},"inLanguage":"fr-FR","potentialAction":[{"@type":"ReadAction","target":["https:\/\/www.lactissima.com\/a-tire-d-ailes\/allaiter-et-travailler-le-temoignage-de-prune\/"]}]},{"@type":"ImageObject","inLanguage":"fr-FR","@id":"https:\/\/www.lactissima.com\/a-tire-d-ailes\/allaiter-et-travailler-le-temoignage-de-prune\/#primaryimage","url":"https:\/\/www.lactissima.com\/a-tire-d-ailes\/wp-content\/uploads\/refus-du-biberon1.jpg","contentUrl":"https:\/\/www.lactissima.com\/a-tire-d-ailes\/wp-content\/uploads\/refus-du-biberon1.jpg","width":"336","height":"448"},{"@type":"BreadcrumbList","@id":"https:\/\/www.lactissima.com\/a-tire-d-ailes\/allaiter-et-travailler-le-temoignage-de-prune\/#breadcrumb","itemListElement":[{"@type":"ListItem","position":1,"name":"Accueil","item":"https:\/\/www.lactissima.com\/a-tire-d-ailes\/"},{"@type":"ListItem","position":2,"name":"Allaiter et travailler : le t\u00e9moignage de Prune"}]},{"@type":"WebSite","@id":"https:\/\/www.lactissima.com\/a-tire-d-ailes\/#website","url":"https:\/\/www.lactissima.com\/a-tire-d-ailes\/","name":"A tire d&#039;Ailes","description":"Le blog des femmes qui allaitent et travaillent.","potentialAction":[{"@type":"SearchAction","target":{"@type":"EntryPoint","urlTemplate":"https:\/\/www.lactissima.com\/a-tire-d-ailes\/?s={search_term_string}"},"query-input":{"@type":"PropertyValueSpecification","valueRequired":true,"valueName":"search_term_string"}}],"inLanguage":"fr-FR"},{"@type":"Person","@id":"https:\/\/www.lactissima.com\/a-tire-d-ailes\/#\/schema\/person\/8f98d3a89530861bc1240e6d53d44eed","name":"V\u00e9ronique Darmangeat","image":{"@type":"ImageObject","inLanguage":"fr-FR","@id":"https:\/\/secure.gravatar.com\/avatar\/268c99344c89cebfe4f5df5fa8be43068a18884fc76a29f3206fae98465b9cab?s=96&d=identicon&r=g","url":"https:\/\/secure.gravatar.com\/avatar\/268c99344c89cebfe4f5df5fa8be43068a18884fc76a29f3206fae98465b9cab?s=96&d=identicon&r=g","contentUrl":"https:\/\/secure.gravatar.com\/avatar\/268c99344c89cebfe4f5df5fa8be43068a18884fc76a29f3206fae98465b9cab?s=96&d=identicon&r=g","caption":"V\u00e9ronique Darmangeat"},"sameAs":["https:\/\/www.lactissima.com\/a-tire-d-ailes","www.facebook.com\/consultante.en.lactation"]}]}},"_links":{"self":[{"href":"https:\/\/www.lactissima.com\/a-tire-d-ailes\/wp-json\/wp\/v2\/posts\/2129","targetHints":{"allow":["GET"]}}],"collection":[{"href":"https:\/\/www.lactissima.com\/a-tire-d-ailes\/wp-json\/wp\/v2\/posts"}],"about":[{"href":"https:\/\/www.lactissima.com\/a-tire-d-ailes\/wp-json\/wp\/v2\/types\/post"}],"author":[{"embeddable":true,"href":"https:\/\/www.lactissima.com\/a-tire-d-ailes\/wp-json\/wp\/v2\/users\/170"}],"replies":[{"embeddable":true,"href":"https:\/\/www.lactissima.com\/a-tire-d-ailes\/wp-json\/wp\/v2\/comments?post=2129"}],"version-history":[{"count":16,"href":"https:\/\/www.lactissima.com\/a-tire-d-ailes\/wp-json\/wp\/v2\/posts\/2129\/revisions"}],"predecessor-version":[{"id":7993,"href":"https:\/\/www.lactissima.com\/a-tire-d-ailes\/wp-json\/wp\/v2\/posts\/2129\/revisions\/7993"}],"wp:featuredmedia":[{"embeddable":true,"href":"https:\/\/www.lactissima.com\/a-tire-d-ailes\/wp-json\/wp\/v2\/media\/2132"}],"wp:attachment":[{"href":"https:\/\/www.lactissima.com\/a-tire-d-ailes\/wp-json\/wp\/v2\/media?parent=2129"}],"wp:term":[{"taxonomy":"category","embeddable":true,"href":"https:\/\/www.lactissima.com\/a-tire-d-ailes\/wp-json\/wp\/v2\/categories?post=2129"},{"taxonomy":"post_tag","embeddable":true,"href":"https:\/\/www.lactissima.com\/a-tire-d-ailes\/wp-json\/wp\/v2\/tags?post=2129"}],"curies":[{"name":"wp","href":"https:\/\/api.w.org\/{rel}","templated":true}]}}