{"id":2073,"date":"2011-04-09T16:49:06","date_gmt":"2011-04-09T14:49:06","guid":{"rendered":"https:\/\/www.lactissima.com\/a-tire-d-ailes\/?p=2073"},"modified":"2014-03-15T16:53:26","modified_gmt":"2014-03-15T14:53:26","slug":"allaiter-et-travailler-le-temoignage-de-cecile-g","status":"publish","type":"post","link":"https:\/\/www.lactissima.com\/a-tire-d-ailes\/allaiter-et-travailler-le-temoignage-de-cecile-g\/","title":{"rendered":"Allaiter et travailler : le t\u00e9moignage de C\u00e9cile G"},"content":{"rendered":"<p style=\"text-align: justify;\"><strong><a href=\"https:\/\/www.lactissima.com\/a-tire-d-ailes\/wp-content\/uploads\/allaitement-mixte.jpg\"><img loading=\"lazy\" decoding=\"async\" class=\"alignright size-full wp-image-2074\" title=\"allaitement-travail\" alt=\"\" src=\"https:\/\/www.lactissima.com\/a-tire-d-ailes\/wp-content\/uploads\/allaitement-mixte.jpg\" width=\"448\" height=\"299\" srcset=\"https:\/\/www.lactissima.com\/a-tire-d-ailes\/wp-content\/uploads\/allaitement-mixte.jpg 448w, https:\/\/www.lactissima.com\/a-tire-d-ailes\/wp-content\/uploads\/allaitement-mixte-300x200.jpg 300w\" sizes=\"(max-width: 448px) 100vw, 448px\" \/><\/a>Q<\/strong><strong>uel choix avez-vous fait au moment de la reprise du travail : sevrage ou poursuite de l&rsquo;allaitement ? Pourquoi ?<\/strong><\/p>\n<p style=\"text-align: justify;\">Je suis la maman de 4 enfants, j&rsquo;ai eu plein de boulots diff\u00e9rents et j&rsquo;ai toujours travaill\u00e9 \u00e0 plein temps. Alors des choix, j&rsquo;en ai fait plein et des diff\u00e9rents. Allaiter en m\u00eame temps que travailler n&rsquo;a jamais \u00e9t\u00e9 une ambition, encore moins une lubie. Les d\u00e9cisions ont \u00e9t\u00e9 prises tr\u00e8s naturellement. J&rsquo;ai pr\u00e9f\u00e9r\u00e9 sevrer deux enfants et j&rsquo;ai poursuivi l&rsquo;allaitement en mixte pour les deux autres. Le choix s&rsquo;est fait en fonction de plein de crit\u00e8res : le genre de boulot que je faisais \u00e0 l&rsquo;\u00e9poque, ma relation avec l&rsquo;allaitement \u00e0 ce moment, ma relation avec mon corps aussi, le plaisir de mon enfant \u00e0 t\u00e9ter&#8230; J&rsquo;ai fait le point sur tous ces sujets et la d\u00e9cision de poursuivre l&rsquo;allaitement ou pas s&rsquo;est faite ensuite tr\u00e8s logiquement. Sans aucun complexe dans un sens comme dans l&rsquo;autre. Tellement sans complexe qu&rsquo;encore maintenant, je dois r\u00e9fl\u00e9chir pour savoir quel enfant a \u00ab\u00a0b\u00e9n\u00e9fici\u00e9\u00a0\u00bb de prolongations. Je n&rsquo;ai pas le sentiment d&rsquo;avoir \u00e9t\u00e9 plus intime\/gentille\/g\u00e9n\u00e9reuse\/exclusive avec les uns ou les autres. Je les ai simplement nourris diff\u00e9remment. Et comme \u00e0 titre personnel, je ne concentre pas mon amour maternel dans la fa\u00e7on dont je nourris ma tribu, tout le monde se porte bien affectivement parlant :).<\/p>\n<p style=\"text-align: justify;\"><strong>Comment vous \u00eates-vous organis\u00e9e ?<\/strong><\/p>\n<p style=\"text-align: justify;\">Je n&rsquo;ai jamais voulu tirer mon lait (gros souci d&rsquo;image avec cette notion de \u00ab\u00a0traite\u00a0\u00bb, \u00e7a ne me parle pas du tout), donc l&rsquo;arriv\u00e9e du travail a \u00e9t\u00e9 toujours synonyme de biberon. Soit le retour \u00e0 la vie active signifiait l&rsquo;arriv\u00e9e de ce dernier et la fin de l&rsquo;allaitement, soit il signifiait le commencement du mixte si celui-ci n&rsquo;\u00e9tait pas d\u00e9j\u00e0 install\u00e9. Donc je n&rsquo;allaitais que le matin et le soir, ce qui n&rsquo;impactait en rien mon travail. J&rsquo;ai ador\u00e9 cette solution : biberon avec le papa ou avec la cr\u00e8che et les seins quand j&rsquo;\u00e9tais pr\u00e9sente. La fameuse confusion sein\/t\u00e9tine dont on nous rebat les oreilles n&rsquo;a jamais \u00e9t\u00e9 un souci chez mes enfants. Sans doute parce que je n&rsquo;ai jamais eu de r\u00e9ticence face aux biberons. Ma derni\u00e8re fille est pass\u00e9e au mixte apr\u00e8s trois mois de presque exclusivit\u00e9 sans l&rsquo;ombre d&rsquo;un souci. Elle ouvrait la bouche et tout faisait ventre :). Et moi, j&rsquo;ai beaucoup appr\u00e9ci\u00e9 passer le relai \u00e0 son papa ou aux ain\u00e9s\/famille\/amis&#8230; En \u00e9tant honn\u00eate je pourrais m\u00eame dire que le mixte a sauv\u00e9 plus d&rsquo;un de mes allaitements ! Enfin je pouvais souffler :).<\/p>\n<p style=\"text-align: justify;\"><strong>Quelles ont \u00e9t\u00e9 vos principales difficult\u00e9s ?<\/strong><\/p>\n<p style=\"text-align: justify;\">Pour le coup, vraiment aucune. Autant j&rsquo;ai toujours trouv\u00e9 qu&rsquo;allaiter en exclusivit\u00e9 me fatiguait physiquement et moralement (m\u00eame si ce n&rsquo;est pas facile de faire la part des choses avec la fatigue intrins\u00e8que \u00e0 la grossesse et l&rsquo;arriv\u00e9e d&rsquo;un b\u00e9b\u00e9), autant l&rsquo;arriv\u00e9e du biberon\/du travail, je l&rsquo;ai vraiment bien v\u00e9cue. Limite attendue, comme le signal d&rsquo;une nouvelle \u00e8re o\u00f9 je n&rsquo;\u00e9tais plus l&rsquo;unique responsable en chef de l&rsquo;op\u00e9ration \u00ab\u00a0fais manger ton enfant\u00a0\u00bb. J&rsquo;entends \u00e9norm\u00e9ment de femmes raconter le bonheur qu&rsquo;elles ont de nourrir leur enfant en allaitant, la joie que leur procure ce sentiment d&rsquo;utilit\u00e9, de bienfaisance, les bienfaits psychologiques d&rsquo;\u00eatre une bonne m\u00e8re nourrici\u00e8re&#8230; sentiments que j&rsquo;ai \u00e9galement partag\u00e9s \u00e0 certains moments hein, je ne les remets pas en cause. Mais je trouve qu&rsquo;on ne parle pas assez du sentiment de d\u00e9pendance que \u00e7a procure (dans le sens tout d\u00e9pend de toi, pas dans le sens drogue qu&rsquo;on adore). Avoir allait\u00e9 mes enfants est une super chose. Je n&rsquo;oublie pas n\u00e9anmoins l&rsquo;\u00e9nervement qui montait quand je r\u00e9alisais qu&rsquo;on ne pouvait compter que sur moi pour nourrir mon enfant, \u00e0 quel point, fatigue aidant, \u00e7a me gonflait d&rsquo;\u00eatre l&rsquo;unique r\u00e9f\u00e9rente de ce probl\u00e8me l\u00e0 . Je ne pouvais pas pr\u00eater mes seins et c&rsquo;\u00e9tait parfois bien dommage ! Je ne pouvais pas non plus partager le poids plus ou moins l\u00e9ger de la culpabilit\u00e9 d\u00e8s qu&rsquo;on me demandait si mon enfant mangeait suffisamment, s&rsquo;il n&rsquo;avait pas faim d\u00e8s qu&rsquo;il pleurait&#8230; Non, c&rsquo;\u00e9tait \u00e0 moi de faire en sorte que mon enfant soit bien. Au moindre cri, c&rsquo;\u00e9tait l&rsquo;allaitement remis en cause d&rsquo;une mani\u00e8re ou d&rsquo;une autre. Rien de dramatique, j&rsquo;ai r\u00e9guli\u00e8rement remis \u00e0 leur place tout le monde, mais bon, l&rsquo;arriv\u00e9e du mixte et du travail a \u00e9t\u00e9 donc le signe d&rsquo;une meilleure r\u00e9partition des t\u00e2ches, ce qui m&rsquo;a de suite \u00e9t\u00e9 nettement mieux au teint :).<\/p>\n<p style=\"text-align: justify;\"><strong>Quels ont \u00e9t\u00e9 vos meilleurs moments ?<\/strong><\/p>\n<p style=\"text-align: justify;\">Mon plus joli souvenir d&rsquo;allaitement, c&rsquo;est quand j&rsquo;ai vu mon fil ain\u00e9, sur Terre depuis quelques minutes, tout juste pos\u00e9 sur mon ventre, ramper de toutes ses petites forces pour venir gloutonnement positionner sa bouche sur mon sein. L\u00e0 , je me suis dit qu&rsquo;il fallait au moins que j&rsquo;essaye de l&rsquo;allaiter :), \u00e7a m&rsquo;a beaucoup impressionn\u00e9e. Sinon, toutes ces t\u00e9t\u00e9s o\u00f9 je me suis endormie avec une petite boule chaude contre moi&#8230; je me souviens encore de mon mari qui venait r\u00e9cup\u00e9rer le petit pour le remettre dans son lit pendant que je dormais du sommeil du juste. Cette organisation \u00e0 trois, c&rsquo;est vraiment un chouette souvenir.<\/p>\n<p style=\"text-align: justify;\"><strong>Qu&rsquo;est-ce que vous souhaiteriez dire aux mamans qui doivent faire un choix dans les semaines \u00e0 venir ?<\/strong><\/p>\n<p style=\"text-align: justify;\">Absolument rien&#8230; Et surtout pas d&rsquo;essayer si \u00e7a leur semble compliqu\u00e9. On fait tous des choix dans la vie, l&rsquo;allaitement en est un parmi tant d&rsquo;autres. Peut-\u00eatre que notre choix sera une r\u00e9ussite. Peut-\u00eatre pas. Je trouve dommage de dramatiser cette p\u00e9riode et ce sentiment de succ\u00e8s\/\u00e9chec. Je crois qu&rsquo;il faut mieux passer son \u00e9nergie \u00e0 aimer ses enfants au maximum plut\u00f4t que r\u00e9fl\u00e9chir \u00e0 la meilleure fa\u00e7on de les nourrir. Sinon, on part sur un chemin jalonn\u00e9 de dizaines d&rsquo;autres challenges aussi culpabilisants les uns que les autres. On se d\u00e9tend, on respire par le nez, et on fait du mieux qu&rsquo;on peut&#8230; sans complexe. Au pire, on met des sous de c\u00f4t\u00e9 pour le moment o\u00f9 faudra les envoyer chez le p\u00e9dopsy \ud83d\ude00 !<\/p>\n<p style=\"text-align: justify;\"><strong>Ce serait \u00e0 refaire, vous referiez le m\u00eame choix ? Que changeriez-vous ?<\/strong><\/p>\n<p style=\"text-align: justify;\">Je n&rsquo;en sais fichtre rien. Je ne sais pas si j&rsquo;ai fait les bons choix. Et je ne le saurai sans doute jamais. Il se trouve que j&rsquo;ai l&rsquo;impression que \u00e7a va. Mes enfants n&rsquo;ont pas plus l&rsquo;air traumatis\u00e9s que d&rsquo;autres. Peut-\u00eatre auraient-ils \u00e9t\u00e9 plus \u00e9panouis si j&rsquo;avais fait d&rsquo;autres choix ? Sans doute. Mais comme j&rsquo;en sais rien, je ne me torture pas l&rsquo;esprit avec \u00e7a :). Le cerveau est bien fait, il nous donne souvent raison. Profitons-en !<\/p>\n<p style=\"text-align: justify;\"><strong>Articles en rapport :<\/strong><\/p>\n<ul>\n<li style=\"text-align: justify;\">Voir l&rsquo;onglet <a href=\"https:\/\/www.lactissima.com\/a-tire-d-ailes\/?page_id=1179\" target=\"_blank\">t\u00e9moignages<\/a><\/li>\n<\/ul>\n<p>&nbsp;<\/p>\n","protected":false},"excerpt":{"rendered":"<p>Je ne sais pas si j&rsquo;ai fait les bons choix. Et je ne le saurai sans doute jamais. Il se trouve que j&rsquo;ai l&rsquo;impression que \u00e7a va. Mes enfants n&rsquo;ont pas plus l&rsquo;air traumatis\u00e9s que d&rsquo;autres.<\/p>\n","protected":false},"author":170,"featured_media":2074,"comment_status":"open","ping_status":"open","sticky":false,"template":"","format":"standard","meta":{"_et_pb_use_builder":"","_et_pb_old_content":"","_et_gb_content_width":"","footnotes":""},"categories":[36,150],"tags":[89,48,286],"class_list":["post-2073","post","type-post","status-publish","format-standard","has-post-thumbnail","hentry","category-allaitement-et-travail","category-temoignages","tag-allaitement-mixte","tag-biberon","tag-dependance"],"yoast_head":"<!-- This site is optimized with the Yoast SEO plugin v27.4 - https:\/\/yoast.com\/product\/yoast-seo-wordpress\/ -->\n<title>Allaiter et travailler : le t\u00e9moignage de C\u00e9cile G<\/title>\n<meta name=\"description\" content=\"Je ne sais pas si j&#039;ai fait les bons choix. Et je ne le saurai sans doute jamais. Il se trouve que j&#039;ai l&#039;impression que \u00e7a va. Mes enfants n&#039;ont pas plus l&#039;air traumatis\u00e9s que d&#039;autres.\" \/>\n<meta name=\"robots\" content=\"index, follow, max-snippet:-1, max-image-preview:large, max-video-preview:-1\" \/>\n<link rel=\"canonical\" href=\"https:\/\/www.lactissima.com\/a-tire-d-ailes\/allaiter-et-travailler-le-temoignage-de-cecile-g\/\" \/>\n<meta property=\"og:locale\" content=\"fr_FR\" \/>\n<meta property=\"og:type\" content=\"article\" \/>\n<meta property=\"og:title\" content=\"Allaiter et travailler : le t\u00e9moignage de C\u00e9cile G\" \/>\n<meta property=\"og:description\" content=\"Je ne sais pas si j&#039;ai fait les bons choix. Et je ne le saurai sans doute jamais. Il se trouve que j&#039;ai l&#039;impression que \u00e7a va. Mes enfants n&#039;ont pas plus l&#039;air traumatis\u00e9s que d&#039;autres.\" \/>\n<meta property=\"og:url\" content=\"https:\/\/www.lactissima.com\/a-tire-d-ailes\/allaiter-et-travailler-le-temoignage-de-cecile-g\/\" \/>\n<meta property=\"og:site_name\" content=\"A tire d&#039;Ailes\" \/>\n<meta property=\"article:publisher\" content=\"https:\/\/www.facebook.com\/consultante.en.lactation\" \/>\n<meta property=\"article:author\" content=\"www.facebook.com\/consultante.en.lactation\" \/>\n<meta property=\"article:published_time\" content=\"2011-04-09T14:49:06+00:00\" \/>\n<meta property=\"article:modified_time\" content=\"2014-03-15T14:53:26+00:00\" \/>\n<meta property=\"og:image\" content=\"https:\/\/www.lactissima.com\/a-tire-d-ailes\/wp-content\/uploads\/allaitement-mixte.jpg\" \/>\n\t<meta property=\"og:image:width\" content=\"448\" \/>\n\t<meta property=\"og:image:height\" content=\"299\" \/>\n\t<meta property=\"og:image:type\" content=\"image\/jpeg\" \/>\n<meta name=\"author\" content=\"V\u00e9ronique Darmangeat\" \/>\n<meta name=\"twitter:card\" content=\"summary_large_image\" \/>\n<meta name=\"twitter:creator\" content=\"@VeroniqueIBCLC\" \/>\n<meta name=\"twitter:site\" content=\"@VeroniqueIBCLC\" \/>\n<meta name=\"twitter:label1\" content=\"\u00c9crit par\" \/>\n\t<meta name=\"twitter:data1\" content=\"V\u00e9ronique Darmangeat\" \/>\n\t<meta name=\"twitter:label2\" content=\"Dur\u00e9e de lecture estim\u00e9e\" \/>\n\t<meta name=\"twitter:data2\" content=\"6 minutes\" \/>\n<script type=\"application\/ld+json\" class=\"yoast-schema-graph\">{\"@context\":\"https:\\\/\\\/schema.org\",\"@graph\":[{\"@type\":\"Article\",\"@id\":\"https:\\\/\\\/www.lactissima.com\\\/a-tire-d-ailes\\\/allaiter-et-travailler-le-temoignage-de-cecile-g\\\/#article\",\"isPartOf\":{\"@id\":\"https:\\\/\\\/www.lactissima.com\\\/a-tire-d-ailes\\\/allaiter-et-travailler-le-temoignage-de-cecile-g\\\/\"},\"author\":{\"name\":\"V\u00e9ronique Darmangeat\",\"@id\":\"https:\\\/\\\/www.lactissima.com\\\/a-tire-d-ailes\\\/#\\\/schema\\\/person\\\/8f98d3a89530861bc1240e6d53d44eed\"},\"headline\":\"Allaiter et travailler : le t\u00e9moignage de C\u00e9cile G\",\"datePublished\":\"2011-04-09T14:49:06+00:00\",\"dateModified\":\"2014-03-15T14:53:26+00:00\",\"mainEntityOfPage\":{\"@id\":\"https:\\\/\\\/www.lactissima.com\\\/a-tire-d-ailes\\\/allaiter-et-travailler-le-temoignage-de-cecile-g\\\/\"},\"wordCount\":1251,\"commentCount\":4,\"image\":{\"@id\":\"https:\\\/\\\/www.lactissima.com\\\/a-tire-d-ailes\\\/allaiter-et-travailler-le-temoignage-de-cecile-g\\\/#primaryimage\"},\"thumbnailUrl\":\"https:\\\/\\\/www.lactissima.com\\\/a-tire-d-ailes\\\/wp-content\\\/uploads\\\/allaitement-mixte.jpg\",\"keywords\":[\"allaitement mixte\",\"biberon\",\"d\u00e9pendance\"],\"articleSection\":[\"Allaitement et Travail\",\"t\u00e9moignages\"],\"inLanguage\":\"fr-FR\",\"potentialAction\":[{\"@type\":\"CommentAction\",\"name\":\"Comment\",\"target\":[\"https:\\\/\\\/www.lactissima.com\\\/a-tire-d-ailes\\\/allaiter-et-travailler-le-temoignage-de-cecile-g\\\/#respond\"]}]},{\"@type\":\"WebPage\",\"@id\":\"https:\\\/\\\/www.lactissima.com\\\/a-tire-d-ailes\\\/allaiter-et-travailler-le-temoignage-de-cecile-g\\\/\",\"url\":\"https:\\\/\\\/www.lactissima.com\\\/a-tire-d-ailes\\\/allaiter-et-travailler-le-temoignage-de-cecile-g\\\/\",\"name\":\"Allaiter et travailler : le t\u00e9moignage de C\u00e9cile G\",\"isPartOf\":{\"@id\":\"https:\\\/\\\/www.lactissima.com\\\/a-tire-d-ailes\\\/#website\"},\"primaryImageOfPage\":{\"@id\":\"https:\\\/\\\/www.lactissima.com\\\/a-tire-d-ailes\\\/allaiter-et-travailler-le-temoignage-de-cecile-g\\\/#primaryimage\"},\"image\":{\"@id\":\"https:\\\/\\\/www.lactissima.com\\\/a-tire-d-ailes\\\/allaiter-et-travailler-le-temoignage-de-cecile-g\\\/#primaryimage\"},\"thumbnailUrl\":\"https:\\\/\\\/www.lactissima.com\\\/a-tire-d-ailes\\\/wp-content\\\/uploads\\\/allaitement-mixte.jpg\",\"datePublished\":\"2011-04-09T14:49:06+00:00\",\"dateModified\":\"2014-03-15T14:53:26+00:00\",\"author\":{\"@id\":\"https:\\\/\\\/www.lactissima.com\\\/a-tire-d-ailes\\\/#\\\/schema\\\/person\\\/8f98d3a89530861bc1240e6d53d44eed\"},\"description\":\"Je ne sais pas si j'ai fait les bons choix. Et je ne le saurai sans doute jamais. Il se trouve que j'ai l'impression que \u00e7a va. Mes enfants n'ont pas plus l'air traumatis\u00e9s que d'autres.\",\"breadcrumb\":{\"@id\":\"https:\\\/\\\/www.lactissima.com\\\/a-tire-d-ailes\\\/allaiter-et-travailler-le-temoignage-de-cecile-g\\\/#breadcrumb\"},\"inLanguage\":\"fr-FR\",\"potentialAction\":[{\"@type\":\"ReadAction\",\"target\":[\"https:\\\/\\\/www.lactissima.com\\\/a-tire-d-ailes\\\/allaiter-et-travailler-le-temoignage-de-cecile-g\\\/\"]}]},{\"@type\":\"ImageObject\",\"inLanguage\":\"fr-FR\",\"@id\":\"https:\\\/\\\/www.lactissima.com\\\/a-tire-d-ailes\\\/allaiter-et-travailler-le-temoignage-de-cecile-g\\\/#primaryimage\",\"url\":\"https:\\\/\\\/www.lactissima.com\\\/a-tire-d-ailes\\\/wp-content\\\/uploads\\\/allaitement-mixte.jpg\",\"contentUrl\":\"https:\\\/\\\/www.lactissima.com\\\/a-tire-d-ailes\\\/wp-content\\\/uploads\\\/allaitement-mixte.jpg\",\"width\":\"448\",\"height\":\"299\"},{\"@type\":\"BreadcrumbList\",\"@id\":\"https:\\\/\\\/www.lactissima.com\\\/a-tire-d-ailes\\\/allaiter-et-travailler-le-temoignage-de-cecile-g\\\/#breadcrumb\",\"itemListElement\":[{\"@type\":\"ListItem\",\"position\":1,\"name\":\"Accueil\",\"item\":\"https:\\\/\\\/www.lactissima.com\\\/a-tire-d-ailes\\\/\"},{\"@type\":\"ListItem\",\"position\":2,\"name\":\"Allaiter et travailler : le t\u00e9moignage de C\u00e9cile G\"}]},{\"@type\":\"WebSite\",\"@id\":\"https:\\\/\\\/www.lactissima.com\\\/a-tire-d-ailes\\\/#website\",\"url\":\"https:\\\/\\\/www.lactissima.com\\\/a-tire-d-ailes\\\/\",\"name\":\"A tire d&#039;Ailes\",\"description\":\"Le blog des femmes qui allaitent et travaillent.\",\"potentialAction\":[{\"@type\":\"SearchAction\",\"target\":{\"@type\":\"EntryPoint\",\"urlTemplate\":\"https:\\\/\\\/www.lactissima.com\\\/a-tire-d-ailes\\\/?s={search_term_string}\"},\"query-input\":{\"@type\":\"PropertyValueSpecification\",\"valueRequired\":true,\"valueName\":\"search_term_string\"}}],\"inLanguage\":\"fr-FR\"},{\"@type\":\"Person\",\"@id\":\"https:\\\/\\\/www.lactissima.com\\\/a-tire-d-ailes\\\/#\\\/schema\\\/person\\\/8f98d3a89530861bc1240e6d53d44eed\",\"name\":\"V\u00e9ronique Darmangeat\",\"image\":{\"@type\":\"ImageObject\",\"inLanguage\":\"fr-FR\",\"@id\":\"https:\\\/\\\/secure.gravatar.com\\\/avatar\\\/268c99344c89cebfe4f5df5fa8be43068a18884fc76a29f3206fae98465b9cab?s=96&d=identicon&r=g\",\"url\":\"https:\\\/\\\/secure.gravatar.com\\\/avatar\\\/268c99344c89cebfe4f5df5fa8be43068a18884fc76a29f3206fae98465b9cab?s=96&d=identicon&r=g\",\"contentUrl\":\"https:\\\/\\\/secure.gravatar.com\\\/avatar\\\/268c99344c89cebfe4f5df5fa8be43068a18884fc76a29f3206fae98465b9cab?s=96&d=identicon&r=g\",\"caption\":\"V\u00e9ronique Darmangeat\"},\"sameAs\":[\"https:\\\/\\\/www.lactissima.com\\\/a-tire-d-ailes\",\"www.facebook.com\\\/consultante.en.lactation\"]}]}<\/script>\n<!-- \/ Yoast SEO plugin. -->","yoast_head_json":{"title":"Allaiter et travailler : le t\u00e9moignage de C\u00e9cile G","description":"Je ne sais pas si j'ai fait les bons choix. Et je ne le saurai sans doute jamais. Il se trouve que j'ai l'impression que \u00e7a va. Mes enfants n'ont pas plus l'air traumatis\u00e9s que d'autres.","robots":{"index":"index","follow":"follow","max-snippet":"max-snippet:-1","max-image-preview":"max-image-preview:large","max-video-preview":"max-video-preview:-1"},"canonical":"https:\/\/www.lactissima.com\/a-tire-d-ailes\/allaiter-et-travailler-le-temoignage-de-cecile-g\/","og_locale":"fr_FR","og_type":"article","og_title":"Allaiter et travailler : le t\u00e9moignage de C\u00e9cile G","og_description":"Je ne sais pas si j'ai fait les bons choix. Et je ne le saurai sans doute jamais. Il se trouve que j'ai l'impression que \u00e7a va. Mes enfants n'ont pas plus l'air traumatis\u00e9s que d'autres.","og_url":"https:\/\/www.lactissima.com\/a-tire-d-ailes\/allaiter-et-travailler-le-temoignage-de-cecile-g\/","og_site_name":"A tire d&#039;Ailes","article_publisher":"https:\/\/www.facebook.com\/consultante.en.lactation","article_author":"www.facebook.com\/consultante.en.lactation","article_published_time":"2011-04-09T14:49:06+00:00","article_modified_time":"2014-03-15T14:53:26+00:00","og_image":[{"width":448,"height":299,"url":"https:\/\/www.lactissima.com\/a-tire-d-ailes\/wp-content\/uploads\/allaitement-mixte.jpg","type":"image\/jpeg"}],"author":"V\u00e9ronique Darmangeat","twitter_card":"summary_large_image","twitter_creator":"@VeroniqueIBCLC","twitter_site":"@VeroniqueIBCLC","twitter_misc":{"\u00c9crit par":"V\u00e9ronique Darmangeat","Dur\u00e9e de lecture estim\u00e9e":"6 minutes"},"schema":{"@context":"https:\/\/schema.org","@graph":[{"@type":"Article","@id":"https:\/\/www.lactissima.com\/a-tire-d-ailes\/allaiter-et-travailler-le-temoignage-de-cecile-g\/#article","isPartOf":{"@id":"https:\/\/www.lactissima.com\/a-tire-d-ailes\/allaiter-et-travailler-le-temoignage-de-cecile-g\/"},"author":{"name":"V\u00e9ronique Darmangeat","@id":"https:\/\/www.lactissima.com\/a-tire-d-ailes\/#\/schema\/person\/8f98d3a89530861bc1240e6d53d44eed"},"headline":"Allaiter et travailler : le t\u00e9moignage de C\u00e9cile G","datePublished":"2011-04-09T14:49:06+00:00","dateModified":"2014-03-15T14:53:26+00:00","mainEntityOfPage":{"@id":"https:\/\/www.lactissima.com\/a-tire-d-ailes\/allaiter-et-travailler-le-temoignage-de-cecile-g\/"},"wordCount":1251,"commentCount":4,"image":{"@id":"https:\/\/www.lactissima.com\/a-tire-d-ailes\/allaiter-et-travailler-le-temoignage-de-cecile-g\/#primaryimage"},"thumbnailUrl":"https:\/\/www.lactissima.com\/a-tire-d-ailes\/wp-content\/uploads\/allaitement-mixte.jpg","keywords":["allaitement mixte","biberon","d\u00e9pendance"],"articleSection":["Allaitement et Travail","t\u00e9moignages"],"inLanguage":"fr-FR","potentialAction":[{"@type":"CommentAction","name":"Comment","target":["https:\/\/www.lactissima.com\/a-tire-d-ailes\/allaiter-et-travailler-le-temoignage-de-cecile-g\/#respond"]}]},{"@type":"WebPage","@id":"https:\/\/www.lactissima.com\/a-tire-d-ailes\/allaiter-et-travailler-le-temoignage-de-cecile-g\/","url":"https:\/\/www.lactissima.com\/a-tire-d-ailes\/allaiter-et-travailler-le-temoignage-de-cecile-g\/","name":"Allaiter et travailler : le t\u00e9moignage de C\u00e9cile G","isPartOf":{"@id":"https:\/\/www.lactissima.com\/a-tire-d-ailes\/#website"},"primaryImageOfPage":{"@id":"https:\/\/www.lactissima.com\/a-tire-d-ailes\/allaiter-et-travailler-le-temoignage-de-cecile-g\/#primaryimage"},"image":{"@id":"https:\/\/www.lactissima.com\/a-tire-d-ailes\/allaiter-et-travailler-le-temoignage-de-cecile-g\/#primaryimage"},"thumbnailUrl":"https:\/\/www.lactissima.com\/a-tire-d-ailes\/wp-content\/uploads\/allaitement-mixte.jpg","datePublished":"2011-04-09T14:49:06+00:00","dateModified":"2014-03-15T14:53:26+00:00","author":{"@id":"https:\/\/www.lactissima.com\/a-tire-d-ailes\/#\/schema\/person\/8f98d3a89530861bc1240e6d53d44eed"},"description":"Je ne sais pas si j'ai fait les bons choix. Et je ne le saurai sans doute jamais. Il se trouve que j'ai l'impression que \u00e7a va. Mes enfants n'ont pas plus l'air traumatis\u00e9s que d'autres.","breadcrumb":{"@id":"https:\/\/www.lactissima.com\/a-tire-d-ailes\/allaiter-et-travailler-le-temoignage-de-cecile-g\/#breadcrumb"},"inLanguage":"fr-FR","potentialAction":[{"@type":"ReadAction","target":["https:\/\/www.lactissima.com\/a-tire-d-ailes\/allaiter-et-travailler-le-temoignage-de-cecile-g\/"]}]},{"@type":"ImageObject","inLanguage":"fr-FR","@id":"https:\/\/www.lactissima.com\/a-tire-d-ailes\/allaiter-et-travailler-le-temoignage-de-cecile-g\/#primaryimage","url":"https:\/\/www.lactissima.com\/a-tire-d-ailes\/wp-content\/uploads\/allaitement-mixte.jpg","contentUrl":"https:\/\/www.lactissima.com\/a-tire-d-ailes\/wp-content\/uploads\/allaitement-mixte.jpg","width":"448","height":"299"},{"@type":"BreadcrumbList","@id":"https:\/\/www.lactissima.com\/a-tire-d-ailes\/allaiter-et-travailler-le-temoignage-de-cecile-g\/#breadcrumb","itemListElement":[{"@type":"ListItem","position":1,"name":"Accueil","item":"https:\/\/www.lactissima.com\/a-tire-d-ailes\/"},{"@type":"ListItem","position":2,"name":"Allaiter et travailler : le t\u00e9moignage de C\u00e9cile G"}]},{"@type":"WebSite","@id":"https:\/\/www.lactissima.com\/a-tire-d-ailes\/#website","url":"https:\/\/www.lactissima.com\/a-tire-d-ailes\/","name":"A tire d&#039;Ailes","description":"Le blog des femmes qui allaitent et travaillent.","potentialAction":[{"@type":"SearchAction","target":{"@type":"EntryPoint","urlTemplate":"https:\/\/www.lactissima.com\/a-tire-d-ailes\/?s={search_term_string}"},"query-input":{"@type":"PropertyValueSpecification","valueRequired":true,"valueName":"search_term_string"}}],"inLanguage":"fr-FR"},{"@type":"Person","@id":"https:\/\/www.lactissima.com\/a-tire-d-ailes\/#\/schema\/person\/8f98d3a89530861bc1240e6d53d44eed","name":"V\u00e9ronique Darmangeat","image":{"@type":"ImageObject","inLanguage":"fr-FR","@id":"https:\/\/secure.gravatar.com\/avatar\/268c99344c89cebfe4f5df5fa8be43068a18884fc76a29f3206fae98465b9cab?s=96&d=identicon&r=g","url":"https:\/\/secure.gravatar.com\/avatar\/268c99344c89cebfe4f5df5fa8be43068a18884fc76a29f3206fae98465b9cab?s=96&d=identicon&r=g","contentUrl":"https:\/\/secure.gravatar.com\/avatar\/268c99344c89cebfe4f5df5fa8be43068a18884fc76a29f3206fae98465b9cab?s=96&d=identicon&r=g","caption":"V\u00e9ronique Darmangeat"},"sameAs":["https:\/\/www.lactissima.com\/a-tire-d-ailes","www.facebook.com\/consultante.en.lactation"]}]}},"_links":{"self":[{"href":"https:\/\/www.lactissima.com\/a-tire-d-ailes\/wp-json\/wp\/v2\/posts\/2073","targetHints":{"allow":["GET"]}}],"collection":[{"href":"https:\/\/www.lactissima.com\/a-tire-d-ailes\/wp-json\/wp\/v2\/posts"}],"about":[{"href":"https:\/\/www.lactissima.com\/a-tire-d-ailes\/wp-json\/wp\/v2\/types\/post"}],"author":[{"embeddable":true,"href":"https:\/\/www.lactissima.com\/a-tire-d-ailes\/wp-json\/wp\/v2\/users\/170"}],"replies":[{"embeddable":true,"href":"https:\/\/www.lactissima.com\/a-tire-d-ailes\/wp-json\/wp\/v2\/comments?post=2073"}],"version-history":[{"count":9,"href":"https:\/\/www.lactissima.com\/a-tire-d-ailes\/wp-json\/wp\/v2\/posts\/2073\/revisions"}],"predecessor-version":[{"id":5384,"href":"https:\/\/www.lactissima.com\/a-tire-d-ailes\/wp-json\/wp\/v2\/posts\/2073\/revisions\/5384"}],"wp:featuredmedia":[{"embeddable":true,"href":"https:\/\/www.lactissima.com\/a-tire-d-ailes\/wp-json\/wp\/v2\/media\/2074"}],"wp:attachment":[{"href":"https:\/\/www.lactissima.com\/a-tire-d-ailes\/wp-json\/wp\/v2\/media?parent=2073"}],"wp:term":[{"taxonomy":"category","embeddable":true,"href":"https:\/\/www.lactissima.com\/a-tire-d-ailes\/wp-json\/wp\/v2\/categories?post=2073"},{"taxonomy":"post_tag","embeddable":true,"href":"https:\/\/www.lactissima.com\/a-tire-d-ailes\/wp-json\/wp\/v2\/tags?post=2073"}],"curies":[{"name":"wp","href":"https:\/\/api.w.org\/{rel}","templated":true}]}}