{"id":2060,"date":"2011-04-01T21:48:08","date_gmt":"2011-04-01T19:48:08","guid":{"rendered":"https:\/\/www.lactissima.com\/a-tire-d-ailes\/?p=2060"},"modified":"2014-03-15T16:53:33","modified_gmt":"2014-03-15T14:53:33","slug":"allaiter-et-travailler-le-temoignage-de-mymy","status":"publish","type":"post","link":"https:\/\/www.lactissima.com\/a-tire-d-ailes\/allaiter-et-travailler-le-temoignage-de-mymy\/","title":{"rendered":"Allaiter et travailler : le t\u00e9moignage de Mymy"},"content":{"rendered":"<p style=\"text-align: justify;\"><a href=\"https:\/\/www.lactissima.com\/a-tire-d-ailes\/wp-content\/uploads\/allaitement-et-travail2.jpg\"><img loading=\"lazy\" decoding=\"async\" class=\"alignright size-full wp-image-2063\" title=\"tirer-son-lait\" alt=\"\" src=\"https:\/\/www.lactissima.com\/a-tire-d-ailes\/wp-content\/uploads\/allaitement-et-travail2.jpg\" width=\"269\" height=\"358\" \/><\/a><strong>L&rsquo;allaitement <\/strong>\u00e9tait une <strong>\u00e9vidence <\/strong>pour moi. Je ne me suis m\u00eame pas pos\u00e9 la question de savoir si j&rsquo;allais allaiter mon b\u00e9b\u00e9 ou lui donner le biberon.<\/p>\n<p style=\"text-align: justify;\">Mais je pensais que le <strong>sevrage <\/strong>devait forc\u00e9ment se faire avec la <strong>reprise du travail<\/strong>. Lorsque j&rsquo;en ai parl\u00e9 \u00e0 ma<strong> sage-femme<\/strong>, elle m&rsquo;a r\u00e9pondu que je pouvais tout \u00e0 fait <strong>poursuivre <\/strong>l&rsquo;allaitement pendant mon travail et elle m&rsquo;a expliqu\u00e9 le fonctionnement du<strong> tire-lait<\/strong>. J&rsquo;avais du mal \u00e0 me le repr\u00e9senter mais <strong>l&rsquo;id\u00e9e <\/strong>\u00e9tait d\u00e9sormais l\u00e0 !<\/p>\n<p style=\"text-align: justify;\">Alors cela m&rsquo;est apparu comme une \u00e9vidence. Et j&rsquo;ai <strong>lou\u00e9 <\/strong>mon tire-lait. Mais je n&rsquo;ai pas pu l&rsquo;utiliser d\u00e8s le premier mois de la naissance de mon fils comme ma sage-femme me l&rsquo;avait conseill\u00e9. Je n&rsquo;en avais pas envie. Mais j&rsquo;ai commenc\u00e9 un mois avant la reprise de mon travail pour me <strong>familiariser <\/strong>avec, mon fils avait alors trois mois. Et je <strong>congelais <\/strong>ce lait en vue d&rsquo;une <strong>r\u00e9serve<\/strong>, juste au cas o\u00f9 je manquerais un jour.<\/p>\n<p style=\"text-align: justify;\">Par contre, j&rsquo;appr\u00e9hendais beaucoup le fait de <strong>ne pas avoir assez<\/strong> pour couvrir toute la journ\u00e9e. Je me demandais quelle quantit\u00e9 il allait boire ? Combien de fois par jour ? Combien de biberons devrais-je pr\u00e9voir ? Travaillant dix heures par jour, je suis s\u00e9par\u00e9e de mon fils onze heures. J&rsquo;ai alors introduit du <strong>lait en poudre<\/strong> juste en compl\u00e9ment, et occasionnellement. Le plus important pour moi \u00e9tait qu&rsquo;il boive un <strong>maximum <\/strong>de mon lait. Et puis, l&rsquo;adaptation chez la nourrice m&rsquo;a bien aid\u00e9e \u00e0 voir tout cela, surtout le dernier jour lorsqu&rsquo;elle l&rsquo;a gard\u00e9 toute la journ\u00e9e. Je savais que j&rsquo;\u00e9tais encore <strong>disponible <\/strong>s&rsquo;il avait besoin de plus.<\/p>\n<p style=\"text-align: justify;\">Ce fameux jour J est arriv\u00e9. Je n&rsquo;avais pas sp\u00e9cialement d&rsquo;appr\u00e9hension. Mon b\u00e9b\u00e9 a presque cinq mois e<strong>t je tire toujours mon lait<\/strong> (deux fois une demi-heure par jour). Ma directrice a mis \u00e0 ma disposition la<strong> salle de pause<\/strong> du personnel pendant ces deux moments l\u00e0 . Quand j&rsquo;y suis, j&rsquo;affiche une <strong>\u00e9tiquette <\/strong>sur la poign\u00e9e de la porte \u00ab\u00a0merci de ne pas entrer\u00a0\u00bb et je peux tirer mon lait en toute <strong>intimit\u00e9<\/strong>. Travaillant en <strong>cr\u00e8che<\/strong>, il m&rsquo;est tr\u00e8s facile de conserver mon lait au r\u00e9frig\u00e9rateur avant de le reprendre le soir. Je r\u00e9serve donc mes biberons pour le lendemain chez la nourrice.<\/p>\n<p style=\"text-align: justify;\">Je suis vraiment <strong>\u00e9panouie <\/strong>avec mon allaitement et dans la relation que j&rsquo;ai avec mon fils. C&rsquo;est une formidable <strong>exp\u00e9rience <\/strong>que j&rsquo;esp\u00e8re poursuivre encore pendant plusieurs mois, et m\u00eame pour le deuxi\u00e8me b\u00e9b\u00e9&#8230;<\/p>\n<p style=\"text-align: justify;\"><strong>Articles en rapport :<\/strong><\/p>\n<ul>\n<li style=\"text-align: justify;\">Voir l&rsquo;onglet <a href=\"https:\/\/www.lactissima.com\/a-tire-d-ailes\/?page_id=1179\" target=\"_blank\">t\u00e9moignages<\/a><\/li>\n<\/ul>\n<p>&nbsp;<\/p>\n","protected":false},"excerpt":{"rendered":"<p>Je suis vraiment \u00e9panouie avec mon allaitement et dans la relation que j&rsquo;ai avec mon fils. C&rsquo;est une formidable exp\u00e9rience que j&rsquo;esp\u00e8re poursuivre encore pendant plusieurs mois, et m\u00eame pour le deuxi\u00e8me b\u00e9b\u00e9&#8230;<\/p>\n","protected":false},"author":170,"featured_media":2063,"comment_status":"open","ping_status":"open","sticky":false,"template":"","format":"standard","meta":{"_et_pb_use_builder":"","_et_pb_old_content":"","_et_gb_content_width":"","footnotes":""},"categories":[36,150],"tags":[50,133,285,57],"class_list":["post-2060","post","type-post","status-publish","format-standard","has-post-thumbnail","hentry","category-allaitement-et-travail","category-temoignages","tag-creche","tag-sage-femme","tag-salle-de-pause","tag-tire-lait"],"yoast_head":"<!-- This site is optimized with the Yoast SEO plugin v27.4 - https:\/\/yoast.com\/product\/yoast-seo-wordpress\/ -->\n<title>Allaiter et travailler : le t\u00e9moignage de Mymy<\/title>\n<meta name=\"description\" content=\"Je suis vraiment \u00e9panouie avec mon allaitement et dans la relation que j&#039;ai avec mon fils. C&#039;est une formidable exp\u00e9rience que j&#039;esp\u00e8re poursuivre encore pendant plusieurs mois, et m\u00eame pour le deuxi\u00e8me b\u00e9b\u00e9...\" \/>\n<meta name=\"robots\" content=\"index, follow, max-snippet:-1, max-image-preview:large, max-video-preview:-1\" \/>\n<link rel=\"canonical\" href=\"https:\/\/www.lactissima.com\/a-tire-d-ailes\/allaiter-et-travailler-le-temoignage-de-mymy\/\" \/>\n<meta property=\"og:locale\" content=\"fr_FR\" \/>\n<meta property=\"og:type\" content=\"article\" \/>\n<meta property=\"og:title\" content=\"Allaiter et travailler : le t\u00e9moignage de Mymy\" \/>\n<meta property=\"og:description\" content=\"Je suis vraiment \u00e9panouie avec mon allaitement et dans la relation que j&#039;ai avec mon fils. C&#039;est une formidable exp\u00e9rience que j&#039;esp\u00e8re poursuivre encore pendant plusieurs mois, et m\u00eame pour le deuxi\u00e8me b\u00e9b\u00e9...\" \/>\n<meta property=\"og:url\" content=\"https:\/\/www.lactissima.com\/a-tire-d-ailes\/allaiter-et-travailler-le-temoignage-de-mymy\/\" \/>\n<meta property=\"og:site_name\" content=\"A tire d&#039;Ailes\" \/>\n<meta property=\"article:publisher\" content=\"https:\/\/www.facebook.com\/consultante.en.lactation\" \/>\n<meta property=\"article:author\" content=\"www.facebook.com\/consultante.en.lactation\" \/>\n<meta property=\"article:published_time\" content=\"2011-04-01T19:48:08+00:00\" \/>\n<meta property=\"article:modified_time\" content=\"2014-03-15T14:53:33+00:00\" \/>\n<meta property=\"og:image\" content=\"https:\/\/www.lactissima.com\/a-tire-d-ailes\/wp-content\/uploads\/allaitement-et-travail2.jpg\" \/>\n\t<meta property=\"og:image:width\" content=\"336\" \/>\n\t<meta property=\"og:image:height\" content=\"448\" \/>\n\t<meta property=\"og:image:type\" content=\"image\/jpeg\" \/>\n<meta name=\"author\" content=\"V\u00e9ronique Darmangeat\" \/>\n<meta name=\"twitter:card\" content=\"summary_large_image\" \/>\n<meta name=\"twitter:creator\" content=\"@VeroniqueIBCLC\" \/>\n<meta name=\"twitter:site\" content=\"@VeroniqueIBCLC\" \/>\n<meta name=\"twitter:label1\" content=\"\u00c9crit par\" \/>\n\t<meta name=\"twitter:data1\" content=\"V\u00e9ronique Darmangeat\" \/>\n\t<meta name=\"twitter:label2\" content=\"Dur\u00e9e de lecture estim\u00e9e\" \/>\n\t<meta name=\"twitter:data2\" content=\"2 minutes\" \/>\n<script type=\"application\/ld+json\" class=\"yoast-schema-graph\">{\"@context\":\"https:\\\/\\\/schema.org\",\"@graph\":[{\"@type\":\"Article\",\"@id\":\"https:\\\/\\\/www.lactissima.com\\\/a-tire-d-ailes\\\/allaiter-et-travailler-le-temoignage-de-mymy\\\/#article\",\"isPartOf\":{\"@id\":\"https:\\\/\\\/www.lactissima.com\\\/a-tire-d-ailes\\\/allaiter-et-travailler-le-temoignage-de-mymy\\\/\"},\"author\":{\"name\":\"V\u00e9ronique Darmangeat\",\"@id\":\"https:\\\/\\\/www.lactissima.com\\\/a-tire-d-ailes\\\/#\\\/schema\\\/person\\\/8f98d3a89530861bc1240e6d53d44eed\"},\"headline\":\"Allaiter et travailler : le t\u00e9moignage de Mymy\",\"datePublished\":\"2011-04-01T19:48:08+00:00\",\"dateModified\":\"2014-03-15T14:53:33+00:00\",\"mainEntityOfPage\":{\"@id\":\"https:\\\/\\\/www.lactissima.com\\\/a-tire-d-ailes\\\/allaiter-et-travailler-le-temoignage-de-mymy\\\/\"},\"wordCount\":478,\"commentCount\":0,\"image\":{\"@id\":\"https:\\\/\\\/www.lactissima.com\\\/a-tire-d-ailes\\\/allaiter-et-travailler-le-temoignage-de-mymy\\\/#primaryimage\"},\"thumbnailUrl\":\"https:\\\/\\\/www.lactissima.com\\\/a-tire-d-ailes\\\/wp-content\\\/uploads\\\/allaitement-et-travail2.jpg\",\"keywords\":[\"cr\u00e8che\",\"sage-femme\",\"salle de pause\",\"tire-lait\"],\"articleSection\":[\"Allaitement et Travail\",\"t\u00e9moignages\"],\"inLanguage\":\"fr-FR\",\"potentialAction\":[{\"@type\":\"CommentAction\",\"name\":\"Comment\",\"target\":[\"https:\\\/\\\/www.lactissima.com\\\/a-tire-d-ailes\\\/allaiter-et-travailler-le-temoignage-de-mymy\\\/#respond\"]}]},{\"@type\":\"WebPage\",\"@id\":\"https:\\\/\\\/www.lactissima.com\\\/a-tire-d-ailes\\\/allaiter-et-travailler-le-temoignage-de-mymy\\\/\",\"url\":\"https:\\\/\\\/www.lactissima.com\\\/a-tire-d-ailes\\\/allaiter-et-travailler-le-temoignage-de-mymy\\\/\",\"name\":\"Allaiter et travailler : le t\u00e9moignage de Mymy\",\"isPartOf\":{\"@id\":\"https:\\\/\\\/www.lactissima.com\\\/a-tire-d-ailes\\\/#website\"},\"primaryImageOfPage\":{\"@id\":\"https:\\\/\\\/www.lactissima.com\\\/a-tire-d-ailes\\\/allaiter-et-travailler-le-temoignage-de-mymy\\\/#primaryimage\"},\"image\":{\"@id\":\"https:\\\/\\\/www.lactissima.com\\\/a-tire-d-ailes\\\/allaiter-et-travailler-le-temoignage-de-mymy\\\/#primaryimage\"},\"thumbnailUrl\":\"https:\\\/\\\/www.lactissima.com\\\/a-tire-d-ailes\\\/wp-content\\\/uploads\\\/allaitement-et-travail2.jpg\",\"datePublished\":\"2011-04-01T19:48:08+00:00\",\"dateModified\":\"2014-03-15T14:53:33+00:00\",\"author\":{\"@id\":\"https:\\\/\\\/www.lactissima.com\\\/a-tire-d-ailes\\\/#\\\/schema\\\/person\\\/8f98d3a89530861bc1240e6d53d44eed\"},\"description\":\"Je suis vraiment \u00e9panouie avec mon allaitement et dans la relation que j'ai avec mon fils. C'est une formidable exp\u00e9rience que j'esp\u00e8re poursuivre encore pendant plusieurs mois, et m\u00eame pour le deuxi\u00e8me b\u00e9b\u00e9...\",\"breadcrumb\":{\"@id\":\"https:\\\/\\\/www.lactissima.com\\\/a-tire-d-ailes\\\/allaiter-et-travailler-le-temoignage-de-mymy\\\/#breadcrumb\"},\"inLanguage\":\"fr-FR\",\"potentialAction\":[{\"@type\":\"ReadAction\",\"target\":[\"https:\\\/\\\/www.lactissima.com\\\/a-tire-d-ailes\\\/allaiter-et-travailler-le-temoignage-de-mymy\\\/\"]}]},{\"@type\":\"ImageObject\",\"inLanguage\":\"fr-FR\",\"@id\":\"https:\\\/\\\/www.lactissima.com\\\/a-tire-d-ailes\\\/allaiter-et-travailler-le-temoignage-de-mymy\\\/#primaryimage\",\"url\":\"https:\\\/\\\/www.lactissima.com\\\/a-tire-d-ailes\\\/wp-content\\\/uploads\\\/allaitement-et-travail2.jpg\",\"contentUrl\":\"https:\\\/\\\/www.lactissima.com\\\/a-tire-d-ailes\\\/wp-content\\\/uploads\\\/allaitement-et-travail2.jpg\",\"width\":\"336\",\"height\":\"448\"},{\"@type\":\"BreadcrumbList\",\"@id\":\"https:\\\/\\\/www.lactissima.com\\\/a-tire-d-ailes\\\/allaiter-et-travailler-le-temoignage-de-mymy\\\/#breadcrumb\",\"itemListElement\":[{\"@type\":\"ListItem\",\"position\":1,\"name\":\"Accueil\",\"item\":\"https:\\\/\\\/www.lactissima.com\\\/a-tire-d-ailes\\\/\"},{\"@type\":\"ListItem\",\"position\":2,\"name\":\"Allaiter et travailler : le t\u00e9moignage de Mymy\"}]},{\"@type\":\"WebSite\",\"@id\":\"https:\\\/\\\/www.lactissima.com\\\/a-tire-d-ailes\\\/#website\",\"url\":\"https:\\\/\\\/www.lactissima.com\\\/a-tire-d-ailes\\\/\",\"name\":\"A tire d&#039;Ailes\",\"description\":\"Le blog des femmes qui allaitent et travaillent.\",\"potentialAction\":[{\"@type\":\"SearchAction\",\"target\":{\"@type\":\"EntryPoint\",\"urlTemplate\":\"https:\\\/\\\/www.lactissima.com\\\/a-tire-d-ailes\\\/?s={search_term_string}\"},\"query-input\":{\"@type\":\"PropertyValueSpecification\",\"valueRequired\":true,\"valueName\":\"search_term_string\"}}],\"inLanguage\":\"fr-FR\"},{\"@type\":\"Person\",\"@id\":\"https:\\\/\\\/www.lactissima.com\\\/a-tire-d-ailes\\\/#\\\/schema\\\/person\\\/8f98d3a89530861bc1240e6d53d44eed\",\"name\":\"V\u00e9ronique Darmangeat\",\"image\":{\"@type\":\"ImageObject\",\"inLanguage\":\"fr-FR\",\"@id\":\"https:\\\/\\\/secure.gravatar.com\\\/avatar\\\/268c99344c89cebfe4f5df5fa8be43068a18884fc76a29f3206fae98465b9cab?s=96&d=identicon&r=g\",\"url\":\"https:\\\/\\\/secure.gravatar.com\\\/avatar\\\/268c99344c89cebfe4f5df5fa8be43068a18884fc76a29f3206fae98465b9cab?s=96&d=identicon&r=g\",\"contentUrl\":\"https:\\\/\\\/secure.gravatar.com\\\/avatar\\\/268c99344c89cebfe4f5df5fa8be43068a18884fc76a29f3206fae98465b9cab?s=96&d=identicon&r=g\",\"caption\":\"V\u00e9ronique Darmangeat\"},\"sameAs\":[\"https:\\\/\\\/www.lactissima.com\\\/a-tire-d-ailes\",\"www.facebook.com\\\/consultante.en.lactation\"]}]}<\/script>\n<!-- \/ Yoast SEO plugin. -->","yoast_head_json":{"title":"Allaiter et travailler : le t\u00e9moignage de Mymy","description":"Je suis vraiment \u00e9panouie avec mon allaitement et dans la relation que j'ai avec mon fils. C'est une formidable exp\u00e9rience que j'esp\u00e8re poursuivre encore pendant plusieurs mois, et m\u00eame pour le deuxi\u00e8me b\u00e9b\u00e9...","robots":{"index":"index","follow":"follow","max-snippet":"max-snippet:-1","max-image-preview":"max-image-preview:large","max-video-preview":"max-video-preview:-1"},"canonical":"https:\/\/www.lactissima.com\/a-tire-d-ailes\/allaiter-et-travailler-le-temoignage-de-mymy\/","og_locale":"fr_FR","og_type":"article","og_title":"Allaiter et travailler : le t\u00e9moignage de Mymy","og_description":"Je suis vraiment \u00e9panouie avec mon allaitement et dans la relation que j'ai avec mon fils. C'est une formidable exp\u00e9rience que j'esp\u00e8re poursuivre encore pendant plusieurs mois, et m\u00eame pour le deuxi\u00e8me b\u00e9b\u00e9...","og_url":"https:\/\/www.lactissima.com\/a-tire-d-ailes\/allaiter-et-travailler-le-temoignage-de-mymy\/","og_site_name":"A tire d&#039;Ailes","article_publisher":"https:\/\/www.facebook.com\/consultante.en.lactation","article_author":"www.facebook.com\/consultante.en.lactation","article_published_time":"2011-04-01T19:48:08+00:00","article_modified_time":"2014-03-15T14:53:33+00:00","og_image":[{"width":336,"height":448,"url":"https:\/\/www.lactissima.com\/a-tire-d-ailes\/wp-content\/uploads\/allaitement-et-travail2.jpg","type":"image\/jpeg"}],"author":"V\u00e9ronique Darmangeat","twitter_card":"summary_large_image","twitter_creator":"@VeroniqueIBCLC","twitter_site":"@VeroniqueIBCLC","twitter_misc":{"\u00c9crit par":"V\u00e9ronique Darmangeat","Dur\u00e9e de lecture estim\u00e9e":"2 minutes"},"schema":{"@context":"https:\/\/schema.org","@graph":[{"@type":"Article","@id":"https:\/\/www.lactissima.com\/a-tire-d-ailes\/allaiter-et-travailler-le-temoignage-de-mymy\/#article","isPartOf":{"@id":"https:\/\/www.lactissima.com\/a-tire-d-ailes\/allaiter-et-travailler-le-temoignage-de-mymy\/"},"author":{"name":"V\u00e9ronique Darmangeat","@id":"https:\/\/www.lactissima.com\/a-tire-d-ailes\/#\/schema\/person\/8f98d3a89530861bc1240e6d53d44eed"},"headline":"Allaiter et travailler : le t\u00e9moignage de Mymy","datePublished":"2011-04-01T19:48:08+00:00","dateModified":"2014-03-15T14:53:33+00:00","mainEntityOfPage":{"@id":"https:\/\/www.lactissima.com\/a-tire-d-ailes\/allaiter-et-travailler-le-temoignage-de-mymy\/"},"wordCount":478,"commentCount":0,"image":{"@id":"https:\/\/www.lactissima.com\/a-tire-d-ailes\/allaiter-et-travailler-le-temoignage-de-mymy\/#primaryimage"},"thumbnailUrl":"https:\/\/www.lactissima.com\/a-tire-d-ailes\/wp-content\/uploads\/allaitement-et-travail2.jpg","keywords":["cr\u00e8che","sage-femme","salle de pause","tire-lait"],"articleSection":["Allaitement et Travail","t\u00e9moignages"],"inLanguage":"fr-FR","potentialAction":[{"@type":"CommentAction","name":"Comment","target":["https:\/\/www.lactissima.com\/a-tire-d-ailes\/allaiter-et-travailler-le-temoignage-de-mymy\/#respond"]}]},{"@type":"WebPage","@id":"https:\/\/www.lactissima.com\/a-tire-d-ailes\/allaiter-et-travailler-le-temoignage-de-mymy\/","url":"https:\/\/www.lactissima.com\/a-tire-d-ailes\/allaiter-et-travailler-le-temoignage-de-mymy\/","name":"Allaiter et travailler : le t\u00e9moignage de Mymy","isPartOf":{"@id":"https:\/\/www.lactissima.com\/a-tire-d-ailes\/#website"},"primaryImageOfPage":{"@id":"https:\/\/www.lactissima.com\/a-tire-d-ailes\/allaiter-et-travailler-le-temoignage-de-mymy\/#primaryimage"},"image":{"@id":"https:\/\/www.lactissima.com\/a-tire-d-ailes\/allaiter-et-travailler-le-temoignage-de-mymy\/#primaryimage"},"thumbnailUrl":"https:\/\/www.lactissima.com\/a-tire-d-ailes\/wp-content\/uploads\/allaitement-et-travail2.jpg","datePublished":"2011-04-01T19:48:08+00:00","dateModified":"2014-03-15T14:53:33+00:00","author":{"@id":"https:\/\/www.lactissima.com\/a-tire-d-ailes\/#\/schema\/person\/8f98d3a89530861bc1240e6d53d44eed"},"description":"Je suis vraiment \u00e9panouie avec mon allaitement et dans la relation que j'ai avec mon fils. C'est une formidable exp\u00e9rience que j'esp\u00e8re poursuivre encore pendant plusieurs mois, et m\u00eame pour le deuxi\u00e8me b\u00e9b\u00e9...","breadcrumb":{"@id":"https:\/\/www.lactissima.com\/a-tire-d-ailes\/allaiter-et-travailler-le-temoignage-de-mymy\/#breadcrumb"},"inLanguage":"fr-FR","potentialAction":[{"@type":"ReadAction","target":["https:\/\/www.lactissima.com\/a-tire-d-ailes\/allaiter-et-travailler-le-temoignage-de-mymy\/"]}]},{"@type":"ImageObject","inLanguage":"fr-FR","@id":"https:\/\/www.lactissima.com\/a-tire-d-ailes\/allaiter-et-travailler-le-temoignage-de-mymy\/#primaryimage","url":"https:\/\/www.lactissima.com\/a-tire-d-ailes\/wp-content\/uploads\/allaitement-et-travail2.jpg","contentUrl":"https:\/\/www.lactissima.com\/a-tire-d-ailes\/wp-content\/uploads\/allaitement-et-travail2.jpg","width":"336","height":"448"},{"@type":"BreadcrumbList","@id":"https:\/\/www.lactissima.com\/a-tire-d-ailes\/allaiter-et-travailler-le-temoignage-de-mymy\/#breadcrumb","itemListElement":[{"@type":"ListItem","position":1,"name":"Accueil","item":"https:\/\/www.lactissima.com\/a-tire-d-ailes\/"},{"@type":"ListItem","position":2,"name":"Allaiter et travailler : le t\u00e9moignage de Mymy"}]},{"@type":"WebSite","@id":"https:\/\/www.lactissima.com\/a-tire-d-ailes\/#website","url":"https:\/\/www.lactissima.com\/a-tire-d-ailes\/","name":"A tire d&#039;Ailes","description":"Le blog des femmes qui allaitent et travaillent.","potentialAction":[{"@type":"SearchAction","target":{"@type":"EntryPoint","urlTemplate":"https:\/\/www.lactissima.com\/a-tire-d-ailes\/?s={search_term_string}"},"query-input":{"@type":"PropertyValueSpecification","valueRequired":true,"valueName":"search_term_string"}}],"inLanguage":"fr-FR"},{"@type":"Person","@id":"https:\/\/www.lactissima.com\/a-tire-d-ailes\/#\/schema\/person\/8f98d3a89530861bc1240e6d53d44eed","name":"V\u00e9ronique Darmangeat","image":{"@type":"ImageObject","inLanguage":"fr-FR","@id":"https:\/\/secure.gravatar.com\/avatar\/268c99344c89cebfe4f5df5fa8be43068a18884fc76a29f3206fae98465b9cab?s=96&d=identicon&r=g","url":"https:\/\/secure.gravatar.com\/avatar\/268c99344c89cebfe4f5df5fa8be43068a18884fc76a29f3206fae98465b9cab?s=96&d=identicon&r=g","contentUrl":"https:\/\/secure.gravatar.com\/avatar\/268c99344c89cebfe4f5df5fa8be43068a18884fc76a29f3206fae98465b9cab?s=96&d=identicon&r=g","caption":"V\u00e9ronique Darmangeat"},"sameAs":["https:\/\/www.lactissima.com\/a-tire-d-ailes","www.facebook.com\/consultante.en.lactation"]}]}},"_links":{"self":[{"href":"https:\/\/www.lactissima.com\/a-tire-d-ailes\/wp-json\/wp\/v2\/posts\/2060","targetHints":{"allow":["GET"]}}],"collection":[{"href":"https:\/\/www.lactissima.com\/a-tire-d-ailes\/wp-json\/wp\/v2\/posts"}],"about":[{"href":"https:\/\/www.lactissima.com\/a-tire-d-ailes\/wp-json\/wp\/v2\/types\/post"}],"author":[{"embeddable":true,"href":"https:\/\/www.lactissima.com\/a-tire-d-ailes\/wp-json\/wp\/v2\/users\/170"}],"replies":[{"embeddable":true,"href":"https:\/\/www.lactissima.com\/a-tire-d-ailes\/wp-json\/wp\/v2\/comments?post=2060"}],"version-history":[{"count":9,"href":"https:\/\/www.lactissima.com\/a-tire-d-ailes\/wp-json\/wp\/v2\/posts\/2060\/revisions"}],"predecessor-version":[{"id":5386,"href":"https:\/\/www.lactissima.com\/a-tire-d-ailes\/wp-json\/wp\/v2\/posts\/2060\/revisions\/5386"}],"wp:featuredmedia":[{"embeddable":true,"href":"https:\/\/www.lactissima.com\/a-tire-d-ailes\/wp-json\/wp\/v2\/media\/2063"}],"wp:attachment":[{"href":"https:\/\/www.lactissima.com\/a-tire-d-ailes\/wp-json\/wp\/v2\/media?parent=2060"}],"wp:term":[{"taxonomy":"category","embeddable":true,"href":"https:\/\/www.lactissima.com\/a-tire-d-ailes\/wp-json\/wp\/v2\/categories?post=2060"},{"taxonomy":"post_tag","embeddable":true,"href":"https:\/\/www.lactissima.com\/a-tire-d-ailes\/wp-json\/wp\/v2\/tags?post=2060"}],"curies":[{"name":"wp","href":"https:\/\/api.w.org\/{rel}","templated":true}]}}