{"id":205,"date":"2009-03-01T18:12:32","date_gmt":"2009-03-01T17:12:32","guid":{"rendered":"https:\/\/www.lactissima.com\/a-tire-d-ailes\/?p=205"},"modified":"2015-09-09T08:18:04","modified_gmt":"2015-09-09T06:18:04","slug":"lacademie-de-medecine-se-prononce-en-faveur-de-lallaitement","status":"publish","type":"post","link":"https:\/\/www.lactissima.com\/a-tire-d-ailes\/lacademie-de-medecine-se-prononce-en-faveur-de-lallaitement\/","title":{"rendered":"L&rsquo;acad\u00e9mie de m\u00e9decine se prononce en faveur de l&rsquo;allaitement."},"content":{"rendered":"<p style=\"text-align: justify;\"><img loading=\"lazy\" decoding=\"async\" class=\"alignleft size-thumbnail wp-image-211\" title=\"acad\u00e9mie de m\u00e9decine\" alt=\"bebe\" src=\"https:\/\/www.lactissima.com\/a-tire-d-ailes\/wp-content\/uploads\/bebe-150x150.jpg\" width=\"150\" height=\"150\" \/><span style=\"color: #888888;\">L&rsquo;<span style=\"color: #888888;\">acad\u00e9mie de m\u00e9decine<\/span> se prononce en faveur de l&rsquo;<a title=\"allaitement\" href=\"http:\/\/www.allaiteraparis.fr\/professionnels-de-sante\" target=\"_blank\"><span style=\"color: #888888;\">allaitement maternel<\/span><\/a> en demandant un cong\u00e9 maternit\u00e9 d&rsquo;au moins 4 mois pour les femmes qui allaitent. Voil\u00e0 une bonne nouvelle !<\/span><\/p>\n<p style=\"text-align: justify;\"><span style=\"color: #888888;\">C&rsquo;est la premi\u00e8re fois que cet organisme fait une d\u00e9claration publique aussi nette sur le sujet.<\/span><\/p>\n<p style=\"text-align: justify;\"><span style=\"color: #888888;\">Esp\u00e9rons qu&rsquo;il sera entendu.<\/span><\/p>\n<p>&nbsp;<\/p>\n","protected":false},"excerpt":{"rendered":"<p>L&rsquo;acad\u00e9mie de m\u00e9decine se prononce en faveur de l&rsquo;allaitement maternel.<\/p>\n","protected":false},"author":170,"featured_media":0,"comment_status":"open","ping_status":"open","sticky":false,"template":"","format":"standard","meta":{"_et_pb_use_builder":"","_et_pb_old_content":"","_et_gb_content_width":"","footnotes":""},"categories":[34,35,37],"tags":[47,316],"class_list":["post-205","post","type-post","status-publish","format-standard","hentry","category-actualites","category-allaitement","category-articulation-vie-professionnelle-vie-famille","tag-academie-de-medecine","tag-allaitement-maternel"],"yoast_head":"<!-- This site is optimized with the Yoast SEO plugin v27.4 - https:\/\/yoast.com\/product\/yoast-seo-wordpress\/ -->\n<title>L&#039;acad\u00e9mie de m\u00e9decine se prononce en faveur de l&#039;allaitement.<\/title>\n<meta name=\"description\" content=\"L&#039;acad\u00e9mie de m\u00e9decine se prononce en faveur de l&#039;allaitement maternel.\" \/>\n<meta name=\"robots\" content=\"index, follow, max-snippet:-1, max-image-preview:large, max-video-preview:-1\" \/>\n<link rel=\"canonical\" href=\"https:\/\/www.lactissima.com\/a-tire-d-ailes\/lacademie-de-medecine-se-prononce-en-faveur-de-lallaitement\/\" \/>\n<meta property=\"og:locale\" content=\"fr_FR\" \/>\n<meta property=\"og:type\" content=\"article\" \/>\n<meta property=\"og:title\" content=\"L&#039;acad\u00e9mie de m\u00e9decine se prononce en faveur de l&#039;allaitement.\" \/>\n<meta property=\"og:description\" content=\"L&#039;acad\u00e9mie de m\u00e9decine se prononce en faveur de l&#039;allaitement maternel.\" \/>\n<meta property=\"og:url\" content=\"https:\/\/www.lactissima.com\/a-tire-d-ailes\/lacademie-de-medecine-se-prononce-en-faveur-de-lallaitement\/\" \/>\n<meta property=\"og:site_name\" content=\"A tire d&#039;Ailes\" \/>\n<meta property=\"article:publisher\" content=\"https:\/\/www.facebook.com\/consultante.en.lactation\" \/>\n<meta property=\"article:author\" content=\"www.facebook.com\/consultante.en.lactation\" \/>\n<meta property=\"article:published_time\" content=\"2009-03-01T17:12:32+00:00\" \/>\n<meta property=\"article:modified_time\" content=\"2015-09-09T06:18:04+00:00\" \/>\n<meta property=\"og:image\" content=\"https:\/\/www.lactissima.com\/a-tire-d-ailes\/wp-content\/uploads\/bebe-150x150.jpg\" \/>\n<meta name=\"author\" content=\"V\u00e9ronique Darmangeat\" \/>\n<meta name=\"twitter:card\" content=\"summary_large_image\" \/>\n<meta name=\"twitter:creator\" content=\"@VeroniqueIBCLC\" \/>\n<meta name=\"twitter:site\" content=\"@VeroniqueIBCLC\" \/>\n<meta name=\"twitter:label1\" content=\"\u00c9crit par\" \/>\n\t<meta name=\"twitter:data1\" content=\"V\u00e9ronique Darmangeat\" \/>\n<script type=\"application\/ld+json\" class=\"yoast-schema-graph\">{\"@context\":\"https:\\\/\\\/schema.org\",\"@graph\":[{\"@type\":\"Article\",\"@id\":\"https:\\\/\\\/www.lactissima.com\\\/a-tire-d-ailes\\\/lacademie-de-medecine-se-prononce-en-faveur-de-lallaitement\\\/#article\",\"isPartOf\":{\"@id\":\"https:\\\/\\\/www.lactissima.com\\\/a-tire-d-ailes\\\/lacademie-de-medecine-se-prononce-en-faveur-de-lallaitement\\\/\"},\"author\":{\"name\":\"V\u00e9ronique Darmangeat\",\"@id\":\"https:\\\/\\\/www.lactissima.com\\\/a-tire-d-ailes\\\/#\\\/schema\\\/person\\\/8f98d3a89530861bc1240e6d53d44eed\"},\"headline\":\"L&rsquo;acad\u00e9mie de m\u00e9decine se prononce en faveur de l&rsquo;allaitement.\",\"datePublished\":\"2009-03-01T17:12:32+00:00\",\"dateModified\":\"2015-09-09T06:18:04+00:00\",\"mainEntityOfPage\":{\"@id\":\"https:\\\/\\\/www.lactissima.com\\\/a-tire-d-ailes\\\/lacademie-de-medecine-se-prononce-en-faveur-de-lallaitement\\\/\"},\"wordCount\":71,\"commentCount\":0,\"image\":{\"@id\":\"https:\\\/\\\/www.lactissima.com\\\/a-tire-d-ailes\\\/lacademie-de-medecine-se-prononce-en-faveur-de-lallaitement\\\/#primaryimage\"},\"thumbnailUrl\":\"https:\\\/\\\/www.lactissima.com\\\/a-tire-d-ailes\\\/wp-content\\\/uploads\\\/bebe-150x150.jpg\",\"keywords\":[\"acad\u00e9mie de m\u00e9decine\",\"allaitement maternel\"],\"articleSection\":[\"Actualit\u00e9s\",\"Allaitement\",\"Articulation Vie Professionnelle Vie Famille\"],\"inLanguage\":\"fr-FR\",\"potentialAction\":[{\"@type\":\"CommentAction\",\"name\":\"Comment\",\"target\":[\"https:\\\/\\\/www.lactissima.com\\\/a-tire-d-ailes\\\/lacademie-de-medecine-se-prononce-en-faveur-de-lallaitement\\\/#respond\"]}]},{\"@type\":\"WebPage\",\"@id\":\"https:\\\/\\\/www.lactissima.com\\\/a-tire-d-ailes\\\/lacademie-de-medecine-se-prononce-en-faveur-de-lallaitement\\\/\",\"url\":\"https:\\\/\\\/www.lactissima.com\\\/a-tire-d-ailes\\\/lacademie-de-medecine-se-prononce-en-faveur-de-lallaitement\\\/\",\"name\":\"L'acad\u00e9mie de m\u00e9decine se prononce en faveur de l'allaitement.\",\"isPartOf\":{\"@id\":\"https:\\\/\\\/www.lactissima.com\\\/a-tire-d-ailes\\\/#website\"},\"primaryImageOfPage\":{\"@id\":\"https:\\\/\\\/www.lactissima.com\\\/a-tire-d-ailes\\\/lacademie-de-medecine-se-prononce-en-faveur-de-lallaitement\\\/#primaryimage\"},\"image\":{\"@id\":\"https:\\\/\\\/www.lactissima.com\\\/a-tire-d-ailes\\\/lacademie-de-medecine-se-prononce-en-faveur-de-lallaitement\\\/#primaryimage\"},\"thumbnailUrl\":\"https:\\\/\\\/www.lactissima.com\\\/a-tire-d-ailes\\\/wp-content\\\/uploads\\\/bebe-150x150.jpg\",\"datePublished\":\"2009-03-01T17:12:32+00:00\",\"dateModified\":\"2015-09-09T06:18:04+00:00\",\"author\":{\"@id\":\"https:\\\/\\\/www.lactissima.com\\\/a-tire-d-ailes\\\/#\\\/schema\\\/person\\\/8f98d3a89530861bc1240e6d53d44eed\"},\"description\":\"L'acad\u00e9mie de m\u00e9decine se prononce en faveur de l'allaitement maternel.\",\"breadcrumb\":{\"@id\":\"https:\\\/\\\/www.lactissima.com\\\/a-tire-d-ailes\\\/lacademie-de-medecine-se-prononce-en-faveur-de-lallaitement\\\/#breadcrumb\"},\"inLanguage\":\"fr-FR\",\"potentialAction\":[{\"@type\":\"ReadAction\",\"target\":[\"https:\\\/\\\/www.lactissima.com\\\/a-tire-d-ailes\\\/lacademie-de-medecine-se-prononce-en-faveur-de-lallaitement\\\/\"]}]},{\"@type\":\"ImageObject\",\"inLanguage\":\"fr-FR\",\"@id\":\"https:\\\/\\\/www.lactissima.com\\\/a-tire-d-ailes\\\/lacademie-de-medecine-se-prononce-en-faveur-de-lallaitement\\\/#primaryimage\",\"url\":\"https:\\\/\\\/www.lactissima.com\\\/a-tire-d-ailes\\\/wp-content\\\/uploads\\\/bebe-150x150.jpg\",\"contentUrl\":\"https:\\\/\\\/www.lactissima.com\\\/a-tire-d-ailes\\\/wp-content\\\/uploads\\\/bebe-150x150.jpg\"},{\"@type\":\"BreadcrumbList\",\"@id\":\"https:\\\/\\\/www.lactissima.com\\\/a-tire-d-ailes\\\/lacademie-de-medecine-se-prononce-en-faveur-de-lallaitement\\\/#breadcrumb\",\"itemListElement\":[{\"@type\":\"ListItem\",\"position\":1,\"name\":\"Accueil\",\"item\":\"https:\\\/\\\/www.lactissima.com\\\/a-tire-d-ailes\\\/\"},{\"@type\":\"ListItem\",\"position\":2,\"name\":\"L&rsquo;acad\u00e9mie de m\u00e9decine se prononce en faveur de l&rsquo;allaitement.\"}]},{\"@type\":\"WebSite\",\"@id\":\"https:\\\/\\\/www.lactissima.com\\\/a-tire-d-ailes\\\/#website\",\"url\":\"https:\\\/\\\/www.lactissima.com\\\/a-tire-d-ailes\\\/\",\"name\":\"A tire d&#039;Ailes\",\"description\":\"Le blog des femmes qui allaitent et travaillent.\",\"potentialAction\":[{\"@type\":\"SearchAction\",\"target\":{\"@type\":\"EntryPoint\",\"urlTemplate\":\"https:\\\/\\\/www.lactissima.com\\\/a-tire-d-ailes\\\/?s={search_term_string}\"},\"query-input\":{\"@type\":\"PropertyValueSpecification\",\"valueRequired\":true,\"valueName\":\"search_term_string\"}}],\"inLanguage\":\"fr-FR\"},{\"@type\":\"Person\",\"@id\":\"https:\\\/\\\/www.lactissima.com\\\/a-tire-d-ailes\\\/#\\\/schema\\\/person\\\/8f98d3a89530861bc1240e6d53d44eed\",\"name\":\"V\u00e9ronique Darmangeat\",\"image\":{\"@type\":\"ImageObject\",\"inLanguage\":\"fr-FR\",\"@id\":\"https:\\\/\\\/secure.gravatar.com\\\/avatar\\\/268c99344c89cebfe4f5df5fa8be43068a18884fc76a29f3206fae98465b9cab?s=96&d=identicon&r=g\",\"url\":\"https:\\\/\\\/secure.gravatar.com\\\/avatar\\\/268c99344c89cebfe4f5df5fa8be43068a18884fc76a29f3206fae98465b9cab?s=96&d=identicon&r=g\",\"contentUrl\":\"https:\\\/\\\/secure.gravatar.com\\\/avatar\\\/268c99344c89cebfe4f5df5fa8be43068a18884fc76a29f3206fae98465b9cab?s=96&d=identicon&r=g\",\"caption\":\"V\u00e9ronique Darmangeat\"},\"sameAs\":[\"https:\\\/\\\/www.lactissima.com\\\/a-tire-d-ailes\",\"www.facebook.com\\\/consultante.en.lactation\"]}]}<\/script>\n<!-- \/ Yoast SEO plugin. -->","yoast_head_json":{"title":"L'acad\u00e9mie de m\u00e9decine se prononce en faveur de l'allaitement.","description":"L'acad\u00e9mie de m\u00e9decine se prononce en faveur de l'allaitement maternel.","robots":{"index":"index","follow":"follow","max-snippet":"max-snippet:-1","max-image-preview":"max-image-preview:large","max-video-preview":"max-video-preview:-1"},"canonical":"https:\/\/www.lactissima.com\/a-tire-d-ailes\/lacademie-de-medecine-se-prononce-en-faveur-de-lallaitement\/","og_locale":"fr_FR","og_type":"article","og_title":"L'acad\u00e9mie de m\u00e9decine se prononce en faveur de l'allaitement.","og_description":"L'acad\u00e9mie de m\u00e9decine se prononce en faveur de l'allaitement maternel.","og_url":"https:\/\/www.lactissima.com\/a-tire-d-ailes\/lacademie-de-medecine-se-prononce-en-faveur-de-lallaitement\/","og_site_name":"A tire d&#039;Ailes","article_publisher":"https:\/\/www.facebook.com\/consultante.en.lactation","article_author":"www.facebook.com\/consultante.en.lactation","article_published_time":"2009-03-01T17:12:32+00:00","article_modified_time":"2015-09-09T06:18:04+00:00","og_image":[{"url":"https:\/\/www.lactissima.com\/a-tire-d-ailes\/wp-content\/uploads\/bebe-150x150.jpg","type":"","width":"","height":""}],"author":"V\u00e9ronique Darmangeat","twitter_card":"summary_large_image","twitter_creator":"@VeroniqueIBCLC","twitter_site":"@VeroniqueIBCLC","twitter_misc":{"\u00c9crit par":"V\u00e9ronique Darmangeat"},"schema":{"@context":"https:\/\/schema.org","@graph":[{"@type":"Article","@id":"https:\/\/www.lactissima.com\/a-tire-d-ailes\/lacademie-de-medecine-se-prononce-en-faveur-de-lallaitement\/#article","isPartOf":{"@id":"https:\/\/www.lactissima.com\/a-tire-d-ailes\/lacademie-de-medecine-se-prononce-en-faveur-de-lallaitement\/"},"author":{"name":"V\u00e9ronique Darmangeat","@id":"https:\/\/www.lactissima.com\/a-tire-d-ailes\/#\/schema\/person\/8f98d3a89530861bc1240e6d53d44eed"},"headline":"L&rsquo;acad\u00e9mie de m\u00e9decine se prononce en faveur de l&rsquo;allaitement.","datePublished":"2009-03-01T17:12:32+00:00","dateModified":"2015-09-09T06:18:04+00:00","mainEntityOfPage":{"@id":"https:\/\/www.lactissima.com\/a-tire-d-ailes\/lacademie-de-medecine-se-prononce-en-faveur-de-lallaitement\/"},"wordCount":71,"commentCount":0,"image":{"@id":"https:\/\/www.lactissima.com\/a-tire-d-ailes\/lacademie-de-medecine-se-prononce-en-faveur-de-lallaitement\/#primaryimage"},"thumbnailUrl":"https:\/\/www.lactissima.com\/a-tire-d-ailes\/wp-content\/uploads\/bebe-150x150.jpg","keywords":["acad\u00e9mie de m\u00e9decine","allaitement maternel"],"articleSection":["Actualit\u00e9s","Allaitement","Articulation Vie Professionnelle Vie Famille"],"inLanguage":"fr-FR","potentialAction":[{"@type":"CommentAction","name":"Comment","target":["https:\/\/www.lactissima.com\/a-tire-d-ailes\/lacademie-de-medecine-se-prononce-en-faveur-de-lallaitement\/#respond"]}]},{"@type":"WebPage","@id":"https:\/\/www.lactissima.com\/a-tire-d-ailes\/lacademie-de-medecine-se-prononce-en-faveur-de-lallaitement\/","url":"https:\/\/www.lactissima.com\/a-tire-d-ailes\/lacademie-de-medecine-se-prononce-en-faveur-de-lallaitement\/","name":"L'acad\u00e9mie de m\u00e9decine se prononce en faveur de l'allaitement.","isPartOf":{"@id":"https:\/\/www.lactissima.com\/a-tire-d-ailes\/#website"},"primaryImageOfPage":{"@id":"https:\/\/www.lactissima.com\/a-tire-d-ailes\/lacademie-de-medecine-se-prononce-en-faveur-de-lallaitement\/#primaryimage"},"image":{"@id":"https:\/\/www.lactissima.com\/a-tire-d-ailes\/lacademie-de-medecine-se-prononce-en-faveur-de-lallaitement\/#primaryimage"},"thumbnailUrl":"https:\/\/www.lactissima.com\/a-tire-d-ailes\/wp-content\/uploads\/bebe-150x150.jpg","datePublished":"2009-03-01T17:12:32+00:00","dateModified":"2015-09-09T06:18:04+00:00","author":{"@id":"https:\/\/www.lactissima.com\/a-tire-d-ailes\/#\/schema\/person\/8f98d3a89530861bc1240e6d53d44eed"},"description":"L'acad\u00e9mie de m\u00e9decine se prononce en faveur de l'allaitement maternel.","breadcrumb":{"@id":"https:\/\/www.lactissima.com\/a-tire-d-ailes\/lacademie-de-medecine-se-prononce-en-faveur-de-lallaitement\/#breadcrumb"},"inLanguage":"fr-FR","potentialAction":[{"@type":"ReadAction","target":["https:\/\/www.lactissima.com\/a-tire-d-ailes\/lacademie-de-medecine-se-prononce-en-faveur-de-lallaitement\/"]}]},{"@type":"ImageObject","inLanguage":"fr-FR","@id":"https:\/\/www.lactissima.com\/a-tire-d-ailes\/lacademie-de-medecine-se-prononce-en-faveur-de-lallaitement\/#primaryimage","url":"https:\/\/www.lactissima.com\/a-tire-d-ailes\/wp-content\/uploads\/bebe-150x150.jpg","contentUrl":"https:\/\/www.lactissima.com\/a-tire-d-ailes\/wp-content\/uploads\/bebe-150x150.jpg"},{"@type":"BreadcrumbList","@id":"https:\/\/www.lactissima.com\/a-tire-d-ailes\/lacademie-de-medecine-se-prononce-en-faveur-de-lallaitement\/#breadcrumb","itemListElement":[{"@type":"ListItem","position":1,"name":"Accueil","item":"https:\/\/www.lactissima.com\/a-tire-d-ailes\/"},{"@type":"ListItem","position":2,"name":"L&rsquo;acad\u00e9mie de m\u00e9decine se prononce en faveur de l&rsquo;allaitement."}]},{"@type":"WebSite","@id":"https:\/\/www.lactissima.com\/a-tire-d-ailes\/#website","url":"https:\/\/www.lactissima.com\/a-tire-d-ailes\/","name":"A tire d&#039;Ailes","description":"Le blog des femmes qui allaitent et travaillent.","potentialAction":[{"@type":"SearchAction","target":{"@type":"EntryPoint","urlTemplate":"https:\/\/www.lactissima.com\/a-tire-d-ailes\/?s={search_term_string}"},"query-input":{"@type":"PropertyValueSpecification","valueRequired":true,"valueName":"search_term_string"}}],"inLanguage":"fr-FR"},{"@type":"Person","@id":"https:\/\/www.lactissima.com\/a-tire-d-ailes\/#\/schema\/person\/8f98d3a89530861bc1240e6d53d44eed","name":"V\u00e9ronique Darmangeat","image":{"@type":"ImageObject","inLanguage":"fr-FR","@id":"https:\/\/secure.gravatar.com\/avatar\/268c99344c89cebfe4f5df5fa8be43068a18884fc76a29f3206fae98465b9cab?s=96&d=identicon&r=g","url":"https:\/\/secure.gravatar.com\/avatar\/268c99344c89cebfe4f5df5fa8be43068a18884fc76a29f3206fae98465b9cab?s=96&d=identicon&r=g","contentUrl":"https:\/\/secure.gravatar.com\/avatar\/268c99344c89cebfe4f5df5fa8be43068a18884fc76a29f3206fae98465b9cab?s=96&d=identicon&r=g","caption":"V\u00e9ronique Darmangeat"},"sameAs":["https:\/\/www.lactissima.com\/a-tire-d-ailes","www.facebook.com\/consultante.en.lactation"]}]}},"_links":{"self":[{"href":"https:\/\/www.lactissima.com\/a-tire-d-ailes\/wp-json\/wp\/v2\/posts\/205","targetHints":{"allow":["GET"]}}],"collection":[{"href":"https:\/\/www.lactissima.com\/a-tire-d-ailes\/wp-json\/wp\/v2\/posts"}],"about":[{"href":"https:\/\/www.lactissima.com\/a-tire-d-ailes\/wp-json\/wp\/v2\/types\/post"}],"author":[{"embeddable":true,"href":"https:\/\/www.lactissima.com\/a-tire-d-ailes\/wp-json\/wp\/v2\/users\/170"}],"replies":[{"embeddable":true,"href":"https:\/\/www.lactissima.com\/a-tire-d-ailes\/wp-json\/wp\/v2\/comments?post=205"}],"version-history":[{"count":19,"href":"https:\/\/www.lactissima.com\/a-tire-d-ailes\/wp-json\/wp\/v2\/posts\/205\/revisions"}],"predecessor-version":[{"id":6401,"href":"https:\/\/www.lactissima.com\/a-tire-d-ailes\/wp-json\/wp\/v2\/posts\/205\/revisions\/6401"}],"wp:attachment":[{"href":"https:\/\/www.lactissima.com\/a-tire-d-ailes\/wp-json\/wp\/v2\/media?parent=205"}],"wp:term":[{"taxonomy":"category","embeddable":true,"href":"https:\/\/www.lactissima.com\/a-tire-d-ailes\/wp-json\/wp\/v2\/categories?post=205"},{"taxonomy":"post_tag","embeddable":true,"href":"https:\/\/www.lactissima.com\/a-tire-d-ailes\/wp-json\/wp\/v2\/tags?post=205"}],"curies":[{"name":"wp","href":"https:\/\/api.w.org\/{rel}","templated":true}]}}