{"id":2045,"date":"2011-03-26T20:38:21","date_gmt":"2011-03-26T18:38:21","guid":{"rendered":"https:\/\/www.lactissima.com\/a-tire-d-ailes\/?p=2045"},"modified":"2020-02-16T09:28:48","modified_gmt":"2020-02-16T08:28:48","slug":"choisir-sa-taille-de-teterelle","status":"publish","type":"post","link":"https:\/\/www.lactissima.com\/a-tire-d-ailes\/choisir-sa-taille-de-teterelle\/","title":{"rendered":"Choisir sa taille de t\u00e9terelle"},"content":{"rendered":"<p style=\"text-align: justify;\"><a href=\"https:\/\/www.lactissima.com\/a-tire-d-ailes\/wp-content\/uploads\/tire-lait.jpg\"><img loading=\"lazy\" decoding=\"async\" class=\"alignright size-medium wp-image-2046\" title=\"t\u00e9terelle\" alt=\"\" src=\"https:\/\/www.lactissima.com\/a-tire-d-ailes\/wp-content\/uploads\/tire-lait-199x300.jpg\" width=\"199\" height=\"300\" srcset=\"https:\/\/www.lactissima.com\/a-tire-d-ailes\/wp-content\/uploads\/tire-lait-199x300.jpg 199w, https:\/\/www.lactissima.com\/a-tire-d-ailes\/wp-content\/uploads\/tire-lait.jpg 333w\" sizes=\"(max-width: 199px) 100vw, 199px\" \/><\/a>Il y a dix ans, si on utilisait un <strong>tire-lait <\/strong>en France, il valait mieux avoir des <strong>mamelons <\/strong>ni trop gros ni trop petits, car en dehors de la taille de t\u00e9terelle <strong>standard<\/strong>, point de salut.<br \/>\nEt pourtant, une <strong>taille de t\u00e9terelle<\/strong> mal adapt\u00e9e peut conduire \u00e0 des mamelons <strong>irrit\u00e9s<\/strong>, bless\u00e9s, cr\u00e9er des bleus. Cela peut g\u00eaner \u00e9galement l&rsquo;expression du lait et certaines femmes vont <strong>doubler <\/strong>leur quantit\u00e9 de lait tir\u00e9 juste en adoptant des t\u00e9terelles \u00e0 leur <strong>taille<\/strong>.<\/p>\n<p style=\"text-align: justify;\">Aujourd&rsquo;hui, quelques <strong>marques <\/strong>de tire-lait proposent jusqu&rsquo;\u00e0 <strong>cinq tailles<\/strong> de t\u00e9terelles diff\u00e9rentes. Mais selon les marques, les tailles de t\u00e9terelles propos\u00e9es vont \u00eatre <strong>diff\u00e9rentes<\/strong>. Attention \u00e0 la taille que la marque appelle <strong>standard<\/strong>, ce n&rsquo;est pas la m\u00eame selon les marques.<\/p>\n<p style=\"text-align: justify;\">Pour choisir sa taille de t\u00e9terelle, la taille du sein n&rsquo;a que <strong>tr\u00e8s peu d&rsquo;importance<\/strong>. Ce qui compte, c&rsquo;est le <strong>diam\u00e8tre du mamelon<\/strong> car celui-ci doit pouvoir <strong>bouger <\/strong>librement dans la t\u00e9terelle. <strong>L&rsquo;ar\u00e9ole <\/strong>ne doit presque pas bouger dans la t\u00e9terelle.<br \/>\nCertaines femmes ont tendance \u00e0 faire de <strong>l&rsquo;oed\u00e8me <\/strong>au niveau du mamelon ou de l&rsquo;ar\u00e9ole (ou des deux)  lors du tirage. Dans ce cas, il faut pr\u00e9voir une taille <strong>sup\u00e9rieure<\/strong>. Malheureusement, on ne le sait pas toujours avant de tirer son lait pour la premi\u00e8re fois.<\/p>\n<p style=\"text-align: justify;\">La taille de t\u00e9terelle est indiqu\u00e9e en <strong>millim\u00e8tres<\/strong>. Elle correspond au <strong>diam\u00e8tre <\/strong>de la t\u00e9terelle mesur\u00e9 au niveau du coude de la t\u00e9terelle.<\/p>\n<p style=\"text-align: justify;\">Le site de Medela vous propose une page pour bien <strong>choisir <\/strong>sa taille de t\u00e9terelle.<\/p>\n<p style=\"text-align: justify;\">Et <strong>vous<\/strong>, avez-vous la bonne taille de t\u00e9terelle ?<\/p>\n<p style=\"text-align: justify;\"><strong>Articles en rapport :<\/strong><\/p>\n<ul>\n<li style=\"text-align: justify;\"><a href=\"https:\/\/www.lactissima.com\/a-tire-d-ailes\/?p=56\">Le point sur les tire-lait.<\/a><\/li>\n<li style=\"text-align: justify;\"><a href=\"https:\/\/www.lactissima.com\/a-tire-d-ailes\/?p=1146\">Comment tirer son lait.<\/a><\/li>\n<\/ul>\n<p>&nbsp;<\/p>\n","protected":false},"excerpt":{"rendered":"<p>La taille de t\u00e9terelle est importante pour l&rsquo;efficacit\u00e9 du tirage de lait. Quelques marques de tire-lait proposent jusqu&rsquo;\u00e0 5 tailles de t\u00e9terelles.<\/p>\n","protected":false},"author":170,"featured_media":2046,"comment_status":"open","ping_status":"open","sticky":false,"template":"","format":"standard","meta":{"_et_pb_use_builder":"","_et_pb_old_content":"","_et_gb_content_width":"","footnotes":""},"categories":[35,43],"tags":[163,205,57],"class_list":["post-2045","post","type-post","status-publish","format-standard","has-post-thumbnail","hentry","category-allaitement","category-materiel","tag-mamelon","tag-teterelle","tag-tire-lait"],"yoast_head":"<!-- This site is optimized with the Yoast SEO plugin v27.4 - https:\/\/yoast.com\/product\/yoast-seo-wordpress\/ -->\n<title>taille de t\u00e9terelle<\/title>\n<meta name=\"description\" content=\"La taille de t\u00e9terelle est importante pour l&#039;efficacit\u00e9 du tirage de lait. Quelques marques de tire-lait proposent jusqu&#039;\u00e0 5 tailles de t\u00e9terelles.\" \/>\n<meta name=\"robots\" content=\"index, follow, max-snippet:-1, max-image-preview:large, max-video-preview:-1\" \/>\n<link rel=\"canonical\" href=\"https:\/\/www.lactissima.com\/a-tire-d-ailes\/choisir-sa-taille-de-teterelle\/\" \/>\n<meta property=\"og:locale\" content=\"fr_FR\" \/>\n<meta property=\"og:type\" content=\"article\" \/>\n<meta property=\"og:title\" content=\"taille de t\u00e9terelle\" \/>\n<meta property=\"og:description\" content=\"La taille de t\u00e9terelle est importante pour l&#039;efficacit\u00e9 du tirage de lait. Quelques marques de tire-lait proposent jusqu&#039;\u00e0 5 tailles de t\u00e9terelles.\" \/>\n<meta property=\"og:url\" content=\"https:\/\/www.lactissima.com\/a-tire-d-ailes\/choisir-sa-taille-de-teterelle\/\" \/>\n<meta property=\"og:site_name\" content=\"A tire d&#039;Ailes\" \/>\n<meta property=\"article:publisher\" content=\"https:\/\/www.facebook.com\/consultante.en.lactation\" \/>\n<meta property=\"article:author\" content=\"www.facebook.com\/consultante.en.lactation\" \/>\n<meta property=\"article:published_time\" content=\"2011-03-26T18:38:21+00:00\" \/>\n<meta property=\"article:modified_time\" content=\"2020-02-16T08:28:48+00:00\" \/>\n<meta property=\"og:image\" content=\"https:\/\/www.lactissima.com\/a-tire-d-ailes\/wp-content\/uploads\/tire-lait.jpg\" \/>\n\t<meta property=\"og:image:width\" content=\"333\" \/>\n\t<meta property=\"og:image:height\" content=\"500\" \/>\n\t<meta property=\"og:image:type\" content=\"image\/jpeg\" \/>\n<meta name=\"author\" content=\"V\u00e9ronique Darmangeat\" \/>\n<meta name=\"twitter:card\" content=\"summary_large_image\" \/>\n<meta name=\"twitter:creator\" content=\"@VeroniqueIBCLC\" \/>\n<meta name=\"twitter:site\" content=\"@VeroniqueIBCLC\" \/>\n<meta name=\"twitter:label1\" content=\"\u00c9crit par\" \/>\n\t<meta name=\"twitter:data1\" content=\"V\u00e9ronique Darmangeat\" \/>\n\t<meta name=\"twitter:label2\" content=\"Dur\u00e9e de lecture estim\u00e9e\" \/>\n\t<meta name=\"twitter:data2\" content=\"1 minute\" \/>\n<script type=\"application\/ld+json\" class=\"yoast-schema-graph\">{\"@context\":\"https:\\\/\\\/schema.org\",\"@graph\":[{\"@type\":\"Article\",\"@id\":\"https:\\\/\\\/www.lactissima.com\\\/a-tire-d-ailes\\\/choisir-sa-taille-de-teterelle\\\/#article\",\"isPartOf\":{\"@id\":\"https:\\\/\\\/www.lactissima.com\\\/a-tire-d-ailes\\\/choisir-sa-taille-de-teterelle\\\/\"},\"author\":{\"name\":\"V\u00e9ronique Darmangeat\",\"@id\":\"https:\\\/\\\/www.lactissima.com\\\/a-tire-d-ailes\\\/#\\\/schema\\\/person\\\/8f98d3a89530861bc1240e6d53d44eed\"},\"headline\":\"Choisir sa taille de t\u00e9terelle\",\"datePublished\":\"2011-03-26T18:38:21+00:00\",\"dateModified\":\"2020-02-16T08:28:48+00:00\",\"mainEntityOfPage\":{\"@id\":\"https:\\\/\\\/www.lactissima.com\\\/a-tire-d-ailes\\\/choisir-sa-taille-de-teterelle\\\/\"},\"wordCount\":310,\"commentCount\":143,\"image\":{\"@id\":\"https:\\\/\\\/www.lactissima.com\\\/a-tire-d-ailes\\\/choisir-sa-taille-de-teterelle\\\/#primaryimage\"},\"thumbnailUrl\":\"https:\\\/\\\/www.lactissima.com\\\/a-tire-d-ailes\\\/wp-content\\\/uploads\\\/tire-lait.jpg\",\"keywords\":[\"mamelon\",\"t\u00e9terelle\",\"tire-lait\"],\"articleSection\":[\"Allaitement\",\"Mat\u00e9riel\"],\"inLanguage\":\"fr-FR\",\"potentialAction\":[{\"@type\":\"CommentAction\",\"name\":\"Comment\",\"target\":[\"https:\\\/\\\/www.lactissima.com\\\/a-tire-d-ailes\\\/choisir-sa-taille-de-teterelle\\\/#respond\"]}]},{\"@type\":\"WebPage\",\"@id\":\"https:\\\/\\\/www.lactissima.com\\\/a-tire-d-ailes\\\/choisir-sa-taille-de-teterelle\\\/\",\"url\":\"https:\\\/\\\/www.lactissima.com\\\/a-tire-d-ailes\\\/choisir-sa-taille-de-teterelle\\\/\",\"name\":\"taille de t\u00e9terelle\",\"isPartOf\":{\"@id\":\"https:\\\/\\\/www.lactissima.com\\\/a-tire-d-ailes\\\/#website\"},\"primaryImageOfPage\":{\"@id\":\"https:\\\/\\\/www.lactissima.com\\\/a-tire-d-ailes\\\/choisir-sa-taille-de-teterelle\\\/#primaryimage\"},\"image\":{\"@id\":\"https:\\\/\\\/www.lactissima.com\\\/a-tire-d-ailes\\\/choisir-sa-taille-de-teterelle\\\/#primaryimage\"},\"thumbnailUrl\":\"https:\\\/\\\/www.lactissima.com\\\/a-tire-d-ailes\\\/wp-content\\\/uploads\\\/tire-lait.jpg\",\"datePublished\":\"2011-03-26T18:38:21+00:00\",\"dateModified\":\"2020-02-16T08:28:48+00:00\",\"author\":{\"@id\":\"https:\\\/\\\/www.lactissima.com\\\/a-tire-d-ailes\\\/#\\\/schema\\\/person\\\/8f98d3a89530861bc1240e6d53d44eed\"},\"description\":\"La taille de t\u00e9terelle est importante pour l'efficacit\u00e9 du tirage de lait. Quelques marques de tire-lait proposent jusqu'\u00e0 5 tailles de t\u00e9terelles.\",\"breadcrumb\":{\"@id\":\"https:\\\/\\\/www.lactissima.com\\\/a-tire-d-ailes\\\/choisir-sa-taille-de-teterelle\\\/#breadcrumb\"},\"inLanguage\":\"fr-FR\",\"potentialAction\":[{\"@type\":\"ReadAction\",\"target\":[\"https:\\\/\\\/www.lactissima.com\\\/a-tire-d-ailes\\\/choisir-sa-taille-de-teterelle\\\/\"]}]},{\"@type\":\"ImageObject\",\"inLanguage\":\"fr-FR\",\"@id\":\"https:\\\/\\\/www.lactissima.com\\\/a-tire-d-ailes\\\/choisir-sa-taille-de-teterelle\\\/#primaryimage\",\"url\":\"https:\\\/\\\/www.lactissima.com\\\/a-tire-d-ailes\\\/wp-content\\\/uploads\\\/tire-lait.jpg\",\"contentUrl\":\"https:\\\/\\\/www.lactissima.com\\\/a-tire-d-ailes\\\/wp-content\\\/uploads\\\/tire-lait.jpg\",\"width\":\"333\",\"height\":\"500\"},{\"@type\":\"BreadcrumbList\",\"@id\":\"https:\\\/\\\/www.lactissima.com\\\/a-tire-d-ailes\\\/choisir-sa-taille-de-teterelle\\\/#breadcrumb\",\"itemListElement\":[{\"@type\":\"ListItem\",\"position\":1,\"name\":\"Accueil\",\"item\":\"https:\\\/\\\/www.lactissima.com\\\/a-tire-d-ailes\\\/\"},{\"@type\":\"ListItem\",\"position\":2,\"name\":\"Choisir sa taille de t\u00e9terelle\"}]},{\"@type\":\"WebSite\",\"@id\":\"https:\\\/\\\/www.lactissima.com\\\/a-tire-d-ailes\\\/#website\",\"url\":\"https:\\\/\\\/www.lactissima.com\\\/a-tire-d-ailes\\\/\",\"name\":\"A tire d&#039;Ailes\",\"description\":\"Le blog des femmes qui allaitent et travaillent.\",\"potentialAction\":[{\"@type\":\"SearchAction\",\"target\":{\"@type\":\"EntryPoint\",\"urlTemplate\":\"https:\\\/\\\/www.lactissima.com\\\/a-tire-d-ailes\\\/?s={search_term_string}\"},\"query-input\":{\"@type\":\"PropertyValueSpecification\",\"valueRequired\":true,\"valueName\":\"search_term_string\"}}],\"inLanguage\":\"fr-FR\"},{\"@type\":\"Person\",\"@id\":\"https:\\\/\\\/www.lactissima.com\\\/a-tire-d-ailes\\\/#\\\/schema\\\/person\\\/8f98d3a89530861bc1240e6d53d44eed\",\"name\":\"V\u00e9ronique Darmangeat\",\"image\":{\"@type\":\"ImageObject\",\"inLanguage\":\"fr-FR\",\"@id\":\"https:\\\/\\\/secure.gravatar.com\\\/avatar\\\/268c99344c89cebfe4f5df5fa8be43068a18884fc76a29f3206fae98465b9cab?s=96&d=identicon&r=g\",\"url\":\"https:\\\/\\\/secure.gravatar.com\\\/avatar\\\/268c99344c89cebfe4f5df5fa8be43068a18884fc76a29f3206fae98465b9cab?s=96&d=identicon&r=g\",\"contentUrl\":\"https:\\\/\\\/secure.gravatar.com\\\/avatar\\\/268c99344c89cebfe4f5df5fa8be43068a18884fc76a29f3206fae98465b9cab?s=96&d=identicon&r=g\",\"caption\":\"V\u00e9ronique Darmangeat\"},\"sameAs\":[\"https:\\\/\\\/www.lactissima.com\\\/a-tire-d-ailes\",\"www.facebook.com\\\/consultante.en.lactation\"]}]}<\/script>\n<!-- \/ Yoast SEO plugin. -->","yoast_head_json":{"title":"taille de t\u00e9terelle","description":"La taille de t\u00e9terelle est importante pour l'efficacit\u00e9 du tirage de lait. Quelques marques de tire-lait proposent jusqu'\u00e0 5 tailles de t\u00e9terelles.","robots":{"index":"index","follow":"follow","max-snippet":"max-snippet:-1","max-image-preview":"max-image-preview:large","max-video-preview":"max-video-preview:-1"},"canonical":"https:\/\/www.lactissima.com\/a-tire-d-ailes\/choisir-sa-taille-de-teterelle\/","og_locale":"fr_FR","og_type":"article","og_title":"taille de t\u00e9terelle","og_description":"La taille de t\u00e9terelle est importante pour l'efficacit\u00e9 du tirage de lait. Quelques marques de tire-lait proposent jusqu'\u00e0 5 tailles de t\u00e9terelles.","og_url":"https:\/\/www.lactissima.com\/a-tire-d-ailes\/choisir-sa-taille-de-teterelle\/","og_site_name":"A tire d&#039;Ailes","article_publisher":"https:\/\/www.facebook.com\/consultante.en.lactation","article_author":"www.facebook.com\/consultante.en.lactation","article_published_time":"2011-03-26T18:38:21+00:00","article_modified_time":"2020-02-16T08:28:48+00:00","og_image":[{"width":333,"height":500,"url":"https:\/\/www.lactissima.com\/a-tire-d-ailes\/wp-content\/uploads\/tire-lait.jpg","type":"image\/jpeg"}],"author":"V\u00e9ronique Darmangeat","twitter_card":"summary_large_image","twitter_creator":"@VeroniqueIBCLC","twitter_site":"@VeroniqueIBCLC","twitter_misc":{"\u00c9crit par":"V\u00e9ronique Darmangeat","Dur\u00e9e de lecture estim\u00e9e":"1 minute"},"schema":{"@context":"https:\/\/schema.org","@graph":[{"@type":"Article","@id":"https:\/\/www.lactissima.com\/a-tire-d-ailes\/choisir-sa-taille-de-teterelle\/#article","isPartOf":{"@id":"https:\/\/www.lactissima.com\/a-tire-d-ailes\/choisir-sa-taille-de-teterelle\/"},"author":{"name":"V\u00e9ronique Darmangeat","@id":"https:\/\/www.lactissima.com\/a-tire-d-ailes\/#\/schema\/person\/8f98d3a89530861bc1240e6d53d44eed"},"headline":"Choisir sa taille de t\u00e9terelle","datePublished":"2011-03-26T18:38:21+00:00","dateModified":"2020-02-16T08:28:48+00:00","mainEntityOfPage":{"@id":"https:\/\/www.lactissima.com\/a-tire-d-ailes\/choisir-sa-taille-de-teterelle\/"},"wordCount":310,"commentCount":143,"image":{"@id":"https:\/\/www.lactissima.com\/a-tire-d-ailes\/choisir-sa-taille-de-teterelle\/#primaryimage"},"thumbnailUrl":"https:\/\/www.lactissima.com\/a-tire-d-ailes\/wp-content\/uploads\/tire-lait.jpg","keywords":["mamelon","t\u00e9terelle","tire-lait"],"articleSection":["Allaitement","Mat\u00e9riel"],"inLanguage":"fr-FR","potentialAction":[{"@type":"CommentAction","name":"Comment","target":["https:\/\/www.lactissima.com\/a-tire-d-ailes\/choisir-sa-taille-de-teterelle\/#respond"]}]},{"@type":"WebPage","@id":"https:\/\/www.lactissima.com\/a-tire-d-ailes\/choisir-sa-taille-de-teterelle\/","url":"https:\/\/www.lactissima.com\/a-tire-d-ailes\/choisir-sa-taille-de-teterelle\/","name":"taille de t\u00e9terelle","isPartOf":{"@id":"https:\/\/www.lactissima.com\/a-tire-d-ailes\/#website"},"primaryImageOfPage":{"@id":"https:\/\/www.lactissima.com\/a-tire-d-ailes\/choisir-sa-taille-de-teterelle\/#primaryimage"},"image":{"@id":"https:\/\/www.lactissima.com\/a-tire-d-ailes\/choisir-sa-taille-de-teterelle\/#primaryimage"},"thumbnailUrl":"https:\/\/www.lactissima.com\/a-tire-d-ailes\/wp-content\/uploads\/tire-lait.jpg","datePublished":"2011-03-26T18:38:21+00:00","dateModified":"2020-02-16T08:28:48+00:00","author":{"@id":"https:\/\/www.lactissima.com\/a-tire-d-ailes\/#\/schema\/person\/8f98d3a89530861bc1240e6d53d44eed"},"description":"La taille de t\u00e9terelle est importante pour l'efficacit\u00e9 du tirage de lait. Quelques marques de tire-lait proposent jusqu'\u00e0 5 tailles de t\u00e9terelles.","breadcrumb":{"@id":"https:\/\/www.lactissima.com\/a-tire-d-ailes\/choisir-sa-taille-de-teterelle\/#breadcrumb"},"inLanguage":"fr-FR","potentialAction":[{"@type":"ReadAction","target":["https:\/\/www.lactissima.com\/a-tire-d-ailes\/choisir-sa-taille-de-teterelle\/"]}]},{"@type":"ImageObject","inLanguage":"fr-FR","@id":"https:\/\/www.lactissima.com\/a-tire-d-ailes\/choisir-sa-taille-de-teterelle\/#primaryimage","url":"https:\/\/www.lactissima.com\/a-tire-d-ailes\/wp-content\/uploads\/tire-lait.jpg","contentUrl":"https:\/\/www.lactissima.com\/a-tire-d-ailes\/wp-content\/uploads\/tire-lait.jpg","width":"333","height":"500"},{"@type":"BreadcrumbList","@id":"https:\/\/www.lactissima.com\/a-tire-d-ailes\/choisir-sa-taille-de-teterelle\/#breadcrumb","itemListElement":[{"@type":"ListItem","position":1,"name":"Accueil","item":"https:\/\/www.lactissima.com\/a-tire-d-ailes\/"},{"@type":"ListItem","position":2,"name":"Choisir sa taille de t\u00e9terelle"}]},{"@type":"WebSite","@id":"https:\/\/www.lactissima.com\/a-tire-d-ailes\/#website","url":"https:\/\/www.lactissima.com\/a-tire-d-ailes\/","name":"A tire d&#039;Ailes","description":"Le blog des femmes qui allaitent et travaillent.","potentialAction":[{"@type":"SearchAction","target":{"@type":"EntryPoint","urlTemplate":"https:\/\/www.lactissima.com\/a-tire-d-ailes\/?s={search_term_string}"},"query-input":{"@type":"PropertyValueSpecification","valueRequired":true,"valueName":"search_term_string"}}],"inLanguage":"fr-FR"},{"@type":"Person","@id":"https:\/\/www.lactissima.com\/a-tire-d-ailes\/#\/schema\/person\/8f98d3a89530861bc1240e6d53d44eed","name":"V\u00e9ronique Darmangeat","image":{"@type":"ImageObject","inLanguage":"fr-FR","@id":"https:\/\/secure.gravatar.com\/avatar\/268c99344c89cebfe4f5df5fa8be43068a18884fc76a29f3206fae98465b9cab?s=96&d=identicon&r=g","url":"https:\/\/secure.gravatar.com\/avatar\/268c99344c89cebfe4f5df5fa8be43068a18884fc76a29f3206fae98465b9cab?s=96&d=identicon&r=g","contentUrl":"https:\/\/secure.gravatar.com\/avatar\/268c99344c89cebfe4f5df5fa8be43068a18884fc76a29f3206fae98465b9cab?s=96&d=identicon&r=g","caption":"V\u00e9ronique Darmangeat"},"sameAs":["https:\/\/www.lactissima.com\/a-tire-d-ailes","www.facebook.com\/consultante.en.lactation"]}]}},"_links":{"self":[{"href":"https:\/\/www.lactissima.com\/a-tire-d-ailes\/wp-json\/wp\/v2\/posts\/2045","targetHints":{"allow":["GET"]}}],"collection":[{"href":"https:\/\/www.lactissima.com\/a-tire-d-ailes\/wp-json\/wp\/v2\/posts"}],"about":[{"href":"https:\/\/www.lactissima.com\/a-tire-d-ailes\/wp-json\/wp\/v2\/types\/post"}],"author":[{"embeddable":true,"href":"https:\/\/www.lactissima.com\/a-tire-d-ailes\/wp-json\/wp\/v2\/users\/170"}],"replies":[{"embeddable":true,"href":"https:\/\/www.lactissima.com\/a-tire-d-ailes\/wp-json\/wp\/v2\/comments?post=2045"}],"version-history":[{"count":15,"href":"https:\/\/www.lactissima.com\/a-tire-d-ailes\/wp-json\/wp\/v2\/posts\/2045\/revisions"}],"predecessor-version":[{"id":8345,"href":"https:\/\/www.lactissima.com\/a-tire-d-ailes\/wp-json\/wp\/v2\/posts\/2045\/revisions\/8345"}],"wp:featuredmedia":[{"embeddable":true,"href":"https:\/\/www.lactissima.com\/a-tire-d-ailes\/wp-json\/wp\/v2\/media\/2046"}],"wp:attachment":[{"href":"https:\/\/www.lactissima.com\/a-tire-d-ailes\/wp-json\/wp\/v2\/media?parent=2045"}],"wp:term":[{"taxonomy":"category","embeddable":true,"href":"https:\/\/www.lactissima.com\/a-tire-d-ailes\/wp-json\/wp\/v2\/categories?post=2045"},{"taxonomy":"post_tag","embeddable":true,"href":"https:\/\/www.lactissima.com\/a-tire-d-ailes\/wp-json\/wp\/v2\/tags?post=2045"}],"curies":[{"name":"wp","href":"https:\/\/api.w.org\/{rel}","templated":true}]}}