{"id":2006,"date":"2011-02-25T19:51:14","date_gmt":"2011-02-25T17:51:14","guid":{"rendered":"https:\/\/www.lactissima.com\/a-tire-d-ailes\/?p=2006"},"modified":"2014-03-15T16:54:25","modified_gmt":"2014-03-15T14:54:25","slug":"allaiter-et-travailler-le-temoignage-de-marie","status":"publish","type":"post","link":"https:\/\/www.lactissima.com\/a-tire-d-ailes\/allaiter-et-travailler-le-temoignage-de-marie\/","title":{"rendered":"Allaiter et travailler : le t\u00e9moignage de Marie"},"content":{"rendered":"<ul>\n<li style=\"text-align: justify;\"><strong><a href=\"https:\/\/www.lactissima.com\/a-tire-d-ailes\/wp-content\/uploads\/marie1.jpg\"><img loading=\"lazy\" decoding=\"async\" class=\"alignright size-full wp-image-2007\" title=\"allaiter et travailler\" alt=\"\" src=\"https:\/\/www.lactissima.com\/a-tire-d-ailes\/wp-content\/uploads\/marie1.jpg\" width=\"269\" height=\"358\" \/><\/a>Quel choix avez-vous fait au moment de la reprise du travail : sevrage ou poursuite de l&rsquo;allaitement ? Pourquoi ?<\/strong><\/li>\n<\/ul>\n<p style=\"text-align: justify;\">Je suis Professeur des \u00e9coles et j&rsquo;ai eu la chance que ma fille pointe son petit nez au printemps. Lorsque mon cong\u00e9 maternit\u00e9 se terminait, les grandes vacances commen\u00e7aient&#8230;<\/p>\n<p style=\"text-align: justify;\">Je n&rsquo;ai donc repris le travail \u00e0 100% qu&rsquo;\u00e0 ses cinq mois. L&rsquo;allaitement se passait tr\u00e8s bien, m\u00eame si les t\u00e9t\u00e9es n&rsquo;\u00e9taient pas toujours une partie de plaisir puisque Louise a beaucoup souffert de RGO. Ma d\u00e9cision \u00e9tait prise depuis longtemps : j&rsquo;allaiterai tant que possible ! Je ne voulais pas que ma fille go\u00fbte au lait en poudre ! Une amie avait tir\u00e9 son lait pour sa fille et elle m&rsquo;a \u00e9t\u00e9 un bon guide autant pour le choix du tire-lait (Ameda double pompe, si pratique \u00e0 transporter !) que pour toute l&rsquo;organisation des tirages.<\/p>\n<ul style=\"text-align: justify;\">\n<li><strong>Comment vous \u00eates-vous organis\u00e9e ?<\/strong><\/li>\n<\/ul>\n<p style=\"text-align: justify;\">D\u00e8s d\u00e9but ao\u00fbt, j&rsquo;ai commenc\u00e9 \u00e0 tirer quotidiennement un peu de lait (le soir) que je congelais pour avoir des r\u00e9serves. Je suis pass\u00e9e \u00e0 deux tirages par jour les quinze derniers jours de vacances (matin et soir) pour habituer mon corps \u00e0 ces \u00ab\u00a0t\u00e9t\u00e9es fictives\u00a0\u00bb. Puis, de septembre \u00e0 fin d\u00e9cembre, j&rsquo;ai tir\u00e9 chaque jour matin et soir (week-end inclus !) ainsi que le midi lorsque je travaillais.<\/p>\n<p style=\"text-align: justify;\">Apr\u00e8s les vacances de No\u00c3\u00abl, j&rsquo;ai arr\u00eat\u00e9 le tirage du matin et remplac\u00e9 un biberon par un yaourt.<\/p>\n<p style=\"text-align: justify;\">Ce n&rsquo;\u00e9tait pas toujours facile de se r\u00e9veiller une demi heure plus t\u00f4t, ou de devoir tirer le soir quand on a juste envie de se blottir sous la couette, mais le tirage est vite devenu pour moi un geste aussi banal que \u00ab\u00a0se brosser les dents\u00a0\u00bb. Souvent le soir, je tirais devant mon ordinateur (gr\u00e2ce \u00e0 ma parfaite ma\u00eetrise du double pompage \u00e0 une main !) et le midi devant des copies d&rsquo;\u00e9l\u00e8ves ! Le matin, c&rsquo;\u00e9tait mon \u00ab\u00a0petit moment \u00e0 moi\u00a0\u00bb, tout le monde dormait encore, et moi j&rsquo;en ai profit\u00e9 pour me remettre \u00e0 la lecture ! Finalement ce n&rsquo;est pas si d\u00e9sagr\u00e9able de tirer son lait ! On est oblig\u00e9e de rester assise au calme. C&rsquo;est l&rsquo;occasion de r\u00e9fl\u00e9chir aux mille choses qui nous trottent dans la t\u00eate.<\/p>\n<p style=\"text-align: justify;\">Je suis ma\u00eetresse rempla\u00e7ante donc il a fallu expliquer de nombreuses fois aux coll\u00e8gues que je tirais mon lait. Ca fait dr\u00f4le d&rsquo;\u00eatre assise au bureau les seins \u00e0 l&rsquo;air alors que quelques minutes avant, la classe \u00e9tait remplie d&rsquo;enfants ! Il y a quelques jours, la ma\u00eetresse que je rempla\u00e7ais avait pr\u00e9vu une sortie \u00e0 la journ\u00e9e. J&rsquo;ai du m&rsquo;organiser pour avoir suffisamment de mamans accompagnatrices pour tirer mon lait sur le lieu de la sortie.<\/p>\n<p style=\"text-align: justify;\">Louise a toujours bu beaucoup de lait chez la nounou ! 600ml jusqu&rsquo;\u00e0 ses sept mois. Aujourd&rsquo;hui \u00e0 presque dix mois, elle boit encore 350-400ml chez sa nounou et t\u00e8te le matin, \u00e0 17h (la t\u00e9t\u00e9e de retrouvailles !) et le soir ! Le tirage d&rsquo;une journ\u00e9e enti\u00e8re servait \u00e0 fournir la nounou pour le lendemain. Les tirages du week-end m&rsquo;ont aid\u00e9 \u00e0 avoir toujours assez de lait \u00e0 fournir. J&rsquo;ai m\u00eame pu en donner au lactarium tellement mon petit cong\u00e9lateur d\u00e9bordait. En cas de baisse de lait, je mangeais de l&rsquo;Ovomaltine ou encore des amandes (radical !).<\/p>\n<ul style=\"text-align: justify;\">\n<li><strong>Quelles ont \u00e9t\u00e9 vos principales difficult\u00e9s ?<\/strong><\/li>\n<\/ul>\n<p style=\"text-align: justify;\">Un manque de motivation certains soirs, pas sp\u00e9cialement pour tirer mon lait mais pour pr\u00e9parer et laver tout le mat\u00e9riel.<\/p>\n<p style=\"text-align: justify;\">Le plus difficile dans cette reprise du travail a \u00e9t\u00e9 le passage de Louise au biberon. Nous avons essay\u00e9 durant tout le mois d&rsquo;ao\u00fbt sans succ\u00e8s. Il a fallu une petite semaine chez la nounou \u00e0 ma reprise pour qu&rsquo;elle finisse par l&rsquo;accepter.<\/p>\n<p style=\"text-align: justify;\">Je n&rsquo;ai jamais eu de mauvaise remarque des gens. En g\u00e9n\u00e9ral, tout le monde trouve \u00e7a bien que j&rsquo;allaite encore ma puce.<\/p>\n<ul style=\"text-align: justify;\">\n<li><strong>Quels ont \u00e9t\u00e9 vos meilleurs moments ?<\/strong><\/li>\n<\/ul>\n<p style=\"text-align: justify;\">J&rsquo;ai toujours pris beaucoup de plaisir \u00e0 allaiter et je garde de beaux souvenirs de chaque moment ! Quand Louise \u00e9tait toute petite et qu&rsquo;elle secouait sa t\u00eate de droite \u00e0 gauche la bouche grande ouverte pour trouver mon t\u00e9ton&#8230; Toutes ces fois o\u00f9 elle s&rsquo;est endormie si paisible au sein lorsqu&rsquo;elle \u00e9tait repue&#8230;. Le grand sourire qu&rsquo;elle me fait lorsque le matin je l&rsquo;am\u00e8ne dans mon lit pour son petit d\u00e9jeuner&#8230; Et depuis peu, lorsque je rentre du travail et qu&rsquo;en ouvrant la porte de chez moi, je vois ma petite crapouillette venir vers moi \u00e0 quatre pattes en haletant et n&rsquo;attendre qu&rsquo;une chose : la t\u00e9t\u00e9e de retrouvailles !<\/p>\n<p style=\"text-align: justify;\">L&rsquo;allaitement est une si belle aventure ! Et plus le temps passe, plus c&rsquo;est une aventure agr\u00e9able ! Mon premier objectif d&rsquo;allaiter six mois a \u00e9t\u00e9 repouss\u00e9 \u00e0 un an et maintenantque je m&rsquo;approche de son anniversaire, je me vois repousser cet \u00ab\u00a0objectif\u00a0\u00bb toujours plus loin. Aujourd&rsquo;hui je ne m&rsquo;imagine pas du tout arr\u00eater !<\/p>\n<ul style=\"text-align: justify;\">\n<li><strong>Qu&rsquo;est-ce que vous souhaiteriez dire aux mamans qui doivent faire un choix dans les semaines \u00e0 venir ?<\/strong><\/li>\n<\/ul>\n<p style=\"text-align: justify;\">La location d&rsquo;un tire lait est gratuite&#8230; \u00e7a ne co\u00fbte rien d&rsquo;essayer de continuer ! Bien s\u00fbr, l&rsquo;allaitement qui est si facile et naturel losqu&rsquo;on est tous les jours avec son b\u00e9b\u00e9, se complique un peu avec les tirages, mais le jeu en vaut la chandelle !<\/p>\n<ul style=\"text-align: justify;\">\n<li><strong>Ce serait \u00e0 refaire, vous referiez le m\u00eame choix ? Que changeriez-vous ?<\/strong><\/li>\n<\/ul>\n<p style=\"text-align: justify;\">Je ferais la m\u00eame chose ! Pouvoir continuer d&rsquo;allaiter mon b\u00e9b\u00e9 est tr\u00e8s important pour moi ! Par contre, je ne proposerais plus de biberon avant le jour de ma reprise ! Les b\u00e9b\u00e9s comprennent tout !<\/p>\n<p style=\"text-align: justify;\"><strong>Articles en rapport :<\/strong><\/p>\n<ul>\n<li style=\"text-align: justify;\">Voir l&rsquo;onglet <a href=\"https:\/\/www.lactissima.com\/a-tire-d-ailes\/?page_id=1179\" target=\"_blank\">t\u00e9moignages<\/a><\/li>\n<\/ul>\n<p>&nbsp;<\/p>\n","protected":false},"excerpt":{"rendered":"<p>Je ferais la m\u00eame chose ! Pouvoir continuer d&rsquo;allaiter mon b\u00e9b\u00e9 est tr\u00e8s important pour moi ! Par contre, je ne proposerais plus de biberon avant le jour de ma reprise ! Les b\u00e9b\u00e9s comprennent tout !<\/p>\n","protected":false},"author":170,"featured_media":2007,"comment_status":"open","ping_status":"open","sticky":false,"template":"","format":"standard","meta":{"_et_pb_use_builder":"","_et_pb_old_content":"","_et_gb_content_width":"","footnotes":""},"categories":[36,150],"tags":[187,278,277,57],"class_list":["post-2006","post","type-post","status-publish","format-standard","has-post-thumbnail","hentry","category-allaitement-et-travail","category-temoignages","tag-allaiter-et-travailler","tag-professeur-des-ecoles","tag-tetees-de-retrouvailles","tag-tire-lait"],"yoast_head":"<!-- This site is optimized with the Yoast SEO plugin v27.4 - https:\/\/yoast.com\/product\/yoast-seo-wordpress\/ -->\n<title>Allaiter et travailler : le t\u00e9moignage de Marie<\/title>\n<meta name=\"description\" content=\"Je ferais la m\u00eame chose ! Pouvoir continuer d&#039;allaiter mon b\u00e9b\u00e9 est tr\u00e8s important pour moi ! Par contre, je ne proposerais plus de biberon avant le jour de ma reprise ! Les b\u00e9b\u00e9s comprennent tout !\" \/>\n<meta name=\"robots\" content=\"index, follow, max-snippet:-1, max-image-preview:large, max-video-preview:-1\" \/>\n<link rel=\"canonical\" href=\"https:\/\/www.lactissima.com\/a-tire-d-ailes\/allaiter-et-travailler-le-temoignage-de-marie\/\" \/>\n<meta property=\"og:locale\" content=\"fr_FR\" \/>\n<meta property=\"og:type\" content=\"article\" \/>\n<meta property=\"og:title\" content=\"Allaiter et travailler : le t\u00e9moignage de Marie\" \/>\n<meta property=\"og:description\" content=\"Je ferais la m\u00eame chose ! Pouvoir continuer d&#039;allaiter mon b\u00e9b\u00e9 est tr\u00e8s important pour moi ! Par contre, je ne proposerais plus de biberon avant le jour de ma reprise ! Les b\u00e9b\u00e9s comprennent tout !\" \/>\n<meta property=\"og:url\" content=\"https:\/\/www.lactissima.com\/a-tire-d-ailes\/allaiter-et-travailler-le-temoignage-de-marie\/\" \/>\n<meta property=\"og:site_name\" content=\"A tire d&#039;Ailes\" \/>\n<meta property=\"article:publisher\" content=\"https:\/\/www.facebook.com\/consultante.en.lactation\" \/>\n<meta property=\"article:author\" content=\"www.facebook.com\/consultante.en.lactation\" \/>\n<meta property=\"article:published_time\" content=\"2011-02-25T17:51:14+00:00\" \/>\n<meta property=\"article:modified_time\" content=\"2014-03-15T14:54:25+00:00\" \/>\n<meta property=\"og:image\" content=\"https:\/\/www.lactissima.com\/a-tire-d-ailes\/wp-content\/uploads\/marie1.jpg\" \/>\n\t<meta property=\"og:image:width\" content=\"336\" \/>\n\t<meta property=\"og:image:height\" content=\"448\" \/>\n\t<meta property=\"og:image:type\" content=\"image\/jpeg\" \/>\n<meta name=\"author\" content=\"V\u00e9ronique Darmangeat\" \/>\n<meta name=\"twitter:card\" content=\"summary_large_image\" \/>\n<meta name=\"twitter:creator\" content=\"@VeroniqueIBCLC\" \/>\n<meta name=\"twitter:site\" content=\"@VeroniqueIBCLC\" \/>\n<meta name=\"twitter:label1\" content=\"\u00c9crit par\" \/>\n\t<meta name=\"twitter:data1\" content=\"V\u00e9ronique Darmangeat\" \/>\n\t<meta name=\"twitter:label2\" content=\"Dur\u00e9e de lecture estim\u00e9e\" \/>\n\t<meta name=\"twitter:data2\" content=\"5 minutes\" \/>\n<script type=\"application\/ld+json\" class=\"yoast-schema-graph\">{\"@context\":\"https:\\\/\\\/schema.org\",\"@graph\":[{\"@type\":\"Article\",\"@id\":\"https:\\\/\\\/www.lactissima.com\\\/a-tire-d-ailes\\\/allaiter-et-travailler-le-temoignage-de-marie\\\/#article\",\"isPartOf\":{\"@id\":\"https:\\\/\\\/www.lactissima.com\\\/a-tire-d-ailes\\\/allaiter-et-travailler-le-temoignage-de-marie\\\/\"},\"author\":{\"name\":\"V\u00e9ronique Darmangeat\",\"@id\":\"https:\\\/\\\/www.lactissima.com\\\/a-tire-d-ailes\\\/#\\\/schema\\\/person\\\/8f98d3a89530861bc1240e6d53d44eed\"},\"headline\":\"Allaiter et travailler : le t\u00e9moignage de Marie\",\"datePublished\":\"2011-02-25T17:51:14+00:00\",\"dateModified\":\"2014-03-15T14:54:25+00:00\",\"mainEntityOfPage\":{\"@id\":\"https:\\\/\\\/www.lactissima.com\\\/a-tire-d-ailes\\\/allaiter-et-travailler-le-temoignage-de-marie\\\/\"},\"wordCount\":1007,\"commentCount\":5,\"image\":{\"@id\":\"https:\\\/\\\/www.lactissima.com\\\/a-tire-d-ailes\\\/allaiter-et-travailler-le-temoignage-de-marie\\\/#primaryimage\"},\"thumbnailUrl\":\"https:\\\/\\\/www.lactissima.com\\\/a-tire-d-ailes\\\/wp-content\\\/uploads\\\/marie1.jpg\",\"keywords\":[\"allaiter et travailler\",\"professeur des \u00e9coles\",\"t\u00e9t\u00e9es de retrouvailles\",\"tire-lait\"],\"articleSection\":[\"Allaitement et Travail\",\"t\u00e9moignages\"],\"inLanguage\":\"fr-FR\",\"potentialAction\":[{\"@type\":\"CommentAction\",\"name\":\"Comment\",\"target\":[\"https:\\\/\\\/www.lactissima.com\\\/a-tire-d-ailes\\\/allaiter-et-travailler-le-temoignage-de-marie\\\/#respond\"]}]},{\"@type\":\"WebPage\",\"@id\":\"https:\\\/\\\/www.lactissima.com\\\/a-tire-d-ailes\\\/allaiter-et-travailler-le-temoignage-de-marie\\\/\",\"url\":\"https:\\\/\\\/www.lactissima.com\\\/a-tire-d-ailes\\\/allaiter-et-travailler-le-temoignage-de-marie\\\/\",\"name\":\"Allaiter et travailler : le t\u00e9moignage de Marie\",\"isPartOf\":{\"@id\":\"https:\\\/\\\/www.lactissima.com\\\/a-tire-d-ailes\\\/#website\"},\"primaryImageOfPage\":{\"@id\":\"https:\\\/\\\/www.lactissima.com\\\/a-tire-d-ailes\\\/allaiter-et-travailler-le-temoignage-de-marie\\\/#primaryimage\"},\"image\":{\"@id\":\"https:\\\/\\\/www.lactissima.com\\\/a-tire-d-ailes\\\/allaiter-et-travailler-le-temoignage-de-marie\\\/#primaryimage\"},\"thumbnailUrl\":\"https:\\\/\\\/www.lactissima.com\\\/a-tire-d-ailes\\\/wp-content\\\/uploads\\\/marie1.jpg\",\"datePublished\":\"2011-02-25T17:51:14+00:00\",\"dateModified\":\"2014-03-15T14:54:25+00:00\",\"author\":{\"@id\":\"https:\\\/\\\/www.lactissima.com\\\/a-tire-d-ailes\\\/#\\\/schema\\\/person\\\/8f98d3a89530861bc1240e6d53d44eed\"},\"description\":\"Je ferais la m\u00eame chose ! Pouvoir continuer d'allaiter mon b\u00e9b\u00e9 est tr\u00e8s important pour moi ! Par contre, je ne proposerais plus de biberon avant le jour de ma reprise ! Les b\u00e9b\u00e9s comprennent tout !\",\"breadcrumb\":{\"@id\":\"https:\\\/\\\/www.lactissima.com\\\/a-tire-d-ailes\\\/allaiter-et-travailler-le-temoignage-de-marie\\\/#breadcrumb\"},\"inLanguage\":\"fr-FR\",\"potentialAction\":[{\"@type\":\"ReadAction\",\"target\":[\"https:\\\/\\\/www.lactissima.com\\\/a-tire-d-ailes\\\/allaiter-et-travailler-le-temoignage-de-marie\\\/\"]}]},{\"@type\":\"ImageObject\",\"inLanguage\":\"fr-FR\",\"@id\":\"https:\\\/\\\/www.lactissima.com\\\/a-tire-d-ailes\\\/allaiter-et-travailler-le-temoignage-de-marie\\\/#primaryimage\",\"url\":\"https:\\\/\\\/www.lactissima.com\\\/a-tire-d-ailes\\\/wp-content\\\/uploads\\\/marie1.jpg\",\"contentUrl\":\"https:\\\/\\\/www.lactissima.com\\\/a-tire-d-ailes\\\/wp-content\\\/uploads\\\/marie1.jpg\",\"width\":\"336\",\"height\":\"448\"},{\"@type\":\"BreadcrumbList\",\"@id\":\"https:\\\/\\\/www.lactissima.com\\\/a-tire-d-ailes\\\/allaiter-et-travailler-le-temoignage-de-marie\\\/#breadcrumb\",\"itemListElement\":[{\"@type\":\"ListItem\",\"position\":1,\"name\":\"Accueil\",\"item\":\"https:\\\/\\\/www.lactissima.com\\\/a-tire-d-ailes\\\/\"},{\"@type\":\"ListItem\",\"position\":2,\"name\":\"Allaiter et travailler : le t\u00e9moignage de Marie\"}]},{\"@type\":\"WebSite\",\"@id\":\"https:\\\/\\\/www.lactissima.com\\\/a-tire-d-ailes\\\/#website\",\"url\":\"https:\\\/\\\/www.lactissima.com\\\/a-tire-d-ailes\\\/\",\"name\":\"A tire d&#039;Ailes\",\"description\":\"Le blog des femmes qui allaitent et travaillent.\",\"potentialAction\":[{\"@type\":\"SearchAction\",\"target\":{\"@type\":\"EntryPoint\",\"urlTemplate\":\"https:\\\/\\\/www.lactissima.com\\\/a-tire-d-ailes\\\/?s={search_term_string}\"},\"query-input\":{\"@type\":\"PropertyValueSpecification\",\"valueRequired\":true,\"valueName\":\"search_term_string\"}}],\"inLanguage\":\"fr-FR\"},{\"@type\":\"Person\",\"@id\":\"https:\\\/\\\/www.lactissima.com\\\/a-tire-d-ailes\\\/#\\\/schema\\\/person\\\/8f98d3a89530861bc1240e6d53d44eed\",\"name\":\"V\u00e9ronique Darmangeat\",\"image\":{\"@type\":\"ImageObject\",\"inLanguage\":\"fr-FR\",\"@id\":\"https:\\\/\\\/secure.gravatar.com\\\/avatar\\\/268c99344c89cebfe4f5df5fa8be43068a18884fc76a29f3206fae98465b9cab?s=96&d=identicon&r=g\",\"url\":\"https:\\\/\\\/secure.gravatar.com\\\/avatar\\\/268c99344c89cebfe4f5df5fa8be43068a18884fc76a29f3206fae98465b9cab?s=96&d=identicon&r=g\",\"contentUrl\":\"https:\\\/\\\/secure.gravatar.com\\\/avatar\\\/268c99344c89cebfe4f5df5fa8be43068a18884fc76a29f3206fae98465b9cab?s=96&d=identicon&r=g\",\"caption\":\"V\u00e9ronique Darmangeat\"},\"sameAs\":[\"https:\\\/\\\/www.lactissima.com\\\/a-tire-d-ailes\",\"www.facebook.com\\\/consultante.en.lactation\"]}]}<\/script>\n<!-- \/ Yoast SEO plugin. -->","yoast_head_json":{"title":"Allaiter et travailler : le t\u00e9moignage de Marie","description":"Je ferais la m\u00eame chose ! Pouvoir continuer d'allaiter mon b\u00e9b\u00e9 est tr\u00e8s important pour moi ! Par contre, je ne proposerais plus de biberon avant le jour de ma reprise ! Les b\u00e9b\u00e9s comprennent tout !","robots":{"index":"index","follow":"follow","max-snippet":"max-snippet:-1","max-image-preview":"max-image-preview:large","max-video-preview":"max-video-preview:-1"},"canonical":"https:\/\/www.lactissima.com\/a-tire-d-ailes\/allaiter-et-travailler-le-temoignage-de-marie\/","og_locale":"fr_FR","og_type":"article","og_title":"Allaiter et travailler : le t\u00e9moignage de Marie","og_description":"Je ferais la m\u00eame chose ! Pouvoir continuer d'allaiter mon b\u00e9b\u00e9 est tr\u00e8s important pour moi ! Par contre, je ne proposerais plus de biberon avant le jour de ma reprise ! Les b\u00e9b\u00e9s comprennent tout !","og_url":"https:\/\/www.lactissima.com\/a-tire-d-ailes\/allaiter-et-travailler-le-temoignage-de-marie\/","og_site_name":"A tire d&#039;Ailes","article_publisher":"https:\/\/www.facebook.com\/consultante.en.lactation","article_author":"www.facebook.com\/consultante.en.lactation","article_published_time":"2011-02-25T17:51:14+00:00","article_modified_time":"2014-03-15T14:54:25+00:00","og_image":[{"width":336,"height":448,"url":"https:\/\/www.lactissima.com\/a-tire-d-ailes\/wp-content\/uploads\/marie1.jpg","type":"image\/jpeg"}],"author":"V\u00e9ronique Darmangeat","twitter_card":"summary_large_image","twitter_creator":"@VeroniqueIBCLC","twitter_site":"@VeroniqueIBCLC","twitter_misc":{"\u00c9crit par":"V\u00e9ronique Darmangeat","Dur\u00e9e de lecture estim\u00e9e":"5 minutes"},"schema":{"@context":"https:\/\/schema.org","@graph":[{"@type":"Article","@id":"https:\/\/www.lactissima.com\/a-tire-d-ailes\/allaiter-et-travailler-le-temoignage-de-marie\/#article","isPartOf":{"@id":"https:\/\/www.lactissima.com\/a-tire-d-ailes\/allaiter-et-travailler-le-temoignage-de-marie\/"},"author":{"name":"V\u00e9ronique Darmangeat","@id":"https:\/\/www.lactissima.com\/a-tire-d-ailes\/#\/schema\/person\/8f98d3a89530861bc1240e6d53d44eed"},"headline":"Allaiter et travailler : le t\u00e9moignage de Marie","datePublished":"2011-02-25T17:51:14+00:00","dateModified":"2014-03-15T14:54:25+00:00","mainEntityOfPage":{"@id":"https:\/\/www.lactissima.com\/a-tire-d-ailes\/allaiter-et-travailler-le-temoignage-de-marie\/"},"wordCount":1007,"commentCount":5,"image":{"@id":"https:\/\/www.lactissima.com\/a-tire-d-ailes\/allaiter-et-travailler-le-temoignage-de-marie\/#primaryimage"},"thumbnailUrl":"https:\/\/www.lactissima.com\/a-tire-d-ailes\/wp-content\/uploads\/marie1.jpg","keywords":["allaiter et travailler","professeur des \u00e9coles","t\u00e9t\u00e9es de retrouvailles","tire-lait"],"articleSection":["Allaitement et Travail","t\u00e9moignages"],"inLanguage":"fr-FR","potentialAction":[{"@type":"CommentAction","name":"Comment","target":["https:\/\/www.lactissima.com\/a-tire-d-ailes\/allaiter-et-travailler-le-temoignage-de-marie\/#respond"]}]},{"@type":"WebPage","@id":"https:\/\/www.lactissima.com\/a-tire-d-ailes\/allaiter-et-travailler-le-temoignage-de-marie\/","url":"https:\/\/www.lactissima.com\/a-tire-d-ailes\/allaiter-et-travailler-le-temoignage-de-marie\/","name":"Allaiter et travailler : le t\u00e9moignage de Marie","isPartOf":{"@id":"https:\/\/www.lactissima.com\/a-tire-d-ailes\/#website"},"primaryImageOfPage":{"@id":"https:\/\/www.lactissima.com\/a-tire-d-ailes\/allaiter-et-travailler-le-temoignage-de-marie\/#primaryimage"},"image":{"@id":"https:\/\/www.lactissima.com\/a-tire-d-ailes\/allaiter-et-travailler-le-temoignage-de-marie\/#primaryimage"},"thumbnailUrl":"https:\/\/www.lactissima.com\/a-tire-d-ailes\/wp-content\/uploads\/marie1.jpg","datePublished":"2011-02-25T17:51:14+00:00","dateModified":"2014-03-15T14:54:25+00:00","author":{"@id":"https:\/\/www.lactissima.com\/a-tire-d-ailes\/#\/schema\/person\/8f98d3a89530861bc1240e6d53d44eed"},"description":"Je ferais la m\u00eame chose ! Pouvoir continuer d'allaiter mon b\u00e9b\u00e9 est tr\u00e8s important pour moi ! Par contre, je ne proposerais plus de biberon avant le jour de ma reprise ! Les b\u00e9b\u00e9s comprennent tout !","breadcrumb":{"@id":"https:\/\/www.lactissima.com\/a-tire-d-ailes\/allaiter-et-travailler-le-temoignage-de-marie\/#breadcrumb"},"inLanguage":"fr-FR","potentialAction":[{"@type":"ReadAction","target":["https:\/\/www.lactissima.com\/a-tire-d-ailes\/allaiter-et-travailler-le-temoignage-de-marie\/"]}]},{"@type":"ImageObject","inLanguage":"fr-FR","@id":"https:\/\/www.lactissima.com\/a-tire-d-ailes\/allaiter-et-travailler-le-temoignage-de-marie\/#primaryimage","url":"https:\/\/www.lactissima.com\/a-tire-d-ailes\/wp-content\/uploads\/marie1.jpg","contentUrl":"https:\/\/www.lactissima.com\/a-tire-d-ailes\/wp-content\/uploads\/marie1.jpg","width":"336","height":"448"},{"@type":"BreadcrumbList","@id":"https:\/\/www.lactissima.com\/a-tire-d-ailes\/allaiter-et-travailler-le-temoignage-de-marie\/#breadcrumb","itemListElement":[{"@type":"ListItem","position":1,"name":"Accueil","item":"https:\/\/www.lactissima.com\/a-tire-d-ailes\/"},{"@type":"ListItem","position":2,"name":"Allaiter et travailler : le t\u00e9moignage de Marie"}]},{"@type":"WebSite","@id":"https:\/\/www.lactissima.com\/a-tire-d-ailes\/#website","url":"https:\/\/www.lactissima.com\/a-tire-d-ailes\/","name":"A tire d&#039;Ailes","description":"Le blog des femmes qui allaitent et travaillent.","potentialAction":[{"@type":"SearchAction","target":{"@type":"EntryPoint","urlTemplate":"https:\/\/www.lactissima.com\/a-tire-d-ailes\/?s={search_term_string}"},"query-input":{"@type":"PropertyValueSpecification","valueRequired":true,"valueName":"search_term_string"}}],"inLanguage":"fr-FR"},{"@type":"Person","@id":"https:\/\/www.lactissima.com\/a-tire-d-ailes\/#\/schema\/person\/8f98d3a89530861bc1240e6d53d44eed","name":"V\u00e9ronique Darmangeat","image":{"@type":"ImageObject","inLanguage":"fr-FR","@id":"https:\/\/secure.gravatar.com\/avatar\/268c99344c89cebfe4f5df5fa8be43068a18884fc76a29f3206fae98465b9cab?s=96&d=identicon&r=g","url":"https:\/\/secure.gravatar.com\/avatar\/268c99344c89cebfe4f5df5fa8be43068a18884fc76a29f3206fae98465b9cab?s=96&d=identicon&r=g","contentUrl":"https:\/\/secure.gravatar.com\/avatar\/268c99344c89cebfe4f5df5fa8be43068a18884fc76a29f3206fae98465b9cab?s=96&d=identicon&r=g","caption":"V\u00e9ronique Darmangeat"},"sameAs":["https:\/\/www.lactissima.com\/a-tire-d-ailes","www.facebook.com\/consultante.en.lactation"]}]}},"_links":{"self":[{"href":"https:\/\/www.lactissima.com\/a-tire-d-ailes\/wp-json\/wp\/v2\/posts\/2006","targetHints":{"allow":["GET"]}}],"collection":[{"href":"https:\/\/www.lactissima.com\/a-tire-d-ailes\/wp-json\/wp\/v2\/posts"}],"about":[{"href":"https:\/\/www.lactissima.com\/a-tire-d-ailes\/wp-json\/wp\/v2\/types\/post"}],"author":[{"embeddable":true,"href":"https:\/\/www.lactissima.com\/a-tire-d-ailes\/wp-json\/wp\/v2\/users\/170"}],"replies":[{"embeddable":true,"href":"https:\/\/www.lactissima.com\/a-tire-d-ailes\/wp-json\/wp\/v2\/comments?post=2006"}],"version-history":[{"count":10,"href":"https:\/\/www.lactissima.com\/a-tire-d-ailes\/wp-json\/wp\/v2\/posts\/2006\/revisions"}],"predecessor-version":[{"id":5392,"href":"https:\/\/www.lactissima.com\/a-tire-d-ailes\/wp-json\/wp\/v2\/posts\/2006\/revisions\/5392"}],"wp:featuredmedia":[{"embeddable":true,"href":"https:\/\/www.lactissima.com\/a-tire-d-ailes\/wp-json\/wp\/v2\/media\/2007"}],"wp:attachment":[{"href":"https:\/\/www.lactissima.com\/a-tire-d-ailes\/wp-json\/wp\/v2\/media?parent=2006"}],"wp:term":[{"taxonomy":"category","embeddable":true,"href":"https:\/\/www.lactissima.com\/a-tire-d-ailes\/wp-json\/wp\/v2\/categories?post=2006"},{"taxonomy":"post_tag","embeddable":true,"href":"https:\/\/www.lactissima.com\/a-tire-d-ailes\/wp-json\/wp\/v2\/tags?post=2006"}],"curies":[{"name":"wp","href":"https:\/\/api.w.org\/{rel}","templated":true}]}}