{"id":1972,"date":"2011-02-12T11:52:48","date_gmt":"2011-02-12T09:52:48","guid":{"rendered":"https:\/\/www.lactissima.com\/a-tire-d-ailes\/?p=1972"},"modified":"2014-03-15T16:54:53","modified_gmt":"2014-03-15T14:54:53","slug":"allaiter-et-travailler-le-temoignage-danna","status":"publish","type":"post","link":"https:\/\/www.lactissima.com\/a-tire-d-ailes\/allaiter-et-travailler-le-temoignage-danna\/","title":{"rendered":"Allaiter et travailler : le t\u00e9moignage d&rsquo;Anna"},"content":{"rendered":"<p style=\"text-align: justify;\"><strong><a href=\"https:\/\/www.lactissima.com\/a-tire-d-ailes\/wp-content\/uploads\/anna2.jpg\"><img loading=\"lazy\" decoding=\"async\" class=\"alignright size-full wp-image-1973\" title=\"allaiter et travailler\" alt=\"\" src=\"https:\/\/www.lactissima.com\/a-tire-d-ailes\/wp-content\/uploads\/anna2.jpg\" width=\"314\" height=\"235\" srcset=\"https:\/\/www.lactissima.com\/a-tire-d-ailes\/wp-content\/uploads\/anna2.jpg 448w, https:\/\/www.lactissima.com\/a-tire-d-ailes\/wp-content\/uploads\/anna2-300x224.jpg 300w\" sizes=\"(max-width: 314px) 100vw, 314px\" \/><\/a>Quel choix avez-vous fait au moment de la reprise du travail : sevrage ou poursuite de l&rsquo;allaitement ? Pourquoi ?<\/strong><\/p>\n<p style=\"text-align: justify;\">Avant m\u00eame d&rsquo;\u00eatre enceinte, une chose \u00e9tait \u00e9vidente pour moi, j&rsquo;allaiterais  mon enfant pendant tr\u00e8s longtemps, mais je voulais \u00e9galement \u00eatre une maman active en poursuivant mon travail de pu\u00e9ricultrice en service de n\u00e9onatalogie. La question de la poursuite de l&rsquo;allaitement ne se posait pas pour moi, j&rsquo;allais continuer en travaillant. Je n&rsquo;vais pas envie que ma fille boive du lait artificiel alors que j&rsquo;\u00e9tais capable de produire du bon lait, fabriqu\u00e9 juste pour elle et parfaitement adapt\u00e9 \u00e0 ses besoins.<\/p>\n<p style=\"text-align: justify;\">Par contre, je m&rsquo;\u00e9tais organis\u00e9e pour reprendre aux 7 mois d&rsquo;Elia afin qu&rsquo;elle soit diversifi\u00e9e et que je n&rsquo;ai pas de trop grosses quantit\u00e9s de lait \u00e0 fournir. C&rsquo;\u00e9tait sans imaginer qu&rsquo;elle allait refuser d&rsquo;\u00eatre diversifi\u00e9e \u00e0 6 mois et que l&rsquo;allaitement exclusif s&rsquo;est poursuivi jusqu&rsquo;\u00e0 presque 9 mois. J&rsquo;ai aussi choisi de reprendre mon activit\u00e9 \u00e0 80%.<\/p>\n<p style=\"text-align: justify;\"><strong>Comment vous \u00eates-vous organis\u00e9e ?<\/strong><\/p>\n<p style=\"text-align: justify;\">J&rsquo;ai beaucoup angoiss\u00e9 par avance, d\u00e8s ses deux mois, j&rsquo;essayais d&rsquo;imaginer comment j&rsquo;allais m&rsquo;organiser. Elle t\u00e9tait \u00e9norm\u00e9ment et je paniquais d&rsquo;avance \u00e0 l&rsquo;id\u00e9e de ne pas pouvoir lui fournir les quantit\u00e9s n\u00e9cessaires. Mais en m\u00eame temps, je refusais de me laisser envahir par ces angoisses et je ne voulais pas pr\u00e9parer ma reprise trop en avance. Je voulais profiter de ces 7 mois aupr\u00e8s d&rsquo;elle \u00e0 100% et ne pas m&rsquo;encombrer de tire-lait ou biberons ou autre tant que ce n&rsquo;\u00e9tait pas une n\u00e9cessit\u00e9.<\/p>\n<p style=\"text-align: justify;\">J&rsquo;\u00e9tais fermement d\u00e9cid\u00e9e \u00e0 ne pas lui donner autre chose que le sein avant la reprise. En mon absence, elle n&rsquo;aurait pas d&rsquo;autre choix que de boire autrement alors elle l&rsquo;apprendrait en temps voulu. J&rsquo;ai quand m\u00eame essay\u00e9 2 ou 3 fois pour m&rsquo;assurer qu&rsquo;elle avait compris le syst\u00e8me de la tasse \u00e0 bec, une fois que je l&rsquo;ai vu t\u00e9ter sur le bec, \u00e7a m&rsquo;a suffit, elle \u00e9tait capable de le faire, alors elle n&rsquo;avait pas besoin de faire plus tant que je n&rsquo;avais pas repris.<\/p>\n<p style=\"text-align: justify;\">Deux semaines avant la reprise, j&rsquo;ai tir\u00e9 mon lait une fois par jour avec un double pompe \u00e9lectrique pour faire quelques stocks et apprivoiser mon tire-lait. Manque de bol, une pi\u00e8ce \u00e9tait d\u00e9fectueuse donc cela n&rsquo;a pas \u00e9t\u00e9 tr\u00e8s productif, et c&rsquo;\u00e9tait m\u00eame plut\u00f4t anxiog\u00e8ne. Une fois la pi\u00e8ce de remplacement re\u00e7ue, j&rsquo;ai tir\u00e9 deux fois par jour la semaine restante.<\/p>\n<p style=\"text-align: justify;\">Je fais des horaires d\u00e9cal\u00e9s c&rsquo;est-\u00e0 -dire que je travaille parfois de 6h \u00e0 13h30 et parfois de 13h \u00e0 20h30. Au d\u00e9but, je tirais une fois au travail et une fois \u00e0 la maison, cela me faisait entre 400 et 500ml par jour. Mais finalement, ma fille n&rsquo;a jamais voulu boire beaucoup en mon absence, elle pr\u00e9f\u00e9rait boire juste de quoi patienter (entre 40 et 150ml selon ses humeurs) et puis faire plein de t\u00e9t\u00e9es \u00e0 la source le reste de la journ\u00e9e. Du coup, je remplissais mon cong\u00e9lateur \u00e0 une vitesse folle et le lactarium ne voulait pas prendre mon lait. J&rsquo;ai donc rapidement r\u00e9duit \u00e0 un seul tirage pendant mon service. J&rsquo;avais divers locaux utilisables et ma chef m&rsquo;avait autoris\u00e9 \u00e0 tirer \u00c2\u00ab si la charge de travail le permet \u00c2\u00bb avait-t-elle pr\u00e9cis\u00e9. Mais mes coll\u00e8gues \u00e9tant compr\u00e9hensives, je n&rsquo;ai jamais eu de probl\u00e8me pour prendre ma \u00c2\u00ab pause tire-lait \u00c2\u00bb. M\u00eame en tirant une seule fois, j&rsquo;avais le double de ce que ma fille buvait en mon absence.<\/p>\n<p style=\"text-align: justify;\">Concr\u00e8tement, quand je travaille le matin elle t\u00e8te plusieurs fois la nuit avec une derni\u00e8re t\u00e9t\u00e9e entre 4 et 5h, prend mon lait \u00e0 la tasse \u00e0 bec 1 fois sur son temps de garde (en moyenne environ 80ml), puis t\u00e8te \u00e0 nos retrouvailles 14h30, fait une sieste, t\u00e8te \u00e0 son r\u00e9veil vers 16-17h puis t\u00e8te avant d&rsquo;aller se coucher. Quand je travaille en apr\u00e8s-midi, elle t\u00e8te la nuit, le matin vers 9h, une autre fois vers 12h avant que je la d\u00e9pose, prend un petit peu de lait chez nounou, elle prend rarement un peu de lait avec son papa avant d&rsquo;\u00eatre couch\u00e9e puis se r\u00e9veille d\u00e9s que je rentre pour rattraper !<\/p>\n<p style=\"text-align: justify;\"><strong>Quelles ont \u00e9t\u00e9 vos principales difficult\u00e9s ?<\/strong><\/p>\n<p style=\"text-align: justify;\">L&rsquo;angoisse de l&rsquo;inconnu \u00e9tait le plus dur, ne pas savoir comment \u00e7a allait se passer alors que la poursuite de l&rsquo;allaitement \u00e9tait si importante pour moi. Mes coll\u00e8gues et amis me charrient souvent en me disant que vu comme j&rsquo;\u00e9tais d\u00e9termin\u00e9e \u00e0 allaiter, Elia savait tr\u00e8s bien qu&rsquo;elle avait int\u00e9r\u00eat \u00e0 m&rsquo;aider. D&rsquo;ailleurs, elle a tout compris, elle t\u00e8te plein de fois la nuit (\u00e0 mon grand d\u00e9sespoir) pour relancer ma lactation quand j&rsquo;ai travaill\u00e9 plusieurs jours d&rsquo;affil\u00e9 !<\/p>\n<p style=\"text-align: justify;\">Je me suis cependant trouv\u00e9 assez peu soutenue, beaucoup de gens ne comprennent pas trop la poursuite de l&rsquo;allaitement au del\u00e0 de 6 mois, encore moins en travaillant. Heureusement, je participe \u00e0 des forums sur Internet o\u00f9 j&rsquo;ai pu trouver des infos essentielles, et j&rsquo;ai ainsi rencontr\u00e9 d&rsquo;autres mamans allaitantes et travailleuses avec qui on se soutient mutuellement.<\/p>\n<p style=\"text-align: justify;\"><strong>Quels ont \u00e9t\u00e9 vos meilleurs moments ?<\/strong><\/p>\n<p style=\"text-align: justify;\">Les t\u00e9t\u00e9es de retrouvailles. Les premiers jours, il m&rsquo;est arriv\u00e9 de m&rsquo;arr\u00eater en route entre la maison de la nounou et chez nous pour allaiter Elia, parce qu&rsquo;elle \u00e9tait trop press\u00e9e et moi aussi&#8230; pourtant on n&rsquo;avait que 10min de trajets ! Avec le temps, elle a appris \u00e0 attendre notre retour. Et plus tard, la t\u00e9t\u00e9e durait longtemps, et elle refusait d&rsquo;aller \u00e0 la sieste et r\u00e9clamait \u00e0 t\u00e9ter toute l&rsquo;apr\u00e8s-midi si j&rsquo;avais travaill\u00e9 le matin. Maintenant, quand je travaille le matin, en rentrant on s&rsquo;allonge dans mon lit, elle t\u00e8te longuement et on finit par s&rsquo;endormir toutes les 2, bien coll\u00e9es l&rsquo;une contre l&rsquo;autre. Ces moments, coll\u00e9es l&rsquo;une \u00e0 l&rsquo;autre sont juste inoubliables.<\/p>\n<p style=\"text-align: justify;\">J&rsquo;ai \u00e9t\u00e9 enfin tranquille en r\u00e9alisant que j&rsquo;allais pouvoir poursuivre mon allaitement sans probl\u00e8me, que ma lactation suivait malgr\u00e9 les t\u00e9t\u00e9es et tirages tr\u00e8s irr\u00e9guliers et que ma fille n&rsquo;\u00e9tait pas pr\u00eate \u00e0 laisser tomber le sein.<\/p>\n<p style=\"text-align: justify;\"><strong>Qu&rsquo;est-ce que vous souhaiteriez dire aux mamans qui doivent faire un choix dans les semaines \u00e0 venir ?<\/strong><\/p>\n<p style=\"text-align: justify;\">L&rsquo;aventure de l&rsquo;allaitement est quelque chose d&rsquo;incroyable, avant d&rsquo;allaiter je m&rsquo;en doutais, maintenant que je l&rsquo;ai v\u00e9cu j&rsquo;en suis d&rsquo;autant plus convaincue. On entend souvent que le retour de l&rsquo;allaitement est une r\u00e9gression, que ce n&rsquo;est pas compatible avec une vie de femme active. Or, c&rsquo;est pourtant le cas. Il existe aujourd&rsquo;hui des moyens de poursuivre son allaitement tout en \u00e9tant une femme active. Il faut cependant conna\u00eetre les bons moyens en s&rsquo;informant un maximum avant. La poursuite de l&rsquo;allaitement permet aussi que la s\u00e9paration se fasse plus en douceur d&rsquo;apr\u00e8s moi.<\/p>\n<p style=\"text-align: justify;\">Mais finalement, ce qui est le plus important, et c&rsquo;est ce que je dis chaque jour dans mon travail, le plus important c&rsquo;est de pourvoir faire ce qu&rsquo;on a envie de faire. C&rsquo;est un sujet trop important pour que les patrons ou les coll\u00e8gues fassent ce choix \u00e0 notre place.<\/p>\n<p style=\"text-align: justify;\"><strong>Ce serait \u00e0 refaire, vous referiez le m\u00eame choix ? Que changeriez-vous ?<\/strong><\/p>\n<p style=\"text-align: justify;\">Oui, oui et re-oui ! Je recommencerais sans h\u00e9sitation. La seule chose que je changerais, c&rsquo;est que je ne m&rsquo;angoisserais pas pendant des mois avant, je profiterais vraiment \u00e0 100% du temps avec mon b\u00e9b\u00e9, je regrette d&rsquo;avoir pass\u00e9 tant de temps \u00e0 me demander comment j&rsquo;allais y arriver alors que j&rsquo;aurai pu me pr\u00e9occuper d&rsquo;autres choses pendant ce temps. Finalement, c&rsquo;est si simple !<\/p>\n<p style=\"text-align: justify;\"><strong>Articles en rapport :<\/strong><\/p>\n<ul>\n<li style=\"text-align: justify;\">Voir l&rsquo;onglet <a href=\"https:\/\/www.lactissima.com\/a-tire-d-ailes\/?page_id=1179\" target=\"_blank\">t\u00e9moignages<\/a><\/li>\n<\/ul>\n<p>&nbsp;<\/p>\n","protected":false},"excerpt":{"rendered":"<p>Je recommencerais sans h\u00e9sitation. La seule chose que je changerais, c&rsquo;est que je ne m&rsquo;angoisserais pas pendant des mois avant, je profiterais vraiment \u00e0 100% du temps avec mon b\u00e9b\u00e9.<\/p>\n","protected":false},"author":170,"featured_media":1973,"comment_status":"open","ping_status":"open","sticky":false,"template":"","format":"standard","meta":{"_et_pb_use_builder":"","_et_pb_old_content":"","_et_gb_content_width":"","footnotes":""},"categories":[36,150],"tags":[85,57,59],"class_list":["post-1972","post","type-post","status-publish","format-standard","has-post-thumbnail","hentry","category-allaitement-et-travail","category-temoignages","tag-nounou","tag-tire-lait","tag-travail"],"yoast_head":"<!-- This site is optimized with the Yoast SEO plugin v27.4 - https:\/\/yoast.com\/product\/yoast-seo-wordpress\/ -->\n<title>Allaiter et travailler : le t\u00e9moignage d&#039;Anna<\/title>\n<meta name=\"description\" content=\"Je recommencerais sans h\u00e9sitation. La seule chose que je changerais, c&#039;est que je ne m&#039;angoisserais pas pendant des mois avant, je profiterais vraiment \u00e0 100% du temps avec mon b\u00e9b\u00e9.\" \/>\n<meta name=\"robots\" content=\"index, follow, max-snippet:-1, max-image-preview:large, max-video-preview:-1\" \/>\n<link rel=\"canonical\" href=\"https:\/\/www.lactissima.com\/a-tire-d-ailes\/allaiter-et-travailler-le-temoignage-danna\/\" \/>\n<meta property=\"og:locale\" content=\"fr_FR\" \/>\n<meta property=\"og:type\" content=\"article\" \/>\n<meta property=\"og:title\" content=\"Allaiter et travailler : le t\u00e9moignage d&#039;Anna\" \/>\n<meta property=\"og:description\" content=\"Je recommencerais sans h\u00e9sitation. La seule chose que je changerais, c&#039;est que je ne m&#039;angoisserais pas pendant des mois avant, je profiterais vraiment \u00e0 100% du temps avec mon b\u00e9b\u00e9.\" \/>\n<meta property=\"og:url\" content=\"https:\/\/www.lactissima.com\/a-tire-d-ailes\/allaiter-et-travailler-le-temoignage-danna\/\" \/>\n<meta property=\"og:site_name\" content=\"A tire d&#039;Ailes\" \/>\n<meta property=\"article:publisher\" content=\"https:\/\/www.facebook.com\/consultante.en.lactation\" \/>\n<meta property=\"article:author\" content=\"www.facebook.com\/consultante.en.lactation\" \/>\n<meta property=\"article:published_time\" content=\"2011-02-12T09:52:48+00:00\" \/>\n<meta property=\"article:modified_time\" content=\"2014-03-15T14:54:53+00:00\" \/>\n<meta property=\"og:image\" content=\"https:\/\/www.lactissima.com\/a-tire-d-ailes\/wp-content\/uploads\/anna2.jpg\" \/>\n\t<meta property=\"og:image:width\" content=\"448\" \/>\n\t<meta property=\"og:image:height\" content=\"336\" \/>\n\t<meta property=\"og:image:type\" content=\"image\/jpeg\" \/>\n<meta name=\"author\" content=\"V\u00e9ronique Darmangeat\" \/>\n<meta name=\"twitter:card\" content=\"summary_large_image\" \/>\n<meta name=\"twitter:creator\" content=\"@VeroniqueIBCLC\" \/>\n<meta name=\"twitter:site\" content=\"@VeroniqueIBCLC\" \/>\n<meta name=\"twitter:label1\" content=\"\u00c9crit par\" \/>\n\t<meta name=\"twitter:data1\" content=\"V\u00e9ronique Darmangeat\" \/>\n\t<meta name=\"twitter:label2\" content=\"Dur\u00e9e de lecture estim\u00e9e\" \/>\n\t<meta name=\"twitter:data2\" content=\"6 minutes\" \/>\n<script type=\"application\/ld+json\" class=\"yoast-schema-graph\">{\"@context\":\"https:\\\/\\\/schema.org\",\"@graph\":[{\"@type\":\"Article\",\"@id\":\"https:\\\/\\\/www.lactissima.com\\\/a-tire-d-ailes\\\/allaiter-et-travailler-le-temoignage-danna\\\/#article\",\"isPartOf\":{\"@id\":\"https:\\\/\\\/www.lactissima.com\\\/a-tire-d-ailes\\\/allaiter-et-travailler-le-temoignage-danna\\\/\"},\"author\":{\"name\":\"V\u00e9ronique Darmangeat\",\"@id\":\"https:\\\/\\\/www.lactissima.com\\\/a-tire-d-ailes\\\/#\\\/schema\\\/person\\\/8f98d3a89530861bc1240e6d53d44eed\"},\"headline\":\"Allaiter et travailler : le t\u00e9moignage d&rsquo;Anna\",\"datePublished\":\"2011-02-12T09:52:48+00:00\",\"dateModified\":\"2014-03-15T14:54:53+00:00\",\"mainEntityOfPage\":{\"@id\":\"https:\\\/\\\/www.lactissima.com\\\/a-tire-d-ailes\\\/allaiter-et-travailler-le-temoignage-danna\\\/\"},\"wordCount\":1382,\"commentCount\":15,\"image\":{\"@id\":\"https:\\\/\\\/www.lactissima.com\\\/a-tire-d-ailes\\\/allaiter-et-travailler-le-temoignage-danna\\\/#primaryimage\"},\"thumbnailUrl\":\"https:\\\/\\\/www.lactissima.com\\\/a-tire-d-ailes\\\/wp-content\\\/uploads\\\/anna2.jpg\",\"keywords\":[\"nounou\",\"tire-lait\",\"travail\"],\"articleSection\":[\"Allaitement et Travail\",\"t\u00e9moignages\"],\"inLanguage\":\"fr-FR\",\"potentialAction\":[{\"@type\":\"CommentAction\",\"name\":\"Comment\",\"target\":[\"https:\\\/\\\/www.lactissima.com\\\/a-tire-d-ailes\\\/allaiter-et-travailler-le-temoignage-danna\\\/#respond\"]}]},{\"@type\":\"WebPage\",\"@id\":\"https:\\\/\\\/www.lactissima.com\\\/a-tire-d-ailes\\\/allaiter-et-travailler-le-temoignage-danna\\\/\",\"url\":\"https:\\\/\\\/www.lactissima.com\\\/a-tire-d-ailes\\\/allaiter-et-travailler-le-temoignage-danna\\\/\",\"name\":\"Allaiter et travailler : le t\u00e9moignage d'Anna\",\"isPartOf\":{\"@id\":\"https:\\\/\\\/www.lactissima.com\\\/a-tire-d-ailes\\\/#website\"},\"primaryImageOfPage\":{\"@id\":\"https:\\\/\\\/www.lactissima.com\\\/a-tire-d-ailes\\\/allaiter-et-travailler-le-temoignage-danna\\\/#primaryimage\"},\"image\":{\"@id\":\"https:\\\/\\\/www.lactissima.com\\\/a-tire-d-ailes\\\/allaiter-et-travailler-le-temoignage-danna\\\/#primaryimage\"},\"thumbnailUrl\":\"https:\\\/\\\/www.lactissima.com\\\/a-tire-d-ailes\\\/wp-content\\\/uploads\\\/anna2.jpg\",\"datePublished\":\"2011-02-12T09:52:48+00:00\",\"dateModified\":\"2014-03-15T14:54:53+00:00\",\"author\":{\"@id\":\"https:\\\/\\\/www.lactissima.com\\\/a-tire-d-ailes\\\/#\\\/schema\\\/person\\\/8f98d3a89530861bc1240e6d53d44eed\"},\"description\":\"Je recommencerais sans h\u00e9sitation. La seule chose que je changerais, c'est que je ne m'angoisserais pas pendant des mois avant, je profiterais vraiment \u00e0 100% du temps avec mon b\u00e9b\u00e9.\",\"breadcrumb\":{\"@id\":\"https:\\\/\\\/www.lactissima.com\\\/a-tire-d-ailes\\\/allaiter-et-travailler-le-temoignage-danna\\\/#breadcrumb\"},\"inLanguage\":\"fr-FR\",\"potentialAction\":[{\"@type\":\"ReadAction\",\"target\":[\"https:\\\/\\\/www.lactissima.com\\\/a-tire-d-ailes\\\/allaiter-et-travailler-le-temoignage-danna\\\/\"]}]},{\"@type\":\"ImageObject\",\"inLanguage\":\"fr-FR\",\"@id\":\"https:\\\/\\\/www.lactissima.com\\\/a-tire-d-ailes\\\/allaiter-et-travailler-le-temoignage-danna\\\/#primaryimage\",\"url\":\"https:\\\/\\\/www.lactissima.com\\\/a-tire-d-ailes\\\/wp-content\\\/uploads\\\/anna2.jpg\",\"contentUrl\":\"https:\\\/\\\/www.lactissima.com\\\/a-tire-d-ailes\\\/wp-content\\\/uploads\\\/anna2.jpg\",\"width\":\"448\",\"height\":\"336\"},{\"@type\":\"BreadcrumbList\",\"@id\":\"https:\\\/\\\/www.lactissima.com\\\/a-tire-d-ailes\\\/allaiter-et-travailler-le-temoignage-danna\\\/#breadcrumb\",\"itemListElement\":[{\"@type\":\"ListItem\",\"position\":1,\"name\":\"Accueil\",\"item\":\"https:\\\/\\\/www.lactissima.com\\\/a-tire-d-ailes\\\/\"},{\"@type\":\"ListItem\",\"position\":2,\"name\":\"Allaiter et travailler : le t\u00e9moignage d&rsquo;Anna\"}]},{\"@type\":\"WebSite\",\"@id\":\"https:\\\/\\\/www.lactissima.com\\\/a-tire-d-ailes\\\/#website\",\"url\":\"https:\\\/\\\/www.lactissima.com\\\/a-tire-d-ailes\\\/\",\"name\":\"A tire d&#039;Ailes\",\"description\":\"Le blog des femmes qui allaitent et travaillent.\",\"potentialAction\":[{\"@type\":\"SearchAction\",\"target\":{\"@type\":\"EntryPoint\",\"urlTemplate\":\"https:\\\/\\\/www.lactissima.com\\\/a-tire-d-ailes\\\/?s={search_term_string}\"},\"query-input\":{\"@type\":\"PropertyValueSpecification\",\"valueRequired\":true,\"valueName\":\"search_term_string\"}}],\"inLanguage\":\"fr-FR\"},{\"@type\":\"Person\",\"@id\":\"https:\\\/\\\/www.lactissima.com\\\/a-tire-d-ailes\\\/#\\\/schema\\\/person\\\/8f98d3a89530861bc1240e6d53d44eed\",\"name\":\"V\u00e9ronique Darmangeat\",\"image\":{\"@type\":\"ImageObject\",\"inLanguage\":\"fr-FR\",\"@id\":\"https:\\\/\\\/secure.gravatar.com\\\/avatar\\\/268c99344c89cebfe4f5df5fa8be43068a18884fc76a29f3206fae98465b9cab?s=96&d=identicon&r=g\",\"url\":\"https:\\\/\\\/secure.gravatar.com\\\/avatar\\\/268c99344c89cebfe4f5df5fa8be43068a18884fc76a29f3206fae98465b9cab?s=96&d=identicon&r=g\",\"contentUrl\":\"https:\\\/\\\/secure.gravatar.com\\\/avatar\\\/268c99344c89cebfe4f5df5fa8be43068a18884fc76a29f3206fae98465b9cab?s=96&d=identicon&r=g\",\"caption\":\"V\u00e9ronique Darmangeat\"},\"sameAs\":[\"https:\\\/\\\/www.lactissima.com\\\/a-tire-d-ailes\",\"www.facebook.com\\\/consultante.en.lactation\"]}]}<\/script>\n<!-- \/ Yoast SEO plugin. -->","yoast_head_json":{"title":"Allaiter et travailler : le t\u00e9moignage d'Anna","description":"Je recommencerais sans h\u00e9sitation. La seule chose que je changerais, c'est que je ne m'angoisserais pas pendant des mois avant, je profiterais vraiment \u00e0 100% du temps avec mon b\u00e9b\u00e9.","robots":{"index":"index","follow":"follow","max-snippet":"max-snippet:-1","max-image-preview":"max-image-preview:large","max-video-preview":"max-video-preview:-1"},"canonical":"https:\/\/www.lactissima.com\/a-tire-d-ailes\/allaiter-et-travailler-le-temoignage-danna\/","og_locale":"fr_FR","og_type":"article","og_title":"Allaiter et travailler : le t\u00e9moignage d'Anna","og_description":"Je recommencerais sans h\u00e9sitation. La seule chose que je changerais, c'est que je ne m'angoisserais pas pendant des mois avant, je profiterais vraiment \u00e0 100% du temps avec mon b\u00e9b\u00e9.","og_url":"https:\/\/www.lactissima.com\/a-tire-d-ailes\/allaiter-et-travailler-le-temoignage-danna\/","og_site_name":"A tire d&#039;Ailes","article_publisher":"https:\/\/www.facebook.com\/consultante.en.lactation","article_author":"www.facebook.com\/consultante.en.lactation","article_published_time":"2011-02-12T09:52:48+00:00","article_modified_time":"2014-03-15T14:54:53+00:00","og_image":[{"width":448,"height":336,"url":"https:\/\/www.lactissima.com\/a-tire-d-ailes\/wp-content\/uploads\/anna2.jpg","type":"image\/jpeg"}],"author":"V\u00e9ronique Darmangeat","twitter_card":"summary_large_image","twitter_creator":"@VeroniqueIBCLC","twitter_site":"@VeroniqueIBCLC","twitter_misc":{"\u00c9crit par":"V\u00e9ronique Darmangeat","Dur\u00e9e de lecture estim\u00e9e":"6 minutes"},"schema":{"@context":"https:\/\/schema.org","@graph":[{"@type":"Article","@id":"https:\/\/www.lactissima.com\/a-tire-d-ailes\/allaiter-et-travailler-le-temoignage-danna\/#article","isPartOf":{"@id":"https:\/\/www.lactissima.com\/a-tire-d-ailes\/allaiter-et-travailler-le-temoignage-danna\/"},"author":{"name":"V\u00e9ronique Darmangeat","@id":"https:\/\/www.lactissima.com\/a-tire-d-ailes\/#\/schema\/person\/8f98d3a89530861bc1240e6d53d44eed"},"headline":"Allaiter et travailler : le t\u00e9moignage d&rsquo;Anna","datePublished":"2011-02-12T09:52:48+00:00","dateModified":"2014-03-15T14:54:53+00:00","mainEntityOfPage":{"@id":"https:\/\/www.lactissima.com\/a-tire-d-ailes\/allaiter-et-travailler-le-temoignage-danna\/"},"wordCount":1382,"commentCount":15,"image":{"@id":"https:\/\/www.lactissima.com\/a-tire-d-ailes\/allaiter-et-travailler-le-temoignage-danna\/#primaryimage"},"thumbnailUrl":"https:\/\/www.lactissima.com\/a-tire-d-ailes\/wp-content\/uploads\/anna2.jpg","keywords":["nounou","tire-lait","travail"],"articleSection":["Allaitement et Travail","t\u00e9moignages"],"inLanguage":"fr-FR","potentialAction":[{"@type":"CommentAction","name":"Comment","target":["https:\/\/www.lactissima.com\/a-tire-d-ailes\/allaiter-et-travailler-le-temoignage-danna\/#respond"]}]},{"@type":"WebPage","@id":"https:\/\/www.lactissima.com\/a-tire-d-ailes\/allaiter-et-travailler-le-temoignage-danna\/","url":"https:\/\/www.lactissima.com\/a-tire-d-ailes\/allaiter-et-travailler-le-temoignage-danna\/","name":"Allaiter et travailler : le t\u00e9moignage d'Anna","isPartOf":{"@id":"https:\/\/www.lactissima.com\/a-tire-d-ailes\/#website"},"primaryImageOfPage":{"@id":"https:\/\/www.lactissima.com\/a-tire-d-ailes\/allaiter-et-travailler-le-temoignage-danna\/#primaryimage"},"image":{"@id":"https:\/\/www.lactissima.com\/a-tire-d-ailes\/allaiter-et-travailler-le-temoignage-danna\/#primaryimage"},"thumbnailUrl":"https:\/\/www.lactissima.com\/a-tire-d-ailes\/wp-content\/uploads\/anna2.jpg","datePublished":"2011-02-12T09:52:48+00:00","dateModified":"2014-03-15T14:54:53+00:00","author":{"@id":"https:\/\/www.lactissima.com\/a-tire-d-ailes\/#\/schema\/person\/8f98d3a89530861bc1240e6d53d44eed"},"description":"Je recommencerais sans h\u00e9sitation. La seule chose que je changerais, c'est que je ne m'angoisserais pas pendant des mois avant, je profiterais vraiment \u00e0 100% du temps avec mon b\u00e9b\u00e9.","breadcrumb":{"@id":"https:\/\/www.lactissima.com\/a-tire-d-ailes\/allaiter-et-travailler-le-temoignage-danna\/#breadcrumb"},"inLanguage":"fr-FR","potentialAction":[{"@type":"ReadAction","target":["https:\/\/www.lactissima.com\/a-tire-d-ailes\/allaiter-et-travailler-le-temoignage-danna\/"]}]},{"@type":"ImageObject","inLanguage":"fr-FR","@id":"https:\/\/www.lactissima.com\/a-tire-d-ailes\/allaiter-et-travailler-le-temoignage-danna\/#primaryimage","url":"https:\/\/www.lactissima.com\/a-tire-d-ailes\/wp-content\/uploads\/anna2.jpg","contentUrl":"https:\/\/www.lactissima.com\/a-tire-d-ailes\/wp-content\/uploads\/anna2.jpg","width":"448","height":"336"},{"@type":"BreadcrumbList","@id":"https:\/\/www.lactissima.com\/a-tire-d-ailes\/allaiter-et-travailler-le-temoignage-danna\/#breadcrumb","itemListElement":[{"@type":"ListItem","position":1,"name":"Accueil","item":"https:\/\/www.lactissima.com\/a-tire-d-ailes\/"},{"@type":"ListItem","position":2,"name":"Allaiter et travailler : le t\u00e9moignage d&rsquo;Anna"}]},{"@type":"WebSite","@id":"https:\/\/www.lactissima.com\/a-tire-d-ailes\/#website","url":"https:\/\/www.lactissima.com\/a-tire-d-ailes\/","name":"A tire d&#039;Ailes","description":"Le blog des femmes qui allaitent et travaillent.","potentialAction":[{"@type":"SearchAction","target":{"@type":"EntryPoint","urlTemplate":"https:\/\/www.lactissima.com\/a-tire-d-ailes\/?s={search_term_string}"},"query-input":{"@type":"PropertyValueSpecification","valueRequired":true,"valueName":"search_term_string"}}],"inLanguage":"fr-FR"},{"@type":"Person","@id":"https:\/\/www.lactissima.com\/a-tire-d-ailes\/#\/schema\/person\/8f98d3a89530861bc1240e6d53d44eed","name":"V\u00e9ronique Darmangeat","image":{"@type":"ImageObject","inLanguage":"fr-FR","@id":"https:\/\/secure.gravatar.com\/avatar\/268c99344c89cebfe4f5df5fa8be43068a18884fc76a29f3206fae98465b9cab?s=96&d=identicon&r=g","url":"https:\/\/secure.gravatar.com\/avatar\/268c99344c89cebfe4f5df5fa8be43068a18884fc76a29f3206fae98465b9cab?s=96&d=identicon&r=g","contentUrl":"https:\/\/secure.gravatar.com\/avatar\/268c99344c89cebfe4f5df5fa8be43068a18884fc76a29f3206fae98465b9cab?s=96&d=identicon&r=g","caption":"V\u00e9ronique Darmangeat"},"sameAs":["https:\/\/www.lactissima.com\/a-tire-d-ailes","www.facebook.com\/consultante.en.lactation"]}]}},"_links":{"self":[{"href":"https:\/\/www.lactissima.com\/a-tire-d-ailes\/wp-json\/wp\/v2\/posts\/1972","targetHints":{"allow":["GET"]}}],"collection":[{"href":"https:\/\/www.lactissima.com\/a-tire-d-ailes\/wp-json\/wp\/v2\/posts"}],"about":[{"href":"https:\/\/www.lactissima.com\/a-tire-d-ailes\/wp-json\/wp\/v2\/types\/post"}],"author":[{"embeddable":true,"href":"https:\/\/www.lactissima.com\/a-tire-d-ailes\/wp-json\/wp\/v2\/users\/170"}],"replies":[{"embeddable":true,"href":"https:\/\/www.lactissima.com\/a-tire-d-ailes\/wp-json\/wp\/v2\/comments?post=1972"}],"version-history":[{"count":13,"href":"https:\/\/www.lactissima.com\/a-tire-d-ailes\/wp-json\/wp\/v2\/posts\/1972\/revisions"}],"predecessor-version":[{"id":5398,"href":"https:\/\/www.lactissima.com\/a-tire-d-ailes\/wp-json\/wp\/v2\/posts\/1972\/revisions\/5398"}],"wp:featuredmedia":[{"embeddable":true,"href":"https:\/\/www.lactissima.com\/a-tire-d-ailes\/wp-json\/wp\/v2\/media\/1973"}],"wp:attachment":[{"href":"https:\/\/www.lactissima.com\/a-tire-d-ailes\/wp-json\/wp\/v2\/media?parent=1972"}],"wp:term":[{"taxonomy":"category","embeddable":true,"href":"https:\/\/www.lactissima.com\/a-tire-d-ailes\/wp-json\/wp\/v2\/categories?post=1972"},{"taxonomy":"post_tag","embeddable":true,"href":"https:\/\/www.lactissima.com\/a-tire-d-ailes\/wp-json\/wp\/v2\/tags?post=1972"}],"curies":[{"name":"wp","href":"https:\/\/api.w.org\/{rel}","templated":true}]}}