{"id":1949,"date":"2011-01-29T16:58:48","date_gmt":"2011-01-29T14:58:48","guid":{"rendered":"https:\/\/www.lactissima.com\/a-tire-d-ailes\/?p=1949"},"modified":"2022-04-09T11:26:06","modified_gmt":"2022-04-09T09:26:06","slug":"faire-face-a-la-baisse-de-lactation","status":"publish","type":"post","link":"https:\/\/www.lactissima.com\/a-tire-d-ailes\/faire-face-a-la-baisse-de-lactation\/","title":{"rendered":"Faire face \u00e0 la baisse de lactation"},"content":{"rendered":"<p style=\"text-align: justify;\"><a href=\"https:\/\/www.lactissima.com\/a-tire-d-ailes\/wp-content\/uploads\/2011\/01\/pas-content.jpg\"><img loading=\"lazy\" decoding=\"async\" class=\"alignright size-full wp-image-4220\" alt=\"baisse de lactation\" src=\"https:\/\/www.lactissima.com\/a-tire-d-ailes\/wp-content\/uploads\/2011\/01\/pas-content.jpg\" width=\"314\" height=\"209\" srcset=\"https:\/\/www.lactissima.com\/a-tire-d-ailes\/wp-content\/uploads\/2011\/01\/pas-content.jpg 314w, https:\/\/www.lactissima.com\/a-tire-d-ailes\/wp-content\/uploads\/2011\/01\/pas-content-300x199.jpg 300w\" sizes=\"(max-width: 314px) 100vw, 314px\" \/><\/a>Voil\u00e0 une <strong>question <\/strong>que l&rsquo;on me pose <strong>souvent <\/strong>: \u00ab\u00a0J&rsquo;ai l&rsquo;impression que j&rsquo;ai de moins en moins de lait, que faire ?\u00a0\u00bb<\/p>\n<p style=\"text-align: justify;\">Voyons les <strong>signes <\/strong>qui vous font douter de votre quantit\u00e9 de lait :<\/p>\n<ul style=\"text-align: justify;\">\n<li>Vous tirez de <strong>moins en moins <\/strong>de lait au travail.<\/li>\n<li>Votre b\u00e9b\u00e9 <strong>s&rsquo;\u00e9nerve <\/strong>sur le sein.<\/li>\n<li>La courbe de <strong>poids <\/strong>de votre b\u00e9b\u00e9 ne satisfait pas le p\u00e9diatre.<\/li>\n<li>La personne qui garde votre enfant insiste pour que vous<strong> fournissiez plus<\/strong> de lait.<\/li>\n<\/ul>\n<p style=\"text-align: justify;\">Tous ces signes n<strong>e veulent pas forc\u00e9ment dire <\/strong>que vous manquez de lait. La premi\u00e8re chose \u00e0 <strong>v\u00e9rifier <\/strong>: est-ce que votre b\u00e9b\u00e9 a l&rsquo;air <strong>satisfait <\/strong>apr\u00e8s les t\u00e9t\u00e9es ? Si oui, il y a toutes les chances pour que votre production lact\u00e9e soit <strong>suffisante<\/strong>.<br \/>\nSi votre enfant a moins de six mois, vous pouvez reporter sa courbe de poids sur les<strong> courbes  de l&rsquo;OMS <\/strong>qui ont \u00e9t\u00e9 \u00e9tablies avec des b\u00e9b\u00e9s exclusivement allait\u00e9s, en bonne sant\u00e9, de toutes les r\u00e9gions du monde. Elles sont tr\u00e8s <strong>fiables<\/strong>.<\/p>\n<p style=\"text-align: justify;\">http:\/\/www.who.int\/childgrowth\/standards\/cht_wfa_girls_p_0_6.pdf<\/p>\n<p style=\"text-align: justify;\">http:\/\/www.who.int\/childgrowth\/standards\/cht_wfa_boys_p_0_6.pdf<\/p>\n<p style=\"text-align: justify;\">Si votre b\u00e9b\u00e9 \u00ab\u00a0<strong>sort<\/strong>\u00a0\u00bb de sa courbe habituelle, il est temps effectivement de r<strong>evoir ce qui se passe<\/strong> au niveau de l&rsquo;allaitement.<br \/>\nAttention, les courbes utilis\u00e9es dans les carnets de sant\u00e9 sont de vieilles courbes de b\u00e9b\u00e9s au biberon&#8230;<\/p>\n<p style=\"text-align: justify;\">Si votre b\u00e9b\u00e9 <strong>s&rsquo;\u00e9nerve <\/strong>au sein, vous pouvez aussi v\u00e9rifier qu&rsquo;il ne souffre pas des <strong>maux <\/strong>suivants : vers intestinaux, reflux gastro-oesophagien, otite, torticolis, douleurs dentaires,&#8230; Ce sont des causes d&rsquo;\u00e9nervement au sein car le b\u00e9b\u00e9 n&rsquo;est pas <strong>confortable<\/strong>.<\/p>\n<p style=\"text-align: justify;\">Si la personne qui garde votre b\u00e9b\u00e9 insiste pour que vous fournissiez plus de lait, v\u00e9rifiez avec elle si elle prend le temps de proposer <strong>le biberon en 15 \u00e0 20 minutes<\/strong>. Un b\u00e9b\u00e9 qui engloutit son biberon en cinq minutes n&rsquo;a pas le temps d&rsquo;avoir la sensation de <strong>sati\u00e9t\u00e9<\/strong>&#8230;et il r\u00e9clame plus.<\/p>\n<p style=\"text-align: justify;\">Vous pouvez <strong>tirer <\/strong>moins de lait au travail si vous \u00eates <strong>stress\u00e9e <\/strong>car vous bloquez alors le r\u00e9flexe d&rsquo;\u00e9jection du lait. Pensez \u00e0 tous les petits trucs pour se <strong>d\u00e9tendre<\/strong> : respirer calmement, manger quelques-chose, penser \u00e0 son b\u00e9b\u00e9 ou au contraire ne surtout pas penser \u00e0 ce que l&rsquo;on est en train de faire,&#8230;<\/p>\n<p style=\"text-align: justify;\">Une fois \u00e9limin\u00e9es toutes ces causes qui ne sont pas du manque de lait, il arrive parfois que la lactation <strong>baisse r\u00e9ellement <\/strong>et on ne sait pas toujours l&rsquo;expliquer.<br \/>\nVous pouvez alors essayer <strong>d&rsquo;augmenter <\/strong>le nombre de t\u00e9t\u00e9es de votre b\u00e9b\u00e9 quand vous n&rsquo;\u00eates pas au travail. Il faut bien le reconna\u00eetre : un b\u00e9b\u00e9 est en g\u00e9n\u00e9ral plus <strong>efficace <\/strong>qu&rsquo;un tire-lait ! Ne pas h\u00e9siter \u00e0 se servir des <strong>week-end<\/strong> pour faire t\u00e9ter votre b\u00e9b\u00e9 plus souvent.<\/p>\n<p style=\"text-align: justify;\">Vous pouvez envisager de<strong> changer de tire-lait<\/strong> : un bon tire-lait \u00e9lectrique en double pompage est souvent plus efficace qu&rsquo;un tire-lait manuel (voir cet <a href=\"https:\/\/www.lactissima.com\/a-tire-d-ailes\/?p=56\">article<\/a>). Et certains tire-lait <strong>ne conviennent pas <\/strong>\u00e0 toutes les femmes.<\/p>\n<p style=\"text-align: justify;\">Si tout cela ne suffit pas, vous pouvez essayer de prendre du <strong>f\u00e9nugrec<\/strong>. En g\u00e9n\u00e9ral, le f\u00e9nugrec est efficace pour augmenter la lactation mais son effet n&rsquo;est pas d\u00e9montr\u00e9 par des <strong>\u00e9tudes<\/strong>.<br \/>\nIl ne faut pas en prendre si vous \u00eates <strong>enceinte<\/strong>, si vous faites du <strong>diab\u00e8te <\/strong>ou de <strong>l&rsquo;hypoglyc\u00e9mie<\/strong>. Si vous avez le moindre doute, je vous conseille d&rsquo;en parler \u00e0 votre <strong>m\u00e9decin<\/strong>.<br \/>\nC&rsquo;est une plante qui a un effet hypoglyc\u00e9miant. Si vous la prenez en dehors des repas, vous risquez d&rsquo;avoir <strong>faim <\/strong>toute la journ\u00e9e. Pour ne pas subir cet effet, il faut la prendre <strong>au cours des repas.<\/strong><br \/>\nComme il faut en prendre beaucoup, il vaut mieux la prendre sous forme de <strong>g\u00e9lules<\/strong>. La dose efficace pour augmenter la lactation est de <strong>4 grammes par jour.<\/strong><br \/>\nVous trouverez facilement en pharmacie des g\u00e9lules de la marque Arkopharma, dos\u00e9es \u00e0 495 mg.<br \/>\nVous pouvez donc prendre 2 g\u00e9lules le matin, 2 g\u00e9lules le midi, 2 g\u00e9lules le soir et 2 g\u00e9lules au coucher ou dans la nuit.<br \/>\nEn g\u00e9n\u00e9ral, l&rsquo;usage de f\u00e9nugrec \u00e0 cette dose donne une <strong>odeur sucr\u00e9e<\/strong> \u00e0 toutes vos s\u00e9cr\u00e9tions (sueur, urine, lait), c&rsquo;est normal.<br \/>\nQuand la lactation est <strong>suffisante <\/strong>et bien stabilis\u00e9e, vous pouvez <strong>diminuer<\/strong> progressivement la dose de f\u00e9nugrec en supprimant une g\u00e9lule par jour. <strong>Surveillez<\/strong> la lactation : si tout va bien, vous diminuez jusqu&rsquo;\u00e0 l&rsquo;arr\u00eat complet ; si la lactation redescend, vous pouvez reprendre la dose maximale.<\/p>\n<p style=\"text-align: justify;\">Et <strong>vous<\/strong>, avez-vous d\u00e9j\u00e0 connu une <strong>baisse <\/strong>de lactation ? <strong>Comment <\/strong>avez-vous fait ?<\/p>\n<p style=\"text-align: justify;\"><strong>Articles en rapport<\/strong> :<\/p>\n<ul>\n<li style=\"text-align: justify;\"><a href=\"https:\/\/www.lactissima.com\/a-tire-d-ailes\/?p=1146\">Comment tirer son lait<\/a>.<\/li>\n<li style=\"text-align: justify;\"><a href=\"https:\/\/www.lactissima.com\/a-tire-d-ailes\/?p=949\">Quantit\u00e9 de lait bue par un b\u00e9b\u00e9.<\/a><\/li>\n<li style=\"text-align: justify;\"><a href=\"https:\/\/www.lactissima.com\/a-tire-d-ailes\/?p=56\">Le point sur les tire-lait.<\/a><\/li>\n<\/ul>\n<p>&nbsp;<\/p>\n","protected":false},"excerpt":{"rendered":"<p>Baisse de lactation ? Est-ce que votre b\u00e9b\u00e9 a l&rsquo;air satisfait apr\u00e8s les t\u00e9t\u00e9es ? Si oui, votre production lact\u00e9e est surement suffisante.<\/p>\n","protected":false},"author":170,"featured_media":4220,"comment_status":"open","ping_status":"open","sticky":false,"template":"","format":"standard","meta":{"_et_pb_use_builder":"","_et_pb_old_content":"","_et_gb_content_width":"","footnotes":""},"categories":[35,36,39],"tags":[273,274,272,275],"class_list":["post-1949","post","type-post","status-publish","format-standard","has-post-thumbnail","hentry","category-allaitement","category-allaitement-et-travail","category-difficultes","tag-baisse-de-lactation","tag-fenugrec","tag-manque-de-lait","tag-oms"],"yoast_head":"<!-- This site is optimized with the Yoast SEO plugin v27.4 - https:\/\/yoast.com\/product\/yoast-seo-wordpress\/ -->\n<title>baisse de lactation<\/title>\n<meta name=\"description\" content=\"Baisse de lactation ? Est-ce que votre b\u00e9b\u00e9 a l&#039;air satisfait apr\u00e8s les t\u00e9t\u00e9es ? Si oui, votre production lact\u00e9e est surement suffisante.\" \/>\n<meta name=\"robots\" content=\"index, follow, max-snippet:-1, max-image-preview:large, max-video-preview:-1\" \/>\n<link rel=\"canonical\" href=\"https:\/\/www.lactissima.com\/a-tire-d-ailes\/faire-face-a-la-baisse-de-lactation\/\" \/>\n<meta property=\"og:locale\" content=\"fr_FR\" \/>\n<meta property=\"og:type\" content=\"article\" \/>\n<meta property=\"og:title\" content=\"baisse de lactation\" \/>\n<meta property=\"og:description\" content=\"Baisse de lactation ? Est-ce que votre b\u00e9b\u00e9 a l&#039;air satisfait apr\u00e8s les t\u00e9t\u00e9es ? Si oui, votre production lact\u00e9e est surement suffisante.\" \/>\n<meta property=\"og:url\" content=\"https:\/\/www.lactissima.com\/a-tire-d-ailes\/faire-face-a-la-baisse-de-lactation\/\" \/>\n<meta property=\"og:site_name\" content=\"A tire d&#039;Ailes\" \/>\n<meta property=\"article:publisher\" content=\"https:\/\/www.facebook.com\/consultante.en.lactation\" \/>\n<meta property=\"article:author\" content=\"www.facebook.com\/consultante.en.lactation\" \/>\n<meta property=\"article:published_time\" content=\"2011-01-29T14:58:48+00:00\" \/>\n<meta property=\"article:modified_time\" content=\"2022-04-09T09:26:06+00:00\" \/>\n<meta property=\"og:image\" content=\"https:\/\/www.lactissima.com\/a-tire-d-ailes\/wp-content\/uploads\/2011\/01\/pas-content.jpg\" \/>\n\t<meta property=\"og:image:width\" content=\"314\" \/>\n\t<meta property=\"og:image:height\" content=\"209\" \/>\n\t<meta property=\"og:image:type\" content=\"image\/jpeg\" \/>\n<meta name=\"author\" content=\"V\u00e9ronique Darmangeat\" \/>\n<meta name=\"twitter:card\" content=\"summary_large_image\" \/>\n<meta name=\"twitter:creator\" content=\"@VeroniqueIBCLC\" \/>\n<meta name=\"twitter:site\" content=\"@VeroniqueIBCLC\" \/>\n<meta name=\"twitter:label1\" content=\"\u00c9crit par\" \/>\n\t<meta name=\"twitter:data1\" content=\"V\u00e9ronique Darmangeat\" \/>\n\t<meta name=\"twitter:label2\" content=\"Dur\u00e9e de lecture estim\u00e9e\" \/>\n\t<meta name=\"twitter:data2\" content=\"4 minutes\" \/>\n<script type=\"application\/ld+json\" class=\"yoast-schema-graph\">{\"@context\":\"https:\\\/\\\/schema.org\",\"@graph\":[{\"@type\":\"Article\",\"@id\":\"https:\\\/\\\/www.lactissima.com\\\/a-tire-d-ailes\\\/faire-face-a-la-baisse-de-lactation\\\/#article\",\"isPartOf\":{\"@id\":\"https:\\\/\\\/www.lactissima.com\\\/a-tire-d-ailes\\\/faire-face-a-la-baisse-de-lactation\\\/\"},\"author\":{\"name\":\"V\u00e9ronique Darmangeat\",\"@id\":\"https:\\\/\\\/www.lactissima.com\\\/a-tire-d-ailes\\\/#\\\/schema\\\/person\\\/8f98d3a89530861bc1240e6d53d44eed\"},\"headline\":\"Faire face \u00e0 la baisse de lactation\",\"datePublished\":\"2011-01-29T14:58:48+00:00\",\"dateModified\":\"2022-04-09T09:26:06+00:00\",\"mainEntityOfPage\":{\"@id\":\"https:\\\/\\\/www.lactissima.com\\\/a-tire-d-ailes\\\/faire-face-a-la-baisse-de-lactation\\\/\"},\"wordCount\":831,\"commentCount\":386,\"image\":{\"@id\":\"https:\\\/\\\/www.lactissima.com\\\/a-tire-d-ailes\\\/faire-face-a-la-baisse-de-lactation\\\/#primaryimage\"},\"thumbnailUrl\":\"https:\\\/\\\/www.lactissima.com\\\/a-tire-d-ailes\\\/wp-content\\\/uploads\\\/2011\\\/01\\\/pas-content.jpg\",\"keywords\":[\"baisse de lactation\",\"f\u00e9nugrec\",\"manque de lait\",\"OMS\"],\"articleSection\":[\"Allaitement\",\"Allaitement et Travail\",\"Difficult\u00e9s\"],\"inLanguage\":\"fr-FR\",\"potentialAction\":[{\"@type\":\"CommentAction\",\"name\":\"Comment\",\"target\":[\"https:\\\/\\\/www.lactissima.com\\\/a-tire-d-ailes\\\/faire-face-a-la-baisse-de-lactation\\\/#respond\"]}]},{\"@type\":\"WebPage\",\"@id\":\"https:\\\/\\\/www.lactissima.com\\\/a-tire-d-ailes\\\/faire-face-a-la-baisse-de-lactation\\\/\",\"url\":\"https:\\\/\\\/www.lactissima.com\\\/a-tire-d-ailes\\\/faire-face-a-la-baisse-de-lactation\\\/\",\"name\":\"baisse de lactation\",\"isPartOf\":{\"@id\":\"https:\\\/\\\/www.lactissima.com\\\/a-tire-d-ailes\\\/#website\"},\"primaryImageOfPage\":{\"@id\":\"https:\\\/\\\/www.lactissima.com\\\/a-tire-d-ailes\\\/faire-face-a-la-baisse-de-lactation\\\/#primaryimage\"},\"image\":{\"@id\":\"https:\\\/\\\/www.lactissima.com\\\/a-tire-d-ailes\\\/faire-face-a-la-baisse-de-lactation\\\/#primaryimage\"},\"thumbnailUrl\":\"https:\\\/\\\/www.lactissima.com\\\/a-tire-d-ailes\\\/wp-content\\\/uploads\\\/2011\\\/01\\\/pas-content.jpg\",\"datePublished\":\"2011-01-29T14:58:48+00:00\",\"dateModified\":\"2022-04-09T09:26:06+00:00\",\"author\":{\"@id\":\"https:\\\/\\\/www.lactissima.com\\\/a-tire-d-ailes\\\/#\\\/schema\\\/person\\\/8f98d3a89530861bc1240e6d53d44eed\"},\"description\":\"Baisse de lactation ? Est-ce que votre b\u00e9b\u00e9 a l'air satisfait apr\u00e8s les t\u00e9t\u00e9es ? Si oui, votre production lact\u00e9e est surement suffisante.\",\"breadcrumb\":{\"@id\":\"https:\\\/\\\/www.lactissima.com\\\/a-tire-d-ailes\\\/faire-face-a-la-baisse-de-lactation\\\/#breadcrumb\"},\"inLanguage\":\"fr-FR\",\"potentialAction\":[{\"@type\":\"ReadAction\",\"target\":[\"https:\\\/\\\/www.lactissima.com\\\/a-tire-d-ailes\\\/faire-face-a-la-baisse-de-lactation\\\/\"]}]},{\"@type\":\"ImageObject\",\"inLanguage\":\"fr-FR\",\"@id\":\"https:\\\/\\\/www.lactissima.com\\\/a-tire-d-ailes\\\/faire-face-a-la-baisse-de-lactation\\\/#primaryimage\",\"url\":\"https:\\\/\\\/www.lactissima.com\\\/a-tire-d-ailes\\\/wp-content\\\/uploads\\\/2011\\\/01\\\/pas-content.jpg\",\"contentUrl\":\"https:\\\/\\\/www.lactissima.com\\\/a-tire-d-ailes\\\/wp-content\\\/uploads\\\/2011\\\/01\\\/pas-content.jpg\",\"width\":314,\"height\":209,\"caption\":\"baisse de lactation\"},{\"@type\":\"BreadcrumbList\",\"@id\":\"https:\\\/\\\/www.lactissima.com\\\/a-tire-d-ailes\\\/faire-face-a-la-baisse-de-lactation\\\/#breadcrumb\",\"itemListElement\":[{\"@type\":\"ListItem\",\"position\":1,\"name\":\"Accueil\",\"item\":\"https:\\\/\\\/www.lactissima.com\\\/a-tire-d-ailes\\\/\"},{\"@type\":\"ListItem\",\"position\":2,\"name\":\"Faire face \u00e0 la baisse de lactation\"}]},{\"@type\":\"WebSite\",\"@id\":\"https:\\\/\\\/www.lactissima.com\\\/a-tire-d-ailes\\\/#website\",\"url\":\"https:\\\/\\\/www.lactissima.com\\\/a-tire-d-ailes\\\/\",\"name\":\"A tire d&#039;Ailes\",\"description\":\"Le blog des femmes qui allaitent et travaillent.\",\"potentialAction\":[{\"@type\":\"SearchAction\",\"target\":{\"@type\":\"EntryPoint\",\"urlTemplate\":\"https:\\\/\\\/www.lactissima.com\\\/a-tire-d-ailes\\\/?s={search_term_string}\"},\"query-input\":{\"@type\":\"PropertyValueSpecification\",\"valueRequired\":true,\"valueName\":\"search_term_string\"}}],\"inLanguage\":\"fr-FR\"},{\"@type\":\"Person\",\"@id\":\"https:\\\/\\\/www.lactissima.com\\\/a-tire-d-ailes\\\/#\\\/schema\\\/person\\\/8f98d3a89530861bc1240e6d53d44eed\",\"name\":\"V\u00e9ronique Darmangeat\",\"image\":{\"@type\":\"ImageObject\",\"inLanguage\":\"fr-FR\",\"@id\":\"https:\\\/\\\/secure.gravatar.com\\\/avatar\\\/268c99344c89cebfe4f5df5fa8be43068a18884fc76a29f3206fae98465b9cab?s=96&d=identicon&r=g\",\"url\":\"https:\\\/\\\/secure.gravatar.com\\\/avatar\\\/268c99344c89cebfe4f5df5fa8be43068a18884fc76a29f3206fae98465b9cab?s=96&d=identicon&r=g\",\"contentUrl\":\"https:\\\/\\\/secure.gravatar.com\\\/avatar\\\/268c99344c89cebfe4f5df5fa8be43068a18884fc76a29f3206fae98465b9cab?s=96&d=identicon&r=g\",\"caption\":\"V\u00e9ronique Darmangeat\"},\"sameAs\":[\"https:\\\/\\\/www.lactissima.com\\\/a-tire-d-ailes\",\"www.facebook.com\\\/consultante.en.lactation\"]}]}<\/script>\n<!-- \/ Yoast SEO plugin. -->","yoast_head_json":{"title":"baisse de lactation","description":"Baisse de lactation ? Est-ce que votre b\u00e9b\u00e9 a l'air satisfait apr\u00e8s les t\u00e9t\u00e9es ? Si oui, votre production lact\u00e9e est surement suffisante.","robots":{"index":"index","follow":"follow","max-snippet":"max-snippet:-1","max-image-preview":"max-image-preview:large","max-video-preview":"max-video-preview:-1"},"canonical":"https:\/\/www.lactissima.com\/a-tire-d-ailes\/faire-face-a-la-baisse-de-lactation\/","og_locale":"fr_FR","og_type":"article","og_title":"baisse de lactation","og_description":"Baisse de lactation ? Est-ce que votre b\u00e9b\u00e9 a l'air satisfait apr\u00e8s les t\u00e9t\u00e9es ? Si oui, votre production lact\u00e9e est surement suffisante.","og_url":"https:\/\/www.lactissima.com\/a-tire-d-ailes\/faire-face-a-la-baisse-de-lactation\/","og_site_name":"A tire d&#039;Ailes","article_publisher":"https:\/\/www.facebook.com\/consultante.en.lactation","article_author":"www.facebook.com\/consultante.en.lactation","article_published_time":"2011-01-29T14:58:48+00:00","article_modified_time":"2022-04-09T09:26:06+00:00","og_image":[{"width":314,"height":209,"url":"https:\/\/www.lactissima.com\/a-tire-d-ailes\/wp-content\/uploads\/2011\/01\/pas-content.jpg","type":"image\/jpeg"}],"author":"V\u00e9ronique Darmangeat","twitter_card":"summary_large_image","twitter_creator":"@VeroniqueIBCLC","twitter_site":"@VeroniqueIBCLC","twitter_misc":{"\u00c9crit par":"V\u00e9ronique Darmangeat","Dur\u00e9e de lecture estim\u00e9e":"4 minutes"},"schema":{"@context":"https:\/\/schema.org","@graph":[{"@type":"Article","@id":"https:\/\/www.lactissima.com\/a-tire-d-ailes\/faire-face-a-la-baisse-de-lactation\/#article","isPartOf":{"@id":"https:\/\/www.lactissima.com\/a-tire-d-ailes\/faire-face-a-la-baisse-de-lactation\/"},"author":{"name":"V\u00e9ronique Darmangeat","@id":"https:\/\/www.lactissima.com\/a-tire-d-ailes\/#\/schema\/person\/8f98d3a89530861bc1240e6d53d44eed"},"headline":"Faire face \u00e0 la baisse de lactation","datePublished":"2011-01-29T14:58:48+00:00","dateModified":"2022-04-09T09:26:06+00:00","mainEntityOfPage":{"@id":"https:\/\/www.lactissima.com\/a-tire-d-ailes\/faire-face-a-la-baisse-de-lactation\/"},"wordCount":831,"commentCount":386,"image":{"@id":"https:\/\/www.lactissima.com\/a-tire-d-ailes\/faire-face-a-la-baisse-de-lactation\/#primaryimage"},"thumbnailUrl":"https:\/\/www.lactissima.com\/a-tire-d-ailes\/wp-content\/uploads\/2011\/01\/pas-content.jpg","keywords":["baisse de lactation","f\u00e9nugrec","manque de lait","OMS"],"articleSection":["Allaitement","Allaitement et Travail","Difficult\u00e9s"],"inLanguage":"fr-FR","potentialAction":[{"@type":"CommentAction","name":"Comment","target":["https:\/\/www.lactissima.com\/a-tire-d-ailes\/faire-face-a-la-baisse-de-lactation\/#respond"]}]},{"@type":"WebPage","@id":"https:\/\/www.lactissima.com\/a-tire-d-ailes\/faire-face-a-la-baisse-de-lactation\/","url":"https:\/\/www.lactissima.com\/a-tire-d-ailes\/faire-face-a-la-baisse-de-lactation\/","name":"baisse de lactation","isPartOf":{"@id":"https:\/\/www.lactissima.com\/a-tire-d-ailes\/#website"},"primaryImageOfPage":{"@id":"https:\/\/www.lactissima.com\/a-tire-d-ailes\/faire-face-a-la-baisse-de-lactation\/#primaryimage"},"image":{"@id":"https:\/\/www.lactissima.com\/a-tire-d-ailes\/faire-face-a-la-baisse-de-lactation\/#primaryimage"},"thumbnailUrl":"https:\/\/www.lactissima.com\/a-tire-d-ailes\/wp-content\/uploads\/2011\/01\/pas-content.jpg","datePublished":"2011-01-29T14:58:48+00:00","dateModified":"2022-04-09T09:26:06+00:00","author":{"@id":"https:\/\/www.lactissima.com\/a-tire-d-ailes\/#\/schema\/person\/8f98d3a89530861bc1240e6d53d44eed"},"description":"Baisse de lactation ? Est-ce que votre b\u00e9b\u00e9 a l'air satisfait apr\u00e8s les t\u00e9t\u00e9es ? Si oui, votre production lact\u00e9e est surement suffisante.","breadcrumb":{"@id":"https:\/\/www.lactissima.com\/a-tire-d-ailes\/faire-face-a-la-baisse-de-lactation\/#breadcrumb"},"inLanguage":"fr-FR","potentialAction":[{"@type":"ReadAction","target":["https:\/\/www.lactissima.com\/a-tire-d-ailes\/faire-face-a-la-baisse-de-lactation\/"]}]},{"@type":"ImageObject","inLanguage":"fr-FR","@id":"https:\/\/www.lactissima.com\/a-tire-d-ailes\/faire-face-a-la-baisse-de-lactation\/#primaryimage","url":"https:\/\/www.lactissima.com\/a-tire-d-ailes\/wp-content\/uploads\/2011\/01\/pas-content.jpg","contentUrl":"https:\/\/www.lactissima.com\/a-tire-d-ailes\/wp-content\/uploads\/2011\/01\/pas-content.jpg","width":314,"height":209,"caption":"baisse de lactation"},{"@type":"BreadcrumbList","@id":"https:\/\/www.lactissima.com\/a-tire-d-ailes\/faire-face-a-la-baisse-de-lactation\/#breadcrumb","itemListElement":[{"@type":"ListItem","position":1,"name":"Accueil","item":"https:\/\/www.lactissima.com\/a-tire-d-ailes\/"},{"@type":"ListItem","position":2,"name":"Faire face \u00e0 la baisse de lactation"}]},{"@type":"WebSite","@id":"https:\/\/www.lactissima.com\/a-tire-d-ailes\/#website","url":"https:\/\/www.lactissima.com\/a-tire-d-ailes\/","name":"A tire d&#039;Ailes","description":"Le blog des femmes qui allaitent et travaillent.","potentialAction":[{"@type":"SearchAction","target":{"@type":"EntryPoint","urlTemplate":"https:\/\/www.lactissima.com\/a-tire-d-ailes\/?s={search_term_string}"},"query-input":{"@type":"PropertyValueSpecification","valueRequired":true,"valueName":"search_term_string"}}],"inLanguage":"fr-FR"},{"@type":"Person","@id":"https:\/\/www.lactissima.com\/a-tire-d-ailes\/#\/schema\/person\/8f98d3a89530861bc1240e6d53d44eed","name":"V\u00e9ronique Darmangeat","image":{"@type":"ImageObject","inLanguage":"fr-FR","@id":"https:\/\/secure.gravatar.com\/avatar\/268c99344c89cebfe4f5df5fa8be43068a18884fc76a29f3206fae98465b9cab?s=96&d=identicon&r=g","url":"https:\/\/secure.gravatar.com\/avatar\/268c99344c89cebfe4f5df5fa8be43068a18884fc76a29f3206fae98465b9cab?s=96&d=identicon&r=g","contentUrl":"https:\/\/secure.gravatar.com\/avatar\/268c99344c89cebfe4f5df5fa8be43068a18884fc76a29f3206fae98465b9cab?s=96&d=identicon&r=g","caption":"V\u00e9ronique Darmangeat"},"sameAs":["https:\/\/www.lactissima.com\/a-tire-d-ailes","www.facebook.com\/consultante.en.lactation"]}]}},"_links":{"self":[{"href":"https:\/\/www.lactissima.com\/a-tire-d-ailes\/wp-json\/wp\/v2\/posts\/1949","targetHints":{"allow":["GET"]}}],"collection":[{"href":"https:\/\/www.lactissima.com\/a-tire-d-ailes\/wp-json\/wp\/v2\/posts"}],"about":[{"href":"https:\/\/www.lactissima.com\/a-tire-d-ailes\/wp-json\/wp\/v2\/types\/post"}],"author":[{"embeddable":true,"href":"https:\/\/www.lactissima.com\/a-tire-d-ailes\/wp-json\/wp\/v2\/users\/170"}],"replies":[{"embeddable":true,"href":"https:\/\/www.lactissima.com\/a-tire-d-ailes\/wp-json\/wp\/v2\/comments?post=1949"}],"version-history":[{"count":14,"href":"https:\/\/www.lactissima.com\/a-tire-d-ailes\/wp-json\/wp\/v2\/posts\/1949\/revisions"}],"predecessor-version":[{"id":8664,"href":"https:\/\/www.lactissima.com\/a-tire-d-ailes\/wp-json\/wp\/v2\/posts\/1949\/revisions\/8664"}],"wp:featuredmedia":[{"embeddable":true,"href":"https:\/\/www.lactissima.com\/a-tire-d-ailes\/wp-json\/wp\/v2\/media\/4220"}],"wp:attachment":[{"href":"https:\/\/www.lactissima.com\/a-tire-d-ailes\/wp-json\/wp\/v2\/media?parent=1949"}],"wp:term":[{"taxonomy":"category","embeddable":true,"href":"https:\/\/www.lactissima.com\/a-tire-d-ailes\/wp-json\/wp\/v2\/categories?post=1949"},{"taxonomy":"post_tag","embeddable":true,"href":"https:\/\/www.lactissima.com\/a-tire-d-ailes\/wp-json\/wp\/v2\/tags?post=1949"}],"curies":[{"name":"wp","href":"https:\/\/api.w.org\/{rel}","templated":true}]}}