{"id":1914,"date":"2011-01-08T19:15:33","date_gmt":"2011-01-08T17:15:33","guid":{"rendered":"https:\/\/www.lactissima.com\/a-tire-d-ailes\/?p=1914"},"modified":"2014-03-15T16:55:43","modified_gmt":"2014-03-15T14:55:43","slug":"allaiter-et-travailler-le-temoignage-de-claire","status":"publish","type":"post","link":"https:\/\/www.lactissima.com\/a-tire-d-ailes\/allaiter-et-travailler-le-temoignage-de-claire\/","title":{"rendered":"Allaiter et travailler : le t\u00e9moignage de Claire"},"content":{"rendered":"<p style=\"text-align: justify;\"><a href=\"https:\/\/www.lactissima.com\/a-tire-d-ailes\/wp-content\/uploads\/2011\/01\/Claire.jpg\"><img loading=\"lazy\" decoding=\"async\" class=\"alignright size-full wp-image-4500\" alt=\"allaitement et travail\" src=\"https:\/\/www.lactissima.com\/a-tire-d-ailes\/wp-content\/uploads\/2011\/01\/Claire.jpg\" width=\"256\" height=\"192\" \/><\/a>Bonjour,<\/p>\n<p style=\"text-align: justify;\">Je m&rsquo;appelle Claire et je suis infirmi\u00e8re.<\/p>\n<ul style=\"text-align: justify;\">\n<li><strong>Quel choix avez-vous fait au moment de la reprise du travail: sevrage ou poursuite de l&rsquo;allaitement ? Pourquoi ?<\/strong><\/li>\n<\/ul>\n<p style=\"text-align: justify;\">     Lors de ma premi\u00e8re grossesse pour ma fille, nous partagions d\u00e9j\u00e0 le d\u00e9sir d&rsquo;allaiter mon mari et moi. Je craignais tout de m\u00eame de ne pas r\u00e9ussir, en entendant tous les t\u00e9moignages d&rsquo;allaitements avort\u00e9s autour de moi. Mon mari m&rsquo;a rapidement rassur\u00e9e en me disant que j&rsquo;essaierai, et puis on verra&#8230; Le premier mois a \u00e9t\u00e9 plut\u00f4t difficile avec une crevasse \u00e0 chaque sein quasi au m\u00eame moment ayant impliqu\u00e9 que j&rsquo;ai tir\u00e9 mon lait d\u00e8s la 2 \u00e8me semaine de vie de ma fille avec le tire-lait Avent (achet\u00e9 en urgence par le papa alors que j&rsquo;\u00e9tais hospitalis\u00e9e avec ma fille en n\u00e9onat \u00e0 cause d&rsquo;un ict\u00e8re du nouveau-n\u00e9 persistant). Le papa donnait un bib sur deux (de mon lait) et je tirais mon lait \u00e0 chaque t\u00e9t\u00e9e&#8230; Les crevasses ont \u00e9t\u00e9 longues \u00e0 gu\u00e9rir, malgr\u00e9 l&rsquo;application de lanoline. J&rsquo;ai repris la mise au sein compl\u00e8te quand ma fille avait 1 mois et demi. L\u00e0 ce fut le pur bonheur, avec tr\u00e8s vite la conviction que je continuerai l&rsquo;allaitement exclusif jusqu&rsquo;aux 6 mois de ma fille.<\/p>\n<p style=\"text-align: justify;\">      J&rsquo;ai eu la chance d&rsquo;avoir pu beaucoup discuter avec une de mes coll\u00e8gues qui a tir\u00e9 son lait au travail jusqu&rsquo;aux 9 mois de sa fille pendant ma grossesse et pendant mon cong\u00e9 maternit\u00e9 par t\u00e9l\u00e9phone. Elle m&rsquo;a expliqu\u00e9 comment elle s&rsquo;\u00e9tait organis\u00e9e, ce qui ma rassur\u00e9e et confort\u00e9e dans mon choix. Mon mari m&rsquo;a encourag\u00e9e, pensant que ce serait le meilleur choix pour notre b\u00e9b\u00e9, tout en me pr\u00e9cisant que si je devais arr\u00eater pour une raison ou une autre, j&rsquo;avais fait ce que nous pensions le mieux, et que c&rsquo;\u00e9tait le principal.<\/p>\n<p style=\"text-align: justify;\">Mon m\u00e9decin de famille (pourtant de la vieille g\u00e9n\u00e9ration, comme quoi!) m&rsquo;a toujours soutenue dans mon allaitement.<\/p>\n<ul style=\"text-align: justify;\">\n<li><strong>Comment vous \u00eates-vous organis\u00e9e ?<\/strong><\/li>\n<\/ul>\n<p style=\"text-align: justify;\">     J&rsquo;ai repris le travail lorsque ma fille avait 3 mois et demi pass\u00e9, avec une petite r\u00e9serve d&rsquo;or blanc au congel et mon tire lait manuel avent. J&rsquo;ai repris \u00e0 temps plein, avec des horaires variables (soit 6h30-14h15, soit 13h30-21h15, soit 21h00-7h00). Ma surveillante m&rsquo;a tout de suite dit que je pouvais tirer mon lait quand je le voulais (ou plut\u00f4t le pouvais) et autant de fois que n\u00e9cessaire, sans restriction de temps. Le r\u00eave ! Avec en plus \u00e0 disposition une pi\u00e8ce avec lavabo et si\u00e8ge confortable, mais sans possibilit\u00e9 de fermer \u00e0 cl\u00e9 (ce qui m&rsquo;a valu quelques situations dr\u00f4les, avec g\u00e9n\u00e9ralement les m\u00e9decins de mon service qui se confondaient en excuses). Ma fille \u00e9tait gard\u00e9e jusqu&rsquo;\u00e0 5 mois par une assistante maternelle puis par la cr\u00e8che de mon CHU. J&rsquo;avais inform\u00e9 de notre choix de lui donner mon lait. L&rsquo;assistante maternelle ainsi que la cr\u00e8che ont \u00e9t\u00e9 coop\u00e9rants tout de suite. Je ne tirais qu&rsquo;une fois par jour pendant mes jours de travail, en g\u00e9n\u00e9ral lors de la pause (10h, 17h ou bien 2h) pendant 20 \u00e0  30 minutes. J&rsquo;avais des scrupules \u00e0 tirer mon lait en dehors des temps de pauses collectives : mon autre coll\u00e8gue infirmi\u00e8re devait alors s&rsquo;occuper aussi de mes patients (4 \u00e0 5) en sachant que je travaille dans un service de soins intensifs avec des patients plut\u00f4t instables du point de vue sant\u00e9.<\/p>\n<p style=\"text-align: justify;\">    Ne tirant en moyenne que 180 \u00e0 200 ml par jour, je compl\u00e9tais avec du lait congel\u00e9 pour la cr\u00e8che. Ma journ\u00e9e finie, je fon\u00e7ais \u00e0 la cr\u00e8che ou chez moi, selon l&rsquo;horaire pour donner le sein \u00e0 mon petit bout. Tout le temps pass\u00e9 en dehors du travail, c&rsquo;\u00e9tait t\u00e9t\u00e9es \u00e0 volont\u00e9, avec tirage une fois par jour les jours de repos. Lorsque je travaillais l&rsquo;apr\u00e8s-midi, mon mari tentait d&rsquo;attendre mon retour pour que je lui donne le sein.<\/p>\n<p style=\"text-align: justify;\">A six mois r\u00e9volu, apr\u00e8s un mois de travail de nuit exclusif, j&rsquo;ai gard\u00e9 les t\u00e9t\u00e9es mais arr\u00eat\u00e9 de tirer mon lait. Le mois de nuit a \u00e9t\u00e9 dur, avec  la fatigue (je ne me laissais pas assez de temps pour dormir pour louper le moins de t\u00e9t\u00e9es possible) qui a induit une diminution de la lactation et des nuits de travail avec impossibilit\u00e9 de tirer. Elle a commenc\u00e9 la diversification, et a fini petit \u00e0 petit ma r\u00e9serve de lait. Je l&rsquo;ai allait\u00e9e jusqu&rsquo;\u00e0 son premier anniversaire.<\/p>\n<ul style=\"text-align: justify;\">\n<li><strong>Quelles ont \u00e9t\u00e9 vos principales difficult\u00e9s ?<\/strong><\/li>\n<\/ul>\n<p style=\"text-align: justify;\">      Le manque de soutien de la famille, avec les petites phrases \u00ab\u00a0tu devrais arr\u00eater&#8230; \u00e0 la moindre difficult\u00e9\u00a0\u00bb ou encore \u00ab\u00a0tu vas l&rsquo;allaiter jusqu&rsquo;\u00e0 quand ???\u00a0\u00bb<\/p>\n<p style=\"text-align: justify;\">      Le manque de temps parfois pour tirer mon lait. Le sein que je n&rsquo;avais pas donn\u00e9, engorg\u00e9 au retour du travail (que je donnais tout de suite \u00e0 ma fille, m\u00eame si elle avait pris un bib une heure avant et qu&rsquo;elle dormait).<\/p>\n<p style=\"text-align: justify;\">     Le temps en moins \u00e0 partager avec mon \u00e9quipe de travail.<\/p>\n<ul style=\"text-align: justify;\">\n<li><strong>Quels ont \u00e9t\u00e9 vos meilleurs moments ?<\/strong><\/li>\n<\/ul>\n<p style=\"text-align: justify;\">      La t\u00e9t\u00e9e de retrouvailles \u00e0 la cr\u00e8che, ou \u00e0 la maison, m\u00eame \u00e0 moiti\u00e9 endormie ( pour ma puce).<\/p>\n<p style=\"text-align: justify;\">      Les vacances d&rsquo;\u00e9t\u00e9 (elle avait 8 mois) avec simplement le sein \u00e0 d\u00e9gainer, n&rsquo;importe o\u00f9, n&rsquo;importe quand.<\/p>\n<p style=\"text-align: justify;\">      Tous les moments de complicit\u00e9 et de c\u00e2lins. La t\u00e9t\u00e9e juste avant la sieste ou la nuit ( elle s&rsquo;endormait au sein).<\/p>\n<ul style=\"text-align: justify;\">\n<li><strong>Qu&rsquo;est-ce que vous souhaiteriez dire aux mamans qui doivent faire un choix dans les semaines \u00e0 venir ?<\/strong><\/li>\n<\/ul>\n<p style=\"text-align: justify;\">     Qu&rsquo;elles fassent au plus naturel \u00e0 leur sens. Qu&rsquo;elles trouvent un soutien fort aupr\u00e8s d&rsquo;un proche ou de l&rsquo;entourage \u00e9largi. Qu&rsquo;elles n&rsquo;h\u00e9sitent pas \u00e0 prendre contact avec une consultante en lactation et se trouver, lorsque c&rsquo;est possible, une personne-ressource en mati\u00e8re d&rsquo;allaitement. Je reste persuad\u00e9e de l&rsquo;importance d&rsquo;avoir pu \u00e9changer avec ma coll\u00e8gue qui fut ma personne-ressource dans la r\u00e9ussite de mon allaitement. Mais c&rsquo;est surtout mon mari qui a \u00e9t\u00e9 mon soutien le plus ind\u00e9fectible, et je l&rsquo;en remercie.<\/p>\n<p style=\"text-align: justify;\">    Qu&rsquo;elles s&rsquo;\u00e9quipent avec du bon mat\u00e9riel (tire lait, coussinets&#8230;).<\/p>\n<ul style=\"text-align: justify;\">\n<li><strong>Ce serait \u00e0 refaire, vous referiez le m\u00eame choix ? Que changeriez-vous ?<\/strong><\/li>\n<\/ul>\n<p style=\"text-align: justify;\">     Je vais re-tenter la m\u00eame aventure d&rsquo;ici quelques semaines : la famille s&rsquo;est agrandie depuis bient\u00f4t 3 mois avec un petit bonhomme. L&rsquo;allaitement se passe \u00e0 merveille et je me pr\u00e9pare \u00e0 la reprise, cette fois \u00e0 80%, avec un nouveau tire-lait lou\u00e9 (Symphony de Medela qui est GE-NIAL)  pour gagner plus de temps pour le tirage au travail.<\/p>\n<p style=\"text-align: justify;\">     Je vais juste \u00e9viter de travailler de nuit jusqu&rsquo;aux 6 mois r\u00e9volus de mon loupiot, pour m&rsquo;\u00e9viter du stress \u00e0 ne pas r\u00e9ussir \u00e0 tirer. Nous avons toujours le m\u00eame objectif, avec allaitement exclusif jusqu&rsquo;\u00e0 6 mois, apr\u00e8s on verra bien&#8230; Les mots d&rsquo;ordre, c&rsquo;est NO STRESS.<\/p>\n<p style=\"text-align: justify;\"><strong>Articles en rapport :<\/strong><\/p>\n<ul>\n<li style=\"text-align: justify;\"><a href=\"https:\/\/www.lactissima.com\/a-tire-d-ailes\/?p=1888\">Allaiter et travailler : le t\u00e9moignage de Vanessa<\/a><\/li>\n<li style=\"text-align: justify;\"><a href=\"https:\/\/www.lactissima.com\/a-tire-d-ailes\/?p=1872\">Allaiter et travailler : le t\u00e9moignage de Zo\u00e9<\/a><\/li>\n<li style=\"text-align: justify;\"><a href=\"https:\/\/www.lactissima.com\/a-tire-d-ailes\/?p=1757\">Allaiter et travailler : le t\u00e9moignage d&rsquo;Anouck<\/a><\/li>\n<li style=\"text-align: justify;\"><a href=\"https:\/\/www.lactissima.com\/a-tire-d-ailes\/?p=1563\">Allaiter et travailler : le t\u00e9moignage d&rsquo;Anne-Laure<\/a><\/li>\n<li style=\"text-align: justify;\"><a href=\"https:\/\/www.lactissima.com\/a-tire-d-ailes\/?p=1552\">Allaiter et travailler : le t\u00e9moignage de Lucie<\/a><\/li>\n<li style=\"text-align: justify;\"><a href=\"https:\/\/www.lactissima.com\/a-tire-d-ailes\/?p=1508\">Allaiter et travailler : le t\u00e9moignage de Sophie<\/a><\/li>\n<li style=\"text-align: justify;\"><a href=\"https:\/\/www.lactissima.com\/a-tire-d-ailes\/?p=1443\">Allaiter et travailler : le t\u00e9moignage de Sandrine<\/a><\/li>\n<li style=\"text-align: justify;\"><a href=\"https:\/\/www.lactissima.com\/a-tire-d-ailes\/?p=1420\">Allaiter et travailler : le t\u00e9moignage d&rsquo;Agn\u00e8s<\/a><\/li>\n<li style=\"text-align: justify;\"><a href=\"https:\/\/www.lactissima.com\/a-tire-d-ailes\/?p=1333\">Allaiter et travailler : le t\u00e9moignage d&rsquo;une lectrice<\/a><\/li>\n<li style=\"text-align: justify;\"><a href=\"https:\/\/www.lactissima.com\/a-tire-d-ailes\/?p=1169\">Allaiter et travailler : le t\u00e9moignage de Karine<\/a><\/li>\n<li style=\"text-align: justify;\"><a href=\"https:\/\/www.lactissima.com\/a-tire-d-ailes\/?p=1011\">Allaiter et travailler : le t\u00e9moignage de Sylvie<\/a><\/li>\n<li style=\"text-align: justify;\"><a href=\"https:\/\/www.lactissima.com\/a-tire-d-ailes\/?p=903\">Allaiter et travailler : le t\u00e9moignage de Marianne<\/a><\/li>\n<li style=\"text-align: justify;\"><a href=\"https:\/\/www.lactissima.com\/a-tire-d-ailes\/?p=885\">Allaiter et travailler : le t\u00e9moignage de Sabine<\/a><\/li>\n<li style=\"text-align: justify;\"><a href=\"https:\/\/www.lactissima.com\/a-tire-d-ailes\/?p=873\">Allaiter et travailler : le t\u00e9moignage de C\u00e9cile<\/a><\/li>\n<li style=\"text-align: justify;\"><a href=\"https:\/\/www.lactissima.com\/a-tire-d-ailes\/?p=782\">Allaiter et travailler : le t\u00e9moignage de Sophie<\/a><\/li>\n<li style=\"text-align: justify;\"><a href=\"https:\/\/www.lactissima.com\/a-tire-d-ailes\/?p=778\">Allaiter et travailler : le t\u00e9moignage d&rsquo;Alexia<\/a><\/li>\n<li style=\"text-align: justify;\"><a href=\"https:\/\/www.lactissima.com\/a-tire-d-ailes\/?p=730\">Allaiter et travailler : le t\u00e9moignage de Sibylle<\/a><\/li>\n<li style=\"text-align: justify;\"><a href=\"https:\/\/www.lactissima.com\/a-tire-d-ailes\/?p=715\">Allaiter et travailler : le t\u00e9moignage de Clara<\/a><\/li>\n<li style=\"text-align: justify;\"><a href=\"https:\/\/www.lactissima.com\/a-tire-d-ailes\/?p=648\">Allaiter et travailler : le t\u00e9moignage de Florence<\/a><\/li>\n<li style=\"text-align: justify;\"><a href=\"https:\/\/www.lactissima.com\/a-tire-d-ailes\/?p=735\">Allaiter et travailler : le t\u00e9moignage de Virginie<\/a><\/li>\n<li style=\"text-align: justify;\"><a href=\"https:\/\/www.lactissima.com\/a-tire-d-ailes\/?p=771\">Allaiter et travailler : le t\u00e9moignage de B\u00e9atrice<\/a><\/li>\n<\/ul>\n<p>&nbsp;<\/p>\n","protected":false},"excerpt":{"rendered":"<p>Je vais re-tenter la m\u00eame aventure d&rsquo;ici quelques semaines : la famille s&rsquo;est agrandie depuis bient\u00f4t 3 mois avec un petit bonhomme.<\/p>\n","protected":false},"author":170,"featured_media":4500,"comment_status":"open","ping_status":"open","sticky":false,"template":"","format":"standard","meta":{"_et_pb_use_builder":"","_et_pb_old_content":"","_et_gb_content_width":"","footnotes":""},"categories":[36,150],"tags":[187,50,267,57],"class_list":["post-1914","post","type-post","status-publish","format-standard","has-post-thumbnail","hentry","category-allaitement-et-travail","category-temoignages","tag-allaiter-et-travailler","tag-creche","tag-lait-congele","tag-tire-lait"],"yoast_head":"<!-- This site is optimized with the Yoast SEO plugin v27.4 - https:\/\/yoast.com\/product\/yoast-seo-wordpress\/ -->\n<title>Allaiter et travailler : le t\u00e9moignage de Claire<\/title>\n<meta name=\"description\" content=\"Je vais re-tenter la m\u00eame aventure d&#039;ici quelques semaines : la famille s&#039;est agrandie depuis bient\u00f4t 3 mois avec un petit bonhomme.\" \/>\n<meta name=\"robots\" content=\"index, follow, max-snippet:-1, max-image-preview:large, max-video-preview:-1\" \/>\n<link rel=\"canonical\" href=\"https:\/\/www.lactissima.com\/a-tire-d-ailes\/allaiter-et-travailler-le-temoignage-de-claire\/\" \/>\n<meta property=\"og:locale\" content=\"fr_FR\" \/>\n<meta property=\"og:type\" content=\"article\" \/>\n<meta property=\"og:title\" content=\"Allaiter et travailler : le t\u00e9moignage de Claire\" \/>\n<meta property=\"og:description\" content=\"Je vais re-tenter la m\u00eame aventure d&#039;ici quelques semaines : la famille s&#039;est agrandie depuis bient\u00f4t 3 mois avec un petit bonhomme.\" \/>\n<meta property=\"og:url\" content=\"https:\/\/www.lactissima.com\/a-tire-d-ailes\/allaiter-et-travailler-le-temoignage-de-claire\/\" \/>\n<meta property=\"og:site_name\" content=\"A tire d&#039;Ailes\" \/>\n<meta property=\"article:publisher\" content=\"https:\/\/www.facebook.com\/consultante.en.lactation\" \/>\n<meta property=\"article:author\" content=\"www.facebook.com\/consultante.en.lactation\" \/>\n<meta property=\"article:published_time\" content=\"2011-01-08T17:15:33+00:00\" \/>\n<meta property=\"article:modified_time\" content=\"2014-03-15T14:55:43+00:00\" \/>\n<meta property=\"og:image\" content=\"https:\/\/www.lactissima.com\/a-tire-d-ailes\/wp-content\/uploads\/2011\/01\/Claire.jpg\" \/>\n\t<meta property=\"og:image:width\" content=\"256\" \/>\n\t<meta property=\"og:image:height\" content=\"192\" \/>\n\t<meta property=\"og:image:type\" content=\"image\/jpeg\" \/>\n<meta name=\"author\" content=\"V\u00e9ronique Darmangeat\" \/>\n<meta name=\"twitter:card\" content=\"summary_large_image\" \/>\n<meta name=\"twitter:creator\" content=\"@VeroniqueIBCLC\" \/>\n<meta name=\"twitter:site\" content=\"@VeroniqueIBCLC\" \/>\n<meta name=\"twitter:label1\" content=\"\u00c9crit par\" \/>\n\t<meta name=\"twitter:data1\" content=\"V\u00e9ronique Darmangeat\" \/>\n\t<meta name=\"twitter:label2\" content=\"Dur\u00e9e de lecture estim\u00e9e\" \/>\n\t<meta name=\"twitter:data2\" content=\"7 minutes\" \/>\n<script type=\"application\/ld+json\" class=\"yoast-schema-graph\">{\"@context\":\"https:\\\/\\\/schema.org\",\"@graph\":[{\"@type\":\"Article\",\"@id\":\"https:\\\/\\\/www.lactissima.com\\\/a-tire-d-ailes\\\/allaiter-et-travailler-le-temoignage-de-claire\\\/#article\",\"isPartOf\":{\"@id\":\"https:\\\/\\\/www.lactissima.com\\\/a-tire-d-ailes\\\/allaiter-et-travailler-le-temoignage-de-claire\\\/\"},\"author\":{\"name\":\"V\u00e9ronique Darmangeat\",\"@id\":\"https:\\\/\\\/www.lactissima.com\\\/a-tire-d-ailes\\\/#\\\/schema\\\/person\\\/8f98d3a89530861bc1240e6d53d44eed\"},\"headline\":\"Allaiter et travailler : le t\u00e9moignage de Claire\",\"datePublished\":\"2011-01-08T17:15:33+00:00\",\"dateModified\":\"2014-03-15T14:55:43+00:00\",\"mainEntityOfPage\":{\"@id\":\"https:\\\/\\\/www.lactissima.com\\\/a-tire-d-ailes\\\/allaiter-et-travailler-le-temoignage-de-claire\\\/\"},\"wordCount\":1390,\"commentCount\":3,\"image\":{\"@id\":\"https:\\\/\\\/www.lactissima.com\\\/a-tire-d-ailes\\\/allaiter-et-travailler-le-temoignage-de-claire\\\/#primaryimage\"},\"thumbnailUrl\":\"https:\\\/\\\/www.lactissima.com\\\/a-tire-d-ailes\\\/wp-content\\\/uploads\\\/2011\\\/01\\\/Claire.jpg\",\"keywords\":[\"allaiter et travailler\",\"cr\u00e8che\",\"lait congel\u00e9\",\"tire-lait\"],\"articleSection\":[\"Allaitement et Travail\",\"t\u00e9moignages\"],\"inLanguage\":\"fr-FR\",\"potentialAction\":[{\"@type\":\"CommentAction\",\"name\":\"Comment\",\"target\":[\"https:\\\/\\\/www.lactissima.com\\\/a-tire-d-ailes\\\/allaiter-et-travailler-le-temoignage-de-claire\\\/#respond\"]}]},{\"@type\":\"WebPage\",\"@id\":\"https:\\\/\\\/www.lactissima.com\\\/a-tire-d-ailes\\\/allaiter-et-travailler-le-temoignage-de-claire\\\/\",\"url\":\"https:\\\/\\\/www.lactissima.com\\\/a-tire-d-ailes\\\/allaiter-et-travailler-le-temoignage-de-claire\\\/\",\"name\":\"Allaiter et travailler : le t\u00e9moignage de Claire\",\"isPartOf\":{\"@id\":\"https:\\\/\\\/www.lactissima.com\\\/a-tire-d-ailes\\\/#website\"},\"primaryImageOfPage\":{\"@id\":\"https:\\\/\\\/www.lactissima.com\\\/a-tire-d-ailes\\\/allaiter-et-travailler-le-temoignage-de-claire\\\/#primaryimage\"},\"image\":{\"@id\":\"https:\\\/\\\/www.lactissima.com\\\/a-tire-d-ailes\\\/allaiter-et-travailler-le-temoignage-de-claire\\\/#primaryimage\"},\"thumbnailUrl\":\"https:\\\/\\\/www.lactissima.com\\\/a-tire-d-ailes\\\/wp-content\\\/uploads\\\/2011\\\/01\\\/Claire.jpg\",\"datePublished\":\"2011-01-08T17:15:33+00:00\",\"dateModified\":\"2014-03-15T14:55:43+00:00\",\"author\":{\"@id\":\"https:\\\/\\\/www.lactissima.com\\\/a-tire-d-ailes\\\/#\\\/schema\\\/person\\\/8f98d3a89530861bc1240e6d53d44eed\"},\"description\":\"Je vais re-tenter la m\u00eame aventure d'ici quelques semaines : la famille s'est agrandie depuis bient\u00f4t 3 mois avec un petit bonhomme.\",\"breadcrumb\":{\"@id\":\"https:\\\/\\\/www.lactissima.com\\\/a-tire-d-ailes\\\/allaiter-et-travailler-le-temoignage-de-claire\\\/#breadcrumb\"},\"inLanguage\":\"fr-FR\",\"potentialAction\":[{\"@type\":\"ReadAction\",\"target\":[\"https:\\\/\\\/www.lactissima.com\\\/a-tire-d-ailes\\\/allaiter-et-travailler-le-temoignage-de-claire\\\/\"]}]},{\"@type\":\"ImageObject\",\"inLanguage\":\"fr-FR\",\"@id\":\"https:\\\/\\\/www.lactissima.com\\\/a-tire-d-ailes\\\/allaiter-et-travailler-le-temoignage-de-claire\\\/#primaryimage\",\"url\":\"https:\\\/\\\/www.lactissima.com\\\/a-tire-d-ailes\\\/wp-content\\\/uploads\\\/2011\\\/01\\\/Claire.jpg\",\"contentUrl\":\"https:\\\/\\\/www.lactissima.com\\\/a-tire-d-ailes\\\/wp-content\\\/uploads\\\/2011\\\/01\\\/Claire.jpg\",\"width\":256,\"height\":192,\"caption\":\"allaitement et travail\"},{\"@type\":\"BreadcrumbList\",\"@id\":\"https:\\\/\\\/www.lactissima.com\\\/a-tire-d-ailes\\\/allaiter-et-travailler-le-temoignage-de-claire\\\/#breadcrumb\",\"itemListElement\":[{\"@type\":\"ListItem\",\"position\":1,\"name\":\"Accueil\",\"item\":\"https:\\\/\\\/www.lactissima.com\\\/a-tire-d-ailes\\\/\"},{\"@type\":\"ListItem\",\"position\":2,\"name\":\"Allaiter et travailler : le t\u00e9moignage de Claire\"}]},{\"@type\":\"WebSite\",\"@id\":\"https:\\\/\\\/www.lactissima.com\\\/a-tire-d-ailes\\\/#website\",\"url\":\"https:\\\/\\\/www.lactissima.com\\\/a-tire-d-ailes\\\/\",\"name\":\"A tire d&#039;Ailes\",\"description\":\"Le blog des femmes qui allaitent et travaillent.\",\"potentialAction\":[{\"@type\":\"SearchAction\",\"target\":{\"@type\":\"EntryPoint\",\"urlTemplate\":\"https:\\\/\\\/www.lactissima.com\\\/a-tire-d-ailes\\\/?s={search_term_string}\"},\"query-input\":{\"@type\":\"PropertyValueSpecification\",\"valueRequired\":true,\"valueName\":\"search_term_string\"}}],\"inLanguage\":\"fr-FR\"},{\"@type\":\"Person\",\"@id\":\"https:\\\/\\\/www.lactissima.com\\\/a-tire-d-ailes\\\/#\\\/schema\\\/person\\\/8f98d3a89530861bc1240e6d53d44eed\",\"name\":\"V\u00e9ronique Darmangeat\",\"image\":{\"@type\":\"ImageObject\",\"inLanguage\":\"fr-FR\",\"@id\":\"https:\\\/\\\/secure.gravatar.com\\\/avatar\\\/268c99344c89cebfe4f5df5fa8be43068a18884fc76a29f3206fae98465b9cab?s=96&d=identicon&r=g\",\"url\":\"https:\\\/\\\/secure.gravatar.com\\\/avatar\\\/268c99344c89cebfe4f5df5fa8be43068a18884fc76a29f3206fae98465b9cab?s=96&d=identicon&r=g\",\"contentUrl\":\"https:\\\/\\\/secure.gravatar.com\\\/avatar\\\/268c99344c89cebfe4f5df5fa8be43068a18884fc76a29f3206fae98465b9cab?s=96&d=identicon&r=g\",\"caption\":\"V\u00e9ronique Darmangeat\"},\"sameAs\":[\"https:\\\/\\\/www.lactissima.com\\\/a-tire-d-ailes\",\"www.facebook.com\\\/consultante.en.lactation\"]}]}<\/script>\n<!-- \/ Yoast SEO plugin. -->","yoast_head_json":{"title":"Allaiter et travailler : le t\u00e9moignage de Claire","description":"Je vais re-tenter la m\u00eame aventure d'ici quelques semaines : la famille s'est agrandie depuis bient\u00f4t 3 mois avec un petit bonhomme.","robots":{"index":"index","follow":"follow","max-snippet":"max-snippet:-1","max-image-preview":"max-image-preview:large","max-video-preview":"max-video-preview:-1"},"canonical":"https:\/\/www.lactissima.com\/a-tire-d-ailes\/allaiter-et-travailler-le-temoignage-de-claire\/","og_locale":"fr_FR","og_type":"article","og_title":"Allaiter et travailler : le t\u00e9moignage de Claire","og_description":"Je vais re-tenter la m\u00eame aventure d'ici quelques semaines : la famille s'est agrandie depuis bient\u00f4t 3 mois avec un petit bonhomme.","og_url":"https:\/\/www.lactissima.com\/a-tire-d-ailes\/allaiter-et-travailler-le-temoignage-de-claire\/","og_site_name":"A tire d&#039;Ailes","article_publisher":"https:\/\/www.facebook.com\/consultante.en.lactation","article_author":"www.facebook.com\/consultante.en.lactation","article_published_time":"2011-01-08T17:15:33+00:00","article_modified_time":"2014-03-15T14:55:43+00:00","og_image":[{"width":256,"height":192,"url":"https:\/\/www.lactissima.com\/a-tire-d-ailes\/wp-content\/uploads\/2011\/01\/Claire.jpg","type":"image\/jpeg"}],"author":"V\u00e9ronique Darmangeat","twitter_card":"summary_large_image","twitter_creator":"@VeroniqueIBCLC","twitter_site":"@VeroniqueIBCLC","twitter_misc":{"\u00c9crit par":"V\u00e9ronique Darmangeat","Dur\u00e9e de lecture estim\u00e9e":"7 minutes"},"schema":{"@context":"https:\/\/schema.org","@graph":[{"@type":"Article","@id":"https:\/\/www.lactissima.com\/a-tire-d-ailes\/allaiter-et-travailler-le-temoignage-de-claire\/#article","isPartOf":{"@id":"https:\/\/www.lactissima.com\/a-tire-d-ailes\/allaiter-et-travailler-le-temoignage-de-claire\/"},"author":{"name":"V\u00e9ronique Darmangeat","@id":"https:\/\/www.lactissima.com\/a-tire-d-ailes\/#\/schema\/person\/8f98d3a89530861bc1240e6d53d44eed"},"headline":"Allaiter et travailler : le t\u00e9moignage de Claire","datePublished":"2011-01-08T17:15:33+00:00","dateModified":"2014-03-15T14:55:43+00:00","mainEntityOfPage":{"@id":"https:\/\/www.lactissima.com\/a-tire-d-ailes\/allaiter-et-travailler-le-temoignage-de-claire\/"},"wordCount":1390,"commentCount":3,"image":{"@id":"https:\/\/www.lactissima.com\/a-tire-d-ailes\/allaiter-et-travailler-le-temoignage-de-claire\/#primaryimage"},"thumbnailUrl":"https:\/\/www.lactissima.com\/a-tire-d-ailes\/wp-content\/uploads\/2011\/01\/Claire.jpg","keywords":["allaiter et travailler","cr\u00e8che","lait congel\u00e9","tire-lait"],"articleSection":["Allaitement et Travail","t\u00e9moignages"],"inLanguage":"fr-FR","potentialAction":[{"@type":"CommentAction","name":"Comment","target":["https:\/\/www.lactissima.com\/a-tire-d-ailes\/allaiter-et-travailler-le-temoignage-de-claire\/#respond"]}]},{"@type":"WebPage","@id":"https:\/\/www.lactissima.com\/a-tire-d-ailes\/allaiter-et-travailler-le-temoignage-de-claire\/","url":"https:\/\/www.lactissima.com\/a-tire-d-ailes\/allaiter-et-travailler-le-temoignage-de-claire\/","name":"Allaiter et travailler : le t\u00e9moignage de Claire","isPartOf":{"@id":"https:\/\/www.lactissima.com\/a-tire-d-ailes\/#website"},"primaryImageOfPage":{"@id":"https:\/\/www.lactissima.com\/a-tire-d-ailes\/allaiter-et-travailler-le-temoignage-de-claire\/#primaryimage"},"image":{"@id":"https:\/\/www.lactissima.com\/a-tire-d-ailes\/allaiter-et-travailler-le-temoignage-de-claire\/#primaryimage"},"thumbnailUrl":"https:\/\/www.lactissima.com\/a-tire-d-ailes\/wp-content\/uploads\/2011\/01\/Claire.jpg","datePublished":"2011-01-08T17:15:33+00:00","dateModified":"2014-03-15T14:55:43+00:00","author":{"@id":"https:\/\/www.lactissima.com\/a-tire-d-ailes\/#\/schema\/person\/8f98d3a89530861bc1240e6d53d44eed"},"description":"Je vais re-tenter la m\u00eame aventure d'ici quelques semaines : la famille s'est agrandie depuis bient\u00f4t 3 mois avec un petit bonhomme.","breadcrumb":{"@id":"https:\/\/www.lactissima.com\/a-tire-d-ailes\/allaiter-et-travailler-le-temoignage-de-claire\/#breadcrumb"},"inLanguage":"fr-FR","potentialAction":[{"@type":"ReadAction","target":["https:\/\/www.lactissima.com\/a-tire-d-ailes\/allaiter-et-travailler-le-temoignage-de-claire\/"]}]},{"@type":"ImageObject","inLanguage":"fr-FR","@id":"https:\/\/www.lactissima.com\/a-tire-d-ailes\/allaiter-et-travailler-le-temoignage-de-claire\/#primaryimage","url":"https:\/\/www.lactissima.com\/a-tire-d-ailes\/wp-content\/uploads\/2011\/01\/Claire.jpg","contentUrl":"https:\/\/www.lactissima.com\/a-tire-d-ailes\/wp-content\/uploads\/2011\/01\/Claire.jpg","width":256,"height":192,"caption":"allaitement et travail"},{"@type":"BreadcrumbList","@id":"https:\/\/www.lactissima.com\/a-tire-d-ailes\/allaiter-et-travailler-le-temoignage-de-claire\/#breadcrumb","itemListElement":[{"@type":"ListItem","position":1,"name":"Accueil","item":"https:\/\/www.lactissima.com\/a-tire-d-ailes\/"},{"@type":"ListItem","position":2,"name":"Allaiter et travailler : le t\u00e9moignage de Claire"}]},{"@type":"WebSite","@id":"https:\/\/www.lactissima.com\/a-tire-d-ailes\/#website","url":"https:\/\/www.lactissima.com\/a-tire-d-ailes\/","name":"A tire d&#039;Ailes","description":"Le blog des femmes qui allaitent et travaillent.","potentialAction":[{"@type":"SearchAction","target":{"@type":"EntryPoint","urlTemplate":"https:\/\/www.lactissima.com\/a-tire-d-ailes\/?s={search_term_string}"},"query-input":{"@type":"PropertyValueSpecification","valueRequired":true,"valueName":"search_term_string"}}],"inLanguage":"fr-FR"},{"@type":"Person","@id":"https:\/\/www.lactissima.com\/a-tire-d-ailes\/#\/schema\/person\/8f98d3a89530861bc1240e6d53d44eed","name":"V\u00e9ronique Darmangeat","image":{"@type":"ImageObject","inLanguage":"fr-FR","@id":"https:\/\/secure.gravatar.com\/avatar\/268c99344c89cebfe4f5df5fa8be43068a18884fc76a29f3206fae98465b9cab?s=96&d=identicon&r=g","url":"https:\/\/secure.gravatar.com\/avatar\/268c99344c89cebfe4f5df5fa8be43068a18884fc76a29f3206fae98465b9cab?s=96&d=identicon&r=g","contentUrl":"https:\/\/secure.gravatar.com\/avatar\/268c99344c89cebfe4f5df5fa8be43068a18884fc76a29f3206fae98465b9cab?s=96&d=identicon&r=g","caption":"V\u00e9ronique Darmangeat"},"sameAs":["https:\/\/www.lactissima.com\/a-tire-d-ailes","www.facebook.com\/consultante.en.lactation"]}]}},"_links":{"self":[{"href":"https:\/\/www.lactissima.com\/a-tire-d-ailes\/wp-json\/wp\/v2\/posts\/1914","targetHints":{"allow":["GET"]}}],"collection":[{"href":"https:\/\/www.lactissima.com\/a-tire-d-ailes\/wp-json\/wp\/v2\/posts"}],"about":[{"href":"https:\/\/www.lactissima.com\/a-tire-d-ailes\/wp-json\/wp\/v2\/types\/post"}],"author":[{"embeddable":true,"href":"https:\/\/www.lactissima.com\/a-tire-d-ailes\/wp-json\/wp\/v2\/users\/170"}],"replies":[{"embeddable":true,"href":"https:\/\/www.lactissima.com\/a-tire-d-ailes\/wp-json\/wp\/v2\/comments?post=1914"}],"version-history":[{"count":9,"href":"https:\/\/www.lactissima.com\/a-tire-d-ailes\/wp-json\/wp\/v2\/posts\/1914\/revisions"}],"predecessor-version":[{"id":5406,"href":"https:\/\/www.lactissima.com\/a-tire-d-ailes\/wp-json\/wp\/v2\/posts\/1914\/revisions\/5406"}],"wp:featuredmedia":[{"embeddable":true,"href":"https:\/\/www.lactissima.com\/a-tire-d-ailes\/wp-json\/wp\/v2\/media\/4500"}],"wp:attachment":[{"href":"https:\/\/www.lactissima.com\/a-tire-d-ailes\/wp-json\/wp\/v2\/media?parent=1914"}],"wp:term":[{"taxonomy":"category","embeddable":true,"href":"https:\/\/www.lactissima.com\/a-tire-d-ailes\/wp-json\/wp\/v2\/categories?post=1914"},{"taxonomy":"post_tag","embeddable":true,"href":"https:\/\/www.lactissima.com\/a-tire-d-ailes\/wp-json\/wp\/v2\/tags?post=1914"}],"curies":[{"name":"wp","href":"https:\/\/api.w.org\/{rel}","templated":true}]}}