{"id":1888,"date":"2010-12-18T19:28:46","date_gmt":"2010-12-18T17:28:46","guid":{"rendered":"https:\/\/www.lactissima.com\/a-tire-d-ailes\/?p=1888"},"modified":"2014-03-15T16:56:23","modified_gmt":"2014-03-15T14:56:23","slug":"allaiter-et-travailler-le-temoignage-de-vanessa","status":"publish","type":"post","link":"https:\/\/www.lactissima.com\/a-tire-d-ailes\/allaiter-et-travailler-le-temoignage-de-vanessa\/","title":{"rendered":"Allaiter et travailler : le t\u00e9moignage de Vanessa"},"content":{"rendered":"<p style=\"text-align: justify;\"><a href=\"https:\/\/www.lactissima.com\/a-tire-d-ailes\/wp-content\/uploads\/2010\/12\/Van_Emma.jpeg\"><img loading=\"lazy\" decoding=\"async\" class=\"alignright size-full wp-image-4505\" alt=\"allaitement et travail\" src=\"https:\/\/www.lactissima.com\/a-tire-d-ailes\/wp-content\/uploads\/2010\/12\/Van_Emma.jpeg\" width=\"288\" height=\"317\" srcset=\"https:\/\/www.lactissima.com\/a-tire-d-ailes\/wp-content\/uploads\/2010\/12\/Van_Emma.jpeg 288w, https:\/\/www.lactissima.com\/a-tire-d-ailes\/wp-content\/uploads\/2010\/12\/Van_Emma-272x300.jpeg 272w\" sizes=\"(max-width: 288px) 100vw, 288px\" \/><\/a>Je suis la maman de <strong>deux enfants<\/strong>, Emma, 3 ans n\u00e9e en ao\u00fbt 2007 et Mael, son petit fr\u00e8re n\u00e9 en juin 2010.<\/p>\n<p style=\"text-align: justify;\">Pendant ma premi\u00e8re grossesse, je me suis demand\u00e9e comment je ferais pour <strong>allier mon projet d&rsquo;allaitement et ma vie professionnelle<\/strong>. Je suis administratrice de production dans le milieu du spectacle avec un statut d&rsquo;intermittente du spectacle. Je travaille pour de petites structures d&rsquo;en g\u00e9n\u00e9ral moins de 10 personnes permanentes sans contact avec le public. Ce sont des compagnies de danse, de th\u00e9\u00e2tre, ou de productions audiovisuelles.<\/p>\n<p style=\"text-align: justify;\">Pour moi il \u00e9tait <strong>\u00e9vident<\/strong> qu&rsquo;il fallait que je fasse en sorte de pouvoir allaiter mon enfant de mani\u00e8re exclusive jusqu&rsquo;\u00e0 au moins<strong> ses 6 mois<\/strong>. Et quand je dis exclusive c&rsquo;est aussi avec l&rsquo;id\u00e9e de <strong>\u00c2\u00ab l&rsquo;open-bar \u00c2\u00bb,<\/strong> impliquant que mon enfant soit <strong>toujours avec moi<\/strong>. C&rsquo;\u00e9tait pour moi important de savoir que je donnais \u00e0 ma fille la nourriture <strong>la mieux adapt\u00e9e<\/strong>.<\/p>\n<p style=\"text-align: justify;\">Gr\u00e2ce \u00e0 mes <strong>employeurs<\/strong> je dois dire que tout c&rsquo;est bien pass\u00e9 et le plus naturellement du monde. J&rsquo;ai fait un peu le <strong>m\u00e9nage<\/strong> au d\u00e9but de ma grossesse et j&rsquo;ai arr\u00eat\u00e9 de travailler avec les trois soci\u00e9t\u00e9s dont je sentais bien que ce ne serait pas possible. Par contre avec tous les autres et <strong>l&rsquo;aide de mes parents<\/strong> je dois dire que cela a \u00e9t\u00e9 particuli\u00e8rement <strong>facile<\/strong>.<\/p>\n<p style=\"text-align: justify;\">Cette r\u00e9ussite je la dois \u00e0 <strong>l&rsquo;ouverture d&rsquo;esprit de mes patrons<\/strong> et aussi par le fait que pour moi c&rsquo;\u00e9tait tellement <strong>\u00e9vident<\/strong> que cela se passerait comme cela que quand j&rsquo;ai commenc\u00e9 \u00e0 m&rsquo;organiser pour mon travail les soci\u00e9t\u00e9s sentaient bien que cela se passerait comme cela ou alors il leur faudrait me trouver une <strong>rempla\u00e7ante<\/strong>&#8230;<\/p>\n<p style=\"text-align: justify;\">Je n&rsquo;avais de plus aucun <strong>scrupules<\/strong>, car je me fais payer en g\u00e9n\u00e9ral \u00e0 l&rsquo;heure et je pense que ce qui a beaucoup aussi rassur\u00e9 mes patrons c&rsquo;est que je leur avais dit tout de suite qu&rsquo;\u00e9videmment je mettrais un peu plus de temps \u00e0 faire mon travail, car je me doutais bien qu&rsquo;Emma aurait des besoins plus ou moins rapproch\u00e9s de <strong>manger ou d&rsquo;avoir des c\u00e2lins<\/strong>. Mais l&rsquo;avantage d&rsquo;\u00eatre pay\u00e9e \u00e0 l&rsquo;heure, c&rsquo;est que l&rsquo;on peut facilement comptabiliser les heures de travail effectif. Pour moi il \u00e9tait clair que mes soci\u00e9t\u00e9s n&rsquo;avaient pas \u00e0 me payer pendant que je nourrissais mon enfant.<\/p>\n<p style=\"text-align: justify;\">C&rsquo;\u00e9tait aussi <strong>simple<\/strong> pour moi, car mon mari <strong>gagnait suffisamment bien sa vie<\/strong> pour que nous sachions qu&rsquo;au pire je ne travaillerais pas pendant six mois et que je rechercherais du travail apr\u00e8s les six mois d&rsquo;Emma. Heureusement pour moi, des bonnes administratrices dans mon milieu professionnel sont <strong>recherch\u00e9es<\/strong> et qu&rsquo;il n&rsquo;est jamais bien difficile de retrouver du travail.<\/p>\n<p style=\"text-align: justify;\">Donc pendant ma grossesse j&rsquo;ai <strong>pr\u00e9par\u00e9<\/strong> la naissance de mon b\u00e9b\u00e9 et le fait que le premier mois <strong>je ne pourrais pas \u00eatre l\u00e0 <\/strong>. Merci le <strong>t\u00e9l\u00e9travail<\/strong> et <strong>internet<\/strong> qui ont rendu tout cela possible aussi. De nos jours il est tr\u00e8s facile de faire tout le social par internet, comme les fiches de paies, les cotisations sociales et autres. Pour cela nous n&rsquo;avons besoin que d&rsquo;un ordinateur avec une connexion internet et un t\u00e9l\u00e9phone.<\/p>\n<p style=\"text-align: justify;\">J&rsquo;ai donc accouch\u00e9 au mois <strong>d&rsquo;ao\u00fbt<\/strong> 2007. P\u00e9riode b\u00e9nie pour les comptables, car c&rsquo;est vraiment un gros temps mort. Donc je n&rsquo;ai repris le travail qu&rsquo;au mois de <strong>septembre<\/strong>. L\u00e0 et bien rien n&rsquo;a vraiment chang\u00e9 si ce n&rsquo;est que<strong> j&rsquo;allais travailler avec Emma<\/strong> et surtout mon \u00e9charpe de portage. Article indispensable pour moi. En effet, Emma avait besoin d&rsquo;\u00eatre port\u00e9e tout le temps. Ce n&rsquo;est pas un b\u00e9b\u00e9 que l&rsquo;on pouvait poser dans un transat pendant un certain temps. <strong>L&rsquo;\u00e9charpe<\/strong> me permettait donc de la garder contre moi et de pouvoir faire d&rsquo;autres choses vu que j&rsquo;avais les mains libres.<\/p>\n<p style=\"text-align: justify;\">Une <strong>journ\u00e9e type<\/strong> se passait de la mani\u00e8re suivante :<\/p>\n<p style=\"text-align: justify;\">J&rsquo;arrivais le matin, m&rsquo;installais tranquillement \u00e0 mon poste de travail, donnais une premi\u00e8re t\u00e9t\u00e9e \u00e0 Emma et ensuite l&rsquo;installais dans mon \u00e9charpe de portage. Les premiers mois je la mettais devant, \u00e0 partir de ses trois mois, je la mettais au <strong>dos<\/strong>. J&rsquo;avais de la chance, car Emma <strong>dormait<\/strong> au moins trois heures le matin. Puis il me fallait faire une <strong>pause<\/strong> \u00e0 son r\u00e9veil pour lui donner \u00e0 manger, la changer, la c\u00e2liner \u00e9videmment et ensuite la remettre dans son \u00e9charpe et moi repartir dans ma journ\u00e9e de travail.<\/p>\n<p style=\"text-align: justify;\">Je n&rsquo;ai pas vraiment eu de difficult\u00e9s. La seule chose c&rsquo;est que <strong>mon temps de travail \u00e9tait plus long<\/strong>. Un tiers de plus je pense. Mais cela mis \u00e0 part tout coulait de source. Finalement, pour moi un b\u00e9b\u00e9 n&rsquo;a besoin que d&rsquo;\u00eatre nourri et d&rsquo;\u00eatre pr\u00eat de sa m\u00e8re. Souvent je ne travaillais que pendant de grosses demi-journ\u00e9es, parfois mes journ\u00e9es \u00e9taient beaucoup plus longues, surtout \u00e0 la fin des trimestres au moment des charges sociales, donc je pouvais finir ma journ\u00e9e de travail vers 20h, mais j&rsquo;avais la grande joie <strong>d&rsquo;\u00eatre toujours avec ma fille<\/strong> et d&rsquo;\u00eatre certaine que tous ses besoins \u00e9taient combl\u00e9s. Cela lib\u00e8re vraiment l&rsquo;esprit et permet de travailler beaucoup plus <strong>sereinement<\/strong>.<\/p>\n<p style=\"text-align: justify;\">J&rsquo;ai \u00e9t\u00e9 agr\u00e9ablement surprise de me rendre compte que <strong>mes sup\u00e9rieurs aimaient assez cela en fait<\/strong>. Cela changeait un peu de la monotonie des journ\u00e9es sans \u00eatre d\u00e9sagr\u00e9able pour le travail, car ma fille \u00e9tait tr\u00e8s <strong>calme<\/strong>, tant qu&rsquo;elle pouvait manger \u00e0 sa faim et qu&rsquo;elle \u00e9tait port\u00e9e.<\/p>\n<p style=\"text-align: justify;\">Cette organisation a dur\u00e9 <strong>jusqu&rsquo;aux six mois<\/strong> de ma fille et au d\u00e9but de la diversification. A partir de l\u00e0 , je l&rsquo;ai laiss\u00e9e chez mes <strong>parents<\/strong> qui l&rsquo;ont gard\u00e9e. Si elle avait faim, ils lui donnaient le lait que j&rsquo;avais <strong>tir\u00e9<\/strong> et assez rapidement des <strong>solides<\/strong> \u00e0 midi. Nous avions ensuite une tr\u00e8s longue t\u00e9t\u00e9e de <strong>retrouvailles<\/strong> lorsque je revenais la chercher.<\/p>\n<p style=\"text-align: justify;\">Mon entourage \u00e9tait assez <strong>sceptique<\/strong> quant \u00e0 la r\u00e9ussite de mon projet. Je me suis ent\u00eat\u00e9e en me disant qu&rsquo;il fallait au moins que <strong>j&rsquo;essaie<\/strong>. Et finalement, je me suis rendu compte que cela s&rsquo;est pass\u00e9 tr\u00e8s facilement et <strong>tranquillement<\/strong>.<\/p>\n<p style=\"text-align: justify;\">Je me rends compte \u00e9videmment que j&rsquo;\u00e9tais dans des conditions <strong>id\u00e9ales<\/strong>. Petites structures, employeurs plus que <strong>compr\u00e9hensifs<\/strong> vu que tous \u00e9taient persuad\u00e9s que je faisais un tr\u00e8s bon choix pour mon b\u00e9b\u00e9 et aurait voulu pouvoir eux-m\u00eames le faire ou que leurs femmes puissent le faire.<\/p>\n<p style=\"text-align: justify;\">En conclusion je pense qu&rsquo;il faut <strong>s&rsquo;\u00e9couter<\/strong> et si on a vraiment envie de se lancer dans cette exp\u00e9rience, bien <strong>pr\u00e9parer<\/strong> le tout en amont en discutant beaucoup avec ses employeurs afin de les <strong>rassurer<\/strong> sur le fait que le travail sera fait de mani\u00e8re diff\u00e9rente, mais qu&rsquo;il sera quand m\u00eame fait et bien.<\/p>\n<p style=\"text-align: justify;\">J&rsquo;ai <strong>ador\u00e9<\/strong> cette p\u00e9riode o\u00f9 j&rsquo;ai pu continuer \u00e0 jouer mon r\u00f4le de m\u00e8re nourrici\u00e8re sans interm\u00e9diaire. Je me souviens de ce sentiment de <strong>pl\u00e9nitude<\/strong> dans mon exp\u00e9rience de nouvelle maman. J&rsquo;ai de nouveau la chance de pouvoir <strong>revivre<\/strong> cela avec mon dernier, Mael, qui \u00e0 6 mois et qui m&rsquo;accompagne toujours dans mes journ\u00e9es de travail. Maintenant c&rsquo;est un peu <strong>diff\u00e9rent<\/strong>, car ma fille ain\u00e9e va \u00e0 l&rsquo;\u00e9cole et je travaille beaucoup moins qu&rsquo;avant, mais ma petite \u00c2\u00abexcroissance\u00c2\u00bb est toujours avec moi et c&rsquo;est un vrai <strong>bonheur<\/strong>.<\/p>\n<p style=\"text-align: justify;\"><strong>Articles en rapport :<\/strong><\/p>\n<ul>\n<li style=\"text-align: justify;\"><a href=\"https:\/\/www.lactissima.com\/a-tire-d-ailes\/?p=1872\">Allaiter et travailler : le t\u00e9moignage de Zo\u00e9<\/a><\/li>\n<li style=\"text-align: justify;\"><a href=\"https:\/\/www.lactissima.com\/a-tire-d-ailes\/?p=1757\">Allaiter et travailler : le t\u00e9moignage d&rsquo;Anouck<\/a><\/li>\n<li style=\"text-align: justify;\"><a href=\"https:\/\/www.lactissima.com\/a-tire-d-ailes\/?p=1563\">Allaiter et travailler : le t\u00e9moignage d&rsquo;Anne-Laure<\/a><\/li>\n<li style=\"text-align: justify;\"><a href=\"https:\/\/www.lactissima.com\/a-tire-d-ailes\/?p=1552\">Allaiter et travailler : le t\u00e9moignage de Lucie<\/a><\/li>\n<li style=\"text-align: justify;\"><a href=\"https:\/\/www.lactissima.com\/a-tire-d-ailes\/?p=1508\">Allaiter et travailler : le t\u00e9moignage de Sophie<\/a><\/li>\n<li style=\"text-align: justify;\"><a href=\"https:\/\/www.lactissima.com\/a-tire-d-ailes\/?p=1443\">Allaiter et travailler : le t\u00e9moignage de Sandrine<\/a><\/li>\n<li style=\"text-align: justify;\"><a href=\"https:\/\/www.lactissima.com\/a-tire-d-ailes\/?p=1420\">Allaiter et travailler : le t\u00e9moignage d&rsquo;Agn\u00e8s<\/a><\/li>\n<li style=\"text-align: justify;\"><a href=\"https:\/\/www.lactissima.com\/a-tire-d-ailes\/?p=1333\">Allaiter et travailler : le t\u00e9moignage d&rsquo;une lectrice<\/a><\/li>\n<li style=\"text-align: justify;\"><a href=\"https:\/\/www.lactissima.com\/a-tire-d-ailes\/?p=1169\">Allaiter et travailler : le t\u00e9moignage de Karine<\/a><\/li>\n<li style=\"text-align: justify;\"><a href=\"https:\/\/www.lactissima.com\/a-tire-d-ailes\/?p=1011\">Allaiter et travailler : le t\u00e9moignage de Sylvie<\/a><\/li>\n<li style=\"text-align: justify;\"><a href=\"https:\/\/www.lactissima.com\/a-tire-d-ailes\/?p=903\">Allaiter et travailler : le t\u00e9moignage de Marianne<\/a><\/li>\n<li style=\"text-align: justify;\"><a href=\"https:\/\/www.lactissima.com\/a-tire-d-ailes\/?p=885\">Allaiter et travailler : le t\u00e9moignage de Sabine<\/a><\/li>\n<li style=\"text-align: justify;\"><a href=\"https:\/\/www.lactissima.com\/a-tire-d-ailes\/?p=873\">Allaiter et travailler : le t\u00e9moignage de C\u00e9cile<\/a><\/li>\n<li style=\"text-align: justify;\"><a href=\"https:\/\/www.lactissima.com\/a-tire-d-ailes\/?p=782\">Allaiter et travailler : le t\u00e9moignage de Sophie<\/a><\/li>\n<li style=\"text-align: justify;\"><a href=\"https:\/\/www.lactissima.com\/a-tire-d-ailes\/?p=778\">Allaiter et travailler : le t\u00e9moignage d&rsquo;Alexia<\/a><\/li>\n<li style=\"text-align: justify;\"><a href=\"https:\/\/www.lactissima.com\/a-tire-d-ailes\/?p=730\">Allaiter et travailler : le t\u00e9moignage de Sibylle<\/a><\/li>\n<li style=\"text-align: justify;\"><a href=\"https:\/\/www.lactissima.com\/a-tire-d-ailes\/?p=715\">Allaiter et travailler : le t\u00e9moignage de Clara<\/a><\/li>\n<li style=\"text-align: justify;\"><a href=\"https:\/\/www.lactissima.com\/a-tire-d-ailes\/?p=648\">Allaiter et travailler : le t\u00e9moignage de Florence<\/a><\/li>\n<li style=\"text-align: justify;\"><a href=\"https:\/\/www.lactissima.com\/a-tire-d-ailes\/?p=735\">Allaiter et travailler : le t\u00e9moignage de Virginie<\/a><\/li>\n<li style=\"text-align: justify;\"><a href=\"https:\/\/www.lactissima.com\/a-tire-d-ailes\/?p=771\">Allaiter et travailler : le t\u00e9moignage de B\u00e9atrice<\/a><\/li>\n<\/ul>\n<p>&nbsp;<\/p>\n","protected":false},"excerpt":{"rendered":"<p>Pour moi il \u00e9tait \u00e9vident qu&rsquo;il fallait que je fasse en sorte de pouvoir allaiter mon enfant de mani\u00e8re exclusive jusqu&rsquo;\u00e0 au moins ses 6 mois. Et quand je dis exclusive c&rsquo;est aussi avec l&rsquo;id\u00e9e de \u00c2\u00ab l&rsquo;open-bar \u00c2\u00bb, impliquant que mon enfant soit toujours avec moi. C&rsquo;\u00e9tait pour moi important de savoir que je donnais \u00e0 ma fille la nourriture la mieux adapt\u00e9e.<\/p>\n","protected":false},"author":170,"featured_media":4505,"comment_status":"open","ping_status":"open","sticky":false,"template":"","format":"standard","meta":{"_et_pb_use_builder":"","_et_pb_old_content":"","_et_gb_content_width":"","footnotes":""},"categories":[36,150],"tags":[262,264,263],"class_list":["post-1888","post","type-post","status-publish","format-standard","has-post-thumbnail","hentry","category-allaitement-et-travail","category-temoignages","tag-employeur","tag-lait-tire","tag-travailler-avec-son-bebe"],"yoast_head":"<!-- This site is optimized with the Yoast SEO plugin v27.4 - https:\/\/yoast.com\/product\/yoast-seo-wordpress\/ -->\n<title>Allaiter et travailler : le t\u00e9moignage de Vanessa<\/title>\n<meta name=\"description\" content=\"Pour moi il \u00e9tait \u00e9vident qu&#039;il fallait que je fasse en sorte de pouvoir allaiter mon enfant de mani\u00e8re exclusive jusqu&#039;\u00e0 au moins ses 6 mois. Et quand je dis exclusive c&#039;est aussi avec l&#039;id\u00e9e de \u00c2\u00ab l&#039;open-bar \u00c2\u00bb, impliquant que mon enfant soit toujours avec moi. C&#039;\u00e9tait pour moi important de savoir que je donnais \u00e0 ma fille la nourriture la mieux adapt\u00e9e.\" \/>\n<meta name=\"robots\" content=\"index, follow, max-snippet:-1, max-image-preview:large, max-video-preview:-1\" \/>\n<link rel=\"canonical\" href=\"https:\/\/www.lactissima.com\/a-tire-d-ailes\/allaiter-et-travailler-le-temoignage-de-vanessa\/\" \/>\n<meta property=\"og:locale\" content=\"fr_FR\" \/>\n<meta property=\"og:type\" content=\"article\" \/>\n<meta property=\"og:title\" content=\"Allaiter et travailler : le t\u00e9moignage de Vanessa\" \/>\n<meta property=\"og:description\" content=\"Pour moi il \u00e9tait \u00e9vident qu&#039;il fallait que je fasse en sorte de pouvoir allaiter mon enfant de mani\u00e8re exclusive jusqu&#039;\u00e0 au moins ses 6 mois. Et quand je dis exclusive c&#039;est aussi avec l&#039;id\u00e9e de \u00c2\u00ab l&#039;open-bar \u00c2\u00bb, impliquant que mon enfant soit toujours avec moi. C&#039;\u00e9tait pour moi important de savoir que je donnais \u00e0 ma fille la nourriture la mieux adapt\u00e9e.\" \/>\n<meta property=\"og:url\" content=\"https:\/\/www.lactissima.com\/a-tire-d-ailes\/allaiter-et-travailler-le-temoignage-de-vanessa\/\" \/>\n<meta property=\"og:site_name\" content=\"A tire d&#039;Ailes\" \/>\n<meta property=\"article:publisher\" content=\"https:\/\/www.facebook.com\/consultante.en.lactation\" \/>\n<meta property=\"article:author\" content=\"www.facebook.com\/consultante.en.lactation\" \/>\n<meta property=\"article:published_time\" content=\"2010-12-18T17:28:46+00:00\" \/>\n<meta property=\"article:modified_time\" content=\"2014-03-15T14:56:23+00:00\" \/>\n<meta property=\"og:image\" content=\"https:\/\/www.lactissima.com\/a-tire-d-ailes\/wp-content\/uploads\/2010\/12\/Van_Emma.jpeg\" \/>\n\t<meta property=\"og:image:width\" content=\"288\" \/>\n\t<meta property=\"og:image:height\" content=\"317\" \/>\n\t<meta property=\"og:image:type\" content=\"image\/jpeg\" \/>\n<meta name=\"author\" content=\"V\u00e9ronique Darmangeat\" \/>\n<meta name=\"twitter:card\" content=\"summary_large_image\" \/>\n<meta name=\"twitter:creator\" content=\"@VeroniqueIBCLC\" \/>\n<meta name=\"twitter:site\" content=\"@VeroniqueIBCLC\" \/>\n<meta name=\"twitter:label1\" content=\"\u00c9crit par\" \/>\n\t<meta name=\"twitter:data1\" content=\"V\u00e9ronique Darmangeat\" \/>\n\t<meta name=\"twitter:label2\" content=\"Dur\u00e9e de lecture estim\u00e9e\" \/>\n\t<meta name=\"twitter:data2\" content=\"7 minutes\" \/>\n<script type=\"application\/ld+json\" class=\"yoast-schema-graph\">{\"@context\":\"https:\\\/\\\/schema.org\",\"@graph\":[{\"@type\":\"Article\",\"@id\":\"https:\\\/\\\/www.lactissima.com\\\/a-tire-d-ailes\\\/allaiter-et-travailler-le-temoignage-de-vanessa\\\/#article\",\"isPartOf\":{\"@id\":\"https:\\\/\\\/www.lactissima.com\\\/a-tire-d-ailes\\\/allaiter-et-travailler-le-temoignage-de-vanessa\\\/\"},\"author\":{\"name\":\"V\u00e9ronique Darmangeat\",\"@id\":\"https:\\\/\\\/www.lactissima.com\\\/a-tire-d-ailes\\\/#\\\/schema\\\/person\\\/8f98d3a89530861bc1240e6d53d44eed\"},\"headline\":\"Allaiter et travailler : le t\u00e9moignage de Vanessa\",\"datePublished\":\"2010-12-18T17:28:46+00:00\",\"dateModified\":\"2014-03-15T14:56:23+00:00\",\"mainEntityOfPage\":{\"@id\":\"https:\\\/\\\/www.lactissima.com\\\/a-tire-d-ailes\\\/allaiter-et-travailler-le-temoignage-de-vanessa\\\/\"},\"wordCount\":1499,\"commentCount\":0,\"image\":{\"@id\":\"https:\\\/\\\/www.lactissima.com\\\/a-tire-d-ailes\\\/allaiter-et-travailler-le-temoignage-de-vanessa\\\/#primaryimage\"},\"thumbnailUrl\":\"https:\\\/\\\/www.lactissima.com\\\/a-tire-d-ailes\\\/wp-content\\\/uploads\\\/2010\\\/12\\\/Van_Emma.jpeg\",\"keywords\":[\"employeur\",\"lait tir\u00e9\",\"travailler avec son b\u00e9b\u00e9\"],\"articleSection\":[\"Allaitement et Travail\",\"t\u00e9moignages\"],\"inLanguage\":\"fr-FR\",\"potentialAction\":[{\"@type\":\"CommentAction\",\"name\":\"Comment\",\"target\":[\"https:\\\/\\\/www.lactissima.com\\\/a-tire-d-ailes\\\/allaiter-et-travailler-le-temoignage-de-vanessa\\\/#respond\"]}]},{\"@type\":\"WebPage\",\"@id\":\"https:\\\/\\\/www.lactissima.com\\\/a-tire-d-ailes\\\/allaiter-et-travailler-le-temoignage-de-vanessa\\\/\",\"url\":\"https:\\\/\\\/www.lactissima.com\\\/a-tire-d-ailes\\\/allaiter-et-travailler-le-temoignage-de-vanessa\\\/\",\"name\":\"Allaiter et travailler : le t\u00e9moignage de Vanessa\",\"isPartOf\":{\"@id\":\"https:\\\/\\\/www.lactissima.com\\\/a-tire-d-ailes\\\/#website\"},\"primaryImageOfPage\":{\"@id\":\"https:\\\/\\\/www.lactissima.com\\\/a-tire-d-ailes\\\/allaiter-et-travailler-le-temoignage-de-vanessa\\\/#primaryimage\"},\"image\":{\"@id\":\"https:\\\/\\\/www.lactissima.com\\\/a-tire-d-ailes\\\/allaiter-et-travailler-le-temoignage-de-vanessa\\\/#primaryimage\"},\"thumbnailUrl\":\"https:\\\/\\\/www.lactissima.com\\\/a-tire-d-ailes\\\/wp-content\\\/uploads\\\/2010\\\/12\\\/Van_Emma.jpeg\",\"datePublished\":\"2010-12-18T17:28:46+00:00\",\"dateModified\":\"2014-03-15T14:56:23+00:00\",\"author\":{\"@id\":\"https:\\\/\\\/www.lactissima.com\\\/a-tire-d-ailes\\\/#\\\/schema\\\/person\\\/8f98d3a89530861bc1240e6d53d44eed\"},\"description\":\"Pour moi il \u00e9tait \u00e9vident qu'il fallait que je fasse en sorte de pouvoir allaiter mon enfant de mani\u00e8re exclusive jusqu'\u00e0 au moins ses 6 mois. Et quand je dis exclusive c'est aussi avec l'id\u00e9e de \u00c2\u00ab l'open-bar \u00c2\u00bb, impliquant que mon enfant soit toujours avec moi. C'\u00e9tait pour moi important de savoir que je donnais \u00e0 ma fille la nourriture la mieux adapt\u00e9e.\",\"breadcrumb\":{\"@id\":\"https:\\\/\\\/www.lactissima.com\\\/a-tire-d-ailes\\\/allaiter-et-travailler-le-temoignage-de-vanessa\\\/#breadcrumb\"},\"inLanguage\":\"fr-FR\",\"potentialAction\":[{\"@type\":\"ReadAction\",\"target\":[\"https:\\\/\\\/www.lactissima.com\\\/a-tire-d-ailes\\\/allaiter-et-travailler-le-temoignage-de-vanessa\\\/\"]}]},{\"@type\":\"ImageObject\",\"inLanguage\":\"fr-FR\",\"@id\":\"https:\\\/\\\/www.lactissima.com\\\/a-tire-d-ailes\\\/allaiter-et-travailler-le-temoignage-de-vanessa\\\/#primaryimage\",\"url\":\"https:\\\/\\\/www.lactissima.com\\\/a-tire-d-ailes\\\/wp-content\\\/uploads\\\/2010\\\/12\\\/Van_Emma.jpeg\",\"contentUrl\":\"https:\\\/\\\/www.lactissima.com\\\/a-tire-d-ailes\\\/wp-content\\\/uploads\\\/2010\\\/12\\\/Van_Emma.jpeg\",\"width\":288,\"height\":317,\"caption\":\"allaitement et travail\"},{\"@type\":\"BreadcrumbList\",\"@id\":\"https:\\\/\\\/www.lactissima.com\\\/a-tire-d-ailes\\\/allaiter-et-travailler-le-temoignage-de-vanessa\\\/#breadcrumb\",\"itemListElement\":[{\"@type\":\"ListItem\",\"position\":1,\"name\":\"Accueil\",\"item\":\"https:\\\/\\\/www.lactissima.com\\\/a-tire-d-ailes\\\/\"},{\"@type\":\"ListItem\",\"position\":2,\"name\":\"Allaiter et travailler : le t\u00e9moignage de Vanessa\"}]},{\"@type\":\"WebSite\",\"@id\":\"https:\\\/\\\/www.lactissima.com\\\/a-tire-d-ailes\\\/#website\",\"url\":\"https:\\\/\\\/www.lactissima.com\\\/a-tire-d-ailes\\\/\",\"name\":\"A tire d&#039;Ailes\",\"description\":\"Le blog des femmes qui allaitent et travaillent.\",\"potentialAction\":[{\"@type\":\"SearchAction\",\"target\":{\"@type\":\"EntryPoint\",\"urlTemplate\":\"https:\\\/\\\/www.lactissima.com\\\/a-tire-d-ailes\\\/?s={search_term_string}\"},\"query-input\":{\"@type\":\"PropertyValueSpecification\",\"valueRequired\":true,\"valueName\":\"search_term_string\"}}],\"inLanguage\":\"fr-FR\"},{\"@type\":\"Person\",\"@id\":\"https:\\\/\\\/www.lactissima.com\\\/a-tire-d-ailes\\\/#\\\/schema\\\/person\\\/8f98d3a89530861bc1240e6d53d44eed\",\"name\":\"V\u00e9ronique Darmangeat\",\"image\":{\"@type\":\"ImageObject\",\"inLanguage\":\"fr-FR\",\"@id\":\"https:\\\/\\\/secure.gravatar.com\\\/avatar\\\/268c99344c89cebfe4f5df5fa8be43068a18884fc76a29f3206fae98465b9cab?s=96&d=identicon&r=g\",\"url\":\"https:\\\/\\\/secure.gravatar.com\\\/avatar\\\/268c99344c89cebfe4f5df5fa8be43068a18884fc76a29f3206fae98465b9cab?s=96&d=identicon&r=g\",\"contentUrl\":\"https:\\\/\\\/secure.gravatar.com\\\/avatar\\\/268c99344c89cebfe4f5df5fa8be43068a18884fc76a29f3206fae98465b9cab?s=96&d=identicon&r=g\",\"caption\":\"V\u00e9ronique Darmangeat\"},\"sameAs\":[\"https:\\\/\\\/www.lactissima.com\\\/a-tire-d-ailes\",\"www.facebook.com\\\/consultante.en.lactation\"]}]}<\/script>\n<!-- \/ Yoast SEO plugin. -->","yoast_head_json":{"title":"Allaiter et travailler : le t\u00e9moignage de Vanessa","description":"Pour moi il \u00e9tait \u00e9vident qu'il fallait que je fasse en sorte de pouvoir allaiter mon enfant de mani\u00e8re exclusive jusqu'\u00e0 au moins ses 6 mois. Et quand je dis exclusive c'est aussi avec l'id\u00e9e de \u00c2\u00ab l'open-bar \u00c2\u00bb, impliquant que mon enfant soit toujours avec moi. C'\u00e9tait pour moi important de savoir que je donnais \u00e0 ma fille la nourriture la mieux adapt\u00e9e.","robots":{"index":"index","follow":"follow","max-snippet":"max-snippet:-1","max-image-preview":"max-image-preview:large","max-video-preview":"max-video-preview:-1"},"canonical":"https:\/\/www.lactissima.com\/a-tire-d-ailes\/allaiter-et-travailler-le-temoignage-de-vanessa\/","og_locale":"fr_FR","og_type":"article","og_title":"Allaiter et travailler : le t\u00e9moignage de Vanessa","og_description":"Pour moi il \u00e9tait \u00e9vident qu'il fallait que je fasse en sorte de pouvoir allaiter mon enfant de mani\u00e8re exclusive jusqu'\u00e0 au moins ses 6 mois. Et quand je dis exclusive c'est aussi avec l'id\u00e9e de \u00c2\u00ab l'open-bar \u00c2\u00bb, impliquant que mon enfant soit toujours avec moi. C'\u00e9tait pour moi important de savoir que je donnais \u00e0 ma fille la nourriture la mieux adapt\u00e9e.","og_url":"https:\/\/www.lactissima.com\/a-tire-d-ailes\/allaiter-et-travailler-le-temoignage-de-vanessa\/","og_site_name":"A tire d&#039;Ailes","article_publisher":"https:\/\/www.facebook.com\/consultante.en.lactation","article_author":"www.facebook.com\/consultante.en.lactation","article_published_time":"2010-12-18T17:28:46+00:00","article_modified_time":"2014-03-15T14:56:23+00:00","og_image":[{"width":288,"height":317,"url":"https:\/\/www.lactissima.com\/a-tire-d-ailes\/wp-content\/uploads\/2010\/12\/Van_Emma.jpeg","type":"image\/jpeg"}],"author":"V\u00e9ronique Darmangeat","twitter_card":"summary_large_image","twitter_creator":"@VeroniqueIBCLC","twitter_site":"@VeroniqueIBCLC","twitter_misc":{"\u00c9crit par":"V\u00e9ronique Darmangeat","Dur\u00e9e de lecture estim\u00e9e":"7 minutes"},"schema":{"@context":"https:\/\/schema.org","@graph":[{"@type":"Article","@id":"https:\/\/www.lactissima.com\/a-tire-d-ailes\/allaiter-et-travailler-le-temoignage-de-vanessa\/#article","isPartOf":{"@id":"https:\/\/www.lactissima.com\/a-tire-d-ailes\/allaiter-et-travailler-le-temoignage-de-vanessa\/"},"author":{"name":"V\u00e9ronique Darmangeat","@id":"https:\/\/www.lactissima.com\/a-tire-d-ailes\/#\/schema\/person\/8f98d3a89530861bc1240e6d53d44eed"},"headline":"Allaiter et travailler : le t\u00e9moignage de Vanessa","datePublished":"2010-12-18T17:28:46+00:00","dateModified":"2014-03-15T14:56:23+00:00","mainEntityOfPage":{"@id":"https:\/\/www.lactissima.com\/a-tire-d-ailes\/allaiter-et-travailler-le-temoignage-de-vanessa\/"},"wordCount":1499,"commentCount":0,"image":{"@id":"https:\/\/www.lactissima.com\/a-tire-d-ailes\/allaiter-et-travailler-le-temoignage-de-vanessa\/#primaryimage"},"thumbnailUrl":"https:\/\/www.lactissima.com\/a-tire-d-ailes\/wp-content\/uploads\/2010\/12\/Van_Emma.jpeg","keywords":["employeur","lait tir\u00e9","travailler avec son b\u00e9b\u00e9"],"articleSection":["Allaitement et Travail","t\u00e9moignages"],"inLanguage":"fr-FR","potentialAction":[{"@type":"CommentAction","name":"Comment","target":["https:\/\/www.lactissima.com\/a-tire-d-ailes\/allaiter-et-travailler-le-temoignage-de-vanessa\/#respond"]}]},{"@type":"WebPage","@id":"https:\/\/www.lactissima.com\/a-tire-d-ailes\/allaiter-et-travailler-le-temoignage-de-vanessa\/","url":"https:\/\/www.lactissima.com\/a-tire-d-ailes\/allaiter-et-travailler-le-temoignage-de-vanessa\/","name":"Allaiter et travailler : le t\u00e9moignage de Vanessa","isPartOf":{"@id":"https:\/\/www.lactissima.com\/a-tire-d-ailes\/#website"},"primaryImageOfPage":{"@id":"https:\/\/www.lactissima.com\/a-tire-d-ailes\/allaiter-et-travailler-le-temoignage-de-vanessa\/#primaryimage"},"image":{"@id":"https:\/\/www.lactissima.com\/a-tire-d-ailes\/allaiter-et-travailler-le-temoignage-de-vanessa\/#primaryimage"},"thumbnailUrl":"https:\/\/www.lactissima.com\/a-tire-d-ailes\/wp-content\/uploads\/2010\/12\/Van_Emma.jpeg","datePublished":"2010-12-18T17:28:46+00:00","dateModified":"2014-03-15T14:56:23+00:00","author":{"@id":"https:\/\/www.lactissima.com\/a-tire-d-ailes\/#\/schema\/person\/8f98d3a89530861bc1240e6d53d44eed"},"description":"Pour moi il \u00e9tait \u00e9vident qu'il fallait que je fasse en sorte de pouvoir allaiter mon enfant de mani\u00e8re exclusive jusqu'\u00e0 au moins ses 6 mois. Et quand je dis exclusive c'est aussi avec l'id\u00e9e de \u00c2\u00ab l'open-bar \u00c2\u00bb, impliquant que mon enfant soit toujours avec moi. C'\u00e9tait pour moi important de savoir que je donnais \u00e0 ma fille la nourriture la mieux adapt\u00e9e.","breadcrumb":{"@id":"https:\/\/www.lactissima.com\/a-tire-d-ailes\/allaiter-et-travailler-le-temoignage-de-vanessa\/#breadcrumb"},"inLanguage":"fr-FR","potentialAction":[{"@type":"ReadAction","target":["https:\/\/www.lactissima.com\/a-tire-d-ailes\/allaiter-et-travailler-le-temoignage-de-vanessa\/"]}]},{"@type":"ImageObject","inLanguage":"fr-FR","@id":"https:\/\/www.lactissima.com\/a-tire-d-ailes\/allaiter-et-travailler-le-temoignage-de-vanessa\/#primaryimage","url":"https:\/\/www.lactissima.com\/a-tire-d-ailes\/wp-content\/uploads\/2010\/12\/Van_Emma.jpeg","contentUrl":"https:\/\/www.lactissima.com\/a-tire-d-ailes\/wp-content\/uploads\/2010\/12\/Van_Emma.jpeg","width":288,"height":317,"caption":"allaitement et travail"},{"@type":"BreadcrumbList","@id":"https:\/\/www.lactissima.com\/a-tire-d-ailes\/allaiter-et-travailler-le-temoignage-de-vanessa\/#breadcrumb","itemListElement":[{"@type":"ListItem","position":1,"name":"Accueil","item":"https:\/\/www.lactissima.com\/a-tire-d-ailes\/"},{"@type":"ListItem","position":2,"name":"Allaiter et travailler : le t\u00e9moignage de Vanessa"}]},{"@type":"WebSite","@id":"https:\/\/www.lactissima.com\/a-tire-d-ailes\/#website","url":"https:\/\/www.lactissima.com\/a-tire-d-ailes\/","name":"A tire d&#039;Ailes","description":"Le blog des femmes qui allaitent et travaillent.","potentialAction":[{"@type":"SearchAction","target":{"@type":"EntryPoint","urlTemplate":"https:\/\/www.lactissima.com\/a-tire-d-ailes\/?s={search_term_string}"},"query-input":{"@type":"PropertyValueSpecification","valueRequired":true,"valueName":"search_term_string"}}],"inLanguage":"fr-FR"},{"@type":"Person","@id":"https:\/\/www.lactissima.com\/a-tire-d-ailes\/#\/schema\/person\/8f98d3a89530861bc1240e6d53d44eed","name":"V\u00e9ronique Darmangeat","image":{"@type":"ImageObject","inLanguage":"fr-FR","@id":"https:\/\/secure.gravatar.com\/avatar\/268c99344c89cebfe4f5df5fa8be43068a18884fc76a29f3206fae98465b9cab?s=96&d=identicon&r=g","url":"https:\/\/secure.gravatar.com\/avatar\/268c99344c89cebfe4f5df5fa8be43068a18884fc76a29f3206fae98465b9cab?s=96&d=identicon&r=g","contentUrl":"https:\/\/secure.gravatar.com\/avatar\/268c99344c89cebfe4f5df5fa8be43068a18884fc76a29f3206fae98465b9cab?s=96&d=identicon&r=g","caption":"V\u00e9ronique Darmangeat"},"sameAs":["https:\/\/www.lactissima.com\/a-tire-d-ailes","www.facebook.com\/consultante.en.lactation"]}]}},"_links":{"self":[{"href":"https:\/\/www.lactissima.com\/a-tire-d-ailes\/wp-json\/wp\/v2\/posts\/1888","targetHints":{"allow":["GET"]}}],"collection":[{"href":"https:\/\/www.lactissima.com\/a-tire-d-ailes\/wp-json\/wp\/v2\/posts"}],"about":[{"href":"https:\/\/www.lactissima.com\/a-tire-d-ailes\/wp-json\/wp\/v2\/types\/post"}],"author":[{"embeddable":true,"href":"https:\/\/www.lactissima.com\/a-tire-d-ailes\/wp-json\/wp\/v2\/users\/170"}],"replies":[{"embeddable":true,"href":"https:\/\/www.lactissima.com\/a-tire-d-ailes\/wp-json\/wp\/v2\/comments?post=1888"}],"version-history":[{"count":9,"href":"https:\/\/www.lactissima.com\/a-tire-d-ailes\/wp-json\/wp\/v2\/posts\/1888\/revisions"}],"predecessor-version":[{"id":5414,"href":"https:\/\/www.lactissima.com\/a-tire-d-ailes\/wp-json\/wp\/v2\/posts\/1888\/revisions\/5414"}],"wp:featuredmedia":[{"embeddable":true,"href":"https:\/\/www.lactissima.com\/a-tire-d-ailes\/wp-json\/wp\/v2\/media\/4505"}],"wp:attachment":[{"href":"https:\/\/www.lactissima.com\/a-tire-d-ailes\/wp-json\/wp\/v2\/media?parent=1888"}],"wp:term":[{"taxonomy":"category","embeddable":true,"href":"https:\/\/www.lactissima.com\/a-tire-d-ailes\/wp-json\/wp\/v2\/categories?post=1888"},{"taxonomy":"post_tag","embeddable":true,"href":"https:\/\/www.lactissima.com\/a-tire-d-ailes\/wp-json\/wp\/v2\/tags?post=1888"}],"curies":[{"name":"wp","href":"https:\/\/api.w.org\/{rel}","templated":true}]}}