{"id":1858,"date":"2010-12-09T14:27:25","date_gmt":"2010-12-09T12:27:25","guid":{"rendered":"https:\/\/www.lactissima.com\/a-tire-d-ailes\/?p=1858"},"modified":"2014-03-15T16:56:45","modified_gmt":"2014-03-15T14:56:45","slug":"les-maternelles-du-9-decembre-2010","status":"publish","type":"post","link":"https:\/\/www.lactissima.com\/a-tire-d-ailes\/les-maternelles-du-9-decembre-2010\/","title":{"rendered":"Les Maternelles du 9 d\u00e9cembre 2010"},"content":{"rendered":"<p style=\"text-align: justify;\">Comme promis, voici le lien sur lequel vous pourrez voir l&rsquo;\u00e9mission des <strong>Maternelles<\/strong> consacr\u00e9e \u00e0 <strong>l&rsquo;allaitement<\/strong> \u00e0 la reprise du <strong>travail<\/strong>.<\/p>\n<p style=\"text-align: justify;\">Vous pouvez la voir sur le site d&rsquo;Allaiteraparis <em>(version Windows Media)<\/em> :  <a href=\"http:\/\/allaiteraparis.fr\/Les_Maternelles_09-12-2010_Film.wmv\" target=\"_blank\">J&rsquo;ai un probl\u00e8me : je retravaille et je veux continuer \u00e0 allaiter<\/a><\/p>\n<p style=\"text-align: justify;\">Vous pouvez la voir sur le site d&rsquo;Allaiteraparis <em>(version Quick Time)<\/em> : <a href=\"http:\/\/allaiteraparis.fr\/Les_Maternelles_09-12-2010_Film.qt\" target=\"_blank\">J&rsquo;ai un probl\u00e8me : je retravaille et je veux continuer \u00e0 allaiter<\/a><\/p>\n<p style=\"text-align: justify;\">R\u00e9galez-vous !<\/p>\n<p>&nbsp;<\/p>\n","protected":false},"excerpt":{"rendered":"<p>Vous pouvez la voir sur le site de France 5  J&rsquo;ai un probl\u00e8me : je retravaille et je veux continuer \u00e0 allaiter.<\/p>\n","protected":false},"author":170,"featured_media":0,"comment_status":"open","ping_status":"open","sticky":false,"template":"","format":"standard","meta":{"_et_pb_use_builder":"","_et_pb_old_content":"","_et_gb_content_width":"","footnotes":""},"categories":[34,35,36,37,41,42,150,45],"tags":[],"class_list":["post-1858","post","type-post","status-publish","format-standard","hentry","category-actualites","category-allaitement","category-allaitement-et-travail","category-articulation-vie-professionnelle-vie-famille","category-femmes-et-societe","category-legislation","category-temoignages","category-travail-des-femmes"],"yoast_head":"<!-- This site is optimized with the Yoast SEO plugin v27.4 - https:\/\/yoast.com\/product\/yoast-seo-wordpress\/ -->\n<title>Les Maternelles du 9 d\u00e9cembre 2010<\/title>\n<meta name=\"description\" content=\"Vous pouvez la voir sur le site de France 5 J&#039;ai un probl\u00e8me : je retravaille et je veux continuer \u00e0 allaiter.\" \/>\n<meta name=\"robots\" content=\"index, follow, max-snippet:-1, max-image-preview:large, max-video-preview:-1\" \/>\n<link rel=\"canonical\" href=\"https:\/\/www.lactissima.com\/a-tire-d-ailes\/les-maternelles-du-9-decembre-2010\/\" \/>\n<meta property=\"og:locale\" content=\"fr_FR\" \/>\n<meta property=\"og:type\" content=\"article\" \/>\n<meta property=\"og:title\" content=\"Les Maternelles du 9 d\u00e9cembre 2010\" \/>\n<meta property=\"og:description\" content=\"Vous pouvez la voir sur le site de France 5 J&#039;ai un probl\u00e8me : je retravaille et je veux continuer \u00e0 allaiter.\" \/>\n<meta property=\"og:url\" content=\"https:\/\/www.lactissima.com\/a-tire-d-ailes\/les-maternelles-du-9-decembre-2010\/\" \/>\n<meta property=\"og:site_name\" content=\"A tire d&#039;Ailes\" \/>\n<meta property=\"article:publisher\" content=\"https:\/\/www.facebook.com\/consultante.en.lactation\" \/>\n<meta property=\"article:author\" content=\"www.facebook.com\/consultante.en.lactation\" \/>\n<meta property=\"article:published_time\" content=\"2010-12-09T12:27:25+00:00\" \/>\n<meta property=\"article:modified_time\" content=\"2014-03-15T14:56:45+00:00\" \/>\n<meta name=\"author\" content=\"V\u00e9ronique Darmangeat\" \/>\n<meta name=\"twitter:card\" content=\"summary_large_image\" \/>\n<meta name=\"twitter:creator\" content=\"@VeroniqueIBCLC\" \/>\n<meta name=\"twitter:site\" content=\"@VeroniqueIBCLC\" \/>\n<meta name=\"twitter:label1\" content=\"\u00c9crit par\" \/>\n\t<meta name=\"twitter:data1\" content=\"V\u00e9ronique Darmangeat\" \/>\n<script type=\"application\/ld+json\" class=\"yoast-schema-graph\">{\"@context\":\"https:\\\/\\\/schema.org\",\"@graph\":[{\"@type\":\"Article\",\"@id\":\"https:\\\/\\\/www.lactissima.com\\\/a-tire-d-ailes\\\/les-maternelles-du-9-decembre-2010\\\/#article\",\"isPartOf\":{\"@id\":\"https:\\\/\\\/www.lactissima.com\\\/a-tire-d-ailes\\\/les-maternelles-du-9-decembre-2010\\\/\"},\"author\":{\"name\":\"V\u00e9ronique Darmangeat\",\"@id\":\"https:\\\/\\\/www.lactissima.com\\\/a-tire-d-ailes\\\/#\\\/schema\\\/person\\\/8f98d3a89530861bc1240e6d53d44eed\"},\"headline\":\"Les Maternelles du 9 d\u00e9cembre 2010\",\"datePublished\":\"2010-12-09T12:27:25+00:00\",\"dateModified\":\"2014-03-15T14:56:45+00:00\",\"mainEntityOfPage\":{\"@id\":\"https:\\\/\\\/www.lactissima.com\\\/a-tire-d-ailes\\\/les-maternelles-du-9-decembre-2010\\\/\"},\"wordCount\":78,\"commentCount\":12,\"articleSection\":[\"Actualit\u00e9s\",\"Allaitement\",\"Allaitement et Travail\",\"Articulation Vie Professionnelle Vie Famille\",\"Femmes et Soci\u00e9t\u00e9\",\"L\u00e9gislation\",\"t\u00e9moignages\",\"Travail des femmes\"],\"inLanguage\":\"fr-FR\",\"potentialAction\":[{\"@type\":\"CommentAction\",\"name\":\"Comment\",\"target\":[\"https:\\\/\\\/www.lactissima.com\\\/a-tire-d-ailes\\\/les-maternelles-du-9-decembre-2010\\\/#respond\"]}]},{\"@type\":\"WebPage\",\"@id\":\"https:\\\/\\\/www.lactissima.com\\\/a-tire-d-ailes\\\/les-maternelles-du-9-decembre-2010\\\/\",\"url\":\"https:\\\/\\\/www.lactissima.com\\\/a-tire-d-ailes\\\/les-maternelles-du-9-decembre-2010\\\/\",\"name\":\"Les Maternelles du 9 d\u00e9cembre 2010\",\"isPartOf\":{\"@id\":\"https:\\\/\\\/www.lactissima.com\\\/a-tire-d-ailes\\\/#website\"},\"datePublished\":\"2010-12-09T12:27:25+00:00\",\"dateModified\":\"2014-03-15T14:56:45+00:00\",\"author\":{\"@id\":\"https:\\\/\\\/www.lactissima.com\\\/a-tire-d-ailes\\\/#\\\/schema\\\/person\\\/8f98d3a89530861bc1240e6d53d44eed\"},\"description\":\"Vous pouvez la voir sur le site de France 5 J'ai un probl\u00e8me : je retravaille et je veux continuer \u00e0 allaiter.\",\"breadcrumb\":{\"@id\":\"https:\\\/\\\/www.lactissima.com\\\/a-tire-d-ailes\\\/les-maternelles-du-9-decembre-2010\\\/#breadcrumb\"},\"inLanguage\":\"fr-FR\",\"potentialAction\":[{\"@type\":\"ReadAction\",\"target\":[\"https:\\\/\\\/www.lactissima.com\\\/a-tire-d-ailes\\\/les-maternelles-du-9-decembre-2010\\\/\"]}]},{\"@type\":\"BreadcrumbList\",\"@id\":\"https:\\\/\\\/www.lactissima.com\\\/a-tire-d-ailes\\\/les-maternelles-du-9-decembre-2010\\\/#breadcrumb\",\"itemListElement\":[{\"@type\":\"ListItem\",\"position\":1,\"name\":\"Accueil\",\"item\":\"https:\\\/\\\/www.lactissima.com\\\/a-tire-d-ailes\\\/\"},{\"@type\":\"ListItem\",\"position\":2,\"name\":\"Les Maternelles du 9 d\u00e9cembre 2010\"}]},{\"@type\":\"WebSite\",\"@id\":\"https:\\\/\\\/www.lactissima.com\\\/a-tire-d-ailes\\\/#website\",\"url\":\"https:\\\/\\\/www.lactissima.com\\\/a-tire-d-ailes\\\/\",\"name\":\"A tire d&#039;Ailes\",\"description\":\"Le blog des femmes qui allaitent et travaillent.\",\"potentialAction\":[{\"@type\":\"SearchAction\",\"target\":{\"@type\":\"EntryPoint\",\"urlTemplate\":\"https:\\\/\\\/www.lactissima.com\\\/a-tire-d-ailes\\\/?s={search_term_string}\"},\"query-input\":{\"@type\":\"PropertyValueSpecification\",\"valueRequired\":true,\"valueName\":\"search_term_string\"}}],\"inLanguage\":\"fr-FR\"},{\"@type\":\"Person\",\"@id\":\"https:\\\/\\\/www.lactissima.com\\\/a-tire-d-ailes\\\/#\\\/schema\\\/person\\\/8f98d3a89530861bc1240e6d53d44eed\",\"name\":\"V\u00e9ronique Darmangeat\",\"image\":{\"@type\":\"ImageObject\",\"inLanguage\":\"fr-FR\",\"@id\":\"https:\\\/\\\/secure.gravatar.com\\\/avatar\\\/268c99344c89cebfe4f5df5fa8be43068a18884fc76a29f3206fae98465b9cab?s=96&d=identicon&r=g\",\"url\":\"https:\\\/\\\/secure.gravatar.com\\\/avatar\\\/268c99344c89cebfe4f5df5fa8be43068a18884fc76a29f3206fae98465b9cab?s=96&d=identicon&r=g\",\"contentUrl\":\"https:\\\/\\\/secure.gravatar.com\\\/avatar\\\/268c99344c89cebfe4f5df5fa8be43068a18884fc76a29f3206fae98465b9cab?s=96&d=identicon&r=g\",\"caption\":\"V\u00e9ronique Darmangeat\"},\"sameAs\":[\"https:\\\/\\\/www.lactissima.com\\\/a-tire-d-ailes\",\"www.facebook.com\\\/consultante.en.lactation\"]}]}<\/script>\n<!-- \/ Yoast SEO plugin. -->","yoast_head_json":{"title":"Les Maternelles du 9 d\u00e9cembre 2010","description":"Vous pouvez la voir sur le site de France 5 J'ai un probl\u00e8me : je retravaille et je veux continuer \u00e0 allaiter.","robots":{"index":"index","follow":"follow","max-snippet":"max-snippet:-1","max-image-preview":"max-image-preview:large","max-video-preview":"max-video-preview:-1"},"canonical":"https:\/\/www.lactissima.com\/a-tire-d-ailes\/les-maternelles-du-9-decembre-2010\/","og_locale":"fr_FR","og_type":"article","og_title":"Les Maternelles du 9 d\u00e9cembre 2010","og_description":"Vous pouvez la voir sur le site de France 5 J'ai un probl\u00e8me : je retravaille et je veux continuer \u00e0 allaiter.","og_url":"https:\/\/www.lactissima.com\/a-tire-d-ailes\/les-maternelles-du-9-decembre-2010\/","og_site_name":"A tire d&#039;Ailes","article_publisher":"https:\/\/www.facebook.com\/consultante.en.lactation","article_author":"www.facebook.com\/consultante.en.lactation","article_published_time":"2010-12-09T12:27:25+00:00","article_modified_time":"2014-03-15T14:56:45+00:00","author":"V\u00e9ronique Darmangeat","twitter_card":"summary_large_image","twitter_creator":"@VeroniqueIBCLC","twitter_site":"@VeroniqueIBCLC","twitter_misc":{"\u00c9crit par":"V\u00e9ronique Darmangeat"},"schema":{"@context":"https:\/\/schema.org","@graph":[{"@type":"Article","@id":"https:\/\/www.lactissima.com\/a-tire-d-ailes\/les-maternelles-du-9-decembre-2010\/#article","isPartOf":{"@id":"https:\/\/www.lactissima.com\/a-tire-d-ailes\/les-maternelles-du-9-decembre-2010\/"},"author":{"name":"V\u00e9ronique Darmangeat","@id":"https:\/\/www.lactissima.com\/a-tire-d-ailes\/#\/schema\/person\/8f98d3a89530861bc1240e6d53d44eed"},"headline":"Les Maternelles du 9 d\u00e9cembre 2010","datePublished":"2010-12-09T12:27:25+00:00","dateModified":"2014-03-15T14:56:45+00:00","mainEntityOfPage":{"@id":"https:\/\/www.lactissima.com\/a-tire-d-ailes\/les-maternelles-du-9-decembre-2010\/"},"wordCount":78,"commentCount":12,"articleSection":["Actualit\u00e9s","Allaitement","Allaitement et Travail","Articulation Vie Professionnelle Vie Famille","Femmes et Soci\u00e9t\u00e9","L\u00e9gislation","t\u00e9moignages","Travail des femmes"],"inLanguage":"fr-FR","potentialAction":[{"@type":"CommentAction","name":"Comment","target":["https:\/\/www.lactissima.com\/a-tire-d-ailes\/les-maternelles-du-9-decembre-2010\/#respond"]}]},{"@type":"WebPage","@id":"https:\/\/www.lactissima.com\/a-tire-d-ailes\/les-maternelles-du-9-decembre-2010\/","url":"https:\/\/www.lactissima.com\/a-tire-d-ailes\/les-maternelles-du-9-decembre-2010\/","name":"Les Maternelles du 9 d\u00e9cembre 2010","isPartOf":{"@id":"https:\/\/www.lactissima.com\/a-tire-d-ailes\/#website"},"datePublished":"2010-12-09T12:27:25+00:00","dateModified":"2014-03-15T14:56:45+00:00","author":{"@id":"https:\/\/www.lactissima.com\/a-tire-d-ailes\/#\/schema\/person\/8f98d3a89530861bc1240e6d53d44eed"},"description":"Vous pouvez la voir sur le site de France 5 J'ai un probl\u00e8me : je retravaille et je veux continuer \u00e0 allaiter.","breadcrumb":{"@id":"https:\/\/www.lactissima.com\/a-tire-d-ailes\/les-maternelles-du-9-decembre-2010\/#breadcrumb"},"inLanguage":"fr-FR","potentialAction":[{"@type":"ReadAction","target":["https:\/\/www.lactissima.com\/a-tire-d-ailes\/les-maternelles-du-9-decembre-2010\/"]}]},{"@type":"BreadcrumbList","@id":"https:\/\/www.lactissima.com\/a-tire-d-ailes\/les-maternelles-du-9-decembre-2010\/#breadcrumb","itemListElement":[{"@type":"ListItem","position":1,"name":"Accueil","item":"https:\/\/www.lactissima.com\/a-tire-d-ailes\/"},{"@type":"ListItem","position":2,"name":"Les Maternelles du 9 d\u00e9cembre 2010"}]},{"@type":"WebSite","@id":"https:\/\/www.lactissima.com\/a-tire-d-ailes\/#website","url":"https:\/\/www.lactissima.com\/a-tire-d-ailes\/","name":"A tire d&#039;Ailes","description":"Le blog des femmes qui allaitent et travaillent.","potentialAction":[{"@type":"SearchAction","target":{"@type":"EntryPoint","urlTemplate":"https:\/\/www.lactissima.com\/a-tire-d-ailes\/?s={search_term_string}"},"query-input":{"@type":"PropertyValueSpecification","valueRequired":true,"valueName":"search_term_string"}}],"inLanguage":"fr-FR"},{"@type":"Person","@id":"https:\/\/www.lactissima.com\/a-tire-d-ailes\/#\/schema\/person\/8f98d3a89530861bc1240e6d53d44eed","name":"V\u00e9ronique Darmangeat","image":{"@type":"ImageObject","inLanguage":"fr-FR","@id":"https:\/\/secure.gravatar.com\/avatar\/268c99344c89cebfe4f5df5fa8be43068a18884fc76a29f3206fae98465b9cab?s=96&d=identicon&r=g","url":"https:\/\/secure.gravatar.com\/avatar\/268c99344c89cebfe4f5df5fa8be43068a18884fc76a29f3206fae98465b9cab?s=96&d=identicon&r=g","contentUrl":"https:\/\/secure.gravatar.com\/avatar\/268c99344c89cebfe4f5df5fa8be43068a18884fc76a29f3206fae98465b9cab?s=96&d=identicon&r=g","caption":"V\u00e9ronique Darmangeat"},"sameAs":["https:\/\/www.lactissima.com\/a-tire-d-ailes","www.facebook.com\/consultante.en.lactation"]}]}},"_links":{"self":[{"href":"https:\/\/www.lactissima.com\/a-tire-d-ailes\/wp-json\/wp\/v2\/posts\/1858","targetHints":{"allow":["GET"]}}],"collection":[{"href":"https:\/\/www.lactissima.com\/a-tire-d-ailes\/wp-json\/wp\/v2\/posts"}],"about":[{"href":"https:\/\/www.lactissima.com\/a-tire-d-ailes\/wp-json\/wp\/v2\/types\/post"}],"author":[{"embeddable":true,"href":"https:\/\/www.lactissima.com\/a-tire-d-ailes\/wp-json\/wp\/v2\/users\/170"}],"replies":[{"embeddable":true,"href":"https:\/\/www.lactissima.com\/a-tire-d-ailes\/wp-json\/wp\/v2\/comments?post=1858"}],"version-history":[{"count":22,"href":"https:\/\/www.lactissima.com\/a-tire-d-ailes\/wp-json\/wp\/v2\/posts\/1858\/revisions"}],"predecessor-version":[{"id":5418,"href":"https:\/\/www.lactissima.com\/a-tire-d-ailes\/wp-json\/wp\/v2\/posts\/1858\/revisions\/5418"}],"wp:attachment":[{"href":"https:\/\/www.lactissima.com\/a-tire-d-ailes\/wp-json\/wp\/v2\/media?parent=1858"}],"wp:term":[{"taxonomy":"category","embeddable":true,"href":"https:\/\/www.lactissima.com\/a-tire-d-ailes\/wp-json\/wp\/v2\/categories?post=1858"},{"taxonomy":"post_tag","embeddable":true,"href":"https:\/\/www.lactissima.com\/a-tire-d-ailes\/wp-json\/wp\/v2\/tags?post=1858"}],"curies":[{"name":"wp","href":"https:\/\/api.w.org\/{rel}","templated":true}]}}