{"id":183,"date":"2009-02-24T20:33:14","date_gmt":"2009-02-24T19:33:14","guid":{"rendered":"https:\/\/www.lactissima.com\/a-tire-d-ailes\/?p=183"},"modified":"2014-03-15T17:19:07","modified_gmt":"2014-03-15T15:19:07","slug":"fatigue-allaitement","status":"publish","type":"post","link":"https:\/\/www.lactissima.com\/a-tire-d-ailes\/fatigue-allaitement\/","title":{"rendered":"Poursuivre l&rsquo;allaitement apr\u00e8s la reprise du travail, vous avez dit fatigant ?"},"content":{"rendered":"<p style=\"text-align: justify;\"><a href=\"https:\/\/www.lactissima.com\/a-tire-d-ailes\/wp-content\/uploads\/2009\/02\/fatigu\u00e9e.jpg\" target=\"_blank\"><img loading=\"lazy\" decoding=\"async\" class=\"alignright size-full wp-image-3726\" title=\"fatigue allaitement\" alt=\"fatigue allaitement\" src=\"https:\/\/www.lactissima.com\/a-tire-d-ailes\/wp-content\/uploads\/2009\/02\/fatigu\u00e9e.jpg\" width=\"217\" height=\"320\" srcset=\"https:\/\/www.lactissima.com\/a-tire-d-ailes\/wp-content\/uploads\/2009\/02\/fatigu\u00e9e.jpg 217w, https:\/\/www.lactissima.com\/a-tire-d-ailes\/wp-content\/uploads\/2009\/02\/fatigu\u00e9e-203x300.jpg 203w\" sizes=\"(max-width: 217px) 100vw, 217px\" \/><\/a>Vous avez repris le travail depuis quinze jours, vous aviez d\u00e9cid\u00e9 de poursuivre votre allaitement et vous avez la sensation d&rsquo;\u00eatre aussi <strong>fatigu\u00e9e<\/strong> (voir plus) qu&rsquo;au lendemain de votre accouchement. Vous en \u00eates \u00e0 douter de votre choix : est-ce que finalement donner des biberons \u00e0  Arthur ne serait pas plus simple et surtout moins fatigant ??? D&rsquo;ailleurs, tout le monde vous le dit : \u00ab\u00a0pourquoi vous emb\u00eater alors qu&rsquo;il existe du lait en poudre ? Vous vous fatiguez pour rien&#8230;\u00a0\u00bb<\/p>\n<p style=\"text-align: justify;\">Je vais vous dire ce que personne ne vous dit en pareil cas : vous \u00eates fatigu\u00e9e, c&rsquo;est <strong>NORMAL<\/strong> ! Rien que reprendre un rythme de travail apr\u00e8s une pause de plusieurs mois est en soi tr\u00e8s fatigant. Avoir un b\u00e9b\u00e9 (allait\u00e9 ou pas) est \u00e9galement tr\u00e8s fatigant, alors si vous cumulez les deux, vous \u00eates tr\u00e8s tr\u00e8s fatigu\u00e9e ! Tout cela est parfaitement compr\u00e9hensible.<\/p>\n<p style=\"text-align: justify;\">De plus, la premi\u00e8re reflexion en pareil cas, c&rsquo;est de se dire qu&rsquo;on en fait trop et qu&rsquo;il va falloir faire des coupes franches dans ses activit\u00e9s. Oui mais vous avez d\u00e9j\u00e0 arr\u00eat\u00e9 votre cours de danse du mercredi soir et votre rendez-vous rituel avec vos copines du samedi midi et franchement vous ne voyez plus quoi supprimer \u00e0 part votre emploi (mais l\u00e0 c&rsquo;est votre compte en banque qui n&rsquo;est pas d&rsquo;accord), ou vos s\u00e9ances de tirage de lait. R\u00e9sultat, c&rsquo;est <span style=\"color: #000000;\"><strong><a title=\"allaitement\" href=\"http:\/\/www.allaiteraparis.fr\/aide-allaitement\" target=\"_blank\"><span style=\"color: #000000;\">l&rsquo;allaitement<\/span><\/a> <\/strong><\/span>qui est sacrifi\u00e9 sur l&rsquo;autel de la fatigue.<\/p>\n<p style=\"text-align: justify;\">Alors la question se pose : continuer l&rsquo;allaitement apr\u00e8s la reprise du travail, est-ce fatigant ?<\/p>\n<p style=\"text-align: justify;\"><strong>Non<\/strong> :<\/p>\n<ul style=\"text-align: justify;\">\n<li>Le fait de produire du lait ne fatigue pas le corps, c&rsquo;est une fonction naturelle au m\u00eame titre que produire du sang ou de l&rsquo;urine.<\/li>\n<li>Les t\u00e9t\u00e9es permettent de ne pas pr\u00e9parer de biberon (y compris la nuit) et de ne pas faire de vaisselle.<\/li>\n<li>Tirer son lait avec un bon<a title=\"Nouveaut\u00e9s tire-lait\" href=\"https:\/\/www.lactissima.com\/a-tire-d-ailes\/nouveautes-tire-lait\/\" target=\"_blank\"> tire-lait<\/a> ne prend que deux fois 1\/4 d&rsquo;heure sur la journ\u00e9e de travail.(voir mon article pr\u00e9c\u00e9dent sur les <a title=\"Le point sur les tire-lait\" href=\"https:\/\/www.lactissima.com\/a-tire-d-ailes\/le-point-sur-les-tire-lait\/\" target=\"_blank\">tire-lait<\/a>).<\/li>\n<\/ul>\n<p style=\"text-align: justify;\"><strong>Oui<\/strong> :<\/p>\n<ul style=\"text-align: justify;\">\n<li>Certains b\u00e9b\u00e9s se r\u00e9veillent souvent la nuit pour t\u00e9ter apr\u00e8s la reprise du travail pour pouvoir profiter de maman.<\/li>\n<li>Il faut souvent jongler avec les conditions de tirage difficiles au boulot car l&rsquo;entreprise n&rsquo;a rien pr\u00e9vu pour \u00e7a&#8230;quand on ne se cache pas parce qu&rsquo;on n&rsquo;a rien os\u00e9 demander au moment de la reprise du travail.<\/li>\n<li><span style=\"color: #000000;\">Oui, parce que vous vous rajoutez une t\u00e2che suppl\u00e9mentaire dans la journ\u00e9e  Mais qui sera compens\u00e9e par le fait que le soir vous ne pr\u00e9parerez pas le biberon. Comment \u00e7a, c&rsquo;est pas juste, c&rsquo;est le papa qui en profite,&#8230;car lui, non seulement il n&rsquo;a pas de bib \u00e0 pr\u00e9parer mais en plus comme b\u00e9b\u00e9 est moins malade, il a moins de java \u00e0 g\u00e9rer la nuit- c&rsquo;est vrai , vous avez raison, c&rsquo;est pas juste. <\/span><\/li>\n<\/ul>\n<p style=\"text-align: justify;\">Il y a tout de m\u00eame une chose \u00e0 savoir avec la fatigue : quand on est fatigu\u00e9e ou stress\u00e9e, on peut avoir du mal \u00e0 d\u00e9clencher le <strong>reflexe d&rsquo;\u00e9jection<\/strong> du lait au moment de <a title=\"Comment tirer son lait\" href=\"https:\/\/www.lactissima.com\/a-tire-d-ailes\/comment-tirer-son-lait\/\" target=\"_blank\">tirer son lait au travail<\/a>. Il est alors important de parvenir \u00e0 se d\u00e9tendre et \u00e0 oublier le travail pour 1\/4 d&rsquo;heure.<\/p>\n<p style=\"text-align: justify;\">Et <strong>vous<\/strong>, avez-vous trouv\u00e9 fatigant de reprendre le travail en continuant \u00e0 allaiter ? <span style=\"color: #000000;\">Qu&rsquo;avez-vous fait alors ?<br \/>\n<\/span><\/p>\n<p>&nbsp;<\/p>\n","protected":false},"excerpt":{"rendered":"<p>Vous \u00eates fatigu\u00e9e, c&rsquo;est NORMAL ! Mais ce n&rsquo;est pas forc\u00e9ment la faute de l&rsquo;allaitement.<\/p>\n","protected":false},"author":170,"featured_media":3726,"comment_status":"open","ping_status":"open","sticky":false,"template":"","format":"standard","meta":{"_et_pb_use_builder":"","_et_pb_old_content":"","_et_gb_content_width":"","footnotes":""},"categories":[36,46],"tags":[51,300,57,58,341,59],"class_list":["post-183","post","type-post","status-publish","format-standard","has-post-thumbnail","hentry","category-allaitement-et-travail","category-vie-de-famille","tag-fatigue","tag-lallaitement","tag-tire-lait","tag-tirer","tag-tirer-son-lait-au-travail","tag-travail"],"yoast_head":"<!-- This site is optimized with the Yoast SEO plugin v27.4 - https:\/\/yoast.com\/product\/yoast-seo-wordpress\/ -->\n<title>fatigue allaitement<\/title>\n<meta name=\"description\" content=\"Vous \u00eates fatigu\u00e9e, c&#039;est NORMAL ! Mais ce n&#039;est pas forc\u00e9ment de la fatigue allaitement.\" \/>\n<meta name=\"robots\" content=\"index, follow, max-snippet:-1, max-image-preview:large, max-video-preview:-1\" \/>\n<link rel=\"canonical\" href=\"https:\/\/www.lactissima.com\/a-tire-d-ailes\/fatigue-allaitement\/\" \/>\n<meta property=\"og:locale\" content=\"fr_FR\" \/>\n<meta property=\"og:type\" content=\"article\" \/>\n<meta property=\"og:title\" content=\"fatigue allaitement\" \/>\n<meta property=\"og:description\" content=\"Vous \u00eates fatigu\u00e9e, c&#039;est NORMAL ! Mais ce n&#039;est pas forc\u00e9ment de la fatigue allaitement.\" \/>\n<meta property=\"og:url\" content=\"https:\/\/www.lactissima.com\/a-tire-d-ailes\/fatigue-allaitement\/\" \/>\n<meta property=\"og:site_name\" content=\"A tire d&#039;Ailes\" \/>\n<meta property=\"article:publisher\" content=\"https:\/\/www.facebook.com\/consultante.en.lactation\" \/>\n<meta property=\"article:author\" content=\"www.facebook.com\/consultante.en.lactation\" \/>\n<meta property=\"article:published_time\" content=\"2009-02-24T19:33:14+00:00\" \/>\n<meta property=\"article:modified_time\" content=\"2014-03-15T15:19:07+00:00\" \/>\n<meta property=\"og:image\" content=\"https:\/\/www.lactissima.com\/a-tire-d-ailes\/wp-content\/uploads\/2009\/02\/fatigu\u00e9e.jpg\" \/>\n\t<meta property=\"og:image:width\" content=\"217\" \/>\n\t<meta property=\"og:image:height\" content=\"320\" \/>\n\t<meta property=\"og:image:type\" content=\"image\/jpeg\" \/>\n<meta name=\"author\" content=\"V\u00e9ronique Darmangeat\" \/>\n<meta name=\"twitter:card\" content=\"summary_large_image\" \/>\n<meta name=\"twitter:creator\" content=\"@VeroniqueIBCLC\" \/>\n<meta name=\"twitter:site\" content=\"@VeroniqueIBCLC\" \/>\n<meta name=\"twitter:label1\" content=\"\u00c9crit par\" \/>\n\t<meta name=\"twitter:data1\" content=\"V\u00e9ronique Darmangeat\" \/>\n\t<meta name=\"twitter:label2\" content=\"Dur\u00e9e de lecture estim\u00e9e\" \/>\n\t<meta name=\"twitter:data2\" content=\"3 minutes\" \/>\n<script type=\"application\/ld+json\" class=\"yoast-schema-graph\">{\"@context\":\"https:\\\/\\\/schema.org\",\"@graph\":[{\"@type\":\"Article\",\"@id\":\"https:\\\/\\\/www.lactissima.com\\\/a-tire-d-ailes\\\/fatigue-allaitement\\\/#article\",\"isPartOf\":{\"@id\":\"https:\\\/\\\/www.lactissima.com\\\/a-tire-d-ailes\\\/fatigue-allaitement\\\/\"},\"author\":{\"name\":\"V\u00e9ronique Darmangeat\",\"@id\":\"https:\\\/\\\/www.lactissima.com\\\/a-tire-d-ailes\\\/#\\\/schema\\\/person\\\/8f98d3a89530861bc1240e6d53d44eed\"},\"headline\":\"Poursuivre l&rsquo;allaitement apr\u00e8s la reprise du travail, vous avez dit fatigant ?\",\"datePublished\":\"2009-02-24T19:33:14+00:00\",\"dateModified\":\"2014-03-15T15:19:07+00:00\",\"mainEntityOfPage\":{\"@id\":\"https:\\\/\\\/www.lactissima.com\\\/a-tire-d-ailes\\\/fatigue-allaitement\\\/\"},\"wordCount\":598,\"commentCount\":116,\"image\":{\"@id\":\"https:\\\/\\\/www.lactissima.com\\\/a-tire-d-ailes\\\/fatigue-allaitement\\\/#primaryimage\"},\"thumbnailUrl\":\"https:\\\/\\\/www.lactissima.com\\\/a-tire-d-ailes\\\/wp-content\\\/uploads\\\/2009\\\/02\\\/fatigu\u00e9e.jpg\",\"keywords\":[\"fatigue\",\"l'allaitement\",\"tire-lait\",\"tirer\",\"tirer son lait au travail\",\"travail\"],\"articleSection\":[\"Allaitement et Travail\",\"Vie de famille\"],\"inLanguage\":\"fr-FR\",\"potentialAction\":[{\"@type\":\"CommentAction\",\"name\":\"Comment\",\"target\":[\"https:\\\/\\\/www.lactissima.com\\\/a-tire-d-ailes\\\/fatigue-allaitement\\\/#respond\"]}]},{\"@type\":\"WebPage\",\"@id\":\"https:\\\/\\\/www.lactissima.com\\\/a-tire-d-ailes\\\/fatigue-allaitement\\\/\",\"url\":\"https:\\\/\\\/www.lactissima.com\\\/a-tire-d-ailes\\\/fatigue-allaitement\\\/\",\"name\":\"fatigue allaitement\",\"isPartOf\":{\"@id\":\"https:\\\/\\\/www.lactissima.com\\\/a-tire-d-ailes\\\/#website\"},\"primaryImageOfPage\":{\"@id\":\"https:\\\/\\\/www.lactissima.com\\\/a-tire-d-ailes\\\/fatigue-allaitement\\\/#primaryimage\"},\"image\":{\"@id\":\"https:\\\/\\\/www.lactissima.com\\\/a-tire-d-ailes\\\/fatigue-allaitement\\\/#primaryimage\"},\"thumbnailUrl\":\"https:\\\/\\\/www.lactissima.com\\\/a-tire-d-ailes\\\/wp-content\\\/uploads\\\/2009\\\/02\\\/fatigu\u00e9e.jpg\",\"datePublished\":\"2009-02-24T19:33:14+00:00\",\"dateModified\":\"2014-03-15T15:19:07+00:00\",\"author\":{\"@id\":\"https:\\\/\\\/www.lactissima.com\\\/a-tire-d-ailes\\\/#\\\/schema\\\/person\\\/8f98d3a89530861bc1240e6d53d44eed\"},\"description\":\"Vous \u00eates fatigu\u00e9e, c'est NORMAL ! Mais ce n'est pas forc\u00e9ment de la fatigue allaitement.\",\"breadcrumb\":{\"@id\":\"https:\\\/\\\/www.lactissima.com\\\/a-tire-d-ailes\\\/fatigue-allaitement\\\/#breadcrumb\"},\"inLanguage\":\"fr-FR\",\"potentialAction\":[{\"@type\":\"ReadAction\",\"target\":[\"https:\\\/\\\/www.lactissima.com\\\/a-tire-d-ailes\\\/fatigue-allaitement\\\/\"]}]},{\"@type\":\"ImageObject\",\"inLanguage\":\"fr-FR\",\"@id\":\"https:\\\/\\\/www.lactissima.com\\\/a-tire-d-ailes\\\/fatigue-allaitement\\\/#primaryimage\",\"url\":\"https:\\\/\\\/www.lactissima.com\\\/a-tire-d-ailes\\\/wp-content\\\/uploads\\\/2009\\\/02\\\/fatigu\u00e9e.jpg\",\"contentUrl\":\"https:\\\/\\\/www.lactissima.com\\\/a-tire-d-ailes\\\/wp-content\\\/uploads\\\/2009\\\/02\\\/fatigu\u00e9e.jpg\",\"width\":217,\"height\":320},{\"@type\":\"BreadcrumbList\",\"@id\":\"https:\\\/\\\/www.lactissima.com\\\/a-tire-d-ailes\\\/fatigue-allaitement\\\/#breadcrumb\",\"itemListElement\":[{\"@type\":\"ListItem\",\"position\":1,\"name\":\"Accueil\",\"item\":\"https:\\\/\\\/www.lactissima.com\\\/a-tire-d-ailes\\\/\"},{\"@type\":\"ListItem\",\"position\":2,\"name\":\"Poursuivre l&rsquo;allaitement apr\u00e8s la reprise du travail, vous avez dit fatigant ?\"}]},{\"@type\":\"WebSite\",\"@id\":\"https:\\\/\\\/www.lactissima.com\\\/a-tire-d-ailes\\\/#website\",\"url\":\"https:\\\/\\\/www.lactissima.com\\\/a-tire-d-ailes\\\/\",\"name\":\"A tire d&#039;Ailes\",\"description\":\"Le blog des femmes qui allaitent et travaillent.\",\"potentialAction\":[{\"@type\":\"SearchAction\",\"target\":{\"@type\":\"EntryPoint\",\"urlTemplate\":\"https:\\\/\\\/www.lactissima.com\\\/a-tire-d-ailes\\\/?s={search_term_string}\"},\"query-input\":{\"@type\":\"PropertyValueSpecification\",\"valueRequired\":true,\"valueName\":\"search_term_string\"}}],\"inLanguage\":\"fr-FR\"},{\"@type\":\"Person\",\"@id\":\"https:\\\/\\\/www.lactissima.com\\\/a-tire-d-ailes\\\/#\\\/schema\\\/person\\\/8f98d3a89530861bc1240e6d53d44eed\",\"name\":\"V\u00e9ronique Darmangeat\",\"image\":{\"@type\":\"ImageObject\",\"inLanguage\":\"fr-FR\",\"@id\":\"https:\\\/\\\/secure.gravatar.com\\\/avatar\\\/268c99344c89cebfe4f5df5fa8be43068a18884fc76a29f3206fae98465b9cab?s=96&d=identicon&r=g\",\"url\":\"https:\\\/\\\/secure.gravatar.com\\\/avatar\\\/268c99344c89cebfe4f5df5fa8be43068a18884fc76a29f3206fae98465b9cab?s=96&d=identicon&r=g\",\"contentUrl\":\"https:\\\/\\\/secure.gravatar.com\\\/avatar\\\/268c99344c89cebfe4f5df5fa8be43068a18884fc76a29f3206fae98465b9cab?s=96&d=identicon&r=g\",\"caption\":\"V\u00e9ronique Darmangeat\"},\"sameAs\":[\"https:\\\/\\\/www.lactissima.com\\\/a-tire-d-ailes\",\"www.facebook.com\\\/consultante.en.lactation\"]}]}<\/script>\n<!-- \/ Yoast SEO plugin. -->","yoast_head_json":{"title":"fatigue allaitement","description":"Vous \u00eates fatigu\u00e9e, c'est NORMAL ! Mais ce n'est pas forc\u00e9ment de la fatigue allaitement.","robots":{"index":"index","follow":"follow","max-snippet":"max-snippet:-1","max-image-preview":"max-image-preview:large","max-video-preview":"max-video-preview:-1"},"canonical":"https:\/\/www.lactissima.com\/a-tire-d-ailes\/fatigue-allaitement\/","og_locale":"fr_FR","og_type":"article","og_title":"fatigue allaitement","og_description":"Vous \u00eates fatigu\u00e9e, c'est NORMAL ! Mais ce n'est pas forc\u00e9ment de la fatigue allaitement.","og_url":"https:\/\/www.lactissima.com\/a-tire-d-ailes\/fatigue-allaitement\/","og_site_name":"A tire d&#039;Ailes","article_publisher":"https:\/\/www.facebook.com\/consultante.en.lactation","article_author":"www.facebook.com\/consultante.en.lactation","article_published_time":"2009-02-24T19:33:14+00:00","article_modified_time":"2014-03-15T15:19:07+00:00","og_image":[{"width":217,"height":320,"url":"https:\/\/www.lactissima.com\/a-tire-d-ailes\/wp-content\/uploads\/2009\/02\/fatigu\u00e9e.jpg","type":"image\/jpeg"}],"author":"V\u00e9ronique Darmangeat","twitter_card":"summary_large_image","twitter_creator":"@VeroniqueIBCLC","twitter_site":"@VeroniqueIBCLC","twitter_misc":{"\u00c9crit par":"V\u00e9ronique Darmangeat","Dur\u00e9e de lecture estim\u00e9e":"3 minutes"},"schema":{"@context":"https:\/\/schema.org","@graph":[{"@type":"Article","@id":"https:\/\/www.lactissima.com\/a-tire-d-ailes\/fatigue-allaitement\/#article","isPartOf":{"@id":"https:\/\/www.lactissima.com\/a-tire-d-ailes\/fatigue-allaitement\/"},"author":{"name":"V\u00e9ronique Darmangeat","@id":"https:\/\/www.lactissima.com\/a-tire-d-ailes\/#\/schema\/person\/8f98d3a89530861bc1240e6d53d44eed"},"headline":"Poursuivre l&rsquo;allaitement apr\u00e8s la reprise du travail, vous avez dit fatigant ?","datePublished":"2009-02-24T19:33:14+00:00","dateModified":"2014-03-15T15:19:07+00:00","mainEntityOfPage":{"@id":"https:\/\/www.lactissima.com\/a-tire-d-ailes\/fatigue-allaitement\/"},"wordCount":598,"commentCount":116,"image":{"@id":"https:\/\/www.lactissima.com\/a-tire-d-ailes\/fatigue-allaitement\/#primaryimage"},"thumbnailUrl":"https:\/\/www.lactissima.com\/a-tire-d-ailes\/wp-content\/uploads\/2009\/02\/fatigu\u00e9e.jpg","keywords":["fatigue","l'allaitement","tire-lait","tirer","tirer son lait au travail","travail"],"articleSection":["Allaitement et Travail","Vie de famille"],"inLanguage":"fr-FR","potentialAction":[{"@type":"CommentAction","name":"Comment","target":["https:\/\/www.lactissima.com\/a-tire-d-ailes\/fatigue-allaitement\/#respond"]}]},{"@type":"WebPage","@id":"https:\/\/www.lactissima.com\/a-tire-d-ailes\/fatigue-allaitement\/","url":"https:\/\/www.lactissima.com\/a-tire-d-ailes\/fatigue-allaitement\/","name":"fatigue allaitement","isPartOf":{"@id":"https:\/\/www.lactissima.com\/a-tire-d-ailes\/#website"},"primaryImageOfPage":{"@id":"https:\/\/www.lactissima.com\/a-tire-d-ailes\/fatigue-allaitement\/#primaryimage"},"image":{"@id":"https:\/\/www.lactissima.com\/a-tire-d-ailes\/fatigue-allaitement\/#primaryimage"},"thumbnailUrl":"https:\/\/www.lactissima.com\/a-tire-d-ailes\/wp-content\/uploads\/2009\/02\/fatigu\u00e9e.jpg","datePublished":"2009-02-24T19:33:14+00:00","dateModified":"2014-03-15T15:19:07+00:00","author":{"@id":"https:\/\/www.lactissima.com\/a-tire-d-ailes\/#\/schema\/person\/8f98d3a89530861bc1240e6d53d44eed"},"description":"Vous \u00eates fatigu\u00e9e, c'est NORMAL ! Mais ce n'est pas forc\u00e9ment de la fatigue allaitement.","breadcrumb":{"@id":"https:\/\/www.lactissima.com\/a-tire-d-ailes\/fatigue-allaitement\/#breadcrumb"},"inLanguage":"fr-FR","potentialAction":[{"@type":"ReadAction","target":["https:\/\/www.lactissima.com\/a-tire-d-ailes\/fatigue-allaitement\/"]}]},{"@type":"ImageObject","inLanguage":"fr-FR","@id":"https:\/\/www.lactissima.com\/a-tire-d-ailes\/fatigue-allaitement\/#primaryimage","url":"https:\/\/www.lactissima.com\/a-tire-d-ailes\/wp-content\/uploads\/2009\/02\/fatigu\u00e9e.jpg","contentUrl":"https:\/\/www.lactissima.com\/a-tire-d-ailes\/wp-content\/uploads\/2009\/02\/fatigu\u00e9e.jpg","width":217,"height":320},{"@type":"BreadcrumbList","@id":"https:\/\/www.lactissima.com\/a-tire-d-ailes\/fatigue-allaitement\/#breadcrumb","itemListElement":[{"@type":"ListItem","position":1,"name":"Accueil","item":"https:\/\/www.lactissima.com\/a-tire-d-ailes\/"},{"@type":"ListItem","position":2,"name":"Poursuivre l&rsquo;allaitement apr\u00e8s la reprise du travail, vous avez dit fatigant ?"}]},{"@type":"WebSite","@id":"https:\/\/www.lactissima.com\/a-tire-d-ailes\/#website","url":"https:\/\/www.lactissima.com\/a-tire-d-ailes\/","name":"A tire d&#039;Ailes","description":"Le blog des femmes qui allaitent et travaillent.","potentialAction":[{"@type":"SearchAction","target":{"@type":"EntryPoint","urlTemplate":"https:\/\/www.lactissima.com\/a-tire-d-ailes\/?s={search_term_string}"},"query-input":{"@type":"PropertyValueSpecification","valueRequired":true,"valueName":"search_term_string"}}],"inLanguage":"fr-FR"},{"@type":"Person","@id":"https:\/\/www.lactissima.com\/a-tire-d-ailes\/#\/schema\/person\/8f98d3a89530861bc1240e6d53d44eed","name":"V\u00e9ronique Darmangeat","image":{"@type":"ImageObject","inLanguage":"fr-FR","@id":"https:\/\/secure.gravatar.com\/avatar\/268c99344c89cebfe4f5df5fa8be43068a18884fc76a29f3206fae98465b9cab?s=96&d=identicon&r=g","url":"https:\/\/secure.gravatar.com\/avatar\/268c99344c89cebfe4f5df5fa8be43068a18884fc76a29f3206fae98465b9cab?s=96&d=identicon&r=g","contentUrl":"https:\/\/secure.gravatar.com\/avatar\/268c99344c89cebfe4f5df5fa8be43068a18884fc76a29f3206fae98465b9cab?s=96&d=identicon&r=g","caption":"V\u00e9ronique Darmangeat"},"sameAs":["https:\/\/www.lactissima.com\/a-tire-d-ailes","www.facebook.com\/consultante.en.lactation"]}]}},"_links":{"self":[{"href":"https:\/\/www.lactissima.com\/a-tire-d-ailes\/wp-json\/wp\/v2\/posts\/183","targetHints":{"allow":["GET"]}}],"collection":[{"href":"https:\/\/www.lactissima.com\/a-tire-d-ailes\/wp-json\/wp\/v2\/posts"}],"about":[{"href":"https:\/\/www.lactissima.com\/a-tire-d-ailes\/wp-json\/wp\/v2\/types\/post"}],"author":[{"embeddable":true,"href":"https:\/\/www.lactissima.com\/a-tire-d-ailes\/wp-json\/wp\/v2\/users\/170"}],"replies":[{"embeddable":true,"href":"https:\/\/www.lactissima.com\/a-tire-d-ailes\/wp-json\/wp\/v2\/comments?post=183"}],"version-history":[{"count":11,"href":"https:\/\/www.lactissima.com\/a-tire-d-ailes\/wp-json\/wp\/v2\/posts\/183\/revisions"}],"predecessor-version":[{"id":5588,"href":"https:\/\/www.lactissima.com\/a-tire-d-ailes\/wp-json\/wp\/v2\/posts\/183\/revisions\/5588"}],"wp:featuredmedia":[{"embeddable":true,"href":"https:\/\/www.lactissima.com\/a-tire-d-ailes\/wp-json\/wp\/v2\/media\/3726"}],"wp:attachment":[{"href":"https:\/\/www.lactissima.com\/a-tire-d-ailes\/wp-json\/wp\/v2\/media?parent=183"}],"wp:term":[{"taxonomy":"category","embeddable":true,"href":"https:\/\/www.lactissima.com\/a-tire-d-ailes\/wp-json\/wp\/v2\/categories?post=183"},{"taxonomy":"post_tag","embeddable":true,"href":"https:\/\/www.lactissima.com\/a-tire-d-ailes\/wp-json\/wp\/v2\/tags?post=183"}],"curies":[{"name":"wp","href":"https:\/\/api.w.org\/{rel}","templated":true}]}}