{"id":1823,"date":"2010-11-27T12:09:51","date_gmt":"2010-11-27T10:09:51","guid":{"rendered":"https:\/\/www.lactissima.com\/a-tire-d-ailes\/?p=1823"},"modified":"2014-03-15T16:57:07","modified_gmt":"2014-03-15T14:57:07","slug":"5-facons-de-conjuguer-allaitement-et-reprise-du-travail","status":"publish","type":"post","link":"https:\/\/www.lactissima.com\/a-tire-d-ailes\/5-facons-de-conjuguer-allaitement-et-reprise-du-travail\/","title":{"rendered":"5 fa\u00e7ons de conjuguer allaitement et reprise du travail."},"content":{"rendered":"<p style=\"text-align: justify;\"><a href=\"https:\/\/www.lactissima.com\/a-tire-d-ailes\/wp-content\/uploads\/2010\/11\/conjuguer-allaitement-et-travail.jpg\"><img loading=\"lazy\" decoding=\"async\" class=\"alignright size-full wp-image-4169\" alt=\"conjuguer allaitement et travail\" src=\"https:\/\/www.lactissima.com\/a-tire-d-ailes\/wp-content\/uploads\/2010\/11\/conjuguer-allaitement-et-travail.jpg\" width=\"300\" height=\"200\" \/><\/a>Aujourd&rsquo;hui, je vous propose de <strong>r\u00e9pondre<\/strong> de fa\u00e7on synth\u00e9tique \u00e0 une <strong>question<\/strong> que l&rsquo;on me pose tr\u00e8s souvent : quelles sont les <strong>diff\u00e9rentes possibilit\u00e9s<\/strong> de g\u00e9rer allaitement et reprise du travail ? (question le plus souvent pos\u00e9e par les <strong>journalistes<\/strong>&#8230;)<\/p>\n<ol style=\"text-align: justify;\">\n<li><strong>Sevrer<\/strong> totalement son b\u00e9b\u00e9.<\/li>\n<li>Ne garder que <strong>trois t\u00e9t\u00e9es<\/strong> par 24 heures et remplacer les autres par une <strong>pr\u00e9paration pour nourrisson.<\/strong><\/li>\n<li>Continuer \u00e0 allaiter \u00e0 la <strong>demande<\/strong> quand on est avec son b\u00e9b\u00e9 et lui proposer une pr\u00e9paration pour nourrisson quand on est <strong>absente<\/strong>.<\/li>\n<li>Continuer \u00e0 allaiter \u00e0 la <strong>demande<\/strong> quand on est avec son b\u00e9b\u00e9 et <strong>tirer son lait<\/strong> \u00e0 la <strong>maison<\/strong> pour qu&rsquo;il ait du lait maternel quand on est au travail.<\/li>\n<li>Continuer \u00e0 allaiter \u00e0 la <strong>demande<\/strong> quand on est avec son b\u00e9b\u00e9 et <strong>tirer son lait sur son lieu de travail<\/strong> pour qu&rsquo;il soit nourri uniquement au lait maternel.<\/li>\n<\/ol>\n<p style=\"text-align: justify;\">Bien entendu, chacune de ces possibilit\u00e9s s&rsquo;accompagne de <strong>variantes<\/strong> :<\/p>\n<ul style=\"text-align: justify;\">\n<li>tirer son lait pour <strong>un biberon par jour<\/strong> et prendre une pr\u00e9paration pour nourrisson pour les autres repas en votre absence.<\/li>\n<li>pr\u00e9parer ou pas son b\u00e9b\u00e9 \u00e0 prendre le <strong>biberon<\/strong> avant le retour au travail.<\/li>\n<li>garder <strong>quatre<\/strong> t\u00e9t\u00e9es par 24 heures.<\/li>\n<li>&#8230;<\/li>\n<\/ul>\n<p style=\"text-align: justify;\">Le plus <strong>important<\/strong> est de se souvenir que <strong>vous avez le choix<\/strong> et que vous pouvez faire ce qui <strong>VOUS<\/strong> convient !<\/p>\n<p style=\"text-align: justify;\">Et <strong>vous<\/strong>, avez-vous trouv\u00e9 une <strong>sixi\u00e8me<\/strong> possibilit\u00e9 ?<\/p>\n<p style=\"text-align: justify;\"><strong>Articles en rapport :<\/strong><\/p>\n<ul>\n<li style=\"text-align: justify;\"><a href=\"https:\/\/www.lactissima.com\/a-tire-d-ailes\/?p=34\">Au coeur du sujet : allaiter et travailler.<\/a><\/li>\n<li style=\"text-align: justify;\"><a href=\"https:\/\/www.lactissima.com\/a-tire-d-ailes\/?p=216\">Et le sevrage ?<\/a><\/li>\n<li style=\"text-align: justify;\"><a href=\"https:\/\/www.lactissima.com\/a-tire-d-ailes\/?p=1146\">Comment tirer son lait ?<\/a><\/li>\n<\/ul>\n<p>&nbsp;<\/p>\n","protected":false},"excerpt":{"rendered":"<p>Le plus important est de se souvenir que vous avez le choix et que vous pouvez faire ce qui VOUS convient !<\/p>\n","protected":false},"author":170,"featured_media":4169,"comment_status":"open","ping_status":"open","sticky":false,"template":"","format":"standard","meta":{"_et_pb_use_builder":"","_et_pb_old_content":"","_et_gb_content_width":"","footnotes":""},"categories":[35,36,37],"tags":[180,56,72],"class_list":["post-1823","post","type-post","status-publish","format-standard","has-post-thumbnail","hentry","category-allaitement","category-allaitement-et-travail","category-articulation-vie-professionnelle-vie-famille","tag-preparation-pour-nourrisson","tag-sevrage","tag-tirer-son-lait"],"yoast_head":"<!-- This site is optimized with the Yoast SEO plugin v27.4 - https:\/\/yoast.com\/product\/yoast-seo-wordpress\/ -->\n<title>conjuguer allaitement et travail<\/title>\n<meta name=\"description\" content=\"Conjuguer allaitement et travail : le plus important est de se souvenir que vous avez le choix et que vous pouvez faire ce qui VOUS convient !\" \/>\n<meta name=\"robots\" content=\"index, follow, max-snippet:-1, max-image-preview:large, max-video-preview:-1\" \/>\n<link rel=\"canonical\" href=\"https:\/\/www.lactissima.com\/a-tire-d-ailes\/5-facons-de-conjuguer-allaitement-et-reprise-du-travail\/\" \/>\n<meta property=\"og:locale\" content=\"fr_FR\" \/>\n<meta property=\"og:type\" content=\"article\" \/>\n<meta property=\"og:title\" content=\"conjuguer allaitement et travail\" \/>\n<meta property=\"og:description\" content=\"Conjuguer allaitement et travail : le plus important est de se souvenir que vous avez le choix et que vous pouvez faire ce qui VOUS convient !\" \/>\n<meta property=\"og:url\" content=\"https:\/\/www.lactissima.com\/a-tire-d-ailes\/5-facons-de-conjuguer-allaitement-et-reprise-du-travail\/\" \/>\n<meta property=\"og:site_name\" content=\"A tire d&#039;Ailes\" \/>\n<meta property=\"article:publisher\" content=\"https:\/\/www.facebook.com\/consultante.en.lactation\" \/>\n<meta property=\"article:author\" content=\"www.facebook.com\/consultante.en.lactation\" \/>\n<meta property=\"article:published_time\" content=\"2010-11-27T10:09:51+00:00\" \/>\n<meta property=\"article:modified_time\" content=\"2014-03-15T14:57:07+00:00\" \/>\n<meta property=\"og:image\" content=\"https:\/\/www.lactissima.com\/a-tire-d-ailes\/wp-content\/uploads\/2010\/11\/conjuguer-allaitement-et-travail.jpg\" \/>\n\t<meta property=\"og:image:width\" content=\"300\" \/>\n\t<meta property=\"og:image:height\" content=\"200\" \/>\n\t<meta property=\"og:image:type\" content=\"image\/jpeg\" \/>\n<meta name=\"author\" content=\"V\u00e9ronique Darmangeat\" \/>\n<meta name=\"twitter:card\" content=\"summary_large_image\" \/>\n<meta name=\"twitter:creator\" content=\"@VeroniqueIBCLC\" \/>\n<meta name=\"twitter:site\" content=\"@VeroniqueIBCLC\" \/>\n<meta name=\"twitter:label1\" content=\"\u00c9crit par\" \/>\n\t<meta name=\"twitter:data1\" content=\"V\u00e9ronique Darmangeat\" \/>\n\t<meta name=\"twitter:label2\" content=\"Dur\u00e9e de lecture estim\u00e9e\" \/>\n\t<meta name=\"twitter:data2\" content=\"1 minute\" \/>\n<script type=\"application\/ld+json\" class=\"yoast-schema-graph\">{\"@context\":\"https:\\\/\\\/schema.org\",\"@graph\":[{\"@type\":\"Article\",\"@id\":\"https:\\\/\\\/www.lactissima.com\\\/a-tire-d-ailes\\\/5-facons-de-conjuguer-allaitement-et-reprise-du-travail\\\/#article\",\"isPartOf\":{\"@id\":\"https:\\\/\\\/www.lactissima.com\\\/a-tire-d-ailes\\\/5-facons-de-conjuguer-allaitement-et-reprise-du-travail\\\/\"},\"author\":{\"name\":\"V\u00e9ronique Darmangeat\",\"@id\":\"https:\\\/\\\/www.lactissima.com\\\/a-tire-d-ailes\\\/#\\\/schema\\\/person\\\/8f98d3a89530861bc1240e6d53d44eed\"},\"headline\":\"5 fa\u00e7ons de conjuguer allaitement et reprise du travail.\",\"datePublished\":\"2010-11-27T10:09:51+00:00\",\"dateModified\":\"2014-03-15T14:57:07+00:00\",\"mainEntityOfPage\":{\"@id\":\"https:\\\/\\\/www.lactissima.com\\\/a-tire-d-ailes\\\/5-facons-de-conjuguer-allaitement-et-reprise-du-travail\\\/\"},\"wordCount\":263,\"commentCount\":318,\"image\":{\"@id\":\"https:\\\/\\\/www.lactissima.com\\\/a-tire-d-ailes\\\/5-facons-de-conjuguer-allaitement-et-reprise-du-travail\\\/#primaryimage\"},\"thumbnailUrl\":\"https:\\\/\\\/www.lactissima.com\\\/a-tire-d-ailes\\\/wp-content\\\/uploads\\\/2010\\\/11\\\/conjuguer-allaitement-et-travail.jpg\",\"keywords\":[\"pr\u00e9paration pour nourrisson\",\"Sevrage\",\"tirer son lait\"],\"articleSection\":[\"Allaitement\",\"Allaitement et Travail\",\"Articulation Vie Professionnelle Vie Famille\"],\"inLanguage\":\"fr-FR\",\"potentialAction\":[{\"@type\":\"CommentAction\",\"name\":\"Comment\",\"target\":[\"https:\\\/\\\/www.lactissima.com\\\/a-tire-d-ailes\\\/5-facons-de-conjuguer-allaitement-et-reprise-du-travail\\\/#respond\"]}]},{\"@type\":\"WebPage\",\"@id\":\"https:\\\/\\\/www.lactissima.com\\\/a-tire-d-ailes\\\/5-facons-de-conjuguer-allaitement-et-reprise-du-travail\\\/\",\"url\":\"https:\\\/\\\/www.lactissima.com\\\/a-tire-d-ailes\\\/5-facons-de-conjuguer-allaitement-et-reprise-du-travail\\\/\",\"name\":\"conjuguer allaitement et travail\",\"isPartOf\":{\"@id\":\"https:\\\/\\\/www.lactissima.com\\\/a-tire-d-ailes\\\/#website\"},\"primaryImageOfPage\":{\"@id\":\"https:\\\/\\\/www.lactissima.com\\\/a-tire-d-ailes\\\/5-facons-de-conjuguer-allaitement-et-reprise-du-travail\\\/#primaryimage\"},\"image\":{\"@id\":\"https:\\\/\\\/www.lactissima.com\\\/a-tire-d-ailes\\\/5-facons-de-conjuguer-allaitement-et-reprise-du-travail\\\/#primaryimage\"},\"thumbnailUrl\":\"https:\\\/\\\/www.lactissima.com\\\/a-tire-d-ailes\\\/wp-content\\\/uploads\\\/2010\\\/11\\\/conjuguer-allaitement-et-travail.jpg\",\"datePublished\":\"2010-11-27T10:09:51+00:00\",\"dateModified\":\"2014-03-15T14:57:07+00:00\",\"author\":{\"@id\":\"https:\\\/\\\/www.lactissima.com\\\/a-tire-d-ailes\\\/#\\\/schema\\\/person\\\/8f98d3a89530861bc1240e6d53d44eed\"},\"description\":\"Conjuguer allaitement et travail : le plus important est de se souvenir que vous avez le choix et que vous pouvez faire ce qui VOUS convient !\",\"breadcrumb\":{\"@id\":\"https:\\\/\\\/www.lactissima.com\\\/a-tire-d-ailes\\\/5-facons-de-conjuguer-allaitement-et-reprise-du-travail\\\/#breadcrumb\"},\"inLanguage\":\"fr-FR\",\"potentialAction\":[{\"@type\":\"ReadAction\",\"target\":[\"https:\\\/\\\/www.lactissima.com\\\/a-tire-d-ailes\\\/5-facons-de-conjuguer-allaitement-et-reprise-du-travail\\\/\"]}]},{\"@type\":\"ImageObject\",\"inLanguage\":\"fr-FR\",\"@id\":\"https:\\\/\\\/www.lactissima.com\\\/a-tire-d-ailes\\\/5-facons-de-conjuguer-allaitement-et-reprise-du-travail\\\/#primaryimage\",\"url\":\"https:\\\/\\\/www.lactissima.com\\\/a-tire-d-ailes\\\/wp-content\\\/uploads\\\/2010\\\/11\\\/conjuguer-allaitement-et-travail.jpg\",\"contentUrl\":\"https:\\\/\\\/www.lactissima.com\\\/a-tire-d-ailes\\\/wp-content\\\/uploads\\\/2010\\\/11\\\/conjuguer-allaitement-et-travail.jpg\",\"width\":300,\"height\":200,\"caption\":\"conjuguer allaitement et travail\"},{\"@type\":\"BreadcrumbList\",\"@id\":\"https:\\\/\\\/www.lactissima.com\\\/a-tire-d-ailes\\\/5-facons-de-conjuguer-allaitement-et-reprise-du-travail\\\/#breadcrumb\",\"itemListElement\":[{\"@type\":\"ListItem\",\"position\":1,\"name\":\"Accueil\",\"item\":\"https:\\\/\\\/www.lactissima.com\\\/a-tire-d-ailes\\\/\"},{\"@type\":\"ListItem\",\"position\":2,\"name\":\"5 fa\u00e7ons de conjuguer allaitement et reprise du travail.\"}]},{\"@type\":\"WebSite\",\"@id\":\"https:\\\/\\\/www.lactissima.com\\\/a-tire-d-ailes\\\/#website\",\"url\":\"https:\\\/\\\/www.lactissima.com\\\/a-tire-d-ailes\\\/\",\"name\":\"A tire d&#039;Ailes\",\"description\":\"Le blog des femmes qui allaitent et travaillent.\",\"potentialAction\":[{\"@type\":\"SearchAction\",\"target\":{\"@type\":\"EntryPoint\",\"urlTemplate\":\"https:\\\/\\\/www.lactissima.com\\\/a-tire-d-ailes\\\/?s={search_term_string}\"},\"query-input\":{\"@type\":\"PropertyValueSpecification\",\"valueRequired\":true,\"valueName\":\"search_term_string\"}}],\"inLanguage\":\"fr-FR\"},{\"@type\":\"Person\",\"@id\":\"https:\\\/\\\/www.lactissima.com\\\/a-tire-d-ailes\\\/#\\\/schema\\\/person\\\/8f98d3a89530861bc1240e6d53d44eed\",\"name\":\"V\u00e9ronique Darmangeat\",\"image\":{\"@type\":\"ImageObject\",\"inLanguage\":\"fr-FR\",\"@id\":\"https:\\\/\\\/secure.gravatar.com\\\/avatar\\\/268c99344c89cebfe4f5df5fa8be43068a18884fc76a29f3206fae98465b9cab?s=96&d=identicon&r=g\",\"url\":\"https:\\\/\\\/secure.gravatar.com\\\/avatar\\\/268c99344c89cebfe4f5df5fa8be43068a18884fc76a29f3206fae98465b9cab?s=96&d=identicon&r=g\",\"contentUrl\":\"https:\\\/\\\/secure.gravatar.com\\\/avatar\\\/268c99344c89cebfe4f5df5fa8be43068a18884fc76a29f3206fae98465b9cab?s=96&d=identicon&r=g\",\"caption\":\"V\u00e9ronique Darmangeat\"},\"sameAs\":[\"https:\\\/\\\/www.lactissima.com\\\/a-tire-d-ailes\",\"www.facebook.com\\\/consultante.en.lactation\"]}]}<\/script>\n<!-- \/ Yoast SEO plugin. -->","yoast_head_json":{"title":"conjuguer allaitement et travail","description":"Conjuguer allaitement et travail : le plus important est de se souvenir que vous avez le choix et que vous pouvez faire ce qui VOUS convient !","robots":{"index":"index","follow":"follow","max-snippet":"max-snippet:-1","max-image-preview":"max-image-preview:large","max-video-preview":"max-video-preview:-1"},"canonical":"https:\/\/www.lactissima.com\/a-tire-d-ailes\/5-facons-de-conjuguer-allaitement-et-reprise-du-travail\/","og_locale":"fr_FR","og_type":"article","og_title":"conjuguer allaitement et travail","og_description":"Conjuguer allaitement et travail : le plus important est de se souvenir que vous avez le choix et que vous pouvez faire ce qui VOUS convient !","og_url":"https:\/\/www.lactissima.com\/a-tire-d-ailes\/5-facons-de-conjuguer-allaitement-et-reprise-du-travail\/","og_site_name":"A tire d&#039;Ailes","article_publisher":"https:\/\/www.facebook.com\/consultante.en.lactation","article_author":"www.facebook.com\/consultante.en.lactation","article_published_time":"2010-11-27T10:09:51+00:00","article_modified_time":"2014-03-15T14:57:07+00:00","og_image":[{"width":300,"height":200,"url":"https:\/\/www.lactissima.com\/a-tire-d-ailes\/wp-content\/uploads\/2010\/11\/conjuguer-allaitement-et-travail.jpg","type":"image\/jpeg"}],"author":"V\u00e9ronique Darmangeat","twitter_card":"summary_large_image","twitter_creator":"@VeroniqueIBCLC","twitter_site":"@VeroniqueIBCLC","twitter_misc":{"\u00c9crit par":"V\u00e9ronique Darmangeat","Dur\u00e9e de lecture estim\u00e9e":"1 minute"},"schema":{"@context":"https:\/\/schema.org","@graph":[{"@type":"Article","@id":"https:\/\/www.lactissima.com\/a-tire-d-ailes\/5-facons-de-conjuguer-allaitement-et-reprise-du-travail\/#article","isPartOf":{"@id":"https:\/\/www.lactissima.com\/a-tire-d-ailes\/5-facons-de-conjuguer-allaitement-et-reprise-du-travail\/"},"author":{"name":"V\u00e9ronique Darmangeat","@id":"https:\/\/www.lactissima.com\/a-tire-d-ailes\/#\/schema\/person\/8f98d3a89530861bc1240e6d53d44eed"},"headline":"5 fa\u00e7ons de conjuguer allaitement et reprise du travail.","datePublished":"2010-11-27T10:09:51+00:00","dateModified":"2014-03-15T14:57:07+00:00","mainEntityOfPage":{"@id":"https:\/\/www.lactissima.com\/a-tire-d-ailes\/5-facons-de-conjuguer-allaitement-et-reprise-du-travail\/"},"wordCount":263,"commentCount":318,"image":{"@id":"https:\/\/www.lactissima.com\/a-tire-d-ailes\/5-facons-de-conjuguer-allaitement-et-reprise-du-travail\/#primaryimage"},"thumbnailUrl":"https:\/\/www.lactissima.com\/a-tire-d-ailes\/wp-content\/uploads\/2010\/11\/conjuguer-allaitement-et-travail.jpg","keywords":["pr\u00e9paration pour nourrisson","Sevrage","tirer son lait"],"articleSection":["Allaitement","Allaitement et Travail","Articulation Vie Professionnelle Vie Famille"],"inLanguage":"fr-FR","potentialAction":[{"@type":"CommentAction","name":"Comment","target":["https:\/\/www.lactissima.com\/a-tire-d-ailes\/5-facons-de-conjuguer-allaitement-et-reprise-du-travail\/#respond"]}]},{"@type":"WebPage","@id":"https:\/\/www.lactissima.com\/a-tire-d-ailes\/5-facons-de-conjuguer-allaitement-et-reprise-du-travail\/","url":"https:\/\/www.lactissima.com\/a-tire-d-ailes\/5-facons-de-conjuguer-allaitement-et-reprise-du-travail\/","name":"conjuguer allaitement et travail","isPartOf":{"@id":"https:\/\/www.lactissima.com\/a-tire-d-ailes\/#website"},"primaryImageOfPage":{"@id":"https:\/\/www.lactissima.com\/a-tire-d-ailes\/5-facons-de-conjuguer-allaitement-et-reprise-du-travail\/#primaryimage"},"image":{"@id":"https:\/\/www.lactissima.com\/a-tire-d-ailes\/5-facons-de-conjuguer-allaitement-et-reprise-du-travail\/#primaryimage"},"thumbnailUrl":"https:\/\/www.lactissima.com\/a-tire-d-ailes\/wp-content\/uploads\/2010\/11\/conjuguer-allaitement-et-travail.jpg","datePublished":"2010-11-27T10:09:51+00:00","dateModified":"2014-03-15T14:57:07+00:00","author":{"@id":"https:\/\/www.lactissima.com\/a-tire-d-ailes\/#\/schema\/person\/8f98d3a89530861bc1240e6d53d44eed"},"description":"Conjuguer allaitement et travail : le plus important est de se souvenir que vous avez le choix et que vous pouvez faire ce qui VOUS convient !","breadcrumb":{"@id":"https:\/\/www.lactissima.com\/a-tire-d-ailes\/5-facons-de-conjuguer-allaitement-et-reprise-du-travail\/#breadcrumb"},"inLanguage":"fr-FR","potentialAction":[{"@type":"ReadAction","target":["https:\/\/www.lactissima.com\/a-tire-d-ailes\/5-facons-de-conjuguer-allaitement-et-reprise-du-travail\/"]}]},{"@type":"ImageObject","inLanguage":"fr-FR","@id":"https:\/\/www.lactissima.com\/a-tire-d-ailes\/5-facons-de-conjuguer-allaitement-et-reprise-du-travail\/#primaryimage","url":"https:\/\/www.lactissima.com\/a-tire-d-ailes\/wp-content\/uploads\/2010\/11\/conjuguer-allaitement-et-travail.jpg","contentUrl":"https:\/\/www.lactissima.com\/a-tire-d-ailes\/wp-content\/uploads\/2010\/11\/conjuguer-allaitement-et-travail.jpg","width":300,"height":200,"caption":"conjuguer allaitement et travail"},{"@type":"BreadcrumbList","@id":"https:\/\/www.lactissima.com\/a-tire-d-ailes\/5-facons-de-conjuguer-allaitement-et-reprise-du-travail\/#breadcrumb","itemListElement":[{"@type":"ListItem","position":1,"name":"Accueil","item":"https:\/\/www.lactissima.com\/a-tire-d-ailes\/"},{"@type":"ListItem","position":2,"name":"5 fa\u00e7ons de conjuguer allaitement et reprise du travail."}]},{"@type":"WebSite","@id":"https:\/\/www.lactissima.com\/a-tire-d-ailes\/#website","url":"https:\/\/www.lactissima.com\/a-tire-d-ailes\/","name":"A tire d&#039;Ailes","description":"Le blog des femmes qui allaitent et travaillent.","potentialAction":[{"@type":"SearchAction","target":{"@type":"EntryPoint","urlTemplate":"https:\/\/www.lactissima.com\/a-tire-d-ailes\/?s={search_term_string}"},"query-input":{"@type":"PropertyValueSpecification","valueRequired":true,"valueName":"search_term_string"}}],"inLanguage":"fr-FR"},{"@type":"Person","@id":"https:\/\/www.lactissima.com\/a-tire-d-ailes\/#\/schema\/person\/8f98d3a89530861bc1240e6d53d44eed","name":"V\u00e9ronique Darmangeat","image":{"@type":"ImageObject","inLanguage":"fr-FR","@id":"https:\/\/secure.gravatar.com\/avatar\/268c99344c89cebfe4f5df5fa8be43068a18884fc76a29f3206fae98465b9cab?s=96&d=identicon&r=g","url":"https:\/\/secure.gravatar.com\/avatar\/268c99344c89cebfe4f5df5fa8be43068a18884fc76a29f3206fae98465b9cab?s=96&d=identicon&r=g","contentUrl":"https:\/\/secure.gravatar.com\/avatar\/268c99344c89cebfe4f5df5fa8be43068a18884fc76a29f3206fae98465b9cab?s=96&d=identicon&r=g","caption":"V\u00e9ronique Darmangeat"},"sameAs":["https:\/\/www.lactissima.com\/a-tire-d-ailes","www.facebook.com\/consultante.en.lactation"]}]}},"_links":{"self":[{"href":"https:\/\/www.lactissima.com\/a-tire-d-ailes\/wp-json\/wp\/v2\/posts\/1823","targetHints":{"allow":["GET"]}}],"collection":[{"href":"https:\/\/www.lactissima.com\/a-tire-d-ailes\/wp-json\/wp\/v2\/posts"}],"about":[{"href":"https:\/\/www.lactissima.com\/a-tire-d-ailes\/wp-json\/wp\/v2\/types\/post"}],"author":[{"embeddable":true,"href":"https:\/\/www.lactissima.com\/a-tire-d-ailes\/wp-json\/wp\/v2\/users\/170"}],"replies":[{"embeddable":true,"href":"https:\/\/www.lactissima.com\/a-tire-d-ailes\/wp-json\/wp\/v2\/comments?post=1823"}],"version-history":[{"count":17,"href":"https:\/\/www.lactissima.com\/a-tire-d-ailes\/wp-json\/wp\/v2\/posts\/1823\/revisions"}],"predecessor-version":[{"id":5422,"href":"https:\/\/www.lactissima.com\/a-tire-d-ailes\/wp-json\/wp\/v2\/posts\/1823\/revisions\/5422"}],"wp:featuredmedia":[{"embeddable":true,"href":"https:\/\/www.lactissima.com\/a-tire-d-ailes\/wp-json\/wp\/v2\/media\/4169"}],"wp:attachment":[{"href":"https:\/\/www.lactissima.com\/a-tire-d-ailes\/wp-json\/wp\/v2\/media?parent=1823"}],"wp:term":[{"taxonomy":"category","embeddable":true,"href":"https:\/\/www.lactissima.com\/a-tire-d-ailes\/wp-json\/wp\/v2\/categories?post=1823"},{"taxonomy":"post_tag","embeddable":true,"href":"https:\/\/www.lactissima.com\/a-tire-d-ailes\/wp-json\/wp\/v2\/tags?post=1823"}],"curies":[{"name":"wp","href":"https:\/\/api.w.org\/{rel}","templated":true}]}}