{"id":1778,"date":"2010-11-12T20:56:17","date_gmt":"2010-11-12T18:56:17","guid":{"rendered":"https:\/\/www.lactissima.com\/a-tire-d-ailes\/?p=1778"},"modified":"2014-03-15T16:57:28","modified_gmt":"2014-03-15T14:57:28","slug":"feminisme-et-allaitement","status":"publish","type":"post","link":"https:\/\/www.lactissima.com\/a-tire-d-ailes\/feminisme-et-allaitement\/","title":{"rendered":"8 id\u00e9es re\u00e7ues sur les femmes qui travaillent et allaitent."},"content":{"rendered":"<p><a style=\"text-align: justify;\" href=\"https:\/\/www.lactissima.com\/a-tire-d-ailes\/wp-content\/uploads\/2010\/11\/working-girl2.jpg\"><img loading=\"lazy\" decoding=\"async\" class=\"alignright size-full wp-image-4509\" alt=\"f\u00e9minisme et allaitement\" src=\"https:\/\/www.lactissima.com\/a-tire-d-ailes\/wp-content\/uploads\/2010\/11\/working-girl2.jpg\" width=\"240\" height=\"268\" \/><\/a><\/p>\n<ul style=\"text-align: justify;\">\n<li>Ces femmes sont trop <strong>fusionnelles<\/strong> avec leur enfant. Chaque femme qui a d\u00e9j\u00e0 apport\u00e9 son lait \u00e0 la cr\u00e8che a entendu cette reflexion au moins une fois. Et pourtant, rien ne la justifie. Choisir de donner son lait \u00e0 son enfant est une d\u00e9cision <strong>personnelle<\/strong>, du m\u00eame ordre que choisir les aliments que l&rsquo;on proposera au moment de la diversification. Mettre son enfant en cr\u00e8che n&rsquo;est pas synonyme de <strong>sevrage<\/strong>, c&rsquo;est un <strong>choix<\/strong>.<\/li>\n<li>Ces femmes sont toutes des <strong>fanatiques<\/strong> de l&rsquo;allaitement. Choisir d&rsquo;allaiter plus de dix semaines n&rsquo;a rien de fanatique. Les recommandations officielles mentionnent un allaitement exclusif de <strong>six mois<\/strong>. En France, avec un cong\u00e9 maternit\u00e9 qui s&rsquo;arr\u00eate aux deux mois et demi de l&rsquo;enfant, choisir de <strong>poursuivre<\/strong> l&rsquo;allaitement \u00e0 la reprise du travail correspond juste aux <strong>recommandations<\/strong> officielles&#8230;<\/li>\n<\/ul>\n<ul style=\"text-align: justify;\">\n<li>Ces femmes n&rsquo;ont rien compris au <strong>f\u00e9minisme<\/strong>. Certes le f\u00e9minisme des ann\u00e9es 70 a mis \u00e0 mal l&rsquo;allaitement en France. Ce n&rsquo;est pas le cas dans <strong>d&rsquo;autres pays<\/strong> comme la Su\u00e8de par exemple, o\u00f9 les femmes ont revendiqu\u00e9 le droit de <strong>travailler<\/strong> \u00e0 \u00e9galit\u00e9 avec les hommes tout en conservant la possibilit\u00e9 de porter des enfants et de les allaiter, de vivre leur vie de femme ! F\u00e9minisme et allaitement sont compatibles.<\/li>\n<\/ul>\n<ul style=\"text-align: justify;\">\n<li>Ces femmes ne peuvent pas tenir leur <strong>poste<\/strong> correctement. Il n&rsquo;y aucune raison \u00e0 cela. Produire du lait n&rsquo;a jamais <strong>emp\u00each\u00e9 <\/strong>de se servir de ses mains ou de r\u00e9fl\u00e9chir, de parler, de soigner, bref d&rsquo;exercer un <strong>m\u00e9tier<\/strong>. Et si l&rsquo;on choisit de tirer son lait sur le lieu de travail, cela ne signifie pas que l&rsquo;on transforme son <strong>bureau<\/strong> en laiterie&#8230;<\/li>\n<\/ul>\n<ul style=\"text-align: justify;\">\n<li>Ces femmes <strong>perdent<\/strong> du temps sur leur temps de travail. Tirer son lait deux fois sur son lieu de travail prend en moyenne 40 minutes, alors que la <strong>loi<\/strong> pr\u00e9voit une heure. Prendre dix pauses cigarettes dans la journ\u00e9e (moyenne des fumeurs) prend au moins 50 minutes, non pr\u00e9vues dans le code du travail&#8230;<\/li>\n<\/ul>\n<ul style=\"text-align: justify;\">\n<li>Ces femmes ne sont plus que des <strong>m\u00e8res<\/strong>. Toute femme ayant un enfant <strong>conjugue<\/strong> sa vie de femme avec sa vie de m\u00e8re au quotidien. Travailler ne supprime pas le fait d&rsquo;\u00eatre m\u00e8re, allaiter ne transforme pas une femme en <strong>nourrice<\/strong> tel qu&rsquo;on l&rsquo;entendait aux 18e et 19e si\u00e8cles.<\/li>\n<\/ul>\n<ul style=\"text-align: justify;\">\n<li>Ces femmes ne sont pas <strong>nombreuses<\/strong>. C&rsquo;est surtout que de nombreuses femmes <strong>cachent<\/strong> le fait qu&rsquo;elles poursuivent leur allaitement. L&rsquo;allaitement appartient \u00e0 <strong>l&rsquo;intime<\/strong> d&rsquo;une famille et ne se d\u00e9voile que rarement sur son lieu de travail. On n&rsquo;a aucune id\u00e9e aujourd&rsquo;hui du nombre de femmes qui travaillent et allaitent&#8230;et tant mieux !<\/li>\n<\/ul>\n<ul style=\"text-align: justify;\">\n<li>Ces femmes ne peuvent pas \u00eatre <strong>\u00e9l\u00e9gantes<\/strong>. Faux ! Aujourd&rsquo;hui, il est facile de trouver une <strong>garde-robe<\/strong> \u00e9l\u00e9gante qui permette de tirer son lait sur son lieu de travail ou de donner le sein \u00e0 son b\u00e9b\u00e9 quand on va le chercher \u00e0 la cr\u00e8che.<\/li>\n<\/ul>\n<p style=\"text-align: justify;\">Et <strong>vous<\/strong>, \u00e0 quelles id\u00e9es re\u00e7ues avez-vous d\u00fb faire face ?<\/p>\n<p style=\"text-align: justify;\"><strong>Articles en rapport :<\/strong><\/p>\n<ul>\n<li style=\"text-align: justify;\"><a href=\"https:\/\/www.lactissima.com\/a-tire-d-ailes\/?p=1089\">Anecdotes autour de l&rsquo;allaitement.<\/a><\/li>\n<li style=\"text-align: justify;\"><a href=\"https:\/\/www.lactissima.com\/a-tire-d-ailes\/?p=1517\">Petites phrases assassines.<\/a><\/li>\n<\/ul>\n<p>&nbsp;<\/p>\n","protected":false},"excerpt":{"rendered":"<p>Ces femmes sont toutes des fanatiques de l&rsquo;allaitement. Choisir d&rsquo;allaiter plus de dix semaines n&rsquo;a rien de fanatique. Les recommandations officielles mentionnent un allaitement exclusif de six mois. En France, avec un cong\u00e9 maternit\u00e9 qui s&rsquo;arr\u00eate aux deux mois et demi de l&rsquo;enfant, choisir de poursuivre l&rsquo;allaitement \u00e0 la reprise du travail correspond juste aux recommandations officielles&#8230;<\/p>\n","protected":false},"author":170,"featured_media":4509,"comment_status":"open","ping_status":"open","sticky":false,"template":"","format":"standard","meta":{"_et_pb_use_builder":"","_et_pb_old_content":"","_et_gb_content_width":"","footnotes":""},"categories":[36,41],"tags":[49,253,252,254,71],"class_list":["post-1778","post","type-post","status-publish","format-standard","has-post-thumbnail","hentry","category-allaitement-et-travail","category-femmes-et-societe","tag-conge-maternite","tag-feminisme","tag-idees-recues","tag-nourrice","tag-travail-et-allaitement"],"yoast_head":"<!-- This site is optimized with the Yoast SEO plugin v27.4 - https:\/\/yoast.com\/product\/yoast-seo-wordpress\/ -->\n<title>f\u00e9minisme et allaitement<\/title>\n<meta name=\"description\" content=\"Les femmes qui allaitent \u00e0 la reprise du travail ont trouv\u00e9 une fa\u00e7on de conjuguer f\u00e9minisme et allaitement.\" \/>\n<meta name=\"robots\" content=\"index, follow, max-snippet:-1, max-image-preview:large, max-video-preview:-1\" \/>\n<link rel=\"canonical\" href=\"https:\/\/www.lactissima.com\/a-tire-d-ailes\/feminisme-et-allaitement\/\" \/>\n<meta property=\"og:locale\" content=\"fr_FR\" \/>\n<meta property=\"og:type\" content=\"article\" \/>\n<meta property=\"og:title\" content=\"f\u00e9minisme et allaitement\" \/>\n<meta property=\"og:description\" content=\"Les femmes qui allaitent \u00e0 la reprise du travail ont trouv\u00e9 une fa\u00e7on de conjuguer f\u00e9minisme et allaitement.\" \/>\n<meta property=\"og:url\" content=\"https:\/\/www.lactissima.com\/a-tire-d-ailes\/feminisme-et-allaitement\/\" \/>\n<meta property=\"og:site_name\" content=\"A tire d&#039;Ailes\" \/>\n<meta property=\"article:publisher\" content=\"https:\/\/www.facebook.com\/consultante.en.lactation\" \/>\n<meta property=\"article:author\" content=\"www.facebook.com\/consultante.en.lactation\" \/>\n<meta property=\"article:published_time\" content=\"2010-11-12T18:56:17+00:00\" \/>\n<meta property=\"article:modified_time\" content=\"2014-03-15T14:57:28+00:00\" \/>\n<meta property=\"og:image\" content=\"https:\/\/www.lactissima.com\/a-tire-d-ailes\/wp-content\/uploads\/2010\/11\/working-girl2.jpg\" \/>\n\t<meta property=\"og:image:width\" content=\"240\" \/>\n\t<meta property=\"og:image:height\" content=\"268\" \/>\n\t<meta property=\"og:image:type\" content=\"image\/jpeg\" \/>\n<meta name=\"author\" content=\"V\u00e9ronique Darmangeat\" \/>\n<meta name=\"twitter:card\" content=\"summary_large_image\" \/>\n<meta name=\"twitter:creator\" content=\"@VeroniqueIBCLC\" \/>\n<meta name=\"twitter:site\" content=\"@VeroniqueIBCLC\" \/>\n<meta name=\"twitter:label1\" content=\"\u00c9crit par\" \/>\n\t<meta name=\"twitter:data1\" content=\"V\u00e9ronique Darmangeat\" \/>\n\t<meta name=\"twitter:label2\" content=\"Dur\u00e9e de lecture estim\u00e9e\" \/>\n\t<meta name=\"twitter:data2\" content=\"3 minutes\" \/>\n<script type=\"application\/ld+json\" class=\"yoast-schema-graph\">{\"@context\":\"https:\\\/\\\/schema.org\",\"@graph\":[{\"@type\":\"Article\",\"@id\":\"https:\\\/\\\/www.lactissima.com\\\/a-tire-d-ailes\\\/feminisme-et-allaitement\\\/#article\",\"isPartOf\":{\"@id\":\"https:\\\/\\\/www.lactissima.com\\\/a-tire-d-ailes\\\/feminisme-et-allaitement\\\/\"},\"author\":{\"name\":\"V\u00e9ronique Darmangeat\",\"@id\":\"https:\\\/\\\/www.lactissima.com\\\/a-tire-d-ailes\\\/#\\\/schema\\\/person\\\/8f98d3a89530861bc1240e6d53d44eed\"},\"headline\":\"8 id\u00e9es re\u00e7ues sur les femmes qui travaillent et allaitent.\",\"datePublished\":\"2010-11-12T18:56:17+00:00\",\"dateModified\":\"2014-03-15T14:57:28+00:00\",\"mainEntityOfPage\":{\"@id\":\"https:\\\/\\\/www.lactissima.com\\\/a-tire-d-ailes\\\/feminisme-et-allaitement\\\/\"},\"wordCount\":541,\"commentCount\":27,\"image\":{\"@id\":\"https:\\\/\\\/www.lactissima.com\\\/a-tire-d-ailes\\\/feminisme-et-allaitement\\\/#primaryimage\"},\"thumbnailUrl\":\"https:\\\/\\\/www.lactissima.com\\\/a-tire-d-ailes\\\/wp-content\\\/uploads\\\/2010\\\/11\\\/working-girl2.jpg\",\"keywords\":[\"cong\u00e9 maternit\u00e9\",\"f\u00e9minisme\",\"id\u00e9es re\u00e7ues\",\"nourrice\",\"travail et allaitement\"],\"articleSection\":[\"Allaitement et Travail\",\"Femmes et Soci\u00e9t\u00e9\"],\"inLanguage\":\"fr-FR\",\"potentialAction\":[{\"@type\":\"CommentAction\",\"name\":\"Comment\",\"target\":[\"https:\\\/\\\/www.lactissima.com\\\/a-tire-d-ailes\\\/feminisme-et-allaitement\\\/#respond\"]}]},{\"@type\":\"WebPage\",\"@id\":\"https:\\\/\\\/www.lactissima.com\\\/a-tire-d-ailes\\\/feminisme-et-allaitement\\\/\",\"url\":\"https:\\\/\\\/www.lactissima.com\\\/a-tire-d-ailes\\\/feminisme-et-allaitement\\\/\",\"name\":\"f\u00e9minisme et allaitement\",\"isPartOf\":{\"@id\":\"https:\\\/\\\/www.lactissima.com\\\/a-tire-d-ailes\\\/#website\"},\"primaryImageOfPage\":{\"@id\":\"https:\\\/\\\/www.lactissima.com\\\/a-tire-d-ailes\\\/feminisme-et-allaitement\\\/#primaryimage\"},\"image\":{\"@id\":\"https:\\\/\\\/www.lactissima.com\\\/a-tire-d-ailes\\\/feminisme-et-allaitement\\\/#primaryimage\"},\"thumbnailUrl\":\"https:\\\/\\\/www.lactissima.com\\\/a-tire-d-ailes\\\/wp-content\\\/uploads\\\/2010\\\/11\\\/working-girl2.jpg\",\"datePublished\":\"2010-11-12T18:56:17+00:00\",\"dateModified\":\"2014-03-15T14:57:28+00:00\",\"author\":{\"@id\":\"https:\\\/\\\/www.lactissima.com\\\/a-tire-d-ailes\\\/#\\\/schema\\\/person\\\/8f98d3a89530861bc1240e6d53d44eed\"},\"description\":\"Les femmes qui allaitent \u00e0 la reprise du travail ont trouv\u00e9 une fa\u00e7on de conjuguer f\u00e9minisme et allaitement.\",\"breadcrumb\":{\"@id\":\"https:\\\/\\\/www.lactissima.com\\\/a-tire-d-ailes\\\/feminisme-et-allaitement\\\/#breadcrumb\"},\"inLanguage\":\"fr-FR\",\"potentialAction\":[{\"@type\":\"ReadAction\",\"target\":[\"https:\\\/\\\/www.lactissima.com\\\/a-tire-d-ailes\\\/feminisme-et-allaitement\\\/\"]}]},{\"@type\":\"ImageObject\",\"inLanguage\":\"fr-FR\",\"@id\":\"https:\\\/\\\/www.lactissima.com\\\/a-tire-d-ailes\\\/feminisme-et-allaitement\\\/#primaryimage\",\"url\":\"https:\\\/\\\/www.lactissima.com\\\/a-tire-d-ailes\\\/wp-content\\\/uploads\\\/2010\\\/11\\\/working-girl2.jpg\",\"contentUrl\":\"https:\\\/\\\/www.lactissima.com\\\/a-tire-d-ailes\\\/wp-content\\\/uploads\\\/2010\\\/11\\\/working-girl2.jpg\",\"width\":240,\"height\":268,\"caption\":\"m\u00e9canicienne\"},{\"@type\":\"BreadcrumbList\",\"@id\":\"https:\\\/\\\/www.lactissima.com\\\/a-tire-d-ailes\\\/feminisme-et-allaitement\\\/#breadcrumb\",\"itemListElement\":[{\"@type\":\"ListItem\",\"position\":1,\"name\":\"Accueil\",\"item\":\"https:\\\/\\\/www.lactissima.com\\\/a-tire-d-ailes\\\/\"},{\"@type\":\"ListItem\",\"position\":2,\"name\":\"8 id\u00e9es re\u00e7ues sur les femmes qui travaillent et allaitent.\"}]},{\"@type\":\"WebSite\",\"@id\":\"https:\\\/\\\/www.lactissima.com\\\/a-tire-d-ailes\\\/#website\",\"url\":\"https:\\\/\\\/www.lactissima.com\\\/a-tire-d-ailes\\\/\",\"name\":\"A tire d&#039;Ailes\",\"description\":\"Le blog des femmes qui allaitent et travaillent.\",\"potentialAction\":[{\"@type\":\"SearchAction\",\"target\":{\"@type\":\"EntryPoint\",\"urlTemplate\":\"https:\\\/\\\/www.lactissima.com\\\/a-tire-d-ailes\\\/?s={search_term_string}\"},\"query-input\":{\"@type\":\"PropertyValueSpecification\",\"valueRequired\":true,\"valueName\":\"search_term_string\"}}],\"inLanguage\":\"fr-FR\"},{\"@type\":\"Person\",\"@id\":\"https:\\\/\\\/www.lactissima.com\\\/a-tire-d-ailes\\\/#\\\/schema\\\/person\\\/8f98d3a89530861bc1240e6d53d44eed\",\"name\":\"V\u00e9ronique Darmangeat\",\"image\":{\"@type\":\"ImageObject\",\"inLanguage\":\"fr-FR\",\"@id\":\"https:\\\/\\\/secure.gravatar.com\\\/avatar\\\/268c99344c89cebfe4f5df5fa8be43068a18884fc76a29f3206fae98465b9cab?s=96&d=identicon&r=g\",\"url\":\"https:\\\/\\\/secure.gravatar.com\\\/avatar\\\/268c99344c89cebfe4f5df5fa8be43068a18884fc76a29f3206fae98465b9cab?s=96&d=identicon&r=g\",\"contentUrl\":\"https:\\\/\\\/secure.gravatar.com\\\/avatar\\\/268c99344c89cebfe4f5df5fa8be43068a18884fc76a29f3206fae98465b9cab?s=96&d=identicon&r=g\",\"caption\":\"V\u00e9ronique Darmangeat\"},\"sameAs\":[\"https:\\\/\\\/www.lactissima.com\\\/a-tire-d-ailes\",\"www.facebook.com\\\/consultante.en.lactation\"]}]}<\/script>\n<!-- \/ Yoast SEO plugin. -->","yoast_head_json":{"title":"f\u00e9minisme et allaitement","description":"Les femmes qui allaitent \u00e0 la reprise du travail ont trouv\u00e9 une fa\u00e7on de conjuguer f\u00e9minisme et allaitement.","robots":{"index":"index","follow":"follow","max-snippet":"max-snippet:-1","max-image-preview":"max-image-preview:large","max-video-preview":"max-video-preview:-1"},"canonical":"https:\/\/www.lactissima.com\/a-tire-d-ailes\/feminisme-et-allaitement\/","og_locale":"fr_FR","og_type":"article","og_title":"f\u00e9minisme et allaitement","og_description":"Les femmes qui allaitent \u00e0 la reprise du travail ont trouv\u00e9 une fa\u00e7on de conjuguer f\u00e9minisme et allaitement.","og_url":"https:\/\/www.lactissima.com\/a-tire-d-ailes\/feminisme-et-allaitement\/","og_site_name":"A tire d&#039;Ailes","article_publisher":"https:\/\/www.facebook.com\/consultante.en.lactation","article_author":"www.facebook.com\/consultante.en.lactation","article_published_time":"2010-11-12T18:56:17+00:00","article_modified_time":"2014-03-15T14:57:28+00:00","og_image":[{"width":240,"height":268,"url":"https:\/\/www.lactissima.com\/a-tire-d-ailes\/wp-content\/uploads\/2010\/11\/working-girl2.jpg","type":"image\/jpeg"}],"author":"V\u00e9ronique Darmangeat","twitter_card":"summary_large_image","twitter_creator":"@VeroniqueIBCLC","twitter_site":"@VeroniqueIBCLC","twitter_misc":{"\u00c9crit par":"V\u00e9ronique Darmangeat","Dur\u00e9e de lecture estim\u00e9e":"3 minutes"},"schema":{"@context":"https:\/\/schema.org","@graph":[{"@type":"Article","@id":"https:\/\/www.lactissima.com\/a-tire-d-ailes\/feminisme-et-allaitement\/#article","isPartOf":{"@id":"https:\/\/www.lactissima.com\/a-tire-d-ailes\/feminisme-et-allaitement\/"},"author":{"name":"V\u00e9ronique Darmangeat","@id":"https:\/\/www.lactissima.com\/a-tire-d-ailes\/#\/schema\/person\/8f98d3a89530861bc1240e6d53d44eed"},"headline":"8 id\u00e9es re\u00e7ues sur les femmes qui travaillent et allaitent.","datePublished":"2010-11-12T18:56:17+00:00","dateModified":"2014-03-15T14:57:28+00:00","mainEntityOfPage":{"@id":"https:\/\/www.lactissima.com\/a-tire-d-ailes\/feminisme-et-allaitement\/"},"wordCount":541,"commentCount":27,"image":{"@id":"https:\/\/www.lactissima.com\/a-tire-d-ailes\/feminisme-et-allaitement\/#primaryimage"},"thumbnailUrl":"https:\/\/www.lactissima.com\/a-tire-d-ailes\/wp-content\/uploads\/2010\/11\/working-girl2.jpg","keywords":["cong\u00e9 maternit\u00e9","f\u00e9minisme","id\u00e9es re\u00e7ues","nourrice","travail et allaitement"],"articleSection":["Allaitement et Travail","Femmes et Soci\u00e9t\u00e9"],"inLanguage":"fr-FR","potentialAction":[{"@type":"CommentAction","name":"Comment","target":["https:\/\/www.lactissima.com\/a-tire-d-ailes\/feminisme-et-allaitement\/#respond"]}]},{"@type":"WebPage","@id":"https:\/\/www.lactissima.com\/a-tire-d-ailes\/feminisme-et-allaitement\/","url":"https:\/\/www.lactissima.com\/a-tire-d-ailes\/feminisme-et-allaitement\/","name":"f\u00e9minisme et allaitement","isPartOf":{"@id":"https:\/\/www.lactissima.com\/a-tire-d-ailes\/#website"},"primaryImageOfPage":{"@id":"https:\/\/www.lactissima.com\/a-tire-d-ailes\/feminisme-et-allaitement\/#primaryimage"},"image":{"@id":"https:\/\/www.lactissima.com\/a-tire-d-ailes\/feminisme-et-allaitement\/#primaryimage"},"thumbnailUrl":"https:\/\/www.lactissima.com\/a-tire-d-ailes\/wp-content\/uploads\/2010\/11\/working-girl2.jpg","datePublished":"2010-11-12T18:56:17+00:00","dateModified":"2014-03-15T14:57:28+00:00","author":{"@id":"https:\/\/www.lactissima.com\/a-tire-d-ailes\/#\/schema\/person\/8f98d3a89530861bc1240e6d53d44eed"},"description":"Les femmes qui allaitent \u00e0 la reprise du travail ont trouv\u00e9 une fa\u00e7on de conjuguer f\u00e9minisme et allaitement.","breadcrumb":{"@id":"https:\/\/www.lactissima.com\/a-tire-d-ailes\/feminisme-et-allaitement\/#breadcrumb"},"inLanguage":"fr-FR","potentialAction":[{"@type":"ReadAction","target":["https:\/\/www.lactissima.com\/a-tire-d-ailes\/feminisme-et-allaitement\/"]}]},{"@type":"ImageObject","inLanguage":"fr-FR","@id":"https:\/\/www.lactissima.com\/a-tire-d-ailes\/feminisme-et-allaitement\/#primaryimage","url":"https:\/\/www.lactissima.com\/a-tire-d-ailes\/wp-content\/uploads\/2010\/11\/working-girl2.jpg","contentUrl":"https:\/\/www.lactissima.com\/a-tire-d-ailes\/wp-content\/uploads\/2010\/11\/working-girl2.jpg","width":240,"height":268,"caption":"m\u00e9canicienne"},{"@type":"BreadcrumbList","@id":"https:\/\/www.lactissima.com\/a-tire-d-ailes\/feminisme-et-allaitement\/#breadcrumb","itemListElement":[{"@type":"ListItem","position":1,"name":"Accueil","item":"https:\/\/www.lactissima.com\/a-tire-d-ailes\/"},{"@type":"ListItem","position":2,"name":"8 id\u00e9es re\u00e7ues sur les femmes qui travaillent et allaitent."}]},{"@type":"WebSite","@id":"https:\/\/www.lactissima.com\/a-tire-d-ailes\/#website","url":"https:\/\/www.lactissima.com\/a-tire-d-ailes\/","name":"A tire d&#039;Ailes","description":"Le blog des femmes qui allaitent et travaillent.","potentialAction":[{"@type":"SearchAction","target":{"@type":"EntryPoint","urlTemplate":"https:\/\/www.lactissima.com\/a-tire-d-ailes\/?s={search_term_string}"},"query-input":{"@type":"PropertyValueSpecification","valueRequired":true,"valueName":"search_term_string"}}],"inLanguage":"fr-FR"},{"@type":"Person","@id":"https:\/\/www.lactissima.com\/a-tire-d-ailes\/#\/schema\/person\/8f98d3a89530861bc1240e6d53d44eed","name":"V\u00e9ronique Darmangeat","image":{"@type":"ImageObject","inLanguage":"fr-FR","@id":"https:\/\/secure.gravatar.com\/avatar\/268c99344c89cebfe4f5df5fa8be43068a18884fc76a29f3206fae98465b9cab?s=96&d=identicon&r=g","url":"https:\/\/secure.gravatar.com\/avatar\/268c99344c89cebfe4f5df5fa8be43068a18884fc76a29f3206fae98465b9cab?s=96&d=identicon&r=g","contentUrl":"https:\/\/secure.gravatar.com\/avatar\/268c99344c89cebfe4f5df5fa8be43068a18884fc76a29f3206fae98465b9cab?s=96&d=identicon&r=g","caption":"V\u00e9ronique Darmangeat"},"sameAs":["https:\/\/www.lactissima.com\/a-tire-d-ailes","www.facebook.com\/consultante.en.lactation"]}]}},"_links":{"self":[{"href":"https:\/\/www.lactissima.com\/a-tire-d-ailes\/wp-json\/wp\/v2\/posts\/1778","targetHints":{"allow":["GET"]}}],"collection":[{"href":"https:\/\/www.lactissima.com\/a-tire-d-ailes\/wp-json\/wp\/v2\/posts"}],"about":[{"href":"https:\/\/www.lactissima.com\/a-tire-d-ailes\/wp-json\/wp\/v2\/types\/post"}],"author":[{"embeddable":true,"href":"https:\/\/www.lactissima.com\/a-tire-d-ailes\/wp-json\/wp\/v2\/users\/170"}],"replies":[{"embeddable":true,"href":"https:\/\/www.lactissima.com\/a-tire-d-ailes\/wp-json\/wp\/v2\/comments?post=1778"}],"version-history":[{"count":19,"href":"https:\/\/www.lactissima.com\/a-tire-d-ailes\/wp-json\/wp\/v2\/posts\/1778\/revisions"}],"predecessor-version":[{"id":5426,"href":"https:\/\/www.lactissima.com\/a-tire-d-ailes\/wp-json\/wp\/v2\/posts\/1778\/revisions\/5426"}],"wp:featuredmedia":[{"embeddable":true,"href":"https:\/\/www.lactissima.com\/a-tire-d-ailes\/wp-json\/wp\/v2\/media\/4509"}],"wp:attachment":[{"href":"https:\/\/www.lactissima.com\/a-tire-d-ailes\/wp-json\/wp\/v2\/media?parent=1778"}],"wp:term":[{"taxonomy":"category","embeddable":true,"href":"https:\/\/www.lactissima.com\/a-tire-d-ailes\/wp-json\/wp\/v2\/categories?post=1778"},{"taxonomy":"post_tag","embeddable":true,"href":"https:\/\/www.lactissima.com\/a-tire-d-ailes\/wp-json\/wp\/v2\/tags?post=1778"}],"curies":[{"name":"wp","href":"https:\/\/api.w.org\/{rel}","templated":true}]}}