{"id":177,"date":"2009-02-18T19:23:26","date_gmt":"2009-02-18T18:23:26","guid":{"rendered":"https:\/\/www.lactissima.com\/a-tire-d-ailes\/?p=177"},"modified":"2014-03-15T17:19:18","modified_gmt":"2014-03-15T15:19:18","slug":"un-projet-de-loi-mentionnant-lallaitement-et-le-travail","status":"publish","type":"post","link":"https:\/\/www.lactissima.com\/a-tire-d-ailes\/un-projet-de-loi-mentionnant-lallaitement-et-le-travail\/","title":{"rendered":"Un projet de loi mentionnant l&rsquo;allaitement et le travail"},"content":{"rendered":"<p style=\"text-align: justify;\"><strong><\/strong><strong>Information de la salari\u00e9e sur l&rsquo;allaitement maternel au moment de son d\u00e9part en cong\u00e9 maternit\u00e9<\/strong><\/p>\n<p style=\"text-align: justify;\"><em>La Commission des Affaires culturelles, familiales <\/em><em>et sociale <\/em><em>de l&rsquo;Assembl\u00e9e Nationale vient d&rsquo;<strong>adopte<\/strong>r, dans le cadre du <\/em>projet de loi Patients, Sant\u00e9, T\u00e9rritoire, <em> un <a title=\"amendement Allaitement\" href=\"http:\/\/www.assemblee-nationale.fr\/13\/rapports\/r1441-t2.asp#P1887_406842\">amendement <\/a>de Mme<a title=\"Val\u00e9rie Boyer, d\u00e9put\u00e9e\" href=\"http:\/\/www.valerie-boyer.fr\/\"> Val\u00e9rie Boyer<\/a> \u00ab\u00a0pr\u00e9voyant que la salari\u00e9e, au moment de son d\u00e9part de l&rsquo;entreprise en cong\u00e9 de maternit\u00e9 est inform\u00e9e par l&#8217;employeur des dispositions relatives \u00e0 l&rsquo;allaitement maternel.\u00a0\u00bb<\/em><\/p>\n<p style=\"text-align: justify;\">Sa proposition d&rsquo;amendement concernant <em>l&rsquo;obligation aux maternit\u00e9s d&rsquo;informer les parents sur l&rsquo;int\u00e9r\u00eat de l&rsquo;allaitement maternel <\/em>a \u00e9t\u00e9 rejet\u00e9e<em> <\/em><\/p>\n<p style=\"text-align: justify;\">Rejet\u00e9e \u00e9galement<em>, la proposition d&rsquo;obliger les cr\u00e8ches \u00e0 <\/em><em>accepter <\/em><em>les nourrissons  nourris au lait maternel <\/em><em>\u00e0 la demande des parents. <\/em><\/p>\n<p style=\"text-align: justify;\">R\u00e9jouissons-nous de l&rsquo;obligation, de la part de l&#8217;employeur, d&rsquo;informer les m\u00e8res de ce qui est possible de faire au moment du d\u00e9part en cong\u00e9 maternit\u00e9.  Un petit pas, qui incitera, si la loi est vot\u00e9e, \u00e0 ce que les employeurs se demandent ce qu&rsquo;ils font en mati\u00e8re d&rsquo;allaitement maternel.<\/p>\n<p style=\"text-align: justify;\">En revanche, le rejet de l&rsquo;amendement concernant les cr\u00e8ches est d\u00e9solant. L&rsquo;argument invoqu\u00e9 est que cela impose une charge aux collectivit\u00e9s locales.  L\u00e0 , je ne comprends pas&#8230; En quoi accepter le lait des m\u00e8res impose-t-il une charges aux collectivit\u00e9s locales ? En quoi est-ce diff\u00e9rent d&rsquo;un lait industriel ? Il est facile pour une cr\u00e8che de s&rsquo;informer et de former son personnel \u00e0 ce type de pratiques, histoire de vaincre les r\u00e9ticences<a title=\"mon b\u00e9b\u00e9 gard\u00e9 en cr\u00e8che\" href=\"https:\/\/www.lactissima.com\/a-tire-d-ailes\/?p=45\"> (voir mon article pr\u00e9c\u00e9dent)<\/a> , et \u00e0 un co\u00fbt fort ridicule compar\u00e9 aux b\u00e9n\u00e9fices sur la sant\u00e9 du b\u00e9b\u00e9. Je ne parle m\u00eame pas de l&rsquo;impact sur la m\u00e8re, pour qui se type de mesure fait une diff\u00e9rence ENORME.<\/p>\n<p style=\"text-align: justify;\">Comment leur faire comprendre, avez-vous des id\u00e9es ?<\/p>\n<p>&nbsp;<\/p>\n","protected":false},"excerpt":{"rendered":"<p>Amendement au  projet de loi Patients, Sant\u00e9, T\u00e9rritoire : au moment de son d\u00e9part en cong\u00e9 de maternit\u00e9, la salari\u00e9e est inform\u00e9e par l&#8217;employeur des dispositions relatives \u00e0 l&rsquo;allaitement maternel.<\/p>\n","protected":false},"author":4,"featured_media":0,"comment_status":"open","ping_status":"open","sticky":false,"template":"","format":"standard","meta":{"_et_pb_use_builder":"","_et_pb_old_content":"","_et_gb_content_width":"","footnotes":""},"categories":[41,42,45],"tags":[52],"class_list":["post-177","post","type-post","status-publish","format-standard","hentry","category-femmes-et-societe","category-legislation","category-travail-des-femmes","tag-legislationconge-maternite"],"yoast_head":"<!-- This site is optimized with the Yoast SEO plugin v27.4 - https:\/\/yoast.com\/product\/yoast-seo-wordpress\/ -->\n<title>Un projet de loi mentionnant l&#039;allaitement et le travail<\/title>\n<meta name=\"description\" content=\"Amendement au projet de loi Patients, Sant\u00e9, T\u00e9rritoire : au moment de son d\u00e9part en cong\u00e9 de maternit\u00e9, la salari\u00e9e est inform\u00e9e par l&#039;employeur des dispositions relatives \u00e0 l&#039;allaitement maternel.\" \/>\n<meta name=\"robots\" content=\"index, follow, max-snippet:-1, max-image-preview:large, max-video-preview:-1\" \/>\n<link rel=\"canonical\" href=\"https:\/\/www.lactissima.com\/a-tire-d-ailes\/un-projet-de-loi-mentionnant-lallaitement-et-le-travail\/\" \/>\n<meta property=\"og:locale\" content=\"fr_FR\" \/>\n<meta property=\"og:type\" content=\"article\" \/>\n<meta property=\"og:title\" content=\"Un projet de loi mentionnant l&#039;allaitement et le travail\" \/>\n<meta property=\"og:description\" content=\"Amendement au projet de loi Patients, Sant\u00e9, T\u00e9rritoire : au moment de son d\u00e9part en cong\u00e9 de maternit\u00e9, la salari\u00e9e est inform\u00e9e par l&#039;employeur des dispositions relatives \u00e0 l&#039;allaitement maternel.\" \/>\n<meta property=\"og:url\" content=\"https:\/\/www.lactissima.com\/a-tire-d-ailes\/un-projet-de-loi-mentionnant-lallaitement-et-le-travail\/\" \/>\n<meta property=\"og:site_name\" content=\"A tire d&#039;Ailes\" \/>\n<meta property=\"article:publisher\" content=\"https:\/\/www.facebook.com\/consultante.en.lactation\" \/>\n<meta property=\"article:published_time\" content=\"2009-02-18T18:23:26+00:00\" \/>\n<meta property=\"article:modified_time\" content=\"2014-03-15T15:19:18+00:00\" \/>\n<meta name=\"author\" content=\"Christine\" \/>\n<meta name=\"twitter:card\" content=\"summary_large_image\" \/>\n<meta name=\"twitter:creator\" content=\"@VeroniqueIBCLC\" \/>\n<meta name=\"twitter:site\" content=\"@VeroniqueIBCLC\" \/>\n<meta name=\"twitter:label1\" content=\"\u00c9crit par\" \/>\n\t<meta name=\"twitter:data1\" content=\"Christine\" \/>\n\t<meta name=\"twitter:label2\" content=\"Dur\u00e9e de lecture estim\u00e9e\" \/>\n\t<meta name=\"twitter:data2\" content=\"2 minutes\" \/>\n<script type=\"application\/ld+json\" class=\"yoast-schema-graph\">{\"@context\":\"https:\\\/\\\/schema.org\",\"@graph\":[{\"@type\":\"Article\",\"@id\":\"https:\\\/\\\/www.lactissima.com\\\/a-tire-d-ailes\\\/un-projet-de-loi-mentionnant-lallaitement-et-le-travail\\\/#article\",\"isPartOf\":{\"@id\":\"https:\\\/\\\/www.lactissima.com\\\/a-tire-d-ailes\\\/un-projet-de-loi-mentionnant-lallaitement-et-le-travail\\\/\"},\"author\":{\"name\":\"Christine\",\"@id\":\"https:\\\/\\\/www.lactissima.com\\\/a-tire-d-ailes\\\/#\\\/schema\\\/person\\\/24d3b4fa046c81b5f3b4717c8b039b7c\"},\"headline\":\"Un projet de loi mentionnant l&rsquo;allaitement et le travail\",\"datePublished\":\"2009-02-18T18:23:26+00:00\",\"dateModified\":\"2014-03-15T15:19:18+00:00\",\"mainEntityOfPage\":{\"@id\":\"https:\\\/\\\/www.lactissima.com\\\/a-tire-d-ailes\\\/un-projet-de-loi-mentionnant-lallaitement-et-le-travail\\\/\"},\"wordCount\":336,\"commentCount\":5,\"keywords\":[\"l\u00e9gislation;cong\u00e9 maternit\u00e9\"],\"articleSection\":[\"Femmes et Soci\u00e9t\u00e9\",\"L\u00e9gislation\",\"Travail des femmes\"],\"inLanguage\":\"fr-FR\",\"potentialAction\":[{\"@type\":\"CommentAction\",\"name\":\"Comment\",\"target\":[\"https:\\\/\\\/www.lactissima.com\\\/a-tire-d-ailes\\\/un-projet-de-loi-mentionnant-lallaitement-et-le-travail\\\/#respond\"]}]},{\"@type\":\"WebPage\",\"@id\":\"https:\\\/\\\/www.lactissima.com\\\/a-tire-d-ailes\\\/un-projet-de-loi-mentionnant-lallaitement-et-le-travail\\\/\",\"url\":\"https:\\\/\\\/www.lactissima.com\\\/a-tire-d-ailes\\\/un-projet-de-loi-mentionnant-lallaitement-et-le-travail\\\/\",\"name\":\"Un projet de loi mentionnant l'allaitement et le travail\",\"isPartOf\":{\"@id\":\"https:\\\/\\\/www.lactissima.com\\\/a-tire-d-ailes\\\/#website\"},\"datePublished\":\"2009-02-18T18:23:26+00:00\",\"dateModified\":\"2014-03-15T15:19:18+00:00\",\"author\":{\"@id\":\"https:\\\/\\\/www.lactissima.com\\\/a-tire-d-ailes\\\/#\\\/schema\\\/person\\\/24d3b4fa046c81b5f3b4717c8b039b7c\"},\"description\":\"Amendement au projet de loi Patients, Sant\u00e9, T\u00e9rritoire : au moment de son d\u00e9part en cong\u00e9 de maternit\u00e9, la salari\u00e9e est inform\u00e9e par l'employeur des dispositions relatives \u00e0 l'allaitement maternel.\",\"breadcrumb\":{\"@id\":\"https:\\\/\\\/www.lactissima.com\\\/a-tire-d-ailes\\\/un-projet-de-loi-mentionnant-lallaitement-et-le-travail\\\/#breadcrumb\"},\"inLanguage\":\"fr-FR\",\"potentialAction\":[{\"@type\":\"ReadAction\",\"target\":[\"https:\\\/\\\/www.lactissima.com\\\/a-tire-d-ailes\\\/un-projet-de-loi-mentionnant-lallaitement-et-le-travail\\\/\"]}]},{\"@type\":\"BreadcrumbList\",\"@id\":\"https:\\\/\\\/www.lactissima.com\\\/a-tire-d-ailes\\\/un-projet-de-loi-mentionnant-lallaitement-et-le-travail\\\/#breadcrumb\",\"itemListElement\":[{\"@type\":\"ListItem\",\"position\":1,\"name\":\"Accueil\",\"item\":\"https:\\\/\\\/www.lactissima.com\\\/a-tire-d-ailes\\\/\"},{\"@type\":\"ListItem\",\"position\":2,\"name\":\"Un projet de loi mentionnant l&rsquo;allaitement et le travail\"}]},{\"@type\":\"WebSite\",\"@id\":\"https:\\\/\\\/www.lactissima.com\\\/a-tire-d-ailes\\\/#website\",\"url\":\"https:\\\/\\\/www.lactissima.com\\\/a-tire-d-ailes\\\/\",\"name\":\"A tire d&#039;Ailes\",\"description\":\"Le blog des femmes qui allaitent et travaillent.\",\"potentialAction\":[{\"@type\":\"SearchAction\",\"target\":{\"@type\":\"EntryPoint\",\"urlTemplate\":\"https:\\\/\\\/www.lactissima.com\\\/a-tire-d-ailes\\\/?s={search_term_string}\"},\"query-input\":{\"@type\":\"PropertyValueSpecification\",\"valueRequired\":true,\"valueName\":\"search_term_string\"}}],\"inLanguage\":\"fr-FR\"},{\"@type\":\"Person\",\"@id\":\"https:\\\/\\\/www.lactissima.com\\\/a-tire-d-ailes\\\/#\\\/schema\\\/person\\\/24d3b4fa046c81b5f3b4717c8b039b7c\",\"name\":\"Christine\",\"image\":{\"@type\":\"ImageObject\",\"inLanguage\":\"fr-FR\",\"@id\":\"https:\\\/\\\/secure.gravatar.com\\\/avatar\\\/92fe00cebcd8e99f1fc8cd1e375f0d88faad0dd16515887350c0644bd38c9a17?s=96&d=identicon&r=g\",\"url\":\"https:\\\/\\\/secure.gravatar.com\\\/avatar\\\/92fe00cebcd8e99f1fc8cd1e375f0d88faad0dd16515887350c0644bd38c9a17?s=96&d=identicon&r=g\",\"contentUrl\":\"https:\\\/\\\/secure.gravatar.com\\\/avatar\\\/92fe00cebcd8e99f1fc8cd1e375f0d88faad0dd16515887350c0644bd38c9a17?s=96&d=identicon&r=g\",\"caption\":\"Christine\"},\"sameAs\":[\"http:\\\/\\\/\"]}]}<\/script>\n<!-- \/ Yoast SEO plugin. -->","yoast_head_json":{"title":"Un projet de loi mentionnant l'allaitement et le travail","description":"Amendement au projet de loi Patients, Sant\u00e9, T\u00e9rritoire : au moment de son d\u00e9part en cong\u00e9 de maternit\u00e9, la salari\u00e9e est inform\u00e9e par l'employeur des dispositions relatives \u00e0 l'allaitement maternel.","robots":{"index":"index","follow":"follow","max-snippet":"max-snippet:-1","max-image-preview":"max-image-preview:large","max-video-preview":"max-video-preview:-1"},"canonical":"https:\/\/www.lactissima.com\/a-tire-d-ailes\/un-projet-de-loi-mentionnant-lallaitement-et-le-travail\/","og_locale":"fr_FR","og_type":"article","og_title":"Un projet de loi mentionnant l'allaitement et le travail","og_description":"Amendement au projet de loi Patients, Sant\u00e9, T\u00e9rritoire : au moment de son d\u00e9part en cong\u00e9 de maternit\u00e9, la salari\u00e9e est inform\u00e9e par l'employeur des dispositions relatives \u00e0 l'allaitement maternel.","og_url":"https:\/\/www.lactissima.com\/a-tire-d-ailes\/un-projet-de-loi-mentionnant-lallaitement-et-le-travail\/","og_site_name":"A tire d&#039;Ailes","article_publisher":"https:\/\/www.facebook.com\/consultante.en.lactation","article_published_time":"2009-02-18T18:23:26+00:00","article_modified_time":"2014-03-15T15:19:18+00:00","author":"Christine","twitter_card":"summary_large_image","twitter_creator":"@VeroniqueIBCLC","twitter_site":"@VeroniqueIBCLC","twitter_misc":{"\u00c9crit par":"Christine","Dur\u00e9e de lecture estim\u00e9e":"2 minutes"},"schema":{"@context":"https:\/\/schema.org","@graph":[{"@type":"Article","@id":"https:\/\/www.lactissima.com\/a-tire-d-ailes\/un-projet-de-loi-mentionnant-lallaitement-et-le-travail\/#article","isPartOf":{"@id":"https:\/\/www.lactissima.com\/a-tire-d-ailes\/un-projet-de-loi-mentionnant-lallaitement-et-le-travail\/"},"author":{"name":"Christine","@id":"https:\/\/www.lactissima.com\/a-tire-d-ailes\/#\/schema\/person\/24d3b4fa046c81b5f3b4717c8b039b7c"},"headline":"Un projet de loi mentionnant l&rsquo;allaitement et le travail","datePublished":"2009-02-18T18:23:26+00:00","dateModified":"2014-03-15T15:19:18+00:00","mainEntityOfPage":{"@id":"https:\/\/www.lactissima.com\/a-tire-d-ailes\/un-projet-de-loi-mentionnant-lallaitement-et-le-travail\/"},"wordCount":336,"commentCount":5,"keywords":["l\u00e9gislation;cong\u00e9 maternit\u00e9"],"articleSection":["Femmes et Soci\u00e9t\u00e9","L\u00e9gislation","Travail des femmes"],"inLanguage":"fr-FR","potentialAction":[{"@type":"CommentAction","name":"Comment","target":["https:\/\/www.lactissima.com\/a-tire-d-ailes\/un-projet-de-loi-mentionnant-lallaitement-et-le-travail\/#respond"]}]},{"@type":"WebPage","@id":"https:\/\/www.lactissima.com\/a-tire-d-ailes\/un-projet-de-loi-mentionnant-lallaitement-et-le-travail\/","url":"https:\/\/www.lactissima.com\/a-tire-d-ailes\/un-projet-de-loi-mentionnant-lallaitement-et-le-travail\/","name":"Un projet de loi mentionnant l'allaitement et le travail","isPartOf":{"@id":"https:\/\/www.lactissima.com\/a-tire-d-ailes\/#website"},"datePublished":"2009-02-18T18:23:26+00:00","dateModified":"2014-03-15T15:19:18+00:00","author":{"@id":"https:\/\/www.lactissima.com\/a-tire-d-ailes\/#\/schema\/person\/24d3b4fa046c81b5f3b4717c8b039b7c"},"description":"Amendement au projet de loi Patients, Sant\u00e9, T\u00e9rritoire : au moment de son d\u00e9part en cong\u00e9 de maternit\u00e9, la salari\u00e9e est inform\u00e9e par l'employeur des dispositions relatives \u00e0 l'allaitement maternel.","breadcrumb":{"@id":"https:\/\/www.lactissima.com\/a-tire-d-ailes\/un-projet-de-loi-mentionnant-lallaitement-et-le-travail\/#breadcrumb"},"inLanguage":"fr-FR","potentialAction":[{"@type":"ReadAction","target":["https:\/\/www.lactissima.com\/a-tire-d-ailes\/un-projet-de-loi-mentionnant-lallaitement-et-le-travail\/"]}]},{"@type":"BreadcrumbList","@id":"https:\/\/www.lactissima.com\/a-tire-d-ailes\/un-projet-de-loi-mentionnant-lallaitement-et-le-travail\/#breadcrumb","itemListElement":[{"@type":"ListItem","position":1,"name":"Accueil","item":"https:\/\/www.lactissima.com\/a-tire-d-ailes\/"},{"@type":"ListItem","position":2,"name":"Un projet de loi mentionnant l&rsquo;allaitement et le travail"}]},{"@type":"WebSite","@id":"https:\/\/www.lactissima.com\/a-tire-d-ailes\/#website","url":"https:\/\/www.lactissima.com\/a-tire-d-ailes\/","name":"A tire d&#039;Ailes","description":"Le blog des femmes qui allaitent et travaillent.","potentialAction":[{"@type":"SearchAction","target":{"@type":"EntryPoint","urlTemplate":"https:\/\/www.lactissima.com\/a-tire-d-ailes\/?s={search_term_string}"},"query-input":{"@type":"PropertyValueSpecification","valueRequired":true,"valueName":"search_term_string"}}],"inLanguage":"fr-FR"},{"@type":"Person","@id":"https:\/\/www.lactissima.com\/a-tire-d-ailes\/#\/schema\/person\/24d3b4fa046c81b5f3b4717c8b039b7c","name":"Christine","image":{"@type":"ImageObject","inLanguage":"fr-FR","@id":"https:\/\/secure.gravatar.com\/avatar\/92fe00cebcd8e99f1fc8cd1e375f0d88faad0dd16515887350c0644bd38c9a17?s=96&d=identicon&r=g","url":"https:\/\/secure.gravatar.com\/avatar\/92fe00cebcd8e99f1fc8cd1e375f0d88faad0dd16515887350c0644bd38c9a17?s=96&d=identicon&r=g","contentUrl":"https:\/\/secure.gravatar.com\/avatar\/92fe00cebcd8e99f1fc8cd1e375f0d88faad0dd16515887350c0644bd38c9a17?s=96&d=identicon&r=g","caption":"Christine"},"sameAs":["http:\/\/"]}]}},"_links":{"self":[{"href":"https:\/\/www.lactissima.com\/a-tire-d-ailes\/wp-json\/wp\/v2\/posts\/177","targetHints":{"allow":["GET"]}}],"collection":[{"href":"https:\/\/www.lactissima.com\/a-tire-d-ailes\/wp-json\/wp\/v2\/posts"}],"about":[{"href":"https:\/\/www.lactissima.com\/a-tire-d-ailes\/wp-json\/wp\/v2\/types\/post"}],"author":[{"embeddable":true,"href":"https:\/\/www.lactissima.com\/a-tire-d-ailes\/wp-json\/wp\/v2\/users\/4"}],"replies":[{"embeddable":true,"href":"https:\/\/www.lactissima.com\/a-tire-d-ailes\/wp-json\/wp\/v2\/comments?post=177"}],"version-history":[{"count":8,"href":"https:\/\/www.lactissima.com\/a-tire-d-ailes\/wp-json\/wp\/v2\/posts\/177\/revisions"}],"predecessor-version":[{"id":5590,"href":"https:\/\/www.lactissima.com\/a-tire-d-ailes\/wp-json\/wp\/v2\/posts\/177\/revisions\/5590"}],"wp:attachment":[{"href":"https:\/\/www.lactissima.com\/a-tire-d-ailes\/wp-json\/wp\/v2\/media?parent=177"}],"wp:term":[{"taxonomy":"category","embeddable":true,"href":"https:\/\/www.lactissima.com\/a-tire-d-ailes\/wp-json\/wp\/v2\/categories?post=177"},{"taxonomy":"post_tag","embeddable":true,"href":"https:\/\/www.lactissima.com\/a-tire-d-ailes\/wp-json\/wp\/v2\/tags?post=177"}],"curies":[{"name":"wp","href":"https:\/\/api.w.org\/{rel}","templated":true}]}}