{"id":1757,"date":"2010-10-30T09:47:46","date_gmt":"2010-10-30T07:47:46","guid":{"rendered":"https:\/\/www.lactissima.com\/a-tire-d-ailes\/?p=1757"},"modified":"2014-03-15T16:57:52","modified_gmt":"2014-03-15T14:57:52","slug":"allaiter-et-travailler-le-temoignage-danouck","status":"publish","type":"post","link":"https:\/\/www.lactissima.com\/a-tire-d-ailes\/allaiter-et-travailler-le-temoignage-danouck\/","title":{"rendered":"Allaiter et travailler : le t\u00e9moignage d&rsquo;Anouck"},"content":{"rendered":"<ul>\n<li style=\"text-align: justify;\"><strong><a href=\"https:\/\/www.lactissima.com\/a-tire-d-ailes\/wp-content\/uploads\/2010\/10\/Anouck3.jpg\"><img loading=\"lazy\" decoding=\"async\" class=\"alignright size-full wp-image-4513\" alt=\"allaitement et travail\" src=\"https:\/\/www.lactissima.com\/a-tire-d-ailes\/wp-content\/uploads\/2010\/10\/Anouck3.jpg\" width=\"320\" height=\"240\" srcset=\"https:\/\/www.lactissima.com\/a-tire-d-ailes\/wp-content\/uploads\/2010\/10\/Anouck3.jpg 320w, https:\/\/www.lactissima.com\/a-tire-d-ailes\/wp-content\/uploads\/2010\/10\/Anouck3-300x225.jpg 300w\" sizes=\"(max-width: 320px) 100vw, 320px\" \/><\/a>Quel choix avez-vous fait au moment de la reprise du travail : sevrage ou poursuite de l&rsquo;allaitement ? Pourquoi ?<\/strong><\/li>\n<\/ul>\n<p style=\"text-align: justify;\">En fait, Else est mon 3\u00e9me enfant, avant elle Axel a \u00e9t\u00e9 allait\u00e9 8 mois et Nils 4ans et demi&#8230; j&rsquo;ai toujours travaill\u00e9 en allaitant !<br \/>\nJe suis avocate, install\u00e9e seule en lib\u00e9rale, donc m\u00eame quand j&rsquo;ai des enfants, le travail continue. Show must go on &#8230;<\/p>\n<p style=\"text-align: justify;\">Else a presque un an et deux grands fr\u00e8res de 12 et 9 ans. Quand je me suis rendu compte que j&rsquo;\u00e9tais enceinte (la coquine m&rsquo;a fait une belle surprise en mettant de c\u00f4t\u00e9 mon contraceptif \u00c2\u00ab s\u00fbr \u00e0 99% \u00c2\u00bb &#8230;), j&rsquo;avais une activit\u00e9 assez dense. Il a tout de suite fallu que je pense \u00e0 l&rsquo;organisation de mon Cabinet, et aux cons\u00e9quences de sa venue, bref \u00e0 mes choix de priorit\u00e9s.<\/p>\n<p style=\"text-align: justify;\">Pour moi, il \u00e9tait important de continuer \u00e0 avoir du temps pour les grands, d&rsquo;en avoir pour m&rsquo;occuper de ce nouveau b\u00e9b\u00e9, sans n\u00e9gliger mes clients.<br \/>\nL&rsquo;allaitement allait de soi, j&rsquo;ai toujours consid\u00e9r\u00e9 que c&rsquo;\u00e9tait le plus simple pour moi ; avoir son b\u00e9b\u00e9 avec soi, contre soi, le nourrir \u00e0 la demande, dormir avec lui&#8230; tout \u00e7a est assez visc\u00e9ral chez moi !!! j&rsquo;ai un peu lutt\u00e9 contre ma nature avec Axel l&rsquo;a\u00een\u00e9, et ai laiss\u00e9 libre court avec Nils le deuxi\u00e8me&#8230;<\/p>\n<p style=\"text-align: justify;\">Pendant ma grossesse, j&rsquo;ai commenc\u00e9 \u00e0 r\u00e9duire le nombre de nouveaux dossiers tout en continuant \u00e0 m&rsquo;occuper des dossiers d\u00e9j\u00e0 pr\u00e9sents au Cabinet. Puis, deux mois avant la naissance de Else j&rsquo;ai pr\u00e9venu mes clients de mon indisponibilit\u00e9 \u00c2\u00ab temporaire \u00c2\u00bb. Pour les dossiers \u00c2\u00ab chauds \u00c2\u00bb, j&rsquo;ai pr\u00e9par\u00e9 ce que je pouvais \u00e0 l&rsquo;avance (je n&rsquo;ai ni collaborateur, ni secr\u00e9taire)&#8230; la veille de la naissance, j&rsquo;ai lanc\u00e9 un mail indiquant mon absence du bureau pour une semaine&#8230;<br \/>\nMa belle soeur, elle aussi avocate, m&rsquo;a apport\u00e9 son soutien logistique et moral.<br \/>\nEn fait, pendant ce temps, les choses ne sont pass\u00e9s par mail et t\u00e9l\u00e9phone portable mais je n&rsquo;en ai pas souffert car j&rsquo;\u00e9tais en forme, mon b\u00e9b\u00e9 aussi, j&rsquo;\u00e9tais pleine de joie du bel accouchement que je venais d&rsquo;avoir et de cette merveille qu&rsquo;\u00e9tait ma fille.<br \/>\nJe savais que j&rsquo;avais devant moi 9 mois avant que Else aille \u00e0 la cr\u00e8che, ce que je ne pouvais pas lui donner (une maman \u00e0 100% pour elle pendant 10 semaines&#8230;), j&rsquo;allais lui donner en restant 100% avec elle en toutes circonstances pendant 9 mois tout en faisant le reste&#8230;<br \/>\nDonc m\u00e8re et fille, nous sommes devenues \u00c2\u00ab coll\u00e8gues de bureau \u00c2\u00bb quelques heures par jour.<br \/>\nNous sommes all\u00e9es ensemble tous les jours au Cabinet, voir le courrier, les mails, les fax&#8230; et hop une petite ballade. J&rsquo;ai profit\u00e9 de ses siestes pour avancer les dossiers. Elle a t\u00e9t\u00e9 pendant de nombreux coups de t\u00e9l\u00e9phone aux tribunaux, confr\u00e8res et clients&#8230;<br \/>\nAu d\u00e9but, je pensais aller en audience seule&#8230; mais tirer mon lait ou faire un bib n&rsquo;a jamais \u00e9t\u00e9 mon fort, donc aid\u00e9e du Papa, j&rsquo;ai fait mes quelques audiences avec b\u00e9b\u00e9. J&rsquo;ai \u00e9t\u00e9 surprise de voir l&rsquo;air attendri des autres avocats, mais la plupart n&rsquo;ont m\u00eame pas fait le lien entre leur con-soeur et ce b\u00e9b\u00e9 faisant la sieste !!!<\/p>\n<p style=\"text-align: justify;\">Pour les rendez-vous, j&rsquo;en ai fait beaucoup par t\u00e9l\u00e9phone. J&rsquo;ai r\u00e9serv\u00e9 les rendez-vous au Cabinet aux personnes compr\u00e9hensives, qui n&rsquo;\u00e9taient pas choqu\u00e9es de voir une poussette dans le bureau.<br \/>\nMon activit\u00e9 \u00e9tait r\u00e9duite mais existante, cela m&rsquo;a permis de continuer \u00e0 faire fonctionner le Cabinet, tout en ayant la satisfaction d&rsquo;\u00eatre avec ma fille non-stop.<\/p>\n<p style=\"text-align: justify;\">En 9 mois, nous ne nous sommes jamais quitt\u00e9es&#8230; Je reconnais que parfois \u00e7a a \u00e9t\u00e9 dur de jongler&#8230; je me donnais l&rsquo;impression d&rsquo;\u00eatre une \u00e9quilibriste&#8230; Mais le soutien de mon mari et l&rsquo;id\u00e9e de parvenir \u00e0 tout faire m&rsquo;ont \u00e9t\u00e9 tr\u00e8s secourable.<\/p>\n<p style=\"text-align: justify;\">L&rsquo;entr\u00e9e \u00e0 la cr\u00e8che, qui a eu lieu il y a quelques semaines, a \u00e9t\u00e9 une \u00e9preuve, un retour assez brutal \u00e0 la r\u00e9alit\u00e9.<br \/>\nJe me suis interrog\u00e9e sur \u00c2\u00ab pourquoi je la laisse ? \u00c2\u00bb, \u00c2\u00ab cela a t-il un sens ? \u00c2\u00bb, s\u00fbrement oui&#8230;<br \/>\nEn tout cas, les enfants restent ma priorit\u00e9, je me cale sur les horaires scolaires pour travailler : 10h\/16h du lundi au vendredi avec pause le mercredi&#8230; avocat \u00e0 temps partiel mais avec portables \u00e0 port\u00e9e de mains !<\/p>\n<p style=\"text-align: justify;\">Et bien s\u00fbr, je continue l&rsquo;allaitement&#8230; Comme il n&rsquo;y a pas eu de v\u00e9ritable arr\u00eat de travail, il n&rsquo;y a pas eu de vraie reprise et de choix \u00e0 faire sur le sevrage.<\/p>\n<ul style=\"text-align: justify;\">\n<li><strong>Comment vous \u00eates-vous organis\u00e9e ?<\/strong><\/li>\n<\/ul>\n<p style=\"text-align: justify;\">Je ne tire pas mon lait&#8230; Quand nous sommes ensemble, Else t\u00e8te \u00e0 la demande, quand nous ne sommes pas ensemble, elle mange autre chose&#8230;<br \/>\nNous dormons ensemble la nuit, elle peut s&rsquo;en donner \u00e0 coeur joie ! De mon c\u00f4t\u00e9, je ne dors pas super bien mais les gar\u00e7ons m&rsquo;y ont bien entra\u00een\u00e9e en se relayant pour des r\u00e9veils nocturnes&#8230; je n&rsquo;avais pas perdu la main !<br \/>\nEn fait, compte tenu de mes horaires, je ne suis s\u00e9par\u00e9e de Else \u00c2\u00ab que \u00c2\u00bb 24 heures par semaine, le reste du temps, nous sommes assez coll\u00e9es l&rsquo;une \u00e0 l&rsquo;autre. Mais je m&rsquo;occupe aussi de mes fils avec b\u00e9b\u00e9 dans les bras !<\/p>\n<ul style=\"text-align: justify;\">\n<li><strong>Quelles ont \u00e9t\u00e9 vos principales difficult\u00e9s ?<\/strong><\/li>\n<\/ul>\n<p style=\"text-align: justify;\">De devoir, tous les jours, m&rsquo;ajuster aux besoins de chacun de mes enfants&#8230; et ceux de mes clients ! Je n&rsquo;ai plus beaucoup de temps pour le reste&#8230;<br \/>\nMais l&rsquo;allaitement est un atout pour y parvenir : pas besoin d&rsquo;anticiper sur la pr\u00e9paration, toujours pr\u00eat, toujours chaud&#8230; au bon moment !<\/p>\n<p style=\"text-align: justify;\">Je dois quand m\u00eame reconna\u00eetre que les d\u00e9buts ont \u00e9t\u00e9 un peu difficiles. J&rsquo;ai d\u00e9couvert de superbes crevasses d\u00e8s le lendemain de mon accouchement. Je n&rsquo;en avais jamais eu en pr\u00e8s de 6 ans d&rsquo;allaitement&#8230; Cela a \u00e9t\u00e9 vite r\u00e9gl\u00e9 avec l&rsquo;aide des sages femmes de la maternit\u00e9. Mais \u00e7a m&rsquo;a un peu vex\u00e9e&#8230; Le 1<sup>er<\/sup> mois reste difficile m\u00eame au 3<sup>\u00e8me<\/sup> enfant !<\/p>\n<ul style=\"text-align: justify;\">\n<li><strong>Quels ont \u00e9t\u00e9 vos meilleurs moments ?<\/strong><\/li>\n<\/ul>\n<p style=\"text-align: justify;\">Le retour \u00e0 la maison apr\u00e8s l&rsquo;accouchement, les premi\u00e8res vacances \u00e0 5, le premier \u00e9t\u00e9 dans la maison de vacances o\u00f9 il manque maintenant une chambre ! Tous les moments d&rsquo;\u00e9veil de Else et les moments partag\u00e9s avec Axel et Nils, que je n&rsquo;ai pas rat\u00e9&#8230;<\/p>\n<p style=\"text-align: justify;\">La joie et la fiert\u00e9 de ma \u00c2\u00ab petite \u00c2\u00bb famille nombreuse, sans renoncer \u00e0 rien !<\/p>\n<ul style=\"text-align: justify;\">\n<li><strong>Qu&rsquo;est-ce que vous souhaiteriez dire aux mamans qui doivent faire un choix dans les semaines \u00e0 venir ?<\/strong><\/li>\n<\/ul>\n<p style=\"text-align: justify;\">Je pense qu&rsquo;il faut s&rsquo;\u00e9couter et surtout essayer, si \u00e7a marche c&rsquo;est bien, si \u00e7a ne marche, il ne faut pas en faire un drame.<br \/>\nRester souple&#8230; la vie avec un enfant est longue, il y a pleins de mani\u00e8re d&rsquo;\u00eatre ensemble.<br \/>\nParfois, il faut aussi oser aller \u00e0 l&rsquo;encontre de certaines conventions&#8230; avoir de l&rsquo;audace !<br \/>\nEt surtout, ne pas h\u00e9siter \u00e0 demander de l&rsquo;aide et du soutien \u00e0 celles qui connaissent bien l&rsquo;allaitement.<\/p>\n<ul style=\"text-align: justify;\">\n<li><strong>Ce serait \u00e0 refaire, vous referiez le m\u00eame choix ? Que changeriez-vous ?<\/strong><\/li>\n<\/ul>\n<p style=\"text-align: justify;\">La vie m&rsquo;a fait un tr\u00e8s beau cadeau en m&rsquo;apportant Else, alors que je pensais avoir fait le tour de la question, et que pour moi, les b\u00e9b\u00e9s \u00e9taient tr\u00e8s bien chez les autres !<br \/>\nJe pense qu&rsquo;elle sera la derni\u00e8re de la fratrie&#8230; mais si un autre bout de chou d\u00e9cide qu&rsquo;il y a encore un peu de place chez nous, je referai pareil ! Maintenant, je me connais et je sais comment je fonctionne. M\u00eame s&rsquo;il faut beaucoup d&rsquo;\u00e9nergie et un tr\u00e8s bon mari pour arriver \u00e0 tout faire sans nounou, femme de m\u00e9nage, secr\u00e9taire ou collaborateur&#8230;<\/p>\n<p style=\"text-align: justify;\">L&rsquo;allaitement n&rsquo;est pas pour moi un obstacle ou une contrainte, mais une fa\u00e7on d&rsquo;\u00eatre ensemble, un mode de relation familial, donc si c&rsquo;\u00e9tait \u00e0 refaire&#8230;<\/p>\n<p style=\"text-align: justify;\"><strong>Articles en rapport :<\/strong><\/p>\n<ul>\n<li style=\"text-align: justify;\"><a href=\"https:\/\/www.lactissima.com\/a-tire-d-ailes\/?p=1563\">Allaiter et travailler : le t\u00e9moignage d&rsquo;Anne-Laure<\/a><\/li>\n<li style=\"text-align: justify;\"><a href=\"https:\/\/www.lactissima.com\/a-tire-d-ailes\/?p=1552\">Allaiter et travailler : le t\u00e9moignage de Lucie<\/a><\/li>\n<li style=\"text-align: justify;\"><a href=\"https:\/\/www.lactissima.com\/a-tire-d-ailes\/?p=1508\">Allaiter et travailler : le t\u00e9moignage de Sophie<\/a><\/li>\n<li style=\"text-align: justify;\"><a href=\"https:\/\/www.lactissima.com\/a-tire-d-ailes\/?p=1443\">Allaiter et travailler : le t\u00e9moignage de Sandrine<\/a><\/li>\n<li style=\"text-align: justify;\"><a href=\"https:\/\/www.lactissima.com\/a-tire-d-ailes\/?p=1420\">Allaiter et travailler : le t\u00e9moignage d&rsquo;Agn\u00e8s<\/a><\/li>\n<li style=\"text-align: justify;\"><a href=\"https:\/\/www.lactissima.com\/a-tire-d-ailes\/?p=1333\">Allaiter et travailler : le t\u00e9moignage d&rsquo;une lectrice<\/a><\/li>\n<li style=\"text-align: justify;\"><a href=\"https:\/\/www.lactissima.com\/a-tire-d-ailes\/?p=1169\">Allaiter et travailler : le t\u00e9moignage de Karine<\/a><\/li>\n<li style=\"text-align: justify;\"><a href=\"https:\/\/www.lactissima.com\/a-tire-d-ailes\/?p=1011\">Allaiter et travailler : le t\u00e9moignage de Sylvie<\/a><\/li>\n<li style=\"text-align: justify;\"><a href=\"https:\/\/www.lactissima.com\/a-tire-d-ailes\/?p=903\">Allaiter et travailler : le t\u00e9moignage de Marianne<\/a><\/li>\n<li style=\"text-align: justify;\"><a href=\"https:\/\/www.lactissima.com\/a-tire-d-ailes\/?p=885\">Allaiter et travailler : le t\u00e9moignage de Sabine<\/a><\/li>\n<li style=\"text-align: justify;\"><a href=\"https:\/\/www.lactissima.com\/a-tire-d-ailes\/?p=873\">Allaiter et travailler : le t\u00e9moignage de C\u00e9cile<\/a><\/li>\n<li style=\"text-align: justify;\"><a href=\"https:\/\/www.lactissima.com\/a-tire-d-ailes\/?p=782\">Allaiter et travailler : le t\u00e9moignage de Sophie<\/a><\/li>\n<li style=\"text-align: justify;\"><a href=\"https:\/\/www.lactissima.com\/a-tire-d-ailes\/?p=778\">Allaiter et travailler : le t\u00e9moignage d&rsquo;Alexia<\/a><\/li>\n<li style=\"text-align: justify;\"><a href=\"https:\/\/www.lactissima.com\/a-tire-d-ailes\/?p=730\">Allaiter et travailler : le t\u00e9moignage de Sibylle<\/a><\/li>\n<li style=\"text-align: justify;\"><a href=\"https:\/\/www.lactissima.com\/a-tire-d-ailes\/?p=715\">Allaiter et travailler : le t\u00e9moignage de Clara<\/a><\/li>\n<li style=\"text-align: justify;\"><a href=\"https:\/\/www.lactissima.com\/a-tire-d-ailes\/?p=648\">Allaiter et travailler : le t\u00e9moignage de Florence<\/a><\/li>\n<li style=\"text-align: justify;\"><a href=\"https:\/\/www.lactissima.com\/a-tire-d-ailes\/?p=735\">Allaiter et travailler : le t\u00e9moignage de Virginie<\/a><\/li>\n<li style=\"text-align: justify;\"><a href=\"https:\/\/www.lactissima.com\/a-tire-d-ailes\/?p=771\">Allaiter et travailler : le t\u00e9moignage de B\u00e9atrice<\/a><\/li>\n<\/ul>\n<p>&nbsp;<\/p>\n","protected":false},"excerpt":{"rendered":"<p>L&rsquo;allaitement n&rsquo;est pas pour moi un obstacle ou une contrainte, mais une fa\u00e7on d&rsquo;\u00eatre ensemble, un mode de relation familial, donc si c&rsquo;\u00e9tait \u00e0 refaire&#8230;<\/p>\n","protected":false},"author":170,"featured_media":4513,"comment_status":"open","ping_status":"open","sticky":false,"template":"","format":"standard","meta":{"_et_pb_use_builder":"","_et_pb_old_content":"","_et_gb_content_width":"","footnotes":""},"categories":[35,36,150],"tags":[681,251,50],"class_list":["post-1757","post","type-post","status-publish","format-standard","has-post-thumbnail","hentry","category-allaitement","category-allaitement-et-travail","category-temoignages","tag-allaitement-et-travail","tag-avocat","tag-creche"],"yoast_head":"<!-- This site is optimized with the Yoast SEO plugin v27.4 - https:\/\/yoast.com\/product\/yoast-seo-wordpress\/ -->\n<title>Allaiter et travailler : le t\u00e9moignage d&#039;Anouck<\/title>\n<meta name=\"description\" content=\"L&#039;allaitement n&#039;est pas pour moi un obstacle ou une contrainte, mais une fa\u00e7on d&#039;\u00eatre ensemble, un mode de relation familial, donc si c&#039;\u00e9tait \u00e0 refaire...\" \/>\n<meta name=\"robots\" content=\"index, follow, max-snippet:-1, max-image-preview:large, max-video-preview:-1\" \/>\n<link rel=\"canonical\" href=\"https:\/\/www.lactissima.com\/a-tire-d-ailes\/allaiter-et-travailler-le-temoignage-danouck\/\" \/>\n<meta property=\"og:locale\" content=\"fr_FR\" \/>\n<meta property=\"og:type\" content=\"article\" \/>\n<meta property=\"og:title\" content=\"Allaiter et travailler : le t\u00e9moignage d&#039;Anouck\" \/>\n<meta property=\"og:description\" content=\"L&#039;allaitement n&#039;est pas pour moi un obstacle ou une contrainte, mais une fa\u00e7on d&#039;\u00eatre ensemble, un mode de relation familial, donc si c&#039;\u00e9tait \u00e0 refaire...\" \/>\n<meta property=\"og:url\" content=\"https:\/\/www.lactissima.com\/a-tire-d-ailes\/allaiter-et-travailler-le-temoignage-danouck\/\" \/>\n<meta property=\"og:site_name\" content=\"A tire d&#039;Ailes\" \/>\n<meta property=\"article:publisher\" content=\"https:\/\/www.facebook.com\/consultante.en.lactation\" \/>\n<meta property=\"article:author\" content=\"www.facebook.com\/consultante.en.lactation\" \/>\n<meta property=\"article:published_time\" content=\"2010-10-30T07:47:46+00:00\" \/>\n<meta property=\"article:modified_time\" content=\"2014-03-15T14:57:52+00:00\" \/>\n<meta property=\"og:image\" content=\"https:\/\/www.lactissima.com\/a-tire-d-ailes\/wp-content\/uploads\/2010\/10\/Anouck3.jpg\" \/>\n\t<meta property=\"og:image:width\" content=\"320\" \/>\n\t<meta property=\"og:image:height\" content=\"240\" \/>\n\t<meta property=\"og:image:type\" content=\"image\/jpeg\" \/>\n<meta name=\"author\" content=\"V\u00e9ronique Darmangeat\" \/>\n<meta name=\"twitter:card\" content=\"summary_large_image\" \/>\n<meta name=\"twitter:creator\" content=\"@VeroniqueIBCLC\" \/>\n<meta name=\"twitter:site\" content=\"@VeroniqueIBCLC\" \/>\n<meta name=\"twitter:label1\" content=\"\u00c9crit par\" \/>\n\t<meta name=\"twitter:data1\" content=\"V\u00e9ronique Darmangeat\" \/>\n\t<meta name=\"twitter:label2\" content=\"Dur\u00e9e de lecture estim\u00e9e\" \/>\n\t<meta name=\"twitter:data2\" content=\"7 minutes\" \/>\n<script type=\"application\/ld+json\" class=\"yoast-schema-graph\">{\"@context\":\"https:\\\/\\\/schema.org\",\"@graph\":[{\"@type\":\"Article\",\"@id\":\"https:\\\/\\\/www.lactissima.com\\\/a-tire-d-ailes\\\/allaiter-et-travailler-le-temoignage-danouck\\\/#article\",\"isPartOf\":{\"@id\":\"https:\\\/\\\/www.lactissima.com\\\/a-tire-d-ailes\\\/allaiter-et-travailler-le-temoignage-danouck\\\/\"},\"author\":{\"name\":\"V\u00e9ronique Darmangeat\",\"@id\":\"https:\\\/\\\/www.lactissima.com\\\/a-tire-d-ailes\\\/#\\\/schema\\\/person\\\/8f98d3a89530861bc1240e6d53d44eed\"},\"headline\":\"Allaiter et travailler : le t\u00e9moignage d&rsquo;Anouck\",\"datePublished\":\"2010-10-30T07:47:46+00:00\",\"dateModified\":\"2014-03-15T14:57:52+00:00\",\"mainEntityOfPage\":{\"@id\":\"https:\\\/\\\/www.lactissima.com\\\/a-tire-d-ailes\\\/allaiter-et-travailler-le-temoignage-danouck\\\/\"},\"wordCount\":1539,\"commentCount\":6,\"image\":{\"@id\":\"https:\\\/\\\/www.lactissima.com\\\/a-tire-d-ailes\\\/allaiter-et-travailler-le-temoignage-danouck\\\/#primaryimage\"},\"thumbnailUrl\":\"https:\\\/\\\/www.lactissima.com\\\/a-tire-d-ailes\\\/wp-content\\\/uploads\\\/2010\\\/10\\\/Anouck3.jpg\",\"keywords\":[\"Allaitement et Travail\",\"avocat\",\"cr\u00e8che\"],\"articleSection\":[\"Allaitement\",\"Allaitement et Travail\",\"t\u00e9moignages\"],\"inLanguage\":\"fr-FR\",\"potentialAction\":[{\"@type\":\"CommentAction\",\"name\":\"Comment\",\"target\":[\"https:\\\/\\\/www.lactissima.com\\\/a-tire-d-ailes\\\/allaiter-et-travailler-le-temoignage-danouck\\\/#respond\"]}]},{\"@type\":\"WebPage\",\"@id\":\"https:\\\/\\\/www.lactissima.com\\\/a-tire-d-ailes\\\/allaiter-et-travailler-le-temoignage-danouck\\\/\",\"url\":\"https:\\\/\\\/www.lactissima.com\\\/a-tire-d-ailes\\\/allaiter-et-travailler-le-temoignage-danouck\\\/\",\"name\":\"Allaiter et travailler : le t\u00e9moignage d'Anouck\",\"isPartOf\":{\"@id\":\"https:\\\/\\\/www.lactissima.com\\\/a-tire-d-ailes\\\/#website\"},\"primaryImageOfPage\":{\"@id\":\"https:\\\/\\\/www.lactissima.com\\\/a-tire-d-ailes\\\/allaiter-et-travailler-le-temoignage-danouck\\\/#primaryimage\"},\"image\":{\"@id\":\"https:\\\/\\\/www.lactissima.com\\\/a-tire-d-ailes\\\/allaiter-et-travailler-le-temoignage-danouck\\\/#primaryimage\"},\"thumbnailUrl\":\"https:\\\/\\\/www.lactissima.com\\\/a-tire-d-ailes\\\/wp-content\\\/uploads\\\/2010\\\/10\\\/Anouck3.jpg\",\"datePublished\":\"2010-10-30T07:47:46+00:00\",\"dateModified\":\"2014-03-15T14:57:52+00:00\",\"author\":{\"@id\":\"https:\\\/\\\/www.lactissima.com\\\/a-tire-d-ailes\\\/#\\\/schema\\\/person\\\/8f98d3a89530861bc1240e6d53d44eed\"},\"description\":\"L'allaitement n'est pas pour moi un obstacle ou une contrainte, mais une fa\u00e7on d'\u00eatre ensemble, un mode de relation familial, donc si c'\u00e9tait \u00e0 refaire...\",\"breadcrumb\":{\"@id\":\"https:\\\/\\\/www.lactissima.com\\\/a-tire-d-ailes\\\/allaiter-et-travailler-le-temoignage-danouck\\\/#breadcrumb\"},\"inLanguage\":\"fr-FR\",\"potentialAction\":[{\"@type\":\"ReadAction\",\"target\":[\"https:\\\/\\\/www.lactissima.com\\\/a-tire-d-ailes\\\/allaiter-et-travailler-le-temoignage-danouck\\\/\"]}]},{\"@type\":\"ImageObject\",\"inLanguage\":\"fr-FR\",\"@id\":\"https:\\\/\\\/www.lactissima.com\\\/a-tire-d-ailes\\\/allaiter-et-travailler-le-temoignage-danouck\\\/#primaryimage\",\"url\":\"https:\\\/\\\/www.lactissima.com\\\/a-tire-d-ailes\\\/wp-content\\\/uploads\\\/2010\\\/10\\\/Anouck3.jpg\",\"contentUrl\":\"https:\\\/\\\/www.lactissima.com\\\/a-tire-d-ailes\\\/wp-content\\\/uploads\\\/2010\\\/10\\\/Anouck3.jpg\",\"width\":320,\"height\":240,\"caption\":\"allaitement et travail\"},{\"@type\":\"BreadcrumbList\",\"@id\":\"https:\\\/\\\/www.lactissima.com\\\/a-tire-d-ailes\\\/allaiter-et-travailler-le-temoignage-danouck\\\/#breadcrumb\",\"itemListElement\":[{\"@type\":\"ListItem\",\"position\":1,\"name\":\"Accueil\",\"item\":\"https:\\\/\\\/www.lactissima.com\\\/a-tire-d-ailes\\\/\"},{\"@type\":\"ListItem\",\"position\":2,\"name\":\"Allaiter et travailler : le t\u00e9moignage d&rsquo;Anouck\"}]},{\"@type\":\"WebSite\",\"@id\":\"https:\\\/\\\/www.lactissima.com\\\/a-tire-d-ailes\\\/#website\",\"url\":\"https:\\\/\\\/www.lactissima.com\\\/a-tire-d-ailes\\\/\",\"name\":\"A tire d&#039;Ailes\",\"description\":\"Le blog des femmes qui allaitent et travaillent.\",\"potentialAction\":[{\"@type\":\"SearchAction\",\"target\":{\"@type\":\"EntryPoint\",\"urlTemplate\":\"https:\\\/\\\/www.lactissima.com\\\/a-tire-d-ailes\\\/?s={search_term_string}\"},\"query-input\":{\"@type\":\"PropertyValueSpecification\",\"valueRequired\":true,\"valueName\":\"search_term_string\"}}],\"inLanguage\":\"fr-FR\"},{\"@type\":\"Person\",\"@id\":\"https:\\\/\\\/www.lactissima.com\\\/a-tire-d-ailes\\\/#\\\/schema\\\/person\\\/8f98d3a89530861bc1240e6d53d44eed\",\"name\":\"V\u00e9ronique Darmangeat\",\"image\":{\"@type\":\"ImageObject\",\"inLanguage\":\"fr-FR\",\"@id\":\"https:\\\/\\\/secure.gravatar.com\\\/avatar\\\/268c99344c89cebfe4f5df5fa8be43068a18884fc76a29f3206fae98465b9cab?s=96&d=identicon&r=g\",\"url\":\"https:\\\/\\\/secure.gravatar.com\\\/avatar\\\/268c99344c89cebfe4f5df5fa8be43068a18884fc76a29f3206fae98465b9cab?s=96&d=identicon&r=g\",\"contentUrl\":\"https:\\\/\\\/secure.gravatar.com\\\/avatar\\\/268c99344c89cebfe4f5df5fa8be43068a18884fc76a29f3206fae98465b9cab?s=96&d=identicon&r=g\",\"caption\":\"V\u00e9ronique Darmangeat\"},\"sameAs\":[\"https:\\\/\\\/www.lactissima.com\\\/a-tire-d-ailes\",\"www.facebook.com\\\/consultante.en.lactation\"]}]}<\/script>\n<!-- \/ Yoast SEO plugin. -->","yoast_head_json":{"title":"Allaiter et travailler : le t\u00e9moignage d'Anouck","description":"L'allaitement n'est pas pour moi un obstacle ou une contrainte, mais une fa\u00e7on d'\u00eatre ensemble, un mode de relation familial, donc si c'\u00e9tait \u00e0 refaire...","robots":{"index":"index","follow":"follow","max-snippet":"max-snippet:-1","max-image-preview":"max-image-preview:large","max-video-preview":"max-video-preview:-1"},"canonical":"https:\/\/www.lactissima.com\/a-tire-d-ailes\/allaiter-et-travailler-le-temoignage-danouck\/","og_locale":"fr_FR","og_type":"article","og_title":"Allaiter et travailler : le t\u00e9moignage d'Anouck","og_description":"L'allaitement n'est pas pour moi un obstacle ou une contrainte, mais une fa\u00e7on d'\u00eatre ensemble, un mode de relation familial, donc si c'\u00e9tait \u00e0 refaire...","og_url":"https:\/\/www.lactissima.com\/a-tire-d-ailes\/allaiter-et-travailler-le-temoignage-danouck\/","og_site_name":"A tire d&#039;Ailes","article_publisher":"https:\/\/www.facebook.com\/consultante.en.lactation","article_author":"www.facebook.com\/consultante.en.lactation","article_published_time":"2010-10-30T07:47:46+00:00","article_modified_time":"2014-03-15T14:57:52+00:00","og_image":[{"width":320,"height":240,"url":"https:\/\/www.lactissima.com\/a-tire-d-ailes\/wp-content\/uploads\/2010\/10\/Anouck3.jpg","type":"image\/jpeg"}],"author":"V\u00e9ronique Darmangeat","twitter_card":"summary_large_image","twitter_creator":"@VeroniqueIBCLC","twitter_site":"@VeroniqueIBCLC","twitter_misc":{"\u00c9crit par":"V\u00e9ronique Darmangeat","Dur\u00e9e de lecture estim\u00e9e":"7 minutes"},"schema":{"@context":"https:\/\/schema.org","@graph":[{"@type":"Article","@id":"https:\/\/www.lactissima.com\/a-tire-d-ailes\/allaiter-et-travailler-le-temoignage-danouck\/#article","isPartOf":{"@id":"https:\/\/www.lactissima.com\/a-tire-d-ailes\/allaiter-et-travailler-le-temoignage-danouck\/"},"author":{"name":"V\u00e9ronique Darmangeat","@id":"https:\/\/www.lactissima.com\/a-tire-d-ailes\/#\/schema\/person\/8f98d3a89530861bc1240e6d53d44eed"},"headline":"Allaiter et travailler : le t\u00e9moignage d&rsquo;Anouck","datePublished":"2010-10-30T07:47:46+00:00","dateModified":"2014-03-15T14:57:52+00:00","mainEntityOfPage":{"@id":"https:\/\/www.lactissima.com\/a-tire-d-ailes\/allaiter-et-travailler-le-temoignage-danouck\/"},"wordCount":1539,"commentCount":6,"image":{"@id":"https:\/\/www.lactissima.com\/a-tire-d-ailes\/allaiter-et-travailler-le-temoignage-danouck\/#primaryimage"},"thumbnailUrl":"https:\/\/www.lactissima.com\/a-tire-d-ailes\/wp-content\/uploads\/2010\/10\/Anouck3.jpg","keywords":["Allaitement et Travail","avocat","cr\u00e8che"],"articleSection":["Allaitement","Allaitement et Travail","t\u00e9moignages"],"inLanguage":"fr-FR","potentialAction":[{"@type":"CommentAction","name":"Comment","target":["https:\/\/www.lactissima.com\/a-tire-d-ailes\/allaiter-et-travailler-le-temoignage-danouck\/#respond"]}]},{"@type":"WebPage","@id":"https:\/\/www.lactissima.com\/a-tire-d-ailes\/allaiter-et-travailler-le-temoignage-danouck\/","url":"https:\/\/www.lactissima.com\/a-tire-d-ailes\/allaiter-et-travailler-le-temoignage-danouck\/","name":"Allaiter et travailler : le t\u00e9moignage d'Anouck","isPartOf":{"@id":"https:\/\/www.lactissima.com\/a-tire-d-ailes\/#website"},"primaryImageOfPage":{"@id":"https:\/\/www.lactissima.com\/a-tire-d-ailes\/allaiter-et-travailler-le-temoignage-danouck\/#primaryimage"},"image":{"@id":"https:\/\/www.lactissima.com\/a-tire-d-ailes\/allaiter-et-travailler-le-temoignage-danouck\/#primaryimage"},"thumbnailUrl":"https:\/\/www.lactissima.com\/a-tire-d-ailes\/wp-content\/uploads\/2010\/10\/Anouck3.jpg","datePublished":"2010-10-30T07:47:46+00:00","dateModified":"2014-03-15T14:57:52+00:00","author":{"@id":"https:\/\/www.lactissima.com\/a-tire-d-ailes\/#\/schema\/person\/8f98d3a89530861bc1240e6d53d44eed"},"description":"L'allaitement n'est pas pour moi un obstacle ou une contrainte, mais une fa\u00e7on d'\u00eatre ensemble, un mode de relation familial, donc si c'\u00e9tait \u00e0 refaire...","breadcrumb":{"@id":"https:\/\/www.lactissima.com\/a-tire-d-ailes\/allaiter-et-travailler-le-temoignage-danouck\/#breadcrumb"},"inLanguage":"fr-FR","potentialAction":[{"@type":"ReadAction","target":["https:\/\/www.lactissima.com\/a-tire-d-ailes\/allaiter-et-travailler-le-temoignage-danouck\/"]}]},{"@type":"ImageObject","inLanguage":"fr-FR","@id":"https:\/\/www.lactissima.com\/a-tire-d-ailes\/allaiter-et-travailler-le-temoignage-danouck\/#primaryimage","url":"https:\/\/www.lactissima.com\/a-tire-d-ailes\/wp-content\/uploads\/2010\/10\/Anouck3.jpg","contentUrl":"https:\/\/www.lactissima.com\/a-tire-d-ailes\/wp-content\/uploads\/2010\/10\/Anouck3.jpg","width":320,"height":240,"caption":"allaitement et travail"},{"@type":"BreadcrumbList","@id":"https:\/\/www.lactissima.com\/a-tire-d-ailes\/allaiter-et-travailler-le-temoignage-danouck\/#breadcrumb","itemListElement":[{"@type":"ListItem","position":1,"name":"Accueil","item":"https:\/\/www.lactissima.com\/a-tire-d-ailes\/"},{"@type":"ListItem","position":2,"name":"Allaiter et travailler : le t\u00e9moignage d&rsquo;Anouck"}]},{"@type":"WebSite","@id":"https:\/\/www.lactissima.com\/a-tire-d-ailes\/#website","url":"https:\/\/www.lactissima.com\/a-tire-d-ailes\/","name":"A tire d&#039;Ailes","description":"Le blog des femmes qui allaitent et travaillent.","potentialAction":[{"@type":"SearchAction","target":{"@type":"EntryPoint","urlTemplate":"https:\/\/www.lactissima.com\/a-tire-d-ailes\/?s={search_term_string}"},"query-input":{"@type":"PropertyValueSpecification","valueRequired":true,"valueName":"search_term_string"}}],"inLanguage":"fr-FR"},{"@type":"Person","@id":"https:\/\/www.lactissima.com\/a-tire-d-ailes\/#\/schema\/person\/8f98d3a89530861bc1240e6d53d44eed","name":"V\u00e9ronique Darmangeat","image":{"@type":"ImageObject","inLanguage":"fr-FR","@id":"https:\/\/secure.gravatar.com\/avatar\/268c99344c89cebfe4f5df5fa8be43068a18884fc76a29f3206fae98465b9cab?s=96&d=identicon&r=g","url":"https:\/\/secure.gravatar.com\/avatar\/268c99344c89cebfe4f5df5fa8be43068a18884fc76a29f3206fae98465b9cab?s=96&d=identicon&r=g","contentUrl":"https:\/\/secure.gravatar.com\/avatar\/268c99344c89cebfe4f5df5fa8be43068a18884fc76a29f3206fae98465b9cab?s=96&d=identicon&r=g","caption":"V\u00e9ronique Darmangeat"},"sameAs":["https:\/\/www.lactissima.com\/a-tire-d-ailes","www.facebook.com\/consultante.en.lactation"]}]}},"_links":{"self":[{"href":"https:\/\/www.lactissima.com\/a-tire-d-ailes\/wp-json\/wp\/v2\/posts\/1757","targetHints":{"allow":["GET"]}}],"collection":[{"href":"https:\/\/www.lactissima.com\/a-tire-d-ailes\/wp-json\/wp\/v2\/posts"}],"about":[{"href":"https:\/\/www.lactissima.com\/a-tire-d-ailes\/wp-json\/wp\/v2\/types\/post"}],"author":[{"embeddable":true,"href":"https:\/\/www.lactissima.com\/a-tire-d-ailes\/wp-json\/wp\/v2\/users\/170"}],"replies":[{"embeddable":true,"href":"https:\/\/www.lactissima.com\/a-tire-d-ailes\/wp-json\/wp\/v2\/comments?post=1757"}],"version-history":[{"count":13,"href":"https:\/\/www.lactissima.com\/a-tire-d-ailes\/wp-json\/wp\/v2\/posts\/1757\/revisions"}],"predecessor-version":[{"id":5430,"href":"https:\/\/www.lactissima.com\/a-tire-d-ailes\/wp-json\/wp\/v2\/posts\/1757\/revisions\/5430"}],"wp:featuredmedia":[{"embeddable":true,"href":"https:\/\/www.lactissima.com\/a-tire-d-ailes\/wp-json\/wp\/v2\/media\/4513"}],"wp:attachment":[{"href":"https:\/\/www.lactissima.com\/a-tire-d-ailes\/wp-json\/wp\/v2\/media?parent=1757"}],"wp:term":[{"taxonomy":"category","embeddable":true,"href":"https:\/\/www.lactissima.com\/a-tire-d-ailes\/wp-json\/wp\/v2\/categories?post=1757"},{"taxonomy":"post_tag","embeddable":true,"href":"https:\/\/www.lactissima.com\/a-tire-d-ailes\/wp-json\/wp\/v2\/tags?post=1757"}],"curies":[{"name":"wp","href":"https:\/\/api.w.org\/{rel}","templated":true}]}}