{"id":1728,"date":"2010-10-24T16:25:32","date_gmt":"2010-10-24T14:25:32","guid":{"rendered":"https:\/\/www.lactissima.com\/a-tire-d-ailes\/?p=1728"},"modified":"2021-03-15T19:02:10","modified_gmt":"2021-03-15T18:02:10","slug":"interview-de-gaelle-picut-du-blog-en-aparte-2","status":"publish","type":"post","link":"https:\/\/www.lactissima.com\/a-tire-d-ailes\/interview-de-gaelle-picut-du-blog-en-aparte-2\/","title":{"rendered":"Interview de Ga\u00c3\u00ablle Picut du blog En Apart\u00e9"},"content":{"rendered":"<p style=\"text-align: justify;\">Aujourd&rsquo;hui je vous pr\u00e9sente Ga\u00c3\u00ablle Picut. Elle \u00e9crit le blog En Apart\u00e9, Chroniques autour de la conciliation vie priv\u00e9e \/ vie professionnelle et des valeurs du travail.<\/p>\n<ul style=\"text-align: justify;\">\n<li><strong>Bonjour Ga\u00c3\u00ablle, qui es-tu ?<\/strong><\/li>\n<\/ul>\n<p style=\"text-align: justify;\">C\u00f4t\u00e9 priv\u00e9, Ga\u00c3\u00ablle Picut, 37 ans, mari\u00e9e, 3 enfants ; c\u00f4t\u00e9 pro, diff\u00e9rentes exp\u00e9riences professionnelles en communication puis en journalisme. Avec un signe distinctif : beaucoup de mobilit\u00e9 g\u00e9ographique, d&rsquo;o\u00f9 une certaine capacit\u00e9 d&rsquo;adaptation !<\/p>\n<ul style=\"text-align: justify;\">\n<li><strong>Qu&rsquo;est-ce qui t&rsquo;a donn\u00e9 envie d&rsquo;\u00e9crire ce blog ?<\/strong><\/li>\n<\/ul>\n<p style=\"text-align: justify;\"> Je trouve que les sujets sur la conciliation vie priv\u00e9e \/ vie professionnelle et les d\u00e9bats autour du travail sont tr\u00e8s riches mais parfois trait\u00e9s de fa\u00e7on un peu tranch\u00e9e ou du moins sch\u00e9matique (enfin, selon moi !). En octobre 2008, j&rsquo;ai donc eu envie d&rsquo;ouvrir un espace personnel sur ces sujets pour explorer ces probl\u00e9matiques, faire t\u00e9moigner des femmes (et quelques hommes !) sur la fa\u00e7on dont elles vivent leur travail et leur \u00e9quilibre entre vie perso et vie pro, faire de la veille sur les initiatives int\u00e9ressantes, etc. Je souhaitais \u00e9galement un espace o\u00f9 les lecteurs pourraient r\u00e9agir, commenter et d\u00e9battre. Cette interactivit\u00e9 est tr\u00e8s importante et enrichissante.<\/p>\n<ul style=\"text-align: justify;\">\n<li><strong>Penses-tu que la conciliation de sa vie de m\u00e8re et de sa vie professionnelle soit une chose ais\u00e9e aujourd&rsquo;hui et pourquoi ?<\/strong><\/li>\n<\/ul>\n<p style=\"text-align: justify;\">C&rsquo;est un sujet tr\u00e8s personnel auquel il est difficile de r\u00e9pondre de fa\u00e7on g\u00e9n\u00e9rale. Cependant, j&rsquo;estime que la France est loin d&rsquo;\u00eatre la plus mal lotie sur ce sujet. Bien s\u00fbr, il reste de gros progr\u00e8s \u00e0 faire en termes d&rsquo;offre de garde d&rsquo;enfants notamment et de changement de mentalit\u00e9s (culture du pr\u00e9sent\u00e9isme, sch\u00e9mas de carri\u00e8re, mobilit\u00e9, etc.) mais il existe \u00e9galement des points positifs qu&rsquo;il faut signaler (\u00e9cole maternelle \u00e0 partir de 3, voire 2 ans, dispositifs financiers, RTT&#8230;). D&rsquo;ailleurs le taux de femmes actives est tr\u00e8s \u00e9lev\u00e9 en France.<br \/>\nD&rsquo;un autre c\u00f4t\u00e9, les exigences \u00e0 la fois professionnelles et familiales sont importantes (de plus en plus, je ne sais pas, mais en tout cas ressenties comme telles, certainement), ce qui rend cette articulation des temps de vie parfois difficile en termes d&rsquo;organisation et de disponibilit\u00e9 temporelle mais aussi mentale.<br \/>\nApr\u00e8s, bien sur que j&rsquo;ai envie de dire que concilier les deux est tout \u00e0 fait faisable mais pas de tout repos ! En un sens, c&rsquo;est normal que cela ne le soit pas ! Car travailler et \u00e9lever\/\u00e9duquer des enfants sont deux t\u00e2ches qui sont exigeantes, prenantes, chronophages. Mais parvenir \u00e0 mener les deux de front peut-\u00eatre aussi une source d&rsquo;enrichissement r\u00e9ciproque. Les conflits, les concessions, les choix sont in\u00e9vitables mais dans l&rsquo;id\u00e9al, il faudrait que cette conciliation, malgr\u00e9 la fatigue et le sentiment d&rsquo;\u00eatre parfois d\u00e9bord\u00e9, apporte du positif, un \u00e9panouissement et une certaine force.<\/p>\n<ul style=\"text-align: justify;\">\n<li><strong>Qu&rsquo;est-ce qui pourrait am\u00e9liorer cette situation d&rsquo;apr\u00e8s-toi ?<\/strong><\/li>\n<\/ul>\n<p style=\"text-align: justify;\">Je pense que tout le monde doit y mettre du sien : les individus (en tant que personne, conjoint, parent), les entreprises (en favorisant cette conciliation par des mesures de bon sens dans un premier temps et bien s\u00fbr par d&rsquo;\u00e9ventuels dispositifs financiers ou d&rsquo;organisation du travail et de management, d\u00e9roulement de carri\u00e8re, management de proximit\u00e9, t\u00e9l\u00e9travail, etc&#8230;) et l&rsquo;Etat (d\u00e9velopper les syst\u00e8mes d&rsquo;offres de garde, encourager la parit\u00e9 hommes\/femmes&#8230;). Et bien \u00e9videmment, le retour de la croissance qui rendrait le march\u00e9 de l&#8217;emploi moins tendu et moins dur.<\/p>\n<ul style=\"text-align: justify;\">\n<li><strong>Que conseillerais-tu aux femmes qui reprennent le travail apr\u00e8s leur premier enfant ?<\/strong><\/li>\n<\/ul>\n<p style=\"text-align: justify;\">D&rsquo;accepter cette p\u00e9riode de flottement, de doutes, de sentiment de ne pas y arriver, du \u00c2\u00ab qu&rsquo;est-ce que je fais l\u00e0 ? \u00c2\u00bb. Elle me semble l\u00e9gitime, humaine, voire n\u00e9cessaire !&#8230; Les femmes que je connais sont en g\u00e9n\u00e9ral partag\u00e9es : \u00e0 la fois heureuses de reprendre le chemin du travail pour sortir un peu de chez elle et du quotidien exigeant et pas toujours facile d&rsquo;un tout petit, et le d\u00e9chirement de se s\u00e9parer de leur bout de chou, avec la difficult\u00e9 de trouver un syst\u00e8me de garde rassurant et financi\u00e8rement acceptable. Cette ambivalence est normale et ne doit pas \u00eatre ni\u00e9e.<br \/>\nJe pense qu&rsquo;il est important lors de ces p\u00e9riodes de doutes de savoir s&rsquo;appuyer sur les points positifs de cette reprise (retrouver une vie sociale plus d\u00e9velopp\u00e9e, r\u00e9-utiliser ces comp\u00e9tences, mettre en profit celles que l&rsquo;on a d\u00e9velopp\u00e9es pendant son cong\u00e9 maternit\u00e9 ou son cong\u00e9 parental) pour reprendre confiance et trouver son rythme. Bien s\u00fbr, si la p\u00e9riode de doute et de malaise a tendance \u00e0 s&rsquo;\u00e9terniser, rien n&#8217;emp\u00eache d&rsquo;essayer de changer, d&rsquo;\u00e9voluer (se mettre \u00e0 temps partiel, changer de service au sein de son entreprise, se mettre \u00e0 son compte, envisager une reconversion, etc.). L&rsquo;?id\u00e9al est de pouvoir retirer une certaine fiert\u00e9 et satisfaction \u00e0 concilier les deux et non pas de culpabiliser ou d&rsquo;?avoir le sentiment permanent de mal faire les deux. Je pense qu&rsquo;il est important pour chacune d&rsquo;entre nous de conna\u00eetre ses forces, ses ambitions, ses envies pour ajuster au mieux son mode de vie mais \u00e9galement de savoir doser selon le temps, l&rsquo;\u00e2ge des enfants, sa propre maturit\u00e9, etc. ses engagements professionnels et personnels. Le r\u00f4le du conjoint me semble \u00e9galement crucial dans cette p\u00e9riode de reprise. Il est important d&rsquo;en discuter de mani\u00e8re ouverte et franche et d&rsquo;obtenir son soutien pratique et moral.<\/p>\n<p style=\"text-align: justify;\"><strong>Articles en rapport :<\/strong><\/p>\n<ul>\n<li style=\"text-align: justify;\"><a href=\"https:\/\/www.lactissima.com\/a-tire-d-ailes\/?p=1184\">Interview d&rsquo;une directrice de cr\u00e8che<\/a><\/li>\n<li style=\"text-align: justify;\"><a href=\"https:\/\/www.lactissima.com\/a-tire-d-ailes\/?p=857\">Rencontre avec S\u00e9gol\u00e8ne Finet<\/a><\/li>\n<li style=\"text-align: justify;\"><a href=\"https:\/\/www.lactissima.com\/a-tire-d-ailes\/?p=1633\">Interview de Sandrine Scher, du blog Job et maman<\/a><\/li>\n<\/ul>\n<p>&nbsp;<\/p>\n","protected":false},"excerpt":{"rendered":"<p>Les femmes que je connais sont en g\u00e9n\u00e9ral partag\u00e9es : \u00e0 la fois heureuses de reprendre le chemin du travail pour sortir un peu de chez elle et du quotidien exigeant et pas toujours facile d&rsquo;un tout petit, et le d\u00e9chirement de se s\u00e9parer de leur bout de chou, avec la difficult\u00e9 de trouver un syst\u00e8me de garde rassurant et financi\u00e8rement acceptable. <\/p>\n","protected":false},"author":170,"featured_media":0,"comment_status":"open","ping_status":"open","sticky":false,"template":"","format":"standard","meta":{"_et_pb_use_builder":"","_et_pb_old_content":"","_et_gb_content_width":"","footnotes":""},"categories":[37,41],"tags":[250,86,249],"class_list":["post-1728","post","type-post","status-publish","format-standard","hentry","category-articulation-vie-professionnelle-vie-famille","category-femmes-et-societe","tag-conciliation-vie-familiale-vie-professionnelle","tag-garde","tag-interview"],"yoast_head":"<!-- This site is optimized with the Yoast SEO plugin v27.4 - https:\/\/yoast.com\/product\/yoast-seo-wordpress\/ -->\n<title>Interview de Ga\u00c3\u00ablle Picut du blog En Apart\u00e9<\/title>\n<meta name=\"description\" content=\"Les femmes que je connais sont en g\u00e9n\u00e9ral partag\u00e9es : \u00e0 la fois heureuses de reprendre le chemin du travail pour sortir un peu de chez elle et du quotidien exigeant et pas toujours facile d&#039;un tout petit, et le d\u00e9chirement de se s\u00e9parer de leur bout de chou, avec la difficult\u00e9 de trouver un syst\u00e8me de garde rassurant et financi\u00e8rement acceptable.\" \/>\n<meta name=\"robots\" content=\"index, follow, max-snippet:-1, max-image-preview:large, max-video-preview:-1\" \/>\n<link rel=\"canonical\" href=\"https:\/\/www.lactissima.com\/a-tire-d-ailes\/interview-de-gaelle-picut-du-blog-en-aparte-2\/\" \/>\n<meta property=\"og:locale\" content=\"fr_FR\" \/>\n<meta property=\"og:type\" content=\"article\" \/>\n<meta property=\"og:title\" content=\"Interview de Ga\u00c3\u00ablle Picut du blog En Apart\u00e9\" \/>\n<meta property=\"og:description\" content=\"Les femmes que je connais sont en g\u00e9n\u00e9ral partag\u00e9es : \u00e0 la fois heureuses de reprendre le chemin du travail pour sortir un peu de chez elle et du quotidien exigeant et pas toujours facile d&#039;un tout petit, et le d\u00e9chirement de se s\u00e9parer de leur bout de chou, avec la difficult\u00e9 de trouver un syst\u00e8me de garde rassurant et financi\u00e8rement acceptable.\" \/>\n<meta property=\"og:url\" content=\"https:\/\/www.lactissima.com\/a-tire-d-ailes\/interview-de-gaelle-picut-du-blog-en-aparte-2\/\" \/>\n<meta property=\"og:site_name\" content=\"A tire d&#039;Ailes\" \/>\n<meta property=\"article:publisher\" content=\"https:\/\/www.facebook.com\/consultante.en.lactation\" \/>\n<meta property=\"article:author\" content=\"www.facebook.com\/consultante.en.lactation\" \/>\n<meta property=\"article:published_time\" content=\"2010-10-24T14:25:32+00:00\" \/>\n<meta property=\"article:modified_time\" content=\"2021-03-15T18:02:10+00:00\" \/>\n<meta name=\"author\" content=\"V\u00e9ronique Darmangeat\" \/>\n<meta name=\"twitter:card\" content=\"summary_large_image\" \/>\n<meta name=\"twitter:creator\" content=\"@VeroniqueIBCLC\" \/>\n<meta name=\"twitter:site\" content=\"@VeroniqueIBCLC\" \/>\n<meta name=\"twitter:label1\" content=\"\u00c9crit par\" \/>\n\t<meta name=\"twitter:data1\" content=\"V\u00e9ronique Darmangeat\" \/>\n\t<meta name=\"twitter:label2\" content=\"Dur\u00e9e de lecture estim\u00e9e\" \/>\n\t<meta name=\"twitter:data2\" content=\"5 minutes\" \/>\n<script type=\"application\/ld+json\" class=\"yoast-schema-graph\">{\"@context\":\"https:\\\/\\\/schema.org\",\"@graph\":[{\"@type\":\"Article\",\"@id\":\"https:\\\/\\\/www.lactissima.com\\\/a-tire-d-ailes\\\/interview-de-gaelle-picut-du-blog-en-aparte-2\\\/#article\",\"isPartOf\":{\"@id\":\"https:\\\/\\\/www.lactissima.com\\\/a-tire-d-ailes\\\/interview-de-gaelle-picut-du-blog-en-aparte-2\\\/\"},\"author\":{\"name\":\"V\u00e9ronique Darmangeat\",\"@id\":\"https:\\\/\\\/www.lactissima.com\\\/a-tire-d-ailes\\\/#\\\/schema\\\/person\\\/8f98d3a89530861bc1240e6d53d44eed\"},\"headline\":\"Interview de Ga\u00c3\u00ablle Picut du blog En Apart\u00e9\",\"datePublished\":\"2010-10-24T14:25:32+00:00\",\"dateModified\":\"2021-03-15T18:02:10+00:00\",\"mainEntityOfPage\":{\"@id\":\"https:\\\/\\\/www.lactissima.com\\\/a-tire-d-ailes\\\/interview-de-gaelle-picut-du-blog-en-aparte-2\\\/\"},\"wordCount\":991,\"commentCount\":0,\"keywords\":[\"conciliation vie familiale vie professionnelle\",\"garde\",\"interview\"],\"articleSection\":[\"Articulation Vie Professionnelle Vie Famille\",\"Femmes et Soci\u00e9t\u00e9\"],\"inLanguage\":\"fr-FR\",\"potentialAction\":[{\"@type\":\"CommentAction\",\"name\":\"Comment\",\"target\":[\"https:\\\/\\\/www.lactissima.com\\\/a-tire-d-ailes\\\/interview-de-gaelle-picut-du-blog-en-aparte-2\\\/#respond\"]}]},{\"@type\":\"WebPage\",\"@id\":\"https:\\\/\\\/www.lactissima.com\\\/a-tire-d-ailes\\\/interview-de-gaelle-picut-du-blog-en-aparte-2\\\/\",\"url\":\"https:\\\/\\\/www.lactissima.com\\\/a-tire-d-ailes\\\/interview-de-gaelle-picut-du-blog-en-aparte-2\\\/\",\"name\":\"Interview de Ga\u00c3\u00ablle Picut du blog En Apart\u00e9\",\"isPartOf\":{\"@id\":\"https:\\\/\\\/www.lactissima.com\\\/a-tire-d-ailes\\\/#website\"},\"datePublished\":\"2010-10-24T14:25:32+00:00\",\"dateModified\":\"2021-03-15T18:02:10+00:00\",\"author\":{\"@id\":\"https:\\\/\\\/www.lactissima.com\\\/a-tire-d-ailes\\\/#\\\/schema\\\/person\\\/8f98d3a89530861bc1240e6d53d44eed\"},\"description\":\"Les femmes que je connais sont en g\u00e9n\u00e9ral partag\u00e9es : \u00e0 la fois heureuses de reprendre le chemin du travail pour sortir un peu de chez elle et du quotidien exigeant et pas toujours facile d'un tout petit, et le d\u00e9chirement de se s\u00e9parer de leur bout de chou, avec la difficult\u00e9 de trouver un syst\u00e8me de garde rassurant et financi\u00e8rement acceptable.\",\"breadcrumb\":{\"@id\":\"https:\\\/\\\/www.lactissima.com\\\/a-tire-d-ailes\\\/interview-de-gaelle-picut-du-blog-en-aparte-2\\\/#breadcrumb\"},\"inLanguage\":\"fr-FR\",\"potentialAction\":[{\"@type\":\"ReadAction\",\"target\":[\"https:\\\/\\\/www.lactissima.com\\\/a-tire-d-ailes\\\/interview-de-gaelle-picut-du-blog-en-aparte-2\\\/\"]}]},{\"@type\":\"BreadcrumbList\",\"@id\":\"https:\\\/\\\/www.lactissima.com\\\/a-tire-d-ailes\\\/interview-de-gaelle-picut-du-blog-en-aparte-2\\\/#breadcrumb\",\"itemListElement\":[{\"@type\":\"ListItem\",\"position\":1,\"name\":\"Accueil\",\"item\":\"https:\\\/\\\/www.lactissima.com\\\/a-tire-d-ailes\\\/\"},{\"@type\":\"ListItem\",\"position\":2,\"name\":\"Interview de Ga\u00c3\u00ablle Picut du blog En Apart\u00e9\"}]},{\"@type\":\"WebSite\",\"@id\":\"https:\\\/\\\/www.lactissima.com\\\/a-tire-d-ailes\\\/#website\",\"url\":\"https:\\\/\\\/www.lactissima.com\\\/a-tire-d-ailes\\\/\",\"name\":\"A tire d&#039;Ailes\",\"description\":\"Le blog des femmes qui allaitent et travaillent.\",\"potentialAction\":[{\"@type\":\"SearchAction\",\"target\":{\"@type\":\"EntryPoint\",\"urlTemplate\":\"https:\\\/\\\/www.lactissima.com\\\/a-tire-d-ailes\\\/?s={search_term_string}\"},\"query-input\":{\"@type\":\"PropertyValueSpecification\",\"valueRequired\":true,\"valueName\":\"search_term_string\"}}],\"inLanguage\":\"fr-FR\"},{\"@type\":\"Person\",\"@id\":\"https:\\\/\\\/www.lactissima.com\\\/a-tire-d-ailes\\\/#\\\/schema\\\/person\\\/8f98d3a89530861bc1240e6d53d44eed\",\"name\":\"V\u00e9ronique Darmangeat\",\"image\":{\"@type\":\"ImageObject\",\"inLanguage\":\"fr-FR\",\"@id\":\"https:\\\/\\\/secure.gravatar.com\\\/avatar\\\/268c99344c89cebfe4f5df5fa8be43068a18884fc76a29f3206fae98465b9cab?s=96&d=identicon&r=g\",\"url\":\"https:\\\/\\\/secure.gravatar.com\\\/avatar\\\/268c99344c89cebfe4f5df5fa8be43068a18884fc76a29f3206fae98465b9cab?s=96&d=identicon&r=g\",\"contentUrl\":\"https:\\\/\\\/secure.gravatar.com\\\/avatar\\\/268c99344c89cebfe4f5df5fa8be43068a18884fc76a29f3206fae98465b9cab?s=96&d=identicon&r=g\",\"caption\":\"V\u00e9ronique Darmangeat\"},\"sameAs\":[\"https:\\\/\\\/www.lactissima.com\\\/a-tire-d-ailes\",\"www.facebook.com\\\/consultante.en.lactation\"]}]}<\/script>\n<!-- \/ Yoast SEO plugin. -->","yoast_head_json":{"title":"Interview de Ga\u00c3\u00ablle Picut du blog En Apart\u00e9","description":"Les femmes que je connais sont en g\u00e9n\u00e9ral partag\u00e9es : \u00e0 la fois heureuses de reprendre le chemin du travail pour sortir un peu de chez elle et du quotidien exigeant et pas toujours facile d'un tout petit, et le d\u00e9chirement de se s\u00e9parer de leur bout de chou, avec la difficult\u00e9 de trouver un syst\u00e8me de garde rassurant et financi\u00e8rement acceptable.","robots":{"index":"index","follow":"follow","max-snippet":"max-snippet:-1","max-image-preview":"max-image-preview:large","max-video-preview":"max-video-preview:-1"},"canonical":"https:\/\/www.lactissima.com\/a-tire-d-ailes\/interview-de-gaelle-picut-du-blog-en-aparte-2\/","og_locale":"fr_FR","og_type":"article","og_title":"Interview de Ga\u00c3\u00ablle Picut du blog En Apart\u00e9","og_description":"Les femmes que je connais sont en g\u00e9n\u00e9ral partag\u00e9es : \u00e0 la fois heureuses de reprendre le chemin du travail pour sortir un peu de chez elle et du quotidien exigeant et pas toujours facile d'un tout petit, et le d\u00e9chirement de se s\u00e9parer de leur bout de chou, avec la difficult\u00e9 de trouver un syst\u00e8me de garde rassurant et financi\u00e8rement acceptable.","og_url":"https:\/\/www.lactissima.com\/a-tire-d-ailes\/interview-de-gaelle-picut-du-blog-en-aparte-2\/","og_site_name":"A tire d&#039;Ailes","article_publisher":"https:\/\/www.facebook.com\/consultante.en.lactation","article_author":"www.facebook.com\/consultante.en.lactation","article_published_time":"2010-10-24T14:25:32+00:00","article_modified_time":"2021-03-15T18:02:10+00:00","author":"V\u00e9ronique Darmangeat","twitter_card":"summary_large_image","twitter_creator":"@VeroniqueIBCLC","twitter_site":"@VeroniqueIBCLC","twitter_misc":{"\u00c9crit par":"V\u00e9ronique Darmangeat","Dur\u00e9e de lecture estim\u00e9e":"5 minutes"},"schema":{"@context":"https:\/\/schema.org","@graph":[{"@type":"Article","@id":"https:\/\/www.lactissima.com\/a-tire-d-ailes\/interview-de-gaelle-picut-du-blog-en-aparte-2\/#article","isPartOf":{"@id":"https:\/\/www.lactissima.com\/a-tire-d-ailes\/interview-de-gaelle-picut-du-blog-en-aparte-2\/"},"author":{"name":"V\u00e9ronique Darmangeat","@id":"https:\/\/www.lactissima.com\/a-tire-d-ailes\/#\/schema\/person\/8f98d3a89530861bc1240e6d53d44eed"},"headline":"Interview de Ga\u00c3\u00ablle Picut du blog En Apart\u00e9","datePublished":"2010-10-24T14:25:32+00:00","dateModified":"2021-03-15T18:02:10+00:00","mainEntityOfPage":{"@id":"https:\/\/www.lactissima.com\/a-tire-d-ailes\/interview-de-gaelle-picut-du-blog-en-aparte-2\/"},"wordCount":991,"commentCount":0,"keywords":["conciliation vie familiale vie professionnelle","garde","interview"],"articleSection":["Articulation Vie Professionnelle Vie Famille","Femmes et Soci\u00e9t\u00e9"],"inLanguage":"fr-FR","potentialAction":[{"@type":"CommentAction","name":"Comment","target":["https:\/\/www.lactissima.com\/a-tire-d-ailes\/interview-de-gaelle-picut-du-blog-en-aparte-2\/#respond"]}]},{"@type":"WebPage","@id":"https:\/\/www.lactissima.com\/a-tire-d-ailes\/interview-de-gaelle-picut-du-blog-en-aparte-2\/","url":"https:\/\/www.lactissima.com\/a-tire-d-ailes\/interview-de-gaelle-picut-du-blog-en-aparte-2\/","name":"Interview de Ga\u00c3\u00ablle Picut du blog En Apart\u00e9","isPartOf":{"@id":"https:\/\/www.lactissima.com\/a-tire-d-ailes\/#website"},"datePublished":"2010-10-24T14:25:32+00:00","dateModified":"2021-03-15T18:02:10+00:00","author":{"@id":"https:\/\/www.lactissima.com\/a-tire-d-ailes\/#\/schema\/person\/8f98d3a89530861bc1240e6d53d44eed"},"description":"Les femmes que je connais sont en g\u00e9n\u00e9ral partag\u00e9es : \u00e0 la fois heureuses de reprendre le chemin du travail pour sortir un peu de chez elle et du quotidien exigeant et pas toujours facile d'un tout petit, et le d\u00e9chirement de se s\u00e9parer de leur bout de chou, avec la difficult\u00e9 de trouver un syst\u00e8me de garde rassurant et financi\u00e8rement acceptable.","breadcrumb":{"@id":"https:\/\/www.lactissima.com\/a-tire-d-ailes\/interview-de-gaelle-picut-du-blog-en-aparte-2\/#breadcrumb"},"inLanguage":"fr-FR","potentialAction":[{"@type":"ReadAction","target":["https:\/\/www.lactissima.com\/a-tire-d-ailes\/interview-de-gaelle-picut-du-blog-en-aparte-2\/"]}]},{"@type":"BreadcrumbList","@id":"https:\/\/www.lactissima.com\/a-tire-d-ailes\/interview-de-gaelle-picut-du-blog-en-aparte-2\/#breadcrumb","itemListElement":[{"@type":"ListItem","position":1,"name":"Accueil","item":"https:\/\/www.lactissima.com\/a-tire-d-ailes\/"},{"@type":"ListItem","position":2,"name":"Interview de Ga\u00c3\u00ablle Picut du blog En Apart\u00e9"}]},{"@type":"WebSite","@id":"https:\/\/www.lactissima.com\/a-tire-d-ailes\/#website","url":"https:\/\/www.lactissima.com\/a-tire-d-ailes\/","name":"A tire d&#039;Ailes","description":"Le blog des femmes qui allaitent et travaillent.","potentialAction":[{"@type":"SearchAction","target":{"@type":"EntryPoint","urlTemplate":"https:\/\/www.lactissima.com\/a-tire-d-ailes\/?s={search_term_string}"},"query-input":{"@type":"PropertyValueSpecification","valueRequired":true,"valueName":"search_term_string"}}],"inLanguage":"fr-FR"},{"@type":"Person","@id":"https:\/\/www.lactissima.com\/a-tire-d-ailes\/#\/schema\/person\/8f98d3a89530861bc1240e6d53d44eed","name":"V\u00e9ronique Darmangeat","image":{"@type":"ImageObject","inLanguage":"fr-FR","@id":"https:\/\/secure.gravatar.com\/avatar\/268c99344c89cebfe4f5df5fa8be43068a18884fc76a29f3206fae98465b9cab?s=96&d=identicon&r=g","url":"https:\/\/secure.gravatar.com\/avatar\/268c99344c89cebfe4f5df5fa8be43068a18884fc76a29f3206fae98465b9cab?s=96&d=identicon&r=g","contentUrl":"https:\/\/secure.gravatar.com\/avatar\/268c99344c89cebfe4f5df5fa8be43068a18884fc76a29f3206fae98465b9cab?s=96&d=identicon&r=g","caption":"V\u00e9ronique Darmangeat"},"sameAs":["https:\/\/www.lactissima.com\/a-tire-d-ailes","www.facebook.com\/consultante.en.lactation"]}]}},"_links":{"self":[{"href":"https:\/\/www.lactissima.com\/a-tire-d-ailes\/wp-json\/wp\/v2\/posts\/1728","targetHints":{"allow":["GET"]}}],"collection":[{"href":"https:\/\/www.lactissima.com\/a-tire-d-ailes\/wp-json\/wp\/v2\/posts"}],"about":[{"href":"https:\/\/www.lactissima.com\/a-tire-d-ailes\/wp-json\/wp\/v2\/types\/post"}],"author":[{"embeddable":true,"href":"https:\/\/www.lactissima.com\/a-tire-d-ailes\/wp-json\/wp\/v2\/users\/170"}],"replies":[{"embeddable":true,"href":"https:\/\/www.lactissima.com\/a-tire-d-ailes\/wp-json\/wp\/v2\/comments?post=1728"}],"version-history":[{"count":22,"href":"https:\/\/www.lactissima.com\/a-tire-d-ailes\/wp-json\/wp\/v2\/posts\/1728\/revisions"}],"predecessor-version":[{"id":8549,"href":"https:\/\/www.lactissima.com\/a-tire-d-ailes\/wp-json\/wp\/v2\/posts\/1728\/revisions\/8549"}],"wp:attachment":[{"href":"https:\/\/www.lactissima.com\/a-tire-d-ailes\/wp-json\/wp\/v2\/media?parent=1728"}],"wp:term":[{"taxonomy":"category","embeddable":true,"href":"https:\/\/www.lactissima.com\/a-tire-d-ailes\/wp-json\/wp\/v2\/categories?post=1728"},{"taxonomy":"post_tag","embeddable":true,"href":"https:\/\/www.lactissima.com\/a-tire-d-ailes\/wp-json\/wp\/v2\/tags?post=1728"}],"curies":[{"name":"wp","href":"https:\/\/api.w.org\/{rel}","templated":true}]}}