{"id":1706,"date":"2010-10-15T17:55:46","date_gmt":"2010-10-15T15:55:46","guid":{"rendered":"https:\/\/www.lactissima.com\/a-tire-d-ailes\/?p=1706"},"modified":"2016-08-03T19:20:16","modified_gmt":"2016-08-03T17:20:16","slug":"les-nuits-avec-un-bebe-qui-tete-beaucoup","status":"publish","type":"post","link":"https:\/\/www.lactissima.com\/a-tire-d-ailes\/les-nuits-avec-un-bebe-qui-tete-beaucoup\/","title":{"rendered":"Les nuits avec un b\u00e9b\u00e9 qui t\u00e8te beaucoup&#8230;"},"content":{"rendered":"<p style=\"text-align: justify;\"><a href=\"https:\/\/www.lactissima.com\/a-tire-d-ailes\/wp-content\/uploads\/2010\/10\/fatigu\u00e9e1.jpg\"><img loading=\"lazy\" decoding=\"async\" class=\"alignright size-full wp-image-4216\" src=\"https:\/\/www.lactissima.com\/a-tire-d-ailes\/wp-content\/uploads\/2010\/10\/fatigu\u00e9e1.jpg\" alt=\"fatigue et allaitement\" width=\"269\" height=\"179\" \/><\/a>J&rsquo;en ai d\u00e9j\u00e0 parl\u00e9 <a href=\"https:\/\/www.lactissima.com\/a-tire-d-ailes\/?p=234\">ici<\/a>, certains b\u00e9b\u00e9s <strong>refusent<\/strong> de manger quand ils sont gard\u00e9s et se <strong>rattrapent<\/strong> quand ils sont avec maman. Du coup, ils t\u00e8tent beaucoup la <strong>nuit<\/strong> pour compenser les journ\u00e9es sans manger.<br \/>\nCe mode de fonctionnement ne pr\u00e9sente <strong>aucun risque<\/strong> pour le b\u00e9b\u00e9 mais il est souvent tr\u00e8s <strong>fatigant<\/strong> pour la maman&#8230;<\/p>\n<p style=\"text-align: justify;\">Comment <strong>survivre<\/strong> \u00e0 cette p\u00e9riode ?<br \/>\nTout d&rsquo;abord se souvenir qu&rsquo;elle dure rarement plus de quelques semaines au del\u00e0 desquelles votre b\u00e9b\u00e9 <strong>accepte<\/strong> enfin de se nourrir en votre absence.<br \/>\nPendant ce temps l\u00e0 , il vaut mieux basculer en mode \u00ab\u00a0<strong>survie<\/strong> du sommeil\u00a0\u00bb&#8230; Le plus important est de r\u00e9ussir \u00e0 <strong>dormir<\/strong>. Les beaux principes n&rsquo;ont pas leur place face \u00e0 vos besoins <strong>vitaux<\/strong>.<br \/>\nIl va donc falloir vous <strong>organiser<\/strong> de mani\u00e8re \u00e0 vous r\u00e9veiller le moins possible. Pour certaines familles, cela peut \u00eatre plus simple de <strong>dormir avec son b\u00e9b\u00e9<\/strong> car cela permet de lui donner \u00e0 t\u00e9ter sans se r\u00e9veiller.<br \/>\nMais cette solution <strong>ne convient pas<\/strong> \u00e0 tout le monde car certaines femmes n&rsquo;arrivent pas \u00e0 bien dormir \u00e0 c\u00f4t\u00e9 de leur b\u00e9b\u00e9. Dans ce cas, il faut pr\u00e9voir de pouvoir <strong>s&rsquo;endormir<\/strong> avec son b\u00e9b\u00e9 au sein : un matelas par terre dans la chambre du b\u00e9b\u00e9, un fauteuil tr\u00e8s confortable dans lequel on ne peut pas laisser tomber son b\u00e9b\u00e9,&#8230;<br \/>\nOn peut aussi mettre le <strong>p\u00e8re<\/strong> \u00e0 contribution pour qu&rsquo;il aille chercher le b\u00e9b\u00e9 qui veut t\u00e9ter et le remette dans son lit.<\/p>\n<p style=\"text-align: justify;\">Il peut \u00eatre int\u00e9ressant d&rsquo;essayer de r\u00e9cup\u00e9rer son enfant <strong>le plus t\u00f4t possible<\/strong> en fin de journ\u00e9e pour qu&rsquo;il ait le temps de <strong>t\u00e9ter<\/strong> le plus possible pendant la soir\u00e9e, cela permet parfois qu&rsquo;il t\u00e8te <strong>moins<\/strong> la nuit.<\/p>\n<p style=\"text-align: justify;\">Enfin, d\u00e8s que possible, on peut proposer des <strong>solides<\/strong> pendant la journ\u00e9e si le b\u00e9b\u00e9 les appr\u00e9cie. Cela lui permettra d&rsquo;avoir un apport alimentaire et de <strong>r\u00e9duire<\/strong> sa demande la nuit.<\/p>\n<p style=\"text-align: justify;\">Et <strong>vous<\/strong>, quelles sont vos <strong>m\u00e9thodes de survie<\/strong> avec un b\u00e9b\u00e9 qui t\u00e8te beaucoup la nuit ?<\/p>\n<p style=\"text-align: justify;\"><strong>Articles en rapport :<\/strong><\/p>\n<ul>\n<li style=\"text-align: justify;\"><a href=\"https:\/\/www.lactissima.com\/a-tire-d-ailes\/?p=234\">Quand mon b\u00e9b\u00e9 refuse le biberon<\/a><\/li>\n<li style=\"text-align: justify;\"><a href=\"https:\/\/www.lactissima.com\/a-tire-d-ailes\/?p=1235\">Allaitement et travail de nuit<\/a><\/li>\n<li style=\"text-align: justify;\"><a href=\"https:\/\/www.lactissima.com\/a-tire-d-ailes\/?p=563\">Comment faire pour habituer mon b\u00e9b\u00e9 au biberon ?<\/a><\/li>\n<li style=\"text-align: justify;\"><a href=\"https:\/\/www.lactissima.com\/a-tire-d-ailes\/?p=183\">Poursuivre l&rsquo;allaitement apr\u00e8s la reprise du travail, vous avez dit fatigant ?<\/a><\/li>\n<\/ul>\n<p>&nbsp;<\/p>\n","protected":false},"excerpt":{"rendered":"<p>Quand un b\u00e9b\u00e9 t\u00e8te beaucoup la nuit, on peut penser que fatigue et allaitement vont de pair. Et pourtant, il existe des solutions.<\/p>\n","protected":false},"author":170,"featured_media":4216,"comment_status":"open","ping_status":"open","sticky":false,"template":"","format":"standard","meta":{"_et_pb_use_builder":"","_et_pb_old_content":"","_et_gb_content_width":"","footnotes":""},"categories":[35,36,37,713,46],"tags":[247,248,91],"class_list":["post-1706","post","type-post","status-publish","format-standard","has-post-thumbnail","hentry","category-allaitement","category-allaitement-et-travail","category-articulation-vie-professionnelle-vie-famille","category-sommeil-et-rythme-du-bebe","category-vie-de-famille","tag-nuits","tag-sommeil","tag-tetees"],"yoast_head":"<!-- This site is optimized with the Yoast SEO plugin v27.4 - https:\/\/yoast.com\/product\/yoast-seo-wordpress\/ -->\n<title>fatigue et allaitement<\/title>\n<meta name=\"description\" content=\"Quand un b\u00e9b\u00e9 t\u00e8te beaucoup la nuit, on peut penser que fatigue et allaitement vont de pair. Et pourtant, il existe des solutions.\" \/>\n<meta name=\"robots\" content=\"index, follow, max-snippet:-1, max-image-preview:large, max-video-preview:-1\" \/>\n<link rel=\"canonical\" href=\"https:\/\/www.lactissima.com\/a-tire-d-ailes\/les-nuits-avec-un-bebe-qui-tete-beaucoup\/\" \/>\n<meta property=\"og:locale\" content=\"fr_FR\" \/>\n<meta property=\"og:type\" content=\"article\" \/>\n<meta property=\"og:title\" content=\"fatigue et allaitement\" \/>\n<meta property=\"og:description\" content=\"Quand un b\u00e9b\u00e9 t\u00e8te beaucoup la nuit, on peut penser que fatigue et allaitement vont de pair. Et pourtant, il existe des solutions.\" \/>\n<meta property=\"og:url\" content=\"https:\/\/www.lactissima.com\/a-tire-d-ailes\/les-nuits-avec-un-bebe-qui-tete-beaucoup\/\" \/>\n<meta property=\"og:site_name\" content=\"A tire d&#039;Ailes\" \/>\n<meta property=\"article:publisher\" content=\"https:\/\/www.facebook.com\/consultante.en.lactation\" \/>\n<meta property=\"article:author\" content=\"www.facebook.com\/consultante.en.lactation\" \/>\n<meta property=\"article:published_time\" content=\"2010-10-15T15:55:46+00:00\" \/>\n<meta property=\"article:modified_time\" content=\"2016-08-03T17:20:16+00:00\" \/>\n<meta property=\"og:image\" content=\"https:\/\/www.lactissima.com\/a-tire-d-ailes\/wp-content\/uploads\/2010\/10\/fatigu\u00e9e1.jpg\" \/>\n\t<meta property=\"og:image:width\" content=\"269\" \/>\n\t<meta property=\"og:image:height\" content=\"179\" \/>\n\t<meta property=\"og:image:type\" content=\"image\/jpeg\" \/>\n<meta name=\"author\" content=\"V\u00e9ronique Darmangeat\" \/>\n<meta name=\"twitter:card\" content=\"summary_large_image\" \/>\n<meta name=\"twitter:creator\" content=\"@VeroniqueIBCLC\" \/>\n<meta name=\"twitter:site\" content=\"@VeroniqueIBCLC\" \/>\n<meta name=\"twitter:label1\" content=\"\u00c9crit par\" \/>\n\t<meta name=\"twitter:data1\" content=\"V\u00e9ronique Darmangeat\" \/>\n\t<meta name=\"twitter:label2\" content=\"Dur\u00e9e de lecture estim\u00e9e\" \/>\n\t<meta name=\"twitter:data2\" content=\"2 minutes\" \/>\n<script type=\"application\/ld+json\" class=\"yoast-schema-graph\">{\"@context\":\"https:\\\/\\\/schema.org\",\"@graph\":[{\"@type\":\"Article\",\"@id\":\"https:\\\/\\\/www.lactissima.com\\\/a-tire-d-ailes\\\/les-nuits-avec-un-bebe-qui-tete-beaucoup\\\/#article\",\"isPartOf\":{\"@id\":\"https:\\\/\\\/www.lactissima.com\\\/a-tire-d-ailes\\\/les-nuits-avec-un-bebe-qui-tete-beaucoup\\\/\"},\"author\":{\"name\":\"V\u00e9ronique Darmangeat\",\"@id\":\"https:\\\/\\\/www.lactissima.com\\\/a-tire-d-ailes\\\/#\\\/schema\\\/person\\\/8f98d3a89530861bc1240e6d53d44eed\"},\"headline\":\"Les nuits avec un b\u00e9b\u00e9 qui t\u00e8te beaucoup&#8230;\",\"datePublished\":\"2010-10-15T15:55:46+00:00\",\"dateModified\":\"2016-08-03T17:20:16+00:00\",\"mainEntityOfPage\":{\"@id\":\"https:\\\/\\\/www.lactissima.com\\\/a-tire-d-ailes\\\/les-nuits-avec-un-bebe-qui-tete-beaucoup\\\/\"},\"wordCount\":416,\"commentCount\":240,\"image\":{\"@id\":\"https:\\\/\\\/www.lactissima.com\\\/a-tire-d-ailes\\\/les-nuits-avec-un-bebe-qui-tete-beaucoup\\\/#primaryimage\"},\"thumbnailUrl\":\"https:\\\/\\\/www.lactissima.com\\\/a-tire-d-ailes\\\/wp-content\\\/uploads\\\/2010\\\/10\\\/fatigu\u00e9e1.jpg\",\"keywords\":[\"nuits\",\"sommeil\",\"t\u00e9t\u00e9es\"],\"articleSection\":[\"Allaitement\",\"Allaitement et Travail\",\"Articulation Vie Professionnelle Vie Famille\",\"Sommeil et rythmes du b\u00e9b\u00e9\",\"Vie de famille\"],\"inLanguage\":\"fr-FR\",\"potentialAction\":[{\"@type\":\"CommentAction\",\"name\":\"Comment\",\"target\":[\"https:\\\/\\\/www.lactissima.com\\\/a-tire-d-ailes\\\/les-nuits-avec-un-bebe-qui-tete-beaucoup\\\/#respond\"]}]},{\"@type\":\"WebPage\",\"@id\":\"https:\\\/\\\/www.lactissima.com\\\/a-tire-d-ailes\\\/les-nuits-avec-un-bebe-qui-tete-beaucoup\\\/\",\"url\":\"https:\\\/\\\/www.lactissima.com\\\/a-tire-d-ailes\\\/les-nuits-avec-un-bebe-qui-tete-beaucoup\\\/\",\"name\":\"fatigue et allaitement\",\"isPartOf\":{\"@id\":\"https:\\\/\\\/www.lactissima.com\\\/a-tire-d-ailes\\\/#website\"},\"primaryImageOfPage\":{\"@id\":\"https:\\\/\\\/www.lactissima.com\\\/a-tire-d-ailes\\\/les-nuits-avec-un-bebe-qui-tete-beaucoup\\\/#primaryimage\"},\"image\":{\"@id\":\"https:\\\/\\\/www.lactissima.com\\\/a-tire-d-ailes\\\/les-nuits-avec-un-bebe-qui-tete-beaucoup\\\/#primaryimage\"},\"thumbnailUrl\":\"https:\\\/\\\/www.lactissima.com\\\/a-tire-d-ailes\\\/wp-content\\\/uploads\\\/2010\\\/10\\\/fatigu\u00e9e1.jpg\",\"datePublished\":\"2010-10-15T15:55:46+00:00\",\"dateModified\":\"2016-08-03T17:20:16+00:00\",\"author\":{\"@id\":\"https:\\\/\\\/www.lactissima.com\\\/a-tire-d-ailes\\\/#\\\/schema\\\/person\\\/8f98d3a89530861bc1240e6d53d44eed\"},\"description\":\"Quand un b\u00e9b\u00e9 t\u00e8te beaucoup la nuit, on peut penser que fatigue et allaitement vont de pair. Et pourtant, il existe des solutions.\",\"breadcrumb\":{\"@id\":\"https:\\\/\\\/www.lactissima.com\\\/a-tire-d-ailes\\\/les-nuits-avec-un-bebe-qui-tete-beaucoup\\\/#breadcrumb\"},\"inLanguage\":\"fr-FR\",\"potentialAction\":[{\"@type\":\"ReadAction\",\"target\":[\"https:\\\/\\\/www.lactissima.com\\\/a-tire-d-ailes\\\/les-nuits-avec-un-bebe-qui-tete-beaucoup\\\/\"]}]},{\"@type\":\"ImageObject\",\"inLanguage\":\"fr-FR\",\"@id\":\"https:\\\/\\\/www.lactissima.com\\\/a-tire-d-ailes\\\/les-nuits-avec-un-bebe-qui-tete-beaucoup\\\/#primaryimage\",\"url\":\"https:\\\/\\\/www.lactissima.com\\\/a-tire-d-ailes\\\/wp-content\\\/uploads\\\/2010\\\/10\\\/fatigu\u00e9e1.jpg\",\"contentUrl\":\"https:\\\/\\\/www.lactissima.com\\\/a-tire-d-ailes\\\/wp-content\\\/uploads\\\/2010\\\/10\\\/fatigu\u00e9e1.jpg\",\"width\":269,\"height\":179,\"caption\":\"fatigue et allaitement\"},{\"@type\":\"BreadcrumbList\",\"@id\":\"https:\\\/\\\/www.lactissima.com\\\/a-tire-d-ailes\\\/les-nuits-avec-un-bebe-qui-tete-beaucoup\\\/#breadcrumb\",\"itemListElement\":[{\"@type\":\"ListItem\",\"position\":1,\"name\":\"Accueil\",\"item\":\"https:\\\/\\\/www.lactissima.com\\\/a-tire-d-ailes\\\/\"},{\"@type\":\"ListItem\",\"position\":2,\"name\":\"Les nuits avec un b\u00e9b\u00e9 qui t\u00e8te beaucoup&#8230;\"}]},{\"@type\":\"WebSite\",\"@id\":\"https:\\\/\\\/www.lactissima.com\\\/a-tire-d-ailes\\\/#website\",\"url\":\"https:\\\/\\\/www.lactissima.com\\\/a-tire-d-ailes\\\/\",\"name\":\"A tire d&#039;Ailes\",\"description\":\"Le blog des femmes qui allaitent et travaillent.\",\"potentialAction\":[{\"@type\":\"SearchAction\",\"target\":{\"@type\":\"EntryPoint\",\"urlTemplate\":\"https:\\\/\\\/www.lactissima.com\\\/a-tire-d-ailes\\\/?s={search_term_string}\"},\"query-input\":{\"@type\":\"PropertyValueSpecification\",\"valueRequired\":true,\"valueName\":\"search_term_string\"}}],\"inLanguage\":\"fr-FR\"},{\"@type\":\"Person\",\"@id\":\"https:\\\/\\\/www.lactissima.com\\\/a-tire-d-ailes\\\/#\\\/schema\\\/person\\\/8f98d3a89530861bc1240e6d53d44eed\",\"name\":\"V\u00e9ronique Darmangeat\",\"image\":{\"@type\":\"ImageObject\",\"inLanguage\":\"fr-FR\",\"@id\":\"https:\\\/\\\/secure.gravatar.com\\\/avatar\\\/268c99344c89cebfe4f5df5fa8be43068a18884fc76a29f3206fae98465b9cab?s=96&d=identicon&r=g\",\"url\":\"https:\\\/\\\/secure.gravatar.com\\\/avatar\\\/268c99344c89cebfe4f5df5fa8be43068a18884fc76a29f3206fae98465b9cab?s=96&d=identicon&r=g\",\"contentUrl\":\"https:\\\/\\\/secure.gravatar.com\\\/avatar\\\/268c99344c89cebfe4f5df5fa8be43068a18884fc76a29f3206fae98465b9cab?s=96&d=identicon&r=g\",\"caption\":\"V\u00e9ronique Darmangeat\"},\"sameAs\":[\"https:\\\/\\\/www.lactissima.com\\\/a-tire-d-ailes\",\"www.facebook.com\\\/consultante.en.lactation\"]}]}<\/script>\n<!-- \/ Yoast SEO plugin. -->","yoast_head_json":{"title":"fatigue et allaitement","description":"Quand un b\u00e9b\u00e9 t\u00e8te beaucoup la nuit, on peut penser que fatigue et allaitement vont de pair. Et pourtant, il existe des solutions.","robots":{"index":"index","follow":"follow","max-snippet":"max-snippet:-1","max-image-preview":"max-image-preview:large","max-video-preview":"max-video-preview:-1"},"canonical":"https:\/\/www.lactissima.com\/a-tire-d-ailes\/les-nuits-avec-un-bebe-qui-tete-beaucoup\/","og_locale":"fr_FR","og_type":"article","og_title":"fatigue et allaitement","og_description":"Quand un b\u00e9b\u00e9 t\u00e8te beaucoup la nuit, on peut penser que fatigue et allaitement vont de pair. Et pourtant, il existe des solutions.","og_url":"https:\/\/www.lactissima.com\/a-tire-d-ailes\/les-nuits-avec-un-bebe-qui-tete-beaucoup\/","og_site_name":"A tire d&#039;Ailes","article_publisher":"https:\/\/www.facebook.com\/consultante.en.lactation","article_author":"www.facebook.com\/consultante.en.lactation","article_published_time":"2010-10-15T15:55:46+00:00","article_modified_time":"2016-08-03T17:20:16+00:00","og_image":[{"width":269,"height":179,"url":"https:\/\/www.lactissima.com\/a-tire-d-ailes\/wp-content\/uploads\/2010\/10\/fatigu\u00e9e1.jpg","type":"image\/jpeg"}],"author":"V\u00e9ronique Darmangeat","twitter_card":"summary_large_image","twitter_creator":"@VeroniqueIBCLC","twitter_site":"@VeroniqueIBCLC","twitter_misc":{"\u00c9crit par":"V\u00e9ronique Darmangeat","Dur\u00e9e de lecture estim\u00e9e":"2 minutes"},"schema":{"@context":"https:\/\/schema.org","@graph":[{"@type":"Article","@id":"https:\/\/www.lactissima.com\/a-tire-d-ailes\/les-nuits-avec-un-bebe-qui-tete-beaucoup\/#article","isPartOf":{"@id":"https:\/\/www.lactissima.com\/a-tire-d-ailes\/les-nuits-avec-un-bebe-qui-tete-beaucoup\/"},"author":{"name":"V\u00e9ronique Darmangeat","@id":"https:\/\/www.lactissima.com\/a-tire-d-ailes\/#\/schema\/person\/8f98d3a89530861bc1240e6d53d44eed"},"headline":"Les nuits avec un b\u00e9b\u00e9 qui t\u00e8te beaucoup&#8230;","datePublished":"2010-10-15T15:55:46+00:00","dateModified":"2016-08-03T17:20:16+00:00","mainEntityOfPage":{"@id":"https:\/\/www.lactissima.com\/a-tire-d-ailes\/les-nuits-avec-un-bebe-qui-tete-beaucoup\/"},"wordCount":416,"commentCount":240,"image":{"@id":"https:\/\/www.lactissima.com\/a-tire-d-ailes\/les-nuits-avec-un-bebe-qui-tete-beaucoup\/#primaryimage"},"thumbnailUrl":"https:\/\/www.lactissima.com\/a-tire-d-ailes\/wp-content\/uploads\/2010\/10\/fatigu\u00e9e1.jpg","keywords":["nuits","sommeil","t\u00e9t\u00e9es"],"articleSection":["Allaitement","Allaitement et Travail","Articulation Vie Professionnelle Vie Famille","Sommeil et rythmes du b\u00e9b\u00e9","Vie de famille"],"inLanguage":"fr-FR","potentialAction":[{"@type":"CommentAction","name":"Comment","target":["https:\/\/www.lactissima.com\/a-tire-d-ailes\/les-nuits-avec-un-bebe-qui-tete-beaucoup\/#respond"]}]},{"@type":"WebPage","@id":"https:\/\/www.lactissima.com\/a-tire-d-ailes\/les-nuits-avec-un-bebe-qui-tete-beaucoup\/","url":"https:\/\/www.lactissima.com\/a-tire-d-ailes\/les-nuits-avec-un-bebe-qui-tete-beaucoup\/","name":"fatigue et allaitement","isPartOf":{"@id":"https:\/\/www.lactissima.com\/a-tire-d-ailes\/#website"},"primaryImageOfPage":{"@id":"https:\/\/www.lactissima.com\/a-tire-d-ailes\/les-nuits-avec-un-bebe-qui-tete-beaucoup\/#primaryimage"},"image":{"@id":"https:\/\/www.lactissima.com\/a-tire-d-ailes\/les-nuits-avec-un-bebe-qui-tete-beaucoup\/#primaryimage"},"thumbnailUrl":"https:\/\/www.lactissima.com\/a-tire-d-ailes\/wp-content\/uploads\/2010\/10\/fatigu\u00e9e1.jpg","datePublished":"2010-10-15T15:55:46+00:00","dateModified":"2016-08-03T17:20:16+00:00","author":{"@id":"https:\/\/www.lactissima.com\/a-tire-d-ailes\/#\/schema\/person\/8f98d3a89530861bc1240e6d53d44eed"},"description":"Quand un b\u00e9b\u00e9 t\u00e8te beaucoup la nuit, on peut penser que fatigue et allaitement vont de pair. Et pourtant, il existe des solutions.","breadcrumb":{"@id":"https:\/\/www.lactissima.com\/a-tire-d-ailes\/les-nuits-avec-un-bebe-qui-tete-beaucoup\/#breadcrumb"},"inLanguage":"fr-FR","potentialAction":[{"@type":"ReadAction","target":["https:\/\/www.lactissima.com\/a-tire-d-ailes\/les-nuits-avec-un-bebe-qui-tete-beaucoup\/"]}]},{"@type":"ImageObject","inLanguage":"fr-FR","@id":"https:\/\/www.lactissima.com\/a-tire-d-ailes\/les-nuits-avec-un-bebe-qui-tete-beaucoup\/#primaryimage","url":"https:\/\/www.lactissima.com\/a-tire-d-ailes\/wp-content\/uploads\/2010\/10\/fatigu\u00e9e1.jpg","contentUrl":"https:\/\/www.lactissima.com\/a-tire-d-ailes\/wp-content\/uploads\/2010\/10\/fatigu\u00e9e1.jpg","width":269,"height":179,"caption":"fatigue et allaitement"},{"@type":"BreadcrumbList","@id":"https:\/\/www.lactissima.com\/a-tire-d-ailes\/les-nuits-avec-un-bebe-qui-tete-beaucoup\/#breadcrumb","itemListElement":[{"@type":"ListItem","position":1,"name":"Accueil","item":"https:\/\/www.lactissima.com\/a-tire-d-ailes\/"},{"@type":"ListItem","position":2,"name":"Les nuits avec un b\u00e9b\u00e9 qui t\u00e8te beaucoup&#8230;"}]},{"@type":"WebSite","@id":"https:\/\/www.lactissima.com\/a-tire-d-ailes\/#website","url":"https:\/\/www.lactissima.com\/a-tire-d-ailes\/","name":"A tire d&#039;Ailes","description":"Le blog des femmes qui allaitent et travaillent.","potentialAction":[{"@type":"SearchAction","target":{"@type":"EntryPoint","urlTemplate":"https:\/\/www.lactissima.com\/a-tire-d-ailes\/?s={search_term_string}"},"query-input":{"@type":"PropertyValueSpecification","valueRequired":true,"valueName":"search_term_string"}}],"inLanguage":"fr-FR"},{"@type":"Person","@id":"https:\/\/www.lactissima.com\/a-tire-d-ailes\/#\/schema\/person\/8f98d3a89530861bc1240e6d53d44eed","name":"V\u00e9ronique Darmangeat","image":{"@type":"ImageObject","inLanguage":"fr-FR","@id":"https:\/\/secure.gravatar.com\/avatar\/268c99344c89cebfe4f5df5fa8be43068a18884fc76a29f3206fae98465b9cab?s=96&d=identicon&r=g","url":"https:\/\/secure.gravatar.com\/avatar\/268c99344c89cebfe4f5df5fa8be43068a18884fc76a29f3206fae98465b9cab?s=96&d=identicon&r=g","contentUrl":"https:\/\/secure.gravatar.com\/avatar\/268c99344c89cebfe4f5df5fa8be43068a18884fc76a29f3206fae98465b9cab?s=96&d=identicon&r=g","caption":"V\u00e9ronique Darmangeat"},"sameAs":["https:\/\/www.lactissima.com\/a-tire-d-ailes","www.facebook.com\/consultante.en.lactation"]}]}},"_links":{"self":[{"href":"https:\/\/www.lactissima.com\/a-tire-d-ailes\/wp-json\/wp\/v2\/posts\/1706","targetHints":{"allow":["GET"]}}],"collection":[{"href":"https:\/\/www.lactissima.com\/a-tire-d-ailes\/wp-json\/wp\/v2\/posts"}],"about":[{"href":"https:\/\/www.lactissima.com\/a-tire-d-ailes\/wp-json\/wp\/v2\/types\/post"}],"author":[{"embeddable":true,"href":"https:\/\/www.lactissima.com\/a-tire-d-ailes\/wp-json\/wp\/v2\/users\/170"}],"replies":[{"embeddable":true,"href":"https:\/\/www.lactissima.com\/a-tire-d-ailes\/wp-json\/wp\/v2\/comments?post=1706"}],"version-history":[{"count":16,"href":"https:\/\/www.lactissima.com\/a-tire-d-ailes\/wp-json\/wp\/v2\/posts\/1706\/revisions"}],"predecessor-version":[{"id":6827,"href":"https:\/\/www.lactissima.com\/a-tire-d-ailes\/wp-json\/wp\/v2\/posts\/1706\/revisions\/6827"}],"wp:featuredmedia":[{"embeddable":true,"href":"https:\/\/www.lactissima.com\/a-tire-d-ailes\/wp-json\/wp\/v2\/media\/4216"}],"wp:attachment":[{"href":"https:\/\/www.lactissima.com\/a-tire-d-ailes\/wp-json\/wp\/v2\/media?parent=1706"}],"wp:term":[{"taxonomy":"category","embeddable":true,"href":"https:\/\/www.lactissima.com\/a-tire-d-ailes\/wp-json\/wp\/v2\/categories?post=1706"},{"taxonomy":"post_tag","embeddable":true,"href":"https:\/\/www.lactissima.com\/a-tire-d-ailes\/wp-json\/wp\/v2\/tags?post=1706"}],"curies":[{"name":"wp","href":"https:\/\/api.w.org\/{rel}","templated":true}]}}