{"id":1633,"date":"2010-10-09T19:26:55","date_gmt":"2010-10-09T17:26:55","guid":{"rendered":"https:\/\/www.lactissima.com\/a-tire-d-ailes\/?p=1633"},"modified":"2015-06-06T10:37:50","modified_gmt":"2015-06-06T08:37:50","slug":"interview-de-sandrine-scher-du-blog-job-et-maman","status":"publish","type":"post","link":"https:\/\/www.lactissima.com\/a-tire-d-ailes\/interview-de-sandrine-scher-du-blog-job-et-maman\/","title":{"rendered":"Interview de Sandrine Scher, du blog Job et maman"},"content":{"rendered":"<p style=\"text-align: justify;\"><a href=\"https:\/\/www.lactissima.com\/a-tire-d-ailes\/wp-content\/uploads\/sandrine-scher.jpg\"><img loading=\"lazy\" decoding=\"async\" class=\"alignright size-full wp-image-1636\" title=\"Sandrine Scher\" alt=\"\" src=\"https:\/\/www.lactissima.com\/a-tire-d-ailes\/wp-content\/uploads\/sandrine-scher.jpg\" width=\"246\" height=\"309\" srcset=\"https:\/\/www.lactissima.com\/a-tire-d-ailes\/wp-content\/uploads\/sandrine-scher.jpg 246w, https:\/\/www.lactissima.com\/a-tire-d-ailes\/wp-content\/uploads\/sandrine-scher-238x300.jpg 238w\" sizes=\"(max-width: 246px) 100vw, 246px\" \/><\/a>Je suis heureuse de vous <strong>pr\u00e9senter <\/strong>aujourd&rsquo;hui <strong>Sandrine Scher<\/strong>, qui \u00e9crit le blog <strong>jobetmaman<\/strong>, d\u00e9di\u00e9 aux femmes qui travaillent et ont des enfants.<\/p>\n<p style=\"text-align: justify;\">Pour <strong>vous<\/strong>, je lui ai pos\u00e9 quelques <strong> questions<\/strong>.<\/p>\n<p style=\"text-align: justify;\"><strong>V\u00e9ronique <\/strong>:<strong> \u00ab\u00a0Bonjour Sandrine, qui es-tu ?\u00a0\u00bb<\/strong><\/p>\n<p style=\"text-align: justify;\"><strong>Sandrine <\/strong>: \u00ab\u00a0Je suis parisienne depuis quinze ans. Je suis maman de 3 enfants \u00e2g\u00e9s de trois \u00e0 neuf ans.<br \/>\nJ&rsquo;ai longtemps travaill\u00e9 dans la communication institutionnelle et ai poursuivi ma carri\u00e8re professionnelle en pointill\u00e9s quand j&rsquo;ai eu mes enfants. Aujourd&rsquo;hui, je suis freelance en conseil en communication sur le web. Passionn\u00e9e par le web, fascin\u00e9e par la d\u00e9multiplication des \u00e9changes humains que cela cr\u00e9e, je monte actuellement mon agence de cr\u00e9ation de blogs corporate ou associatifs\u00a0\u00bb<\/p>\n<p style=\"text-align: justify;\"><strong>V\u00e9ronique : \u00ab\u00a0Qu&rsquo;est-ce qui t&rsquo;a donn\u00e9 envie d&rsquo;\u00e9crire ce blog ?\u00a0\u00bb<\/strong><\/p>\n<p style=\"text-align: justify;\"><strong>Sandrine <\/strong>: \u00ab\u00a0L&rsquo;id\u00e9e est n\u00e9e d&rsquo;\u00e9changes avec d&rsquo;autres mamans. On ne trouvait jamais de situation id\u00e9ale : soit on travaille trop et on n&rsquo;a pas assez de temps pour sa famille, soit l&rsquo;inverse. La situation de m\u00e8re au foyer ne convient pas forc\u00e9ment non plus \u00e0 toutes les femmes. Enfin, le risque est grand de se retrouver dans un placard quand on revient de cong\u00e9s maternit\u00e9. J&rsquo;ai voulu me faire l&rsquo;\u00e9cho de toutes ces femmes, d&rsquo;autant plus que je suis totalement concern\u00e9e par ces questions autour de l&rsquo;\u00e9quilibre vie familiale \/ vie professionnelle.\u00a0\u00bb<\/p>\n<p style=\"text-align: justify;\"><strong>V\u00e9ronique : \u00ab\u00a0Penses-tu que la conciliation de sa vie de m\u00e8re et de sa vie professionnelle soit une chose ais\u00e9e aujourd&rsquo;hui et pourquoi ?\u00a0\u00bb<\/strong><\/p>\n<p style=\"text-align: justify;\"><strong>Sandrine <\/strong>: \u00ab\u00a0En France, les femmes sont dynamiques et le taux de travail des femmes est \u00e9lev\u00e9. Il existe une v\u00e9ritable volont\u00e9 d&rsquo;ind\u00e9pendance des femmes. Mais pour cela, il manque les moyens logistiques. Cela reste compliqu\u00e9 pour les femmes, m\u00eame si les hommes commencent \u00e0 mettre la main \u00e0 la p\u00e2te. Ce sont quand m\u00eame encore les femmes qui g\u00e8rent l&rsquo;\u00e9ducation des enfants, la gestion de la maison, les sorties, les activit\u00e9s, les vacances..en plus de leur travail ! Elles sont multifonctions ! Et le temps d&rsquo;une journ\u00e9e, lui, ne s&rsquo;allonge pas&#8230;\u00a0\u00bb<\/p>\n<p style=\"text-align: justify;\"><strong>V\u00e9ronique : \u00ab\u00a0Qu&rsquo;est-ce qui pourrait am\u00e9liorer cette situation d&rsquo;apr\u00e8s-toi ?\u00a0\u00bb<\/strong><\/p>\n<p style=\"text-align: justify;\"><strong>Sandrine <\/strong>: \u00ab\u00a0Il faudrait d\u00e9velopper des moyens suppl\u00e9mentaires de garde d&rsquo;enfants, ainsi que les cr\u00e8ches d&rsquo;entreprises; proposer \u00e9galement des syst\u00e8mes de garderies \u00e0 horaires d\u00e9cal\u00e9es comme Gepetto.<br \/>\nPourquoi ne pas envisager des syst\u00e8mes de conciergeries dans les entreprises pour faciliter certaines courses ou t\u00e2ches administratives. Ce serait un vrai plus.<br \/>\nLes mentalit\u00e9s aussi doivent \u00e9voluer : aujourd&rsquo;hui, quand une femme r\u00e9ussit on consid\u00e8re que c&rsquo;est un mec, quand elle ne r\u00e9ussit pas sa carri\u00e8re, on consid\u00e8re que c&rsquo;est normal.<br \/>\nEt puis on fait face toujours \u00e0 ce fameux plafond de verre dans les entreprises, qui emp\u00eache les femmes d&rsquo;acc\u00e9der aux plus hautes fonctions, sans compter les disparit\u00e9s de salaire entre hommes et femmes. C&rsquo;est surtout par les actions des femmes que les choses peuvent changer (r\u00e9seaux, associations, propositions, t\u00e9moignages de femmes !)\u00a0\u00bb<\/p>\n<p style=\"text-align: justify;\"><strong>V\u00e9ronique : \u00ab\u00a0Que conseillerais-tu aux femmes qui reprennent le travail apr\u00e8s leur premier enfant ?\u00a0\u00bb<\/strong><\/p>\n<p style=\"text-align: justify;\"><strong>Sandrine <\/strong>: \u00ab\u00a0De ne pas s&rsquo;arr\u00eater, sauf s&rsquo;il y a un vrai projet de famille derri\u00e8re. Mais il ne faut pas subir un cong\u00e9 parental, surtout s&rsquo;il est long, on a trop de mal \u00e0 se remettre dans le bain ensuite.<br \/>\nIl faut anticiper son retour \u00e0 l&rsquo;activit\u00e9 et r\u00e9fl\u00e9chir \u00e0 un projet professionnel : garder le m\u00eame emploi ou non, effectuer une reconversion, changer de rythme de travail ? Beaucoup de femmes cr\u00e9ent leur activit\u00e9 dans cette situation, m\u00eame si ce n&rsquo;est pas toujours facile.\u00a0\u00bb<\/p>\n<p style=\"text-align: justify;\"><strong>V\u00e9ronique : \u00ab\u00a0Merci beaucoup Sandrine et \u00e0 bient\u00f4t !\u00a0\u00bb<\/strong><\/p>\n<p style=\"text-align: justify;\"><strong>Articles en rapport :<\/strong><\/p>\n<ul>\n<li style=\"text-align: justify;\"><a href=\"https:\/\/www.lactissima.com\/a-tire-d-ailes\/?p=1184\">Interview d&rsquo;une directrice de cr\u00e8che<\/a><\/li>\n<li style=\"text-align: justify;\"><a href=\"https:\/\/www.lactissima.com\/a-tire-d-ailes\/?p=857\">Rencontre avec S\u00e9gol\u00e8ne Finet<\/a><\/li>\n<\/ul>\n<p>&nbsp;<\/p>\n","protected":false},"excerpt":{"rendered":"<p>Il faudrait d\u00e9velopper des moyens suppl\u00e9mentaires de garde d&rsquo;enfants, ainsi que les cr\u00e8ches d&rsquo;entreprises; proposer \u00e9galement des syst\u00e8mes de garderies \u00e0 horaires d\u00e9cal\u00e9es comme Gepetto.<br \/>\nPourquoi ne pas envisager des syst\u00e8mes de conciergeries dans les entreprises pour faciliter certaines courses ou t\u00e2ches administratives. Ce serait un vrai plus.<\/p>\n","protected":false},"author":170,"featured_media":1636,"comment_status":"open","ping_status":"open","sticky":false,"template":"","format":"standard","meta":{"_et_pb_use_builder":"","_et_pb_old_content":"","_et_gb_content_width":"","footnotes":""},"categories":[37,41,45],"tags":[244,246,245,686],"class_list":["post-1633","post","type-post","status-publish","format-standard","has-post-thumbnail","hentry","category-articulation-vie-professionnelle-vie-famille","category-femmes-et-societe","category-travail-des-femmes","tag-conciliation","tag-garde-denfant","tag-plafond-de-verre","tag-travail-des-femmes"],"yoast_head":"<!-- This site is optimized with the Yoast SEO plugin v27.4 - https:\/\/yoast.com\/product\/yoast-seo-wordpress\/ -->\n<title>Interview de Sandrine Scher, du blog Job et maman<\/title>\n<meta name=\"description\" content=\"Il faudrait d\u00e9velopper des moyens suppl\u00e9mentaires de garde d&#039;enfants, ainsi que les cr\u00e8ches d&#039;entreprises; proposer \u00e9galement des syst\u00e8mes de garderies \u00e0 horaires d\u00e9cal\u00e9es comme Gepetto. Pourquoi ne pas envisager des syst\u00e8mes de conciergeries dans les entreprises pour faciliter certaines courses ou t\u00e2ches administratives. Ce serait un vrai plus.\" \/>\n<meta name=\"robots\" content=\"index, follow, max-snippet:-1, max-image-preview:large, max-video-preview:-1\" \/>\n<link rel=\"canonical\" href=\"https:\/\/www.lactissima.com\/a-tire-d-ailes\/interview-de-sandrine-scher-du-blog-job-et-maman\/\" \/>\n<meta property=\"og:locale\" content=\"fr_FR\" \/>\n<meta property=\"og:type\" content=\"article\" \/>\n<meta property=\"og:title\" content=\"Interview de Sandrine Scher, du blog Job et maman\" \/>\n<meta property=\"og:description\" content=\"Il faudrait d\u00e9velopper des moyens suppl\u00e9mentaires de garde d&#039;enfants, ainsi que les cr\u00e8ches d&#039;entreprises; proposer \u00e9galement des syst\u00e8mes de garderies \u00e0 horaires d\u00e9cal\u00e9es comme Gepetto. Pourquoi ne pas envisager des syst\u00e8mes de conciergeries dans les entreprises pour faciliter certaines courses ou t\u00e2ches administratives. Ce serait un vrai plus.\" \/>\n<meta property=\"og:url\" content=\"https:\/\/www.lactissima.com\/a-tire-d-ailes\/interview-de-sandrine-scher-du-blog-job-et-maman\/\" \/>\n<meta property=\"og:site_name\" content=\"A tire d&#039;Ailes\" \/>\n<meta property=\"article:publisher\" content=\"https:\/\/www.facebook.com\/consultante.en.lactation\" \/>\n<meta property=\"article:author\" content=\"www.facebook.com\/consultante.en.lactation\" \/>\n<meta property=\"article:published_time\" content=\"2010-10-09T17:26:55+00:00\" \/>\n<meta property=\"article:modified_time\" content=\"2015-06-06T08:37:50+00:00\" \/>\n<meta property=\"og:image\" content=\"https:\/\/www.lactissima.com\/a-tire-d-ailes\/wp-content\/uploads\/sandrine-scher.jpg\" \/>\n\t<meta property=\"og:image:width\" content=\"246\" \/>\n\t<meta property=\"og:image:height\" content=\"309\" \/>\n\t<meta property=\"og:image:type\" content=\"image\/jpeg\" \/>\n<meta name=\"author\" content=\"V\u00e9ronique Darmangeat\" \/>\n<meta name=\"twitter:card\" content=\"summary_large_image\" \/>\n<meta name=\"twitter:creator\" content=\"@VeroniqueIBCLC\" \/>\n<meta name=\"twitter:site\" content=\"@VeroniqueIBCLC\" \/>\n<meta name=\"twitter:label1\" content=\"\u00c9crit par\" \/>\n\t<meta name=\"twitter:data1\" content=\"V\u00e9ronique Darmangeat\" \/>\n\t<meta name=\"twitter:label2\" content=\"Dur\u00e9e de lecture estim\u00e9e\" \/>\n\t<meta name=\"twitter:data2\" content=\"3 minutes\" \/>\n<script type=\"application\/ld+json\" class=\"yoast-schema-graph\">{\"@context\":\"https:\\\/\\\/schema.org\",\"@graph\":[{\"@type\":\"Article\",\"@id\":\"https:\\\/\\\/www.lactissima.com\\\/a-tire-d-ailes\\\/interview-de-sandrine-scher-du-blog-job-et-maman\\\/#article\",\"isPartOf\":{\"@id\":\"https:\\\/\\\/www.lactissima.com\\\/a-tire-d-ailes\\\/interview-de-sandrine-scher-du-blog-job-et-maman\\\/\"},\"author\":{\"name\":\"V\u00e9ronique Darmangeat\",\"@id\":\"https:\\\/\\\/www.lactissima.com\\\/a-tire-d-ailes\\\/#\\\/schema\\\/person\\\/8f98d3a89530861bc1240e6d53d44eed\"},\"headline\":\"Interview de Sandrine Scher, du blog Job et maman\",\"datePublished\":\"2010-10-09T17:26:55+00:00\",\"dateModified\":\"2015-06-06T08:37:50+00:00\",\"mainEntityOfPage\":{\"@id\":\"https:\\\/\\\/www.lactissima.com\\\/a-tire-d-ailes\\\/interview-de-sandrine-scher-du-blog-job-et-maman\\\/\"},\"wordCount\":676,\"commentCount\":1,\"image\":{\"@id\":\"https:\\\/\\\/www.lactissima.com\\\/a-tire-d-ailes\\\/interview-de-sandrine-scher-du-blog-job-et-maman\\\/#primaryimage\"},\"thumbnailUrl\":\"https:\\\/\\\/www.lactissima.com\\\/a-tire-d-ailes\\\/wp-content\\\/uploads\\\/sandrine-scher.jpg\",\"keywords\":[\"conciliation\",\"garde d'enfant\",\"plafond de verre\",\"Travail des femmes\"],\"articleSection\":[\"Articulation Vie Professionnelle Vie Famille\",\"Femmes et Soci\u00e9t\u00e9\",\"Travail des femmes\"],\"inLanguage\":\"fr-FR\",\"potentialAction\":[{\"@type\":\"CommentAction\",\"name\":\"Comment\",\"target\":[\"https:\\\/\\\/www.lactissima.com\\\/a-tire-d-ailes\\\/interview-de-sandrine-scher-du-blog-job-et-maman\\\/#respond\"]}]},{\"@type\":\"WebPage\",\"@id\":\"https:\\\/\\\/www.lactissima.com\\\/a-tire-d-ailes\\\/interview-de-sandrine-scher-du-blog-job-et-maman\\\/\",\"url\":\"https:\\\/\\\/www.lactissima.com\\\/a-tire-d-ailes\\\/interview-de-sandrine-scher-du-blog-job-et-maman\\\/\",\"name\":\"Interview de Sandrine Scher, du blog Job et maman\",\"isPartOf\":{\"@id\":\"https:\\\/\\\/www.lactissima.com\\\/a-tire-d-ailes\\\/#website\"},\"primaryImageOfPage\":{\"@id\":\"https:\\\/\\\/www.lactissima.com\\\/a-tire-d-ailes\\\/interview-de-sandrine-scher-du-blog-job-et-maman\\\/#primaryimage\"},\"image\":{\"@id\":\"https:\\\/\\\/www.lactissima.com\\\/a-tire-d-ailes\\\/interview-de-sandrine-scher-du-blog-job-et-maman\\\/#primaryimage\"},\"thumbnailUrl\":\"https:\\\/\\\/www.lactissima.com\\\/a-tire-d-ailes\\\/wp-content\\\/uploads\\\/sandrine-scher.jpg\",\"datePublished\":\"2010-10-09T17:26:55+00:00\",\"dateModified\":\"2015-06-06T08:37:50+00:00\",\"author\":{\"@id\":\"https:\\\/\\\/www.lactissima.com\\\/a-tire-d-ailes\\\/#\\\/schema\\\/person\\\/8f98d3a89530861bc1240e6d53d44eed\"},\"description\":\"Il faudrait d\u00e9velopper des moyens suppl\u00e9mentaires de garde d'enfants, ainsi que les cr\u00e8ches d'entreprises; proposer \u00e9galement des syst\u00e8mes de garderies \u00e0 horaires d\u00e9cal\u00e9es comme Gepetto. Pourquoi ne pas envisager des syst\u00e8mes de conciergeries dans les entreprises pour faciliter certaines courses ou t\u00e2ches administratives. Ce serait un vrai plus.\",\"breadcrumb\":{\"@id\":\"https:\\\/\\\/www.lactissima.com\\\/a-tire-d-ailes\\\/interview-de-sandrine-scher-du-blog-job-et-maman\\\/#breadcrumb\"},\"inLanguage\":\"fr-FR\",\"potentialAction\":[{\"@type\":\"ReadAction\",\"target\":[\"https:\\\/\\\/www.lactissima.com\\\/a-tire-d-ailes\\\/interview-de-sandrine-scher-du-blog-job-et-maman\\\/\"]}]},{\"@type\":\"ImageObject\",\"inLanguage\":\"fr-FR\",\"@id\":\"https:\\\/\\\/www.lactissima.com\\\/a-tire-d-ailes\\\/interview-de-sandrine-scher-du-blog-job-et-maman\\\/#primaryimage\",\"url\":\"https:\\\/\\\/www.lactissima.com\\\/a-tire-d-ailes\\\/wp-content\\\/uploads\\\/sandrine-scher.jpg\",\"contentUrl\":\"https:\\\/\\\/www.lactissima.com\\\/a-tire-d-ailes\\\/wp-content\\\/uploads\\\/sandrine-scher.jpg\",\"width\":\"246\",\"height\":\"309\"},{\"@type\":\"BreadcrumbList\",\"@id\":\"https:\\\/\\\/www.lactissima.com\\\/a-tire-d-ailes\\\/interview-de-sandrine-scher-du-blog-job-et-maman\\\/#breadcrumb\",\"itemListElement\":[{\"@type\":\"ListItem\",\"position\":1,\"name\":\"Accueil\",\"item\":\"https:\\\/\\\/www.lactissima.com\\\/a-tire-d-ailes\\\/\"},{\"@type\":\"ListItem\",\"position\":2,\"name\":\"Interview de Sandrine Scher, du blog Job et maman\"}]},{\"@type\":\"WebSite\",\"@id\":\"https:\\\/\\\/www.lactissima.com\\\/a-tire-d-ailes\\\/#website\",\"url\":\"https:\\\/\\\/www.lactissima.com\\\/a-tire-d-ailes\\\/\",\"name\":\"A tire d&#039;Ailes\",\"description\":\"Le blog des femmes qui allaitent et travaillent.\",\"potentialAction\":[{\"@type\":\"SearchAction\",\"target\":{\"@type\":\"EntryPoint\",\"urlTemplate\":\"https:\\\/\\\/www.lactissima.com\\\/a-tire-d-ailes\\\/?s={search_term_string}\"},\"query-input\":{\"@type\":\"PropertyValueSpecification\",\"valueRequired\":true,\"valueName\":\"search_term_string\"}}],\"inLanguage\":\"fr-FR\"},{\"@type\":\"Person\",\"@id\":\"https:\\\/\\\/www.lactissima.com\\\/a-tire-d-ailes\\\/#\\\/schema\\\/person\\\/8f98d3a89530861bc1240e6d53d44eed\",\"name\":\"V\u00e9ronique Darmangeat\",\"image\":{\"@type\":\"ImageObject\",\"inLanguage\":\"fr-FR\",\"@id\":\"https:\\\/\\\/secure.gravatar.com\\\/avatar\\\/268c99344c89cebfe4f5df5fa8be43068a18884fc76a29f3206fae98465b9cab?s=96&d=identicon&r=g\",\"url\":\"https:\\\/\\\/secure.gravatar.com\\\/avatar\\\/268c99344c89cebfe4f5df5fa8be43068a18884fc76a29f3206fae98465b9cab?s=96&d=identicon&r=g\",\"contentUrl\":\"https:\\\/\\\/secure.gravatar.com\\\/avatar\\\/268c99344c89cebfe4f5df5fa8be43068a18884fc76a29f3206fae98465b9cab?s=96&d=identicon&r=g\",\"caption\":\"V\u00e9ronique Darmangeat\"},\"sameAs\":[\"https:\\\/\\\/www.lactissima.com\\\/a-tire-d-ailes\",\"www.facebook.com\\\/consultante.en.lactation\"]}]}<\/script>\n<!-- \/ Yoast SEO plugin. -->","yoast_head_json":{"title":"Interview de Sandrine Scher, du blog Job et maman","description":"Il faudrait d\u00e9velopper des moyens suppl\u00e9mentaires de garde d'enfants, ainsi que les cr\u00e8ches d'entreprises; proposer \u00e9galement des syst\u00e8mes de garderies \u00e0 horaires d\u00e9cal\u00e9es comme Gepetto. Pourquoi ne pas envisager des syst\u00e8mes de conciergeries dans les entreprises pour faciliter certaines courses ou t\u00e2ches administratives. Ce serait un vrai plus.","robots":{"index":"index","follow":"follow","max-snippet":"max-snippet:-1","max-image-preview":"max-image-preview:large","max-video-preview":"max-video-preview:-1"},"canonical":"https:\/\/www.lactissima.com\/a-tire-d-ailes\/interview-de-sandrine-scher-du-blog-job-et-maman\/","og_locale":"fr_FR","og_type":"article","og_title":"Interview de Sandrine Scher, du blog Job et maman","og_description":"Il faudrait d\u00e9velopper des moyens suppl\u00e9mentaires de garde d'enfants, ainsi que les cr\u00e8ches d'entreprises; proposer \u00e9galement des syst\u00e8mes de garderies \u00e0 horaires d\u00e9cal\u00e9es comme Gepetto. Pourquoi ne pas envisager des syst\u00e8mes de conciergeries dans les entreprises pour faciliter certaines courses ou t\u00e2ches administratives. Ce serait un vrai plus.","og_url":"https:\/\/www.lactissima.com\/a-tire-d-ailes\/interview-de-sandrine-scher-du-blog-job-et-maman\/","og_site_name":"A tire d&#039;Ailes","article_publisher":"https:\/\/www.facebook.com\/consultante.en.lactation","article_author":"www.facebook.com\/consultante.en.lactation","article_published_time":"2010-10-09T17:26:55+00:00","article_modified_time":"2015-06-06T08:37:50+00:00","og_image":[{"width":246,"height":309,"url":"https:\/\/www.lactissima.com\/a-tire-d-ailes\/wp-content\/uploads\/sandrine-scher.jpg","type":"image\/jpeg"}],"author":"V\u00e9ronique Darmangeat","twitter_card":"summary_large_image","twitter_creator":"@VeroniqueIBCLC","twitter_site":"@VeroniqueIBCLC","twitter_misc":{"\u00c9crit par":"V\u00e9ronique Darmangeat","Dur\u00e9e de lecture estim\u00e9e":"3 minutes"},"schema":{"@context":"https:\/\/schema.org","@graph":[{"@type":"Article","@id":"https:\/\/www.lactissima.com\/a-tire-d-ailes\/interview-de-sandrine-scher-du-blog-job-et-maman\/#article","isPartOf":{"@id":"https:\/\/www.lactissima.com\/a-tire-d-ailes\/interview-de-sandrine-scher-du-blog-job-et-maman\/"},"author":{"name":"V\u00e9ronique Darmangeat","@id":"https:\/\/www.lactissima.com\/a-tire-d-ailes\/#\/schema\/person\/8f98d3a89530861bc1240e6d53d44eed"},"headline":"Interview de Sandrine Scher, du blog Job et maman","datePublished":"2010-10-09T17:26:55+00:00","dateModified":"2015-06-06T08:37:50+00:00","mainEntityOfPage":{"@id":"https:\/\/www.lactissima.com\/a-tire-d-ailes\/interview-de-sandrine-scher-du-blog-job-et-maman\/"},"wordCount":676,"commentCount":1,"image":{"@id":"https:\/\/www.lactissima.com\/a-tire-d-ailes\/interview-de-sandrine-scher-du-blog-job-et-maman\/#primaryimage"},"thumbnailUrl":"https:\/\/www.lactissima.com\/a-tire-d-ailes\/wp-content\/uploads\/sandrine-scher.jpg","keywords":["conciliation","garde d'enfant","plafond de verre","Travail des femmes"],"articleSection":["Articulation Vie Professionnelle Vie Famille","Femmes et Soci\u00e9t\u00e9","Travail des femmes"],"inLanguage":"fr-FR","potentialAction":[{"@type":"CommentAction","name":"Comment","target":["https:\/\/www.lactissima.com\/a-tire-d-ailes\/interview-de-sandrine-scher-du-blog-job-et-maman\/#respond"]}]},{"@type":"WebPage","@id":"https:\/\/www.lactissima.com\/a-tire-d-ailes\/interview-de-sandrine-scher-du-blog-job-et-maman\/","url":"https:\/\/www.lactissima.com\/a-tire-d-ailes\/interview-de-sandrine-scher-du-blog-job-et-maman\/","name":"Interview de Sandrine Scher, du blog Job et maman","isPartOf":{"@id":"https:\/\/www.lactissima.com\/a-tire-d-ailes\/#website"},"primaryImageOfPage":{"@id":"https:\/\/www.lactissima.com\/a-tire-d-ailes\/interview-de-sandrine-scher-du-blog-job-et-maman\/#primaryimage"},"image":{"@id":"https:\/\/www.lactissima.com\/a-tire-d-ailes\/interview-de-sandrine-scher-du-blog-job-et-maman\/#primaryimage"},"thumbnailUrl":"https:\/\/www.lactissima.com\/a-tire-d-ailes\/wp-content\/uploads\/sandrine-scher.jpg","datePublished":"2010-10-09T17:26:55+00:00","dateModified":"2015-06-06T08:37:50+00:00","author":{"@id":"https:\/\/www.lactissima.com\/a-tire-d-ailes\/#\/schema\/person\/8f98d3a89530861bc1240e6d53d44eed"},"description":"Il faudrait d\u00e9velopper des moyens suppl\u00e9mentaires de garde d'enfants, ainsi que les cr\u00e8ches d'entreprises; proposer \u00e9galement des syst\u00e8mes de garderies \u00e0 horaires d\u00e9cal\u00e9es comme Gepetto. Pourquoi ne pas envisager des syst\u00e8mes de conciergeries dans les entreprises pour faciliter certaines courses ou t\u00e2ches administratives. Ce serait un vrai plus.","breadcrumb":{"@id":"https:\/\/www.lactissima.com\/a-tire-d-ailes\/interview-de-sandrine-scher-du-blog-job-et-maman\/#breadcrumb"},"inLanguage":"fr-FR","potentialAction":[{"@type":"ReadAction","target":["https:\/\/www.lactissima.com\/a-tire-d-ailes\/interview-de-sandrine-scher-du-blog-job-et-maman\/"]}]},{"@type":"ImageObject","inLanguage":"fr-FR","@id":"https:\/\/www.lactissima.com\/a-tire-d-ailes\/interview-de-sandrine-scher-du-blog-job-et-maman\/#primaryimage","url":"https:\/\/www.lactissima.com\/a-tire-d-ailes\/wp-content\/uploads\/sandrine-scher.jpg","contentUrl":"https:\/\/www.lactissima.com\/a-tire-d-ailes\/wp-content\/uploads\/sandrine-scher.jpg","width":"246","height":"309"},{"@type":"BreadcrumbList","@id":"https:\/\/www.lactissima.com\/a-tire-d-ailes\/interview-de-sandrine-scher-du-blog-job-et-maman\/#breadcrumb","itemListElement":[{"@type":"ListItem","position":1,"name":"Accueil","item":"https:\/\/www.lactissima.com\/a-tire-d-ailes\/"},{"@type":"ListItem","position":2,"name":"Interview de Sandrine Scher, du blog Job et maman"}]},{"@type":"WebSite","@id":"https:\/\/www.lactissima.com\/a-tire-d-ailes\/#website","url":"https:\/\/www.lactissima.com\/a-tire-d-ailes\/","name":"A tire d&#039;Ailes","description":"Le blog des femmes qui allaitent et travaillent.","potentialAction":[{"@type":"SearchAction","target":{"@type":"EntryPoint","urlTemplate":"https:\/\/www.lactissima.com\/a-tire-d-ailes\/?s={search_term_string}"},"query-input":{"@type":"PropertyValueSpecification","valueRequired":true,"valueName":"search_term_string"}}],"inLanguage":"fr-FR"},{"@type":"Person","@id":"https:\/\/www.lactissima.com\/a-tire-d-ailes\/#\/schema\/person\/8f98d3a89530861bc1240e6d53d44eed","name":"V\u00e9ronique Darmangeat","image":{"@type":"ImageObject","inLanguage":"fr-FR","@id":"https:\/\/secure.gravatar.com\/avatar\/268c99344c89cebfe4f5df5fa8be43068a18884fc76a29f3206fae98465b9cab?s=96&d=identicon&r=g","url":"https:\/\/secure.gravatar.com\/avatar\/268c99344c89cebfe4f5df5fa8be43068a18884fc76a29f3206fae98465b9cab?s=96&d=identicon&r=g","contentUrl":"https:\/\/secure.gravatar.com\/avatar\/268c99344c89cebfe4f5df5fa8be43068a18884fc76a29f3206fae98465b9cab?s=96&d=identicon&r=g","caption":"V\u00e9ronique Darmangeat"},"sameAs":["https:\/\/www.lactissima.com\/a-tire-d-ailes","www.facebook.com\/consultante.en.lactation"]}]}},"_links":{"self":[{"href":"https:\/\/www.lactissima.com\/a-tire-d-ailes\/wp-json\/wp\/v2\/posts\/1633","targetHints":{"allow":["GET"]}}],"collection":[{"href":"https:\/\/www.lactissima.com\/a-tire-d-ailes\/wp-json\/wp\/v2\/posts"}],"about":[{"href":"https:\/\/www.lactissima.com\/a-tire-d-ailes\/wp-json\/wp\/v2\/types\/post"}],"author":[{"embeddable":true,"href":"https:\/\/www.lactissima.com\/a-tire-d-ailes\/wp-json\/wp\/v2\/users\/170"}],"replies":[{"embeddable":true,"href":"https:\/\/www.lactissima.com\/a-tire-d-ailes\/wp-json\/wp\/v2\/comments?post=1633"}],"version-history":[{"count":14,"href":"https:\/\/www.lactissima.com\/a-tire-d-ailes\/wp-json\/wp\/v2\/posts\/1633\/revisions"}],"predecessor-version":[{"id":6303,"href":"https:\/\/www.lactissima.com\/a-tire-d-ailes\/wp-json\/wp\/v2\/posts\/1633\/revisions\/6303"}],"wp:featuredmedia":[{"embeddable":true,"href":"https:\/\/www.lactissima.com\/a-tire-d-ailes\/wp-json\/wp\/v2\/media\/1636"}],"wp:attachment":[{"href":"https:\/\/www.lactissima.com\/a-tire-d-ailes\/wp-json\/wp\/v2\/media?parent=1633"}],"wp:term":[{"taxonomy":"category","embeddable":true,"href":"https:\/\/www.lactissima.com\/a-tire-d-ailes\/wp-json\/wp\/v2\/categories?post=1633"},{"taxonomy":"post_tag","embeddable":true,"href":"https:\/\/www.lactissima.com\/a-tire-d-ailes\/wp-json\/wp\/v2\/tags?post=1633"}],"curies":[{"name":"wp","href":"https:\/\/api.w.org\/{rel}","templated":true}]}}