{"id":1563,"date":"2010-09-11T10:01:18","date_gmt":"2010-09-11T08:01:18","guid":{"rendered":"https:\/\/www.lactissima.com\/a-tire-d-ailes\/?p=1563"},"modified":"2014-03-15T17:00:00","modified_gmt":"2014-03-15T15:00:00","slug":"allaiter-et-travailler-le-temoignage-danne-laure","status":"publish","type":"post","link":"https:\/\/www.lactissima.com\/a-tire-d-ailes\/allaiter-et-travailler-le-temoignage-danne-laure\/","title":{"rendered":"Allaiter et travailler : le t\u00e9moignage d&rsquo;Anne-Laure"},"content":{"rendered":"<p style=\"text-align: justify;\"><strong><a href=\"https:\/\/www.lactissima.com\/a-tire-d-ailes\/wp-content\/uploads\/2010\/09\/anne-laure2.jpg\"><img loading=\"lazy\" decoding=\"async\" class=\"alignright size-full wp-image-4518\" alt=\"anne-laure2\" src=\"https:\/\/www.lactissima.com\/a-tire-d-ailes\/wp-content\/uploads\/2010\/09\/anne-laure2.jpg\" width=\"243\" height=\"240\" \/><\/a>Quel choix avez-vous fait au moment de la reprise du travail : sevrage ou poursuite de l&rsquo;allaitement ? Pourquoi ?<\/strong><\/p>\n<p style=\"text-align: justify;\">Je me suis toujours imagin\u00e9e allaitant mon b\u00e9b\u00e9. Je me disais : 6 mois, c&rsquo;est ce qui est recommand\u00e9, ce serait bien. Alors je me suis renseign\u00e9e : merci Dr Marie Thirion ! Son bouquin, \u00ab\u00a0l&rsquo;allaitement, de la naissance au sevrage\u00a0\u00bb, m&rsquo;a permis de ne pas \u00e9couter les personnes de mauvais conseil (sages-femmes, pu\u00e9ricultrices) qui m&rsquo;ont conseill\u00e9, en vrac : d&rsquo;appuyer sur mon sein pour d\u00e9gager le nez de Samuel ; d&rsquo;introduire des biberons de compl\u00e9ment d\u00e8s le 2\u00e8 jour pour acc\u00e9l\u00e9rer la prise de poids (b\u00e9b\u00e9 n\u00e9 \u00e0 3,460kg, n&rsquo;ayant pas perdu 10% de son poids) ; ou encore de ne le nourrir que toutes les 2-3h parce que \u00ab\u00a0oui c&rsquo;est \u00e0 la demande, mais s&rsquo;il a t\u00e9t\u00e9 (attention, pas plus de 10mn chaque sein) ce n&rsquo;est plus de la faim, c&rsquo;est un besoin de succion, et pour \u00e7a il y a les sucettes, il ne faut pas que vous deveniez son doudou ! Et s&rsquo;il pleure encore&#8230; oh, mais c&rsquo;est que vous ne devez pas avoir assez de lait&#8230; pauvre petit, tu as faim&#8230; \u00a0\u00bb  (La pes\u00e9e a fait taire cette pu\u00e9ricultrice PMI : il prenait du poids vitesse grand V).<\/p>\n<p style=\"text-align: justify;\">Et puis les crevasses, l&rsquo;hypersensibilit\u00e9&#8230; Heureusement, je connaissais une sage-femme super, qui elle s&rsquo;est rendue disponible quand j&rsquo;en avais besoin et m&rsquo;a surtout rassur\u00e9e sur le fait que tout allait bien&#8230; Donc un premier mois difficile, mais je me suis accroch\u00e9e.<\/p>\n<p style=\"text-align: justify;\">Et ensuite, \u00e7a a roul\u00e9. On a trouv\u00e9 notre rythme de croisi\u00e8re. J&rsquo;ai eu la chance d&rsquo;avoir un cong\u00e9 maternit\u00e9 long : les a\u00een\u00e9s de mon compagnon, m\u00eame s&rsquo;ils ne sont avec nous qu&rsquo;une semaine sur deux, m&rsquo;ont donn\u00e9 droit au cong\u00e9 maternit\u00e9 pour 3<sup>\u00e8me<\/sup> enfant ! Au total j&rsquo;ai pu profiter de mon fils pendant 6 mois 1\/2.<\/p>\n<p style=\"text-align: justify;\">Plus la reprise du boulot approchait, plus je me disais que c&rsquo;\u00e9tait trop b\u00eate de m&rsquo;arr\u00eater alors que tout se passait bien et que tous les deux on se faisait visiblement plaisir!<\/p>\n<p style=\"text-align: justify;\">Alors je me suis renseign\u00e9e, j&rsquo;ai assist\u00e9 \u00e0 une r\u00e9union de la Leche League, et je suis tomb\u00e9e sur ce blog : une mine.<\/p>\n<p style=\"text-align: justify;\"><strong>Comment vous \u00eates-vous organis\u00e9e ?<\/strong><\/p>\n<p style=\"text-align: justify;\">Gr\u00e2ce \u00e0 vos bons conseils, je me suis procur\u00e9 2 tire-lait double pompage en location (rembours\u00e9s puisque l&rsquo;un \u00e0 mon nom et l&rsquo;autre \u00e0 celui de mon fils) : un Medela Symphony pour la maison, et le tout petit discret Ameda Lactaline pour le boulot. J&rsquo;ai fait un peu de r\u00e9serves \u00e0 l&rsquo;avance, mais je n&rsquo;ai jamais tir\u00e9 beaucoup, donc j&rsquo;angoissais pas mal sur les quantit\u00e9s.<\/p>\n<p style=\"text-align: justify;\">J&rsquo;ai pu reprendre le boulot progressivement : pendant les 3 premi\u00e8res semaines je bossais \u00e0 mi-temps. Donc j&rsquo;alternais les journ\u00e9es \u00ab\u00a0t\u00e9t\u00e9e\u00a0\u00bb avec les journ\u00e9es \u00ab\u00a0tire-lait\u00a0\u00bb.<\/p>\n<p style=\"text-align: justify;\">Au boulot je ne pouvais tirer qu&rsquo;une fois par jour. Je n&rsquo;ai pas voulu en parler \u00e0 ma chef, d\u00e9j\u00e0 franchement \u00e9chaud\u00e9e par ma longue absence&#8230;<\/p>\n<p style=\"text-align: justify;\">J&rsquo;ai appel\u00e9 la m\u00e9decin du travail, qui m&rsquo;a permis de m&rsquo;installer dans son bureau entre midi-2 plusieurs jours par semaine. Les autres fois je me trouvais une salle vide ou le bureau de coll\u00e8gues-amies, mais ce n&rsquo;\u00e9tait franchement pas id\u00e9al : le stress que quelqu&rsquo;un d\u00e9boule!<\/p>\n<p style=\"text-align: justify;\">Donc, Samuel t\u00e9tait au r\u00e9veil (6h00), puis juste avant le d\u00e9part de la maison (8h00). A midi je tirais mon lait, puis Sam t\u00e9tait quand je le r\u00e9cup\u00e9rais (18h15) puis pour s&rsquo;endormir (19h15 au d\u00e9but). Et enfin je retirais mon lait le soir (22h). Et bien s\u00fbr, t\u00e9t\u00e9e \u00e0 volont\u00e9 week-ends et RTT !<\/p>\n<p style=\"text-align: justify;\">Il a aujourd&rsquo;hui 1 an, et il t\u00eate toujours ! Plus ou moins selon les p\u00e9riodes -autre chose \u00e0 faire quand on d\u00e9couvre la marche, mais \u00e7a reste un grand plaisir pour nous 2.<\/p>\n<p style=\"text-align: justify;\">Par ailleurs, il m&rsquo;arrive de devoir m&rsquo;absenter pour le boulot 2 jours, et j&rsquo;ai donc achet\u00e9 un Medela Harmony, ou bien je tire mon lait \u00e0 la main, une ou deux fois, histoire d&rsquo;entretenir, mais maintenant \u00e7a ne me semble plus indispensable.<\/p>\n<p style=\"text-align: justify;\"><strong>Quelles ont \u00e9t\u00e9 vos principales difficult\u00e9s ?<\/strong><\/p>\n<p style=\"text-align: justify;\">Je tirais des petites quantit\u00e9s, je voyais ma r\u00e9serve diminuer \u00e0 vue d&rsquo;oeil, j&rsquo;avais tout le temps peur qu&rsquo;il n&rsquo;ait pas assez. Tirer entre midi-2 s&rsquo;est av\u00e9r\u00e9 stressant et speed (je n&rsquo;avais pas toujours 1\/2h devant moi)&#8230; Au bout de 2 semaines, comme Samuel prenait des petits suisses, j&rsquo;ai arr\u00eat\u00e9 de tirer mon lait au boulot, pour voir ce que \u00e7a donnait. Puis j&rsquo;ai rapidement laiss\u00e9 tomber la traite du soir, qui \u00e9tait vraiment contraignante (envie de dormir!), alors on a introduit le lait artificiel chez la nounou. Et Samuel a continu\u00e9 \u00e0 t\u00e9ter matin, soir, week-ends&#8230; Et continue toujours.<\/p>\n<p style=\"text-align: justify;\"><strong>Quels ont \u00e9t\u00e9 vos meilleurs moments ?<\/strong><\/p>\n<p style=\"text-align: justify;\">Le retour \u00e0 la maison. Le moment de d\u00e9tente absolue, quand mon petit t\u00eate paisiblement, que tout est calme, et que je me pose enfin apr\u00e8s la journ\u00e9e de boulot.<\/p>\n<p style=\"text-align: justify;\">Et puis la fa\u00e7on dont il laisse brusquement tout en plan pour venir vers moi avec un sourire b\u00e9at quand je lui dis simplement \u00ab\u00a0tu veux t\u00e9ter ?\u00a0\u00bb.<\/p>\n<p style=\"text-align: justify;\">Et les douces rigolades, quand il joue avec mon collier et essaie de le fourrer dans ma bouche, et que je fais mine de manger sa main&#8230; il se marre, le sein dans la bouche, c&rsquo;est d&rsquo;un tendre !<\/p>\n<p style=\"text-align: justify;\"><strong>Qu&rsquo;est-ce que vous souhaiteriez dire aux mamans qui doivent faire un choix dans les semaines \u00e0 venir ? <\/strong><\/p>\n<p style=\"text-align: justify;\">Que si elles se posent la question, autant essayer.<\/p>\n<p style=\"text-align: justify;\">Il faut bien s&rsquo;entourer, de personnes qui l&rsquo;ont fait et pour qui \u00e7a a march\u00e9, ne pas \u00e9couter les oiseaux de mauvais augure ou ceux qui conseille d&rsquo;en profiter pour retrouver du temps pour soi&#8230; Comme si ce n&rsquo;\u00e9tait pas aussi du temps pour soi!<\/p>\n<p style=\"text-align: justify;\">Ne pas s&rsquo;arc-bouter non plus sur l&rsquo;allaitement maternel exclusif, le lait artificiel n&rsquo;est pas mauvais, et l&rsquo;allaitement mixte peut all\u00e9ger le rythme de vie.<\/p>\n<p style=\"text-align: justify;\">Et puis plus le temps passe, moins il y a de \u00ab\u00a0contraintes \u00a0\u00bb : plus de fuites, une absence n&rsquo;est pas un probl\u00e8me&#8230;<\/p>\n<p style=\"text-align: justify;\">Et surtout, en allaitant longtemps je trouve ce que je n&rsquo;avais pas imagin\u00e9 avec les rires de mon fils pendant la t\u00e9t\u00e9e, on est \u00e0 mon sens encore plus dans l&rsquo;\u00e9change !<\/p>\n<p style=\"text-align: justify;\"><strong>Ce serait \u00e0 refaire, vous referiez le m\u00eame choix ? Que changeriez-vous ?<\/strong><\/p>\n<p style=\"text-align: justify;\">Peut-\u00eatre que j&rsquo;introduirais le lait artificiel plus t\u00f4t&#8230; Peut-\u00eatre que dans une situation professionnelle plus s\u00e9curisante j&rsquo;irais demander une salle, comme la loi le pr\u00e9voit, aupr\u00e8s de ma direction ou des ressources humaines.<\/p>\n<p style=\"text-align: justify;\"><strong>Articles en rapport :<\/strong><\/p>\n<ul>\n<li style=\"text-align: justify;\"><a href=\"https:\/\/www.lactissima.com\/a-tire-d-ailes\/?p=1552\">Allaiter et travailler : le t\u00e9moignage de Lucie<\/a><\/li>\n<li style=\"text-align: justify;\"><a href=\"https:\/\/www.lactissima.com\/a-tire-d-ailes\/?p=1508\">Allaiter et travailler : le t\u00e9moignage de Sophie<\/a><\/li>\n<li style=\"text-align: justify;\"><a href=\"https:\/\/www.lactissima.com\/a-tire-d-ailes\/?p=1443\">Allaiter et travailler : le t\u00e9moignage de Sandrine<\/a><\/li>\n<li style=\"text-align: justify;\"><a href=\"https:\/\/www.lactissima.com\/a-tire-d-ailes\/?p=1420\">Allaiter et travailler : le t\u00e9moignage d&rsquo;Agn\u00e8s<\/a><\/li>\n<li style=\"text-align: justify;\"><a href=\"https:\/\/www.lactissima.com\/a-tire-d-ailes\/?p=1333\">Allaiter et travailler : le t\u00e9moignage d&rsquo;une lectrice<\/a><\/li>\n<li style=\"text-align: justify;\"><a href=\"https:\/\/www.lactissima.com\/a-tire-d-ailes\/?p=1169\">Allaiter et travailler : le t\u00e9moignage de Karine<\/a><\/li>\n<li style=\"text-align: justify;\"><a href=\"https:\/\/www.lactissima.com\/a-tire-d-ailes\/?p=1011\">Allaiter et travailler : le t\u00e9moignage de Sylvie<\/a><\/li>\n<li style=\"text-align: justify;\"><a href=\"https:\/\/www.lactissima.com\/a-tire-d-ailes\/?p=903\">Allaiter et travailler : le t\u00e9moignage de Marianne<\/a><\/li>\n<li style=\"text-align: justify;\"><a href=\"https:\/\/www.lactissima.com\/a-tire-d-ailes\/?p=885\">Allaiter et travailler : le t\u00e9moignage de Sabine<\/a><\/li>\n<li style=\"text-align: justify;\"><a href=\"https:\/\/www.lactissima.com\/a-tire-d-ailes\/?p=873\">Allaiter et travailler : le t\u00e9moignage de C\u00e9cile<\/a><\/li>\n<li style=\"text-align: justify;\"><a href=\"https:\/\/www.lactissima.com\/a-tire-d-ailes\/?p=782\">Allaiter et travailler : le t\u00e9moignage de Sophie<\/a><\/li>\n<li style=\"text-align: justify;\"><a href=\"https:\/\/www.lactissima.com\/a-tire-d-ailes\/?p=778\">Allaiter et travailler : le t\u00e9moignage d&rsquo;Alexia<\/a><\/li>\n<li style=\"text-align: justify;\"><a href=\"https:\/\/www.lactissima.com\/a-tire-d-ailes\/?p=730\">Allaiter et travailler : le t\u00e9moignage de Sibylle<\/a><\/li>\n<li style=\"text-align: justify;\"><a href=\"https:\/\/www.lactissima.com\/a-tire-d-ailes\/?p=715\">Allaiter et travailler : le t\u00e9moignage de Clara<\/a><\/li>\n<li style=\"text-align: justify;\"><a href=\"https:\/\/www.lactissima.com\/a-tire-d-ailes\/?p=648\">Allaiter et travailler : le t\u00e9moignage de Florence<\/a><\/li>\n<li style=\"text-align: justify;\"><a href=\"https:\/\/www.lactissima.com\/a-tire-d-ailes\/?p=735\">Allaiter et travailler : le t\u00e9moignage de Virginie<\/a><\/li>\n<li style=\"text-align: justify;\"><a href=\"https:\/\/www.lactissima.com\/a-tire-d-ailes\/?p=771\">Allaiter et travailler : le t\u00e9moignage de B\u00e9atrice<\/a><\/li>\n<\/ul>\n<p>&nbsp;<\/p>\n","protected":false},"excerpt":{"rendered":"<p>Et les douces rigolades, quand il joue avec mon collier et essaie de le fourrer dans ma bouche, et que je fais mine de manger sa main&#8230; il se marre, le sein dans la bouche, c&rsquo;est d&rsquo;un tendre !<\/p>\n","protected":false},"author":170,"featured_media":4518,"comment_status":"open","ping_status":"open","sticky":false,"template":"","format":"standard","meta":{"_et_pb_use_builder":"","_et_pb_old_content":"","_et_gb_content_width":"","footnotes":""},"categories":[35,36,150],"tags":[85,233,57,71],"class_list":["post-1563","post","type-post","status-publish","format-standard","has-post-thumbnail","hentry","category-allaitement","category-allaitement-et-travail","category-temoignages","tag-nounou","tag-petits-suisses","tag-tire-lait","tag-travail-et-allaitement"],"yoast_head":"<!-- This site is optimized with the Yoast SEO plugin v27.4 - https:\/\/yoast.com\/product\/yoast-seo-wordpress\/ -->\n<title>Allaiter et travailler : le t\u00e9moignage d&#039;Anne-Laure<\/title>\n<meta name=\"description\" content=\"Et les douces rigolades, quand il joue avec mon collier et essaie de le fourrer dans ma bouche, et que je fais mine de manger sa main... il se marre, le sein dans la bouche, c&#039;est d&#039;un tendre !\" \/>\n<meta name=\"robots\" content=\"index, follow, max-snippet:-1, max-image-preview:large, max-video-preview:-1\" \/>\n<link rel=\"canonical\" href=\"https:\/\/www.lactissima.com\/a-tire-d-ailes\/allaiter-et-travailler-le-temoignage-danne-laure\/\" \/>\n<meta property=\"og:locale\" content=\"fr_FR\" \/>\n<meta property=\"og:type\" content=\"article\" \/>\n<meta property=\"og:title\" content=\"Allaiter et travailler : le t\u00e9moignage d&#039;Anne-Laure\" \/>\n<meta property=\"og:description\" content=\"Et les douces rigolades, quand il joue avec mon collier et essaie de le fourrer dans ma bouche, et que je fais mine de manger sa main... il se marre, le sein dans la bouche, c&#039;est d&#039;un tendre !\" \/>\n<meta property=\"og:url\" content=\"https:\/\/www.lactissima.com\/a-tire-d-ailes\/allaiter-et-travailler-le-temoignage-danne-laure\/\" \/>\n<meta property=\"og:site_name\" content=\"A tire d&#039;Ailes\" \/>\n<meta property=\"article:publisher\" content=\"https:\/\/www.facebook.com\/consultante.en.lactation\" \/>\n<meta property=\"article:author\" content=\"www.facebook.com\/consultante.en.lactation\" \/>\n<meta property=\"article:published_time\" content=\"2010-09-11T08:01:18+00:00\" \/>\n<meta property=\"article:modified_time\" content=\"2014-03-15T15:00:00+00:00\" \/>\n<meta property=\"og:image\" content=\"https:\/\/www.lactissima.com\/a-tire-d-ailes\/wp-content\/uploads\/2010\/09\/anne-laure2.jpg\" \/>\n\t<meta property=\"og:image:width\" content=\"243\" \/>\n\t<meta property=\"og:image:height\" content=\"240\" \/>\n\t<meta property=\"og:image:type\" content=\"image\/jpeg\" \/>\n<meta name=\"author\" content=\"V\u00e9ronique Darmangeat\" \/>\n<meta name=\"twitter:card\" content=\"summary_large_image\" \/>\n<meta name=\"twitter:creator\" content=\"@VeroniqueIBCLC\" \/>\n<meta name=\"twitter:site\" content=\"@VeroniqueIBCLC\" \/>\n<meta name=\"twitter:label1\" content=\"\u00c9crit par\" \/>\n\t<meta name=\"twitter:data1\" content=\"V\u00e9ronique Darmangeat\" \/>\n\t<meta name=\"twitter:label2\" content=\"Dur\u00e9e de lecture estim\u00e9e\" \/>\n\t<meta name=\"twitter:data2\" content=\"6 minutes\" \/>\n<script type=\"application\/ld+json\" class=\"yoast-schema-graph\">{\"@context\":\"https:\\\/\\\/schema.org\",\"@graph\":[{\"@type\":\"Article\",\"@id\":\"https:\\\/\\\/www.lactissima.com\\\/a-tire-d-ailes\\\/allaiter-et-travailler-le-temoignage-danne-laure\\\/#article\",\"isPartOf\":{\"@id\":\"https:\\\/\\\/www.lactissima.com\\\/a-tire-d-ailes\\\/allaiter-et-travailler-le-temoignage-danne-laure\\\/\"},\"author\":{\"name\":\"V\u00e9ronique Darmangeat\",\"@id\":\"https:\\\/\\\/www.lactissima.com\\\/a-tire-d-ailes\\\/#\\\/schema\\\/person\\\/8f98d3a89530861bc1240e6d53d44eed\"},\"headline\":\"Allaiter et travailler : le t\u00e9moignage d&rsquo;Anne-Laure\",\"datePublished\":\"2010-09-11T08:01:18+00:00\",\"dateModified\":\"2014-03-15T15:00:00+00:00\",\"mainEntityOfPage\":{\"@id\":\"https:\\\/\\\/www.lactissima.com\\\/a-tire-d-ailes\\\/allaiter-et-travailler-le-temoignage-danne-laure\\\/\"},\"wordCount\":1317,\"commentCount\":2,\"image\":{\"@id\":\"https:\\\/\\\/www.lactissima.com\\\/a-tire-d-ailes\\\/allaiter-et-travailler-le-temoignage-danne-laure\\\/#primaryimage\"},\"thumbnailUrl\":\"https:\\\/\\\/www.lactissima.com\\\/a-tire-d-ailes\\\/wp-content\\\/uploads\\\/2010\\\/09\\\/anne-laure2.jpg\",\"keywords\":[\"nounou\",\"petits-suisses\",\"tire-lait\",\"travail et allaitement\"],\"articleSection\":[\"Allaitement\",\"Allaitement et Travail\",\"t\u00e9moignages\"],\"inLanguage\":\"fr-FR\",\"potentialAction\":[{\"@type\":\"CommentAction\",\"name\":\"Comment\",\"target\":[\"https:\\\/\\\/www.lactissima.com\\\/a-tire-d-ailes\\\/allaiter-et-travailler-le-temoignage-danne-laure\\\/#respond\"]}]},{\"@type\":\"WebPage\",\"@id\":\"https:\\\/\\\/www.lactissima.com\\\/a-tire-d-ailes\\\/allaiter-et-travailler-le-temoignage-danne-laure\\\/\",\"url\":\"https:\\\/\\\/www.lactissima.com\\\/a-tire-d-ailes\\\/allaiter-et-travailler-le-temoignage-danne-laure\\\/\",\"name\":\"Allaiter et travailler : le t\u00e9moignage d'Anne-Laure\",\"isPartOf\":{\"@id\":\"https:\\\/\\\/www.lactissima.com\\\/a-tire-d-ailes\\\/#website\"},\"primaryImageOfPage\":{\"@id\":\"https:\\\/\\\/www.lactissima.com\\\/a-tire-d-ailes\\\/allaiter-et-travailler-le-temoignage-danne-laure\\\/#primaryimage\"},\"image\":{\"@id\":\"https:\\\/\\\/www.lactissima.com\\\/a-tire-d-ailes\\\/allaiter-et-travailler-le-temoignage-danne-laure\\\/#primaryimage\"},\"thumbnailUrl\":\"https:\\\/\\\/www.lactissima.com\\\/a-tire-d-ailes\\\/wp-content\\\/uploads\\\/2010\\\/09\\\/anne-laure2.jpg\",\"datePublished\":\"2010-09-11T08:01:18+00:00\",\"dateModified\":\"2014-03-15T15:00:00+00:00\",\"author\":{\"@id\":\"https:\\\/\\\/www.lactissima.com\\\/a-tire-d-ailes\\\/#\\\/schema\\\/person\\\/8f98d3a89530861bc1240e6d53d44eed\"},\"description\":\"Et les douces rigolades, quand il joue avec mon collier et essaie de le fourrer dans ma bouche, et que je fais mine de manger sa main... il se marre, le sein dans la bouche, c'est d'un tendre !\",\"breadcrumb\":{\"@id\":\"https:\\\/\\\/www.lactissima.com\\\/a-tire-d-ailes\\\/allaiter-et-travailler-le-temoignage-danne-laure\\\/#breadcrumb\"},\"inLanguage\":\"fr-FR\",\"potentialAction\":[{\"@type\":\"ReadAction\",\"target\":[\"https:\\\/\\\/www.lactissima.com\\\/a-tire-d-ailes\\\/allaiter-et-travailler-le-temoignage-danne-laure\\\/\"]}]},{\"@type\":\"ImageObject\",\"inLanguage\":\"fr-FR\",\"@id\":\"https:\\\/\\\/www.lactissima.com\\\/a-tire-d-ailes\\\/allaiter-et-travailler-le-temoignage-danne-laure\\\/#primaryimage\",\"url\":\"https:\\\/\\\/www.lactissima.com\\\/a-tire-d-ailes\\\/wp-content\\\/uploads\\\/2010\\\/09\\\/anne-laure2.jpg\",\"contentUrl\":\"https:\\\/\\\/www.lactissima.com\\\/a-tire-d-ailes\\\/wp-content\\\/uploads\\\/2010\\\/09\\\/anne-laure2.jpg\",\"width\":243,\"height\":240},{\"@type\":\"BreadcrumbList\",\"@id\":\"https:\\\/\\\/www.lactissima.com\\\/a-tire-d-ailes\\\/allaiter-et-travailler-le-temoignage-danne-laure\\\/#breadcrumb\",\"itemListElement\":[{\"@type\":\"ListItem\",\"position\":1,\"name\":\"Accueil\",\"item\":\"https:\\\/\\\/www.lactissima.com\\\/a-tire-d-ailes\\\/\"},{\"@type\":\"ListItem\",\"position\":2,\"name\":\"Allaiter et travailler : le t\u00e9moignage d&rsquo;Anne-Laure\"}]},{\"@type\":\"WebSite\",\"@id\":\"https:\\\/\\\/www.lactissima.com\\\/a-tire-d-ailes\\\/#website\",\"url\":\"https:\\\/\\\/www.lactissima.com\\\/a-tire-d-ailes\\\/\",\"name\":\"A tire d&#039;Ailes\",\"description\":\"Le blog des femmes qui allaitent et travaillent.\",\"potentialAction\":[{\"@type\":\"SearchAction\",\"target\":{\"@type\":\"EntryPoint\",\"urlTemplate\":\"https:\\\/\\\/www.lactissima.com\\\/a-tire-d-ailes\\\/?s={search_term_string}\"},\"query-input\":{\"@type\":\"PropertyValueSpecification\",\"valueRequired\":true,\"valueName\":\"search_term_string\"}}],\"inLanguage\":\"fr-FR\"},{\"@type\":\"Person\",\"@id\":\"https:\\\/\\\/www.lactissima.com\\\/a-tire-d-ailes\\\/#\\\/schema\\\/person\\\/8f98d3a89530861bc1240e6d53d44eed\",\"name\":\"V\u00e9ronique Darmangeat\",\"image\":{\"@type\":\"ImageObject\",\"inLanguage\":\"fr-FR\",\"@id\":\"https:\\\/\\\/secure.gravatar.com\\\/avatar\\\/268c99344c89cebfe4f5df5fa8be43068a18884fc76a29f3206fae98465b9cab?s=96&d=identicon&r=g\",\"url\":\"https:\\\/\\\/secure.gravatar.com\\\/avatar\\\/268c99344c89cebfe4f5df5fa8be43068a18884fc76a29f3206fae98465b9cab?s=96&d=identicon&r=g\",\"contentUrl\":\"https:\\\/\\\/secure.gravatar.com\\\/avatar\\\/268c99344c89cebfe4f5df5fa8be43068a18884fc76a29f3206fae98465b9cab?s=96&d=identicon&r=g\",\"caption\":\"V\u00e9ronique Darmangeat\"},\"sameAs\":[\"https:\\\/\\\/www.lactissima.com\\\/a-tire-d-ailes\",\"www.facebook.com\\\/consultante.en.lactation\"]}]}<\/script>\n<!-- \/ Yoast SEO plugin. -->","yoast_head_json":{"title":"Allaiter et travailler : le t\u00e9moignage d'Anne-Laure","description":"Et les douces rigolades, quand il joue avec mon collier et essaie de le fourrer dans ma bouche, et que je fais mine de manger sa main... il se marre, le sein dans la bouche, c'est d'un tendre !","robots":{"index":"index","follow":"follow","max-snippet":"max-snippet:-1","max-image-preview":"max-image-preview:large","max-video-preview":"max-video-preview:-1"},"canonical":"https:\/\/www.lactissima.com\/a-tire-d-ailes\/allaiter-et-travailler-le-temoignage-danne-laure\/","og_locale":"fr_FR","og_type":"article","og_title":"Allaiter et travailler : le t\u00e9moignage d'Anne-Laure","og_description":"Et les douces rigolades, quand il joue avec mon collier et essaie de le fourrer dans ma bouche, et que je fais mine de manger sa main... il se marre, le sein dans la bouche, c'est d'un tendre !","og_url":"https:\/\/www.lactissima.com\/a-tire-d-ailes\/allaiter-et-travailler-le-temoignage-danne-laure\/","og_site_name":"A tire d&#039;Ailes","article_publisher":"https:\/\/www.facebook.com\/consultante.en.lactation","article_author":"www.facebook.com\/consultante.en.lactation","article_published_time":"2010-09-11T08:01:18+00:00","article_modified_time":"2014-03-15T15:00:00+00:00","og_image":[{"width":243,"height":240,"url":"https:\/\/www.lactissima.com\/a-tire-d-ailes\/wp-content\/uploads\/2010\/09\/anne-laure2.jpg","type":"image\/jpeg"}],"author":"V\u00e9ronique Darmangeat","twitter_card":"summary_large_image","twitter_creator":"@VeroniqueIBCLC","twitter_site":"@VeroniqueIBCLC","twitter_misc":{"\u00c9crit par":"V\u00e9ronique Darmangeat","Dur\u00e9e de lecture estim\u00e9e":"6 minutes"},"schema":{"@context":"https:\/\/schema.org","@graph":[{"@type":"Article","@id":"https:\/\/www.lactissima.com\/a-tire-d-ailes\/allaiter-et-travailler-le-temoignage-danne-laure\/#article","isPartOf":{"@id":"https:\/\/www.lactissima.com\/a-tire-d-ailes\/allaiter-et-travailler-le-temoignage-danne-laure\/"},"author":{"name":"V\u00e9ronique Darmangeat","@id":"https:\/\/www.lactissima.com\/a-tire-d-ailes\/#\/schema\/person\/8f98d3a89530861bc1240e6d53d44eed"},"headline":"Allaiter et travailler : le t\u00e9moignage d&rsquo;Anne-Laure","datePublished":"2010-09-11T08:01:18+00:00","dateModified":"2014-03-15T15:00:00+00:00","mainEntityOfPage":{"@id":"https:\/\/www.lactissima.com\/a-tire-d-ailes\/allaiter-et-travailler-le-temoignage-danne-laure\/"},"wordCount":1317,"commentCount":2,"image":{"@id":"https:\/\/www.lactissima.com\/a-tire-d-ailes\/allaiter-et-travailler-le-temoignage-danne-laure\/#primaryimage"},"thumbnailUrl":"https:\/\/www.lactissima.com\/a-tire-d-ailes\/wp-content\/uploads\/2010\/09\/anne-laure2.jpg","keywords":["nounou","petits-suisses","tire-lait","travail et allaitement"],"articleSection":["Allaitement","Allaitement et Travail","t\u00e9moignages"],"inLanguage":"fr-FR","potentialAction":[{"@type":"CommentAction","name":"Comment","target":["https:\/\/www.lactissima.com\/a-tire-d-ailes\/allaiter-et-travailler-le-temoignage-danne-laure\/#respond"]}]},{"@type":"WebPage","@id":"https:\/\/www.lactissima.com\/a-tire-d-ailes\/allaiter-et-travailler-le-temoignage-danne-laure\/","url":"https:\/\/www.lactissima.com\/a-tire-d-ailes\/allaiter-et-travailler-le-temoignage-danne-laure\/","name":"Allaiter et travailler : le t\u00e9moignage d'Anne-Laure","isPartOf":{"@id":"https:\/\/www.lactissima.com\/a-tire-d-ailes\/#website"},"primaryImageOfPage":{"@id":"https:\/\/www.lactissima.com\/a-tire-d-ailes\/allaiter-et-travailler-le-temoignage-danne-laure\/#primaryimage"},"image":{"@id":"https:\/\/www.lactissima.com\/a-tire-d-ailes\/allaiter-et-travailler-le-temoignage-danne-laure\/#primaryimage"},"thumbnailUrl":"https:\/\/www.lactissima.com\/a-tire-d-ailes\/wp-content\/uploads\/2010\/09\/anne-laure2.jpg","datePublished":"2010-09-11T08:01:18+00:00","dateModified":"2014-03-15T15:00:00+00:00","author":{"@id":"https:\/\/www.lactissima.com\/a-tire-d-ailes\/#\/schema\/person\/8f98d3a89530861bc1240e6d53d44eed"},"description":"Et les douces rigolades, quand il joue avec mon collier et essaie de le fourrer dans ma bouche, et que je fais mine de manger sa main... il se marre, le sein dans la bouche, c'est d'un tendre !","breadcrumb":{"@id":"https:\/\/www.lactissima.com\/a-tire-d-ailes\/allaiter-et-travailler-le-temoignage-danne-laure\/#breadcrumb"},"inLanguage":"fr-FR","potentialAction":[{"@type":"ReadAction","target":["https:\/\/www.lactissima.com\/a-tire-d-ailes\/allaiter-et-travailler-le-temoignage-danne-laure\/"]}]},{"@type":"ImageObject","inLanguage":"fr-FR","@id":"https:\/\/www.lactissima.com\/a-tire-d-ailes\/allaiter-et-travailler-le-temoignage-danne-laure\/#primaryimage","url":"https:\/\/www.lactissima.com\/a-tire-d-ailes\/wp-content\/uploads\/2010\/09\/anne-laure2.jpg","contentUrl":"https:\/\/www.lactissima.com\/a-tire-d-ailes\/wp-content\/uploads\/2010\/09\/anne-laure2.jpg","width":243,"height":240},{"@type":"BreadcrumbList","@id":"https:\/\/www.lactissima.com\/a-tire-d-ailes\/allaiter-et-travailler-le-temoignage-danne-laure\/#breadcrumb","itemListElement":[{"@type":"ListItem","position":1,"name":"Accueil","item":"https:\/\/www.lactissima.com\/a-tire-d-ailes\/"},{"@type":"ListItem","position":2,"name":"Allaiter et travailler : le t\u00e9moignage d&rsquo;Anne-Laure"}]},{"@type":"WebSite","@id":"https:\/\/www.lactissima.com\/a-tire-d-ailes\/#website","url":"https:\/\/www.lactissima.com\/a-tire-d-ailes\/","name":"A tire d&#039;Ailes","description":"Le blog des femmes qui allaitent et travaillent.","potentialAction":[{"@type":"SearchAction","target":{"@type":"EntryPoint","urlTemplate":"https:\/\/www.lactissima.com\/a-tire-d-ailes\/?s={search_term_string}"},"query-input":{"@type":"PropertyValueSpecification","valueRequired":true,"valueName":"search_term_string"}}],"inLanguage":"fr-FR"},{"@type":"Person","@id":"https:\/\/www.lactissima.com\/a-tire-d-ailes\/#\/schema\/person\/8f98d3a89530861bc1240e6d53d44eed","name":"V\u00e9ronique Darmangeat","image":{"@type":"ImageObject","inLanguage":"fr-FR","@id":"https:\/\/secure.gravatar.com\/avatar\/268c99344c89cebfe4f5df5fa8be43068a18884fc76a29f3206fae98465b9cab?s=96&d=identicon&r=g","url":"https:\/\/secure.gravatar.com\/avatar\/268c99344c89cebfe4f5df5fa8be43068a18884fc76a29f3206fae98465b9cab?s=96&d=identicon&r=g","contentUrl":"https:\/\/secure.gravatar.com\/avatar\/268c99344c89cebfe4f5df5fa8be43068a18884fc76a29f3206fae98465b9cab?s=96&d=identicon&r=g","caption":"V\u00e9ronique Darmangeat"},"sameAs":["https:\/\/www.lactissima.com\/a-tire-d-ailes","www.facebook.com\/consultante.en.lactation"]}]}},"_links":{"self":[{"href":"https:\/\/www.lactissima.com\/a-tire-d-ailes\/wp-json\/wp\/v2\/posts\/1563","targetHints":{"allow":["GET"]}}],"collection":[{"href":"https:\/\/www.lactissima.com\/a-tire-d-ailes\/wp-json\/wp\/v2\/posts"}],"about":[{"href":"https:\/\/www.lactissima.com\/a-tire-d-ailes\/wp-json\/wp\/v2\/types\/post"}],"author":[{"embeddable":true,"href":"https:\/\/www.lactissima.com\/a-tire-d-ailes\/wp-json\/wp\/v2\/users\/170"}],"replies":[{"embeddable":true,"href":"https:\/\/www.lactissima.com\/a-tire-d-ailes\/wp-json\/wp\/v2\/comments?post=1563"}],"version-history":[{"count":21,"href":"https:\/\/www.lactissima.com\/a-tire-d-ailes\/wp-json\/wp\/v2\/posts\/1563\/revisions"}],"predecessor-version":[{"id":5447,"href":"https:\/\/www.lactissima.com\/a-tire-d-ailes\/wp-json\/wp\/v2\/posts\/1563\/revisions\/5447"}],"wp:featuredmedia":[{"embeddable":true,"href":"https:\/\/www.lactissima.com\/a-tire-d-ailes\/wp-json\/wp\/v2\/media\/4518"}],"wp:attachment":[{"href":"https:\/\/www.lactissima.com\/a-tire-d-ailes\/wp-json\/wp\/v2\/media?parent=1563"}],"wp:term":[{"taxonomy":"category","embeddable":true,"href":"https:\/\/www.lactissima.com\/a-tire-d-ailes\/wp-json\/wp\/v2\/categories?post=1563"},{"taxonomy":"post_tag","embeddable":true,"href":"https:\/\/www.lactissima.com\/a-tire-d-ailes\/wp-json\/wp\/v2\/tags?post=1563"}],"curies":[{"name":"wp","href":"https:\/\/api.w.org\/{rel}","templated":true}]}}