{"id":1552,"date":"2010-09-03T18:25:33","date_gmt":"2010-09-03T16:25:33","guid":{"rendered":"https:\/\/www.lactissima.com\/a-tire-d-ailes\/?p=1552"},"modified":"2014-03-15T17:00:13","modified_gmt":"2014-03-15T15:00:13","slug":"allaiter-et-travailler-le-temoignage-de-lucie","status":"publish","type":"post","link":"https:\/\/www.lactissima.com\/a-tire-d-ailes\/allaiter-et-travailler-le-temoignage-de-lucie\/","title":{"rendered":"Allaiter et travailler : le t\u00e9moignage de Lucie"},"content":{"rendered":"<ul>\n<li style=\"text-align: justify;\"><strong><a href=\"https:\/\/www.lactissima.com\/a-tire-d-ailes\/wp-content\/uploads\/Lucie.jpg\"><img loading=\"lazy\" decoding=\"async\" class=\"alignright size-full wp-image-1554\" title=\"allaitement et travail\" alt=\"\" src=\"https:\/\/www.lactissima.com\/a-tire-d-ailes\/wp-content\/uploads\/Lucie.jpg\" width=\"312\" height=\"208\" srcset=\"https:\/\/www.lactissima.com\/a-tire-d-ailes\/wp-content\/uploads\/Lucie.jpg 500w, https:\/\/www.lactissima.com\/a-tire-d-ailes\/wp-content\/uploads\/Lucie-300x200.jpg 300w\" sizes=\"(max-width: 312px) 100vw, 312px\" \/><\/a>Quel choix avez-vous fait au moment de la reprise du travail : sevrage ou poursuite de l&rsquo;allaitement ? Pourquoi ?<\/strong><\/li>\n<\/ul>\n<p style=\"text-align: justify;\">\u00e0 l&rsquo;origine, pendant ma grossesse, je me disais, si je peux, j&rsquo;allaiterai jusqu&rsquo;\u00e0 ma reprise. Ma meilleure amie avait allait\u00e9 sa fille l&rsquo;ann\u00e9e pr\u00e9c\u00e9dente, mais cela ne s&rsquo;\u00e9tait pas super bien pass\u00e9, notamment en raison du frein de sa fille.<br \/>\nDonc, je m&rsquo;\u00e9tais dit que si je n&rsquo;y arrivais pas, je n&rsquo;en ferais pas une maladie !<\/p>\n<p style=\"text-align: justify;\">Apr\u00e8s j&rsquo;ai eu beaucoup de chance, la mise au sein ne m&rsquo;a pas fait mal et s&rsquo;est faite super naturellement. C&rsquo;est comme si Annabel avait compris le truc toute seule&#8230;<br \/>\nLe plus difficile et le plus fatigant restait le rythme \u00e0 prendre, les nuits sans sommeil ou tr\u00e8s peu.<\/p>\n<p style=\"text-align: justify;\">Bref, le d\u00e9but \u00e9tait dur, mais j&rsquo;ai tenu le coup face \u00e0 mes proches, qui me disaient de passer au lait maternis\u00e9, que \u00e7a me laisserait plus libre de mes mouvements&#8230;<br \/>\nJ&rsquo;ai tenu bon&#8230; M\u00eame si effectivement le papa jalousait de ne pouvoir nourrir sa petite fille.<\/p>\n<p style=\"text-align: justify;\">Aux six semaines d&rsquo;Annabel, nous avions un mariage en Province. Il me fallait absolument aller chez le coiffeur, acheter une tenue et chercher la voiture de location (le papa d&rsquo;Annabel ne conduit pas, donc je ne pouvais pas compter sur lui pour cette t\u00e2che)&#8230;<\/p>\n<p style=\"text-align: justify;\">Un de nos copains avait propos\u00e9 de la garder. J&rsquo;avais donc tir\u00e9 du lait (environ 60 ml) la veille pour la premi\u00e8re fois pour le cas o\u00f9 je ne reviendrai pas assez vite pour la nourrir. Bien \u00e9videmment, toutes les t\u00e2ches que j&rsquo;avais \u00e0 accomplir se situaient \u00e0 moins de dix minutes de notre appartement.<br \/>\n\u00e7a a \u00e9t\u00e9 folklorique !<\/p>\n<p style=\"text-align: justify;\">Le copain, voyant qu&rsquo;elle pleurait, s&rsquo;est dit qu&rsquo;elle avait faim, a donc sorti le biberon du frigo et le lui a donn\u00e9&#8230; Autant dire qu&rsquo;elle n&rsquo;a pas appr\u00e9ci\u00e9&#8230;<\/p>\n<p style=\"text-align: justify;\">Par ailleurs, nous \u00e9tions, avant d&rsquo;avoir Annabel, toujours par monts et par vaux. Et pendant mon cong\u00e9 maternit\u00e9, quand Annabel a \u00e9t\u00e9 un peu plus grande nous l&rsquo;avons \u00e9t\u00e9 aussi&#8230;<br \/>\nL&rsquo;allaitement \u00e9tait bien pratique dans ces moments l\u00e0 . Tout comme le biberon de lait maternel l&rsquo;\u00e9tait aussi !!!<\/p>\n<p style=\"text-align: justify;\">Fin septembre, D\u00e9but octobre, alors qu&rsquo;Annabel n&rsquo;avait qu&rsquo;un mois et demi, je commen\u00e7ais \u00e0 angoisser de ma reprise, de son sevrage, de sa garde (je n&rsquo;avais toujours pas de r\u00e9ponse de la cr\u00e8che)&#8230;<br \/>\nAlors que la reprise se profilait, je n&rsquo;arrivais pas \u00e0 me r\u00e9soudre \u00e0 abandonner l&rsquo;allaitement d&rsquo;Annabel. \u00e7a se passait tellement bien.<\/p>\n<p style=\"text-align: justify;\">Et puis, la lettre de la mairie est arriv\u00e9e&#8230; la rencontre avec la directrice \u00e9galement&#8230; Cela s&rsquo;est tr\u00e8s bien pass\u00e9. Elle nous a donn\u00e9 le guide et la charte d&rsquo;allaitement mis en place par la mairie : ce qu&rsquo;il fallait faire pour que le lait maternel puisse \u00eatre donn\u00e9 en son absence.<\/p>\n<p style=\"text-align: justify;\">Et l\u00e0 , tout s&rsquo;est \u00e9clair\u00e9 !!! Je me suis dit c&rsquo;est bon je ne suis pas oblig\u00e9e de la sevrer et continuer \u00e0 lui donner ce qu&rsquo;elle adore.<\/p>\n<ul style=\"text-align: justify;\">\n<li><strong>Comment vous \u00eates-vous organis\u00e9e ?<\/strong><\/li>\n<\/ul>\n<p style=\"text-align: justify;\">J&rsquo;ai donc commenc\u00e9 fin octobre \u00e0 alimenter la r\u00e9serve de lait congel\u00e9. (pour la petite anecdote, nous avons d\u00fb changer de frigo, l&rsquo;ancien cong\u00e9lateur \u00e9tait rempli de lait et nous ne pouvions plus nous en servir pour nous, dans le nouveau, seul un tiroir en contenait !)<\/p>\n<p style=\"text-align: justify;\">Je tirais deux \u00e0 trois fois par jour, le papa lui donnait pour l&rsquo;habituer un biberon le soir quand il rentrait du travail.<\/p>\n<p style=\"text-align: justify;\">Quand j&rsquo;ai repris le travail, je me levais \u00e0 6 h 30 pour tirer une premi\u00e8re fois, mon lait avant qu&rsquo;Annabel ne se r\u00e9veille.<br \/>\nSur mon lieu de travail, nous disposons d&rsquo;une salle de bain (avantage de la profession lib\u00e9rale), je tirais donc deux fois par jour par tranche qui pouvait varier entre 15 et 30 minutes, \u00e0 midi et \u00e0 seize heures.<br \/>\nPuis, une derni\u00e8re fois le soir avant d&rsquo;aller se coucher vers 23 h.<\/p>\n<p style=\"text-align: justify;\">J&rsquo;ai tenu jusqu&rsquo;au six mois d&rsquo;Annabel, ensuite je n&rsquo;ai plus tir\u00e9 qu&rsquo;une fois \u00e0 la maison et une fois au travail, pour enfin ne plus tirer qu&rsquo;\u00e0 la maison jusqu&rsquo;\u00e0 ce que la cr\u00e8che me dise que ce n&rsquo;\u00e9tait plus la peine d&rsquo;en ramener (\u00e0 partir de sa diversification alimentaire, Annabel ne consommait sur les 120 ml que 60 ml ou 10 ml cela d\u00e9pendait).<\/p>\n<ul style=\"text-align: justify;\">\n<li><strong>Quelles ont \u00e9t\u00e9 vos principales difficult\u00e9s ?<\/strong><\/li>\n<\/ul>\n<p style=\"text-align: justify;\">Les fuites de lait : je suis avocate et il m&rsquo;arrive de passer plus de temps que pr\u00e9vu en audience ou m\u00eame au Tribunal, ce qui ne me permettait pas certains jours de tirer mon lait pendant plus de douze heures ! Heureusement que j&rsquo;ai une robe (rires) !<\/p>\n<p style=\"text-align: justify;\">La fatigue et l&rsquo;impression de toujours courir apr\u00e8s le temps : ce que je connaissais d\u00e9j\u00e0 dans ma profession.<\/p>\n<ul style=\"text-align: justify;\">\n<li><strong>Quels ont \u00e9t\u00e9 vos meilleurs moments ?<\/strong><\/li>\n<\/ul>\n<p style=\"text-align: justify;\">Le soir quand je rentrais et que je retrouvais Annabel pour son c\u00e2lin de lait, encore aujourd&rsquo;hui c&rsquo;est mon meilleur moment.<\/p>\n<ul style=\"text-align: justify;\">\n<li><strong>Qu&rsquo;est-ce que vous souhaiteriez dire aux mamans qui doivent faire un choix dans les semaines \u00e0 venir ?<\/strong><\/li>\n<\/ul>\n<p style=\"text-align: justify;\">Je pense que l&rsquo;allaitement ne coule pas de source et qu&rsquo;il faut avoir en t\u00eate que la mise en place n&rsquo;est pas \u00e9vidente, mais que pass\u00e9es ces difficult\u00e9s, c&rsquo;est un pur bonheur, un moment inoubliable.<\/p>\n<p style=\"text-align: justify;\">Il faut surtout s&rsquo;\u00e9couter et ne pas laisser les autres instaurer le doute, c&rsquo;est le meilleur moyen de ne pas y arriver.<\/p>\n<ul style=\"text-align: justify;\">\n<li><strong>Ce serait \u00e0 refaire, vous referiez le m\u00eame choix ? Que changeriez-vous ?<\/strong><\/li>\n<\/ul>\n<p style=\"text-align: justify;\">Si c&rsquo;\u00e9tait \u00e0 refaire, je referais le m\u00eame choix, mais diff\u00e9remment.<br \/>\nEn effet, je ne connaissais personne ou peu pour m&rsquo;orienter dans mes choix et je n&rsquo;ai pas su demander de l&rsquo;aide \u00e0 ma sage-femme au moment o\u00f9 j&rsquo;ai d\u00e9cid\u00e9 de continuer l&rsquo;allaitement au travail.<br \/>\nJ&rsquo;ai donc utilis\u00e9 mon tire-lait manuel, ou bien j&rsquo;exprimais le lait \u00e0 la main, cela me prenait donc un temps monstrueux.<\/p>\n<p style=\"text-align: justify;\">Mettre le papa plus \u00e0 profit la nuit aussi.<br \/>\nOn verra donc pour la prochaine grossesse !<\/p>\n<p style=\"text-align: justify;\"><strong>Articles en rapport :<\/strong><\/p>\n<p style=\"text-align: justify;\">\n<ul>\n<li style=\"text-align: justify;\"><a href=\"https:\/\/www.lactissima.com\/a-tire-d-ailes\/?p=1508\">Allaiter et travailler : le t\u00e9moignage de Sophie<\/a><\/li>\n<li style=\"text-align: justify;\"><a href=\"https:\/\/www.lactissima.com\/a-tire-d-ailes\/?p=1443\">Allaiter et travailler : le t\u00e9moignage de Sandrine<\/a><\/li>\n<li style=\"text-align: justify;\"><a href=\"https:\/\/www.lactissima.com\/a-tire-d-ailes\/?p=1420\">Allaiter et travailler : le t\u00e9moignage d&rsquo;Agn\u00e8s<\/a><\/li>\n<li style=\"text-align: justify;\"><a href=\"https:\/\/www.lactissima.com\/a-tire-d-ailes\/?p=1333\">Allaiter et travailler : le t\u00e9moignage d&rsquo;une lectrice<\/a><\/li>\n<li style=\"text-align: justify;\"><a href=\"https:\/\/www.lactissima.com\/a-tire-d-ailes\/?p=1169\">Allaiter et travailler : le t\u00e9moignage de Karine<\/a><\/li>\n<li style=\"text-align: justify;\"><a href=\"https:\/\/www.lactissima.com\/a-tire-d-ailes\/?p=1011\">Allaiter et travailler : le t\u00e9moignage de Sylvie<\/a><\/li>\n<li style=\"text-align: justify;\"><a href=\"https:\/\/www.lactissima.com\/a-tire-d-ailes\/?p=903\">Allaiter et travailler : le t\u00e9moignage de Marianne<\/a><\/li>\n<li style=\"text-align: justify;\"><a href=\"https:\/\/www.lactissima.com\/a-tire-d-ailes\/?p=885\">Allaiter et travailler : le t\u00e9moignage de Sabine<\/a><\/li>\n<li style=\"text-align: justify;\"><a href=\"https:\/\/www.lactissima.com\/a-tire-d-ailes\/?p=873\">Allaiter et travailler : le t\u00e9moignage de C\u00e9cile<\/a><\/li>\n<li style=\"text-align: justify;\"><a href=\"https:\/\/www.lactissima.com\/a-tire-d-ailes\/?p=782\">Allaiter et travailler : le t\u00e9moignage de Sophie<\/a><\/li>\n<li style=\"text-align: justify;\"><a href=\"https:\/\/www.lactissima.com\/a-tire-d-ailes\/?p=778\">Allaiter et travailler : le t\u00e9moignage d&rsquo;Alexia<\/a><\/li>\n<li style=\"text-align: justify;\"><a href=\"https:\/\/www.lactissima.com\/a-tire-d-ailes\/?p=730\">Allaiter et travailler : le t\u00e9moignage de Sibylle<\/a><\/li>\n<li style=\"text-align: justify;\"><a href=\"https:\/\/www.lactissima.com\/a-tire-d-ailes\/?p=715\">Allaiter et travailler : le t\u00e9moignage de Clara<\/a><\/li>\n<li style=\"text-align: justify;\"><a href=\"https:\/\/www.lactissima.com\/a-tire-d-ailes\/?p=648\">Allaiter et travailler : le t\u00e9moignage de Florence<\/a><\/li>\n<li style=\"text-align: justify;\"><a href=\"https:\/\/www.lactissima.com\/a-tire-d-ailes\/?p=735\">Allaiter et travailler : le t\u00e9moignage de Virginie<\/a><\/li>\n<li style=\"text-align: justify;\"><a href=\"https:\/\/www.lactissima.com\/a-tire-d-ailes\/?p=771\">Allaiter et travailler : le t\u00e9moignage de B\u00e9atrice<\/a><\/li>\n<\/ul>\n<p>&nbsp;<\/p>\n","protected":false},"excerpt":{"rendered":"<p>Si c&rsquo;\u00e9tait \u00e0 refaire, je referais le m\u00eame choix, mais diff\u00e9remment.<br \/>\nEn effet, je ne connaissais personne ou peu pour m&rsquo;orienter dans mes choix et je n&rsquo;ai pas su demander de l&rsquo;aide \u00e0 ma sage-femme au moment o\u00f9 j&rsquo;ai d\u00e9cid\u00e9 de continuer l&rsquo;allaitement au travail.<\/p>\n","protected":false},"author":170,"featured_media":1554,"comment_status":"closed","ping_status":"open","sticky":false,"template":"","format":"standard","meta":{"_et_pb_use_builder":"","_et_pb_old_content":"","_et_gb_content_width":"","footnotes":""},"categories":[36,150],"tags":[680,231,232,57,59],"class_list":["post-1552","post","type-post","status-publish","format-standard","has-post-thumbnail","hentry","category-allaitement-et-travail","category-temoignages","tag-allaitement","tag-avocate","tag-papa","tag-tire-lait","tag-travail"],"yoast_head":"<!-- This site is optimized with the Yoast SEO plugin v27.4 - https:\/\/yoast.com\/product\/yoast-seo-wordpress\/ -->\n<title>Allaiter et travailler : le t\u00e9moignage de Lucie<\/title>\n<meta name=\"description\" content=\"Si c&#039;\u00e9tait \u00e0 refaire, je referais le m\u00eame choix, mais diff\u00e9remment. En effet, je ne connaissais personne ou peu pour m&#039;orienter dans mes choix et je n&#039;ai pas su demander de l&#039;aide \u00e0 ma sage-femme au moment o\u00f9 j&#039;ai d\u00e9cid\u00e9 de continuer l&#039;allaitement au travail.\" \/>\n<meta name=\"robots\" content=\"index, follow, max-snippet:-1, max-image-preview:large, max-video-preview:-1\" \/>\n<link rel=\"canonical\" href=\"https:\/\/www.lactissima.com\/a-tire-d-ailes\/allaiter-et-travailler-le-temoignage-de-lucie\/\" \/>\n<meta property=\"og:locale\" content=\"fr_FR\" \/>\n<meta property=\"og:type\" content=\"article\" \/>\n<meta property=\"og:title\" content=\"Allaiter et travailler : le t\u00e9moignage de Lucie\" \/>\n<meta property=\"og:description\" content=\"Si c&#039;\u00e9tait \u00e0 refaire, je referais le m\u00eame choix, mais diff\u00e9remment. En effet, je ne connaissais personne ou peu pour m&#039;orienter dans mes choix et je n&#039;ai pas su demander de l&#039;aide \u00e0 ma sage-femme au moment o\u00f9 j&#039;ai d\u00e9cid\u00e9 de continuer l&#039;allaitement au travail.\" \/>\n<meta property=\"og:url\" content=\"https:\/\/www.lactissima.com\/a-tire-d-ailes\/allaiter-et-travailler-le-temoignage-de-lucie\/\" \/>\n<meta property=\"og:site_name\" content=\"A tire d&#039;Ailes\" \/>\n<meta property=\"article:publisher\" content=\"https:\/\/www.facebook.com\/consultante.en.lactation\" \/>\n<meta property=\"article:author\" content=\"www.facebook.com\/consultante.en.lactation\" \/>\n<meta property=\"article:published_time\" content=\"2010-09-03T16:25:33+00:00\" \/>\n<meta property=\"article:modified_time\" content=\"2014-03-15T15:00:13+00:00\" \/>\n<meta property=\"og:image\" content=\"https:\/\/www.lactissima.com\/a-tire-d-ailes\/wp-content\/uploads\/Lucie.jpg\" \/>\n\t<meta property=\"og:image:width\" content=\"500\" \/>\n\t<meta property=\"og:image:height\" content=\"334\" \/>\n\t<meta property=\"og:image:type\" content=\"image\/jpeg\" \/>\n<meta name=\"author\" content=\"V\u00e9ronique Darmangeat\" \/>\n<meta name=\"twitter:card\" content=\"summary_large_image\" \/>\n<meta name=\"twitter:creator\" content=\"@VeroniqueIBCLC\" \/>\n<meta name=\"twitter:site\" content=\"@VeroniqueIBCLC\" \/>\n<meta name=\"twitter:label1\" content=\"\u00c9crit par\" \/>\n\t<meta name=\"twitter:data1\" content=\"V\u00e9ronique Darmangeat\" \/>\n\t<meta name=\"twitter:label2\" content=\"Dur\u00e9e de lecture estim\u00e9e\" \/>\n\t<meta name=\"twitter:data2\" content=\"6 minutes\" \/>\n<script type=\"application\/ld+json\" class=\"yoast-schema-graph\">{\"@context\":\"https:\\\/\\\/schema.org\",\"@graph\":[{\"@type\":\"Article\",\"@id\":\"https:\\\/\\\/www.lactissima.com\\\/a-tire-d-ailes\\\/allaiter-et-travailler-le-temoignage-de-lucie\\\/#article\",\"isPartOf\":{\"@id\":\"https:\\\/\\\/www.lactissima.com\\\/a-tire-d-ailes\\\/allaiter-et-travailler-le-temoignage-de-lucie\\\/\"},\"author\":{\"name\":\"V\u00e9ronique Darmangeat\",\"@id\":\"https:\\\/\\\/www.lactissima.com\\\/a-tire-d-ailes\\\/#\\\/schema\\\/person\\\/8f98d3a89530861bc1240e6d53d44eed\"},\"headline\":\"Allaiter et travailler : le t\u00e9moignage de Lucie\",\"datePublished\":\"2010-09-03T16:25:33+00:00\",\"dateModified\":\"2014-03-15T15:00:13+00:00\",\"mainEntityOfPage\":{\"@id\":\"https:\\\/\\\/www.lactissima.com\\\/a-tire-d-ailes\\\/allaiter-et-travailler-le-temoignage-de-lucie\\\/\"},\"wordCount\":1185,\"image\":{\"@id\":\"https:\\\/\\\/www.lactissima.com\\\/a-tire-d-ailes\\\/allaiter-et-travailler-le-temoignage-de-lucie\\\/#primaryimage\"},\"thumbnailUrl\":\"https:\\\/\\\/www.lactissima.com\\\/a-tire-d-ailes\\\/wp-content\\\/uploads\\\/Lucie.jpg\",\"keywords\":[\"Allaitement\",\"avocate\",\"papa\",\"tire-lait\",\"travail\"],\"articleSection\":[\"Allaitement et Travail\",\"t\u00e9moignages\"],\"inLanguage\":\"fr-FR\"},{\"@type\":\"WebPage\",\"@id\":\"https:\\\/\\\/www.lactissima.com\\\/a-tire-d-ailes\\\/allaiter-et-travailler-le-temoignage-de-lucie\\\/\",\"url\":\"https:\\\/\\\/www.lactissima.com\\\/a-tire-d-ailes\\\/allaiter-et-travailler-le-temoignage-de-lucie\\\/\",\"name\":\"Allaiter et travailler : le t\u00e9moignage de Lucie\",\"isPartOf\":{\"@id\":\"https:\\\/\\\/www.lactissima.com\\\/a-tire-d-ailes\\\/#website\"},\"primaryImageOfPage\":{\"@id\":\"https:\\\/\\\/www.lactissima.com\\\/a-tire-d-ailes\\\/allaiter-et-travailler-le-temoignage-de-lucie\\\/#primaryimage\"},\"image\":{\"@id\":\"https:\\\/\\\/www.lactissima.com\\\/a-tire-d-ailes\\\/allaiter-et-travailler-le-temoignage-de-lucie\\\/#primaryimage\"},\"thumbnailUrl\":\"https:\\\/\\\/www.lactissima.com\\\/a-tire-d-ailes\\\/wp-content\\\/uploads\\\/Lucie.jpg\",\"datePublished\":\"2010-09-03T16:25:33+00:00\",\"dateModified\":\"2014-03-15T15:00:13+00:00\",\"author\":{\"@id\":\"https:\\\/\\\/www.lactissima.com\\\/a-tire-d-ailes\\\/#\\\/schema\\\/person\\\/8f98d3a89530861bc1240e6d53d44eed\"},\"description\":\"Si c'\u00e9tait \u00e0 refaire, je referais le m\u00eame choix, mais diff\u00e9remment. En effet, je ne connaissais personne ou peu pour m'orienter dans mes choix et je n'ai pas su demander de l'aide \u00e0 ma sage-femme au moment o\u00f9 j'ai d\u00e9cid\u00e9 de continuer l'allaitement au travail.\",\"breadcrumb\":{\"@id\":\"https:\\\/\\\/www.lactissima.com\\\/a-tire-d-ailes\\\/allaiter-et-travailler-le-temoignage-de-lucie\\\/#breadcrumb\"},\"inLanguage\":\"fr-FR\",\"potentialAction\":[{\"@type\":\"ReadAction\",\"target\":[\"https:\\\/\\\/www.lactissima.com\\\/a-tire-d-ailes\\\/allaiter-et-travailler-le-temoignage-de-lucie\\\/\"]}]},{\"@type\":\"ImageObject\",\"inLanguage\":\"fr-FR\",\"@id\":\"https:\\\/\\\/www.lactissima.com\\\/a-tire-d-ailes\\\/allaiter-et-travailler-le-temoignage-de-lucie\\\/#primaryimage\",\"url\":\"https:\\\/\\\/www.lactissima.com\\\/a-tire-d-ailes\\\/wp-content\\\/uploads\\\/Lucie.jpg\",\"contentUrl\":\"https:\\\/\\\/www.lactissima.com\\\/a-tire-d-ailes\\\/wp-content\\\/uploads\\\/Lucie.jpg\",\"width\":\"500\",\"height\":\"334\"},{\"@type\":\"BreadcrumbList\",\"@id\":\"https:\\\/\\\/www.lactissima.com\\\/a-tire-d-ailes\\\/allaiter-et-travailler-le-temoignage-de-lucie\\\/#breadcrumb\",\"itemListElement\":[{\"@type\":\"ListItem\",\"position\":1,\"name\":\"Accueil\",\"item\":\"https:\\\/\\\/www.lactissima.com\\\/a-tire-d-ailes\\\/\"},{\"@type\":\"ListItem\",\"position\":2,\"name\":\"Allaiter et travailler : le t\u00e9moignage de Lucie\"}]},{\"@type\":\"WebSite\",\"@id\":\"https:\\\/\\\/www.lactissima.com\\\/a-tire-d-ailes\\\/#website\",\"url\":\"https:\\\/\\\/www.lactissima.com\\\/a-tire-d-ailes\\\/\",\"name\":\"A tire d&#039;Ailes\",\"description\":\"Le blog des femmes qui allaitent et travaillent.\",\"potentialAction\":[{\"@type\":\"SearchAction\",\"target\":{\"@type\":\"EntryPoint\",\"urlTemplate\":\"https:\\\/\\\/www.lactissima.com\\\/a-tire-d-ailes\\\/?s={search_term_string}\"},\"query-input\":{\"@type\":\"PropertyValueSpecification\",\"valueRequired\":true,\"valueName\":\"search_term_string\"}}],\"inLanguage\":\"fr-FR\"},{\"@type\":\"Person\",\"@id\":\"https:\\\/\\\/www.lactissima.com\\\/a-tire-d-ailes\\\/#\\\/schema\\\/person\\\/8f98d3a89530861bc1240e6d53d44eed\",\"name\":\"V\u00e9ronique Darmangeat\",\"image\":{\"@type\":\"ImageObject\",\"inLanguage\":\"fr-FR\",\"@id\":\"https:\\\/\\\/secure.gravatar.com\\\/avatar\\\/268c99344c89cebfe4f5df5fa8be43068a18884fc76a29f3206fae98465b9cab?s=96&d=identicon&r=g\",\"url\":\"https:\\\/\\\/secure.gravatar.com\\\/avatar\\\/268c99344c89cebfe4f5df5fa8be43068a18884fc76a29f3206fae98465b9cab?s=96&d=identicon&r=g\",\"contentUrl\":\"https:\\\/\\\/secure.gravatar.com\\\/avatar\\\/268c99344c89cebfe4f5df5fa8be43068a18884fc76a29f3206fae98465b9cab?s=96&d=identicon&r=g\",\"caption\":\"V\u00e9ronique Darmangeat\"},\"sameAs\":[\"https:\\\/\\\/www.lactissima.com\\\/a-tire-d-ailes\",\"www.facebook.com\\\/consultante.en.lactation\"]}]}<\/script>\n<!-- \/ Yoast SEO plugin. -->","yoast_head_json":{"title":"Allaiter et travailler : le t\u00e9moignage de Lucie","description":"Si c'\u00e9tait \u00e0 refaire, je referais le m\u00eame choix, mais diff\u00e9remment. En effet, je ne connaissais personne ou peu pour m'orienter dans mes choix et je n'ai pas su demander de l'aide \u00e0 ma sage-femme au moment o\u00f9 j'ai d\u00e9cid\u00e9 de continuer l'allaitement au travail.","robots":{"index":"index","follow":"follow","max-snippet":"max-snippet:-1","max-image-preview":"max-image-preview:large","max-video-preview":"max-video-preview:-1"},"canonical":"https:\/\/www.lactissima.com\/a-tire-d-ailes\/allaiter-et-travailler-le-temoignage-de-lucie\/","og_locale":"fr_FR","og_type":"article","og_title":"Allaiter et travailler : le t\u00e9moignage de Lucie","og_description":"Si c'\u00e9tait \u00e0 refaire, je referais le m\u00eame choix, mais diff\u00e9remment. En effet, je ne connaissais personne ou peu pour m'orienter dans mes choix et je n'ai pas su demander de l'aide \u00e0 ma sage-femme au moment o\u00f9 j'ai d\u00e9cid\u00e9 de continuer l'allaitement au travail.","og_url":"https:\/\/www.lactissima.com\/a-tire-d-ailes\/allaiter-et-travailler-le-temoignage-de-lucie\/","og_site_name":"A tire d&#039;Ailes","article_publisher":"https:\/\/www.facebook.com\/consultante.en.lactation","article_author":"www.facebook.com\/consultante.en.lactation","article_published_time":"2010-09-03T16:25:33+00:00","article_modified_time":"2014-03-15T15:00:13+00:00","og_image":[{"width":500,"height":334,"url":"https:\/\/www.lactissima.com\/a-tire-d-ailes\/wp-content\/uploads\/Lucie.jpg","type":"image\/jpeg"}],"author":"V\u00e9ronique Darmangeat","twitter_card":"summary_large_image","twitter_creator":"@VeroniqueIBCLC","twitter_site":"@VeroniqueIBCLC","twitter_misc":{"\u00c9crit par":"V\u00e9ronique Darmangeat","Dur\u00e9e de lecture estim\u00e9e":"6 minutes"},"schema":{"@context":"https:\/\/schema.org","@graph":[{"@type":"Article","@id":"https:\/\/www.lactissima.com\/a-tire-d-ailes\/allaiter-et-travailler-le-temoignage-de-lucie\/#article","isPartOf":{"@id":"https:\/\/www.lactissima.com\/a-tire-d-ailes\/allaiter-et-travailler-le-temoignage-de-lucie\/"},"author":{"name":"V\u00e9ronique Darmangeat","@id":"https:\/\/www.lactissima.com\/a-tire-d-ailes\/#\/schema\/person\/8f98d3a89530861bc1240e6d53d44eed"},"headline":"Allaiter et travailler : le t\u00e9moignage de Lucie","datePublished":"2010-09-03T16:25:33+00:00","dateModified":"2014-03-15T15:00:13+00:00","mainEntityOfPage":{"@id":"https:\/\/www.lactissima.com\/a-tire-d-ailes\/allaiter-et-travailler-le-temoignage-de-lucie\/"},"wordCount":1185,"image":{"@id":"https:\/\/www.lactissima.com\/a-tire-d-ailes\/allaiter-et-travailler-le-temoignage-de-lucie\/#primaryimage"},"thumbnailUrl":"https:\/\/www.lactissima.com\/a-tire-d-ailes\/wp-content\/uploads\/Lucie.jpg","keywords":["Allaitement","avocate","papa","tire-lait","travail"],"articleSection":["Allaitement et Travail","t\u00e9moignages"],"inLanguage":"fr-FR"},{"@type":"WebPage","@id":"https:\/\/www.lactissima.com\/a-tire-d-ailes\/allaiter-et-travailler-le-temoignage-de-lucie\/","url":"https:\/\/www.lactissima.com\/a-tire-d-ailes\/allaiter-et-travailler-le-temoignage-de-lucie\/","name":"Allaiter et travailler : le t\u00e9moignage de Lucie","isPartOf":{"@id":"https:\/\/www.lactissima.com\/a-tire-d-ailes\/#website"},"primaryImageOfPage":{"@id":"https:\/\/www.lactissima.com\/a-tire-d-ailes\/allaiter-et-travailler-le-temoignage-de-lucie\/#primaryimage"},"image":{"@id":"https:\/\/www.lactissima.com\/a-tire-d-ailes\/allaiter-et-travailler-le-temoignage-de-lucie\/#primaryimage"},"thumbnailUrl":"https:\/\/www.lactissima.com\/a-tire-d-ailes\/wp-content\/uploads\/Lucie.jpg","datePublished":"2010-09-03T16:25:33+00:00","dateModified":"2014-03-15T15:00:13+00:00","author":{"@id":"https:\/\/www.lactissima.com\/a-tire-d-ailes\/#\/schema\/person\/8f98d3a89530861bc1240e6d53d44eed"},"description":"Si c'\u00e9tait \u00e0 refaire, je referais le m\u00eame choix, mais diff\u00e9remment. En effet, je ne connaissais personne ou peu pour m'orienter dans mes choix et je n'ai pas su demander de l'aide \u00e0 ma sage-femme au moment o\u00f9 j'ai d\u00e9cid\u00e9 de continuer l'allaitement au travail.","breadcrumb":{"@id":"https:\/\/www.lactissima.com\/a-tire-d-ailes\/allaiter-et-travailler-le-temoignage-de-lucie\/#breadcrumb"},"inLanguage":"fr-FR","potentialAction":[{"@type":"ReadAction","target":["https:\/\/www.lactissima.com\/a-tire-d-ailes\/allaiter-et-travailler-le-temoignage-de-lucie\/"]}]},{"@type":"ImageObject","inLanguage":"fr-FR","@id":"https:\/\/www.lactissima.com\/a-tire-d-ailes\/allaiter-et-travailler-le-temoignage-de-lucie\/#primaryimage","url":"https:\/\/www.lactissima.com\/a-tire-d-ailes\/wp-content\/uploads\/Lucie.jpg","contentUrl":"https:\/\/www.lactissima.com\/a-tire-d-ailes\/wp-content\/uploads\/Lucie.jpg","width":"500","height":"334"},{"@type":"BreadcrumbList","@id":"https:\/\/www.lactissima.com\/a-tire-d-ailes\/allaiter-et-travailler-le-temoignage-de-lucie\/#breadcrumb","itemListElement":[{"@type":"ListItem","position":1,"name":"Accueil","item":"https:\/\/www.lactissima.com\/a-tire-d-ailes\/"},{"@type":"ListItem","position":2,"name":"Allaiter et travailler : le t\u00e9moignage de Lucie"}]},{"@type":"WebSite","@id":"https:\/\/www.lactissima.com\/a-tire-d-ailes\/#website","url":"https:\/\/www.lactissima.com\/a-tire-d-ailes\/","name":"A tire d&#039;Ailes","description":"Le blog des femmes qui allaitent et travaillent.","potentialAction":[{"@type":"SearchAction","target":{"@type":"EntryPoint","urlTemplate":"https:\/\/www.lactissima.com\/a-tire-d-ailes\/?s={search_term_string}"},"query-input":{"@type":"PropertyValueSpecification","valueRequired":true,"valueName":"search_term_string"}}],"inLanguage":"fr-FR"},{"@type":"Person","@id":"https:\/\/www.lactissima.com\/a-tire-d-ailes\/#\/schema\/person\/8f98d3a89530861bc1240e6d53d44eed","name":"V\u00e9ronique Darmangeat","image":{"@type":"ImageObject","inLanguage":"fr-FR","@id":"https:\/\/secure.gravatar.com\/avatar\/268c99344c89cebfe4f5df5fa8be43068a18884fc76a29f3206fae98465b9cab?s=96&d=identicon&r=g","url":"https:\/\/secure.gravatar.com\/avatar\/268c99344c89cebfe4f5df5fa8be43068a18884fc76a29f3206fae98465b9cab?s=96&d=identicon&r=g","contentUrl":"https:\/\/secure.gravatar.com\/avatar\/268c99344c89cebfe4f5df5fa8be43068a18884fc76a29f3206fae98465b9cab?s=96&d=identicon&r=g","caption":"V\u00e9ronique Darmangeat"},"sameAs":["https:\/\/www.lactissima.com\/a-tire-d-ailes","www.facebook.com\/consultante.en.lactation"]}]}},"_links":{"self":[{"href":"https:\/\/www.lactissima.com\/a-tire-d-ailes\/wp-json\/wp\/v2\/posts\/1552","targetHints":{"allow":["GET"]}}],"collection":[{"href":"https:\/\/www.lactissima.com\/a-tire-d-ailes\/wp-json\/wp\/v2\/posts"}],"about":[{"href":"https:\/\/www.lactissima.com\/a-tire-d-ailes\/wp-json\/wp\/v2\/types\/post"}],"author":[{"embeddable":true,"href":"https:\/\/www.lactissima.com\/a-tire-d-ailes\/wp-json\/wp\/v2\/users\/170"}],"replies":[{"embeddable":true,"href":"https:\/\/www.lactissima.com\/a-tire-d-ailes\/wp-json\/wp\/v2\/comments?post=1552"}],"version-history":[{"count":14,"href":"https:\/\/www.lactissima.com\/a-tire-d-ailes\/wp-json\/wp\/v2\/posts\/1552\/revisions"}],"predecessor-version":[{"id":5449,"href":"https:\/\/www.lactissima.com\/a-tire-d-ailes\/wp-json\/wp\/v2\/posts\/1552\/revisions\/5449"}],"wp:featuredmedia":[{"embeddable":true,"href":"https:\/\/www.lactissima.com\/a-tire-d-ailes\/wp-json\/wp\/v2\/media\/1554"}],"wp:attachment":[{"href":"https:\/\/www.lactissima.com\/a-tire-d-ailes\/wp-json\/wp\/v2\/media?parent=1552"}],"wp:term":[{"taxonomy":"category","embeddable":true,"href":"https:\/\/www.lactissima.com\/a-tire-d-ailes\/wp-json\/wp\/v2\/categories?post=1552"},{"taxonomy":"post_tag","embeddable":true,"href":"https:\/\/www.lactissima.com\/a-tire-d-ailes\/wp-json\/wp\/v2\/tags?post=1552"}],"curies":[{"name":"wp","href":"https:\/\/api.w.org\/{rel}","templated":true}]}}