{"id":1517,"date":"2010-07-17T16:37:35","date_gmt":"2010-07-17T14:37:35","guid":{"rendered":"https:\/\/www.lactissima.com\/a-tire-d-ailes\/?p=1517"},"modified":"2014-03-15T17:01:57","modified_gmt":"2014-03-15T15:01:57","slug":"reflexions-allaitement","status":"publish","type":"post","link":"https:\/\/www.lactissima.com\/a-tire-d-ailes\/reflexions-allaitement\/","title":{"rendered":"Petites phrases assassines"},"content":{"rendered":"<p style=\"text-align: justify;\">Voici une petite mise \u00e0 jour de ce billet avec vos participations rajout\u00e9es.<\/p>\n<p style=\"text-align: justify;\"><a href=\"https:\/\/www.lactissima.com\/a-tire-d-ailes\/wp-content\/uploads\/phrases.jpg\"><img loading=\"lazy\" decoding=\"async\" class=\"alignright size-full wp-image-1518\" title=\"allaitement\" alt=\"r\u00e9flexions allaitement\" src=\"https:\/\/www.lactissima.com\/a-tire-d-ailes\/wp-content\/uploads\/phrases.jpg\" width=\"243\" height=\"324\" srcset=\"https:\/\/www.lactissima.com\/a-tire-d-ailes\/wp-content\/uploads\/phrases.jpg 375w, https:\/\/www.lactissima.com\/a-tire-d-ailes\/wp-content\/uploads\/phrases-225x300.jpg 225w\" sizes=\"(max-width: 243px) 100vw, 243px\" \/><\/a>Un petit peu de <strong>l\u00e9g\u00e8ret\u00e9 <\/strong>en ce mois de juillet avec ces <span style=\"color: #333333;\"><a title=\"r\u00e9flexions allaitement\" href=\"https:\/\/www.lactissima.com\/a-tire-d-ailes\/reflexions-allaitement\/\"><span style=\"color: #333333;\">r\u00e9flexions allaitement<\/span><\/a><\/span>&#8230;<\/p>\n<p style=\"text-align: justify;\">Lors de la <a href=\"https:\/\/www.lactissima.com\/a-tire-d-ailes\/?p=1478\">rencontre<\/a> au mois de juin des <strong>lectrices <\/strong>d&rsquo;A tire d&rsquo;Ailes, nous nous sommes partag\u00e9es ces <strong>petites phrases<\/strong> que l&rsquo;on entend quand on ne fait <strong>pas comme tout le monde<\/strong>. Par exemple lorsque que l&rsquo;on poursuit l&rsquo;allaitement apr\u00e8s la reprise du travail.<\/p>\n<p style=\"text-align: justify;\">Je vous propose de les <strong>partager <\/strong>sur ce blog car finalement, mieux vaut en <strong>rire <\/strong>qu&rsquo;en pleurer \ud83d\ude42 .<\/p>\n<p style=\"text-align: justify;\">Je commence donc avec celle-ci :<br \/>\n\u00ab\u00a0<strong> Votre b\u00e9b\u00e9 a 8 mois madame, vous devez le sevrer, il ne t\u00e8te plus que de l&rsquo;eau<\/strong>.\u00a0\u00bb Et bien pour de l&rsquo;eau, \u00e7a a l&rsquo;air plut\u00f4t nourrissant pour un b\u00e9b\u00e9 qui fait 12 kg&#8230;<\/p>\n<p style=\"text-align: justify;\"><strong>Agn\u00e8s<\/strong> : C&rsquo;\u00e9tait le jour de <strong>No\u00c3\u00abl<\/strong>&#8230;<br \/>\n\u00c2\u00ab Elle t\u00e8te encore, mais <strong>elle fait que t\u00e9ter<\/strong> !! \u00c2\u00bb<br \/>\nUn peu <strong>comme nous<\/strong>, aujourd&rsquo;hui on ne fait que manger !<\/p>\n<p style=\"text-align: justify;\"><strong>Charlotte<\/strong> : En <strong>1979<\/strong>, mon <strong>g\u00e9n\u00e9raliste<\/strong> m&rsquo;a indiqu\u00e9 qu&rsquo;il fallait diversifier mon fils de <strong>3 mois<\/strong>, \u00c2\u00ab \u00e0 , cet \u00e2ge, votre lait n&rsquo;est plus que de <strong>l&rsquo;eau savonneuse<\/strong> et ne lui suffit pas \u00c2\u00bb. Ce n&rsquo;\u00e9tait pas fin, mais moi je n&rsquo;\u00e9tais gu\u00e8re mieux car l&rsquo;eau savonneuse avait fait prendre <strong>plus d&rsquo;un kilo par moi<\/strong>s \u00e0 Marc. Le m\u00e9decin et moi-m\u00eame avions sous les yeux un b\u00e9b\u00e9 rond comme un bille !<\/p>\n<p style=\"text-align: justify;\"><strong>R\u00e9gine<\/strong> : \u00ab\u00a0Ah tu l&rsquo;allaites <strong>encore<\/strong> (Maya a 11 mois) ! Ah oui mais tu fais comme <strong>chez toi<\/strong> (je suis noire)!!\u00a0\u00bb<br \/>\nEn gros l&rsquo;allaitement long c&rsquo;est bien pour les noirs et les chimpanz\u00e9s!!!<br \/>\nNB : je suis certes noire mais tout \u00e0 fait francaise puisque n\u00e9e \u00e0 Paris et ai toujours v\u00e9cu ici et n&rsquo;avais <strong>jamais vu personne de ma famille allaiter<\/strong>.<\/p>\n<p style=\"text-align: justify;\"><strong>L<\/strong> : Commentaire d&rsquo;une <strong>coll\u00e8gue<\/strong> de boulot, qui a pourtant allait\u00e9 ses fils et trouvait \u00e7a bien que je <strong>tire mon lait<\/strong> au travail : \u00c2\u00ab Quoi mais elle t\u00e8te <strong>encore<\/strong> \u00e0 un an ! Mais pourquoi, <strong>\u00e7a ne sert \u00e0 rien<\/strong>! \u00c2\u00bb<br \/>\nAh ?<\/p>\n<p style=\"text-align: justify;\"><strong>Sophie<\/strong> : Commentaire d&rsquo;une connaissance : \u00ab\u00a0Mais il t\u00e8te <strong>encore<\/strong> !? Mais il a des dents \u00e7a doit faire <strong>mal<\/strong>?!?!?<br \/>\nNon pourquoi? Il t\u00e8te, <strong>il ne mord pas<\/strong>.\u00a0\u00bb<br \/>\nCommentaire d&rsquo;un <strong>m\u00e9decin<\/strong> g\u00e9n\u00e9raliste : \u00ab\u00a0La t\u00e9t\u00e9e c&rsquo;est 10 \u00e0 15 minutes. Apr\u00e8s \u00e7a <strong>abime<\/strong> les seins !!\u00a0\u00bb<br \/>\nCommentaire de la <strong>famille<\/strong> : \u00ab\u00a0Impossible de le poser!!! C&rsquo;est normal il est encore <strong>allait\u00e9<\/strong>. Ou mais il t\u00e8te tout le temps!!! Ou encore il t\u00e8te encore\u00a0\u00bb<br \/>\n\u00ab\u00a0S&rsquo;il ne fait pas ses nuits c&rsquo;est parce que <strong>ton lait ne lui suffit pas<\/strong>.\u00a0\u00bb Et enfin si souvent entendu : \u00ab\u00a0Tu devrais essayer la <strong>t\u00e9tine<\/strong>.\u00a0\u00bb Dur dur les mythes sur le b\u00e9b\u00e9 allait\u00e9.<\/p>\n<p style=\"text-align: justify;\"><strong>Deedeen<\/strong> : Une <strong>m\u00e9decin<\/strong> g\u00e9n\u00e9raliste, lorsque je lui dis que ma fille, dix mois, t\u00eate encore : &#8211; Mais vous savez, <strong>les anticorps c&rsquo;\u00e9tait pendant les six premiers mois&#8230;<br \/>\n<\/strong>Mais oui, donc le lendemain de son \u00c2\u00ab anniversaire de six mois \u00c2\u00bb, pouf, plus d&rsquo;anticorps ?<\/p>\n<p style=\"text-align: justify;\"><strong>Laurence<\/strong> : Le <strong>p\u00e9diatre<\/strong>, \u00e0 la visite juste avant ma reprise du <strong>boulot<\/strong> : \u00c2\u00ab Bon je vous prescris du <strong>lait en poudre<\/strong> alors. \u00c2\u00bb (b\u00e9b\u00e9 RGO)<br \/>\nMoi \u00c2\u00ab Non je compte <strong>continuer<\/strong> \u00e0 l&rsquo;allaiter \u00c2\u00bb<br \/>\nLui \u00c2\u00ab Mais vous allez faire <strong>comment<\/strong> ??? \u00c2\u00bb<br \/>\nMoi \u00c2\u00ab Ben&#8230; avec un <strong>tire-lait<\/strong>, et la nounou lui donnera mon lait en mon absence&#8230; \u00c2\u00bb<br \/>\nLui \u00c2\u00ab Mais vous savez qu&rsquo;un enfant <strong>boit environ 1 litre par jour<\/strong> ! \u00c2\u00bb<br \/>\nMoi \u00c2\u00ab Oui mais quand il sera avec moi il boira <strong>\u00e0 la source<\/strong>&#8230; \u00c2\u00bb<br \/>\nLui \u00c2\u00ab Mais quand m\u00eame&#8230; enfin de toute fa\u00e7on <strong>c&rsquo;est comme pour les animaux<\/strong> il y a des femmes qui sont bonnes laiti\u00e8res et d&rsquo;autres qui sont mauvaises laiti\u00e8res.\u00c2\u00bb<br \/>\nMoi \u00c2\u00ab <strong>&#8230;<\/strong> \u00c2\u00bb<br \/>\nEt en sortant du cabinet j&rsquo;ai vu qu&rsquo;il m&rsquo;avait prescrit du <strong>lait en poudre<\/strong> sur son ordonnance. Et je ne l&rsquo;ai <strong>jamais achet\u00e9<\/strong> !<\/p>\n<p style=\"text-align: justify;\"><strong>Marie<\/strong> : La <strong>p\u00e9diatre<\/strong> de la PMI : \u00c2\u00ab il faut <strong>attendre 2 heures<\/strong> entre chaque t\u00e9t\u00e9e, pour que vos seins se <strong>remplissent<\/strong> \u00c2\u00bb.<br \/>\nUn <strong>vieux monsieur<\/strong> \u00e0 une f\u00eate de famille: \u00c2\u00ab vous le <strong>nourrissez<\/strong> encore ? \u00c2\u00bb (bah non maintenant qu&rsquo;il a 3 mois je ne lui donne plus rien \u00e0 manger!).<br \/>\nMon <strong>m\u00e9decin<\/strong> orthop\u00e9dique, en me montrant <strong>l&rsquo;Afrique<\/strong> sur sa mappemonde: \u00c2\u00ab l&rsquo;allaitement c&rsquo;est pour l\u00e0  \u00c2\u00bb (pfff).<\/p>\n<p style=\"text-align: justify;\">A <strong>vous <\/strong>de nous faire partager toutes les <strong>r\u00e9flexions <\/strong>que vous entendez sur votre allaitement.<\/p>\n<p>&nbsp;<\/p>\n","protected":false},"excerpt":{"rendered":"<p>\u00a0\u00bb Votre b\u00e9b\u00e9 a 8 mois madame, vous devez le sevrer, il ne t\u00e8te plus que de l&rsquo;eau.\u00a0\u00bb Et bien pour de l&rsquo;eau, \u00e7a a l&rsquo;air plut\u00f4t nourrissant pour un b\u00e9b\u00e9 qui fait 12 kg&#8230;<\/p>\n","protected":false},"author":170,"featured_media":1518,"comment_status":"open","ping_status":"open","sticky":false,"template":"","format":"standard","meta":{"_et_pb_use_builder":"","_et_pb_old_content":"","_et_gb_content_width":"","footnotes":""},"categories":[35,183],"tags":[680,229,228],"class_list":["post-1517","post","type-post","status-publish","format-standard","has-post-thumbnail","hentry","category-allaitement","category-anecdotes","tag-allaitement","tag-petites-phrases","tag-reflexions"],"yoast_head":"<!-- This site is optimized with the Yoast SEO plugin v27.4 - https:\/\/yoast.com\/product\/yoast-seo-wordpress\/ -->\n<title>r\u00e9flexions allaitement<\/title>\n<meta name=\"description\" content=\"Il est fr\u00e9quent d&#039;entendre des r\u00e9flexions allaitement dr\u00f4les, d\u00e9sagr\u00e9ables ou stupides sur l&#039;allaitement.\" \/>\n<meta name=\"robots\" content=\"index, follow, max-snippet:-1, max-image-preview:large, max-video-preview:-1\" \/>\n<link rel=\"canonical\" href=\"https:\/\/www.lactissima.com\/a-tire-d-ailes\/reflexions-allaitement\/\" \/>\n<meta property=\"og:locale\" content=\"fr_FR\" \/>\n<meta property=\"og:type\" content=\"article\" \/>\n<meta property=\"og:title\" content=\"r\u00e9flexions allaitement\" \/>\n<meta property=\"og:description\" content=\"Il est fr\u00e9quent d&#039;entendre des r\u00e9flexions allaitement dr\u00f4les, d\u00e9sagr\u00e9ables ou stupides sur l&#039;allaitement.\" \/>\n<meta property=\"og:url\" content=\"https:\/\/www.lactissima.com\/a-tire-d-ailes\/reflexions-allaitement\/\" \/>\n<meta property=\"og:site_name\" content=\"A tire d&#039;Ailes\" \/>\n<meta property=\"article:publisher\" content=\"https:\/\/www.facebook.com\/consultante.en.lactation\" \/>\n<meta property=\"article:author\" content=\"www.facebook.com\/consultante.en.lactation\" \/>\n<meta property=\"article:published_time\" content=\"2010-07-17T14:37:35+00:00\" \/>\n<meta property=\"article:modified_time\" content=\"2014-03-15T15:01:57+00:00\" \/>\n<meta property=\"og:image\" content=\"https:\/\/www.lactissima.com\/a-tire-d-ailes\/wp-content\/uploads\/phrases.jpg\" \/>\n\t<meta property=\"og:image:width\" content=\"375\" \/>\n\t<meta property=\"og:image:height\" content=\"500\" \/>\n\t<meta property=\"og:image:type\" content=\"image\/jpeg\" \/>\n<meta name=\"author\" content=\"V\u00e9ronique Darmangeat\" \/>\n<meta name=\"twitter:card\" content=\"summary_large_image\" \/>\n<meta name=\"twitter:creator\" content=\"@VeroniqueIBCLC\" \/>\n<meta name=\"twitter:site\" content=\"@VeroniqueIBCLC\" \/>\n<meta name=\"twitter:label1\" content=\"\u00c9crit par\" \/>\n\t<meta name=\"twitter:data1\" content=\"V\u00e9ronique Darmangeat\" \/>\n\t<meta name=\"twitter:label2\" content=\"Dur\u00e9e de lecture estim\u00e9e\" \/>\n\t<meta name=\"twitter:data2\" content=\"4 minutes\" \/>\n<script type=\"application\/ld+json\" class=\"yoast-schema-graph\">{\"@context\":\"https:\\\/\\\/schema.org\",\"@graph\":[{\"@type\":\"Article\",\"@id\":\"https:\\\/\\\/www.lactissima.com\\\/a-tire-d-ailes\\\/reflexions-allaitement\\\/#article\",\"isPartOf\":{\"@id\":\"https:\\\/\\\/www.lactissima.com\\\/a-tire-d-ailes\\\/reflexions-allaitement\\\/\"},\"author\":{\"name\":\"V\u00e9ronique Darmangeat\",\"@id\":\"https:\\\/\\\/www.lactissima.com\\\/a-tire-d-ailes\\\/#\\\/schema\\\/person\\\/8f98d3a89530861bc1240e6d53d44eed\"},\"headline\":\"Petites phrases assassines\",\"datePublished\":\"2010-07-17T14:37:35+00:00\",\"dateModified\":\"2014-03-15T15:01:57+00:00\",\"mainEntityOfPage\":{\"@id\":\"https:\\\/\\\/www.lactissima.com\\\/a-tire-d-ailes\\\/reflexions-allaitement\\\/\"},\"wordCount\":745,\"commentCount\":101,\"image\":{\"@id\":\"https:\\\/\\\/www.lactissima.com\\\/a-tire-d-ailes\\\/reflexions-allaitement\\\/#primaryimage\"},\"thumbnailUrl\":\"https:\\\/\\\/www.lactissima.com\\\/a-tire-d-ailes\\\/wp-content\\\/uploads\\\/phrases.jpg\",\"keywords\":[\"Allaitement\",\"petites phrases\",\"r\u00e9flexions\"],\"articleSection\":[\"Allaitement\",\"Anecdotes\"],\"inLanguage\":\"fr-FR\",\"potentialAction\":[{\"@type\":\"CommentAction\",\"name\":\"Comment\",\"target\":[\"https:\\\/\\\/www.lactissima.com\\\/a-tire-d-ailes\\\/reflexions-allaitement\\\/#respond\"]}]},{\"@type\":\"WebPage\",\"@id\":\"https:\\\/\\\/www.lactissima.com\\\/a-tire-d-ailes\\\/reflexions-allaitement\\\/\",\"url\":\"https:\\\/\\\/www.lactissima.com\\\/a-tire-d-ailes\\\/reflexions-allaitement\\\/\",\"name\":\"r\u00e9flexions allaitement\",\"isPartOf\":{\"@id\":\"https:\\\/\\\/www.lactissima.com\\\/a-tire-d-ailes\\\/#website\"},\"primaryImageOfPage\":{\"@id\":\"https:\\\/\\\/www.lactissima.com\\\/a-tire-d-ailes\\\/reflexions-allaitement\\\/#primaryimage\"},\"image\":{\"@id\":\"https:\\\/\\\/www.lactissima.com\\\/a-tire-d-ailes\\\/reflexions-allaitement\\\/#primaryimage\"},\"thumbnailUrl\":\"https:\\\/\\\/www.lactissima.com\\\/a-tire-d-ailes\\\/wp-content\\\/uploads\\\/phrases.jpg\",\"datePublished\":\"2010-07-17T14:37:35+00:00\",\"dateModified\":\"2014-03-15T15:01:57+00:00\",\"author\":{\"@id\":\"https:\\\/\\\/www.lactissima.com\\\/a-tire-d-ailes\\\/#\\\/schema\\\/person\\\/8f98d3a89530861bc1240e6d53d44eed\"},\"description\":\"Il est fr\u00e9quent d'entendre des r\u00e9flexions allaitement dr\u00f4les, d\u00e9sagr\u00e9ables ou stupides sur l'allaitement.\",\"breadcrumb\":{\"@id\":\"https:\\\/\\\/www.lactissima.com\\\/a-tire-d-ailes\\\/reflexions-allaitement\\\/#breadcrumb\"},\"inLanguage\":\"fr-FR\",\"potentialAction\":[{\"@type\":\"ReadAction\",\"target\":[\"https:\\\/\\\/www.lactissima.com\\\/a-tire-d-ailes\\\/reflexions-allaitement\\\/\"]}]},{\"@type\":\"ImageObject\",\"inLanguage\":\"fr-FR\",\"@id\":\"https:\\\/\\\/www.lactissima.com\\\/a-tire-d-ailes\\\/reflexions-allaitement\\\/#primaryimage\",\"url\":\"https:\\\/\\\/www.lactissima.com\\\/a-tire-d-ailes\\\/wp-content\\\/uploads\\\/phrases.jpg\",\"contentUrl\":\"https:\\\/\\\/www.lactissima.com\\\/a-tire-d-ailes\\\/wp-content\\\/uploads\\\/phrases.jpg\",\"width\":\"375\",\"height\":\"500\"},{\"@type\":\"BreadcrumbList\",\"@id\":\"https:\\\/\\\/www.lactissima.com\\\/a-tire-d-ailes\\\/reflexions-allaitement\\\/#breadcrumb\",\"itemListElement\":[{\"@type\":\"ListItem\",\"position\":1,\"name\":\"Accueil\",\"item\":\"https:\\\/\\\/www.lactissima.com\\\/a-tire-d-ailes\\\/\"},{\"@type\":\"ListItem\",\"position\":2,\"name\":\"Petites phrases assassines\"}]},{\"@type\":\"WebSite\",\"@id\":\"https:\\\/\\\/www.lactissima.com\\\/a-tire-d-ailes\\\/#website\",\"url\":\"https:\\\/\\\/www.lactissima.com\\\/a-tire-d-ailes\\\/\",\"name\":\"A tire d&#039;Ailes\",\"description\":\"Le blog des femmes qui allaitent et travaillent.\",\"potentialAction\":[{\"@type\":\"SearchAction\",\"target\":{\"@type\":\"EntryPoint\",\"urlTemplate\":\"https:\\\/\\\/www.lactissima.com\\\/a-tire-d-ailes\\\/?s={search_term_string}\"},\"query-input\":{\"@type\":\"PropertyValueSpecification\",\"valueRequired\":true,\"valueName\":\"search_term_string\"}}],\"inLanguage\":\"fr-FR\"},{\"@type\":\"Person\",\"@id\":\"https:\\\/\\\/www.lactissima.com\\\/a-tire-d-ailes\\\/#\\\/schema\\\/person\\\/8f98d3a89530861bc1240e6d53d44eed\",\"name\":\"V\u00e9ronique Darmangeat\",\"image\":{\"@type\":\"ImageObject\",\"inLanguage\":\"fr-FR\",\"@id\":\"https:\\\/\\\/secure.gravatar.com\\\/avatar\\\/268c99344c89cebfe4f5df5fa8be43068a18884fc76a29f3206fae98465b9cab?s=96&d=identicon&r=g\",\"url\":\"https:\\\/\\\/secure.gravatar.com\\\/avatar\\\/268c99344c89cebfe4f5df5fa8be43068a18884fc76a29f3206fae98465b9cab?s=96&d=identicon&r=g\",\"contentUrl\":\"https:\\\/\\\/secure.gravatar.com\\\/avatar\\\/268c99344c89cebfe4f5df5fa8be43068a18884fc76a29f3206fae98465b9cab?s=96&d=identicon&r=g\",\"caption\":\"V\u00e9ronique Darmangeat\"},\"sameAs\":[\"https:\\\/\\\/www.lactissima.com\\\/a-tire-d-ailes\",\"www.facebook.com\\\/consultante.en.lactation\"]}]}<\/script>\n<!-- \/ Yoast SEO plugin. -->","yoast_head_json":{"title":"r\u00e9flexions allaitement","description":"Il est fr\u00e9quent d'entendre des r\u00e9flexions allaitement dr\u00f4les, d\u00e9sagr\u00e9ables ou stupides sur l'allaitement.","robots":{"index":"index","follow":"follow","max-snippet":"max-snippet:-1","max-image-preview":"max-image-preview:large","max-video-preview":"max-video-preview:-1"},"canonical":"https:\/\/www.lactissima.com\/a-tire-d-ailes\/reflexions-allaitement\/","og_locale":"fr_FR","og_type":"article","og_title":"r\u00e9flexions allaitement","og_description":"Il est fr\u00e9quent d'entendre des r\u00e9flexions allaitement dr\u00f4les, d\u00e9sagr\u00e9ables ou stupides sur l'allaitement.","og_url":"https:\/\/www.lactissima.com\/a-tire-d-ailes\/reflexions-allaitement\/","og_site_name":"A tire d&#039;Ailes","article_publisher":"https:\/\/www.facebook.com\/consultante.en.lactation","article_author":"www.facebook.com\/consultante.en.lactation","article_published_time":"2010-07-17T14:37:35+00:00","article_modified_time":"2014-03-15T15:01:57+00:00","og_image":[{"width":375,"height":500,"url":"https:\/\/www.lactissima.com\/a-tire-d-ailes\/wp-content\/uploads\/phrases.jpg","type":"image\/jpeg"}],"author":"V\u00e9ronique Darmangeat","twitter_card":"summary_large_image","twitter_creator":"@VeroniqueIBCLC","twitter_site":"@VeroniqueIBCLC","twitter_misc":{"\u00c9crit par":"V\u00e9ronique Darmangeat","Dur\u00e9e de lecture estim\u00e9e":"4 minutes"},"schema":{"@context":"https:\/\/schema.org","@graph":[{"@type":"Article","@id":"https:\/\/www.lactissima.com\/a-tire-d-ailes\/reflexions-allaitement\/#article","isPartOf":{"@id":"https:\/\/www.lactissima.com\/a-tire-d-ailes\/reflexions-allaitement\/"},"author":{"name":"V\u00e9ronique Darmangeat","@id":"https:\/\/www.lactissima.com\/a-tire-d-ailes\/#\/schema\/person\/8f98d3a89530861bc1240e6d53d44eed"},"headline":"Petites phrases assassines","datePublished":"2010-07-17T14:37:35+00:00","dateModified":"2014-03-15T15:01:57+00:00","mainEntityOfPage":{"@id":"https:\/\/www.lactissima.com\/a-tire-d-ailes\/reflexions-allaitement\/"},"wordCount":745,"commentCount":101,"image":{"@id":"https:\/\/www.lactissima.com\/a-tire-d-ailes\/reflexions-allaitement\/#primaryimage"},"thumbnailUrl":"https:\/\/www.lactissima.com\/a-tire-d-ailes\/wp-content\/uploads\/phrases.jpg","keywords":["Allaitement","petites phrases","r\u00e9flexions"],"articleSection":["Allaitement","Anecdotes"],"inLanguage":"fr-FR","potentialAction":[{"@type":"CommentAction","name":"Comment","target":["https:\/\/www.lactissima.com\/a-tire-d-ailes\/reflexions-allaitement\/#respond"]}]},{"@type":"WebPage","@id":"https:\/\/www.lactissima.com\/a-tire-d-ailes\/reflexions-allaitement\/","url":"https:\/\/www.lactissima.com\/a-tire-d-ailes\/reflexions-allaitement\/","name":"r\u00e9flexions allaitement","isPartOf":{"@id":"https:\/\/www.lactissima.com\/a-tire-d-ailes\/#website"},"primaryImageOfPage":{"@id":"https:\/\/www.lactissima.com\/a-tire-d-ailes\/reflexions-allaitement\/#primaryimage"},"image":{"@id":"https:\/\/www.lactissima.com\/a-tire-d-ailes\/reflexions-allaitement\/#primaryimage"},"thumbnailUrl":"https:\/\/www.lactissima.com\/a-tire-d-ailes\/wp-content\/uploads\/phrases.jpg","datePublished":"2010-07-17T14:37:35+00:00","dateModified":"2014-03-15T15:01:57+00:00","author":{"@id":"https:\/\/www.lactissima.com\/a-tire-d-ailes\/#\/schema\/person\/8f98d3a89530861bc1240e6d53d44eed"},"description":"Il est fr\u00e9quent d'entendre des r\u00e9flexions allaitement dr\u00f4les, d\u00e9sagr\u00e9ables ou stupides sur l'allaitement.","breadcrumb":{"@id":"https:\/\/www.lactissima.com\/a-tire-d-ailes\/reflexions-allaitement\/#breadcrumb"},"inLanguage":"fr-FR","potentialAction":[{"@type":"ReadAction","target":["https:\/\/www.lactissima.com\/a-tire-d-ailes\/reflexions-allaitement\/"]}]},{"@type":"ImageObject","inLanguage":"fr-FR","@id":"https:\/\/www.lactissima.com\/a-tire-d-ailes\/reflexions-allaitement\/#primaryimage","url":"https:\/\/www.lactissima.com\/a-tire-d-ailes\/wp-content\/uploads\/phrases.jpg","contentUrl":"https:\/\/www.lactissima.com\/a-tire-d-ailes\/wp-content\/uploads\/phrases.jpg","width":"375","height":"500"},{"@type":"BreadcrumbList","@id":"https:\/\/www.lactissima.com\/a-tire-d-ailes\/reflexions-allaitement\/#breadcrumb","itemListElement":[{"@type":"ListItem","position":1,"name":"Accueil","item":"https:\/\/www.lactissima.com\/a-tire-d-ailes\/"},{"@type":"ListItem","position":2,"name":"Petites phrases assassines"}]},{"@type":"WebSite","@id":"https:\/\/www.lactissima.com\/a-tire-d-ailes\/#website","url":"https:\/\/www.lactissima.com\/a-tire-d-ailes\/","name":"A tire d&#039;Ailes","description":"Le blog des femmes qui allaitent et travaillent.","potentialAction":[{"@type":"SearchAction","target":{"@type":"EntryPoint","urlTemplate":"https:\/\/www.lactissima.com\/a-tire-d-ailes\/?s={search_term_string}"},"query-input":{"@type":"PropertyValueSpecification","valueRequired":true,"valueName":"search_term_string"}}],"inLanguage":"fr-FR"},{"@type":"Person","@id":"https:\/\/www.lactissima.com\/a-tire-d-ailes\/#\/schema\/person\/8f98d3a89530861bc1240e6d53d44eed","name":"V\u00e9ronique Darmangeat","image":{"@type":"ImageObject","inLanguage":"fr-FR","@id":"https:\/\/secure.gravatar.com\/avatar\/268c99344c89cebfe4f5df5fa8be43068a18884fc76a29f3206fae98465b9cab?s=96&d=identicon&r=g","url":"https:\/\/secure.gravatar.com\/avatar\/268c99344c89cebfe4f5df5fa8be43068a18884fc76a29f3206fae98465b9cab?s=96&d=identicon&r=g","contentUrl":"https:\/\/secure.gravatar.com\/avatar\/268c99344c89cebfe4f5df5fa8be43068a18884fc76a29f3206fae98465b9cab?s=96&d=identicon&r=g","caption":"V\u00e9ronique Darmangeat"},"sameAs":["https:\/\/www.lactissima.com\/a-tire-d-ailes","www.facebook.com\/consultante.en.lactation"]}]}},"_links":{"self":[{"href":"https:\/\/www.lactissima.com\/a-tire-d-ailes\/wp-json\/wp\/v2\/posts\/1517","targetHints":{"allow":["GET"]}}],"collection":[{"href":"https:\/\/www.lactissima.com\/a-tire-d-ailes\/wp-json\/wp\/v2\/posts"}],"about":[{"href":"https:\/\/www.lactissima.com\/a-tire-d-ailes\/wp-json\/wp\/v2\/types\/post"}],"author":[{"embeddable":true,"href":"https:\/\/www.lactissima.com\/a-tire-d-ailes\/wp-json\/wp\/v2\/users\/170"}],"replies":[{"embeddable":true,"href":"https:\/\/www.lactissima.com\/a-tire-d-ailes\/wp-json\/wp\/v2\/comments?post=1517"}],"version-history":[{"count":17,"href":"https:\/\/www.lactissima.com\/a-tire-d-ailes\/wp-json\/wp\/v2\/posts\/1517\/revisions"}],"predecessor-version":[{"id":5454,"href":"https:\/\/www.lactissima.com\/a-tire-d-ailes\/wp-json\/wp\/v2\/posts\/1517\/revisions\/5454"}],"wp:featuredmedia":[{"embeddable":true,"href":"https:\/\/www.lactissima.com\/a-tire-d-ailes\/wp-json\/wp\/v2\/media\/1518"}],"wp:attachment":[{"href":"https:\/\/www.lactissima.com\/a-tire-d-ailes\/wp-json\/wp\/v2\/media?parent=1517"}],"wp:term":[{"taxonomy":"category","embeddable":true,"href":"https:\/\/www.lactissima.com\/a-tire-d-ailes\/wp-json\/wp\/v2\/categories?post=1517"},{"taxonomy":"post_tag","embeddable":true,"href":"https:\/\/www.lactissima.com\/a-tire-d-ailes\/wp-json\/wp\/v2\/tags?post=1517"}],"curies":[{"name":"wp","href":"https:\/\/api.w.org\/{rel}","templated":true}]}}