{"id":1508,"date":"2010-07-10T11:22:29","date_gmt":"2010-07-10T09:22:29","guid":{"rendered":"https:\/\/www.lactissima.com\/a-tire-d-ailes\/?p=1508"},"modified":"2014-03-15T17:02:07","modified_gmt":"2014-03-15T15:02:07","slug":"allaiter-et-travailler-le-temoignage-de-sophie-2","status":"publish","type":"post","link":"https:\/\/www.lactissima.com\/a-tire-d-ailes\/allaiter-et-travailler-le-temoignage-de-sophie-2\/","title":{"rendered":"Allaiter et travailler : le t\u00e9moignage de Sophie"},"content":{"rendered":"<ul>\n<li style=\"text-align: justify;\"><strong><a href=\"https:\/\/www.lactissima.com\/a-tire-d-ailes\/wp-content\/uploads\/2010\/07\/sophie.jpg\"><img loading=\"lazy\" decoding=\"async\" class=\"alignright size-full wp-image-4525\" alt=\"sophie\" src=\"https:\/\/www.lactissima.com\/a-tire-d-ailes\/wp-content\/uploads\/2010\/07\/sophie.jpg\" width=\"170\" height=\"373\" \/><\/a>Quel choix avez-vous fait au moment de la reprise du travail : sevrage ou poursuite de l&rsquo;allaitement ? Pourquoi ?<\/strong><\/li>\n<\/ul>\n<p style=\"text-align: justify;\">Encore enceinte j&rsquo;\u00e9tais d\u00e9cid\u00e9e \u00e0 poursuivre l&rsquo;allaitement apr\u00e8s la reprise du travail. J&rsquo;avais gard\u00e9 un souvenir frustrant du sevrage de mon ain\u00e9e. Stress\u00e9e, j&rsquo;avais tenu \u00e0 introduire les biberons avant la reprise. En quinze jours elle \u00e9tait totalement sevr\u00e9e s\u00e9duite par la facilit\u00e9 qu&rsquo; offrait le biberon. Une v\u00e9ritable d\u00e9ception pour moi. Alors pour ma seconde grossesse, j&rsquo;ai pris les devants. J&rsquo;ai fait appel \u00e0 une consultante qui m&rsquo;avait aid\u00e9 pour mon premier allaitement  (V\u00e9ronique) afin d&rsquo;\u00e9viter tous les petits soucis de d\u00e9marrage ( mise au sein, ouverture de la bouche, fr\u00e9quence des t\u00e9t\u00e9es&#8230;). Elle m&rsquo;a \u00e9t\u00e9 d&rsquo; une grande aide et reste un pr\u00e9cieux soutien. J&rsquo;ai \u00e9galement pris conseil pour le sevrage et le tire-lait. Je voulais tellement allaiter apr\u00e8s la reprise du travail que j&rsquo;ai suivi ses conseils : je n&rsquo;ai pr\u00e9sent\u00e9 aucun biberon avant le jour fatidique de la reprise. Il ne s&rsquo;agissait pas d&rsquo;un acharnement mais tous les deux nous prenions et prenons encore beaucoup de plaisir dans cet allaitement malgr\u00e9 les difficult\u00e9s de mise en route ( deux mastites en deux semaines).  De plus apr\u00e8s modification de mon cong\u00e9 maternit\u00e9 je n&rsquo;ai repris le travail qu&rsquo; en avril. Mon fils avait alors cinq mois : un petit mois \u00e0 tenir jusqu&rsquo;\u00e0 ses six mois, cela valait la peine de tenter le coup. Enfin comme il souffre d&rsquo; un reflux gastro-oesophagien doubl\u00e9 d&rsquo; une allergie aux prot\u00e9ines de lait de vache, je tenais \u00e0 maintenir un allaitement exclusif au maximum pour \u00e9viter d&rsquo; aggraver la situation.<\/p>\n<ul style=\"text-align: justify;\">\n<li><strong>Comment vous \u00eates-vous organis\u00e9e ?<\/strong><\/li>\n<\/ul>\n<p style=\"text-align: justify;\">Avant la reprise j&rsquo;ai commenc\u00e9 par faire du stock conserv\u00e9 au cong\u00e9lateur par peur de manquer et pour me familiariser avec le tire-lait. Je gardais un mauvais souvenir de ma premi\u00e8re exp\u00e9rience avec le tire-lait manuel d&rsquo; Avent. J&rsquo;ai donc lou\u00e9 sur les conseils de V\u00e9ronique le lactaline d&rsquo; Ameda. Un tr\u00e8s bon tire-lait. A la reprise, j&rsquo;ai demand\u00e9 \u00e0 mon administration de b\u00e9n\u00e9ficier de l&rsquo;heure d&rsquo; allaitement.  Ils \u00e9taient paniqu\u00e9s, n&rsquo;osaient pas refuser mais pr\u00e9f\u00e9raient trouver un autre syst\u00e8me. Finalement j&rsquo;ai b\u00e9n\u00e9fici\u00e9 d&rsquo; un am\u00e9nagement de mon emploi du temps. J&rsquo;ai ainsi pu allaiter le matin avant de partir, le midi car je rentrais chez moi, puis en sortant en fin d&rsquo;apr\u00e8s midi et enfin le soir. Sur place, je tirais mon lait le matin et parfois en d\u00e9but d&rsquo;apr\u00e8s midi. Mon fils n&rsquo;a pratiquement jamais pris de biberons : une situation exceptionnelle qui m&rsquo;a demand\u00e9 de d\u00e9ployer un art de la n\u00e9gociation avec mes chefs. Je reconnais \u00eatre une privil\u00e9gi\u00e9e.<\/p>\n<ul style=\"text-align: justify;\">\n<li><strong>Quelles ont \u00e9t\u00e9 vos principales difficult\u00e9s ?<\/strong><\/li>\n<\/ul>\n<p style=\"text-align: justify;\">La seule v\u00e9ritable difficult\u00e9 \u00e9tait de parvenir \u00e0 tirer mon lait en un temps imparti tr\u00e8s court : 15 minutes pour installer, tirer et ranger. Malgr\u00e9 le stock accumul\u00e9, j&rsquo;\u00e9tais angoiss\u00e9e car j&rsquo;avais peur de manquer de lait et d&rsquo; \u00eatre interrompue, ce qui m&rsquo;est arriv\u00e9 le premier jour lorsqu&rsquo;un coll\u00e8gue est entr\u00e9 dans la salle pourtant ferm\u00e9e \u00e0 clef !  Aux conditions mat\u00e9rielles s&rsquo;ajoute la fatigue li\u00e9e aux nuits tr\u00e8s courtes et \u00e0 la reprise du travail.<\/p>\n<ul style=\"text-align: justify;\">\n<li><strong>Quels ont \u00e9t\u00e9 vos meilleurs moments ?<\/strong><\/li>\n<\/ul>\n<p style=\"text-align: justify;\">Toutes les t\u00e9t\u00e9es sont des moments inoubliables m\u00eame lorsqu&rsquo;elles sont quelque peu agit\u00e9es \u00e0 cause du reflux. Entendre ses petits cris lorsqu&rsquo;il veut t\u00e9ter, voir ses petits yeux rieurs et ses mains s&rsquo;accrocher \u00e0 mon sein puis le sentir s&rsquo;apaiser, se laisser aller et m\u00eame parfois s&rsquo;endormir&#8230; De grands moments de bonheur !<\/p>\n<ul style=\"text-align: justify;\">\n<li><strong>Qu&rsquo;est-ce que vous souhaiteriez dire aux mamans qui doivent faire un choix dans les semaines \u00e0 venir ?<\/strong><\/li>\n<\/ul>\n<p style=\"text-align: justify;\">A toutes ces mamans, je leur conseillerais de faire comme elles le sentent mais \u00a0\u00bb le jeu en vaut la chandelle\u00a0\u00bb. Si elles prennent plaisir \u00e0 allaiter, je leur conseillerais de mettre toutes les chances de leur c\u00f4t\u00e9 en s&rsquo;informant aupr\u00e8s d&rsquo;une consultante en lactation et surtout de ne pas \u00e9couter tout ce qui peut leur \u00eatre dit par le corps m\u00e9dical ou l&rsquo;entourage surtout si l&rsquo;allaitement d\u00e9passe les six mois du b\u00e9b\u00e9. Qu&rsquo;elles profitent pleinement de leur allaitement.<\/p>\n<ul style=\"text-align: justify;\">\n<li><strong>Ce serait \u00e0 refaire, vous referiez le m\u00eame choix ? Que changeriez-vous ?<\/strong><\/li>\n<\/ul>\n<p style=\"text-align: justify;\">Si c&rsquo;\u00e9tait \u00e0 refaire, je referais le m\u00eame choix et je ne changerais rien !! Je suis contente d&rsquo;avoir tenu car maintenant qu&rsquo; est venu le temps des vacances, allaiter offre de nombreux avantages : pas de probl\u00e8mes d&rsquo; intendance, tout est pr\u00eat \u00e0 toute heure et quel que soit l&rsquo;endroit, c&rsquo;est aussi un rem\u00e8de aux \u00ab\u00a0petits malheurs\u00a0\u00bb quotidiens. Et m\u00eame s&rsquo;il faut g\u00e9rer l&rsquo;a\u00een\u00e9e pendant les t\u00e9t\u00e9es, allaiter c&rsquo;est la solution de facilit\u00e9.<\/p>\n<p style=\"text-align: justify;\"><strong>Articles en rapport :<\/strong><\/p>\n<ul>\n<li style=\"text-align: justify;\"><a href=\"https:\/\/www.lactissima.com\/a-tire-d-ailes\/?p=1443\">Allaiter et travailler : le t\u00e9moignage de Sandrine<\/a><\/li>\n<li style=\"text-align: justify;\"><a href=\"https:\/\/www.lactissima.com\/a-tire-d-ailes\/?p=1420\">Allaiter et travailler : le t\u00e9moignage d&rsquo;Agn\u00e8s<\/a><\/li>\n<li style=\"text-align: justify;\"><a href=\"https:\/\/www.lactissima.com\/a-tire-d-ailes\/?p=1333\">Allaiter et travailler : le t\u00e9moignage d&rsquo;une lectrice<\/a><\/li>\n<li style=\"text-align: justify;\"><a href=\"https:\/\/www.lactissima.com\/a-tire-d-ailes\/?p=1169\">Allaiter et travailler : le t\u00e9moignage de Karine<\/a><\/li>\n<li style=\"text-align: justify;\"><a href=\"https:\/\/www.lactissima.com\/a-tire-d-ailes\/?p=1011\">Allaiter et travailler : le t\u00e9moignage de Sylvie<\/a><\/li>\n<li style=\"text-align: justify;\"><a href=\"https:\/\/www.lactissima.com\/a-tire-d-ailes\/?p=903\">Allaiter et travailler : le t\u00e9moignage de Marianne<\/a><\/li>\n<li style=\"text-align: justify;\"><a href=\"https:\/\/www.lactissima.com\/a-tire-d-ailes\/?p=885\">Allaiter et travailler : le t\u00e9moignage de Sabine<\/a><\/li>\n<li style=\"text-align: justify;\"><a href=\"https:\/\/www.lactissima.com\/a-tire-d-ailes\/?p=873\">Allaiter et travailler : le t\u00e9moignage de C\u00e9cile<\/a><\/li>\n<li style=\"text-align: justify;\"><a href=\"https:\/\/www.lactissima.com\/a-tire-d-ailes\/?p=782\">Allaiter et travailler : le t\u00e9moignage de Sophie<\/a><\/li>\n<li style=\"text-align: justify;\"><a href=\"https:\/\/www.lactissima.com\/a-tire-d-ailes\/?p=778\">Allaiter et travailler : le t\u00e9moignage d&rsquo;Alexia<\/a><\/li>\n<li style=\"text-align: justify;\"><a href=\"https:\/\/www.lactissima.com\/a-tire-d-ailes\/?p=730\">Allaiter et travailler : le t\u00e9moignage de Sibylle<\/a><\/li>\n<li style=\"text-align: justify;\"><a href=\"https:\/\/www.lactissima.com\/a-tire-d-ailes\/?p=715\">Allaiter et travailler : le t\u00e9moignage de Clara<\/a><\/li>\n<li style=\"text-align: justify;\"><a href=\"https:\/\/www.lactissima.com\/a-tire-d-ailes\/?p=648\">Allaiter et travailler : le t\u00e9moignage de Florence<\/a><\/li>\n<li style=\"text-align: justify;\"><a href=\"https:\/\/www.lactissima.com\/a-tire-d-ailes\/?p=735\">Allaiter et travailler : le t\u00e9moignage de Virginie<\/a><\/li>\n<li style=\"text-align: justify;\"><a href=\"https:\/\/www.lactissima.com\/a-tire-d-ailes\/?p=771\">Allaiter et travailler : le t\u00e9moignage de B\u00e9atrice<\/a><\/li>\n<\/ul>\n<p>&nbsp;<\/p>\n","protected":false},"excerpt":{"rendered":"<p>Si c&rsquo;\u00e9tait \u00e0 refaire, je referais le m\u00eame choix et je ne changerais rien !! Je suis contente d&rsquo;avoir tenu car maintenant qu&rsquo; est venu le temps des vacances, allaiter offre de nombreux avantages : pas de probl\u00e8mes d&rsquo; intendance, tout est pr\u00eat \u00e0 toute heure et quel que soit l&rsquo;endroit, c&rsquo;est aussi un rem\u00e8de aux \u00ab\u00a0petits malheurs\u00a0\u00bb quotidiens. <\/p>\n","protected":false},"author":170,"featured_media":4525,"comment_status":"open","ping_status":"open","sticky":false,"template":"","format":"standard","meta":{"_et_pb_use_builder":"","_et_pb_old_content":"","_et_gb_content_width":"","footnotes":""},"categories":[35,36,150],"tags":[187,192,227,91,57],"class_list":["post-1508","post","type-post","status-publish","format-standard","has-post-thumbnail","hentry","category-allaitement","category-allaitement-et-travail","category-temoignages","tag-allaiter-et-travailler","tag-rgo","tag-stock","tag-tetees","tag-tire-lait"],"yoast_head":"<!-- This site is optimized with the Yoast SEO plugin v27.4 - https:\/\/yoast.com\/product\/yoast-seo-wordpress\/ -->\n<title>Allaiter et travailler : le t\u00e9moignage de Sophie<\/title>\n<meta name=\"description\" content=\"Si c&#039;\u00e9tait \u00e0 refaire, je referais le m\u00eame choix et je ne changerais rien !! Je suis contente d&#039;avoir tenu car maintenant qu&#039; est venu le temps des vacances, allaiter offre de nombreux avantages : pas de probl\u00e8mes d&#039; intendance, tout est pr\u00eat \u00e0 toute heure et quel que soit l&#039;endroit, c&#039;est aussi un rem\u00e8de aux &quot;petits malheurs&quot; quotidiens.\" \/>\n<meta name=\"robots\" content=\"index, follow, max-snippet:-1, max-image-preview:large, max-video-preview:-1\" \/>\n<link rel=\"canonical\" href=\"https:\/\/www.lactissima.com\/a-tire-d-ailes\/allaiter-et-travailler-le-temoignage-de-sophie-2\/\" \/>\n<meta property=\"og:locale\" content=\"fr_FR\" \/>\n<meta property=\"og:type\" content=\"article\" \/>\n<meta property=\"og:title\" content=\"Allaiter et travailler : le t\u00e9moignage de Sophie\" \/>\n<meta property=\"og:description\" content=\"Si c&#039;\u00e9tait \u00e0 refaire, je referais le m\u00eame choix et je ne changerais rien !! Je suis contente d&#039;avoir tenu car maintenant qu&#039; est venu le temps des vacances, allaiter offre de nombreux avantages : pas de probl\u00e8mes d&#039; intendance, tout est pr\u00eat \u00e0 toute heure et quel que soit l&#039;endroit, c&#039;est aussi un rem\u00e8de aux &quot;petits malheurs&quot; quotidiens.\" \/>\n<meta property=\"og:url\" content=\"https:\/\/www.lactissima.com\/a-tire-d-ailes\/allaiter-et-travailler-le-temoignage-de-sophie-2\/\" \/>\n<meta property=\"og:site_name\" content=\"A tire d&#039;Ailes\" \/>\n<meta property=\"article:publisher\" content=\"https:\/\/www.facebook.com\/consultante.en.lactation\" \/>\n<meta property=\"article:author\" content=\"www.facebook.com\/consultante.en.lactation\" \/>\n<meta property=\"article:published_time\" content=\"2010-07-10T09:22:29+00:00\" \/>\n<meta property=\"article:modified_time\" content=\"2014-03-15T15:02:07+00:00\" \/>\n<meta property=\"og:image\" content=\"https:\/\/www.lactissima.com\/a-tire-d-ailes\/wp-content\/uploads\/2010\/07\/sophie.jpg\" \/>\n\t<meta property=\"og:image:width\" content=\"170\" \/>\n\t<meta property=\"og:image:height\" content=\"373\" \/>\n\t<meta property=\"og:image:type\" content=\"image\/jpeg\" \/>\n<meta name=\"author\" content=\"V\u00e9ronique Darmangeat\" \/>\n<meta name=\"twitter:card\" content=\"summary_large_image\" \/>\n<meta name=\"twitter:creator\" content=\"@VeroniqueIBCLC\" \/>\n<meta name=\"twitter:site\" content=\"@VeroniqueIBCLC\" \/>\n<meta name=\"twitter:label1\" content=\"\u00c9crit par\" \/>\n\t<meta name=\"twitter:data1\" content=\"V\u00e9ronique Darmangeat\" \/>\n\t<meta name=\"twitter:label2\" content=\"Dur\u00e9e de lecture estim\u00e9e\" \/>\n\t<meta name=\"twitter:data2\" content=\"5 minutes\" \/>\n<script type=\"application\/ld+json\" class=\"yoast-schema-graph\">{\"@context\":\"https:\\\/\\\/schema.org\",\"@graph\":[{\"@type\":\"Article\",\"@id\":\"https:\\\/\\\/www.lactissima.com\\\/a-tire-d-ailes\\\/allaiter-et-travailler-le-temoignage-de-sophie-2\\\/#article\",\"isPartOf\":{\"@id\":\"https:\\\/\\\/www.lactissima.com\\\/a-tire-d-ailes\\\/allaiter-et-travailler-le-temoignage-de-sophie-2\\\/\"},\"author\":{\"name\":\"V\u00e9ronique Darmangeat\",\"@id\":\"https:\\\/\\\/www.lactissima.com\\\/a-tire-d-ailes\\\/#\\\/schema\\\/person\\\/8f98d3a89530861bc1240e6d53d44eed\"},\"headline\":\"Allaiter et travailler : le t\u00e9moignage de Sophie\",\"datePublished\":\"2010-07-10T09:22:29+00:00\",\"dateModified\":\"2014-03-15T15:02:07+00:00\",\"mainEntityOfPage\":{\"@id\":\"https:\\\/\\\/www.lactissima.com\\\/a-tire-d-ailes\\\/allaiter-et-travailler-le-temoignage-de-sophie-2\\\/\"},\"wordCount\":988,\"commentCount\":0,\"image\":{\"@id\":\"https:\\\/\\\/www.lactissima.com\\\/a-tire-d-ailes\\\/allaiter-et-travailler-le-temoignage-de-sophie-2\\\/#primaryimage\"},\"thumbnailUrl\":\"https:\\\/\\\/www.lactissima.com\\\/a-tire-d-ailes\\\/wp-content\\\/uploads\\\/2010\\\/07\\\/sophie.jpg\",\"keywords\":[\"allaiter et travailler\",\"RGO\",\"stock\",\"t\u00e9t\u00e9es\",\"tire-lait\"],\"articleSection\":[\"Allaitement\",\"Allaitement et Travail\",\"t\u00e9moignages\"],\"inLanguage\":\"fr-FR\",\"potentialAction\":[{\"@type\":\"CommentAction\",\"name\":\"Comment\",\"target\":[\"https:\\\/\\\/www.lactissima.com\\\/a-tire-d-ailes\\\/allaiter-et-travailler-le-temoignage-de-sophie-2\\\/#respond\"]}]},{\"@type\":\"WebPage\",\"@id\":\"https:\\\/\\\/www.lactissima.com\\\/a-tire-d-ailes\\\/allaiter-et-travailler-le-temoignage-de-sophie-2\\\/\",\"url\":\"https:\\\/\\\/www.lactissima.com\\\/a-tire-d-ailes\\\/allaiter-et-travailler-le-temoignage-de-sophie-2\\\/\",\"name\":\"Allaiter et travailler : le t\u00e9moignage de Sophie\",\"isPartOf\":{\"@id\":\"https:\\\/\\\/www.lactissima.com\\\/a-tire-d-ailes\\\/#website\"},\"primaryImageOfPage\":{\"@id\":\"https:\\\/\\\/www.lactissima.com\\\/a-tire-d-ailes\\\/allaiter-et-travailler-le-temoignage-de-sophie-2\\\/#primaryimage\"},\"image\":{\"@id\":\"https:\\\/\\\/www.lactissima.com\\\/a-tire-d-ailes\\\/allaiter-et-travailler-le-temoignage-de-sophie-2\\\/#primaryimage\"},\"thumbnailUrl\":\"https:\\\/\\\/www.lactissima.com\\\/a-tire-d-ailes\\\/wp-content\\\/uploads\\\/2010\\\/07\\\/sophie.jpg\",\"datePublished\":\"2010-07-10T09:22:29+00:00\",\"dateModified\":\"2014-03-15T15:02:07+00:00\",\"author\":{\"@id\":\"https:\\\/\\\/www.lactissima.com\\\/a-tire-d-ailes\\\/#\\\/schema\\\/person\\\/8f98d3a89530861bc1240e6d53d44eed\"},\"description\":\"Si c'\u00e9tait \u00e0 refaire, je referais le m\u00eame choix et je ne changerais rien !! Je suis contente d'avoir tenu car maintenant qu' est venu le temps des vacances, allaiter offre de nombreux avantages : pas de probl\u00e8mes d' intendance, tout est pr\u00eat \u00e0 toute heure et quel que soit l'endroit, c'est aussi un rem\u00e8de aux \\\"petits malheurs\\\" quotidiens.\",\"breadcrumb\":{\"@id\":\"https:\\\/\\\/www.lactissima.com\\\/a-tire-d-ailes\\\/allaiter-et-travailler-le-temoignage-de-sophie-2\\\/#breadcrumb\"},\"inLanguage\":\"fr-FR\",\"potentialAction\":[{\"@type\":\"ReadAction\",\"target\":[\"https:\\\/\\\/www.lactissima.com\\\/a-tire-d-ailes\\\/allaiter-et-travailler-le-temoignage-de-sophie-2\\\/\"]}]},{\"@type\":\"ImageObject\",\"inLanguage\":\"fr-FR\",\"@id\":\"https:\\\/\\\/www.lactissima.com\\\/a-tire-d-ailes\\\/allaiter-et-travailler-le-temoignage-de-sophie-2\\\/#primaryimage\",\"url\":\"https:\\\/\\\/www.lactissima.com\\\/a-tire-d-ailes\\\/wp-content\\\/uploads\\\/2010\\\/07\\\/sophie.jpg\",\"contentUrl\":\"https:\\\/\\\/www.lactissima.com\\\/a-tire-d-ailes\\\/wp-content\\\/uploads\\\/2010\\\/07\\\/sophie.jpg\",\"width\":170,\"height\":373},{\"@type\":\"BreadcrumbList\",\"@id\":\"https:\\\/\\\/www.lactissima.com\\\/a-tire-d-ailes\\\/allaiter-et-travailler-le-temoignage-de-sophie-2\\\/#breadcrumb\",\"itemListElement\":[{\"@type\":\"ListItem\",\"position\":1,\"name\":\"Accueil\",\"item\":\"https:\\\/\\\/www.lactissima.com\\\/a-tire-d-ailes\\\/\"},{\"@type\":\"ListItem\",\"position\":2,\"name\":\"Allaiter et travailler : le t\u00e9moignage de Sophie\"}]},{\"@type\":\"WebSite\",\"@id\":\"https:\\\/\\\/www.lactissima.com\\\/a-tire-d-ailes\\\/#website\",\"url\":\"https:\\\/\\\/www.lactissima.com\\\/a-tire-d-ailes\\\/\",\"name\":\"A tire d&#039;Ailes\",\"description\":\"Le blog des femmes qui allaitent et travaillent.\",\"potentialAction\":[{\"@type\":\"SearchAction\",\"target\":{\"@type\":\"EntryPoint\",\"urlTemplate\":\"https:\\\/\\\/www.lactissima.com\\\/a-tire-d-ailes\\\/?s={search_term_string}\"},\"query-input\":{\"@type\":\"PropertyValueSpecification\",\"valueRequired\":true,\"valueName\":\"search_term_string\"}}],\"inLanguage\":\"fr-FR\"},{\"@type\":\"Person\",\"@id\":\"https:\\\/\\\/www.lactissima.com\\\/a-tire-d-ailes\\\/#\\\/schema\\\/person\\\/8f98d3a89530861bc1240e6d53d44eed\",\"name\":\"V\u00e9ronique Darmangeat\",\"image\":{\"@type\":\"ImageObject\",\"inLanguage\":\"fr-FR\",\"@id\":\"https:\\\/\\\/secure.gravatar.com\\\/avatar\\\/268c99344c89cebfe4f5df5fa8be43068a18884fc76a29f3206fae98465b9cab?s=96&d=identicon&r=g\",\"url\":\"https:\\\/\\\/secure.gravatar.com\\\/avatar\\\/268c99344c89cebfe4f5df5fa8be43068a18884fc76a29f3206fae98465b9cab?s=96&d=identicon&r=g\",\"contentUrl\":\"https:\\\/\\\/secure.gravatar.com\\\/avatar\\\/268c99344c89cebfe4f5df5fa8be43068a18884fc76a29f3206fae98465b9cab?s=96&d=identicon&r=g\",\"caption\":\"V\u00e9ronique Darmangeat\"},\"sameAs\":[\"https:\\\/\\\/www.lactissima.com\\\/a-tire-d-ailes\",\"www.facebook.com\\\/consultante.en.lactation\"]}]}<\/script>\n<!-- \/ Yoast SEO plugin. -->","yoast_head_json":{"title":"Allaiter et travailler : le t\u00e9moignage de Sophie","description":"Si c'\u00e9tait \u00e0 refaire, je referais le m\u00eame choix et je ne changerais rien !! Je suis contente d'avoir tenu car maintenant qu' est venu le temps des vacances, allaiter offre de nombreux avantages : pas de probl\u00e8mes d' intendance, tout est pr\u00eat \u00e0 toute heure et quel que soit l'endroit, c'est aussi un rem\u00e8de aux \"petits malheurs\" quotidiens.","robots":{"index":"index","follow":"follow","max-snippet":"max-snippet:-1","max-image-preview":"max-image-preview:large","max-video-preview":"max-video-preview:-1"},"canonical":"https:\/\/www.lactissima.com\/a-tire-d-ailes\/allaiter-et-travailler-le-temoignage-de-sophie-2\/","og_locale":"fr_FR","og_type":"article","og_title":"Allaiter et travailler : le t\u00e9moignage de Sophie","og_description":"Si c'\u00e9tait \u00e0 refaire, je referais le m\u00eame choix et je ne changerais rien !! Je suis contente d'avoir tenu car maintenant qu' est venu le temps des vacances, allaiter offre de nombreux avantages : pas de probl\u00e8mes d' intendance, tout est pr\u00eat \u00e0 toute heure et quel que soit l'endroit, c'est aussi un rem\u00e8de aux \"petits malheurs\" quotidiens.","og_url":"https:\/\/www.lactissima.com\/a-tire-d-ailes\/allaiter-et-travailler-le-temoignage-de-sophie-2\/","og_site_name":"A tire d&#039;Ailes","article_publisher":"https:\/\/www.facebook.com\/consultante.en.lactation","article_author":"www.facebook.com\/consultante.en.lactation","article_published_time":"2010-07-10T09:22:29+00:00","article_modified_time":"2014-03-15T15:02:07+00:00","og_image":[{"width":170,"height":373,"url":"https:\/\/www.lactissima.com\/a-tire-d-ailes\/wp-content\/uploads\/2010\/07\/sophie.jpg","type":"image\/jpeg"}],"author":"V\u00e9ronique Darmangeat","twitter_card":"summary_large_image","twitter_creator":"@VeroniqueIBCLC","twitter_site":"@VeroniqueIBCLC","twitter_misc":{"\u00c9crit par":"V\u00e9ronique Darmangeat","Dur\u00e9e de lecture estim\u00e9e":"5 minutes"},"schema":{"@context":"https:\/\/schema.org","@graph":[{"@type":"Article","@id":"https:\/\/www.lactissima.com\/a-tire-d-ailes\/allaiter-et-travailler-le-temoignage-de-sophie-2\/#article","isPartOf":{"@id":"https:\/\/www.lactissima.com\/a-tire-d-ailes\/allaiter-et-travailler-le-temoignage-de-sophie-2\/"},"author":{"name":"V\u00e9ronique Darmangeat","@id":"https:\/\/www.lactissima.com\/a-tire-d-ailes\/#\/schema\/person\/8f98d3a89530861bc1240e6d53d44eed"},"headline":"Allaiter et travailler : le t\u00e9moignage de Sophie","datePublished":"2010-07-10T09:22:29+00:00","dateModified":"2014-03-15T15:02:07+00:00","mainEntityOfPage":{"@id":"https:\/\/www.lactissima.com\/a-tire-d-ailes\/allaiter-et-travailler-le-temoignage-de-sophie-2\/"},"wordCount":988,"commentCount":0,"image":{"@id":"https:\/\/www.lactissima.com\/a-tire-d-ailes\/allaiter-et-travailler-le-temoignage-de-sophie-2\/#primaryimage"},"thumbnailUrl":"https:\/\/www.lactissima.com\/a-tire-d-ailes\/wp-content\/uploads\/2010\/07\/sophie.jpg","keywords":["allaiter et travailler","RGO","stock","t\u00e9t\u00e9es","tire-lait"],"articleSection":["Allaitement","Allaitement et Travail","t\u00e9moignages"],"inLanguage":"fr-FR","potentialAction":[{"@type":"CommentAction","name":"Comment","target":["https:\/\/www.lactissima.com\/a-tire-d-ailes\/allaiter-et-travailler-le-temoignage-de-sophie-2\/#respond"]}]},{"@type":"WebPage","@id":"https:\/\/www.lactissima.com\/a-tire-d-ailes\/allaiter-et-travailler-le-temoignage-de-sophie-2\/","url":"https:\/\/www.lactissima.com\/a-tire-d-ailes\/allaiter-et-travailler-le-temoignage-de-sophie-2\/","name":"Allaiter et travailler : le t\u00e9moignage de Sophie","isPartOf":{"@id":"https:\/\/www.lactissima.com\/a-tire-d-ailes\/#website"},"primaryImageOfPage":{"@id":"https:\/\/www.lactissima.com\/a-tire-d-ailes\/allaiter-et-travailler-le-temoignage-de-sophie-2\/#primaryimage"},"image":{"@id":"https:\/\/www.lactissima.com\/a-tire-d-ailes\/allaiter-et-travailler-le-temoignage-de-sophie-2\/#primaryimage"},"thumbnailUrl":"https:\/\/www.lactissima.com\/a-tire-d-ailes\/wp-content\/uploads\/2010\/07\/sophie.jpg","datePublished":"2010-07-10T09:22:29+00:00","dateModified":"2014-03-15T15:02:07+00:00","author":{"@id":"https:\/\/www.lactissima.com\/a-tire-d-ailes\/#\/schema\/person\/8f98d3a89530861bc1240e6d53d44eed"},"description":"Si c'\u00e9tait \u00e0 refaire, je referais le m\u00eame choix et je ne changerais rien !! Je suis contente d'avoir tenu car maintenant qu' est venu le temps des vacances, allaiter offre de nombreux avantages : pas de probl\u00e8mes d' intendance, tout est pr\u00eat \u00e0 toute heure et quel que soit l'endroit, c'est aussi un rem\u00e8de aux \"petits malheurs\" quotidiens.","breadcrumb":{"@id":"https:\/\/www.lactissima.com\/a-tire-d-ailes\/allaiter-et-travailler-le-temoignage-de-sophie-2\/#breadcrumb"},"inLanguage":"fr-FR","potentialAction":[{"@type":"ReadAction","target":["https:\/\/www.lactissima.com\/a-tire-d-ailes\/allaiter-et-travailler-le-temoignage-de-sophie-2\/"]}]},{"@type":"ImageObject","inLanguage":"fr-FR","@id":"https:\/\/www.lactissima.com\/a-tire-d-ailes\/allaiter-et-travailler-le-temoignage-de-sophie-2\/#primaryimage","url":"https:\/\/www.lactissima.com\/a-tire-d-ailes\/wp-content\/uploads\/2010\/07\/sophie.jpg","contentUrl":"https:\/\/www.lactissima.com\/a-tire-d-ailes\/wp-content\/uploads\/2010\/07\/sophie.jpg","width":170,"height":373},{"@type":"BreadcrumbList","@id":"https:\/\/www.lactissima.com\/a-tire-d-ailes\/allaiter-et-travailler-le-temoignage-de-sophie-2\/#breadcrumb","itemListElement":[{"@type":"ListItem","position":1,"name":"Accueil","item":"https:\/\/www.lactissima.com\/a-tire-d-ailes\/"},{"@type":"ListItem","position":2,"name":"Allaiter et travailler : le t\u00e9moignage de Sophie"}]},{"@type":"WebSite","@id":"https:\/\/www.lactissima.com\/a-tire-d-ailes\/#website","url":"https:\/\/www.lactissima.com\/a-tire-d-ailes\/","name":"A tire d&#039;Ailes","description":"Le blog des femmes qui allaitent et travaillent.","potentialAction":[{"@type":"SearchAction","target":{"@type":"EntryPoint","urlTemplate":"https:\/\/www.lactissima.com\/a-tire-d-ailes\/?s={search_term_string}"},"query-input":{"@type":"PropertyValueSpecification","valueRequired":true,"valueName":"search_term_string"}}],"inLanguage":"fr-FR"},{"@type":"Person","@id":"https:\/\/www.lactissima.com\/a-tire-d-ailes\/#\/schema\/person\/8f98d3a89530861bc1240e6d53d44eed","name":"V\u00e9ronique Darmangeat","image":{"@type":"ImageObject","inLanguage":"fr-FR","@id":"https:\/\/secure.gravatar.com\/avatar\/268c99344c89cebfe4f5df5fa8be43068a18884fc76a29f3206fae98465b9cab?s=96&d=identicon&r=g","url":"https:\/\/secure.gravatar.com\/avatar\/268c99344c89cebfe4f5df5fa8be43068a18884fc76a29f3206fae98465b9cab?s=96&d=identicon&r=g","contentUrl":"https:\/\/secure.gravatar.com\/avatar\/268c99344c89cebfe4f5df5fa8be43068a18884fc76a29f3206fae98465b9cab?s=96&d=identicon&r=g","caption":"V\u00e9ronique Darmangeat"},"sameAs":["https:\/\/www.lactissima.com\/a-tire-d-ailes","www.facebook.com\/consultante.en.lactation"]}]}},"_links":{"self":[{"href":"https:\/\/www.lactissima.com\/a-tire-d-ailes\/wp-json\/wp\/v2\/posts\/1508","targetHints":{"allow":["GET"]}}],"collection":[{"href":"https:\/\/www.lactissima.com\/a-tire-d-ailes\/wp-json\/wp\/v2\/posts"}],"about":[{"href":"https:\/\/www.lactissima.com\/a-tire-d-ailes\/wp-json\/wp\/v2\/types\/post"}],"author":[{"embeddable":true,"href":"https:\/\/www.lactissima.com\/a-tire-d-ailes\/wp-json\/wp\/v2\/users\/170"}],"replies":[{"embeddable":true,"href":"https:\/\/www.lactissima.com\/a-tire-d-ailes\/wp-json\/wp\/v2\/comments?post=1508"}],"version-history":[{"count":12,"href":"https:\/\/www.lactissima.com\/a-tire-d-ailes\/wp-json\/wp\/v2\/posts\/1508\/revisions"}],"predecessor-version":[{"id":5456,"href":"https:\/\/www.lactissima.com\/a-tire-d-ailes\/wp-json\/wp\/v2\/posts\/1508\/revisions\/5456"}],"wp:featuredmedia":[{"embeddable":true,"href":"https:\/\/www.lactissima.com\/a-tire-d-ailes\/wp-json\/wp\/v2\/media\/4525"}],"wp:attachment":[{"href":"https:\/\/www.lactissima.com\/a-tire-d-ailes\/wp-json\/wp\/v2\/media?parent=1508"}],"wp:term":[{"taxonomy":"category","embeddable":true,"href":"https:\/\/www.lactissima.com\/a-tire-d-ailes\/wp-json\/wp\/v2\/categories?post=1508"},{"taxonomy":"post_tag","embeddable":true,"href":"https:\/\/www.lactissima.com\/a-tire-d-ailes\/wp-json\/wp\/v2\/tags?post=1508"}],"curies":[{"name":"wp","href":"https:\/\/api.w.org\/{rel}","templated":true}]}}