{"id":1488,"date":"2010-07-02T15:51:12","date_gmt":"2010-07-02T13:51:12","guid":{"rendered":"https:\/\/www.lactissima.com\/a-tire-d-ailes\/?p=1488"},"modified":"2014-04-18T09:34:16","modified_gmt":"2014-04-18T07:34:16","slug":"bonne-nouvelle","status":"publish","type":"post","link":"https:\/\/www.lactissima.com\/a-tire-d-ailes\/bonne-nouvelle\/","title":{"rendered":"Bonne nouvelle !"},"content":{"rendered":"<p style=\"text-align: center;\"><a href=\"https:\/\/www.lactissima.com\/a-tire-d-ailes\/wp-content\/uploads\/ed-du-hetre.jpg\"><img loading=\"lazy\" decoding=\"async\" class=\"size-full wp-image-1489 aligncenter\" title=\"ed du H\u00eatre\" alt=\"\" src=\"https:\/\/www.lactissima.com\/a-tire-d-ailes\/wp-content\/uploads\/ed-du-hetre.jpg\" width=\"477\" height=\"103\" srcset=\"https:\/\/www.lactissima.com\/a-tire-d-ailes\/wp-content\/uploads\/ed-du-hetre.jpg 624w, https:\/\/www.lactissima.com\/a-tire-d-ailes\/wp-content\/uploads\/ed-du-hetre-300x64.jpg 300w\" sizes=\"(max-width: 477px) 100vw, 477px\" \/><\/a><\/p>\n<p style=\"text-align: center;\">Je suis heureuse de vous annoncer la <strong>sortie <\/strong>au mois d&rsquo;<strong>octobre <\/strong>de mon <strong>livre<\/strong> : <em><strong> <\/strong><\/em><\/p>\n<p style=\"text-align: center;\"><em><strong>Allaiter et reprendre le travail : guide pratique.<\/strong> <\/em>Il sortira aux \u00e9ditions du H\u00eatre.<\/p>\n<p style=\"text-align: justify;\">Il s&rsquo;est nourri des <strong>t\u00e9moignages <\/strong>d&rsquo;un certain nombre d&rsquo;entre vous et je vous en <strong>remercie <\/strong>!<br \/>\nIl s&rsquo;est nourri \u00e9galement de vos <strong>commentaires <\/strong>qui m&rsquo;ont fourni mati\u00e8re \u00e0 <strong>r\u00e9flexion<\/strong>&#8230;<\/p>\n<p style=\"text-align: justify;\">Le manuscrit est d\u00e9sormais entre les mains de l&rsquo;\u00e9diteur et j&rsquo;ai h\u00e2te de le voir <strong>\u00ab\u00a0en vrai\u00a0\u00bb.<\/strong><br \/>\nJe vous <strong>annoncerai <\/strong>sa sortie ici bien s\u00fbr&#8230;<\/p>\n<p>&nbsp;<\/p>\n","protected":false},"excerpt":{"rendered":"<p>Je suis heureuse de vous annoncer la sortie au mois d&rsquo;octobre de mon livre :<\/p>\n<p>Allaiter et reprendre le travail : guide pratique. Il sortira aux \u00e9ditions du H\u00eatre.<\/p>\n","protected":false},"author":170,"featured_media":1489,"comment_status":"open","ping_status":"open","sticky":false,"template":"","format":"standard","meta":{"_et_pb_use_builder":"","_et_pb_old_content":"","_et_gb_content_width":"","footnotes":""},"categories":[34,36,67],"tags":[187,225,226,160],"class_list":["post-1488","post","type-post","status-publish","format-standard","has-post-thumbnail","hentry","category-actualites","category-allaitement-et-travail","category-vie-du-blog","tag-allaiter-et-travailler","tag-editeur","tag-guide-pratique","tag-livre"],"yoast_head":"<!-- This site is optimized with the Yoast SEO plugin v27.4 - https:\/\/yoast.com\/product\/yoast-seo-wordpress\/ -->\n<title>Bonne nouvelle !<\/title>\n<meta name=\"description\" content=\"Je suis heureuse de vous annoncer la sortie au mois d&#039;octobre de mon livre :  Allaiter et reprendre le travail : guide pratique. Il sortira aux \u00e9ditions du H\u00eatre.\" \/>\n<meta name=\"robots\" content=\"index, follow, max-snippet:-1, max-image-preview:large, max-video-preview:-1\" \/>\n<link rel=\"canonical\" href=\"https:\/\/www.lactissima.com\/a-tire-d-ailes\/bonne-nouvelle\/\" \/>\n<meta property=\"og:locale\" content=\"fr_FR\" \/>\n<meta property=\"og:type\" content=\"article\" \/>\n<meta property=\"og:title\" content=\"Bonne nouvelle !\" \/>\n<meta property=\"og:description\" content=\"Je suis heureuse de vous annoncer la sortie au mois d&#039;octobre de mon livre :  Allaiter et reprendre le travail : guide pratique. Il sortira aux \u00e9ditions du H\u00eatre.\" \/>\n<meta property=\"og:url\" content=\"https:\/\/www.lactissima.com\/a-tire-d-ailes\/bonne-nouvelle\/\" \/>\n<meta property=\"og:site_name\" content=\"A tire d&#039;Ailes\" \/>\n<meta property=\"article:publisher\" content=\"https:\/\/www.facebook.com\/consultante.en.lactation\" \/>\n<meta property=\"article:author\" content=\"www.facebook.com\/consultante.en.lactation\" \/>\n<meta property=\"article:published_time\" content=\"2010-07-02T13:51:12+00:00\" \/>\n<meta property=\"article:modified_time\" content=\"2014-04-18T07:34:16+00:00\" \/>\n<meta property=\"og:image\" content=\"https:\/\/www.lactissima.com\/a-tire-d-ailes\/wp-content\/uploads\/ed-du-hetre.jpg\" \/>\n\t<meta property=\"og:image:width\" content=\"624\" \/>\n\t<meta property=\"og:image:height\" content=\"135\" \/>\n\t<meta property=\"og:image:type\" content=\"image\/jpeg\" \/>\n<meta name=\"author\" content=\"V\u00e9ronique Darmangeat\" \/>\n<meta name=\"twitter:card\" content=\"summary_large_image\" \/>\n<meta name=\"twitter:creator\" content=\"@VeroniqueIBCLC\" \/>\n<meta name=\"twitter:site\" content=\"@VeroniqueIBCLC\" \/>\n<meta name=\"twitter:label1\" content=\"\u00c9crit par\" \/>\n\t<meta name=\"twitter:data1\" content=\"V\u00e9ronique Darmangeat\" \/>\n<script type=\"application\/ld+json\" class=\"yoast-schema-graph\">{\"@context\":\"https:\\\/\\\/schema.org\",\"@graph\":[{\"@type\":\"Article\",\"@id\":\"https:\\\/\\\/www.lactissima.com\\\/a-tire-d-ailes\\\/bonne-nouvelle\\\/#article\",\"isPartOf\":{\"@id\":\"https:\\\/\\\/www.lactissima.com\\\/a-tire-d-ailes\\\/bonne-nouvelle\\\/\"},\"author\":{\"name\":\"V\u00e9ronique Darmangeat\",\"@id\":\"https:\\\/\\\/www.lactissima.com\\\/a-tire-d-ailes\\\/#\\\/schema\\\/person\\\/8f98d3a89530861bc1240e6d53d44eed\"},\"headline\":\"Bonne nouvelle !\",\"datePublished\":\"2010-07-02T13:51:12+00:00\",\"dateModified\":\"2014-04-18T07:34:16+00:00\",\"mainEntityOfPage\":{\"@id\":\"https:\\\/\\\/www.lactissima.com\\\/a-tire-d-ailes\\\/bonne-nouvelle\\\/\"},\"wordCount\":97,\"commentCount\":8,\"image\":{\"@id\":\"https:\\\/\\\/www.lactissima.com\\\/a-tire-d-ailes\\\/bonne-nouvelle\\\/#primaryimage\"},\"thumbnailUrl\":\"https:\\\/\\\/www.lactissima.com\\\/a-tire-d-ailes\\\/wp-content\\\/uploads\\\/ed-du-hetre.jpg\",\"keywords\":[\"allaiter et travailler\",\"\u00e9diteur\",\"guide pratique\",\"livre\"],\"articleSection\":[\"Actualit\u00e9s\",\"Allaitement et Travail\",\"Vie du blog\"],\"inLanguage\":\"fr-FR\",\"potentialAction\":[{\"@type\":\"CommentAction\",\"name\":\"Comment\",\"target\":[\"https:\\\/\\\/www.lactissima.com\\\/a-tire-d-ailes\\\/bonne-nouvelle\\\/#respond\"]}]},{\"@type\":\"WebPage\",\"@id\":\"https:\\\/\\\/www.lactissima.com\\\/a-tire-d-ailes\\\/bonne-nouvelle\\\/\",\"url\":\"https:\\\/\\\/www.lactissima.com\\\/a-tire-d-ailes\\\/bonne-nouvelle\\\/\",\"name\":\"Bonne nouvelle !\",\"isPartOf\":{\"@id\":\"https:\\\/\\\/www.lactissima.com\\\/a-tire-d-ailes\\\/#website\"},\"primaryImageOfPage\":{\"@id\":\"https:\\\/\\\/www.lactissima.com\\\/a-tire-d-ailes\\\/bonne-nouvelle\\\/#primaryimage\"},\"image\":{\"@id\":\"https:\\\/\\\/www.lactissima.com\\\/a-tire-d-ailes\\\/bonne-nouvelle\\\/#primaryimage\"},\"thumbnailUrl\":\"https:\\\/\\\/www.lactissima.com\\\/a-tire-d-ailes\\\/wp-content\\\/uploads\\\/ed-du-hetre.jpg\",\"datePublished\":\"2010-07-02T13:51:12+00:00\",\"dateModified\":\"2014-04-18T07:34:16+00:00\",\"author\":{\"@id\":\"https:\\\/\\\/www.lactissima.com\\\/a-tire-d-ailes\\\/#\\\/schema\\\/person\\\/8f98d3a89530861bc1240e6d53d44eed\"},\"description\":\"Je suis heureuse de vous annoncer la sortie au mois d'octobre de mon livre : Allaiter et reprendre le travail : guide pratique. Il sortira aux \u00e9ditions du H\u00eatre.\",\"breadcrumb\":{\"@id\":\"https:\\\/\\\/www.lactissima.com\\\/a-tire-d-ailes\\\/bonne-nouvelle\\\/#breadcrumb\"},\"inLanguage\":\"fr-FR\",\"potentialAction\":[{\"@type\":\"ReadAction\",\"target\":[\"https:\\\/\\\/www.lactissima.com\\\/a-tire-d-ailes\\\/bonne-nouvelle\\\/\"]}]},{\"@type\":\"ImageObject\",\"inLanguage\":\"fr-FR\",\"@id\":\"https:\\\/\\\/www.lactissima.com\\\/a-tire-d-ailes\\\/bonne-nouvelle\\\/#primaryimage\",\"url\":\"https:\\\/\\\/www.lactissima.com\\\/a-tire-d-ailes\\\/wp-content\\\/uploads\\\/ed-du-hetre.jpg\",\"contentUrl\":\"https:\\\/\\\/www.lactissima.com\\\/a-tire-d-ailes\\\/wp-content\\\/uploads\\\/ed-du-hetre.jpg\",\"width\":\"624\",\"height\":\"135\"},{\"@type\":\"BreadcrumbList\",\"@id\":\"https:\\\/\\\/www.lactissima.com\\\/a-tire-d-ailes\\\/bonne-nouvelle\\\/#breadcrumb\",\"itemListElement\":[{\"@type\":\"ListItem\",\"position\":1,\"name\":\"Accueil\",\"item\":\"https:\\\/\\\/www.lactissima.com\\\/a-tire-d-ailes\\\/\"},{\"@type\":\"ListItem\",\"position\":2,\"name\":\"Bonne nouvelle !\"}]},{\"@type\":\"WebSite\",\"@id\":\"https:\\\/\\\/www.lactissima.com\\\/a-tire-d-ailes\\\/#website\",\"url\":\"https:\\\/\\\/www.lactissima.com\\\/a-tire-d-ailes\\\/\",\"name\":\"A tire d&#039;Ailes\",\"description\":\"Le blog des femmes qui allaitent et travaillent.\",\"potentialAction\":[{\"@type\":\"SearchAction\",\"target\":{\"@type\":\"EntryPoint\",\"urlTemplate\":\"https:\\\/\\\/www.lactissima.com\\\/a-tire-d-ailes\\\/?s={search_term_string}\"},\"query-input\":{\"@type\":\"PropertyValueSpecification\",\"valueRequired\":true,\"valueName\":\"search_term_string\"}}],\"inLanguage\":\"fr-FR\"},{\"@type\":\"Person\",\"@id\":\"https:\\\/\\\/www.lactissima.com\\\/a-tire-d-ailes\\\/#\\\/schema\\\/person\\\/8f98d3a89530861bc1240e6d53d44eed\",\"name\":\"V\u00e9ronique Darmangeat\",\"image\":{\"@type\":\"ImageObject\",\"inLanguage\":\"fr-FR\",\"@id\":\"https:\\\/\\\/secure.gravatar.com\\\/avatar\\\/268c99344c89cebfe4f5df5fa8be43068a18884fc76a29f3206fae98465b9cab?s=96&d=identicon&r=g\",\"url\":\"https:\\\/\\\/secure.gravatar.com\\\/avatar\\\/268c99344c89cebfe4f5df5fa8be43068a18884fc76a29f3206fae98465b9cab?s=96&d=identicon&r=g\",\"contentUrl\":\"https:\\\/\\\/secure.gravatar.com\\\/avatar\\\/268c99344c89cebfe4f5df5fa8be43068a18884fc76a29f3206fae98465b9cab?s=96&d=identicon&r=g\",\"caption\":\"V\u00e9ronique Darmangeat\"},\"sameAs\":[\"https:\\\/\\\/www.lactissima.com\\\/a-tire-d-ailes\",\"www.facebook.com\\\/consultante.en.lactation\"]}]}<\/script>\n<!-- \/ Yoast SEO plugin. -->","yoast_head_json":{"title":"Bonne nouvelle !","description":"Je suis heureuse de vous annoncer la sortie au mois d'octobre de mon livre :  Allaiter et reprendre le travail : guide pratique. Il sortira aux \u00e9ditions du H\u00eatre.","robots":{"index":"index","follow":"follow","max-snippet":"max-snippet:-1","max-image-preview":"max-image-preview:large","max-video-preview":"max-video-preview:-1"},"canonical":"https:\/\/www.lactissima.com\/a-tire-d-ailes\/bonne-nouvelle\/","og_locale":"fr_FR","og_type":"article","og_title":"Bonne nouvelle !","og_description":"Je suis heureuse de vous annoncer la sortie au mois d'octobre de mon livre :  Allaiter et reprendre le travail : guide pratique. Il sortira aux \u00e9ditions du H\u00eatre.","og_url":"https:\/\/www.lactissima.com\/a-tire-d-ailes\/bonne-nouvelle\/","og_site_name":"A tire d&#039;Ailes","article_publisher":"https:\/\/www.facebook.com\/consultante.en.lactation","article_author":"www.facebook.com\/consultante.en.lactation","article_published_time":"2010-07-02T13:51:12+00:00","article_modified_time":"2014-04-18T07:34:16+00:00","og_image":[{"width":624,"height":135,"url":"https:\/\/www.lactissima.com\/a-tire-d-ailes\/wp-content\/uploads\/ed-du-hetre.jpg","type":"image\/jpeg"}],"author":"V\u00e9ronique Darmangeat","twitter_card":"summary_large_image","twitter_creator":"@VeroniqueIBCLC","twitter_site":"@VeroniqueIBCLC","twitter_misc":{"\u00c9crit par":"V\u00e9ronique Darmangeat"},"schema":{"@context":"https:\/\/schema.org","@graph":[{"@type":"Article","@id":"https:\/\/www.lactissima.com\/a-tire-d-ailes\/bonne-nouvelle\/#article","isPartOf":{"@id":"https:\/\/www.lactissima.com\/a-tire-d-ailes\/bonne-nouvelle\/"},"author":{"name":"V\u00e9ronique Darmangeat","@id":"https:\/\/www.lactissima.com\/a-tire-d-ailes\/#\/schema\/person\/8f98d3a89530861bc1240e6d53d44eed"},"headline":"Bonne nouvelle !","datePublished":"2010-07-02T13:51:12+00:00","dateModified":"2014-04-18T07:34:16+00:00","mainEntityOfPage":{"@id":"https:\/\/www.lactissima.com\/a-tire-d-ailes\/bonne-nouvelle\/"},"wordCount":97,"commentCount":8,"image":{"@id":"https:\/\/www.lactissima.com\/a-tire-d-ailes\/bonne-nouvelle\/#primaryimage"},"thumbnailUrl":"https:\/\/www.lactissima.com\/a-tire-d-ailes\/wp-content\/uploads\/ed-du-hetre.jpg","keywords":["allaiter et travailler","\u00e9diteur","guide pratique","livre"],"articleSection":["Actualit\u00e9s","Allaitement et Travail","Vie du blog"],"inLanguage":"fr-FR","potentialAction":[{"@type":"CommentAction","name":"Comment","target":["https:\/\/www.lactissima.com\/a-tire-d-ailes\/bonne-nouvelle\/#respond"]}]},{"@type":"WebPage","@id":"https:\/\/www.lactissima.com\/a-tire-d-ailes\/bonne-nouvelle\/","url":"https:\/\/www.lactissima.com\/a-tire-d-ailes\/bonne-nouvelle\/","name":"Bonne nouvelle !","isPartOf":{"@id":"https:\/\/www.lactissima.com\/a-tire-d-ailes\/#website"},"primaryImageOfPage":{"@id":"https:\/\/www.lactissima.com\/a-tire-d-ailes\/bonne-nouvelle\/#primaryimage"},"image":{"@id":"https:\/\/www.lactissima.com\/a-tire-d-ailes\/bonne-nouvelle\/#primaryimage"},"thumbnailUrl":"https:\/\/www.lactissima.com\/a-tire-d-ailes\/wp-content\/uploads\/ed-du-hetre.jpg","datePublished":"2010-07-02T13:51:12+00:00","dateModified":"2014-04-18T07:34:16+00:00","author":{"@id":"https:\/\/www.lactissima.com\/a-tire-d-ailes\/#\/schema\/person\/8f98d3a89530861bc1240e6d53d44eed"},"description":"Je suis heureuse de vous annoncer la sortie au mois d'octobre de mon livre : Allaiter et reprendre le travail : guide pratique. Il sortira aux \u00e9ditions du H\u00eatre.","breadcrumb":{"@id":"https:\/\/www.lactissima.com\/a-tire-d-ailes\/bonne-nouvelle\/#breadcrumb"},"inLanguage":"fr-FR","potentialAction":[{"@type":"ReadAction","target":["https:\/\/www.lactissima.com\/a-tire-d-ailes\/bonne-nouvelle\/"]}]},{"@type":"ImageObject","inLanguage":"fr-FR","@id":"https:\/\/www.lactissima.com\/a-tire-d-ailes\/bonne-nouvelle\/#primaryimage","url":"https:\/\/www.lactissima.com\/a-tire-d-ailes\/wp-content\/uploads\/ed-du-hetre.jpg","contentUrl":"https:\/\/www.lactissima.com\/a-tire-d-ailes\/wp-content\/uploads\/ed-du-hetre.jpg","width":"624","height":"135"},{"@type":"BreadcrumbList","@id":"https:\/\/www.lactissima.com\/a-tire-d-ailes\/bonne-nouvelle\/#breadcrumb","itemListElement":[{"@type":"ListItem","position":1,"name":"Accueil","item":"https:\/\/www.lactissima.com\/a-tire-d-ailes\/"},{"@type":"ListItem","position":2,"name":"Bonne nouvelle !"}]},{"@type":"WebSite","@id":"https:\/\/www.lactissima.com\/a-tire-d-ailes\/#website","url":"https:\/\/www.lactissima.com\/a-tire-d-ailes\/","name":"A tire d&#039;Ailes","description":"Le blog des femmes qui allaitent et travaillent.","potentialAction":[{"@type":"SearchAction","target":{"@type":"EntryPoint","urlTemplate":"https:\/\/www.lactissima.com\/a-tire-d-ailes\/?s={search_term_string}"},"query-input":{"@type":"PropertyValueSpecification","valueRequired":true,"valueName":"search_term_string"}}],"inLanguage":"fr-FR"},{"@type":"Person","@id":"https:\/\/www.lactissima.com\/a-tire-d-ailes\/#\/schema\/person\/8f98d3a89530861bc1240e6d53d44eed","name":"V\u00e9ronique Darmangeat","image":{"@type":"ImageObject","inLanguage":"fr-FR","@id":"https:\/\/secure.gravatar.com\/avatar\/268c99344c89cebfe4f5df5fa8be43068a18884fc76a29f3206fae98465b9cab?s=96&d=identicon&r=g","url":"https:\/\/secure.gravatar.com\/avatar\/268c99344c89cebfe4f5df5fa8be43068a18884fc76a29f3206fae98465b9cab?s=96&d=identicon&r=g","contentUrl":"https:\/\/secure.gravatar.com\/avatar\/268c99344c89cebfe4f5df5fa8be43068a18884fc76a29f3206fae98465b9cab?s=96&d=identicon&r=g","caption":"V\u00e9ronique Darmangeat"},"sameAs":["https:\/\/www.lactissima.com\/a-tire-d-ailes","www.facebook.com\/consultante.en.lactation"]}]}},"_links":{"self":[{"href":"https:\/\/www.lactissima.com\/a-tire-d-ailes\/wp-json\/wp\/v2\/posts\/1488","targetHints":{"allow":["GET"]}}],"collection":[{"href":"https:\/\/www.lactissima.com\/a-tire-d-ailes\/wp-json\/wp\/v2\/posts"}],"about":[{"href":"https:\/\/www.lactissima.com\/a-tire-d-ailes\/wp-json\/wp\/v2\/types\/post"}],"author":[{"embeddable":true,"href":"https:\/\/www.lactissima.com\/a-tire-d-ailes\/wp-json\/wp\/v2\/users\/170"}],"replies":[{"embeddable":true,"href":"https:\/\/www.lactissima.com\/a-tire-d-ailes\/wp-json\/wp\/v2\/comments?post=1488"}],"version-history":[{"count":20,"href":"https:\/\/www.lactissima.com\/a-tire-d-ailes\/wp-json\/wp\/v2\/posts\/1488\/revisions"}],"predecessor-version":[{"id":5715,"href":"https:\/\/www.lactissima.com\/a-tire-d-ailes\/wp-json\/wp\/v2\/posts\/1488\/revisions\/5715"}],"wp:featuredmedia":[{"embeddable":true,"href":"https:\/\/www.lactissima.com\/a-tire-d-ailes\/wp-json\/wp\/v2\/media\/1489"}],"wp:attachment":[{"href":"https:\/\/www.lactissima.com\/a-tire-d-ailes\/wp-json\/wp\/v2\/media?parent=1488"}],"wp:term":[{"taxonomy":"category","embeddable":true,"href":"https:\/\/www.lactissima.com\/a-tire-d-ailes\/wp-json\/wp\/v2\/categories?post=1488"},{"taxonomy":"post_tag","embeddable":true,"href":"https:\/\/www.lactissima.com\/a-tire-d-ailes\/wp-json\/wp\/v2\/tags?post=1488"}],"curies":[{"name":"wp","href":"https:\/\/api.w.org\/{rel}","templated":true}]}}