{"id":1420,"date":"2010-06-11T16:48:41","date_gmt":"2010-06-11T14:48:41","guid":{"rendered":"https:\/\/www.lactissima.com\/a-tire-d-ailes\/?p=1420"},"modified":"2014-03-15T17:03:28","modified_gmt":"2014-03-15T15:03:28","slug":"allaiter-et-travailler-le-temoignage-dagnes","status":"publish","type":"post","link":"https:\/\/www.lactissima.com\/a-tire-d-ailes\/allaiter-et-travailler-le-temoignage-dagnes\/","title":{"rendered":"Allaiter et travailler : le t\u00e9moignage d&rsquo;Agn\u00e8s"},"content":{"rendered":"<ul>\n<li style=\"text-align: justify;\"><strong><em><a href=\"https:\/\/www.lactissima.com\/a-tire-d-ailes\/wp-content\/uploads\/2010\/06\/Agnes.jpg\"><img loading=\"lazy\" decoding=\"async\" class=\"alignright size-full wp-image-4531\" alt=\"Agnes\" src=\"https:\/\/www.lactissima.com\/a-tire-d-ailes\/wp-content\/uploads\/2010\/06\/Agnes.jpg\" width=\"192\" height=\"256\" \/><\/a>Quel choix avez-vous fait au moment de la reprise du travail : sevrage ou poursuite de l&rsquo;allaitement ? Pourquoi ?<\/em><\/strong><\/li>\n<\/ul>\n<p style=\"text-align: justify;\">J&rsquo;ai choisi de continuer d&rsquo;allaiter ma fille. Mais je tiens \u00e0 dire plut\u00f4t \u00ab\u00a0NOUS avons choisi\u00a0\u00bb car ce fut un r\u00e9el projet de couple. L&rsquo;id\u00e9e a fait son chemin, s&rsquo;en tenir \u00e0 la dur\u00e9e du cong\u00e9 maternit\u00e9, si courte, semblait tellement arbitraire !  Pour mon compagnon, c&rsquo;\u00e9tait compl\u00e8tement naturel de ne pas arr\u00eater l&rsquo;allaitement. Je donne du lait  \u00e0 notre fille, pourquoi soudainement arr\u00eater et lui donner de lait de vache nourrie aux antibiotiques,alors que nous mangeons \u00e9quilibr\u00e9, souvent bio ? Il n&rsquo;avait jamais pens\u00e9 qu&rsquo;on arr\u00eaterait \u00e0 la reprise du travail, pour lui c&rsquo;est dans l&rsquo;ordre des choses, simplement et naturellement.<br \/>\nJ&rsquo;ai repris le travail aux 3 mois 1\/2 de ma fille, que c&rsquo;\u00e9tait dur d&rsquo;envisager de la quitter !!<br \/>\nJe me suis beaucoup renseign\u00e9e, j&rsquo;ai beaucoup lu, d\u00e9couvert qu&rsquo;on pouvait tirer son lait, pour le faire donner \u00e0 son b\u00e9b\u00e9. Ainsi est n\u00e9 le projet de reprendre le travail en continuant l&rsquo;allaitement.  Nous avons trouv\u00e9 une nourrice tr\u00e8s maternante et rassurante, et qui acceptait tout \u00e0 fait l&rsquo;id\u00e9e de donner des biberons de mon lait \u00e0 b\u00e9b\u00e9 !!<\/p>\n<ul style=\"text-align: justify;\">\n<li><strong><em>Comment vous \u00eates-vous organis\u00e9e ?<\/em><\/strong><\/li>\n<\/ul>\n<p style=\"text-align: justify;\">L\u00e0 encore mes lectures m&rsquo;ont ouvert des horizons ! J&rsquo;ai d\u00e9couvert qu&rsquo;on pouvait tirer son lait, le congeler, pour ainsi avoir des petits biberons de r\u00e9serve et se d\u00e9tendre ! J&rsquo;ai lou\u00e9 un tire-lait et j&rsquo;ai commenc\u00e9 \u00e0 tirer mon lait chaque matin, tranquillement, apr\u00e8s la 1\u00e8re t\u00e9t\u00e9e. Ainsi j&rsquo;ai constitu\u00e9 de petits stocks que j&rsquo;ai congel\u00e9s. Ca me rassurait d&rsquo;avoir cette cagnotte d&rsquo;or blanc liquide !!<br \/>\nJ&rsquo;ai parl\u00e9 avec me chef de mon projet, afin d&rsquo;\u00eatre un peu plus \u00e0 l&rsquo;aise quand je serai avec mes coll\u00e8gues.<br \/>\nJe vais donc travailler avec mon tire-lait bien rang\u00e9 dans son sac \u00e0 dos glaci\u00e8re, c&rsquo;est une petite organisation qui vaut vraiment le coup !<\/p>\n<ul style=\"text-align: justify;\">\n<li><strong><em>Quelles ont \u00e9t\u00e9 vos principales difficult\u00e9s ?<\/em><\/strong><\/li>\n<\/ul>\n<p style=\"text-align: justify;\">L&rsquo;inqui\u00e9tude, les mauvais conseils de m\u00e9decins qui n&rsquo;y connaissent rien, l&rsquo;entourage sceptique ! Et donc se laisser persuader qu&rsquo;il n&rsquo;y a pas de solution \u00e0 certaines difficult\u00e9s physiques ! J&rsquo;ai eu de gros engorgements, terribles, face auxquels on me conseillait d&rsquo;arr\u00eater ! Idem pour la fatigue ! L\u00e0 encore, de bonnes lectures et de bonnes personnes m&rsquo;ont permis de surmonter ces difficult\u00e9s, et de poursuivre l&rsquo;allaitement, en faisant fi  des id\u00e9es re\u00e7ues.<br \/>\nAu travail, je m&rsquo;aper\u00e7ois que tirer mon lait constitue un bon test de mon \u00e9tat de stress et de fatigue ! Quand l&rsquo;ambiance est tr\u00e8s dure, je ne r\u00e9colte que tr\u00e8s peu de lait ! Je tire 2 fois par jour, ce qui n&rsquo;est pas assez donc chez la nounou ma fille re\u00e7oit un biberon de lait artificiel, bio, que j&rsquo;ai h\u00e2te de remplacer par des fruits !<br \/>\nJ&rsquo;\u00e9tais tr\u00e8s inqui\u00e8te de ne pas \u00eatre disponible au travail, 2 fois 20 minutes (m\u00eame si on a droit \u00e0 1h), j&rsquo;ai donc \u00e9voqu\u00e9 simplement le sujet avec mes coll\u00e8gues, pour mettre tout le monde \u00e0 l&rsquo;aise, les autres et moi-m\u00eame ! Le code c&rsquo;est \u00ab\u00a0je vais \u00e0 la ferme !\u00a0\u00bb. Je rencontre de la bienveillance, m\u00eame si le temps passant je me pr\u00e9pare \u00e0 faire face \u00e0 l&rsquo;ignorance : la plupart des gens pensent que tant que l&rsquo;on continue d&rsquo;allaiter, b\u00e9b\u00e9 n&rsquo;est pas diversifi\u00e9 !<br \/>\nSinon, la fatigue due au rythme de travail est grande, j&rsquo;ai 3h de transports par jour, donc je veille \u00e0 me pr\u00e9server.<\/p>\n<ul style=\"text-align: justify;\">\n<li><strong><em>Quels ont \u00e9t\u00e9 vos meilleurs moments ?<\/em><\/strong><\/li>\n<\/ul>\n<p style=\"text-align: justify;\">Chaque t\u00e9t\u00e9e de retrouvailles le soir ! Et maintenant, ma fille boit son lait en me regardant dans les yeux, avec un large sourire !!<br \/>\nSavoir que son p\u00e8re donne \u00e0 notre fille un biberon de mon lait le matin avant d&rsquo;aller chez sa nounou !<br \/>\nPartir en vadrouille simplement, entre nous, sans mat\u00e9riel \u00e0 trimballer, ni biberon ni boite de lait !<\/p>\n<ul style=\"text-align: justify;\">\n<li><strong><em>Qu&rsquo;est-ce que vous souhaiteriez dire aux mamans qui doivent faire un choix dans les semaines \u00e0 venir ?<\/em><\/strong><\/li>\n<\/ul>\n<p style=\"text-align: justify;\">Que c&rsquo;est merveilleux de poursuivre son allaitement ! Allaitement \u00e0 volont\u00e9 les jours de repos, et allaitement le matin et le soir les jours de travail, un parfait \u00e9quilibre !<\/p>\n<p style=\"text-align: justify;\">J&rsquo;insisterais sur le repos, la n\u00e9cessit\u00e9 de se prot\u00e9ger de toute  agression ambiante, faire de bonnes lectures car personne ne nous encourage dans l&rsquo;entourage ! Surtout, se prot\u00e9ger des remarques ext\u00e9rieures !<br \/>\nEnfin, contacter une conseill\u00e8re en lactation et la Leche League m&rsquo;ont \u00e9norm\u00e9ment apport\u00e9, en r\u00e9confort, conseils et humour !<\/p>\n<ul style=\"text-align: justify;\">\n<li><strong><em>Ce serait \u00e0 refaire, vous referiez le m\u00eame choix ? Que changeriez-vous ?<\/em><\/strong><\/li>\n<\/ul>\n<p style=\"text-align: justify;\">Je referais de m\u00eame, quel bonheur de donner du lait appropri\u00e9 \u00e0 notre fille ! En 6 mois, jamais malade ! Quelle relation merveilleuse ! Car l&rsquo;allaitement, c&rsquo;est nourrir, r\u00e9conforter, c\u00e2liner, calmer, endormir ! Et  que c&rsquo;est pratique : rien \u00e0 pr\u00e9parer, toujours du lait sur soi !<\/p>\n<p style=\"text-align: justify;\"><strong>Articles en rapport :<\/strong><\/p>\n<ul>\n<li style=\"text-align: justify;\"><a href=\"https:\/\/www.lactissima.com\/a-tire-d-ailes\/?p=1333\">Allaiter et travailler : le t\u00e9moignage d&rsquo;une lectrice<\/a><\/li>\n<li style=\"text-align: justify;\"><a href=\"https:\/\/www.lactissima.com\/a-tire-d-ailes\/?p=1169\">Allaiter et travailler : le t\u00e9moignage de Karine<\/a><\/li>\n<li style=\"text-align: justify;\"><a href=\"https:\/\/www.lactissima.com\/a-tire-d-ailes\/?p=1011\">Allaiter et travailler : le t\u00e9moignage de Sylvie<\/a><\/li>\n<li style=\"text-align: justify;\"><a href=\"https:\/\/www.lactissima.com\/a-tire-d-ailes\/?p=903\">Allaiter et travailler : le t\u00e9moignage de Marianne<\/a><\/li>\n<li style=\"text-align: justify;\"><a href=\"https:\/\/www.lactissima.com\/a-tire-d-ailes\/?p=885\">Allaiter et travailler : le t\u00e9moignage de Sabine<\/a><\/li>\n<li style=\"text-align: justify;\"><a href=\"https:\/\/www.lactissima.com\/a-tire-d-ailes\/?p=873\">Allaiter et travailler : le t\u00e9moignage de C\u00e9cile<\/a><\/li>\n<li style=\"text-align: justify;\"><a href=\"https:\/\/www.lactissima.com\/a-tire-d-ailes\/?p=782\">Allaiter et travailler : le t\u00e9moignage de Sophie<\/a><\/li>\n<li style=\"text-align: justify;\"><a href=\"https:\/\/www.lactissima.com\/a-tire-d-ailes\/?p=778\">Allaiter et travailler : le t\u00e9moignage d&rsquo;Alexia<\/a><\/li>\n<li style=\"text-align: justify;\"><a href=\"https:\/\/www.lactissima.com\/a-tire-d-ailes\/?p=730\">Allaiter et travailler : le t\u00e9moignage de Sibylle<\/a><\/li>\n<li style=\"text-align: justify;\"><a href=\"https:\/\/www.lactissima.com\/a-tire-d-ailes\/?p=715\">Allaiter et travailler : le t\u00e9moignage de Clara<\/a><\/li>\n<li style=\"text-align: justify;\"><a href=\"https:\/\/www.lactissima.com\/a-tire-d-ailes\/?p=648\">Allaiter et travailler : le t\u00e9moignage de Florence<\/a><\/li>\n<li style=\"text-align: justify;\"><a href=\"https:\/\/www.lactissima.com\/a-tire-d-ailes\/?p=735\">Allaiter et travailler : le t\u00e9moignage de Virginie<\/a><\/li>\n<li style=\"text-align: justify;\"><a href=\"https:\/\/www.lactissima.com\/a-tire-d-ailes\/?p=771\">Allaiter et travailler : le t\u00e9moignage de B\u00e9atrice<\/a><\/li>\n<\/ul>\n<p>&nbsp;<\/p>\n","protected":false},"excerpt":{"rendered":"<p>Je referais de m\u00eame, quel bonheur de donner du lait appropri\u00e9 \u00e0 notre fille ! En 6 mois, jamais malade ! Quelle relation merveilleuse ! Car l&rsquo;allaitement, c&rsquo;est nourrir, r\u00e9conforter, c\u00e2liner, calmer, endormir ! Et  que c&rsquo;est pratique : rien \u00e0 pr\u00e9parer, toujours du lait sur soi !<\/p>\n","protected":false},"author":170,"featured_media":4531,"comment_status":"open","ping_status":"open","sticky":false,"template":"","format":"standard","meta":{"_et_pb_use_builder":"","_et_pb_old_content":"","_et_gb_content_width":"","footnotes":""},"categories":[35,36,150],"tags":[187,213,72],"class_list":["post-1420","post","type-post","status-publish","format-standard","has-post-thumbnail","hentry","category-allaitement","category-allaitement-et-travail","category-temoignages","tag-allaiter-et-travailler","tag-biberons","tag-tirer-son-lait"],"yoast_head":"<!-- This site is optimized with the Yoast SEO plugin v27.4 - https:\/\/yoast.com\/product\/yoast-seo-wordpress\/ -->\n<title>Allaiter et travailler : le t\u00e9moignage d&#039;Agn\u00e8s<\/title>\n<meta name=\"description\" content=\"Je referais de m\u00eame, quel bonheur de donner du lait appropri\u00e9 \u00e0 notre fille ! En 6 mois, jamais malade ! Quelle relation merveilleuse ! Car l&#039;allaitement, c&#039;est nourrir, r\u00e9conforter, c\u00e2liner, calmer, endormir ! Et que c&#039;est pratique : rien \u00e0 pr\u00e9parer, toujours du lait sur soi !\" \/>\n<meta name=\"robots\" content=\"index, follow, max-snippet:-1, max-image-preview:large, max-video-preview:-1\" \/>\n<link rel=\"canonical\" href=\"https:\/\/www.lactissima.com\/a-tire-d-ailes\/allaiter-et-travailler-le-temoignage-dagnes\/\" \/>\n<meta property=\"og:locale\" content=\"fr_FR\" \/>\n<meta property=\"og:type\" content=\"article\" \/>\n<meta property=\"og:title\" content=\"Allaiter et travailler : le t\u00e9moignage d&#039;Agn\u00e8s\" \/>\n<meta property=\"og:description\" content=\"Je referais de m\u00eame, quel bonheur de donner du lait appropri\u00e9 \u00e0 notre fille ! En 6 mois, jamais malade ! Quelle relation merveilleuse ! Car l&#039;allaitement, c&#039;est nourrir, r\u00e9conforter, c\u00e2liner, calmer, endormir ! Et que c&#039;est pratique : rien \u00e0 pr\u00e9parer, toujours du lait sur soi !\" \/>\n<meta property=\"og:url\" content=\"https:\/\/www.lactissima.com\/a-tire-d-ailes\/allaiter-et-travailler-le-temoignage-dagnes\/\" \/>\n<meta property=\"og:site_name\" content=\"A tire d&#039;Ailes\" \/>\n<meta property=\"article:publisher\" content=\"https:\/\/www.facebook.com\/consultante.en.lactation\" \/>\n<meta property=\"article:author\" content=\"www.facebook.com\/consultante.en.lactation\" \/>\n<meta property=\"article:published_time\" content=\"2010-06-11T14:48:41+00:00\" \/>\n<meta property=\"article:modified_time\" content=\"2014-03-15T15:03:28+00:00\" \/>\n<meta property=\"og:image\" content=\"https:\/\/www.lactissima.com\/a-tire-d-ailes\/wp-content\/uploads\/2010\/06\/Agnes.jpg\" \/>\n\t<meta property=\"og:image:width\" content=\"192\" \/>\n\t<meta property=\"og:image:height\" content=\"256\" \/>\n\t<meta property=\"og:image:type\" content=\"image\/jpeg\" \/>\n<meta name=\"author\" content=\"V\u00e9ronique Darmangeat\" \/>\n<meta name=\"twitter:card\" content=\"summary_large_image\" \/>\n<meta name=\"twitter:creator\" content=\"@VeroniqueIBCLC\" \/>\n<meta name=\"twitter:site\" content=\"@VeroniqueIBCLC\" \/>\n<meta name=\"twitter:label1\" content=\"\u00c9crit par\" \/>\n\t<meta name=\"twitter:data1\" content=\"V\u00e9ronique Darmangeat\" \/>\n\t<meta name=\"twitter:label2\" content=\"Dur\u00e9e de lecture estim\u00e9e\" \/>\n\t<meta name=\"twitter:data2\" content=\"5 minutes\" \/>\n<script type=\"application\/ld+json\" class=\"yoast-schema-graph\">{\"@context\":\"https:\\\/\\\/schema.org\",\"@graph\":[{\"@type\":\"Article\",\"@id\":\"https:\\\/\\\/www.lactissima.com\\\/a-tire-d-ailes\\\/allaiter-et-travailler-le-temoignage-dagnes\\\/#article\",\"isPartOf\":{\"@id\":\"https:\\\/\\\/www.lactissima.com\\\/a-tire-d-ailes\\\/allaiter-et-travailler-le-temoignage-dagnes\\\/\"},\"author\":{\"name\":\"V\u00e9ronique Darmangeat\",\"@id\":\"https:\\\/\\\/www.lactissima.com\\\/a-tire-d-ailes\\\/#\\\/schema\\\/person\\\/8f98d3a89530861bc1240e6d53d44eed\"},\"headline\":\"Allaiter et travailler : le t\u00e9moignage d&rsquo;Agn\u00e8s\",\"datePublished\":\"2010-06-11T14:48:41+00:00\",\"dateModified\":\"2014-03-15T15:03:28+00:00\",\"mainEntityOfPage\":{\"@id\":\"https:\\\/\\\/www.lactissima.com\\\/a-tire-d-ailes\\\/allaiter-et-travailler-le-temoignage-dagnes\\\/\"},\"wordCount\":976,\"commentCount\":2,\"image\":{\"@id\":\"https:\\\/\\\/www.lactissima.com\\\/a-tire-d-ailes\\\/allaiter-et-travailler-le-temoignage-dagnes\\\/#primaryimage\"},\"thumbnailUrl\":\"https:\\\/\\\/www.lactissima.com\\\/a-tire-d-ailes\\\/wp-content\\\/uploads\\\/2010\\\/06\\\/Agnes.jpg\",\"keywords\":[\"allaiter et travailler\",\"biberons\",\"tirer son lait\"],\"articleSection\":[\"Allaitement\",\"Allaitement et Travail\",\"t\u00e9moignages\"],\"inLanguage\":\"fr-FR\",\"potentialAction\":[{\"@type\":\"CommentAction\",\"name\":\"Comment\",\"target\":[\"https:\\\/\\\/www.lactissima.com\\\/a-tire-d-ailes\\\/allaiter-et-travailler-le-temoignage-dagnes\\\/#respond\"]}]},{\"@type\":\"WebPage\",\"@id\":\"https:\\\/\\\/www.lactissima.com\\\/a-tire-d-ailes\\\/allaiter-et-travailler-le-temoignage-dagnes\\\/\",\"url\":\"https:\\\/\\\/www.lactissima.com\\\/a-tire-d-ailes\\\/allaiter-et-travailler-le-temoignage-dagnes\\\/\",\"name\":\"Allaiter et travailler : le t\u00e9moignage d'Agn\u00e8s\",\"isPartOf\":{\"@id\":\"https:\\\/\\\/www.lactissima.com\\\/a-tire-d-ailes\\\/#website\"},\"primaryImageOfPage\":{\"@id\":\"https:\\\/\\\/www.lactissima.com\\\/a-tire-d-ailes\\\/allaiter-et-travailler-le-temoignage-dagnes\\\/#primaryimage\"},\"image\":{\"@id\":\"https:\\\/\\\/www.lactissima.com\\\/a-tire-d-ailes\\\/allaiter-et-travailler-le-temoignage-dagnes\\\/#primaryimage\"},\"thumbnailUrl\":\"https:\\\/\\\/www.lactissima.com\\\/a-tire-d-ailes\\\/wp-content\\\/uploads\\\/2010\\\/06\\\/Agnes.jpg\",\"datePublished\":\"2010-06-11T14:48:41+00:00\",\"dateModified\":\"2014-03-15T15:03:28+00:00\",\"author\":{\"@id\":\"https:\\\/\\\/www.lactissima.com\\\/a-tire-d-ailes\\\/#\\\/schema\\\/person\\\/8f98d3a89530861bc1240e6d53d44eed\"},\"description\":\"Je referais de m\u00eame, quel bonheur de donner du lait appropri\u00e9 \u00e0 notre fille ! En 6 mois, jamais malade ! Quelle relation merveilleuse ! Car l'allaitement, c'est nourrir, r\u00e9conforter, c\u00e2liner, calmer, endormir ! Et que c'est pratique : rien \u00e0 pr\u00e9parer, toujours du lait sur soi !\",\"breadcrumb\":{\"@id\":\"https:\\\/\\\/www.lactissima.com\\\/a-tire-d-ailes\\\/allaiter-et-travailler-le-temoignage-dagnes\\\/#breadcrumb\"},\"inLanguage\":\"fr-FR\",\"potentialAction\":[{\"@type\":\"ReadAction\",\"target\":[\"https:\\\/\\\/www.lactissima.com\\\/a-tire-d-ailes\\\/allaiter-et-travailler-le-temoignage-dagnes\\\/\"]}]},{\"@type\":\"ImageObject\",\"inLanguage\":\"fr-FR\",\"@id\":\"https:\\\/\\\/www.lactissima.com\\\/a-tire-d-ailes\\\/allaiter-et-travailler-le-temoignage-dagnes\\\/#primaryimage\",\"url\":\"https:\\\/\\\/www.lactissima.com\\\/a-tire-d-ailes\\\/wp-content\\\/uploads\\\/2010\\\/06\\\/Agnes.jpg\",\"contentUrl\":\"https:\\\/\\\/www.lactissima.com\\\/a-tire-d-ailes\\\/wp-content\\\/uploads\\\/2010\\\/06\\\/Agnes.jpg\",\"width\":192,\"height\":256},{\"@type\":\"BreadcrumbList\",\"@id\":\"https:\\\/\\\/www.lactissima.com\\\/a-tire-d-ailes\\\/allaiter-et-travailler-le-temoignage-dagnes\\\/#breadcrumb\",\"itemListElement\":[{\"@type\":\"ListItem\",\"position\":1,\"name\":\"Accueil\",\"item\":\"https:\\\/\\\/www.lactissima.com\\\/a-tire-d-ailes\\\/\"},{\"@type\":\"ListItem\",\"position\":2,\"name\":\"Allaiter et travailler : le t\u00e9moignage d&rsquo;Agn\u00e8s\"}]},{\"@type\":\"WebSite\",\"@id\":\"https:\\\/\\\/www.lactissima.com\\\/a-tire-d-ailes\\\/#website\",\"url\":\"https:\\\/\\\/www.lactissima.com\\\/a-tire-d-ailes\\\/\",\"name\":\"A tire d&#039;Ailes\",\"description\":\"Le blog des femmes qui allaitent et travaillent.\",\"potentialAction\":[{\"@type\":\"SearchAction\",\"target\":{\"@type\":\"EntryPoint\",\"urlTemplate\":\"https:\\\/\\\/www.lactissima.com\\\/a-tire-d-ailes\\\/?s={search_term_string}\"},\"query-input\":{\"@type\":\"PropertyValueSpecification\",\"valueRequired\":true,\"valueName\":\"search_term_string\"}}],\"inLanguage\":\"fr-FR\"},{\"@type\":\"Person\",\"@id\":\"https:\\\/\\\/www.lactissima.com\\\/a-tire-d-ailes\\\/#\\\/schema\\\/person\\\/8f98d3a89530861bc1240e6d53d44eed\",\"name\":\"V\u00e9ronique Darmangeat\",\"image\":{\"@type\":\"ImageObject\",\"inLanguage\":\"fr-FR\",\"@id\":\"https:\\\/\\\/secure.gravatar.com\\\/avatar\\\/268c99344c89cebfe4f5df5fa8be43068a18884fc76a29f3206fae98465b9cab?s=96&d=identicon&r=g\",\"url\":\"https:\\\/\\\/secure.gravatar.com\\\/avatar\\\/268c99344c89cebfe4f5df5fa8be43068a18884fc76a29f3206fae98465b9cab?s=96&d=identicon&r=g\",\"contentUrl\":\"https:\\\/\\\/secure.gravatar.com\\\/avatar\\\/268c99344c89cebfe4f5df5fa8be43068a18884fc76a29f3206fae98465b9cab?s=96&d=identicon&r=g\",\"caption\":\"V\u00e9ronique Darmangeat\"},\"sameAs\":[\"https:\\\/\\\/www.lactissima.com\\\/a-tire-d-ailes\",\"www.facebook.com\\\/consultante.en.lactation\"]}]}<\/script>\n<!-- \/ Yoast SEO plugin. -->","yoast_head_json":{"title":"Allaiter et travailler : le t\u00e9moignage d'Agn\u00e8s","description":"Je referais de m\u00eame, quel bonheur de donner du lait appropri\u00e9 \u00e0 notre fille ! En 6 mois, jamais malade ! Quelle relation merveilleuse ! Car l'allaitement, c'est nourrir, r\u00e9conforter, c\u00e2liner, calmer, endormir ! Et que c'est pratique : rien \u00e0 pr\u00e9parer, toujours du lait sur soi !","robots":{"index":"index","follow":"follow","max-snippet":"max-snippet:-1","max-image-preview":"max-image-preview:large","max-video-preview":"max-video-preview:-1"},"canonical":"https:\/\/www.lactissima.com\/a-tire-d-ailes\/allaiter-et-travailler-le-temoignage-dagnes\/","og_locale":"fr_FR","og_type":"article","og_title":"Allaiter et travailler : le t\u00e9moignage d'Agn\u00e8s","og_description":"Je referais de m\u00eame, quel bonheur de donner du lait appropri\u00e9 \u00e0 notre fille ! En 6 mois, jamais malade ! Quelle relation merveilleuse ! Car l'allaitement, c'est nourrir, r\u00e9conforter, c\u00e2liner, calmer, endormir ! Et que c'est pratique : rien \u00e0 pr\u00e9parer, toujours du lait sur soi !","og_url":"https:\/\/www.lactissima.com\/a-tire-d-ailes\/allaiter-et-travailler-le-temoignage-dagnes\/","og_site_name":"A tire d&#039;Ailes","article_publisher":"https:\/\/www.facebook.com\/consultante.en.lactation","article_author":"www.facebook.com\/consultante.en.lactation","article_published_time":"2010-06-11T14:48:41+00:00","article_modified_time":"2014-03-15T15:03:28+00:00","og_image":[{"width":192,"height":256,"url":"https:\/\/www.lactissima.com\/a-tire-d-ailes\/wp-content\/uploads\/2010\/06\/Agnes.jpg","type":"image\/jpeg"}],"author":"V\u00e9ronique Darmangeat","twitter_card":"summary_large_image","twitter_creator":"@VeroniqueIBCLC","twitter_site":"@VeroniqueIBCLC","twitter_misc":{"\u00c9crit par":"V\u00e9ronique Darmangeat","Dur\u00e9e de lecture estim\u00e9e":"5 minutes"},"schema":{"@context":"https:\/\/schema.org","@graph":[{"@type":"Article","@id":"https:\/\/www.lactissima.com\/a-tire-d-ailes\/allaiter-et-travailler-le-temoignage-dagnes\/#article","isPartOf":{"@id":"https:\/\/www.lactissima.com\/a-tire-d-ailes\/allaiter-et-travailler-le-temoignage-dagnes\/"},"author":{"name":"V\u00e9ronique Darmangeat","@id":"https:\/\/www.lactissima.com\/a-tire-d-ailes\/#\/schema\/person\/8f98d3a89530861bc1240e6d53d44eed"},"headline":"Allaiter et travailler : le t\u00e9moignage d&rsquo;Agn\u00e8s","datePublished":"2010-06-11T14:48:41+00:00","dateModified":"2014-03-15T15:03:28+00:00","mainEntityOfPage":{"@id":"https:\/\/www.lactissima.com\/a-tire-d-ailes\/allaiter-et-travailler-le-temoignage-dagnes\/"},"wordCount":976,"commentCount":2,"image":{"@id":"https:\/\/www.lactissima.com\/a-tire-d-ailes\/allaiter-et-travailler-le-temoignage-dagnes\/#primaryimage"},"thumbnailUrl":"https:\/\/www.lactissima.com\/a-tire-d-ailes\/wp-content\/uploads\/2010\/06\/Agnes.jpg","keywords":["allaiter et travailler","biberons","tirer son lait"],"articleSection":["Allaitement","Allaitement et Travail","t\u00e9moignages"],"inLanguage":"fr-FR","potentialAction":[{"@type":"CommentAction","name":"Comment","target":["https:\/\/www.lactissima.com\/a-tire-d-ailes\/allaiter-et-travailler-le-temoignage-dagnes\/#respond"]}]},{"@type":"WebPage","@id":"https:\/\/www.lactissima.com\/a-tire-d-ailes\/allaiter-et-travailler-le-temoignage-dagnes\/","url":"https:\/\/www.lactissima.com\/a-tire-d-ailes\/allaiter-et-travailler-le-temoignage-dagnes\/","name":"Allaiter et travailler : le t\u00e9moignage d'Agn\u00e8s","isPartOf":{"@id":"https:\/\/www.lactissima.com\/a-tire-d-ailes\/#website"},"primaryImageOfPage":{"@id":"https:\/\/www.lactissima.com\/a-tire-d-ailes\/allaiter-et-travailler-le-temoignage-dagnes\/#primaryimage"},"image":{"@id":"https:\/\/www.lactissima.com\/a-tire-d-ailes\/allaiter-et-travailler-le-temoignage-dagnes\/#primaryimage"},"thumbnailUrl":"https:\/\/www.lactissima.com\/a-tire-d-ailes\/wp-content\/uploads\/2010\/06\/Agnes.jpg","datePublished":"2010-06-11T14:48:41+00:00","dateModified":"2014-03-15T15:03:28+00:00","author":{"@id":"https:\/\/www.lactissima.com\/a-tire-d-ailes\/#\/schema\/person\/8f98d3a89530861bc1240e6d53d44eed"},"description":"Je referais de m\u00eame, quel bonheur de donner du lait appropri\u00e9 \u00e0 notre fille ! En 6 mois, jamais malade ! Quelle relation merveilleuse ! Car l'allaitement, c'est nourrir, r\u00e9conforter, c\u00e2liner, calmer, endormir ! Et que c'est pratique : rien \u00e0 pr\u00e9parer, toujours du lait sur soi !","breadcrumb":{"@id":"https:\/\/www.lactissima.com\/a-tire-d-ailes\/allaiter-et-travailler-le-temoignage-dagnes\/#breadcrumb"},"inLanguage":"fr-FR","potentialAction":[{"@type":"ReadAction","target":["https:\/\/www.lactissima.com\/a-tire-d-ailes\/allaiter-et-travailler-le-temoignage-dagnes\/"]}]},{"@type":"ImageObject","inLanguage":"fr-FR","@id":"https:\/\/www.lactissima.com\/a-tire-d-ailes\/allaiter-et-travailler-le-temoignage-dagnes\/#primaryimage","url":"https:\/\/www.lactissima.com\/a-tire-d-ailes\/wp-content\/uploads\/2010\/06\/Agnes.jpg","contentUrl":"https:\/\/www.lactissima.com\/a-tire-d-ailes\/wp-content\/uploads\/2010\/06\/Agnes.jpg","width":192,"height":256},{"@type":"BreadcrumbList","@id":"https:\/\/www.lactissima.com\/a-tire-d-ailes\/allaiter-et-travailler-le-temoignage-dagnes\/#breadcrumb","itemListElement":[{"@type":"ListItem","position":1,"name":"Accueil","item":"https:\/\/www.lactissima.com\/a-tire-d-ailes\/"},{"@type":"ListItem","position":2,"name":"Allaiter et travailler : le t\u00e9moignage d&rsquo;Agn\u00e8s"}]},{"@type":"WebSite","@id":"https:\/\/www.lactissima.com\/a-tire-d-ailes\/#website","url":"https:\/\/www.lactissima.com\/a-tire-d-ailes\/","name":"A tire d&#039;Ailes","description":"Le blog des femmes qui allaitent et travaillent.","potentialAction":[{"@type":"SearchAction","target":{"@type":"EntryPoint","urlTemplate":"https:\/\/www.lactissima.com\/a-tire-d-ailes\/?s={search_term_string}"},"query-input":{"@type":"PropertyValueSpecification","valueRequired":true,"valueName":"search_term_string"}}],"inLanguage":"fr-FR"},{"@type":"Person","@id":"https:\/\/www.lactissima.com\/a-tire-d-ailes\/#\/schema\/person\/8f98d3a89530861bc1240e6d53d44eed","name":"V\u00e9ronique Darmangeat","image":{"@type":"ImageObject","inLanguage":"fr-FR","@id":"https:\/\/secure.gravatar.com\/avatar\/268c99344c89cebfe4f5df5fa8be43068a18884fc76a29f3206fae98465b9cab?s=96&d=identicon&r=g","url":"https:\/\/secure.gravatar.com\/avatar\/268c99344c89cebfe4f5df5fa8be43068a18884fc76a29f3206fae98465b9cab?s=96&d=identicon&r=g","contentUrl":"https:\/\/secure.gravatar.com\/avatar\/268c99344c89cebfe4f5df5fa8be43068a18884fc76a29f3206fae98465b9cab?s=96&d=identicon&r=g","caption":"V\u00e9ronique Darmangeat"},"sameAs":["https:\/\/www.lactissima.com\/a-tire-d-ailes","www.facebook.com\/consultante.en.lactation"]}]}},"_links":{"self":[{"href":"https:\/\/www.lactissima.com\/a-tire-d-ailes\/wp-json\/wp\/v2\/posts\/1420","targetHints":{"allow":["GET"]}}],"collection":[{"href":"https:\/\/www.lactissima.com\/a-tire-d-ailes\/wp-json\/wp\/v2\/posts"}],"about":[{"href":"https:\/\/www.lactissima.com\/a-tire-d-ailes\/wp-json\/wp\/v2\/types\/post"}],"author":[{"embeddable":true,"href":"https:\/\/www.lactissima.com\/a-tire-d-ailes\/wp-json\/wp\/v2\/users\/170"}],"replies":[{"embeddable":true,"href":"https:\/\/www.lactissima.com\/a-tire-d-ailes\/wp-json\/wp\/v2\/comments?post=1420"}],"version-history":[{"count":18,"href":"https:\/\/www.lactissima.com\/a-tire-d-ailes\/wp-json\/wp\/v2\/posts\/1420\/revisions"}],"predecessor-version":[{"id":5469,"href":"https:\/\/www.lactissima.com\/a-tire-d-ailes\/wp-json\/wp\/v2\/posts\/1420\/revisions\/5469"}],"wp:featuredmedia":[{"embeddable":true,"href":"https:\/\/www.lactissima.com\/a-tire-d-ailes\/wp-json\/wp\/v2\/media\/4531"}],"wp:attachment":[{"href":"https:\/\/www.lactissima.com\/a-tire-d-ailes\/wp-json\/wp\/v2\/media?parent=1420"}],"wp:term":[{"taxonomy":"category","embeddable":true,"href":"https:\/\/www.lactissima.com\/a-tire-d-ailes\/wp-json\/wp\/v2\/categories?post=1420"},{"taxonomy":"post_tag","embeddable":true,"href":"https:\/\/www.lactissima.com\/a-tire-d-ailes\/wp-json\/wp\/v2\/tags?post=1420"}],"curies":[{"name":"wp","href":"https:\/\/api.w.org\/{rel}","templated":true}]}}